{"id":26581,"date":"2026-08-31T10:02:49","date_gmt":"2026-08-31T08:02:49","guid":{"rendered":"https:\/\/kunmedierne.dk\/thy\/?p=26581"},"modified":"2026-08-31T10:02:49","modified_gmt":"2026-08-31T08:02:49","slug":"festival-saetter-ord-paa-landdistrikternes-udfordringer","status":"publish","type":"post","link":"https:\/\/kunmedierne.dk\/thy\/festival-saetter-ord-paa-landdistrikternes-udfordringer\/","title":{"rendered":"Festival s\u00e6tter ord p\u00e5 landdistrikternes udfordringer"},"content":{"rendered":"<p><strong>\u00d8STERILD:<\/strong> &#8211; Vi h\u00e5ber, at samtalen forts\u00e6tter, n\u00e5r festivalen er slut p\u00e5 l\u00f8rdag.<\/p>\n<p>Det siger Frank Koldsgaard fra st\u00f8tteforeningen Hann\u00e6s-\u00d8sterild. Foreningen st\u00e5r sammen med Familielandbruget bag Landdistriktsfestivel \u00d8sterild 2026, som finder sted i \u00d8sterild\u00a0 4. og 5. september.<\/p>\n<a class=\"dvrt-link\" onClick=\"cdmtrack_click(1130,jQuery(this));return false\" href=\"https:\/\/www.thistedforsikring.dk\/?utm_source=partnerskaber&amp;utm_campaign=kun_thy\"><img decoding=\"async\" style=\"width:100%;\" src=\"https:\/\/kunmedierne.dk\/thy\/wp-content\/uploads\/sites\/2\/2025\/04\/260409KunThyThisted-For-1.png\"><\/a><script>cdmtrack_view(1130);<\/script>\n<p>Men mange udstillinger af b\u00e5de maskiner, dyr og med information om forhold med relevans for livet p\u00e5 landet vil festivalen, hvor \u00e5bningsdagen 4. september blandt andet bruges til en markering af 130-\u00e5rs jubil\u00e6et for stiftelsen af landets f\u00f8rste husmandsforening &#8211; det var i Klim &#8211; satser festivalen l\u00f8rdag p\u00e5, at s\u00e6tte ord p\u00e5 en r\u00e6kke af de udfordringer og problemstillinger, der er en del af dagligdagen for livet p\u00e5 landet lige nu.<\/p>\n<p>&#8211; Uanset om vi ser tingene fra \u00d8sterild, Fyn, Vestjylland eller Falster, ser vi de samme grundproblemer for landdistrikterne. Tror vi , det kan \u00e6ndres, m\u00e5 vi s\u00e6tte ord p\u00e5 og fort\u00e6lle hvordan, forklarer Frank Koldsgaard, om baggrunden for, at en stor del af l\u00f8rdag 5. september er afsat til samtaler om livet p\u00e5 landet. Sidel\u00f8bende med, at de \u00f8vrige aktiviteter kan udfolde sig p\u00e5 festivalpladsen, hvor der i weekenden blev sat af til de stande, hvor udstillinger og andre aktiviteter skal udfolde sig.<\/p>\n<p>Samtalerne behandler emner med betydning for livet p\u00e5 landet. Hver samtale tager afs\u00e6t i et emne, og samtalepartnerne har hver deres tilgang til den problemstilling, der tales om. Og publikum er velkommen til at deltage i samtalen, der for hvert emne er planlagt til at vare cirka tre kvarter.<\/p>\n<a class=\"dvrt-link\" onClick=\"cdmtrack_click(19676,jQuery(this));return false\" href=\"https:\/\/www.jyskebank.dk\/kontakt\/afdelingsinfo?departmentid=11880\"><img decoding=\"async\" style=\"width:100%;\" src=\"https:\/\/kunmedierne.dk\/thy\/wp-content\/uploads\/sites\/2\/2026\/03\/260325JyskebankThyNy-1.jpg\"><\/a><script>cdmtrack_view(19676);<\/script>\n<p>&#8211; Formen er valgt for at f\u00e5 folk i tale og for skabe n\u00e6rhed om samtalen, men ogs\u00e5 for at vise, at vi hver is\u00e6r kan stor med en lille brik af en st\u00f8rre problemstilling, som er f\u00e6lles for mange, forklarer Frank Koldsgaard.<\/p>\n<p>Og f\u00e6lles forst\u00e5else for problemstillinger kan skabe \u00f8get sammenh\u00e6ngskraft. Her mellem forskellige landdistrikter rundt om i landet.<\/p>\n<p>&#8211; Landdistrikter er forskellige, og det samme er deres potentialer, men de overordnede problemstillinger, de er oppe mod, er f\u00e6lles. Det h\u00e5ber vi, at samtalerne kan s\u00e6tte ord p\u00e5, n\u00e5r de forh\u00e5bentlig forts\u00e6tter efter festivalen, siger Frank Koldsgaard.<\/p>\n<p>Emnerne for samtalerne er forskellige. Et af dem har overskriften &#8220;Ung p\u00e5 landet \u2013 hvorfor blive, og hvorfor flytte&#8221;. I den samtale medvirker Henrik Olsson Dalum, formand for 4H Danmark, Mads Bjerreg\u00e5rd, ung landmand og ejer af N\u00f8rgaard Charolais samt Mathilde Raaby Jensen og Hannah Thisted Svaneborg, som begge er elever p\u00e5 Hann\u00e6s \u00d8sterild.<\/p>\n<a class=\"dvrt-link\" onClick=\"cdmtrack_click(683,jQuery(this));return false\" href=\"https:\/\/vester-begr.dk\/?utm_source=google&amp;utm_medium=advative&amp;gad_source=1&amp;gclid=Cj0KCQjwtJ6_BhDWARIsAGanmKfl-hGVVjCYiOgSKoGoxrow4kvXybZsnruKJYTslvqZDywT6a9PCQwaAmBjEALw_wcB\"><img decoding=\"async\" style=\"width:100%;\" src=\"https:\/\/kunmedierne.dk\/thy\/wp-content\/uploads\/sites\/2\/2025\/03\/260203VesterHoukaer-02022026.jpg\"><\/a><script>cdmtrack_view(683);<\/script>\n<p>En anden samtale tager afs\u00e6tning i en aktuel problemstilling, skolelukninger, og har overskriften: &#8220;Hvis skolen lukker \u2013 hvad sker der s\u00e5 med landsbyen?&#8221;. Her deltager Berno Jacobsen, forfatter og tidligere skoleleder p\u00e5 T\u00f8mmerby Skole, Hans Henrik Thrane, skoleleder ved Hann\u00e6s \u00d8sterild Skole samt Nicoline Kjeldtoft, sekret\u00e6r for bestyrelsen ved Vejlerens Natur Friskole.<\/p>\n<p>P\u00e5 programmet er ogs\u00e5 en samtale med overskriften &#8220;Hvad skal der til for at skabe et levende lokalsamfund?&#8221;. Her medvirker Anders Lynge Kj\u00e6r, Familielandbruget, Frank Koldsgaard, borgerrepr\u00e6sentant samt Dorrit Maibom Kj\u00e6rgaard, formand for Thisted Kommunes Landdistriktsudvalg. Den samtale skal samle tr\u00e5dene om det gode liv p\u00e5 landet og fors\u00f8ge af afd\u00e6kke, hvad der skal til for at skabe et levende lokalsamfund og hvem der har ansvaret for at g\u00f8re det.<\/p>\n<p>Eftermiddagens \u00f8vrige samtaler s\u00e6tter ord p\u00e5 Samtalen tager fat p\u00e5 den gr\u00f8nne omstilling og p\u00e5, hvordan vi skal forst\u00e5 CO\u2082-udledningen, og s\u00e5 vil en samtale om de nye vurderinger af landbrugs- og skovejendomme fort\u00e6lle om om de f\u00f8rste vurderinger til landbrugs- og skovejendomme og om den nye samlede ejendomskategori for landbrugs-, skov- og naturejendomme, der tr\u00e6der i kraft fra 2027.<\/p>\n","protected":false},"excerpt":{"rendered":"<p>\u00d8STERILD: &#8211; Vi h\u00e5ber, at samtalen forts\u00e6tter, n\u00e5r festivalen er slut p\u00e5 l\u00f8rdag. Det siger Frank Koldsgaard fra st\u00f8tteforeningen Hann\u00e6s-\u00d8sterild. Foreningen st\u00e5r sammen med Familielandbruget bag Landdistriktsfestivel \u00d8sterild 2026, som finder sted i \u00d8sterild\u00a0 4. og 5. september. Men mange udstillinger af b\u00e5de maskiner, dyr og med information om forhold med relevans for livet p\u00e5 [&hellip;]<\/p>\n","protected":false},"author":4535,"featured_media":0,"comment_status":"closed","ping_status":"closed","sticky":false,"template":"","format":"standard","meta":{"_acf_changed":false,"footnotes":""},"categories":[24],"tags":[50,70],"class_list":["post-26581","post","type-post","status-publish","format-standard","hentry","category-lokalt","tag-erhverv","tag-landbrug"],"acf":[],"yoast_head":"<!-- This site is optimized with the Yoast SEO plugin v27.7 - https:\/\/yoast.com\/product\/yoast-seo-wordpress\/ -->\n<title>Festival s\u00e6tter ord p\u00e5 landdistrikternes udfordringer - Thy<\/title>\n<meta name=\"robots\" content=\"index, follow, max-snippet:-1, max-image-preview:large, max-video-preview:-1\" \/>\n<link rel=\"canonical\" href=\"https:\/\/kunmedierne.dk\/thy\/festival-saetter-ord-paa-landdistrikternes-udfordringer\/\" \/>\n<meta property=\"og:locale\" content=\"da_DK\" \/>\n<meta property=\"og:type\" content=\"article\" \/>\n<meta property=\"og:title\" content=\"Festival s\u00e6tter ord p\u00e5 landdistrikternes udfordringer - Thy\" \/>\n<meta property=\"og:description\" content=\"\u00d8STERILD: &#8211; Vi h\u00e5ber, at samtalen forts\u00e6tter, n\u00e5r festivalen er slut p\u00e5 l\u00f8rdag. Det siger Frank Koldsgaard fra st\u00f8tteforeningen Hann\u00e6s-\u00d8sterild. Foreningen st\u00e5r sammen med Familielandbruget bag Landdistriktsfestivel \u00d8sterild 2026, som finder sted i \u00d8sterild\u00a0 4. og 5. september. Men mange udstillinger af b\u00e5de maskiner, dyr og med information om forhold med relevans for livet p\u00e5 [&hellip;]\" \/>\n<meta property=\"og:url\" content=\"https:\/\/kunmedierne.dk\/thy\/festival-saetter-ord-paa-landdistrikternes-udfordringer\/\" \/>\n<meta property=\"og:site_name\" content=\"Thy\" \/>\n<meta property=\"article:published_time\" content=\"2026-08-31T08:02:49+00:00\" \/>\n<meta name=\"author\" content=\"Jens Fogh Andersen\" \/>\n<meta name=\"twitter:card\" content=\"summary_large_image\" \/>\n<meta name=\"twitter:label1\" content=\"Skrevet af\" \/>\n\t<meta name=\"twitter:data1\" content=\"Jens Fogh Andersen\" \/>\n\t<meta name=\"twitter:label2\" content=\"Estimeret l\u00e6setid\" \/>\n\t<meta name=\"twitter:data2\" content=\"4 minutter\" \/>\n<script type=\"application\/ld+json\" class=\"yoast-schema-graph\">{\"@context\":\"https:\\\/\\\/schema.org\",\"@graph\":[{\"@type\":\"Article\",\"@id\":\"https:\\\/\\\/kunmedierne.dk\\\/thy\\\/festival-saetter-ord-paa-landdistrikternes-udfordringer\\\/#article\",\"isPartOf\":{\"@id\":\"https:\\\/\\\/kunmedierne.dk\\\/thy\\\/festival-saetter-ord-paa-landdistrikternes-udfordringer\\\/\"},\"author\":{\"name\":\"Jens Fogh Andersen\",\"@id\":\"https:\\\/\\\/kunmedierne.dk\\\/thy\\\/#\\\/schema\\\/person\\\/88f5be46809ca2a5533760eb574fef93\"},\"headline\":\"Festival s\u00e6tter ord p\u00e5 landdistrikternes udfordringer\",\"datePublished\":\"2026-08-31T08:02:49+00:00\",\"mainEntityOfPage\":{\"@id\":\"https:\\\/\\\/kunmedierne.dk\\\/thy\\\/festival-saetter-ord-paa-landdistrikternes-udfordringer\\\/\"},\"wordCount\":634,\"publisher\":{\"@id\":\"https:\\\/\\\/kunmedierne.dk\\\/thy\\\/#organization\"},\"keywords\":[\"Erhverv\",\"Landbrug\"],\"articleSection\":[\"Lokalt\"],\"inLanguage\":\"da-DK\"},{\"@type\":\"WebPage\",\"@id\":\"https:\\\/\\\/kunmedierne.dk\\\/thy\\\/festival-saetter-ord-paa-landdistrikternes-udfordringer\\\/\",\"url\":\"https:\\\/\\\/kunmedierne.dk\\\/thy\\\/festival-saetter-ord-paa-landdistrikternes-udfordringer\\\/\",\"name\":\"Festival s\u00e6tter ord p\u00e5 landdistrikternes udfordringer - Thy\",\"isPartOf\":{\"@id\":\"https:\\\/\\\/kunmedierne.dk\\\/thy\\\/#website\"},\"datePublished\":\"2026-08-31T08:02:49+00:00\",\"breadcrumb\":{\"@id\":\"https:\\\/\\\/kunmedierne.dk\\\/thy\\\/festival-saetter-ord-paa-landdistrikternes-udfordringer\\\/#breadcrumb\"},\"inLanguage\":\"da-DK\",\"potentialAction\":[{\"@type\":\"ReadAction\",\"target\":[\"https:\\\/\\\/kunmedierne.dk\\\/thy\\\/festival-saetter-ord-paa-landdistrikternes-udfordringer\\\/\"]}]},{\"@type\":\"BreadcrumbList\",\"@id\":\"https:\\\/\\\/kunmedierne.dk\\\/thy\\\/festival-saetter-ord-paa-landdistrikternes-udfordringer\\\/#breadcrumb\",\"itemListElement\":[{\"@type\":\"ListItem\",\"position\":1,\"name\":\"Home\",\"item\":\"https:\\\/\\\/kunmedierne.dk\\\/thy\\\/\"},{\"@type\":\"ListItem\",\"position\":2,\"name\":\"Festival s\u00e6tter ord p\u00e5 landdistrikternes udfordringer\"}]},{\"@type\":\"WebSite\",\"@id\":\"https:\\\/\\\/kunmedierne.dk\\\/thy\\\/#website\",\"url\":\"https:\\\/\\\/kunmedierne.dk\\\/thy\\\/\",\"name\":\"Thy\",\"description\":\"et netmedie med journalistik om livet i Thy\",\"publisher\":{\"@id\":\"https:\\\/\\\/kunmedierne.dk\\\/thy\\\/#organization\"},\"potentialAction\":[{\"@type\":\"SearchAction\",\"target\":{\"@type\":\"EntryPoint\",\"urlTemplate\":\"https:\\\/\\\/kunmedierne.dk\\\/thy\\\/?s={search_term_string}\"},\"query-input\":{\"@type\":\"PropertyValueSpecification\",\"valueRequired\":true,\"valueName\":\"search_term_string\"}}],\"inLanguage\":\"da-DK\"},{\"@type\":\"Organization\",\"@id\":\"https:\\\/\\\/kunmedierne.dk\\\/thy\\\/#organization\",\"name\":\"Thy\",\"url\":\"https:\\\/\\\/kunmedierne.dk\\\/thy\\\/\",\"logo\":{\"@type\":\"ImageObject\",\"inLanguage\":\"da-DK\",\"@id\":\"https:\\\/\\\/kunmedierne.dk\\\/thy\\\/#\\\/schema\\\/logo\\\/image\\\/\",\"url\":\"https:\\\/\\\/kunmedierne.dk\\\/thy\\\/wp-content\\\/uploads\\\/sites\\\/2\\\/2025\\\/04\\\/kunthy-logo.svg\",\"contentUrl\":\"https:\\\/\\\/kunmedierne.dk\\\/thy\\\/wp-content\\\/uploads\\\/sites\\\/2\\\/2025\\\/04\\\/kunthy-logo.svg\",\"caption\":\"Thy\"},\"image\":{\"@id\":\"https:\\\/\\\/kunmedierne.dk\\\/thy\\\/#\\\/schema\\\/logo\\\/image\\\/\"}},{\"@type\":\"Person\",\"@id\":\"https:\\\/\\\/kunmedierne.dk\\\/thy\\\/#\\\/schema\\\/person\\\/88f5be46809ca2a5533760eb574fef93\",\"name\":\"Jens Fogh Andersen\",\"image\":{\"@type\":\"ImageObject\",\"inLanguage\":\"da-DK\",\"@id\":\"https:\\\/\\\/secure.gravatar.com\\\/avatar\\\/2b367a4ef139b1c41dccc9ee7af926b81f8b4cca3359772e86c7fd5ced26c0a3?s=96&d=mm&r=g\",\"url\":\"https:\\\/\\\/secure.gravatar.com\\\/avatar\\\/2b367a4ef139b1c41dccc9ee7af926b81f8b4cca3359772e86c7fd5ced26c0a3?s=96&d=mm&r=g\",\"contentUrl\":\"https:\\\/\\\/secure.gravatar.com\\\/avatar\\\/2b367a4ef139b1c41dccc9ee7af926b81f8b4cca3359772e86c7fd5ced26c0a3?s=96&d=mm&r=g\",\"caption\":\"Jens Fogh Andersen\"},\"url\":\"https:\\\/\\\/kunmedierne.dk\\\/thy\\\/author\\\/jfa\\\/\"}]}<\/script>\n<!-- \/ Yoast SEO plugin. -->","yoast_head_json":{"title":"Festival s\u00e6tter ord p\u00e5 landdistrikternes udfordringer - Thy","robots":{"index":"index","follow":"follow","max-snippet":"max-snippet:-1","max-image-preview":"max-image-preview:large","max-video-preview":"max-video-preview:-1"},"canonical":"https:\/\/kunmedierne.dk\/thy\/festival-saetter-ord-paa-landdistrikternes-udfordringer\/","og_locale":"da_DK","og_type":"article","og_title":"Festival s\u00e6tter ord p\u00e5 landdistrikternes udfordringer - Thy","og_description":"\u00d8STERILD: &#8211; Vi h\u00e5ber, at samtalen forts\u00e6tter, n\u00e5r festivalen er slut p\u00e5 l\u00f8rdag. Det siger Frank Koldsgaard fra st\u00f8tteforeningen Hann\u00e6s-\u00d8sterild. Foreningen st\u00e5r sammen med Familielandbruget bag Landdistriktsfestivel \u00d8sterild 2026, som finder sted i \u00d8sterild\u00a0 4. og 5. september. Men mange udstillinger af b\u00e5de maskiner, dyr og med information om forhold med relevans for livet p\u00e5 [&hellip;]","og_url":"https:\/\/kunmedierne.dk\/thy\/festival-saetter-ord-paa-landdistrikternes-udfordringer\/","og_site_name":"Thy","article_published_time":"2026-08-31T08:02:49+00:00","author":"Jens Fogh Andersen","twitter_card":"summary_large_image","twitter_misc":{"Skrevet af":"Jens Fogh Andersen","Estimeret l\u00e6setid":"4 minutter"},"schema":{"@context":"https:\/\/schema.org","@graph":[{"@type":"Article","@id":"https:\/\/kunmedierne.dk\/thy\/festival-saetter-ord-paa-landdistrikternes-udfordringer\/#article","isPartOf":{"@id":"https:\/\/kunmedierne.dk\/thy\/festival-saetter-ord-paa-landdistrikternes-udfordringer\/"},"author":{"name":"Jens Fogh Andersen","@id":"https:\/\/kunmedierne.dk\/thy\/#\/schema\/person\/88f5be46809ca2a5533760eb574fef93"},"headline":"Festival s\u00e6tter ord p\u00e5 landdistrikternes udfordringer","datePublished":"2026-08-31T08:02:49+00:00","mainEntityOfPage":{"@id":"https:\/\/kunmedierne.dk\/thy\/festival-saetter-ord-paa-landdistrikternes-udfordringer\/"},"wordCount":634,"publisher":{"@id":"https:\/\/kunmedierne.dk\/thy\/#organization"},"keywords":["Erhverv","Landbrug"],"articleSection":["Lokalt"],"inLanguage":"da-DK"},{"@type":"WebPage","@id":"https:\/\/kunmedierne.dk\/thy\/festival-saetter-ord-paa-landdistrikternes-udfordringer\/","url":"https:\/\/kunmedierne.dk\/thy\/festival-saetter-ord-paa-landdistrikternes-udfordringer\/","name":"Festival s\u00e6tter ord p\u00e5 landdistrikternes udfordringer - Thy","isPartOf":{"@id":"https:\/\/kunmedierne.dk\/thy\/#website"},"datePublished":"2026-08-31T08:02:49+00:00","breadcrumb":{"@id":"https:\/\/kunmedierne.dk\/thy\/festival-saetter-ord-paa-landdistrikternes-udfordringer\/#breadcrumb"},"inLanguage":"da-DK","potentialAction":[{"@type":"ReadAction","target":["https:\/\/kunmedierne.dk\/thy\/festival-saetter-ord-paa-landdistrikternes-udfordringer\/"]}]},{"@type":"BreadcrumbList","@id":"https:\/\/kunmedierne.dk\/thy\/festival-saetter-ord-paa-landdistrikternes-udfordringer\/#breadcrumb","itemListElement":[{"@type":"ListItem","position":1,"name":"Home","item":"https:\/\/kunmedierne.dk\/thy\/"},{"@type":"ListItem","position":2,"name":"Festival s\u00e6tter ord p\u00e5 landdistrikternes udfordringer"}]},{"@type":"WebSite","@id":"https:\/\/kunmedierne.dk\/thy\/#website","url":"https:\/\/kunmedierne.dk\/thy\/","name":"Thy","description":"et netmedie med journalistik om livet i Thy","publisher":{"@id":"https:\/\/kunmedierne.dk\/thy\/#organization"},"potentialAction":[{"@type":"SearchAction","target":{"@type":"EntryPoint","urlTemplate":"https:\/\/kunmedierne.dk\/thy\/?s={search_term_string}"},"query-input":{"@type":"PropertyValueSpecification","valueRequired":true,"valueName":"search_term_string"}}],"inLanguage":"da-DK"},{"@type":"Organization","@id":"https:\/\/kunmedierne.dk\/thy\/#organization","name":"Thy","url":"https:\/\/kunmedierne.dk\/thy\/","logo":{"@type":"ImageObject","inLanguage":"da-DK","@id":"https:\/\/kunmedierne.dk\/thy\/#\/schema\/logo\/image\/","url":"https:\/\/kunmedierne.dk\/thy\/wp-content\/uploads\/sites\/2\/2025\/04\/kunthy-logo.svg","contentUrl":"https:\/\/kunmedierne.dk\/thy\/wp-content\/uploads\/sites\/2\/2025\/04\/kunthy-logo.svg","caption":"Thy"},"image":{"@id":"https:\/\/kunmedierne.dk\/thy\/#\/schema\/logo\/image\/"}},{"@type":"Person","@id":"https:\/\/kunmedierne.dk\/thy\/#\/schema\/person\/88f5be46809ca2a5533760eb574fef93","name":"Jens Fogh Andersen","image":{"@type":"ImageObject","inLanguage":"da-DK","@id":"https:\/\/secure.gravatar.com\/avatar\/2b367a4ef139b1c41dccc9ee7af926b81f8b4cca3359772e86c7fd5ced26c0a3?s=96&d=mm&r=g","url":"https:\/\/secure.gravatar.com\/avatar\/2b367a4ef139b1c41dccc9ee7af926b81f8b4cca3359772e86c7fd5ced26c0a3?s=96&d=mm&r=g","contentUrl":"https:\/\/secure.gravatar.com\/avatar\/2b367a4ef139b1c41dccc9ee7af926b81f8b4cca3359772e86c7fd5ced26c0a3?s=96&d=mm&r=g","caption":"Jens Fogh Andersen"},"url":"https:\/\/kunmedierne.dk\/thy\/author\/jfa\/"}]}},"_links":{"self":[{"href":"https:\/\/kunmedierne.dk\/thy\/wp-json\/wp\/v2\/posts\/26581","targetHints":{"allow":["GET"]}}],"collection":[{"href":"https:\/\/kunmedierne.dk\/thy\/wp-json\/wp\/v2\/posts"}],"about":[{"href":"https:\/\/kunmedierne.dk\/thy\/wp-json\/wp\/v2\/types\/post"}],"author":[{"embeddable":true,"href":"https:\/\/kunmedierne.dk\/thy\/wp-json\/wp\/v2\/users\/4535"}],"replies":[{"embeddable":true,"href":"https:\/\/kunmedierne.dk\/thy\/wp-json\/wp\/v2\/comments?post=26581"}],"version-history":[{"count":5,"href":"https:\/\/kunmedierne.dk\/thy\/wp-json\/wp\/v2\/posts\/26581\/revisions"}],"predecessor-version":[{"id":26596,"href":"https:\/\/kunmedierne.dk\/thy\/wp-json\/wp\/v2\/posts\/26581\/revisions\/26596"}],"wp:attachment":[{"href":"https:\/\/kunmedierne.dk\/thy\/wp-json\/wp\/v2\/media?parent=26581"}],"wp:term":[{"taxonomy":"category","embeddable":true,"href":"https:\/\/kunmedierne.dk\/thy\/wp-json\/wp\/v2\/categories?post=26581"},{"taxonomy":"post_tag","embeddable":true,"href":"https:\/\/kunmedierne.dk\/thy\/wp-json\/wp\/v2\/tags?post=26581"}],"curies":[{"name":"wp","href":"https:\/\/api.w.org\/{rel}","templated":true}]}}