{"id":26506,"date":"2026-08-30T11:01:05","date_gmt":"2026-08-30T09:01:05","guid":{"rendered":"https:\/\/kunmedierne.dk\/thy\/?p=26506"},"modified":"2026-08-28T18:02:56","modified_gmt":"2026-08-28T16:02:56","slug":"politisk-blaest-om-stationen-skinner-eller-parkeringspladser","status":"publish","type":"post","link":"https:\/\/kunmedierne.dk\/thy\/politisk-blaest-om-stationen-skinner-eller-parkeringspladser\/","title":{"rendered":"<span>Politisk bl\u00e6st om stationen: <\/span>Skinner eller parkeringspladser"},"content":{"rendered":"<p><strong>THISTED:<\/strong> Hvor er sammenh\u00e6ngen mellem antallet af spor p\u00e5 stationen i Thisted og planerne for at omdanne Thisted Bryghus gamle r\u00f8de hovedbygningen til et fremtidigt &#8220;Bryggekulturens Hus&#8221;.<\/p>\n<a class=\"dvrt-link\" onClick=\"cdmtrack_click(689,jQuery(this));return false\" href=\"https:\/\/www.thistedbolig.dk\"><img decoding=\"async\" style=\"width:100%;\" src=\"https:\/\/kunmedierne.dk\/thy\/wp-content\/uploads\/sites\/2\/2025\/03\/260728ThistedboligFlytteplaner-002-1.jpg\"><\/a><script>cdmtrack_view(689);<\/script>\n<p>I f\u00f8lge Morten Bo Bertelsen, SF, medlem af Thisted Kommunes udvalg for klima, milj\u00f8 og teknik, er det ikke sv\u00e6rt at se en sammenh\u00e6ng, for da det dav\u00e6rende udvalg for erhverv, klima, milj\u00f8 og teknik i juni 2025 sagde &#8220;ja&#8221; til at meddele BaneDanmark, at kommunen fremover helst s\u00e5 Spor to p\u00e5 stationen bevaret som det eneste spor fremover, skete det blandt andet under hensyn til mulighederne for at sikre parkeringspladser til et kommende &#8220;Bryggekulturens Hus&#8221;.<\/p>\n<p>Nu har Morten Bo Bertelsen bedt udvalget om en fornyet dr\u00f8ftelse af det fremtidige antal spor p\u00e5 Thisted Station, blandt andet for at sikre, at muligheden af at fremtidssikre b\u00e5de stationen og Thybanen ikke \u00f8del\u00e6gges, hvis der fremover kun skal v\u00e6re et spor, som der l\u00e6gges op til i udvalgsbeslutningen fra juni 2025.<\/p>\n<div id=\"attachment_13503\" style=\"width: 1242px\" class=\"wp-caption alignnone\"><img loading=\"lazy\" decoding=\"async\" aria-describedby=\"caption-attachment-13503\" class=\"wp-image-13503 size-full\" src=\"https:\/\/kunmedierne.dk\/thy\/wp-content\/uploads\/sites\/2\/2025\/11\/Design-uden-navn-2025-11-18T235745.087.jpg\" alt=\"\" width=\"1232\" height=\"821\" srcset=\"https:\/\/kunmedierne.dk\/thy\/wp-content\/uploads\/sites\/2\/2025\/11\/Design-uden-navn-2025-11-18T235745.087.jpg 1232w, https:\/\/kunmedierne.dk\/thy\/wp-content\/uploads\/sites\/2\/2025\/11\/Design-uden-navn-2025-11-18T235745.087-300x200.jpg 300w, https:\/\/kunmedierne.dk\/thy\/wp-content\/uploads\/sites\/2\/2025\/11\/Design-uden-navn-2025-11-18T235745.087-1024x682.jpg 1024w, https:\/\/kunmedierne.dk\/thy\/wp-content\/uploads\/sites\/2\/2025\/11\/Design-uden-navn-2025-11-18T235745.087-510x340.jpg 510w\" sizes=\"auto, (max-width: 1232px) 100vw, 1232px\" \/><p id=\"caption-attachment-13503\" class=\"wp-caption-text\">Morten Bo Bertelsen, SF, har intet imod planerne om &#8220;Bryggekulturens Hus&#8221;, men mener ikke, at antallet af spor p\u00e5 stationen skal disponeres efter muligheden af at lave p-pladser til husets g\u00e6ster, f\u00f8r der er sikkerhed for, at planerne kan realiseres.<\/p><\/div>\n<p>&nbsp;<\/p>\n<p>&#8211; Jeg har intet imod planerne om Bruggekulturens Hus, men s\u00e5 l\u00e6nge vi ikke ved, om planerne kan realiseres, skal vi passe p\u00e5 ikke at \u00f8del\u00e6gge mulighederne for at fremtidssikre b\u00e5de stationen og Thybanen, siger Morten Bo Bertelsen og tilf\u00f8jer, at det for ham at se er tidligt i forl\u00f8bet omkring Bryggekulturens Hus hvis kommunen allerede nu tager stilling til antallet af spor p\u00e5 stationen &#8211; og til, hvor det ene spor, der lige nu m\u00e5ske bliver fremtiden &#8211; skal ligge for at skaffe plads til p-pladser ved et kommende Bryggekulturen Hus.<\/p>\n<a class=\"dvrt-link\" onClick=\"cdmtrack_click(25762,jQuery(this));return false\" href=\"https:\/\/www.facebook.com\/profile.php?id=100049901895340\"><img decoding=\"async\" style=\"width:100%;\" src=\"https:\/\/kunmedierne.dk\/thy\/wp-content\/uploads\/sites\/2\/2026\/08\/260811Morsoebil1-1.jpg\"><\/a><script>cdmtrack_view(25762);<\/script>\n<p>I sin begrundelse for at \u00f8nske sagen genoptaget i udvalget for klima, milj\u00f8 og teknik anf\u00f8rer Morten Bo Bertelsen, at han &#8220;finder, at sagen er beskrevet ud fra en pr\u00e6mis om, at Thisted Kommune skal sikre parkeringspladser i forbindelse med Bryggekulturens hus&#8221; og tilf\u00f8jer, at &#8220;det er der ikke en politisk beslutning om&#8221;.<\/p>\n<p>Desuden mener han, at han gennem sagsindsigt kan fastsl\u00e5, at &#8221; forvaltningen har haft st\u00f8rre fokus p\u00e5 parkeringspladser til Bryggekulturens Hus end at bevare Thisted station med tilh\u00f8rende krydsningsspor&#8221;.<\/p>\n<p>Hvis der fremover ikke mere er krydsningsspor p\u00e5 stationen i Thisted, betyder det, at to tog ikke har mulighed for at passere &#8211; eller krydse &#8211; hinanden p\u00e5 Thybanen.<\/p>\n<p>Problemstillingen er tidligere i \u00e5r italesat blandt andet med tanke for, hvilke konsekvenser det har for at udvikle Thybanen til fremtidig transport af gods. Det var blandt andet et emne, der i slutningen af maj i \u00e5r blev behandlet i et &#8220;borgmesterbrev&#8221; fra Thisted Kommune til BaneDanmark.<\/p>\n<p>&#8211; Brevet blev skrevet efter p\u00e5 grundlag af en beslutning i kommunalbestyrelse og p\u00e5 grund af bekymring om thybanens muligheder hvis der i fremtiden kun er et spor p\u00e5 stationen, siger Morten Bo Bertelsen.<\/p>\n<p>&#8211; For mig at se er det megabekymrende, hvis fremtiden kun er et spor p\u00e5 stationen, som BaneDanmark l\u00e6gger op til. Men verden st\u00e5r ikke stille, siger han.<\/p>\n<a class=\"dvrt-link\" onClick=\"cdmtrack_click(19676,jQuery(this));return false\" href=\"https:\/\/www.jyskebank.dk\/kontakt\/afdelingsinfo?departmentid=11880\"><img decoding=\"async\" style=\"width:100%;\" src=\"https:\/\/kunmedierne.dk\/thy\/wp-content\/uploads\/sites\/2\/2026\/03\/260325JyskebankThyNy-1.jpg\"><\/a><script>cdmtrack_view(19676);<\/script>\n<p>En af de nye ting, som efter Morgen Bo Bertelsens mening b\u00f8r indg\u00e5 i sagen er, at DSB fra 1. september overtager k\u00f8rslen p\u00e5 ThyBanen efter GoCollective. Samtidig forbereder DSB et samarbejde med Midtjyske Jernbaner som skal sikre, at Midtjyske Jernbaner fra 1. oktober gradvis kan begynde at overtage k\u00f8rslen p\u00e5 Thybanen som underleverand\u00f8r forudsat de n\u00f8dvendige tilladelser er p\u00e5 plads.<\/p>\n<p>&#8211; Vi ved, at der kommer en ny operat\u00f8r, og s\u00e5 er det kun naturligt, at den operat\u00f8r h\u00f8res om sit syn p\u00e5 fremtidige behov. Og m\u00e5ske viser det sig, at en ny operat\u00f8r ikke finder det sjovt at k\u00f8re p\u00e5 en bane, hvor der kun er et spor p\u00e5 Thisted Baneg\u00e5rd. Det er et aspekt, der ogs\u00e5 b\u00f8r unders\u00f8ges, siger Morten Bo Bertelsen.<\/p>\n","protected":false},"excerpt":{"rendered":"<p>THISTED: Hvor er sammenh\u00e6ngen mellem antallet af spor p\u00e5 stationen i Thisted og planerne for at omdanne Thisted Bryghus gamle r\u00f8de hovedbygningen til et fremtidigt &#8220;Bryggekulturens Hus&#8221;. I f\u00f8lge Morten Bo Bertelsen, SF, medlem af Thisted Kommunes udvalg for klima, milj\u00f8 og teknik, er det ikke sv\u00e6rt at se en sammenh\u00e6ng, for da det dav\u00e6rende [&hellip;]<\/p>\n","protected":false},"author":4535,"featured_media":0,"comment_status":"closed","ping_status":"closed","sticky":false,"template":"","format":"standard","meta":{"_acf_changed":false,"footnotes":""},"categories":[24],"tags":[62],"class_list":["post-26506","post","type-post","status-publish","format-standard","hentry","category-lokalt","tag-trafik"],"acf":[],"yoast_head":"<!-- This site is optimized with the Yoast SEO plugin v27.7 - https:\/\/yoast.com\/product\/yoast-seo-wordpress\/ -->\n<title>Politisk bl\u00e6st om stationen: Skinner eller parkeringspladser - Thy<\/title>\n<meta name=\"robots\" content=\"index, follow, max-snippet:-1, max-image-preview:large, max-video-preview:-1\" \/>\n<link rel=\"canonical\" href=\"https:\/\/kunmedierne.dk\/thy\/politisk-blaest-om-stationen-skinner-eller-parkeringspladser\/\" \/>\n<meta property=\"og:locale\" content=\"da_DK\" \/>\n<meta property=\"og:type\" content=\"article\" \/>\n<meta property=\"og:title\" content=\"Politisk bl\u00e6st om stationen: Skinner eller parkeringspladser - Thy\" \/>\n<meta property=\"og:description\" content=\"THISTED: Hvor er sammenh\u00e6ngen mellem antallet af spor p\u00e5 stationen i Thisted og planerne for at omdanne Thisted Bryghus gamle r\u00f8de hovedbygningen til et fremtidigt &#8220;Bryggekulturens Hus&#8221;. I f\u00f8lge Morten Bo Bertelsen, SF, medlem af Thisted Kommunes udvalg for klima, milj\u00f8 og teknik, er det ikke sv\u00e6rt at se en sammenh\u00e6ng, for da det dav\u00e6rende [&hellip;]\" \/>\n<meta property=\"og:url\" content=\"https:\/\/kunmedierne.dk\/thy\/politisk-blaest-om-stationen-skinner-eller-parkeringspladser\/\" \/>\n<meta property=\"og:site_name\" content=\"Thy\" \/>\n<meta property=\"article:published_time\" content=\"2026-08-30T09:01:05+00:00\" \/>\n<meta property=\"og:image\" content=\"https:\/\/kunmedierne.dk\/thy\/wp-content\/uploads\/sites\/2\/2025\/11\/Design-uden-navn-2025-11-18T235745.087.jpg\" \/>\n<meta name=\"author\" content=\"Jens Fogh Andersen\" \/>\n<meta name=\"twitter:card\" content=\"summary_large_image\" \/>\n<meta name=\"twitter:label1\" content=\"Skrevet af\" \/>\n\t<meta name=\"twitter:data1\" content=\"Jens Fogh Andersen\" \/>\n\t<meta name=\"twitter:label2\" content=\"Estimeret l\u00e6setid\" \/>\n\t<meta name=\"twitter:data2\" content=\"4 minutter\" \/>\n<script type=\"application\/ld+json\" class=\"yoast-schema-graph\">{\"@context\":\"https:\\\/\\\/schema.org\",\"@graph\":[{\"@type\":\"Article\",\"@id\":\"https:\\\/\\\/kunmedierne.dk\\\/thy\\\/politisk-blaest-om-stationen-skinner-eller-parkeringspladser\\\/#article\",\"isPartOf\":{\"@id\":\"https:\\\/\\\/kunmedierne.dk\\\/thy\\\/politisk-blaest-om-stationen-skinner-eller-parkeringspladser\\\/\"},\"author\":{\"name\":\"Jens Fogh Andersen\",\"@id\":\"https:\\\/\\\/kunmedierne.dk\\\/thy\\\/#\\\/schema\\\/person\\\/88f5be46809ca2a5533760eb574fef93\"},\"headline\":\"Politisk bl\u00e6st om stationen: Skinner eller parkeringspladser\",\"datePublished\":\"2026-08-30T09:01:05+00:00\",\"mainEntityOfPage\":{\"@id\":\"https:\\\/\\\/kunmedierne.dk\\\/thy\\\/politisk-blaest-om-stationen-skinner-eller-parkeringspladser\\\/\"},\"wordCount\":690,\"publisher\":{\"@id\":\"https:\\\/\\\/kunmedierne.dk\\\/thy\\\/#organization\"},\"image\":{\"@id\":\"https:\\\/\\\/kunmedierne.dk\\\/thy\\\/politisk-blaest-om-stationen-skinner-eller-parkeringspladser\\\/#primaryimage\"},\"thumbnailUrl\":\"https:\\\/\\\/kunmedierne.dk\\\/thy\\\/wp-content\\\/uploads\\\/sites\\\/2\\\/2025\\\/11\\\/Design-uden-navn-2025-11-18T235745.087.jpg\",\"keywords\":[\"Trafik\"],\"articleSection\":[\"Lokalt\"],\"inLanguage\":\"da-DK\"},{\"@type\":\"WebPage\",\"@id\":\"https:\\\/\\\/kunmedierne.dk\\\/thy\\\/politisk-blaest-om-stationen-skinner-eller-parkeringspladser\\\/\",\"url\":\"https:\\\/\\\/kunmedierne.dk\\\/thy\\\/politisk-blaest-om-stationen-skinner-eller-parkeringspladser\\\/\",\"name\":\"Politisk bl\u00e6st om stationen: Skinner eller parkeringspladser - Thy\",\"isPartOf\":{\"@id\":\"https:\\\/\\\/kunmedierne.dk\\\/thy\\\/#website\"},\"primaryImageOfPage\":{\"@id\":\"https:\\\/\\\/kunmedierne.dk\\\/thy\\\/politisk-blaest-om-stationen-skinner-eller-parkeringspladser\\\/#primaryimage\"},\"image\":{\"@id\":\"https:\\\/\\\/kunmedierne.dk\\\/thy\\\/politisk-blaest-om-stationen-skinner-eller-parkeringspladser\\\/#primaryimage\"},\"thumbnailUrl\":\"https:\\\/\\\/kunmedierne.dk\\\/thy\\\/wp-content\\\/uploads\\\/sites\\\/2\\\/2025\\\/11\\\/Design-uden-navn-2025-11-18T235745.087.jpg\",\"datePublished\":\"2026-08-30T09:01:05+00:00\",\"breadcrumb\":{\"@id\":\"https:\\\/\\\/kunmedierne.dk\\\/thy\\\/politisk-blaest-om-stationen-skinner-eller-parkeringspladser\\\/#breadcrumb\"},\"inLanguage\":\"da-DK\",\"potentialAction\":[{\"@type\":\"ReadAction\",\"target\":[\"https:\\\/\\\/kunmedierne.dk\\\/thy\\\/politisk-blaest-om-stationen-skinner-eller-parkeringspladser\\\/\"]}]},{\"@type\":\"ImageObject\",\"inLanguage\":\"da-DK\",\"@id\":\"https:\\\/\\\/kunmedierne.dk\\\/thy\\\/politisk-blaest-om-stationen-skinner-eller-parkeringspladser\\\/#primaryimage\",\"url\":\"https:\\\/\\\/kunmedierne.dk\\\/thy\\\/wp-content\\\/uploads\\\/sites\\\/2\\\/2025\\\/11\\\/Design-uden-navn-2025-11-18T235745.087.jpg\",\"contentUrl\":\"https:\\\/\\\/kunmedierne.dk\\\/thy\\\/wp-content\\\/uploads\\\/sites\\\/2\\\/2025\\\/11\\\/Design-uden-navn-2025-11-18T235745.087.jpg\",\"width\":1232,\"height\":821},{\"@type\":\"BreadcrumbList\",\"@id\":\"https:\\\/\\\/kunmedierne.dk\\\/thy\\\/politisk-blaest-om-stationen-skinner-eller-parkeringspladser\\\/#breadcrumb\",\"itemListElement\":[{\"@type\":\"ListItem\",\"position\":1,\"name\":\"Home\",\"item\":\"https:\\\/\\\/kunmedierne.dk\\\/thy\\\/\"},{\"@type\":\"ListItem\",\"position\":2,\"name\":\"Politisk bl\u00e6st om stationen: Skinner eller parkeringspladser\"}]},{\"@type\":\"WebSite\",\"@id\":\"https:\\\/\\\/kunmedierne.dk\\\/thy\\\/#website\",\"url\":\"https:\\\/\\\/kunmedierne.dk\\\/thy\\\/\",\"name\":\"Thy\",\"description\":\"et netmedie med journalistik om livet i Thy\",\"publisher\":{\"@id\":\"https:\\\/\\\/kunmedierne.dk\\\/thy\\\/#organization\"},\"potentialAction\":[{\"@type\":\"SearchAction\",\"target\":{\"@type\":\"EntryPoint\",\"urlTemplate\":\"https:\\\/\\\/kunmedierne.dk\\\/thy\\\/?s={search_term_string}\"},\"query-input\":{\"@type\":\"PropertyValueSpecification\",\"valueRequired\":true,\"valueName\":\"search_term_string\"}}],\"inLanguage\":\"da-DK\"},{\"@type\":\"Organization\",\"@id\":\"https:\\\/\\\/kunmedierne.dk\\\/thy\\\/#organization\",\"name\":\"Thy\",\"url\":\"https:\\\/\\\/kunmedierne.dk\\\/thy\\\/\",\"logo\":{\"@type\":\"ImageObject\",\"inLanguage\":\"da-DK\",\"@id\":\"https:\\\/\\\/kunmedierne.dk\\\/thy\\\/#\\\/schema\\\/logo\\\/image\\\/\",\"url\":\"https:\\\/\\\/kunmedierne.dk\\\/thy\\\/wp-content\\\/uploads\\\/sites\\\/2\\\/2025\\\/04\\\/kunthy-logo.svg\",\"contentUrl\":\"https:\\\/\\\/kunmedierne.dk\\\/thy\\\/wp-content\\\/uploads\\\/sites\\\/2\\\/2025\\\/04\\\/kunthy-logo.svg\",\"caption\":\"Thy\"},\"image\":{\"@id\":\"https:\\\/\\\/kunmedierne.dk\\\/thy\\\/#\\\/schema\\\/logo\\\/image\\\/\"}},{\"@type\":\"Person\",\"@id\":\"https:\\\/\\\/kunmedierne.dk\\\/thy\\\/#\\\/schema\\\/person\\\/88f5be46809ca2a5533760eb574fef93\",\"name\":\"Jens Fogh Andersen\",\"image\":{\"@type\":\"ImageObject\",\"inLanguage\":\"da-DK\",\"@id\":\"https:\\\/\\\/secure.gravatar.com\\\/avatar\\\/2b367a4ef139b1c41dccc9ee7af926b81f8b4cca3359772e86c7fd5ced26c0a3?s=96&d=mm&r=g\",\"url\":\"https:\\\/\\\/secure.gravatar.com\\\/avatar\\\/2b367a4ef139b1c41dccc9ee7af926b81f8b4cca3359772e86c7fd5ced26c0a3?s=96&d=mm&r=g\",\"contentUrl\":\"https:\\\/\\\/secure.gravatar.com\\\/avatar\\\/2b367a4ef139b1c41dccc9ee7af926b81f8b4cca3359772e86c7fd5ced26c0a3?s=96&d=mm&r=g\",\"caption\":\"Jens Fogh Andersen\"},\"url\":\"https:\\\/\\\/kunmedierne.dk\\\/thy\\\/author\\\/jfa\\\/\"}]}<\/script>\n<!-- \/ Yoast SEO plugin. -->","yoast_head_json":{"title":"Politisk bl\u00e6st om stationen: Skinner eller parkeringspladser - Thy","robots":{"index":"index","follow":"follow","max-snippet":"max-snippet:-1","max-image-preview":"max-image-preview:large","max-video-preview":"max-video-preview:-1"},"canonical":"https:\/\/kunmedierne.dk\/thy\/politisk-blaest-om-stationen-skinner-eller-parkeringspladser\/","og_locale":"da_DK","og_type":"article","og_title":"Politisk bl\u00e6st om stationen: Skinner eller parkeringspladser - Thy","og_description":"THISTED: Hvor er sammenh\u00e6ngen mellem antallet af spor p\u00e5 stationen i Thisted og planerne for at omdanne Thisted Bryghus gamle r\u00f8de hovedbygningen til et fremtidigt &#8220;Bryggekulturens Hus&#8221;. I f\u00f8lge Morten Bo Bertelsen, SF, medlem af Thisted Kommunes udvalg for klima, milj\u00f8 og teknik, er det ikke sv\u00e6rt at se en sammenh\u00e6ng, for da det dav\u00e6rende [&hellip;]","og_url":"https:\/\/kunmedierne.dk\/thy\/politisk-blaest-om-stationen-skinner-eller-parkeringspladser\/","og_site_name":"Thy","article_published_time":"2026-08-30T09:01:05+00:00","og_image":[{"url":"https:\/\/kunmedierne.dk\/thy\/wp-content\/uploads\/sites\/2\/2025\/11\/Design-uden-navn-2025-11-18T235745.087.jpg","type":"","width":"","height":""}],"author":"Jens Fogh Andersen","twitter_card":"summary_large_image","twitter_misc":{"Skrevet af":"Jens Fogh Andersen","Estimeret l\u00e6setid":"4 minutter"},"schema":{"@context":"https:\/\/schema.org","@graph":[{"@type":"Article","@id":"https:\/\/kunmedierne.dk\/thy\/politisk-blaest-om-stationen-skinner-eller-parkeringspladser\/#article","isPartOf":{"@id":"https:\/\/kunmedierne.dk\/thy\/politisk-blaest-om-stationen-skinner-eller-parkeringspladser\/"},"author":{"name":"Jens Fogh Andersen","@id":"https:\/\/kunmedierne.dk\/thy\/#\/schema\/person\/88f5be46809ca2a5533760eb574fef93"},"headline":"Politisk bl\u00e6st om stationen: Skinner eller parkeringspladser","datePublished":"2026-08-30T09:01:05+00:00","mainEntityOfPage":{"@id":"https:\/\/kunmedierne.dk\/thy\/politisk-blaest-om-stationen-skinner-eller-parkeringspladser\/"},"wordCount":690,"publisher":{"@id":"https:\/\/kunmedierne.dk\/thy\/#organization"},"image":{"@id":"https:\/\/kunmedierne.dk\/thy\/politisk-blaest-om-stationen-skinner-eller-parkeringspladser\/#primaryimage"},"thumbnailUrl":"https:\/\/kunmedierne.dk\/thy\/wp-content\/uploads\/sites\/2\/2025\/11\/Design-uden-navn-2025-11-18T235745.087.jpg","keywords":["Trafik"],"articleSection":["Lokalt"],"inLanguage":"da-DK"},{"@type":"WebPage","@id":"https:\/\/kunmedierne.dk\/thy\/politisk-blaest-om-stationen-skinner-eller-parkeringspladser\/","url":"https:\/\/kunmedierne.dk\/thy\/politisk-blaest-om-stationen-skinner-eller-parkeringspladser\/","name":"Politisk bl\u00e6st om stationen: Skinner eller parkeringspladser - Thy","isPartOf":{"@id":"https:\/\/kunmedierne.dk\/thy\/#website"},"primaryImageOfPage":{"@id":"https:\/\/kunmedierne.dk\/thy\/politisk-blaest-om-stationen-skinner-eller-parkeringspladser\/#primaryimage"},"image":{"@id":"https:\/\/kunmedierne.dk\/thy\/politisk-blaest-om-stationen-skinner-eller-parkeringspladser\/#primaryimage"},"thumbnailUrl":"https:\/\/kunmedierne.dk\/thy\/wp-content\/uploads\/sites\/2\/2025\/11\/Design-uden-navn-2025-11-18T235745.087.jpg","datePublished":"2026-08-30T09:01:05+00:00","breadcrumb":{"@id":"https:\/\/kunmedierne.dk\/thy\/politisk-blaest-om-stationen-skinner-eller-parkeringspladser\/#breadcrumb"},"inLanguage":"da-DK","potentialAction":[{"@type":"ReadAction","target":["https:\/\/kunmedierne.dk\/thy\/politisk-blaest-om-stationen-skinner-eller-parkeringspladser\/"]}]},{"@type":"ImageObject","inLanguage":"da-DK","@id":"https:\/\/kunmedierne.dk\/thy\/politisk-blaest-om-stationen-skinner-eller-parkeringspladser\/#primaryimage","url":"https:\/\/kunmedierne.dk\/thy\/wp-content\/uploads\/sites\/2\/2025\/11\/Design-uden-navn-2025-11-18T235745.087.jpg","contentUrl":"https:\/\/kunmedierne.dk\/thy\/wp-content\/uploads\/sites\/2\/2025\/11\/Design-uden-navn-2025-11-18T235745.087.jpg","width":1232,"height":821},{"@type":"BreadcrumbList","@id":"https:\/\/kunmedierne.dk\/thy\/politisk-blaest-om-stationen-skinner-eller-parkeringspladser\/#breadcrumb","itemListElement":[{"@type":"ListItem","position":1,"name":"Home","item":"https:\/\/kunmedierne.dk\/thy\/"},{"@type":"ListItem","position":2,"name":"Politisk bl\u00e6st om stationen: Skinner eller parkeringspladser"}]},{"@type":"WebSite","@id":"https:\/\/kunmedierne.dk\/thy\/#website","url":"https:\/\/kunmedierne.dk\/thy\/","name":"Thy","description":"et netmedie med journalistik om livet i Thy","publisher":{"@id":"https:\/\/kunmedierne.dk\/thy\/#organization"},"potentialAction":[{"@type":"SearchAction","target":{"@type":"EntryPoint","urlTemplate":"https:\/\/kunmedierne.dk\/thy\/?s={search_term_string}"},"query-input":{"@type":"PropertyValueSpecification","valueRequired":true,"valueName":"search_term_string"}}],"inLanguage":"da-DK"},{"@type":"Organization","@id":"https:\/\/kunmedierne.dk\/thy\/#organization","name":"Thy","url":"https:\/\/kunmedierne.dk\/thy\/","logo":{"@type":"ImageObject","inLanguage":"da-DK","@id":"https:\/\/kunmedierne.dk\/thy\/#\/schema\/logo\/image\/","url":"https:\/\/kunmedierne.dk\/thy\/wp-content\/uploads\/sites\/2\/2025\/04\/kunthy-logo.svg","contentUrl":"https:\/\/kunmedierne.dk\/thy\/wp-content\/uploads\/sites\/2\/2025\/04\/kunthy-logo.svg","caption":"Thy"},"image":{"@id":"https:\/\/kunmedierne.dk\/thy\/#\/schema\/logo\/image\/"}},{"@type":"Person","@id":"https:\/\/kunmedierne.dk\/thy\/#\/schema\/person\/88f5be46809ca2a5533760eb574fef93","name":"Jens Fogh Andersen","image":{"@type":"ImageObject","inLanguage":"da-DK","@id":"https:\/\/secure.gravatar.com\/avatar\/2b367a4ef139b1c41dccc9ee7af926b81f8b4cca3359772e86c7fd5ced26c0a3?s=96&d=mm&r=g","url":"https:\/\/secure.gravatar.com\/avatar\/2b367a4ef139b1c41dccc9ee7af926b81f8b4cca3359772e86c7fd5ced26c0a3?s=96&d=mm&r=g","contentUrl":"https:\/\/secure.gravatar.com\/avatar\/2b367a4ef139b1c41dccc9ee7af926b81f8b4cca3359772e86c7fd5ced26c0a3?s=96&d=mm&r=g","caption":"Jens Fogh Andersen"},"url":"https:\/\/kunmedierne.dk\/thy\/author\/jfa\/"}]}},"_links":{"self":[{"href":"https:\/\/kunmedierne.dk\/thy\/wp-json\/wp\/v2\/posts\/26506","targetHints":{"allow":["GET"]}}],"collection":[{"href":"https:\/\/kunmedierne.dk\/thy\/wp-json\/wp\/v2\/posts"}],"about":[{"href":"https:\/\/kunmedierne.dk\/thy\/wp-json\/wp\/v2\/types\/post"}],"author":[{"embeddable":true,"href":"https:\/\/kunmedierne.dk\/thy\/wp-json\/wp\/v2\/users\/4535"}],"replies":[{"embeddable":true,"href":"https:\/\/kunmedierne.dk\/thy\/wp-json\/wp\/v2\/comments?post=26506"}],"version-history":[{"count":8,"href":"https:\/\/kunmedierne.dk\/thy\/wp-json\/wp\/v2\/posts\/26506\/revisions"}],"predecessor-version":[{"id":26560,"href":"https:\/\/kunmedierne.dk\/thy\/wp-json\/wp\/v2\/posts\/26506\/revisions\/26560"}],"wp:attachment":[{"href":"https:\/\/kunmedierne.dk\/thy\/wp-json\/wp\/v2\/media?parent=26506"}],"wp:term":[{"taxonomy":"category","embeddable":true,"href":"https:\/\/kunmedierne.dk\/thy\/wp-json\/wp\/v2\/categories?post=26506"},{"taxonomy":"post_tag","embeddable":true,"href":"https:\/\/kunmedierne.dk\/thy\/wp-json\/wp\/v2\/tags?post=26506"}],"curies":[{"name":"wp","href":"https:\/\/api.w.org\/{rel}","templated":true}]}}