{"id":2534,"date":"2025-04-26T18:30:58","date_gmt":"2025-04-26T16:30:58","guid":{"rendered":"https:\/\/kunmedierne.dk\/thy\/?p=2534"},"modified":"2025-04-29T11:15:15","modified_gmt":"2025-04-29T09:15:15","slug":"kaempestor-interesse-for-hospice-plan","status":"publish","type":"post","link":"https:\/\/kunmedierne.dk\/thy\/kaempestor-interesse-for-hospice-plan\/","title":{"rendered":"K\u00e6mpestor interesse for plan om hospice i Thisted"},"content":{"rendered":"<p><strong>THISTED:<\/strong> &#8211; Vi m\u00e6rker en k\u00e6mpestor interesse for sagen, og det gik rigtig godt p\u00e5 generalforsamlingen.<\/p>\n<p>Det er en taknemmelig kasserer i Foreningen for etablering af Hospice Thy, Kristian Qvist, der kan berette om flot opbakning til foreningen, der efter kun et \u00e5r er oppe p\u00e5 knap 1600 medlemmer &#8211; mere pr\u00e6cist 1580.<\/p>\n<p>Over 400 deltog i generalforsamlingen forleden i Teutonersalen i Thisted.<\/p>\n<p>&#8211; En r\u00e6kke medlemmer spurgte til, hvorn\u00e5r planen kan realiseres og hvordan, fort\u00e6ller Kristian Qvist.<\/p>\n<a class=\"dvrt-link\" onClick=\"cdmtrack_click(18790,jQuery(this));return false\" href=\"https:\/\/thymors.dk\/sponsorater\/15-til-faellesskabet?utm_source=kunthy&amp;utm_medium=annonce&amp;utm_campaign=sponsorater\"><img decoding=\"async\" style=\"width:100%;\" src=\"https:\/\/kunmedierne.dk\/thy\/wp-content\/uploads\/sites\/2\/2026\/03\/260407ThyMors-energi_faellesskab_generel-1.jpg\"><\/a><script>cdmtrack_view(18790);<\/script>\n<p>Status for foreningen er, at den har f\u00e5et en donation p\u00e5 en grund, hvor et hospice kan opf\u00f8res.<\/p>\n<p>&nbsp;<\/p>\n<p><strong>Dialog med politikerne<\/strong><\/p>\n<p>Der er lavet en projektbeskrivelse, og medlemmer af bestyrelsen har i februar v\u00e6ret til et m\u00f8de i Region Nordjyllands sundhedsudvalg for at pr\u00e6sentere ideen og ambitionerne.<\/p>\n<p>Kristian Qvist er selv l\u00e6ge og ansvarlig for det palliative team p\u00e5 Aalborg Universitetshospital Thisted. Fire senge p\u00e5 medicinsk afdeling er i princippet reserveret til mennesker, der er i den allersidste fase af livet.<\/p>\n<p>&#8211; Det er som l\u00e6ge i det palliative team, at jeg m\u00f8der mennesker, der takker nej til hospice, fordi de nuv\u00e6rende tilbud ligger for langt fra Thy og Mors, siger Kristian Qvist.<\/p>\n<p>&nbsp;<\/p>\n<p><strong>Ulighed i sundhed<\/strong><\/p>\n<p>Med en l\u00e6ges henvisning har enhver patient ellers ret til en hospiceplads, og derfor er det efter Kristian Qvists opfattelse udtryk for stor ulighed i sundhed, n\u00e5r der ikke er en reel mulighed for at bruge de pladser, der er til r\u00e5dighed.<\/p>\n<p>&#8211; Det kan godt v\u00e6re, det er dyrt. Men borgerne i Thy og p\u00e5 Mors betaler det samme i skat som andre borgere, pointerer han.<\/p>\n<a class=\"dvrt-link\" onClick=\"cdmtrack_click(4416,jQuery(this));return false\" href=\"https:\/\/sdrhaa.dk\/\"><img decoding=\"async\" style=\"width:100%;\" src=\"https:\/\/kunmedierne.dk\/thy\/wp-content\/uploads\/sites\/2\/2025\/05\/260302Din-gebyrvenlige-sparekasse_SHS_Thy-1.gif\"><\/a><script>cdmtrack_view(4416);<\/script>\n<p>Region Nordjylland har i forvejen to hospice-tilbud &#8211; nemlig i N\u00f8rresundby og i Frederikshavn.<\/p>\n<p>Kristian Qvist forklarer, at det i midten af 00&#8217;erne blev politisk vedtaget, at der skulle v\u00e6re 12 hospicepladser i hvert amt, men det var f\u00f8r kommunalreformen, hvor Thy og Mors blev en del af Region Nordjylland i stedet for Viborg Amt. Siden er tallet 12 dog blevet et &#8220;mantra&#8221;.<\/p>\n<p>&nbsp;<\/p>\n<p><strong>12 pladser<\/strong><\/p>\n<p>&#8211; Vi arbejder ud fra en model for Hospice Thy, der indeb\u00e6rer 12 pladser, hvilket er det, der skal til for at skabe en b\u00e6redygtig drift med de forskellige fagpersoner, der skal v\u00e6re s\u00e5dan et sted, siger Kristian Kvist.<\/p>\n<p>Befolkningsgrundlaget i Thy og p\u00e5 Mors &#8211; og den vestlige del af Jammerbugt Kommune &#8211; er for lille til s\u00e5 mange hospicepladser, s\u00e5 derfor arbejder bestyrelsen i Hospice Thy p\u00e5 en model, hvor de fire nuv\u00e6rende palliative senge p\u00e5 sygehuset ogs\u00e5 indg\u00e5r i finansieringen.<\/p>\n<a class=\"dvrt-link\" onClick=\"cdmtrack_click(18790,jQuery(this));return false\" href=\"https:\/\/thymors.dk\/sponsorater\/15-til-faellesskabet?utm_source=kunthy&amp;utm_medium=annonce&amp;utm_campaign=sponsorater\"><img decoding=\"async\" style=\"width:100%;\" src=\"https:\/\/kunmedierne.dk\/thy\/wp-content\/uploads\/sites\/2\/2026\/03\/260407ThyMors-energi_faellesskab_generel-1.jpg\"><\/a><script>cdmtrack_view(18790);<\/script>\n<p>Budgettet er p\u00e5 19 mio. kr. om \u00e5ret til driften af et hospice med 12 pladser.<\/p>\n<p>&#8211; Vi kigger bredt og fors\u00f8ger at t\u00e6nke nyt. I \u00f8jeblikket arbejder vi p\u00e5 en s\u00e5kaldt hybridmodel, hvor det kommende hus rummer mere end \u00e9n funktion. M\u00e5ske kommunerne ogs\u00e5 vil bidrage til driften?, lyder det h\u00e5befuldt fra Kristian Qvist.<\/p>\n<p>&nbsp;<\/p>\n<p><strong>Bestyrelsen forts\u00e6tter<\/strong><\/p>\n<p>Bestyrelsen, der efter generalforsamlingen forts\u00e6tter med u\u00e6ndret persongalleri, vil fortsat fors\u00f8ge at p\u00e5virke politikerne i regionsr\u00e5det og p\u00e5 nationalt plan, s\u00e5dan at Hospice Thy kan blive realiseret.<\/p>\n<p>Bestyrelsen regner med, at det vil v\u00e6re muligt via private donationer og fonde at skaffe kapital til selve anl\u00e6gsudgiften. S\u00e5 det er driftsoverenskomsten, der er altafg\u00f8rende for projektets fremtid.<\/p>\n<p>Kristian Qvist ansl\u00e5r, at der vil g\u00e5 nogle \u00e5r, inden Hospice Thy som en f\u00e6rdigbygget institution st\u00e5r klar til at v\u00e6re et helle for d\u00f8ende og deres p\u00e5r\u00f8rende i den sidste tid.<\/p>\n<p>&#8211; Der er lang vej endnu, erkender han.<\/p>\n<p>&nbsp;<\/p>\n<p><a href=\"https:\/\/kunmedierne.dk\/thy\/massiv-lokal-opbakning-til-planen-om-et-hospice-i-thy\/\">L\u00e6s mere om arbejdet for et hospice i Thisted<\/a><\/p>\n<p>&nbsp;<\/p>\n<p>&nbsp;<\/p>\n<p>&nbsp;<\/p>\n<p>&nbsp;<\/p>\n<p>&nbsp;<\/p>\n<p>&nbsp;<\/p>\n","protected":false},"excerpt":{"rendered":"<p>THISTED: &#8211; Vi m\u00e6rker en k\u00e6mpestor interesse for sagen, og det gik rigtig godt p\u00e5 generalforsamlingen. Det er en taknemmelig kasserer i Foreningen for etablering af Hospice Thy, Kristian Qvist, der kan berette om flot opbakning til foreningen, der efter kun et \u00e5r er oppe p\u00e5 knap 1600 medlemmer &#8211; mere pr\u00e6cist 1580. Over 400 [&hellip;]<\/p>\n","protected":false},"author":1925,"featured_media":0,"comment_status":"closed","ping_status":"closed","sticky":false,"template":"","format":"standard","meta":{"_acf_changed":false,"footnotes":""},"categories":[24],"tags":[47],"class_list":["post-2534","post","type-post","status-publish","format-standard","hentry","category-lokalt","tag-sundhed"],"acf":[],"yoast_head":"<!-- This site is optimized with the Yoast SEO plugin v26.8 - https:\/\/yoast.com\/product\/yoast-seo-wordpress\/ -->\n<title>K\u00e6mpestor interesse for plan om hospice i Thisted - Thy<\/title>\n<meta name=\"robots\" content=\"index, follow, max-snippet:-1, max-image-preview:large, max-video-preview:-1\" \/>\n<link rel=\"canonical\" href=\"https:\/\/kunmedierne.dk\/thy\/kaempestor-interesse-for-hospice-plan\/\" \/>\n<meta property=\"og:locale\" content=\"da_DK\" \/>\n<meta property=\"og:type\" content=\"article\" \/>\n<meta property=\"og:title\" content=\"K\u00e6mpestor interesse for plan om hospice i Thisted - Thy\" \/>\n<meta property=\"og:description\" content=\"THISTED: &#8211; Vi m\u00e6rker en k\u00e6mpestor interesse for sagen, og det gik rigtig godt p\u00e5 generalforsamlingen. Det er en taknemmelig kasserer i Foreningen for etablering af Hospice Thy, Kristian Qvist, der kan berette om flot opbakning til foreningen, der efter kun et \u00e5r er oppe p\u00e5 knap 1600 medlemmer &#8211; mere pr\u00e6cist 1580. Over 400 [&hellip;]\" \/>\n<meta property=\"og:url\" content=\"https:\/\/kunmedierne.dk\/thy\/kaempestor-interesse-for-hospice-plan\/\" \/>\n<meta property=\"og:site_name\" content=\"Thy\" \/>\n<meta property=\"article:published_time\" content=\"2025-04-26T16:30:58+00:00\" \/>\n<meta property=\"article:modified_time\" content=\"2025-04-29T09:15:15+00:00\" \/>\n<meta name=\"author\" content=\"Lone L\u00e6rke Krog\" \/>\n<meta name=\"twitter:card\" content=\"summary_large_image\" \/>\n<meta name=\"twitter:label1\" content=\"Skrevet af\" \/>\n\t<meta name=\"twitter:data1\" content=\"Lone L\u00e6rke Krog\" \/>\n\t<meta name=\"twitter:label2\" content=\"Estimeret l\u00e6setid\" \/>\n\t<meta name=\"twitter:data2\" content=\"4 minutter\" \/>\n<script type=\"application\/ld+json\" class=\"yoast-schema-graph\">{\"@context\":\"https:\/\/schema.org\",\"@graph\":[{\"@type\":\"Article\",\"@id\":\"https:\/\/kunmedierne.dk\/thy\/kaempestor-interesse-for-hospice-plan\/#article\",\"isPartOf\":{\"@id\":\"https:\/\/kunmedierne.dk\/thy\/kaempestor-interesse-for-hospice-plan\/\"},\"author\":{\"name\":\"Lone L\u00e6rke Krog\",\"@id\":\"https:\/\/kunmedierne.dk\/thy\/#\/schema\/person\/d266634ba6550d075ecf540d63b245d2\"},\"headline\":\"K\u00e6mpestor interesse for plan om hospice i Thisted\",\"datePublished\":\"2025-04-26T16:30:58+00:00\",\"dateModified\":\"2025-04-29T09:15:15+00:00\",\"mainEntityOfPage\":{\"@id\":\"https:\/\/kunmedierne.dk\/thy\/kaempestor-interesse-for-hospice-plan\/\"},\"wordCount\":639,\"publisher\":{\"@id\":\"https:\/\/kunmedierne.dk\/thy\/#organization\"},\"keywords\":[\"Sundhed\"],\"articleSection\":[\"Lokalt\"],\"inLanguage\":\"da-DK\"},{\"@type\":\"WebPage\",\"@id\":\"https:\/\/kunmedierne.dk\/thy\/kaempestor-interesse-for-hospice-plan\/\",\"url\":\"https:\/\/kunmedierne.dk\/thy\/kaempestor-interesse-for-hospice-plan\/\",\"name\":\"K\u00e6mpestor interesse for plan om hospice i Thisted - Thy\",\"isPartOf\":{\"@id\":\"https:\/\/kunmedierne.dk\/thy\/#website\"},\"datePublished\":\"2025-04-26T16:30:58+00:00\",\"dateModified\":\"2025-04-29T09:15:15+00:00\",\"breadcrumb\":{\"@id\":\"https:\/\/kunmedierne.dk\/thy\/kaempestor-interesse-for-hospice-plan\/#breadcrumb\"},\"inLanguage\":\"da-DK\",\"potentialAction\":[{\"@type\":\"ReadAction\",\"target\":[\"https:\/\/kunmedierne.dk\/thy\/kaempestor-interesse-for-hospice-plan\/\"]}]},{\"@type\":\"BreadcrumbList\",\"@id\":\"https:\/\/kunmedierne.dk\/thy\/kaempestor-interesse-for-hospice-plan\/#breadcrumb\",\"itemListElement\":[{\"@type\":\"ListItem\",\"position\":1,\"name\":\"Home\",\"item\":\"https:\/\/kunmedierne.dk\/thy\/\"},{\"@type\":\"ListItem\",\"position\":2,\"name\":\"K\u00e6mpestor interesse for plan om hospice i Thisted\"}]},{\"@type\":\"WebSite\",\"@id\":\"https:\/\/kunmedierne.dk\/thy\/#website\",\"url\":\"https:\/\/kunmedierne.dk\/thy\/\",\"name\":\"Thy\",\"description\":\"et netmedie med journalistik om livet i Thy\",\"publisher\":{\"@id\":\"https:\/\/kunmedierne.dk\/thy\/#organization\"},\"potentialAction\":[{\"@type\":\"SearchAction\",\"target\":{\"@type\":\"EntryPoint\",\"urlTemplate\":\"https:\/\/kunmedierne.dk\/thy\/?s={search_term_string}\"},\"query-input\":{\"@type\":\"PropertyValueSpecification\",\"valueRequired\":true,\"valueName\":\"search_term_string\"}}],\"inLanguage\":\"da-DK\"},{\"@type\":\"Organization\",\"@id\":\"https:\/\/kunmedierne.dk\/thy\/#organization\",\"name\":\"Thy\",\"url\":\"https:\/\/kunmedierne.dk\/thy\/\",\"logo\":{\"@type\":\"ImageObject\",\"inLanguage\":\"da-DK\",\"@id\":\"https:\/\/kunmedierne.dk\/thy\/#\/schema\/logo\/image\/\",\"url\":\"https:\/\/kunmedierne.dk\/thy\/wp-content\/uploads\/sites\/2\/2025\/04\/kunthy-logo.svg\",\"contentUrl\":\"https:\/\/kunmedierne.dk\/thy\/wp-content\/uploads\/sites\/2\/2025\/04\/kunthy-logo.svg\",\"caption\":\"Thy\"},\"image\":{\"@id\":\"https:\/\/kunmedierne.dk\/thy\/#\/schema\/logo\/image\/\"}},{\"@type\":\"Person\",\"@id\":\"https:\/\/kunmedierne.dk\/thy\/#\/schema\/person\/d266634ba6550d075ecf540d63b245d2\",\"name\":\"Lone L\u00e6rke Krog\",\"image\":{\"@type\":\"ImageObject\",\"inLanguage\":\"da-DK\",\"@id\":\"https:\/\/kunmedierne.dk\/thy\/#\/schema\/person\/image\/\",\"url\":\"https:\/\/secure.gravatar.com\/avatar\/496ddc7080e56b4ac64cfd4e56bd6d1ee396fa3db1923aa22f11346f60bb135b?s=96&d=mm&r=g\",\"contentUrl\":\"https:\/\/secure.gravatar.com\/avatar\/496ddc7080e56b4ac64cfd4e56bd6d1ee396fa3db1923aa22f11346f60bb135b?s=96&d=mm&r=g\",\"caption\":\"Lone L\u00e6rke Krog\"},\"url\":\"https:\/\/kunmedierne.dk\/thy\/author\/llk\/\"}]}<\/script>\n<!-- \/ Yoast SEO plugin. -->","yoast_head_json":{"title":"K\u00e6mpestor interesse for plan om hospice i Thisted - Thy","robots":{"index":"index","follow":"follow","max-snippet":"max-snippet:-1","max-image-preview":"max-image-preview:large","max-video-preview":"max-video-preview:-1"},"canonical":"https:\/\/kunmedierne.dk\/thy\/kaempestor-interesse-for-hospice-plan\/","og_locale":"da_DK","og_type":"article","og_title":"K\u00e6mpestor interesse for plan om hospice i Thisted - Thy","og_description":"THISTED: &#8211; Vi m\u00e6rker en k\u00e6mpestor interesse for sagen, og det gik rigtig godt p\u00e5 generalforsamlingen. Det er en taknemmelig kasserer i Foreningen for etablering af Hospice Thy, Kristian Qvist, der kan berette om flot opbakning til foreningen, der efter kun et \u00e5r er oppe p\u00e5 knap 1600 medlemmer &#8211; mere pr\u00e6cist 1580. Over 400 [&hellip;]","og_url":"https:\/\/kunmedierne.dk\/thy\/kaempestor-interesse-for-hospice-plan\/","og_site_name":"Thy","article_published_time":"2025-04-26T16:30:58+00:00","article_modified_time":"2025-04-29T09:15:15+00:00","author":"Lone L\u00e6rke Krog","twitter_card":"summary_large_image","twitter_misc":{"Skrevet af":"Lone L\u00e6rke Krog","Estimeret l\u00e6setid":"4 minutter"},"schema":{"@context":"https:\/\/schema.org","@graph":[{"@type":"Article","@id":"https:\/\/kunmedierne.dk\/thy\/kaempestor-interesse-for-hospice-plan\/#article","isPartOf":{"@id":"https:\/\/kunmedierne.dk\/thy\/kaempestor-interesse-for-hospice-plan\/"},"author":{"name":"Lone L\u00e6rke Krog","@id":"https:\/\/kunmedierne.dk\/thy\/#\/schema\/person\/d266634ba6550d075ecf540d63b245d2"},"headline":"K\u00e6mpestor interesse for plan om hospice i Thisted","datePublished":"2025-04-26T16:30:58+00:00","dateModified":"2025-04-29T09:15:15+00:00","mainEntityOfPage":{"@id":"https:\/\/kunmedierne.dk\/thy\/kaempestor-interesse-for-hospice-plan\/"},"wordCount":639,"publisher":{"@id":"https:\/\/kunmedierne.dk\/thy\/#organization"},"keywords":["Sundhed"],"articleSection":["Lokalt"],"inLanguage":"da-DK"},{"@type":"WebPage","@id":"https:\/\/kunmedierne.dk\/thy\/kaempestor-interesse-for-hospice-plan\/","url":"https:\/\/kunmedierne.dk\/thy\/kaempestor-interesse-for-hospice-plan\/","name":"K\u00e6mpestor interesse for plan om hospice i Thisted - Thy","isPartOf":{"@id":"https:\/\/kunmedierne.dk\/thy\/#website"},"datePublished":"2025-04-26T16:30:58+00:00","dateModified":"2025-04-29T09:15:15+00:00","breadcrumb":{"@id":"https:\/\/kunmedierne.dk\/thy\/kaempestor-interesse-for-hospice-plan\/#breadcrumb"},"inLanguage":"da-DK","potentialAction":[{"@type":"ReadAction","target":["https:\/\/kunmedierne.dk\/thy\/kaempestor-interesse-for-hospice-plan\/"]}]},{"@type":"BreadcrumbList","@id":"https:\/\/kunmedierne.dk\/thy\/kaempestor-interesse-for-hospice-plan\/#breadcrumb","itemListElement":[{"@type":"ListItem","position":1,"name":"Home","item":"https:\/\/kunmedierne.dk\/thy\/"},{"@type":"ListItem","position":2,"name":"K\u00e6mpestor interesse for plan om hospice i Thisted"}]},{"@type":"WebSite","@id":"https:\/\/kunmedierne.dk\/thy\/#website","url":"https:\/\/kunmedierne.dk\/thy\/","name":"Thy","description":"et netmedie med journalistik om livet i Thy","publisher":{"@id":"https:\/\/kunmedierne.dk\/thy\/#organization"},"potentialAction":[{"@type":"SearchAction","target":{"@type":"EntryPoint","urlTemplate":"https:\/\/kunmedierne.dk\/thy\/?s={search_term_string}"},"query-input":{"@type":"PropertyValueSpecification","valueRequired":true,"valueName":"search_term_string"}}],"inLanguage":"da-DK"},{"@type":"Organization","@id":"https:\/\/kunmedierne.dk\/thy\/#organization","name":"Thy","url":"https:\/\/kunmedierne.dk\/thy\/","logo":{"@type":"ImageObject","inLanguage":"da-DK","@id":"https:\/\/kunmedierne.dk\/thy\/#\/schema\/logo\/image\/","url":"https:\/\/kunmedierne.dk\/thy\/wp-content\/uploads\/sites\/2\/2025\/04\/kunthy-logo.svg","contentUrl":"https:\/\/kunmedierne.dk\/thy\/wp-content\/uploads\/sites\/2\/2025\/04\/kunthy-logo.svg","caption":"Thy"},"image":{"@id":"https:\/\/kunmedierne.dk\/thy\/#\/schema\/logo\/image\/"}},{"@type":"Person","@id":"https:\/\/kunmedierne.dk\/thy\/#\/schema\/person\/d266634ba6550d075ecf540d63b245d2","name":"Lone L\u00e6rke Krog","image":{"@type":"ImageObject","inLanguage":"da-DK","@id":"https:\/\/kunmedierne.dk\/thy\/#\/schema\/person\/image\/","url":"https:\/\/secure.gravatar.com\/avatar\/496ddc7080e56b4ac64cfd4e56bd6d1ee396fa3db1923aa22f11346f60bb135b?s=96&d=mm&r=g","contentUrl":"https:\/\/secure.gravatar.com\/avatar\/496ddc7080e56b4ac64cfd4e56bd6d1ee396fa3db1923aa22f11346f60bb135b?s=96&d=mm&r=g","caption":"Lone L\u00e6rke Krog"},"url":"https:\/\/kunmedierne.dk\/thy\/author\/llk\/"}]}},"_links":{"self":[{"href":"https:\/\/kunmedierne.dk\/thy\/wp-json\/wp\/v2\/posts\/2534","targetHints":{"allow":["GET"]}}],"collection":[{"href":"https:\/\/kunmedierne.dk\/thy\/wp-json\/wp\/v2\/posts"}],"about":[{"href":"https:\/\/kunmedierne.dk\/thy\/wp-json\/wp\/v2\/types\/post"}],"author":[{"embeddable":true,"href":"https:\/\/kunmedierne.dk\/thy\/wp-json\/wp\/v2\/users\/1925"}],"replies":[{"embeddable":true,"href":"https:\/\/kunmedierne.dk\/thy\/wp-json\/wp\/v2\/comments?post=2534"}],"version-history":[{"count":10,"href":"https:\/\/kunmedierne.dk\/thy\/wp-json\/wp\/v2\/posts\/2534\/revisions"}],"predecessor-version":[{"id":2616,"href":"https:\/\/kunmedierne.dk\/thy\/wp-json\/wp\/v2\/posts\/2534\/revisions\/2616"}],"wp:attachment":[{"href":"https:\/\/kunmedierne.dk\/thy\/wp-json\/wp\/v2\/media?parent=2534"}],"wp:term":[{"taxonomy":"category","embeddable":true,"href":"https:\/\/kunmedierne.dk\/thy\/wp-json\/wp\/v2\/categories?post=2534"},{"taxonomy":"post_tag","embeddable":true,"href":"https:\/\/kunmedierne.dk\/thy\/wp-json\/wp\/v2\/tags?post=2534"}],"curies":[{"name":"wp","href":"https:\/\/api.w.org\/{rel}","templated":true}]}}