{"id":21524,"date":"2026-05-01T18:37:39","date_gmt":"2026-05-01T16:37:39","guid":{"rendered":"https:\/\/kunmedierne.dk\/thy\/?p=21524"},"modified":"2026-05-01T18:37:39","modified_gmt":"2026-05-01T16:37:39","slug":"1-maj-i-lysegroent-de-roede-faner-manglede-i-christiansgave","status":"publish","type":"post","link":"https:\/\/kunmedierne.dk\/thy\/1-maj-i-lysegroent-de-roede-faner-manglede-i-christiansgave\/","title":{"rendered":"<span>1. maj i lysegr\u00f8nt: <\/span>De r\u00f8de faner manglede i Christiansgave"},"content":{"rendered":"<p><strong>THISTED:<\/strong> Traditioner st\u00e5r for fald og hvis r\u00f8de p\u00f8lser, h\u00e5ndbajere og f\u00e6llessang er en del af traditionerne omkring et rigtigt 1. maj-arrangement, s\u00e5 havde FH Thisted rokket lidt ved traditionerne ved dette \u00e5rs markering af 1. maj i Christiansgave i Thisted.<\/p>\n<a class=\"dvrt-link\" onClick=\"cdmtrack_click(4416,jQuery(this));return false\" href=\"https:\/\/sdrhaa.dk\/\"><img decoding=\"async\" style=\"width:100%;\" src=\"https:\/\/kunmedierne.dk\/thy\/wp-content\/uploads\/sites\/2\/2025\/05\/260302Din-gebyrvenlige-sparekasse_SHS_Thy-1.gif\"><\/a><script>cdmtrack_view(4416);<\/script>\n<p>Helt bevidst var de r\u00f8de p\u00f8lser erstattet af hveder til de godt 80 fremm\u00f8dte p\u00e5 b\u00e6nkene foran scenen.<\/p>\n<div id=\"attachment_21529\" style=\"width: 4674px\" class=\"wp-caption alignnone\"><img loading=\"lazy\" decoding=\"async\" aria-describedby=\"caption-attachment-21529\" class=\"wp-image-21529 size-full\" src=\"https:\/\/kunmedierne.dk\/thy\/wp-content\/uploads\/sites\/2\/2026\/05\/01.maj26-01-kopier.jpg\" alt=\"\" width=\"4664\" height=\"3104\" srcset=\"https:\/\/kunmedierne.dk\/thy\/wp-content\/uploads\/sites\/2\/2026\/05\/01.maj26-01-kopier.jpg 4664w, https:\/\/kunmedierne.dk\/thy\/wp-content\/uploads\/sites\/2\/2026\/05\/01.maj26-01-kopier-300x200.jpg 300w, https:\/\/kunmedierne.dk\/thy\/wp-content\/uploads\/sites\/2\/2026\/05\/01.maj26-01-kopier-1024x681.jpg 1024w, https:\/\/kunmedierne.dk\/thy\/wp-content\/uploads\/sites\/2\/2026\/05\/01.maj26-01-kopier-510x339.jpg 510w\" sizes=\"auto, (max-width: 4664px) 100vw, 4664px\" \/><p id=\"caption-attachment-21529\" class=\"wp-caption-text\">Der var masser af lysegr\u00f8nt l\u00f8v i Christiansgave, men de r\u00f8de faner manglede til FH Thisteds 1. maj arrangement under tr\u00e6erne. Foto: Jens Fogh-Andersen<\/p><\/div>\n<p>&nbsp;<\/p>\n<p>Dette som en markering af, at afskaffelsen af Store Bededag stadig er noget, der ikke v\u00e6kker udelt begejstring i brede dele af fagbev\u00e6gelsen, til trods for at en v\u00e5rfrisk meningsm\u00e5ling siger, at under halvdelen af danskerne i dag \u00f8nsker store bededag tilbage som fridag og at FOA-formand Mona Striib i et interview i Berlingske forleden erkender, at det for hende ikke l\u00e6ngere er vigtigt at genindf\u00f8re store bededag som en helligdag.<\/p>\n<p>Ud over p\u00f8lserne manglede noget andet af det, der g\u00f8r 1. maj til en r\u00f8d festdag, nemlig de r\u00f8de faner, som normalt lyser op p\u00e5 en baggrund af nyudsprungne lysegr\u00f8nne tr\u00e6er. Lige bortset fra en enkelt, der stod bagerst p\u00e5 scenen, hvor paneldebat ogs\u00e5 i \u00e5r var alternativet til den gammeldags 1. maj tale.<\/p>\n<div id=\"attachment_21534\" style=\"width: 3174px\" class=\"wp-caption alignnone\"><img loading=\"lazy\" decoding=\"async\" aria-describedby=\"caption-attachment-21534\" class=\"wp-image-21534 size-full\" src=\"https:\/\/kunmedierne.dk\/thy\/wp-content\/uploads\/sites\/2\/2026\/05\/01.maj26-06-kopier.jpg\" alt=\"\" width=\"3164\" height=\"2101\" srcset=\"https:\/\/kunmedierne.dk\/thy\/wp-content\/uploads\/sites\/2\/2026\/05\/01.maj26-06-kopier.jpg 3164w, https:\/\/kunmedierne.dk\/thy\/wp-content\/uploads\/sites\/2\/2026\/05\/01.maj26-06-kopier-300x199.jpg 300w, https:\/\/kunmedierne.dk\/thy\/wp-content\/uploads\/sites\/2\/2026\/05\/01.maj26-06-kopier-1024x680.jpg 1024w, https:\/\/kunmedierne.dk\/thy\/wp-content\/uploads\/sites\/2\/2026\/05\/01.maj26-06-kopier-510x339.jpg 510w\" sizes=\"auto, (max-width: 3164px) 100vw, 3164px\" \/><p id=\"caption-attachment-21534\" class=\"wp-caption-text\">Mads Hundahl Gravesen er formand for FH Thisted. Foto: Jens Fogh-Andersen.<\/p><\/div>\n<p>&nbsp;<\/p>\n<p>\u00c6ndringerne var, m\u00e5ske med frav\u00e6ret af de r\u00f8de faner, ikke tilf\u00e6ldige. Allerede for en uges tid siden lod Mads Hundahl Gravesen, formand for FH Thisted forst\u00e5, at &#8220;fagbev\u00e6gelsen ikke samles bare for traditionens skyld, men fordi f\u00e6llesskabet, solidariteten og ordentlige forhold p\u00e5 arbejdsmarkedet er vigtigere end nogensinde&#8221;, og den hensigt blev der levet op til.<\/p>\n<a class=\"dvrt-link\" onClick=\"cdmtrack_click(689,jQuery(this));return false\" href=\"https:\/\/www.thistedbolig.dk\"><img decoding=\"async\" style=\"width:100%;\" src=\"https:\/\/kunmedierne.dk\/thy\/wp-content\/uploads\/sites\/2\/2025\/03\/260414ThistedBoligApril-opslag-002-1.jpg\"><\/a><script>cdmtrack_view(689);<\/script>\n<p>Ikke med taler om f\u00e6llesskab, solidaritet og sammenhold, men med paneldebatter om nogle af de forhold, som, her og nu er aktuelle i dagens debat om arbejdsmarked og om l\u00f8nmodtagernes forhold.<\/p>\n<p>F\u00f8rste paneldebat stod mellem folketingsmedlem Simon Kollerup, S, Berit Raldin, EL, og Morten Bo Bertelsen, medlem af Thisted Kommunalbestyrelsen.<\/p>\n<p>Her blev der stillet skarpt p\u00e5 forhold omkring fremtidens arbejdspladser og mulighederne for at d\u00e6kke virksomhedernes eftersp\u00f8rgsel efter medarbejdere med udenlandsk arbejdskraft &#8211; en diskussion, som naturligt ledte hen p\u00e5 behovet for at g\u00f8re en indsats mod social dumping, hvor blandt andre medarbejdere fra udlandet ans\u00e6ttes til en l\u00f8n under det, dansk arbejdskraft er sikret gennem deres overenskomst.<\/p>\n<div id=\"attachment_21531\" style=\"width: 3501px\" class=\"wp-caption alignnone\"><img loading=\"lazy\" decoding=\"async\" aria-describedby=\"caption-attachment-21531\" class=\"wp-image-21531 size-full\" src=\"https:\/\/kunmedierne.dk\/thy\/wp-content\/uploads\/sites\/2\/2026\/05\/01.maj26-03-kopier.jpg\" alt=\"\" width=\"3491\" height=\"2319\" srcset=\"https:\/\/kunmedierne.dk\/thy\/wp-content\/uploads\/sites\/2\/2026\/05\/01.maj26-03-kopier.jpg 3491w, https:\/\/kunmedierne.dk\/thy\/wp-content\/uploads\/sites\/2\/2026\/05\/01.maj26-03-kopier-300x199.jpg 300w, https:\/\/kunmedierne.dk\/thy\/wp-content\/uploads\/sites\/2\/2026\/05\/01.maj26-03-kopier-1024x680.jpg 1024w, https:\/\/kunmedierne.dk\/thy\/wp-content\/uploads\/sites\/2\/2026\/05\/01.maj26-03-kopier-510x339.jpg 510w\" sizes=\"auto, (max-width: 3491px) 100vw, 3491px\" \/><p id=\"caption-attachment-21531\" class=\"wp-caption-text\">Morten Bo Bertelsen, tv., Berit Raldin og Simon Kollerup diskuterede blandt andet virksomhedernes muligheder for at d\u00e6kke behovet for medarbejdere med arbejdskraft fra udlandet. Foto: Jens Fogh-Andersen.<\/p><\/div>\n<p>&nbsp;<\/p>\n<p>&#8211; Afskaf praktikordningen i landbruget, l\u00f8d det fra Berit Raldin, mens Simon Kollerup mente, at l\u00f8sningen p\u00e5 problemet l\u00e5 i et st\u00e6rkt og velorganiseret arbejdsmarked.<\/p>\n<p>Morten Bo Bertelsen opfordrede fagbev\u00e6gelsen til at se indad i forhold til et et faldende medlemstal og tr\u00e6de op i forhold til et velorganiseret arbejdsmarked.<\/p>\n<p>&#8211; G\u00f8r i nok for at f\u00e5 de unge ind, spurgte Morten Bo Bertelsen.<\/p>\n<p>Han gjorde ogs\u00e5 opm\u00e6rksom p\u00e5, at Thisted Kommune i sit budget for 2026 har afsat tre millioner kroner til at rekruttere udenlandsk arbejdskraft.<\/p>\n<p>&#8211; Men stilles der samtidig krav til ans\u00e6ttelsesvilk\u00e5rene, spurgte han retorisk.<\/p>\n<a class=\"dvrt-link\" onClick=\"cdmtrack_click(685,jQuery(this));return false\" href=\"https:\/\/wensien.dk\/begravelse\/?gad_source=1&gclid=Cj0KCQjwtJ6_BhDWARIsAGanmKcWw6hbeoepGti1oApJGHln52gMbg8EBRZ86__3P1AJZ5dcsw4ZvNEaAk7JEALw_wcB\"><img decoding=\"async\" style=\"width:100%;\" src=\"https:\/\/kunmedierne.dk\/thy\/wp-content\/uploads\/sites\/2\/2025\/03\/wensien-stenhugger.jpg\"><\/a><script>cdmtrack_view(685);<\/script>\n<p>I debatten ber\u00f8rte de tre ogs\u00e5, hvad der kan og b\u00f8r g\u00f8res, hvis arbejdsgivere ikke overholder reglerne. Her var svaret fra Simon Kollerup klart:<\/p>\n<p>&#8211; Arbejdsgiverne har ansvar for at holde orden i deres egen butik. Der er intet behov for at holde h\u00e5nden over dem, som ikke spiller reglerne, som de fleste g\u00f8r, sagde han.<\/p>\n<p>Simon Kollerup talte ogs\u00e5 for behovet for, at adgangen til at rekruttere udenlandsk arbejdskraft skal regelf\u00e6stes. Er der en lovgivning at leve op til, giver det en anderledes adgang til at rekruttere udenlandsk arbejdskraft.<\/p>\n<div id=\"attachment_21533\" style=\"width: 4033px\" class=\"wp-caption alignnone\"><img loading=\"lazy\" decoding=\"async\" aria-describedby=\"caption-attachment-21533\" class=\"wp-image-21533 size-full\" src=\"https:\/\/kunmedierne.dk\/thy\/wp-content\/uploads\/sites\/2\/2026\/05\/01.maj26-05-kopier.jpg\" alt=\"\" width=\"4023\" height=\"2672\" srcset=\"https:\/\/kunmedierne.dk\/thy\/wp-content\/uploads\/sites\/2\/2026\/05\/01.maj26-05-kopier.jpg 4023w, https:\/\/kunmedierne.dk\/thy\/wp-content\/uploads\/sites\/2\/2026\/05\/01.maj26-05-kopier-300x199.jpg 300w, https:\/\/kunmedierne.dk\/thy\/wp-content\/uploads\/sites\/2\/2026\/05\/01.maj26-05-kopier-1024x680.jpg 1024w, https:\/\/kunmedierne.dk\/thy\/wp-content\/uploads\/sites\/2\/2026\/05\/01.maj26-05-kopier-510x339.jpg 510w\" sizes=\"auto, (max-width: 4023px) 100vw, 4023px\" \/><p id=\"caption-attachment-21533\" class=\"wp-caption-text\">Der blev lyttet p\u00e5 b\u00e6nker\u00e6kkerne. Foto: Jens Fogh-Andersen.<\/p><\/div>\n<p>&nbsp;<\/p>\n<p>Her blandende Dan Vestergaard Jensen, f\u00e6llestillidsmand p\u00e5 Tican, sig i debatten Han ville konkret vide, hvad de tre i panelet ville g\u00f8re for at sikre de 1000 nuv\u00e6rende arbejdspladser p\u00e5 slagteriet og samtidig sikre, at behovet for op til 500 nye medarbejdere blev d\u00e6kket.<\/p>\n<p>&#8211; Vi ans\u00e6tter ingen p\u00e5 Tican uden overenskomst, sagde Dan Vestergaard J\u00f8rgensen og tilf\u00f8jede, at danske slagtesvin ikke skal k\u00f8res ud af landet for at blive slagtet.<\/p>\n<p>&#8211; Jeg har ikke sagt, at Tican skal lukke, men p\u00e5 den lange bane skal vi diskutere produktionen. Tican har udfordringer med b\u00e5de udledninger og milj\u00f8. Det m\u00e5 vi tage alvorligt, sagde Morten Bo Bertelsen.<\/p>\n<p>Berit Raldin talte for at stoppe slagtning af danske svin i udlandet, men ogs\u00e5 for, at der produceres f\u00e6rre svin i Danmark. Uanset et eventuelt tab af arbejdspladser.<\/p>\n<p>&#8211; Man skal ikke altid arbejde p\u00e5 slagteriet i Thisted, fordi det altid har ligget her. Slagteriarbejdspladser i Thisted tr\u00e6kker ikke unge tilbage hertil, sagde hun.<\/p>\n<a class=\"dvrt-link\" onClick=\"cdmtrack_click(18790,jQuery(this));return false\" href=\"https:\/\/thymors.dk\/sponsorater\/15-til-faellesskabet?utm_source=kunthy&amp;utm_medium=annonce&amp;utm_campaign=sponsorater\"><img decoding=\"async\" style=\"width:100%;\" src=\"https:\/\/kunmedierne.dk\/thy\/wp-content\/uploads\/sites\/2\/2026\/03\/260407ThyMors-energi_faellesskab_generel-1.jpg\"><\/a><script>cdmtrack_view(18790);<\/script>\n<p>Simon Kollerup talte for \u00f8get kontrol med produktionsforholdene i svineproduktionen, men ville ikke s\u00e6tte procenter p\u00e5 en eventuel reduktion af svineproduktionen.<\/p>\n<div id=\"attachment_21532\" style=\"width: 3247px\" class=\"wp-caption alignnone\"><img loading=\"lazy\" decoding=\"async\" aria-describedby=\"caption-attachment-21532\" class=\"wp-image-21532 size-full\" src=\"https:\/\/kunmedierne.dk\/thy\/wp-content\/uploads\/sites\/2\/2026\/05\/01.maj26-04-kopier.jpg\" alt=\"\" width=\"3237\" height=\"2150\" srcset=\"https:\/\/kunmedierne.dk\/thy\/wp-content\/uploads\/sites\/2\/2026\/05\/01.maj26-04-kopier.jpg 3237w, https:\/\/kunmedierne.dk\/thy\/wp-content\/uploads\/sites\/2\/2026\/05\/01.maj26-04-kopier-300x199.jpg 300w, https:\/\/kunmedierne.dk\/thy\/wp-content\/uploads\/sites\/2\/2026\/05\/01.maj26-04-kopier-1024x680.jpg 1024w, https:\/\/kunmedierne.dk\/thy\/wp-content\/uploads\/sites\/2\/2026\/05\/01.maj26-04-kopier-510x339.jpg 510w\" sizes=\"auto, (max-width: 3237px) 100vw, 3237px\" \/><p id=\"caption-attachment-21532\" class=\"wp-caption-text\">Vi kan dr\u00f8mme om en aftale mellem kommunen, virksomhederne og erhvervsskolerne, som sikrer garanti for praktikpladser i Thy, sagde Thorkild Olesen, i midten, da han sad i debatpanal sammen med Kamilla Kjeldgaard Futtrup og Jan Fink Mejlgaard. Foto: Jens Fogh-Andersen.<\/p><\/div>\n<p>&nbsp;<\/p>\n<p>I 1. maj arrangementets anden politiske debatrunde dr\u00f8ftede Jan Fink Mejlgaard, S, Thorkild Olesen, SF, og Kamilla Kjeldgaard Futtrup, EL, forhold omkring trivsel og ensomhed. Her bem\u00e6rkede Kamilla Futtrup, at det fortsat mangler l\u00f8sninger efter lukningen af Basen og Skiftesporet. Der blev om l\u00e6rte- og praktikpladser og om garanti for praktikpladser.<\/p>\n<p>&#8211; Vi kan dr\u00f8mme om en aftale mellem kommunen, virksomhederne og erhvervsskolerne, som sikrer garanti for praktikpladser i Thy, sagde Thorkild Olesen.<\/p>\n<p>&#8211; Enig, l\u00f8d det fra Kamilla Futtrup som tilf\u00f8jede:<\/p>\n<p>&#8211; Hvis mangel p\u00e5 arbejdskraft er et problem for virksomhederne i Thy, hvorfor s\u00e5 ikke \u00e5bne mulighed for at skabe flere l\u00e6re- og praktikpladser i Thisted Kommune.<\/p>\n","protected":false},"excerpt":{"rendered":"<p>THISTED: Traditioner st\u00e5r for fald og hvis r\u00f8de p\u00f8lser, h\u00e5ndbajere og f\u00e6llessang er en del af traditionerne omkring et rigtigt 1. maj-arrangement, s\u00e5 havde FH Thisted rokket lidt ved traditionerne ved dette \u00e5rs markering af 1. maj i Christiansgave i Thisted. Helt bevidst var de r\u00f8de p\u00f8lser erstattet af hveder til de godt 80 fremm\u00f8dte [&hellip;]<\/p>\n","protected":false},"author":4535,"featured_media":0,"comment_status":"closed","ping_status":"closed","sticky":false,"template":"","format":"standard","meta":{"_acf_changed":false,"footnotes":""},"categories":[24],"tags":[72,36],"class_list":["post-21524","post","type-post","status-publish","format-standard","hentry","category-lokalt","tag-arbejdsmarked","tag-politik"],"acf":[],"yoast_head":"<!-- This site is optimized with the Yoast SEO plugin v26.8 - https:\/\/yoast.com\/product\/yoast-seo-wordpress\/ -->\n<title>1. maj i lysegr\u00f8nt: De r\u00f8de faner manglede i Christiansgave - Thy<\/title>\n<meta name=\"robots\" content=\"index, follow, max-snippet:-1, max-image-preview:large, max-video-preview:-1\" \/>\n<link rel=\"canonical\" href=\"https:\/\/kunmedierne.dk\/thy\/1-maj-i-lysegroent-de-roede-faner-manglede-i-christiansgave\/\" \/>\n<meta property=\"og:locale\" content=\"da_DK\" \/>\n<meta property=\"og:type\" content=\"article\" \/>\n<meta property=\"og:title\" content=\"1. maj i lysegr\u00f8nt: De r\u00f8de faner manglede i Christiansgave - Thy\" \/>\n<meta property=\"og:description\" content=\"THISTED: Traditioner st\u00e5r for fald og hvis r\u00f8de p\u00f8lser, h\u00e5ndbajere og f\u00e6llessang er en del af traditionerne omkring et rigtigt 1. maj-arrangement, s\u00e5 havde FH Thisted rokket lidt ved traditionerne ved dette \u00e5rs markering af 1. maj i Christiansgave i Thisted. Helt bevidst var de r\u00f8de p\u00f8lser erstattet af hveder til de godt 80 fremm\u00f8dte [&hellip;]\" \/>\n<meta property=\"og:url\" content=\"https:\/\/kunmedierne.dk\/thy\/1-maj-i-lysegroent-de-roede-faner-manglede-i-christiansgave\/\" \/>\n<meta property=\"og:site_name\" content=\"Thy\" \/>\n<meta property=\"article:published_time\" content=\"2026-05-01T16:37:39+00:00\" \/>\n<meta property=\"og:image\" content=\"https:\/\/kunmedierne.dk\/thy\/wp-content\/uploads\/sites\/2\/2026\/05\/01.maj26-01-kopier.jpg\" \/>\n<meta name=\"author\" content=\"Jens Fogh Andersen\" \/>\n<meta name=\"twitter:card\" content=\"summary_large_image\" \/>\n<meta name=\"twitter:label1\" content=\"Skrevet af\" \/>\n\t<meta name=\"twitter:data1\" content=\"Jens Fogh Andersen\" \/>\n\t<meta name=\"twitter:label2\" content=\"Estimeret l\u00e6setid\" \/>\n\t<meta name=\"twitter:data2\" content=\"7 minutter\" \/>\n<script type=\"application\/ld+json\" class=\"yoast-schema-graph\">{\"@context\":\"https:\/\/schema.org\",\"@graph\":[{\"@type\":\"Article\",\"@id\":\"https:\/\/kunmedierne.dk\/thy\/1-maj-i-lysegroent-de-roede-faner-manglede-i-christiansgave\/#article\",\"isPartOf\":{\"@id\":\"https:\/\/kunmedierne.dk\/thy\/1-maj-i-lysegroent-de-roede-faner-manglede-i-christiansgave\/\"},\"author\":{\"name\":\"Jens Fogh Andersen\",\"@id\":\"https:\/\/kunmedierne.dk\/thy\/#\/schema\/person\/88f5be46809ca2a5533760eb574fef93\"},\"headline\":\"1. maj i lysegr\u00f8nt: De r\u00f8de faner manglede i Christiansgave\",\"datePublished\":\"2026-05-01T16:37:39+00:00\",\"mainEntityOfPage\":{\"@id\":\"https:\/\/kunmedierne.dk\/thy\/1-maj-i-lysegroent-de-roede-faner-manglede-i-christiansgave\/\"},\"wordCount\":1062,\"publisher\":{\"@id\":\"https:\/\/kunmedierne.dk\/thy\/#organization\"},\"image\":{\"@id\":\"https:\/\/kunmedierne.dk\/thy\/1-maj-i-lysegroent-de-roede-faner-manglede-i-christiansgave\/#primaryimage\"},\"thumbnailUrl\":\"https:\/\/kunmedierne.dk\/thy\/wp-content\/uploads\/sites\/2\/2026\/05\/01.maj26-01-kopier.jpg\",\"keywords\":[\"Arbejdsmarked\",\"Politik\"],\"articleSection\":[\"Lokalt\"],\"inLanguage\":\"da-DK\"},{\"@type\":\"WebPage\",\"@id\":\"https:\/\/kunmedierne.dk\/thy\/1-maj-i-lysegroent-de-roede-faner-manglede-i-christiansgave\/\",\"url\":\"https:\/\/kunmedierne.dk\/thy\/1-maj-i-lysegroent-de-roede-faner-manglede-i-christiansgave\/\",\"name\":\"1. maj i lysegr\u00f8nt: De r\u00f8de faner manglede i Christiansgave - Thy\",\"isPartOf\":{\"@id\":\"https:\/\/kunmedierne.dk\/thy\/#website\"},\"primaryImageOfPage\":{\"@id\":\"https:\/\/kunmedierne.dk\/thy\/1-maj-i-lysegroent-de-roede-faner-manglede-i-christiansgave\/#primaryimage\"},\"image\":{\"@id\":\"https:\/\/kunmedierne.dk\/thy\/1-maj-i-lysegroent-de-roede-faner-manglede-i-christiansgave\/#primaryimage\"},\"thumbnailUrl\":\"https:\/\/kunmedierne.dk\/thy\/wp-content\/uploads\/sites\/2\/2026\/05\/01.maj26-01-kopier.jpg\",\"datePublished\":\"2026-05-01T16:37:39+00:00\",\"breadcrumb\":{\"@id\":\"https:\/\/kunmedierne.dk\/thy\/1-maj-i-lysegroent-de-roede-faner-manglede-i-christiansgave\/#breadcrumb\"},\"inLanguage\":\"da-DK\",\"potentialAction\":[{\"@type\":\"ReadAction\",\"target\":[\"https:\/\/kunmedierne.dk\/thy\/1-maj-i-lysegroent-de-roede-faner-manglede-i-christiansgave\/\"]}]},{\"@type\":\"ImageObject\",\"inLanguage\":\"da-DK\",\"@id\":\"https:\/\/kunmedierne.dk\/thy\/1-maj-i-lysegroent-de-roede-faner-manglede-i-christiansgave\/#primaryimage\",\"url\":\"https:\/\/kunmedierne.dk\/thy\/wp-content\/uploads\/sites\/2\/2026\/05\/01.maj26-01-kopier.jpg\",\"contentUrl\":\"https:\/\/kunmedierne.dk\/thy\/wp-content\/uploads\/sites\/2\/2026\/05\/01.maj26-01-kopier.jpg\",\"width\":4664,\"height\":3104,\"caption\":\"1. maj 2026, Christiansgave. Foto: Jens Fogh-Andersen. 010526\"},{\"@type\":\"BreadcrumbList\",\"@id\":\"https:\/\/kunmedierne.dk\/thy\/1-maj-i-lysegroent-de-roede-faner-manglede-i-christiansgave\/#breadcrumb\",\"itemListElement\":[{\"@type\":\"ListItem\",\"position\":1,\"name\":\"Home\",\"item\":\"https:\/\/kunmedierne.dk\/thy\/\"},{\"@type\":\"ListItem\",\"position\":2,\"name\":\"1. maj i lysegr\u00f8nt: De r\u00f8de faner manglede i Christiansgave\"}]},{\"@type\":\"WebSite\",\"@id\":\"https:\/\/kunmedierne.dk\/thy\/#website\",\"url\":\"https:\/\/kunmedierne.dk\/thy\/\",\"name\":\"Thy\",\"description\":\"et netmedie med journalistik om livet i Thy\",\"publisher\":{\"@id\":\"https:\/\/kunmedierne.dk\/thy\/#organization\"},\"potentialAction\":[{\"@type\":\"SearchAction\",\"target\":{\"@type\":\"EntryPoint\",\"urlTemplate\":\"https:\/\/kunmedierne.dk\/thy\/?s={search_term_string}\"},\"query-input\":{\"@type\":\"PropertyValueSpecification\",\"valueRequired\":true,\"valueName\":\"search_term_string\"}}],\"inLanguage\":\"da-DK\"},{\"@type\":\"Organization\",\"@id\":\"https:\/\/kunmedierne.dk\/thy\/#organization\",\"name\":\"Thy\",\"url\":\"https:\/\/kunmedierne.dk\/thy\/\",\"logo\":{\"@type\":\"ImageObject\",\"inLanguage\":\"da-DK\",\"@id\":\"https:\/\/kunmedierne.dk\/thy\/#\/schema\/logo\/image\/\",\"url\":\"https:\/\/kunmedierne.dk\/thy\/wp-content\/uploads\/sites\/2\/2025\/04\/kunthy-logo.svg\",\"contentUrl\":\"https:\/\/kunmedierne.dk\/thy\/wp-content\/uploads\/sites\/2\/2025\/04\/kunthy-logo.svg\",\"caption\":\"Thy\"},\"image\":{\"@id\":\"https:\/\/kunmedierne.dk\/thy\/#\/schema\/logo\/image\/\"}},{\"@type\":\"Person\",\"@id\":\"https:\/\/kunmedierne.dk\/thy\/#\/schema\/person\/88f5be46809ca2a5533760eb574fef93\",\"name\":\"Jens Fogh Andersen\",\"image\":{\"@type\":\"ImageObject\",\"inLanguage\":\"da-DK\",\"@id\":\"https:\/\/kunmedierne.dk\/thy\/#\/schema\/person\/image\/\",\"url\":\"https:\/\/secure.gravatar.com\/avatar\/2b367a4ef139b1c41dccc9ee7af926b81f8b4cca3359772e86c7fd5ced26c0a3?s=96&d=mm&r=g\",\"contentUrl\":\"https:\/\/secure.gravatar.com\/avatar\/2b367a4ef139b1c41dccc9ee7af926b81f8b4cca3359772e86c7fd5ced26c0a3?s=96&d=mm&r=g\",\"caption\":\"Jens Fogh Andersen\"},\"url\":\"https:\/\/kunmedierne.dk\/thy\/author\/jfa\/\"}]}<\/script>\n<!-- \/ Yoast SEO plugin. -->","yoast_head_json":{"title":"1. maj i lysegr\u00f8nt: De r\u00f8de faner manglede i Christiansgave - Thy","robots":{"index":"index","follow":"follow","max-snippet":"max-snippet:-1","max-image-preview":"max-image-preview:large","max-video-preview":"max-video-preview:-1"},"canonical":"https:\/\/kunmedierne.dk\/thy\/1-maj-i-lysegroent-de-roede-faner-manglede-i-christiansgave\/","og_locale":"da_DK","og_type":"article","og_title":"1. maj i lysegr\u00f8nt: De r\u00f8de faner manglede i Christiansgave - Thy","og_description":"THISTED: Traditioner st\u00e5r for fald og hvis r\u00f8de p\u00f8lser, h\u00e5ndbajere og f\u00e6llessang er en del af traditionerne omkring et rigtigt 1. maj-arrangement, s\u00e5 havde FH Thisted rokket lidt ved traditionerne ved dette \u00e5rs markering af 1. maj i Christiansgave i Thisted. Helt bevidst var de r\u00f8de p\u00f8lser erstattet af hveder til de godt 80 fremm\u00f8dte [&hellip;]","og_url":"https:\/\/kunmedierne.dk\/thy\/1-maj-i-lysegroent-de-roede-faner-manglede-i-christiansgave\/","og_site_name":"Thy","article_published_time":"2026-05-01T16:37:39+00:00","og_image":[{"url":"https:\/\/kunmedierne.dk\/thy\/wp-content\/uploads\/sites\/2\/2026\/05\/01.maj26-01-kopier.jpg","type":"","width":"","height":""}],"author":"Jens Fogh Andersen","twitter_card":"summary_large_image","twitter_misc":{"Skrevet af":"Jens Fogh Andersen","Estimeret l\u00e6setid":"7 minutter"},"schema":{"@context":"https:\/\/schema.org","@graph":[{"@type":"Article","@id":"https:\/\/kunmedierne.dk\/thy\/1-maj-i-lysegroent-de-roede-faner-manglede-i-christiansgave\/#article","isPartOf":{"@id":"https:\/\/kunmedierne.dk\/thy\/1-maj-i-lysegroent-de-roede-faner-manglede-i-christiansgave\/"},"author":{"name":"Jens Fogh Andersen","@id":"https:\/\/kunmedierne.dk\/thy\/#\/schema\/person\/88f5be46809ca2a5533760eb574fef93"},"headline":"1. maj i lysegr\u00f8nt: De r\u00f8de faner manglede i Christiansgave","datePublished":"2026-05-01T16:37:39+00:00","mainEntityOfPage":{"@id":"https:\/\/kunmedierne.dk\/thy\/1-maj-i-lysegroent-de-roede-faner-manglede-i-christiansgave\/"},"wordCount":1062,"publisher":{"@id":"https:\/\/kunmedierne.dk\/thy\/#organization"},"image":{"@id":"https:\/\/kunmedierne.dk\/thy\/1-maj-i-lysegroent-de-roede-faner-manglede-i-christiansgave\/#primaryimage"},"thumbnailUrl":"https:\/\/kunmedierne.dk\/thy\/wp-content\/uploads\/sites\/2\/2026\/05\/01.maj26-01-kopier.jpg","keywords":["Arbejdsmarked","Politik"],"articleSection":["Lokalt"],"inLanguage":"da-DK"},{"@type":"WebPage","@id":"https:\/\/kunmedierne.dk\/thy\/1-maj-i-lysegroent-de-roede-faner-manglede-i-christiansgave\/","url":"https:\/\/kunmedierne.dk\/thy\/1-maj-i-lysegroent-de-roede-faner-manglede-i-christiansgave\/","name":"1. maj i lysegr\u00f8nt: De r\u00f8de faner manglede i Christiansgave - Thy","isPartOf":{"@id":"https:\/\/kunmedierne.dk\/thy\/#website"},"primaryImageOfPage":{"@id":"https:\/\/kunmedierne.dk\/thy\/1-maj-i-lysegroent-de-roede-faner-manglede-i-christiansgave\/#primaryimage"},"image":{"@id":"https:\/\/kunmedierne.dk\/thy\/1-maj-i-lysegroent-de-roede-faner-manglede-i-christiansgave\/#primaryimage"},"thumbnailUrl":"https:\/\/kunmedierne.dk\/thy\/wp-content\/uploads\/sites\/2\/2026\/05\/01.maj26-01-kopier.jpg","datePublished":"2026-05-01T16:37:39+00:00","breadcrumb":{"@id":"https:\/\/kunmedierne.dk\/thy\/1-maj-i-lysegroent-de-roede-faner-manglede-i-christiansgave\/#breadcrumb"},"inLanguage":"da-DK","potentialAction":[{"@type":"ReadAction","target":["https:\/\/kunmedierne.dk\/thy\/1-maj-i-lysegroent-de-roede-faner-manglede-i-christiansgave\/"]}]},{"@type":"ImageObject","inLanguage":"da-DK","@id":"https:\/\/kunmedierne.dk\/thy\/1-maj-i-lysegroent-de-roede-faner-manglede-i-christiansgave\/#primaryimage","url":"https:\/\/kunmedierne.dk\/thy\/wp-content\/uploads\/sites\/2\/2026\/05\/01.maj26-01-kopier.jpg","contentUrl":"https:\/\/kunmedierne.dk\/thy\/wp-content\/uploads\/sites\/2\/2026\/05\/01.maj26-01-kopier.jpg","width":4664,"height":3104,"caption":"1. maj 2026, Christiansgave. Foto: Jens Fogh-Andersen. 010526"},{"@type":"BreadcrumbList","@id":"https:\/\/kunmedierne.dk\/thy\/1-maj-i-lysegroent-de-roede-faner-manglede-i-christiansgave\/#breadcrumb","itemListElement":[{"@type":"ListItem","position":1,"name":"Home","item":"https:\/\/kunmedierne.dk\/thy\/"},{"@type":"ListItem","position":2,"name":"1. maj i lysegr\u00f8nt: De r\u00f8de faner manglede i Christiansgave"}]},{"@type":"WebSite","@id":"https:\/\/kunmedierne.dk\/thy\/#website","url":"https:\/\/kunmedierne.dk\/thy\/","name":"Thy","description":"et netmedie med journalistik om livet i Thy","publisher":{"@id":"https:\/\/kunmedierne.dk\/thy\/#organization"},"potentialAction":[{"@type":"SearchAction","target":{"@type":"EntryPoint","urlTemplate":"https:\/\/kunmedierne.dk\/thy\/?s={search_term_string}"},"query-input":{"@type":"PropertyValueSpecification","valueRequired":true,"valueName":"search_term_string"}}],"inLanguage":"da-DK"},{"@type":"Organization","@id":"https:\/\/kunmedierne.dk\/thy\/#organization","name":"Thy","url":"https:\/\/kunmedierne.dk\/thy\/","logo":{"@type":"ImageObject","inLanguage":"da-DK","@id":"https:\/\/kunmedierne.dk\/thy\/#\/schema\/logo\/image\/","url":"https:\/\/kunmedierne.dk\/thy\/wp-content\/uploads\/sites\/2\/2025\/04\/kunthy-logo.svg","contentUrl":"https:\/\/kunmedierne.dk\/thy\/wp-content\/uploads\/sites\/2\/2025\/04\/kunthy-logo.svg","caption":"Thy"},"image":{"@id":"https:\/\/kunmedierne.dk\/thy\/#\/schema\/logo\/image\/"}},{"@type":"Person","@id":"https:\/\/kunmedierne.dk\/thy\/#\/schema\/person\/88f5be46809ca2a5533760eb574fef93","name":"Jens Fogh Andersen","image":{"@type":"ImageObject","inLanguage":"da-DK","@id":"https:\/\/kunmedierne.dk\/thy\/#\/schema\/person\/image\/","url":"https:\/\/secure.gravatar.com\/avatar\/2b367a4ef139b1c41dccc9ee7af926b81f8b4cca3359772e86c7fd5ced26c0a3?s=96&d=mm&r=g","contentUrl":"https:\/\/secure.gravatar.com\/avatar\/2b367a4ef139b1c41dccc9ee7af926b81f8b4cca3359772e86c7fd5ced26c0a3?s=96&d=mm&r=g","caption":"Jens Fogh Andersen"},"url":"https:\/\/kunmedierne.dk\/thy\/author\/jfa\/"}]}},"_links":{"self":[{"href":"https:\/\/kunmedierne.dk\/thy\/wp-json\/wp\/v2\/posts\/21524","targetHints":{"allow":["GET"]}}],"collection":[{"href":"https:\/\/kunmedierne.dk\/thy\/wp-json\/wp\/v2\/posts"}],"about":[{"href":"https:\/\/kunmedierne.dk\/thy\/wp-json\/wp\/v2\/types\/post"}],"author":[{"embeddable":true,"href":"https:\/\/kunmedierne.dk\/thy\/wp-json\/wp\/v2\/users\/4535"}],"replies":[{"embeddable":true,"href":"https:\/\/kunmedierne.dk\/thy\/wp-json\/wp\/v2\/comments?post=21524"}],"version-history":[{"count":7,"href":"https:\/\/kunmedierne.dk\/thy\/wp-json\/wp\/v2\/posts\/21524\/revisions"}],"predecessor-version":[{"id":21543,"href":"https:\/\/kunmedierne.dk\/thy\/wp-json\/wp\/v2\/posts\/21524\/revisions\/21543"}],"wp:attachment":[{"href":"https:\/\/kunmedierne.dk\/thy\/wp-json\/wp\/v2\/media?parent=21524"}],"wp:term":[{"taxonomy":"category","embeddable":true,"href":"https:\/\/kunmedierne.dk\/thy\/wp-json\/wp\/v2\/categories?post=21524"},{"taxonomy":"post_tag","embeddable":true,"href":"https:\/\/kunmedierne.dk\/thy\/wp-json\/wp\/v2\/tags?post=21524"}],"curies":[{"name":"wp","href":"https:\/\/api.w.org\/{rel}","templated":true}]}}