{"id":21494,"date":"2026-05-02T11:42:09","date_gmt":"2026-05-02T09:42:09","guid":{"rendered":"https:\/\/kunmedierne.dk\/thy\/?p=21494"},"modified":"2026-05-01T09:43:29","modified_gmt":"2026-05-01T07:43:29","slug":"han-ligner-en-hvilken-som-helst-elitesvoemmer-men-jagter-en-plads-til-de-paralympiske-lege","status":"publish","type":"post","link":"https:\/\/kunmedierne.dk\/thy\/han-ligner-en-hvilken-som-helst-elitesvoemmer-men-jagter-en-plads-til-de-paralympiske-lege\/","title":{"rendered":"Han ligner en hvilken som helst elitesv\u00f8mmer \u2013 men jagter en plads til De Paralympiske Lege"},"content":{"rendered":"<p><strong>THISTED:<\/strong> Luften i Thy Hallen er varm og fugtig. Vandet brydes i faste rytmer, n\u00e5r sv\u00f8mmerne vender ved kanten, og en fl\u00f8jte sk\u00e6rer kort gennem st\u00f8jen. Langs bassinet st\u00e5r unge elitesv\u00f8mmerkroppe i badet\u00f8j. Nogle sm\u00e5snakker, andre stirrer ned i vandet, inden tr\u00e6ningen g\u00e5r i gang.<\/p>\n<a class=\"dvrt-link\" onClick=\"cdmtrack_click(18790,jQuery(this));return false\" href=\"https:\/\/thymors.dk\/sponsorater\/15-til-faellesskabet?utm_source=kunthy&amp;utm_medium=annonce&amp;utm_campaign=sponsorater\"><img decoding=\"async\" style=\"width:100%;\" src=\"https:\/\/kunmedierne.dk\/thy\/wp-content\/uploads\/sites\/2\/2026\/03\/260407ThyMors-energi_faellesskab_generel-1.jpg\"><\/a><script>cdmtrack_view(18790);<\/script>\n<p>Kasper Bjerregaard Larsen st\u00e5r p\u00e5 kanten med et h\u00e5ndkl\u00e6de over skuldrene. Han er bred over ryggen og tydeligt st\u00e6rk. Den slags fysik, man forbinder med mange timer i vandet og i styrkerummet. Der er ikke noget ved f\u00f8rste blik, der afsl\u00f8rer, at hans krop arbejder anderledes end andres.<\/p>\n<p>&#8211; Man kan jo ikke se det, hvis man ikke ved det, siger han og smiler.<\/p>\n<p>Han er vokset op midt p\u00e5 Mors ved Mollerup, men bor nu p\u00e5 skolehjem i Thisted, hvor han g\u00e5r p\u00e5 HTX.<\/p>\n<p>&#8211; P\u00e5 Mors skulle jeg k\u00f8re en halv time hver vej. Her kan jeg g\u00e5 hen til sv\u00f8mmehallen og skolen og det hele.<\/p>\n<p><img loading=\"lazy\" decoding=\"async\" class=\"alignnone wp-image-21499 size-full\" src=\"https:\/\/kunmedierne.dk\/thy\/wp-content\/uploads\/sites\/2\/2026\/05\/design-uden-navn274.jpg\" alt=\"\" width=\"5184\" height=\"3456\" srcset=\"https:\/\/kunmedierne.dk\/thy\/wp-content\/uploads\/sites\/2\/2026\/05\/design-uden-navn274.jpg 5184w, https:\/\/kunmedierne.dk\/thy\/wp-content\/uploads\/sites\/2\/2026\/05\/design-uden-navn274-300x200.jpg 300w, https:\/\/kunmedierne.dk\/thy\/wp-content\/uploads\/sites\/2\/2026\/05\/design-uden-navn274-1024x683.jpg 1024w, https:\/\/kunmedierne.dk\/thy\/wp-content\/uploads\/sites\/2\/2026\/05\/design-uden-navn274-510x340.jpg 510w\" sizes=\"auto, (max-width: 5184px) 100vw, 5184px\" \/><\/p>\n<p>Det betyder noget i en hverdag, hvor timerne er lagt stramt.<\/p>\n<p>&#8211; Jeg tr\u00e6ner ni gange om ugen.<\/p>\n<p>Lidt l\u00e6ngere henne ad kanten st\u00e5r tr\u00e6neren, Michael Hinge. Han hilser p\u00e5 sv\u00f8mmerne, \u00e9n efter \u00e9n, med et fast h\u00e5ndtryk, n\u00e5r de m\u00f8der ind.<\/p>\n<p>&#8211; Vi g\u00f8r det altid, siger han. &#8211; Giver h\u00e5nd. Ser hinanden i \u00f8jnene.<\/p>\n<p>Han er 63 \u00e5r og har v\u00e6ret i sporten i 40 \u00e5r. Stemmen er rolig, blikket konstant i bev\u00e6gelse mellem banerne.<\/p>\n<p>&#8211; Det er ogs\u00e5 en m\u00e5de lige at tjekke ind p\u00e5, siger han.<\/p>\n<p>Han har set mange sv\u00f8mmere gennem \u00e5rene, og han er ikke i tvivl om, hvor Kasper h\u00f8rer til.<\/p>\n<p>&#8211; Han ligger absolut i toppen, siger han. &#8211; Og han er rigtig tr\u00e6nerbar. Han er god til at tage de tekniske ting til sig.<\/p>\n<p>Kasper begyndte f\u00f8rst for alvor at sv\u00f8mme i 2021, da han kom til Thisted. F\u00f8r det havde han v\u00e6ret omkring det meste.<\/p>\n<p>&#8211; Jeg har g\u00e5et til fodbold, h\u00e5ndbold, gymnastik og taekwondo.<\/p>\n<p>Han smiler, da han t\u00e6nker tilbage.<\/p>\n<p>&#8211; Da jeg gik til h\u00e5ndbold, faldt jeg over alle stregerne.<\/p>\n<a class=\"dvrt-link\" onClick=\"cdmtrack_click(687,jQuery(this));return false\" href=\"https:\/\/konpap.dk\/?gad_source=1&gclid=Cj0KCQjwtJ6_BhDWARIsAGanmKfOBLC3RBm6obWL5sEb-mp4bsp5QjqWW4j4nx22y0YT2iMiXJcv3MoaApR_EALw_wcB\"><img decoding=\"async\" style=\"width:100%;\" src=\"https:\/\/kunmedierne.dk\/thy\/wp-content\/uploads\/sites\/2\/2025\/03\/redoffice.jpg\"><\/a><script>cdmtrack_view(687);<\/script>\n<p>Han er f\u00f8dt med cerebral parese, som p\u00e5virker hans ben og ankler. P\u00e5 land kan det g\u00f8re bev\u00e6gelser usikre og uj\u00e6vne. I vandet er det en anden fornemmelse.<\/p>\n<p>&#8211; Der er jeg lidt mere fri. Jeg kan bruge min krop bedre, end jeg kan p\u00e5 land.<\/p>\n<p>Det er ikke noget, han t\u00e6nker over, mens han sv\u00f8mmer. Men n\u00e5r han ser video bagefter, bliver forskellen tydelig.<\/p>\n<p>&#8211; Mine ben bliver ikke brugt helt ligesom de andres.<\/p>\n<p>En sv\u00f8mmer springer i med et tungt plask, og vandet skyller op over kanten. En anden glider stille gennem banen med lange tag. Kasper f\u00f8lger det med \u00f8jnene.<\/p>\n<p>&#8211; Man presser sig selv, og s\u00e5 f\u00e5r man det der kick, n\u00e5r man er f\u00e6rdig, siger han.<\/p>\n<p>Han taler om tider, som noget helt konkret.<\/p>\n<p>&#8211; Du kommer aldrig til at sv\u00f8mme helt perfekt. Der er altid hundrededele, du kan sk\u00e6re af.<\/p>\n<p><img loading=\"lazy\" decoding=\"async\" class=\"alignnone wp-image-21505 size-full\" src=\"https:\/\/kunmedierne.dk\/thy\/wp-content\/uploads\/sites\/2\/2026\/05\/design-uden-navn277.jpg\" alt=\"\" width=\"5184\" height=\"3456\" srcset=\"https:\/\/kunmedierne.dk\/thy\/wp-content\/uploads\/sites\/2\/2026\/05\/design-uden-navn277.jpg 5184w, https:\/\/kunmedierne.dk\/thy\/wp-content\/uploads\/sites\/2\/2026\/05\/design-uden-navn277-300x200.jpg 300w, https:\/\/kunmedierne.dk\/thy\/wp-content\/uploads\/sites\/2\/2026\/05\/design-uden-navn277-1024x683.jpg 1024w, https:\/\/kunmedierne.dk\/thy\/wp-content\/uploads\/sites\/2\/2026\/05\/design-uden-navn277-510x340.jpg 510w\" sizes=\"auto, (max-width: 5184px) 100vw, 5184px\" \/><\/p>\n<p>I sv\u00f8mning er det hundrededele af sekunder, der afg\u00f8r det hele. Om man kommer i en finale. Om man kvalificerer sig til et st\u00f8rre st\u00e6vne. Om man overhovedet f\u00e5r lov til at stille op.<\/p>\n<p>I 2025 blev han klassificeret som parasv\u00f8mmer, og det \u00e6ndrede mulighederne.<\/p>\n<p>&#8211; At v\u00e6re paraatlet betyder, at man konkurrerer mod andre med handicap, forklarer han. &#8211; S\u00e5 bliver man delt ind i klasser.<\/p>\n<p>Kaspers klasse hedder S10, hvor forskellene kan v\u00e6re sv\u00e6re at se udefra, men stadig har betydning i vandet, is\u00e6r i arbejdet med benene.<\/p>\n<p>For tr\u00e6neren \u00e6ndrer det ikke hverdagen i hallen.<\/p>\n<p>&#8211; I det daglige betyder det ikke ret meget, siger Michael Hinge. &#8211; Kasper tr\u00e6ner fuldst\u00e6ndig som de andre p\u00e5 eliteholdet.<\/p>\n<p>Men udenfor \u00e5bner det noget.<\/p>\n<p>&#8211; Han f\u00e5r en anden vej ind i international sv\u00f8mning.<\/p>\n<p>Det er en vej, der allerede er i gang.<\/p>\n<p>&#8211; Der er kommet en masse st\u00f8rre st\u00e6vner, jeg kan v\u00e6re med til nu, siger Kasper.<\/p>\n<p>Ved Danish Open, et internationalt st\u00e6vne i Danmark, vandt han fire medaljer.<\/p>\n<p>&#8211; Jeg er nok den anden bedste parasv\u00f8mmer i Danmark i herrer.<\/p>\n<p>Michael Hinge f\u00f8lger op:<\/p>\n<p>&#8211; Han er ret god og ligger ret h\u00f8jt. Det bliver sp\u00e6ndende at se ham internationalt.<\/p>\n<a class=\"dvrt-link\" onClick=\"cdmtrack_click(1130,jQuery(this));return false\" href=\"https:\/\/www.thistedforsikring.dk\/?utm_source=partnerskaber&amp;utm_campaign=kun_thy\"><img decoding=\"async\" style=\"width:100%;\" src=\"https:\/\/kunmedierne.dk\/thy\/wp-content\/uploads\/sites\/2\/2025\/04\/260409KunThyThisted-For-1.png\"><\/a><script>cdmtrack_view(1130);<\/script>\n<p>Kasper st\u00e5r stadig ved bassinet, mens holdkammeraterne begynder at g\u00f8re sig klar. Han skal selv i vandet om lidt, men tankerne er allerede et andet sted.<\/p>\n<p>&#8211; Jeg dr\u00f8mmer om at opn\u00e5 nogle kravtider, s\u00e5 jeg kan f\u00e5 de her oplevelser, siger han.<\/p>\n<p>Han taler om udlandet, om tr\u00e6ningslejre, om at st\u00e5 p\u00e5 startskamlen et sted langt v\u00e6k hjemmefra. Og s\u00e5 det, der ligger \u00f8verst.<\/p>\n<p>&#8211; De Paralympiske Lege i 2028.<\/p>\n<p>Det er verdens st\u00f8rste sportsbegivenhed for atleter med handicap, og for Kasper er det ikke bare en fjern dr\u00f8m. Han ligger t\u00e6t p\u00e5 de tider, der kr\u00e6ves, og derfor bliver m\u00e5let konkret.<\/p>\n<p>&#8211; Det er det, jeg tr\u00e6ner efter.<\/p>\n<p>Hans hverdag er bygget op omkring det. Han g\u00e5r ikke til fester og har aldrig drukket alkohol.<\/p>\n<p>&#8211; Det er ikke noget, man g\u00f8r, siger han.<\/p>\n<p>Til geng\u00e6ld er der tr\u00e6ning, skole og restitution. Kroppen skal kunne holde til belastningen, og det kr\u00e6ver ogs\u00e5 noget uden for bassinet.<\/p>\n<p>&#8211; Jeg spiser meget pasta, siger han og smiler.<\/p>\n<p>Vennerne forst\u00e5r det, fordi mange af dem er en del af det samme milj\u00f8.<\/p>\n<p>&#8211; Mange af mine venner er ogs\u00e5 dem fra sv\u00f8mmeholdet. De forst\u00e5r det 100 procent.<\/p>\n<p><img loading=\"lazy\" decoding=\"async\" class=\"alignnone wp-image-21503 size-full\" src=\"https:\/\/kunmedierne.dk\/thy\/wp-content\/uploads\/sites\/2\/2026\/05\/design-uden-navn276.jpg\" alt=\"\" width=\"5184\" height=\"3456\" srcset=\"https:\/\/kunmedierne.dk\/thy\/wp-content\/uploads\/sites\/2\/2026\/05\/design-uden-navn276.jpg 5184w, https:\/\/kunmedierne.dk\/thy\/wp-content\/uploads\/sites\/2\/2026\/05\/design-uden-navn276-300x200.jpg 300w, https:\/\/kunmedierne.dk\/thy\/wp-content\/uploads\/sites\/2\/2026\/05\/design-uden-navn276-1024x683.jpg 1024w, https:\/\/kunmedierne.dk\/thy\/wp-content\/uploads\/sites\/2\/2026\/05\/design-uden-navn276-510x340.jpg 510w\" sizes=\"auto, (max-width: 5184px) 100vw, 5184px\" \/><\/p>\n<p>Som barn begyndte dagene tidligt. Meget tidligt. Hans mor k\u00f8rte ham til morgentr\u00e6ning, mens det stadig var m\u00f8rkt, og mens han var i vandet, sad hun i bilen udenfor og sov, f\u00f8r hun bagefter k\u00f8rte ham i skole og selv tog videre p\u00e5 arbejde.<\/p>\n<p>&#8211; Min familie har virkelig hjulpet mig meget, siger han.<\/p>\n<p>Holdet samler sig ved bassinet. Flere h\u00e5ndtryk, korte blikke, sm\u00e5 nik. Tr\u00e6ningen er ved at g\u00e5 i gang.<\/p>\n<p>Kasper g\u00e5r hen til kanten, tager brillerne p\u00e5 og b\u00f8jer sig frem.<\/p>\n<p>Et \u00f8jeblik efter glider han i vandet.<\/p>\n<p>Lydene \u00e6ndrer sig. Stemmerne forsvinder, og rytmen tager over. Armtag, vejrtr\u00e6kning, vendinger.<\/p>\n<p>Her er det ikke snakken, der t\u00e6ller, men det n\u00e6ste tag og den n\u00e6ste tid.<\/p>\n<p>Og et sted mellem banerne arbejder han videre p\u00e5 de hundrededele, der kan bringe ham t\u00e6ttere p\u00e5 De Paralympiske Lege.<\/p>\n","protected":false},"excerpt":{"rendered":"<p>THISTED: Luften i Thy Hallen er varm og fugtig. Vandet brydes i faste rytmer, n\u00e5r sv\u00f8mmerne vender ved kanten, og en fl\u00f8jte sk\u00e6rer kort gennem st\u00f8jen. Langs bassinet st\u00e5r unge elitesv\u00f8mmerkroppe i badet\u00f8j. Nogle sm\u00e5snakker, andre stirrer ned i vandet, inden tr\u00e6ningen g\u00e5r i gang. Kasper Bjerregaard Larsen st\u00e5r p\u00e5 kanten med et h\u00e5ndkl\u00e6de over [&hellip;]<\/p>\n","protected":false},"author":2507,"featured_media":0,"comment_status":"closed","ping_status":"closed","sticky":false,"template":"","format":"standard","meta":{"_acf_changed":false,"footnotes":""},"categories":[24],"tags":[],"class_list":["post-21494","post","type-post","status-publish","format-standard","hentry","category-lokalt"],"acf":[],"yoast_head":"<!-- This site is optimized with the Yoast SEO plugin v26.8 - https:\/\/yoast.com\/product\/yoast-seo-wordpress\/ -->\n<title>Han ligner en hvilken som helst elitesv\u00f8mmer \u2013 men jagter en plads til De Paralympiske Lege - Thy<\/title>\n<meta name=\"robots\" content=\"index, follow, max-snippet:-1, max-image-preview:large, max-video-preview:-1\" \/>\n<link rel=\"canonical\" href=\"https:\/\/kunmedierne.dk\/thy\/han-ligner-en-hvilken-som-helst-elitesvoemmer-men-jagter-en-plads-til-de-paralympiske-lege\/\" \/>\n<meta property=\"og:locale\" content=\"da_DK\" \/>\n<meta property=\"og:type\" content=\"article\" \/>\n<meta property=\"og:title\" content=\"Han ligner en hvilken som helst elitesv\u00f8mmer \u2013 men jagter en plads til De Paralympiske Lege - Thy\" \/>\n<meta property=\"og:description\" content=\"THISTED: Luften i Thy Hallen er varm og fugtig. Vandet brydes i faste rytmer, n\u00e5r sv\u00f8mmerne vender ved kanten, og en fl\u00f8jte sk\u00e6rer kort gennem st\u00f8jen. Langs bassinet st\u00e5r unge elitesv\u00f8mmerkroppe i badet\u00f8j. Nogle sm\u00e5snakker, andre stirrer ned i vandet, inden tr\u00e6ningen g\u00e5r i gang. Kasper Bjerregaard Larsen st\u00e5r p\u00e5 kanten med et h\u00e5ndkl\u00e6de over [&hellip;]\" \/>\n<meta property=\"og:url\" content=\"https:\/\/kunmedierne.dk\/thy\/han-ligner-en-hvilken-som-helst-elitesvoemmer-men-jagter-en-plads-til-de-paralympiske-lege\/\" \/>\n<meta property=\"og:site_name\" content=\"Thy\" \/>\n<meta property=\"article:published_time\" content=\"2026-05-02T09:42:09+00:00\" \/>\n<meta property=\"og:image\" content=\"https:\/\/kunmedierne.dk\/thy\/wp-content\/uploads\/sites\/2\/2026\/05\/design-uden-navn274.jpg\" \/>\n<meta name=\"author\" content=\"Katrine Hedegaard\" \/>\n<meta name=\"twitter:card\" content=\"summary_large_image\" \/>\n<meta name=\"twitter:label1\" content=\"Skrevet af\" \/>\n\t<meta name=\"twitter:data1\" content=\"Katrine Hedegaard\" \/>\n\t<meta name=\"twitter:label2\" content=\"Estimeret l\u00e6setid\" \/>\n\t<meta name=\"twitter:data2\" content=\"7 minutter\" \/>\n<script type=\"application\/ld+json\" class=\"yoast-schema-graph\">{\"@context\":\"https:\/\/schema.org\",\"@graph\":[{\"@type\":\"Article\",\"@id\":\"https:\/\/kunmedierne.dk\/thy\/han-ligner-en-hvilken-som-helst-elitesvoemmer-men-jagter-en-plads-til-de-paralympiske-lege\/#article\",\"isPartOf\":{\"@id\":\"https:\/\/kunmedierne.dk\/thy\/han-ligner-en-hvilken-som-helst-elitesvoemmer-men-jagter-en-plads-til-de-paralympiske-lege\/\"},\"author\":{\"name\":\"Katrine Hedegaard\",\"@id\":\"https:\/\/kunmedierne.dk\/thy\/#\/schema\/person\/b2e62a38069b12365e53e087a8709c64\"},\"headline\":\"Han ligner en hvilken som helst elitesv\u00f8mmer \u2013 men jagter en plads til De Paralympiske Lege\",\"datePublished\":\"2026-05-02T09:42:09+00:00\",\"mainEntityOfPage\":{\"@id\":\"https:\/\/kunmedierne.dk\/thy\/han-ligner-en-hvilken-som-helst-elitesvoemmer-men-jagter-en-plads-til-de-paralympiske-lege\/\"},\"wordCount\":1149,\"publisher\":{\"@id\":\"https:\/\/kunmedierne.dk\/thy\/#organization\"},\"image\":{\"@id\":\"https:\/\/kunmedierne.dk\/thy\/han-ligner-en-hvilken-som-helst-elitesvoemmer-men-jagter-en-plads-til-de-paralympiske-lege\/#primaryimage\"},\"thumbnailUrl\":\"https:\/\/kunmedierne.dk\/thy\/wp-content\/uploads\/sites\/2\/2026\/05\/design-uden-navn274.jpg\",\"articleSection\":[\"Lokalt\"],\"inLanguage\":\"da-DK\"},{\"@type\":\"WebPage\",\"@id\":\"https:\/\/kunmedierne.dk\/thy\/han-ligner-en-hvilken-som-helst-elitesvoemmer-men-jagter-en-plads-til-de-paralympiske-lege\/\",\"url\":\"https:\/\/kunmedierne.dk\/thy\/han-ligner-en-hvilken-som-helst-elitesvoemmer-men-jagter-en-plads-til-de-paralympiske-lege\/\",\"name\":\"Han ligner en hvilken som helst elitesv\u00f8mmer \u2013 men jagter en plads til De Paralympiske Lege - Thy\",\"isPartOf\":{\"@id\":\"https:\/\/kunmedierne.dk\/thy\/#website\"},\"primaryImageOfPage\":{\"@id\":\"https:\/\/kunmedierne.dk\/thy\/han-ligner-en-hvilken-som-helst-elitesvoemmer-men-jagter-en-plads-til-de-paralympiske-lege\/#primaryimage\"},\"image\":{\"@id\":\"https:\/\/kunmedierne.dk\/thy\/han-ligner-en-hvilken-som-helst-elitesvoemmer-men-jagter-en-plads-til-de-paralympiske-lege\/#primaryimage\"},\"thumbnailUrl\":\"https:\/\/kunmedierne.dk\/thy\/wp-content\/uploads\/sites\/2\/2026\/05\/design-uden-navn274.jpg\",\"datePublished\":\"2026-05-02T09:42:09+00:00\",\"breadcrumb\":{\"@id\":\"https:\/\/kunmedierne.dk\/thy\/han-ligner-en-hvilken-som-helst-elitesvoemmer-men-jagter-en-plads-til-de-paralympiske-lege\/#breadcrumb\"},\"inLanguage\":\"da-DK\",\"potentialAction\":[{\"@type\":\"ReadAction\",\"target\":[\"https:\/\/kunmedierne.dk\/thy\/han-ligner-en-hvilken-som-helst-elitesvoemmer-men-jagter-en-plads-til-de-paralympiske-lege\/\"]}]},{\"@type\":\"ImageObject\",\"inLanguage\":\"da-DK\",\"@id\":\"https:\/\/kunmedierne.dk\/thy\/han-ligner-en-hvilken-som-helst-elitesvoemmer-men-jagter-en-plads-til-de-paralympiske-lege\/#primaryimage\",\"url\":\"https:\/\/kunmedierne.dk\/thy\/wp-content\/uploads\/sites\/2\/2026\/05\/design-uden-navn274.jpg\",\"contentUrl\":\"https:\/\/kunmedierne.dk\/thy\/wp-content\/uploads\/sites\/2\/2026\/05\/design-uden-navn274.jpg\",\"width\":5184,\"height\":3456},{\"@type\":\"BreadcrumbList\",\"@id\":\"https:\/\/kunmedierne.dk\/thy\/han-ligner-en-hvilken-som-helst-elitesvoemmer-men-jagter-en-plads-til-de-paralympiske-lege\/#breadcrumb\",\"itemListElement\":[{\"@type\":\"ListItem\",\"position\":1,\"name\":\"Home\",\"item\":\"https:\/\/kunmedierne.dk\/thy\/\"},{\"@type\":\"ListItem\",\"position\":2,\"name\":\"Han ligner en hvilken som helst elitesv\u00f8mmer \u2013 men jagter en plads til De Paralympiske Lege\"}]},{\"@type\":\"WebSite\",\"@id\":\"https:\/\/kunmedierne.dk\/thy\/#website\",\"url\":\"https:\/\/kunmedierne.dk\/thy\/\",\"name\":\"Thy\",\"description\":\"et netmedie med journalistik om livet i Thy\",\"publisher\":{\"@id\":\"https:\/\/kunmedierne.dk\/thy\/#organization\"},\"potentialAction\":[{\"@type\":\"SearchAction\",\"target\":{\"@type\":\"EntryPoint\",\"urlTemplate\":\"https:\/\/kunmedierne.dk\/thy\/?s={search_term_string}\"},\"query-input\":{\"@type\":\"PropertyValueSpecification\",\"valueRequired\":true,\"valueName\":\"search_term_string\"}}],\"inLanguage\":\"da-DK\"},{\"@type\":\"Organization\",\"@id\":\"https:\/\/kunmedierne.dk\/thy\/#organization\",\"name\":\"Thy\",\"url\":\"https:\/\/kunmedierne.dk\/thy\/\",\"logo\":{\"@type\":\"ImageObject\",\"inLanguage\":\"da-DK\",\"@id\":\"https:\/\/kunmedierne.dk\/thy\/#\/schema\/logo\/image\/\",\"url\":\"https:\/\/kunmedierne.dk\/thy\/wp-content\/uploads\/sites\/2\/2025\/04\/kunthy-logo.svg\",\"contentUrl\":\"https:\/\/kunmedierne.dk\/thy\/wp-content\/uploads\/sites\/2\/2025\/04\/kunthy-logo.svg\",\"caption\":\"Thy\"},\"image\":{\"@id\":\"https:\/\/kunmedierne.dk\/thy\/#\/schema\/logo\/image\/\"}},{\"@type\":\"Person\",\"@id\":\"https:\/\/kunmedierne.dk\/thy\/#\/schema\/person\/b2e62a38069b12365e53e087a8709c64\",\"name\":\"Katrine Hedegaard\",\"image\":{\"@type\":\"ImageObject\",\"inLanguage\":\"da-DK\",\"@id\":\"https:\/\/kunmedierne.dk\/thy\/#\/schema\/person\/image\/\",\"url\":\"https:\/\/secure.gravatar.com\/avatar\/18a5c72fa9148052fd3ed5a58b40fc83cfdc9811090e6e6eec9539af058edcc0?s=96&d=mm&r=g\",\"contentUrl\":\"https:\/\/secure.gravatar.com\/avatar\/18a5c72fa9148052fd3ed5a58b40fc83cfdc9811090e6e6eec9539af058edcc0?s=96&d=mm&r=g\",\"caption\":\"Katrine Hedegaard\"},\"url\":\"https:\/\/kunmedierne.dk\/thy\/author\/katrine\/\"}]}<\/script>\n<!-- \/ Yoast SEO plugin. -->","yoast_head_json":{"title":"Han ligner en hvilken som helst elitesv\u00f8mmer \u2013 men jagter en plads til De Paralympiske Lege - Thy","robots":{"index":"index","follow":"follow","max-snippet":"max-snippet:-1","max-image-preview":"max-image-preview:large","max-video-preview":"max-video-preview:-1"},"canonical":"https:\/\/kunmedierne.dk\/thy\/han-ligner-en-hvilken-som-helst-elitesvoemmer-men-jagter-en-plads-til-de-paralympiske-lege\/","og_locale":"da_DK","og_type":"article","og_title":"Han ligner en hvilken som helst elitesv\u00f8mmer \u2013 men jagter en plads til De Paralympiske Lege - Thy","og_description":"THISTED: Luften i Thy Hallen er varm og fugtig. Vandet brydes i faste rytmer, n\u00e5r sv\u00f8mmerne vender ved kanten, og en fl\u00f8jte sk\u00e6rer kort gennem st\u00f8jen. Langs bassinet st\u00e5r unge elitesv\u00f8mmerkroppe i badet\u00f8j. Nogle sm\u00e5snakker, andre stirrer ned i vandet, inden tr\u00e6ningen g\u00e5r i gang. Kasper Bjerregaard Larsen st\u00e5r p\u00e5 kanten med et h\u00e5ndkl\u00e6de over [&hellip;]","og_url":"https:\/\/kunmedierne.dk\/thy\/han-ligner-en-hvilken-som-helst-elitesvoemmer-men-jagter-en-plads-til-de-paralympiske-lege\/","og_site_name":"Thy","article_published_time":"2026-05-02T09:42:09+00:00","og_image":[{"url":"https:\/\/kunmedierne.dk\/thy\/wp-content\/uploads\/sites\/2\/2026\/05\/design-uden-navn274.jpg","type":"","width":"","height":""}],"author":"Katrine Hedegaard","twitter_card":"summary_large_image","twitter_misc":{"Skrevet af":"Katrine Hedegaard","Estimeret l\u00e6setid":"7 minutter"},"schema":{"@context":"https:\/\/schema.org","@graph":[{"@type":"Article","@id":"https:\/\/kunmedierne.dk\/thy\/han-ligner-en-hvilken-som-helst-elitesvoemmer-men-jagter-en-plads-til-de-paralympiske-lege\/#article","isPartOf":{"@id":"https:\/\/kunmedierne.dk\/thy\/han-ligner-en-hvilken-som-helst-elitesvoemmer-men-jagter-en-plads-til-de-paralympiske-lege\/"},"author":{"name":"Katrine Hedegaard","@id":"https:\/\/kunmedierne.dk\/thy\/#\/schema\/person\/b2e62a38069b12365e53e087a8709c64"},"headline":"Han ligner en hvilken som helst elitesv\u00f8mmer \u2013 men jagter en plads til De Paralympiske Lege","datePublished":"2026-05-02T09:42:09+00:00","mainEntityOfPage":{"@id":"https:\/\/kunmedierne.dk\/thy\/han-ligner-en-hvilken-som-helst-elitesvoemmer-men-jagter-en-plads-til-de-paralympiske-lege\/"},"wordCount":1149,"publisher":{"@id":"https:\/\/kunmedierne.dk\/thy\/#organization"},"image":{"@id":"https:\/\/kunmedierne.dk\/thy\/han-ligner-en-hvilken-som-helst-elitesvoemmer-men-jagter-en-plads-til-de-paralympiske-lege\/#primaryimage"},"thumbnailUrl":"https:\/\/kunmedierne.dk\/thy\/wp-content\/uploads\/sites\/2\/2026\/05\/design-uden-navn274.jpg","articleSection":["Lokalt"],"inLanguage":"da-DK"},{"@type":"WebPage","@id":"https:\/\/kunmedierne.dk\/thy\/han-ligner-en-hvilken-som-helst-elitesvoemmer-men-jagter-en-plads-til-de-paralympiske-lege\/","url":"https:\/\/kunmedierne.dk\/thy\/han-ligner-en-hvilken-som-helst-elitesvoemmer-men-jagter-en-plads-til-de-paralympiske-lege\/","name":"Han ligner en hvilken som helst elitesv\u00f8mmer \u2013 men jagter en plads til De Paralympiske Lege - Thy","isPartOf":{"@id":"https:\/\/kunmedierne.dk\/thy\/#website"},"primaryImageOfPage":{"@id":"https:\/\/kunmedierne.dk\/thy\/han-ligner-en-hvilken-som-helst-elitesvoemmer-men-jagter-en-plads-til-de-paralympiske-lege\/#primaryimage"},"image":{"@id":"https:\/\/kunmedierne.dk\/thy\/han-ligner-en-hvilken-som-helst-elitesvoemmer-men-jagter-en-plads-til-de-paralympiske-lege\/#primaryimage"},"thumbnailUrl":"https:\/\/kunmedierne.dk\/thy\/wp-content\/uploads\/sites\/2\/2026\/05\/design-uden-navn274.jpg","datePublished":"2026-05-02T09:42:09+00:00","breadcrumb":{"@id":"https:\/\/kunmedierne.dk\/thy\/han-ligner-en-hvilken-som-helst-elitesvoemmer-men-jagter-en-plads-til-de-paralympiske-lege\/#breadcrumb"},"inLanguage":"da-DK","potentialAction":[{"@type":"ReadAction","target":["https:\/\/kunmedierne.dk\/thy\/han-ligner-en-hvilken-som-helst-elitesvoemmer-men-jagter-en-plads-til-de-paralympiske-lege\/"]}]},{"@type":"ImageObject","inLanguage":"da-DK","@id":"https:\/\/kunmedierne.dk\/thy\/han-ligner-en-hvilken-som-helst-elitesvoemmer-men-jagter-en-plads-til-de-paralympiske-lege\/#primaryimage","url":"https:\/\/kunmedierne.dk\/thy\/wp-content\/uploads\/sites\/2\/2026\/05\/design-uden-navn274.jpg","contentUrl":"https:\/\/kunmedierne.dk\/thy\/wp-content\/uploads\/sites\/2\/2026\/05\/design-uden-navn274.jpg","width":5184,"height":3456},{"@type":"BreadcrumbList","@id":"https:\/\/kunmedierne.dk\/thy\/han-ligner-en-hvilken-som-helst-elitesvoemmer-men-jagter-en-plads-til-de-paralympiske-lege\/#breadcrumb","itemListElement":[{"@type":"ListItem","position":1,"name":"Home","item":"https:\/\/kunmedierne.dk\/thy\/"},{"@type":"ListItem","position":2,"name":"Han ligner en hvilken som helst elitesv\u00f8mmer \u2013 men jagter en plads til De Paralympiske Lege"}]},{"@type":"WebSite","@id":"https:\/\/kunmedierne.dk\/thy\/#website","url":"https:\/\/kunmedierne.dk\/thy\/","name":"Thy","description":"et netmedie med journalistik om livet i Thy","publisher":{"@id":"https:\/\/kunmedierne.dk\/thy\/#organization"},"potentialAction":[{"@type":"SearchAction","target":{"@type":"EntryPoint","urlTemplate":"https:\/\/kunmedierne.dk\/thy\/?s={search_term_string}"},"query-input":{"@type":"PropertyValueSpecification","valueRequired":true,"valueName":"search_term_string"}}],"inLanguage":"da-DK"},{"@type":"Organization","@id":"https:\/\/kunmedierne.dk\/thy\/#organization","name":"Thy","url":"https:\/\/kunmedierne.dk\/thy\/","logo":{"@type":"ImageObject","inLanguage":"da-DK","@id":"https:\/\/kunmedierne.dk\/thy\/#\/schema\/logo\/image\/","url":"https:\/\/kunmedierne.dk\/thy\/wp-content\/uploads\/sites\/2\/2025\/04\/kunthy-logo.svg","contentUrl":"https:\/\/kunmedierne.dk\/thy\/wp-content\/uploads\/sites\/2\/2025\/04\/kunthy-logo.svg","caption":"Thy"},"image":{"@id":"https:\/\/kunmedierne.dk\/thy\/#\/schema\/logo\/image\/"}},{"@type":"Person","@id":"https:\/\/kunmedierne.dk\/thy\/#\/schema\/person\/b2e62a38069b12365e53e087a8709c64","name":"Katrine Hedegaard","image":{"@type":"ImageObject","inLanguage":"da-DK","@id":"https:\/\/kunmedierne.dk\/thy\/#\/schema\/person\/image\/","url":"https:\/\/secure.gravatar.com\/avatar\/18a5c72fa9148052fd3ed5a58b40fc83cfdc9811090e6e6eec9539af058edcc0?s=96&d=mm&r=g","contentUrl":"https:\/\/secure.gravatar.com\/avatar\/18a5c72fa9148052fd3ed5a58b40fc83cfdc9811090e6e6eec9539af058edcc0?s=96&d=mm&r=g","caption":"Katrine Hedegaard"},"url":"https:\/\/kunmedierne.dk\/thy\/author\/katrine\/"}]}},"_links":{"self":[{"href":"https:\/\/kunmedierne.dk\/thy\/wp-json\/wp\/v2\/posts\/21494","targetHints":{"allow":["GET"]}}],"collection":[{"href":"https:\/\/kunmedierne.dk\/thy\/wp-json\/wp\/v2\/posts"}],"about":[{"href":"https:\/\/kunmedierne.dk\/thy\/wp-json\/wp\/v2\/types\/post"}],"author":[{"embeddable":true,"href":"https:\/\/kunmedierne.dk\/thy\/wp-json\/wp\/v2\/users\/2507"}],"replies":[{"embeddable":true,"href":"https:\/\/kunmedierne.dk\/thy\/wp-json\/wp\/v2\/comments?post=21494"}],"version-history":[{"count":5,"href":"https:\/\/kunmedierne.dk\/thy\/wp-json\/wp\/v2\/posts\/21494\/revisions"}],"predecessor-version":[{"id":21506,"href":"https:\/\/kunmedierne.dk\/thy\/wp-json\/wp\/v2\/posts\/21494\/revisions\/21506"}],"wp:attachment":[{"href":"https:\/\/kunmedierne.dk\/thy\/wp-json\/wp\/v2\/media?parent=21494"}],"wp:term":[{"taxonomy":"category","embeddable":true,"href":"https:\/\/kunmedierne.dk\/thy\/wp-json\/wp\/v2\/categories?post=21494"},{"taxonomy":"post_tag","embeddable":true,"href":"https:\/\/kunmedierne.dk\/thy\/wp-json\/wp\/v2\/tags?post=21494"}],"curies":[{"name":"wp","href":"https:\/\/api.w.org\/{rel}","templated":true}]}}