{"id":21488,"date":"2026-05-01T09:27:50","date_gmt":"2026-05-01T07:27:50","guid":{"rendered":"https:\/\/kunmedierne.dk\/thy\/?p=21488"},"modified":"2026-05-01T09:27:50","modified_gmt":"2026-05-01T07:27:50","slug":"elever-fra-thisted-gymnasium-vandt-priser-ved-unge-forskere","status":"publish","type":"post","link":"https:\/\/kunmedierne.dk\/thy\/elever-fra-thisted-gymnasium-vandt-priser-ved-unge-forskere\/","title":{"rendered":"Elever fra Thisted Gymnasium vandt priser ved Unge Forskere"},"content":{"rendered":"<p><strong>FORSKNING:<\/strong> Uddannelsesleder Lisbeth Tavs fra Thisted Gymnasium fort\u00e6ller, at gymnasiet i \u00e5r har haft otte elever med hver deres projekt med til finalen i Unge Forskere.<\/p>\n<p><span data-olk-copy-source=\"MessageBody\">&#8211; De har alle arbejdet meget h\u00e5rdt med deres projekter og fortjener stor ros alle sammen! To af dem er desuden blevet pr\u00e6mieret med priser, fort\u00e6ller Lisbeth Tavs.\u00a0<\/span><\/p>\n<a class=\"dvrt-link\" onClick=\"cdmtrack_click(1130,jQuery(this));return false\" href=\"https:\/\/www.thistedforsikring.dk\/?utm_source=partnerskaber&amp;utm_campaign=kun_thy\"><img decoding=\"async\" style=\"width:100%;\" src=\"https:\/\/kunmedierne.dk\/thy\/wp-content\/uploads\/sites\/2\/2025\/04\/260409KunThyThisted-For-1.png\"><\/a><script>cdmtrack_view(1130);<\/script>\n<p>Hun har sendt f\u00f8lgende tekst om de to vindere og deres <span data-olk-copy-source=\"MessageBody\">projekter:<\/span><\/p>\n<p><b>Martine\u00a0Strandgaard Gade<\/b>\u00a0blev\u00a0vinder af 1. pr\u00e6mien i Environmental and Biological Sciences<\/p>\n<p><i>Projekttitel<\/i>: Kemisk forurening og biologisk p\u00e5virkning<\/p>\n<p>Martine kaster lys over et problem ved Cheminovas historiske forurening ved Harbor\u00f8re Tange. Hun ser p\u00e5, hvordan insekticider p\u00e5virker insekters nervesystem og overlevelse. Hun finder, at selv lave koncentrationer af insekticider kan have alvorlige konsekvenser for \u00f8kosystemer.<\/p>\n<a class=\"dvrt-link\" onClick=\"cdmtrack_click(687,jQuery(this));return false\" href=\"https:\/\/konpap.dk\/?gad_source=1&gclid=Cj0KCQjwtJ6_BhDWARIsAGanmKfOBLC3RBm6obWL5sEb-mp4bsp5QjqWW4j4nx22y0YT2iMiXJcv3MoaApR_EALw_wcB\"><img decoding=\"async\" style=\"width:100%;\" src=\"https:\/\/kunmedierne.dk\/thy\/wp-content\/uploads\/sites\/2\/2025\/03\/redoffice.jpg\"><\/a><script>cdmtrack_view(687);<\/script>\n<p><i>Motivering for placering i konkurrencen:<\/i><\/p>\n<p>Vinderen udviser stort personligt engagement, brug af den naturvidenskabelige metode og sans for den gode fort\u00e6lling. Vinderen har form\u00e5et at revurdere og videreudvikle sit projekt samt at udf\u00f8re overbevisende nye eksperimenter. Vi h\u00e5ber, at du forts\u00e6tter det gode detektivarbejde mod forurening &#8211; uanset hvor mange melorme det kr\u00e6ver.<\/p>\n<p>Pr\u00e6mie: 15.000kr + Deltager i European Contest for Young Scientists (EM)<\/p>\n<p>Hun fik ogs\u00e5 en s\u00e6rpris:<\/p>\n<ul>\n<li><span role=\"presentation\"><u>Stockholm Junior Water Prize-Challenge v. Grundfos Fonden<\/u><\/span>\n<ul>\n<li><span role=\"presentation\">Pr\u00e6mie: Vinderne f\u00e5r mulighed for at deltage i Stockholm Junior Water Prize, som finder sted i Stockholm under World Water Week i\u00a0<\/span>slutningen af august samt deltage i en middag med det svenske kongehus.<\/li>\n<\/ul>\n<\/li>\n<\/ul>\n<p>&nbsp;<\/p>\n<a class=\"dvrt-link\" onClick=\"cdmtrack_click(685,jQuery(this));return false\" href=\"https:\/\/wensien.dk\/begravelse\/?gad_source=1&gclid=Cj0KCQjwtJ6_BhDWARIsAGanmKcWw6hbeoepGti1oApJGHln52gMbg8EBRZ86__3P1AJZ5dcsw4ZvNEaAk7JEALw_wcB\"><img decoding=\"async\" style=\"width:100%;\" src=\"https:\/\/kunmedierne.dk\/thy\/wp-content\/uploads\/sites\/2\/2025\/03\/wensien-stenhugger.jpg\"><\/a><script>cdmtrack_view(685);<\/script>\n<p><b>Severin Alling Andersen<\/b>\u00a0blev\u00a0vinder af 2. pr\u00e6mien\u00a0i Physical Science<\/p>\n<p><i>Projekttitel<\/i>: Forebyggelse af fuglekollisioner<\/p>\n<p>Severin har sat sig for at mindske fugled\u00f8d med et system, der advarer fugle mod at st\u00f8de ind i fx h\u00f8je bygninger og elmaster. Hans ide er at designe et lydbaseret system, der kan registrere fuglene og afskr\u00e6kke dem, s\u00e5 de flyver udenom.<\/p>\n<a class=\"dvrt-link\" onClick=\"cdmtrack_click(689,jQuery(this));return false\" href=\"https:\/\/www.thistedbolig.dk\"><img decoding=\"async\" style=\"width:100%;\" src=\"https:\/\/kunmedierne.dk\/thy\/wp-content\/uploads\/sites\/2\/2025\/03\/260414ThistedBoligApril-opslag-002-1.jpg\"><\/a><script>cdmtrack_view(689);<\/script>\n<p><b>\u00a0<\/b><i>Motivering for placering i konkurrencen:<\/i><\/p>\n<p>Dit projekt afspejler en unik lyst, evne, talent og eksperimenterende tilgang til matematikken og fysikken. Du kaster dig ud i et stort komplekst problem, og dit projekt er anvendelsesorienteret og har offentlighedens interesse. Det tager lyd og flyvning til helt nye h\u00f8jder.<\/p>\n<p>Pr\u00e6mie: 10000 kr + Deltager i International Science and Engineering Fair (VM)<\/p>\n<a class=\"dvrt-link\" onClick=\"cdmtrack_click(4416,jQuery(this));return false\" href=\"https:\/\/sdrhaa.dk\/\"><img decoding=\"async\" style=\"width:100%;\" src=\"https:\/\/kunmedierne.dk\/thy\/wp-content\/uploads\/sites\/2\/2025\/05\/260302Din-gebyrvenlige-sparekasse_SHS_Thy-1.gif\"><\/a><script>cdmtrack_view(4416);<\/script>\n<p>Severin Alling Andersen fik derudover ogs\u00e5 tre s\u00e6rpriser:<\/p>\n<ul>\n<li><span role=\"presentation\"><u>DTU\u2019s Engineering Challenge<\/u>:\u00a0<\/span>\n<ul>\n<li><span role=\"presentation\">Pr\u00e6mie: 5.000 kr. og muligheden for at bes\u00f8ge DTU i forbindelse med\u00a0<\/span><span role=\"presentation\"><a title=\"https:\/\/startupday.dtu.dk\/\" href=\"https:\/\/startupday.dtu.dk\/\" data-auth=\"NotApplicable\" data-outlook-id=\"a1bbff2a-f98e-4eda-8cc1-57b880800d8f\" data-saferedirecturl=\"https:\/\/www.google.com\/url?q=https:\/\/startupday.dtu.dk\/&amp;source=gmail&amp;ust=1776756445223000&amp;usg=AOvVaw30gMe5ZxXrPxEjdlaz9u2h\" data-linkindex=\"0\">DTU Startup Day 2026<\/a><\/span><\/li>\n<\/ul>\n<\/li>\n<li><span role=\"presentation\"><u>UNF: Stockholm International Youth Science Seminar<\/u>:\u00a0<\/span>\n<ul>\n<li><span role=\"presentation\"><u>Pr\u00e6mie<\/u>: Deltagelse i Nobelpris-overr\u00e6kkelsen og de efterf\u00f8lgende festligheder<\/span><\/li>\n<\/ul>\n<\/li>\n<li><span role=\"presentation\"><u>GN Store Nord Foundation og Causa Sui-prisen:\u00a0<\/u><\/span>\n<ul>\n<li><span role=\"presentation\">Pr\u00e6mie: 5.001 kr.<\/span><\/li>\n<\/ul>\n<\/li>\n<\/ul>\n<blockquote><p>Fakta om Unge Forskere<\/p>\n<p>Unge Forskere er Danmarks st\u00f8rste naturvidenskabelige talentkonkurrence<\/p>\n<p>Unge Forskere arrangeres af Astra &#8211; det nationale naturfagscenter<\/p>\n<p>Konkurrencen har tre lag:<\/p>\n<p>Unge Forskere junior (grundskolen)<\/p>\n<p>Unge Forskere senior (ungdomsuddannelserne)<\/p>\n<p>Min vildeste id\u00e9 (grundskolen)<\/p><\/blockquote>\n<div id=\"attachment_21492\" style=\"width: 1242px\" class=\"wp-caption alignnone\"><img loading=\"lazy\" decoding=\"async\" aria-describedby=\"caption-attachment-21492\" class=\"wp-image-21492 size-full\" src=\"https:\/\/kunmedierne.dk\/thy\/wp-content\/uploads\/sites\/2\/2026\/05\/Unavngivet-1232-x-802-px-2026-05-01T091838.495.jpg\" alt=\"\" width=\"1232\" height=\"802\" srcset=\"https:\/\/kunmedierne.dk\/thy\/wp-content\/uploads\/sites\/2\/2026\/05\/Unavngivet-1232-x-802-px-2026-05-01T091838.495.jpg 1232w, https:\/\/kunmedierne.dk\/thy\/wp-content\/uploads\/sites\/2\/2026\/05\/Unavngivet-1232-x-802-px-2026-05-01T091838.495-300x195.jpg 300w, https:\/\/kunmedierne.dk\/thy\/wp-content\/uploads\/sites\/2\/2026\/05\/Unavngivet-1232-x-802-px-2026-05-01T091838.495-1024x667.jpg 1024w, https:\/\/kunmedierne.dk\/thy\/wp-content\/uploads\/sites\/2\/2026\/05\/Unavngivet-1232-x-802-px-2026-05-01T091838.495-510x332.jpg 510w\" sizes=\"auto, (max-width: 1232px) 100vw, 1232px\" \/><p id=\"caption-attachment-21492\" class=\"wp-caption-text\">Hele holdet af unge forskningstalenter fra Thisted Gymnasium sammen med deres l\u00e6rer, Rasmus H\u00f8jer Jensen. Privatfoto.<\/p><\/div>\n<blockquote><p>&nbsp;<\/p><\/blockquote>\n","protected":false},"excerpt":{"rendered":"<p>FORSKNING: Uddannelsesleder Lisbeth Tavs fra Thisted Gymnasium fort\u00e6ller, at gymnasiet i \u00e5r har haft otte elever med hver deres projekt med til finalen i Unge Forskere. &#8211; De har alle arbejdet meget h\u00e5rdt med deres projekter og fortjener stor ros alle sammen! To af dem er desuden blevet pr\u00e6mieret med priser, fort\u00e6ller Lisbeth Tavs.\u00a0 Hun [&hellip;]<\/p>\n","protected":false},"author":1925,"featured_media":0,"comment_status":"closed","ping_status":"closed","sticky":false,"template":"","format":"standard","meta":{"_acf_changed":false,"footnotes":""},"categories":[24],"tags":[90],"class_list":["post-21488","post","type-post","status-publish","format-standard","hentry","category-lokalt","tag-uddannelse"],"acf":[],"yoast_head":"<!-- This site is optimized with the Yoast SEO plugin v26.8 - https:\/\/yoast.com\/product\/yoast-seo-wordpress\/ -->\n<title>Elever fra Thisted Gymnasium vandt priser ved Unge Forskere - Thy<\/title>\n<meta name=\"robots\" content=\"index, follow, max-snippet:-1, max-image-preview:large, max-video-preview:-1\" \/>\n<link rel=\"canonical\" href=\"https:\/\/kunmedierne.dk\/thy\/elever-fra-thisted-gymnasium-vandt-priser-ved-unge-forskere\/\" \/>\n<meta property=\"og:locale\" content=\"da_DK\" \/>\n<meta property=\"og:type\" content=\"article\" \/>\n<meta property=\"og:title\" content=\"Elever fra Thisted Gymnasium vandt priser ved Unge Forskere - Thy\" \/>\n<meta property=\"og:description\" content=\"FORSKNING: Uddannelsesleder Lisbeth Tavs fra Thisted Gymnasium fort\u00e6ller, at gymnasiet i \u00e5r har haft otte elever med hver deres projekt med til finalen i Unge Forskere. &#8211; De har alle arbejdet meget h\u00e5rdt med deres projekter og fortjener stor ros alle sammen! To af dem er desuden blevet pr\u00e6mieret med priser, fort\u00e6ller Lisbeth Tavs.\u00a0 Hun [&hellip;]\" \/>\n<meta property=\"og:url\" content=\"https:\/\/kunmedierne.dk\/thy\/elever-fra-thisted-gymnasium-vandt-priser-ved-unge-forskere\/\" \/>\n<meta property=\"og:site_name\" content=\"Thy\" \/>\n<meta property=\"article:published_time\" content=\"2026-05-01T07:27:50+00:00\" \/>\n<meta property=\"og:image\" content=\"https:\/\/kunmedierne.dk\/thy\/wp-content\/uploads\/sites\/2\/2026\/05\/Unavngivet-1232-x-802-px-2026-05-01T091838.495.jpg\" \/>\n<meta name=\"author\" content=\"Lone L\u00e6rke Krog\" \/>\n<meta name=\"twitter:card\" content=\"summary_large_image\" \/>\n<meta name=\"twitter:label1\" content=\"Skrevet af\" \/>\n\t<meta name=\"twitter:data1\" content=\"Lone L\u00e6rke Krog\" \/>\n\t<meta name=\"twitter:label2\" content=\"Estimeret l\u00e6setid\" \/>\n\t<meta name=\"twitter:data2\" content=\"3 minutter\" \/>\n<script type=\"application\/ld+json\" class=\"yoast-schema-graph\">{\"@context\":\"https:\/\/schema.org\",\"@graph\":[{\"@type\":\"Article\",\"@id\":\"https:\/\/kunmedierne.dk\/thy\/elever-fra-thisted-gymnasium-vandt-priser-ved-unge-forskere\/#article\",\"isPartOf\":{\"@id\":\"https:\/\/kunmedierne.dk\/thy\/elever-fra-thisted-gymnasium-vandt-priser-ved-unge-forskere\/\"},\"author\":{\"name\":\"Lone L\u00e6rke Krog\",\"@id\":\"https:\/\/kunmedierne.dk\/thy\/#\/schema\/person\/d266634ba6550d075ecf540d63b245d2\"},\"headline\":\"Elever fra Thisted Gymnasium vandt priser ved Unge Forskere\",\"datePublished\":\"2026-05-01T07:27:50+00:00\",\"mainEntityOfPage\":{\"@id\":\"https:\/\/kunmedierne.dk\/thy\/elever-fra-thisted-gymnasium-vandt-priser-ved-unge-forskere\/\"},\"wordCount\":509,\"publisher\":{\"@id\":\"https:\/\/kunmedierne.dk\/thy\/#organization\"},\"image\":{\"@id\":\"https:\/\/kunmedierne.dk\/thy\/elever-fra-thisted-gymnasium-vandt-priser-ved-unge-forskere\/#primaryimage\"},\"thumbnailUrl\":\"https:\/\/kunmedierne.dk\/thy\/wp-content\/uploads\/sites\/2\/2026\/05\/Unavngivet-1232-x-802-px-2026-05-01T091838.495.jpg\",\"keywords\":[\"Uddannelse\"],\"articleSection\":[\"Lokalt\"],\"inLanguage\":\"da-DK\"},{\"@type\":\"WebPage\",\"@id\":\"https:\/\/kunmedierne.dk\/thy\/elever-fra-thisted-gymnasium-vandt-priser-ved-unge-forskere\/\",\"url\":\"https:\/\/kunmedierne.dk\/thy\/elever-fra-thisted-gymnasium-vandt-priser-ved-unge-forskere\/\",\"name\":\"Elever fra Thisted Gymnasium vandt priser ved Unge Forskere - Thy\",\"isPartOf\":{\"@id\":\"https:\/\/kunmedierne.dk\/thy\/#website\"},\"primaryImageOfPage\":{\"@id\":\"https:\/\/kunmedierne.dk\/thy\/elever-fra-thisted-gymnasium-vandt-priser-ved-unge-forskere\/#primaryimage\"},\"image\":{\"@id\":\"https:\/\/kunmedierne.dk\/thy\/elever-fra-thisted-gymnasium-vandt-priser-ved-unge-forskere\/#primaryimage\"},\"thumbnailUrl\":\"https:\/\/kunmedierne.dk\/thy\/wp-content\/uploads\/sites\/2\/2026\/05\/Unavngivet-1232-x-802-px-2026-05-01T091838.495.jpg\",\"datePublished\":\"2026-05-01T07:27:50+00:00\",\"breadcrumb\":{\"@id\":\"https:\/\/kunmedierne.dk\/thy\/elever-fra-thisted-gymnasium-vandt-priser-ved-unge-forskere\/#breadcrumb\"},\"inLanguage\":\"da-DK\",\"potentialAction\":[{\"@type\":\"ReadAction\",\"target\":[\"https:\/\/kunmedierne.dk\/thy\/elever-fra-thisted-gymnasium-vandt-priser-ved-unge-forskere\/\"]}]},{\"@type\":\"ImageObject\",\"inLanguage\":\"da-DK\",\"@id\":\"https:\/\/kunmedierne.dk\/thy\/elever-fra-thisted-gymnasium-vandt-priser-ved-unge-forskere\/#primaryimage\",\"url\":\"https:\/\/kunmedierne.dk\/thy\/wp-content\/uploads\/sites\/2\/2026\/05\/Unavngivet-1232-x-802-px-2026-05-01T091838.495.jpg\",\"contentUrl\":\"https:\/\/kunmedierne.dk\/thy\/wp-content\/uploads\/sites\/2\/2026\/05\/Unavngivet-1232-x-802-px-2026-05-01T091838.495.jpg\",\"width\":1232,\"height\":802},{\"@type\":\"BreadcrumbList\",\"@id\":\"https:\/\/kunmedierne.dk\/thy\/elever-fra-thisted-gymnasium-vandt-priser-ved-unge-forskere\/#breadcrumb\",\"itemListElement\":[{\"@type\":\"ListItem\",\"position\":1,\"name\":\"Home\",\"item\":\"https:\/\/kunmedierne.dk\/thy\/\"},{\"@type\":\"ListItem\",\"position\":2,\"name\":\"Elever fra Thisted Gymnasium vandt priser ved Unge Forskere\"}]},{\"@type\":\"WebSite\",\"@id\":\"https:\/\/kunmedierne.dk\/thy\/#website\",\"url\":\"https:\/\/kunmedierne.dk\/thy\/\",\"name\":\"Thy\",\"description\":\"et netmedie med journalistik om livet i Thy\",\"publisher\":{\"@id\":\"https:\/\/kunmedierne.dk\/thy\/#organization\"},\"potentialAction\":[{\"@type\":\"SearchAction\",\"target\":{\"@type\":\"EntryPoint\",\"urlTemplate\":\"https:\/\/kunmedierne.dk\/thy\/?s={search_term_string}\"},\"query-input\":{\"@type\":\"PropertyValueSpecification\",\"valueRequired\":true,\"valueName\":\"search_term_string\"}}],\"inLanguage\":\"da-DK\"},{\"@type\":\"Organization\",\"@id\":\"https:\/\/kunmedierne.dk\/thy\/#organization\",\"name\":\"Thy\",\"url\":\"https:\/\/kunmedierne.dk\/thy\/\",\"logo\":{\"@type\":\"ImageObject\",\"inLanguage\":\"da-DK\",\"@id\":\"https:\/\/kunmedierne.dk\/thy\/#\/schema\/logo\/image\/\",\"url\":\"https:\/\/kunmedierne.dk\/thy\/wp-content\/uploads\/sites\/2\/2025\/04\/kunthy-logo.svg\",\"contentUrl\":\"https:\/\/kunmedierne.dk\/thy\/wp-content\/uploads\/sites\/2\/2025\/04\/kunthy-logo.svg\",\"caption\":\"Thy\"},\"image\":{\"@id\":\"https:\/\/kunmedierne.dk\/thy\/#\/schema\/logo\/image\/\"}},{\"@type\":\"Person\",\"@id\":\"https:\/\/kunmedierne.dk\/thy\/#\/schema\/person\/d266634ba6550d075ecf540d63b245d2\",\"name\":\"Lone L\u00e6rke Krog\",\"image\":{\"@type\":\"ImageObject\",\"inLanguage\":\"da-DK\",\"@id\":\"https:\/\/kunmedierne.dk\/thy\/#\/schema\/person\/image\/\",\"url\":\"https:\/\/secure.gravatar.com\/avatar\/496ddc7080e56b4ac64cfd4e56bd6d1ee396fa3db1923aa22f11346f60bb135b?s=96&d=mm&r=g\",\"contentUrl\":\"https:\/\/secure.gravatar.com\/avatar\/496ddc7080e56b4ac64cfd4e56bd6d1ee396fa3db1923aa22f11346f60bb135b?s=96&d=mm&r=g\",\"caption\":\"Lone L\u00e6rke Krog\"},\"url\":\"https:\/\/kunmedierne.dk\/thy\/author\/llk\/\"}]}<\/script>\n<!-- \/ Yoast SEO plugin. -->","yoast_head_json":{"title":"Elever fra Thisted Gymnasium vandt priser ved Unge Forskere - Thy","robots":{"index":"index","follow":"follow","max-snippet":"max-snippet:-1","max-image-preview":"max-image-preview:large","max-video-preview":"max-video-preview:-1"},"canonical":"https:\/\/kunmedierne.dk\/thy\/elever-fra-thisted-gymnasium-vandt-priser-ved-unge-forskere\/","og_locale":"da_DK","og_type":"article","og_title":"Elever fra Thisted Gymnasium vandt priser ved Unge Forskere - Thy","og_description":"FORSKNING: Uddannelsesleder Lisbeth Tavs fra Thisted Gymnasium fort\u00e6ller, at gymnasiet i \u00e5r har haft otte elever med hver deres projekt med til finalen i Unge Forskere. &#8211; De har alle arbejdet meget h\u00e5rdt med deres projekter og fortjener stor ros alle sammen! To af dem er desuden blevet pr\u00e6mieret med priser, fort\u00e6ller Lisbeth Tavs.\u00a0 Hun [&hellip;]","og_url":"https:\/\/kunmedierne.dk\/thy\/elever-fra-thisted-gymnasium-vandt-priser-ved-unge-forskere\/","og_site_name":"Thy","article_published_time":"2026-05-01T07:27:50+00:00","og_image":[{"url":"https:\/\/kunmedierne.dk\/thy\/wp-content\/uploads\/sites\/2\/2026\/05\/Unavngivet-1232-x-802-px-2026-05-01T091838.495.jpg","type":"","width":"","height":""}],"author":"Lone L\u00e6rke Krog","twitter_card":"summary_large_image","twitter_misc":{"Skrevet af":"Lone L\u00e6rke Krog","Estimeret l\u00e6setid":"3 minutter"},"schema":{"@context":"https:\/\/schema.org","@graph":[{"@type":"Article","@id":"https:\/\/kunmedierne.dk\/thy\/elever-fra-thisted-gymnasium-vandt-priser-ved-unge-forskere\/#article","isPartOf":{"@id":"https:\/\/kunmedierne.dk\/thy\/elever-fra-thisted-gymnasium-vandt-priser-ved-unge-forskere\/"},"author":{"name":"Lone L\u00e6rke Krog","@id":"https:\/\/kunmedierne.dk\/thy\/#\/schema\/person\/d266634ba6550d075ecf540d63b245d2"},"headline":"Elever fra Thisted Gymnasium vandt priser ved Unge Forskere","datePublished":"2026-05-01T07:27:50+00:00","mainEntityOfPage":{"@id":"https:\/\/kunmedierne.dk\/thy\/elever-fra-thisted-gymnasium-vandt-priser-ved-unge-forskere\/"},"wordCount":509,"publisher":{"@id":"https:\/\/kunmedierne.dk\/thy\/#organization"},"image":{"@id":"https:\/\/kunmedierne.dk\/thy\/elever-fra-thisted-gymnasium-vandt-priser-ved-unge-forskere\/#primaryimage"},"thumbnailUrl":"https:\/\/kunmedierne.dk\/thy\/wp-content\/uploads\/sites\/2\/2026\/05\/Unavngivet-1232-x-802-px-2026-05-01T091838.495.jpg","keywords":["Uddannelse"],"articleSection":["Lokalt"],"inLanguage":"da-DK"},{"@type":"WebPage","@id":"https:\/\/kunmedierne.dk\/thy\/elever-fra-thisted-gymnasium-vandt-priser-ved-unge-forskere\/","url":"https:\/\/kunmedierne.dk\/thy\/elever-fra-thisted-gymnasium-vandt-priser-ved-unge-forskere\/","name":"Elever fra Thisted Gymnasium vandt priser ved Unge Forskere - Thy","isPartOf":{"@id":"https:\/\/kunmedierne.dk\/thy\/#website"},"primaryImageOfPage":{"@id":"https:\/\/kunmedierne.dk\/thy\/elever-fra-thisted-gymnasium-vandt-priser-ved-unge-forskere\/#primaryimage"},"image":{"@id":"https:\/\/kunmedierne.dk\/thy\/elever-fra-thisted-gymnasium-vandt-priser-ved-unge-forskere\/#primaryimage"},"thumbnailUrl":"https:\/\/kunmedierne.dk\/thy\/wp-content\/uploads\/sites\/2\/2026\/05\/Unavngivet-1232-x-802-px-2026-05-01T091838.495.jpg","datePublished":"2026-05-01T07:27:50+00:00","breadcrumb":{"@id":"https:\/\/kunmedierne.dk\/thy\/elever-fra-thisted-gymnasium-vandt-priser-ved-unge-forskere\/#breadcrumb"},"inLanguage":"da-DK","potentialAction":[{"@type":"ReadAction","target":["https:\/\/kunmedierne.dk\/thy\/elever-fra-thisted-gymnasium-vandt-priser-ved-unge-forskere\/"]}]},{"@type":"ImageObject","inLanguage":"da-DK","@id":"https:\/\/kunmedierne.dk\/thy\/elever-fra-thisted-gymnasium-vandt-priser-ved-unge-forskere\/#primaryimage","url":"https:\/\/kunmedierne.dk\/thy\/wp-content\/uploads\/sites\/2\/2026\/05\/Unavngivet-1232-x-802-px-2026-05-01T091838.495.jpg","contentUrl":"https:\/\/kunmedierne.dk\/thy\/wp-content\/uploads\/sites\/2\/2026\/05\/Unavngivet-1232-x-802-px-2026-05-01T091838.495.jpg","width":1232,"height":802},{"@type":"BreadcrumbList","@id":"https:\/\/kunmedierne.dk\/thy\/elever-fra-thisted-gymnasium-vandt-priser-ved-unge-forskere\/#breadcrumb","itemListElement":[{"@type":"ListItem","position":1,"name":"Home","item":"https:\/\/kunmedierne.dk\/thy\/"},{"@type":"ListItem","position":2,"name":"Elever fra Thisted Gymnasium vandt priser ved Unge Forskere"}]},{"@type":"WebSite","@id":"https:\/\/kunmedierne.dk\/thy\/#website","url":"https:\/\/kunmedierne.dk\/thy\/","name":"Thy","description":"et netmedie med journalistik om livet i Thy","publisher":{"@id":"https:\/\/kunmedierne.dk\/thy\/#organization"},"potentialAction":[{"@type":"SearchAction","target":{"@type":"EntryPoint","urlTemplate":"https:\/\/kunmedierne.dk\/thy\/?s={search_term_string}"},"query-input":{"@type":"PropertyValueSpecification","valueRequired":true,"valueName":"search_term_string"}}],"inLanguage":"da-DK"},{"@type":"Organization","@id":"https:\/\/kunmedierne.dk\/thy\/#organization","name":"Thy","url":"https:\/\/kunmedierne.dk\/thy\/","logo":{"@type":"ImageObject","inLanguage":"da-DK","@id":"https:\/\/kunmedierne.dk\/thy\/#\/schema\/logo\/image\/","url":"https:\/\/kunmedierne.dk\/thy\/wp-content\/uploads\/sites\/2\/2025\/04\/kunthy-logo.svg","contentUrl":"https:\/\/kunmedierne.dk\/thy\/wp-content\/uploads\/sites\/2\/2025\/04\/kunthy-logo.svg","caption":"Thy"},"image":{"@id":"https:\/\/kunmedierne.dk\/thy\/#\/schema\/logo\/image\/"}},{"@type":"Person","@id":"https:\/\/kunmedierne.dk\/thy\/#\/schema\/person\/d266634ba6550d075ecf540d63b245d2","name":"Lone L\u00e6rke Krog","image":{"@type":"ImageObject","inLanguage":"da-DK","@id":"https:\/\/kunmedierne.dk\/thy\/#\/schema\/person\/image\/","url":"https:\/\/secure.gravatar.com\/avatar\/496ddc7080e56b4ac64cfd4e56bd6d1ee396fa3db1923aa22f11346f60bb135b?s=96&d=mm&r=g","contentUrl":"https:\/\/secure.gravatar.com\/avatar\/496ddc7080e56b4ac64cfd4e56bd6d1ee396fa3db1923aa22f11346f60bb135b?s=96&d=mm&r=g","caption":"Lone L\u00e6rke Krog"},"url":"https:\/\/kunmedierne.dk\/thy\/author\/llk\/"}]}},"_links":{"self":[{"href":"https:\/\/kunmedierne.dk\/thy\/wp-json\/wp\/v2\/posts\/21488","targetHints":{"allow":["GET"]}}],"collection":[{"href":"https:\/\/kunmedierne.dk\/thy\/wp-json\/wp\/v2\/posts"}],"about":[{"href":"https:\/\/kunmedierne.dk\/thy\/wp-json\/wp\/v2\/types\/post"}],"author":[{"embeddable":true,"href":"https:\/\/kunmedierne.dk\/thy\/wp-json\/wp\/v2\/users\/1925"}],"replies":[{"embeddable":true,"href":"https:\/\/kunmedierne.dk\/thy\/wp-json\/wp\/v2\/comments?post=21488"}],"version-history":[{"count":2,"href":"https:\/\/kunmedierne.dk\/thy\/wp-json\/wp\/v2\/posts\/21488\/revisions"}],"predecessor-version":[{"id":21493,"href":"https:\/\/kunmedierne.dk\/thy\/wp-json\/wp\/v2\/posts\/21488\/revisions\/21493"}],"wp:attachment":[{"href":"https:\/\/kunmedierne.dk\/thy\/wp-json\/wp\/v2\/media?parent=21488"}],"wp:term":[{"taxonomy":"category","embeddable":true,"href":"https:\/\/kunmedierne.dk\/thy\/wp-json\/wp\/v2\/categories?post=21488"},{"taxonomy":"post_tag","embeddable":true,"href":"https:\/\/kunmedierne.dk\/thy\/wp-json\/wp\/v2\/tags?post=21488"}],"curies":[{"name":"wp","href":"https:\/\/api.w.org\/{rel}","templated":true}]}}