{"id":21448,"date":"2026-04-30T16:38:05","date_gmt":"2026-04-30T14:38:05","guid":{"rendered":"https:\/\/kunmedierne.dk\/thy\/?p=21448"},"modified":"2026-04-30T16:38:05","modified_gmt":"2026-04-30T14:38:05","slug":"mors-thy-indgaar-langtidskontrakt-med-18-aarig-bagspiller","status":"publish","type":"post","link":"https:\/\/kunmedierne.dk\/thy\/mors-thy-indgaar-langtidskontrakt-med-18-aarig-bagspiller\/","title":{"rendered":"Mors-Thy indg\u00e5r langtidskontrakt med 18-\u00e5rig bagspiller"},"content":{"rendered":"<p><strong>H\u00c5NDBOLD<\/strong>: Mors-Thy H\u00e5ndbold har en lang og god historik med venstreh\u00e5ndede talenter fra Mors-Thy H\u00e5ndbold Akademi, og nu har klubben indg\u00e5et en aftale med det n\u00e6ste i r\u00e6kken.<\/p>\n<p>18-\u00e5rige Ludvig Bruun S\u00f8rensen fra Mors-Thy H\u00e5ndbold Akademi har skrevet under p\u00e5 en aftale, der g\u00e6lder helt frem til 2031.<\/p>\n<a class=\"dvrt-link\" onClick=\"cdmtrack_click(685,jQuery(this));return false\" href=\"https:\/\/wensien.dk\/begravelse\/?gad_source=1&gclid=Cj0KCQjwtJ6_BhDWARIsAGanmKcWw6hbeoepGti1oApJGHln52gMbg8EBRZ86__3P1AJZ5dcsw4ZvNEaAk7JEALw_wcB\"><img decoding=\"async\" style=\"width:100%;\" src=\"https:\/\/kunmedierne.dk\/thy\/wp-content\/uploads\/sites\/2\/2025\/03\/wensien-stenhugger.jpg\"><\/a><script>cdmtrack_view(685);<\/script>\n<p>&#8211; Det har taget fart, siden jeg kom p\u00e5 akademiet, og jeg er glad men ogs\u00e5 lidt overv\u00e6ldet over, at det er g\u00e5et s\u00e5 hurtigt og s\u00e5 godt, at jeg st\u00e5r her nu. Det er dejligt, for jeg tror, at Mors-Thy H\u00e5ndbold er det sted, hvor jeg kan udvikle mig allermest. Her er et superfedt milj\u00f8 med gode spillere og h\u00f8jt niveau til tr\u00e6ning og kampe, og det hele passer perfekt til mig. Jeg vil gerne se, hvor langt jeg tr\u00e6kke det og v\u00e6re med til at l\u00f8fte Mors-Thy H\u00e5ndbold endnu mere end det flotte sted, klubben er nu, lyder det fra Ludvig Bruun.<\/p>\n<p>I Mors-Thy H\u00e5ndbold gl\u00e6der man sig over, at det er lykkes at lave en lang aftale med Ludvig Bruun.<\/p>\n<p>&#8211; Ludvig er en sp\u00e6ndende ung h\u00f8jre back med b\u00e5de fine duel-kompetencer og et godt skud fra mellemdistancen. Han har et godt blik for spillet og passer godt ind i vores spillestil i Mors-Thy H\u00e5ndbold. Vi gl\u00e6der os til at udvikle Ludvig yderligere og se ham tage det n\u00e6ste skridt op i seniorverdenen, lyder det fra assistenttr\u00e6ner Henrik Tilsted.<\/p>\n<a class=\"dvrt-link\" onClick=\"cdmtrack_click(685,jQuery(this));return false\" href=\"https:\/\/wensien.dk\/begravelse\/?gad_source=1&gclid=Cj0KCQjwtJ6_BhDWARIsAGanmKcWw6hbeoepGti1oApJGHln52gMbg8EBRZ86__3P1AJZ5dcsw4ZvNEaAk7JEALw_wcB\"><img decoding=\"async\" style=\"width:100%;\" src=\"https:\/\/kunmedierne.dk\/thy\/wp-content\/uploads\/sites\/2\/2025\/03\/wensien-stenhugger.jpg\"><\/a><script>cdmtrack_view(685);<\/script>\n<p>Ian Marko Fog, adm. direkt\u00f8r i Mors-Thy H\u00e5ndbold, supplerer:<\/p>\n<p>&#8211; Ludvig er en meget dynamisk spiller fra vores eget akademi med en fremragende skudteknik for sin alder. Han er ad flere omgange udtaget til det danske M18-landshold og imponerede stort, da han som U17-spiller blev rykket op p\u00e5 vores U19-hold i de afg\u00f8rende kvalifikationskampe mod st\u00e6rke Skanderborg H\u00e5ndbold &#8211; her scorede han hele otte m\u00e5l p\u00e5 bare ni fors\u00f8g i det f\u00f8rste opg\u00f8r. Vi er utroligt glade for, at det lykkedes os at holde Ludvig i egne r\u00e6kker p\u00e5 en langtidskontrakt uden klausuler som en del af vores strategi, og vi tror, at han p\u00e5 sigt bliver en rigtig sp\u00e6ndende forst\u00e6rkning til vores ligatrup. Det bliver kun et sp\u00f8rgsm\u00e5l om tid, f\u00f8r han kan folde sit talent ud p\u00e5 h\u00f8jeste niveau.<\/p>\n<p>Aftalen mellem Mors-Thy og Ludvig Bruun S\u00f8rensen l\u00f8ber til 30. juni 2031<\/p>\n<blockquote>\n<h5><strong>FAKTA:<\/strong><\/h5>\n<h5>Navn: Ludvig Bruun S\u00f8rensen,<\/h5>\n<h5>F\u00f8dt: 5. marts 2008<\/h5>\n<h5>H\u00f8jde: 188 cm. V\u00e6gt: 80 kg.<\/h5>\n<h5>Tidligere klubber: Skive fH, VIES, Mors-Thy H\u00e5ndbold Akademi.<\/h5>\n<h5>Bosat p\u00e5 Mors-Thy H\u00e5ndbold Akademi og studerer p\u00e5 Mors\u00f8 Handelsgymnasium.<\/h5>\n<\/blockquote>\n","protected":false},"excerpt":{"rendered":"<p>H\u00c5NDBOLD: Mors-Thy H\u00e5ndbold har en lang og god historik med venstreh\u00e5ndede talenter fra Mors-Thy H\u00e5ndbold Akademi, og nu har klubben indg\u00e5et en aftale med det n\u00e6ste i r\u00e6kken. 18-\u00e5rige Ludvig Bruun S\u00f8rensen fra Mors-Thy H\u00e5ndbold Akademi har skrevet under p\u00e5 en aftale, der g\u00e6lder helt frem til 2031. &#8211; Det har taget fart, siden jeg [&hellip;]<\/p>\n","protected":false},"author":8,"featured_media":0,"comment_status":"closed","ping_status":"closed","sticky":false,"template":"","format":"standard","meta":{"_acf_changed":false,"footnotes":""},"categories":[22],"tags":[],"class_list":["post-21448","post","type-post","status-publish","format-standard","hentry","category-sport"],"acf":[],"yoast_head":"<!-- This site is optimized with the Yoast SEO plugin v26.8 - https:\/\/yoast.com\/product\/yoast-seo-wordpress\/ -->\n<title>Mors-Thy indg\u00e5r langtidskontrakt med 18-\u00e5rig bagspiller - Thy<\/title>\n<meta name=\"robots\" content=\"index, follow, max-snippet:-1, max-image-preview:large, max-video-preview:-1\" \/>\n<link rel=\"canonical\" href=\"https:\/\/kunmedierne.dk\/thy\/mors-thy-indgaar-langtidskontrakt-med-18-aarig-bagspiller\/\" \/>\n<meta property=\"og:locale\" content=\"da_DK\" \/>\n<meta property=\"og:type\" content=\"article\" \/>\n<meta property=\"og:title\" content=\"Mors-Thy indg\u00e5r langtidskontrakt med 18-\u00e5rig bagspiller - Thy\" \/>\n<meta property=\"og:description\" content=\"H\u00c5NDBOLD: Mors-Thy H\u00e5ndbold har en lang og god historik med venstreh\u00e5ndede talenter fra Mors-Thy H\u00e5ndbold Akademi, og nu har klubben indg\u00e5et en aftale med det n\u00e6ste i r\u00e6kken. 18-\u00e5rige Ludvig Bruun S\u00f8rensen fra Mors-Thy H\u00e5ndbold Akademi har skrevet under p\u00e5 en aftale, der g\u00e6lder helt frem til 2031. &#8211; Det har taget fart, siden jeg [&hellip;]\" \/>\n<meta property=\"og:url\" content=\"https:\/\/kunmedierne.dk\/thy\/mors-thy-indgaar-langtidskontrakt-med-18-aarig-bagspiller\/\" \/>\n<meta property=\"og:site_name\" content=\"Thy\" \/>\n<meta property=\"article:published_time\" content=\"2026-04-30T14:38:05+00:00\" \/>\n<meta name=\"author\" content=\"David H\u00f8jmark\" \/>\n<meta name=\"twitter:card\" content=\"summary_large_image\" \/>\n<meta name=\"twitter:label1\" content=\"Skrevet af\" \/>\n\t<meta name=\"twitter:data1\" content=\"David H\u00f8jmark\" \/>\n\t<meta name=\"twitter:label2\" content=\"Estimeret l\u00e6setid\" \/>\n\t<meta name=\"twitter:data2\" content=\"3 minutter\" \/>\n<script type=\"application\/ld+json\" class=\"yoast-schema-graph\">{\"@context\":\"https:\/\/schema.org\",\"@graph\":[{\"@type\":\"Article\",\"@id\":\"https:\/\/kunmedierne.dk\/thy\/mors-thy-indgaar-langtidskontrakt-med-18-aarig-bagspiller\/#article\",\"isPartOf\":{\"@id\":\"https:\/\/kunmedierne.dk\/thy\/mors-thy-indgaar-langtidskontrakt-med-18-aarig-bagspiller\/\"},\"author\":{\"name\":\"David H\u00f8jmark\",\"@id\":\"https:\/\/kunmedierne.dk\/thy\/#\/schema\/person\/5fe23251bf1d0abbcdc6f7896579d548\"},\"headline\":\"Mors-Thy indg\u00e5r langtidskontrakt med 18-\u00e5rig bagspiller\",\"datePublished\":\"2026-04-30T14:38:05+00:00\",\"mainEntityOfPage\":{\"@id\":\"https:\/\/kunmedierne.dk\/thy\/mors-thy-indgaar-langtidskontrakt-med-18-aarig-bagspiller\/\"},\"wordCount\":468,\"publisher\":{\"@id\":\"https:\/\/kunmedierne.dk\/thy\/#organization\"},\"articleSection\":[\"Sport\"],\"inLanguage\":\"da-DK\"},{\"@type\":\"WebPage\",\"@id\":\"https:\/\/kunmedierne.dk\/thy\/mors-thy-indgaar-langtidskontrakt-med-18-aarig-bagspiller\/\",\"url\":\"https:\/\/kunmedierne.dk\/thy\/mors-thy-indgaar-langtidskontrakt-med-18-aarig-bagspiller\/\",\"name\":\"Mors-Thy indg\u00e5r langtidskontrakt med 18-\u00e5rig bagspiller - Thy\",\"isPartOf\":{\"@id\":\"https:\/\/kunmedierne.dk\/thy\/#website\"},\"datePublished\":\"2026-04-30T14:38:05+00:00\",\"breadcrumb\":{\"@id\":\"https:\/\/kunmedierne.dk\/thy\/mors-thy-indgaar-langtidskontrakt-med-18-aarig-bagspiller\/#breadcrumb\"},\"inLanguage\":\"da-DK\",\"potentialAction\":[{\"@type\":\"ReadAction\",\"target\":[\"https:\/\/kunmedierne.dk\/thy\/mors-thy-indgaar-langtidskontrakt-med-18-aarig-bagspiller\/\"]}]},{\"@type\":\"BreadcrumbList\",\"@id\":\"https:\/\/kunmedierne.dk\/thy\/mors-thy-indgaar-langtidskontrakt-med-18-aarig-bagspiller\/#breadcrumb\",\"itemListElement\":[{\"@type\":\"ListItem\",\"position\":1,\"name\":\"Home\",\"item\":\"https:\/\/kunmedierne.dk\/thy\/\"},{\"@type\":\"ListItem\",\"position\":2,\"name\":\"Mors-Thy indg\u00e5r langtidskontrakt med 18-\u00e5rig bagspiller\"}]},{\"@type\":\"WebSite\",\"@id\":\"https:\/\/kunmedierne.dk\/thy\/#website\",\"url\":\"https:\/\/kunmedierne.dk\/thy\/\",\"name\":\"Thy\",\"description\":\"et netmedie med journalistik om livet i Thy\",\"publisher\":{\"@id\":\"https:\/\/kunmedierne.dk\/thy\/#organization\"},\"potentialAction\":[{\"@type\":\"SearchAction\",\"target\":{\"@type\":\"EntryPoint\",\"urlTemplate\":\"https:\/\/kunmedierne.dk\/thy\/?s={search_term_string}\"},\"query-input\":{\"@type\":\"PropertyValueSpecification\",\"valueRequired\":true,\"valueName\":\"search_term_string\"}}],\"inLanguage\":\"da-DK\"},{\"@type\":\"Organization\",\"@id\":\"https:\/\/kunmedierne.dk\/thy\/#organization\",\"name\":\"Thy\",\"url\":\"https:\/\/kunmedierne.dk\/thy\/\",\"logo\":{\"@type\":\"ImageObject\",\"inLanguage\":\"da-DK\",\"@id\":\"https:\/\/kunmedierne.dk\/thy\/#\/schema\/logo\/image\/\",\"url\":\"https:\/\/kunmedierne.dk\/thy\/wp-content\/uploads\/sites\/2\/2025\/04\/kunthy-logo.svg\",\"contentUrl\":\"https:\/\/kunmedierne.dk\/thy\/wp-content\/uploads\/sites\/2\/2025\/04\/kunthy-logo.svg\",\"caption\":\"Thy\"},\"image\":{\"@id\":\"https:\/\/kunmedierne.dk\/thy\/#\/schema\/logo\/image\/\"}},{\"@type\":\"Person\",\"@id\":\"https:\/\/kunmedierne.dk\/thy\/#\/schema\/person\/5fe23251bf1d0abbcdc6f7896579d548\",\"name\":\"David H\u00f8jmark\",\"image\":{\"@type\":\"ImageObject\",\"inLanguage\":\"da-DK\",\"@id\":\"https:\/\/kunmedierne.dk\/thy\/#\/schema\/person\/image\/\",\"url\":\"https:\/\/secure.gravatar.com\/avatar\/4315d6fb9ef244d729989f5f90268eb08d5bf8a3d84402f595fa194bb35784fd?s=96&d=mm&r=g\",\"contentUrl\":\"https:\/\/secure.gravatar.com\/avatar\/4315d6fb9ef244d729989f5f90268eb08d5bf8a3d84402f595fa194bb35784fd?s=96&d=mm&r=g\",\"caption\":\"David H\u00f8jmark\"},\"sameAs\":[\"https:\/\/www.kunmedierne.dk\"],\"url\":\"https:\/\/kunmedierne.dk\/thy\/author\/david\/\"}]}<\/script>\n<!-- \/ Yoast SEO plugin. -->","yoast_head_json":{"title":"Mors-Thy indg\u00e5r langtidskontrakt med 18-\u00e5rig bagspiller - Thy","robots":{"index":"index","follow":"follow","max-snippet":"max-snippet:-1","max-image-preview":"max-image-preview:large","max-video-preview":"max-video-preview:-1"},"canonical":"https:\/\/kunmedierne.dk\/thy\/mors-thy-indgaar-langtidskontrakt-med-18-aarig-bagspiller\/","og_locale":"da_DK","og_type":"article","og_title":"Mors-Thy indg\u00e5r langtidskontrakt med 18-\u00e5rig bagspiller - Thy","og_description":"H\u00c5NDBOLD: Mors-Thy H\u00e5ndbold har en lang og god historik med venstreh\u00e5ndede talenter fra Mors-Thy H\u00e5ndbold Akademi, og nu har klubben indg\u00e5et en aftale med det n\u00e6ste i r\u00e6kken. 18-\u00e5rige Ludvig Bruun S\u00f8rensen fra Mors-Thy H\u00e5ndbold Akademi har skrevet under p\u00e5 en aftale, der g\u00e6lder helt frem til 2031. &#8211; Det har taget fart, siden jeg [&hellip;]","og_url":"https:\/\/kunmedierne.dk\/thy\/mors-thy-indgaar-langtidskontrakt-med-18-aarig-bagspiller\/","og_site_name":"Thy","article_published_time":"2026-04-30T14:38:05+00:00","author":"David H\u00f8jmark","twitter_card":"summary_large_image","twitter_misc":{"Skrevet af":"David H\u00f8jmark","Estimeret l\u00e6setid":"3 minutter"},"schema":{"@context":"https:\/\/schema.org","@graph":[{"@type":"Article","@id":"https:\/\/kunmedierne.dk\/thy\/mors-thy-indgaar-langtidskontrakt-med-18-aarig-bagspiller\/#article","isPartOf":{"@id":"https:\/\/kunmedierne.dk\/thy\/mors-thy-indgaar-langtidskontrakt-med-18-aarig-bagspiller\/"},"author":{"name":"David H\u00f8jmark","@id":"https:\/\/kunmedierne.dk\/thy\/#\/schema\/person\/5fe23251bf1d0abbcdc6f7896579d548"},"headline":"Mors-Thy indg\u00e5r langtidskontrakt med 18-\u00e5rig bagspiller","datePublished":"2026-04-30T14:38:05+00:00","mainEntityOfPage":{"@id":"https:\/\/kunmedierne.dk\/thy\/mors-thy-indgaar-langtidskontrakt-med-18-aarig-bagspiller\/"},"wordCount":468,"publisher":{"@id":"https:\/\/kunmedierne.dk\/thy\/#organization"},"articleSection":["Sport"],"inLanguage":"da-DK"},{"@type":"WebPage","@id":"https:\/\/kunmedierne.dk\/thy\/mors-thy-indgaar-langtidskontrakt-med-18-aarig-bagspiller\/","url":"https:\/\/kunmedierne.dk\/thy\/mors-thy-indgaar-langtidskontrakt-med-18-aarig-bagspiller\/","name":"Mors-Thy indg\u00e5r langtidskontrakt med 18-\u00e5rig bagspiller - Thy","isPartOf":{"@id":"https:\/\/kunmedierne.dk\/thy\/#website"},"datePublished":"2026-04-30T14:38:05+00:00","breadcrumb":{"@id":"https:\/\/kunmedierne.dk\/thy\/mors-thy-indgaar-langtidskontrakt-med-18-aarig-bagspiller\/#breadcrumb"},"inLanguage":"da-DK","potentialAction":[{"@type":"ReadAction","target":["https:\/\/kunmedierne.dk\/thy\/mors-thy-indgaar-langtidskontrakt-med-18-aarig-bagspiller\/"]}]},{"@type":"BreadcrumbList","@id":"https:\/\/kunmedierne.dk\/thy\/mors-thy-indgaar-langtidskontrakt-med-18-aarig-bagspiller\/#breadcrumb","itemListElement":[{"@type":"ListItem","position":1,"name":"Home","item":"https:\/\/kunmedierne.dk\/thy\/"},{"@type":"ListItem","position":2,"name":"Mors-Thy indg\u00e5r langtidskontrakt med 18-\u00e5rig bagspiller"}]},{"@type":"WebSite","@id":"https:\/\/kunmedierne.dk\/thy\/#website","url":"https:\/\/kunmedierne.dk\/thy\/","name":"Thy","description":"et netmedie med journalistik om livet i Thy","publisher":{"@id":"https:\/\/kunmedierne.dk\/thy\/#organization"},"potentialAction":[{"@type":"SearchAction","target":{"@type":"EntryPoint","urlTemplate":"https:\/\/kunmedierne.dk\/thy\/?s={search_term_string}"},"query-input":{"@type":"PropertyValueSpecification","valueRequired":true,"valueName":"search_term_string"}}],"inLanguage":"da-DK"},{"@type":"Organization","@id":"https:\/\/kunmedierne.dk\/thy\/#organization","name":"Thy","url":"https:\/\/kunmedierne.dk\/thy\/","logo":{"@type":"ImageObject","inLanguage":"da-DK","@id":"https:\/\/kunmedierne.dk\/thy\/#\/schema\/logo\/image\/","url":"https:\/\/kunmedierne.dk\/thy\/wp-content\/uploads\/sites\/2\/2025\/04\/kunthy-logo.svg","contentUrl":"https:\/\/kunmedierne.dk\/thy\/wp-content\/uploads\/sites\/2\/2025\/04\/kunthy-logo.svg","caption":"Thy"},"image":{"@id":"https:\/\/kunmedierne.dk\/thy\/#\/schema\/logo\/image\/"}},{"@type":"Person","@id":"https:\/\/kunmedierne.dk\/thy\/#\/schema\/person\/5fe23251bf1d0abbcdc6f7896579d548","name":"David H\u00f8jmark","image":{"@type":"ImageObject","inLanguage":"da-DK","@id":"https:\/\/kunmedierne.dk\/thy\/#\/schema\/person\/image\/","url":"https:\/\/secure.gravatar.com\/avatar\/4315d6fb9ef244d729989f5f90268eb08d5bf8a3d84402f595fa194bb35784fd?s=96&d=mm&r=g","contentUrl":"https:\/\/secure.gravatar.com\/avatar\/4315d6fb9ef244d729989f5f90268eb08d5bf8a3d84402f595fa194bb35784fd?s=96&d=mm&r=g","caption":"David H\u00f8jmark"},"sameAs":["https:\/\/www.kunmedierne.dk"],"url":"https:\/\/kunmedierne.dk\/thy\/author\/david\/"}]}},"_links":{"self":[{"href":"https:\/\/kunmedierne.dk\/thy\/wp-json\/wp\/v2\/posts\/21448","targetHints":{"allow":["GET"]}}],"collection":[{"href":"https:\/\/kunmedierne.dk\/thy\/wp-json\/wp\/v2\/posts"}],"about":[{"href":"https:\/\/kunmedierne.dk\/thy\/wp-json\/wp\/v2\/types\/post"}],"author":[{"embeddable":true,"href":"https:\/\/kunmedierne.dk\/thy\/wp-json\/wp\/v2\/users\/8"}],"replies":[{"embeddable":true,"href":"https:\/\/kunmedierne.dk\/thy\/wp-json\/wp\/v2\/comments?post=21448"}],"version-history":[{"count":1,"href":"https:\/\/kunmedierne.dk\/thy\/wp-json\/wp\/v2\/posts\/21448\/revisions"}],"predecessor-version":[{"id":21451,"href":"https:\/\/kunmedierne.dk\/thy\/wp-json\/wp\/v2\/posts\/21448\/revisions\/21451"}],"wp:attachment":[{"href":"https:\/\/kunmedierne.dk\/thy\/wp-json\/wp\/v2\/media?parent=21448"}],"wp:term":[{"taxonomy":"category","embeddable":true,"href":"https:\/\/kunmedierne.dk\/thy\/wp-json\/wp\/v2\/categories?post=21448"},{"taxonomy":"post_tag","embeddable":true,"href":"https:\/\/kunmedierne.dk\/thy\/wp-json\/wp\/v2\/tags?post=21448"}],"curies":[{"name":"wp","href":"https:\/\/api.w.org\/{rel}","templated":true}]}}