{"id":21427,"date":"2026-04-30T19:48:07","date_gmt":"2026-04-30T17:48:07","guid":{"rendered":"https:\/\/kunmedierne.dk\/thy\/?p=21427"},"modified":"2026-04-30T18:48:19","modified_gmt":"2026-04-30T16:48:19","slug":"special-skilles-paa-elmelund-udfordringer-til-alle-og-til-tid-at-se-fremad","status":"publish","type":"post","link":"https:\/\/kunmedierne.dk\/thy\/special-skilles-paa-elmelund-udfordringer-til-alle-og-til-tid-at-se-fremad\/","title":{"rendered":"<span>Special Skilles p\u00e5 Elmelund: <\/span>Udfordringer til alle og til tid at se fremad"},"content":{"rendered":"<p><strong>THISTED:<\/strong> Kalven s\u00e5 en smule reserveret ud og m\u00e5ske med god grund, for den blev set an af mange \u00f8jne, da Elmelund i Thisted torsdag var v\u00e6rt for en udgave af Special Skills. Det er en event der kombinerer muligheden af at blive lidt klogere b\u00e5de p\u00e5 sig selv og p\u00e5 de muligheder, der byder sig for at komme videre i livet n\u00e5r folkeskolen er fortid, men ogs\u00e5 for at pr\u00f8ve f\u00e6rdighederne af i en dyst med j\u00e6vnaldrende s\u00e5dan lidt i stil med den nyligt afviklede DM i skills for unge p\u00e5 de erhvervsfaglige uddannelser.<\/p>\n<a class=\"dvrt-link\" onClick=\"cdmtrack_click(1130,jQuery(this));return false\" href=\"https:\/\/www.thistedforsikring.dk\/?utm_source=partnerskaber&amp;utm_campaign=kun_thy\"><img decoding=\"async\" style=\"width:100%;\" src=\"https:\/\/kunmedierne.dk\/thy\/wp-content\/uploads\/sites\/2\/2025\/04\/260409KunThyThisted-For-1.png\"><\/a><script>cdmtrack_view(1130);<\/script>\n<p>Lidt, men alligevel ikke helt, for m\u00e5lgruppen for Special Skills p\u00e5 Elmelund er, pr\u00e6cis som i de efterh\u00e5nden mange tilsvarende Special Skills-arrangementer, der afvikles rundt om i landet, elever fra folkeskolens 7. til 10. \u00e5rgang, som modtager specialundervisning, fort\u00e6ller projektleder Mette Navntoft.<\/p>\n<a class=\"dvrt-link\" onClick=\"cdmtrack_click(687,jQuery(this));return false\" href=\"https:\/\/konpap.dk\/?gad_source=1&gclid=Cj0KCQjwtJ6_BhDWARIsAGanmKfOBLC3RBm6obWL5sEb-mp4bsp5QjqWW4j4nx22y0YT2iMiXJcv3MoaApR_EALw_wcB\"><img decoding=\"async\" style=\"width:100%;\" src=\"https:\/\/kunmedierne.dk\/thy\/wp-content\/uploads\/sites\/2\/2025\/03\/redoffice.jpg\"><\/a><script>cdmtrack_view(687);<\/script>\n<p>Special Skills er en landsd\u00e6kkende non-profit forening. Den er grundlagt i 2019 og st\u00f8ttes af Egmont Fonden og LIVSV\u00c6RK. Special Skills-eventen afvikles af udbydere af uddannelsestilbud for unge med s\u00e6rlige behov. Som her Elmelund.<\/p>\n<div id=\"attachment_21433\" style=\"width: 3805px\" class=\"wp-caption alignnone\"><img loading=\"lazy\" decoding=\"async\" aria-describedby=\"caption-attachment-21433\" class=\"wp-image-21433 size-full\" src=\"https:\/\/kunmedierne.dk\/thy\/wp-content\/uploads\/sites\/2\/2026\/04\/Elmelund05-kopier.jpg\" alt=\"\" width=\"3795\" height=\"2526\" srcset=\"https:\/\/kunmedierne.dk\/thy\/wp-content\/uploads\/sites\/2\/2026\/04\/Elmelund05-kopier.jpg 3795w, https:\/\/kunmedierne.dk\/thy\/wp-content\/uploads\/sites\/2\/2026\/04\/Elmelund05-kopier-300x200.jpg 300w, https:\/\/kunmedierne.dk\/thy\/wp-content\/uploads\/sites\/2\/2026\/04\/Elmelund05-kopier-1024x682.jpg 1024w, https:\/\/kunmedierne.dk\/thy\/wp-content\/uploads\/sites\/2\/2026\/04\/Elmelund05-kopier-510x339.jpg 510w\" sizes=\"auto, (max-width: 3795px) 100vw, 3795px\" \/><p id=\"caption-attachment-21433\" class=\"wp-caption-text\">Stemningen i konkurrenceteltet var intens, for der var b\u00e5de medaljer og anerkendelse forude. Foto: Jens Fogh-Andersen<\/p><\/div>\n<p>&nbsp;<\/p>\n<p>Torsdag var rundt regnet 200 unge med l\u00e6rere og andre ledsagere samlet p\u00e5 Elmelund. Nogen fra skoler i Thisted Kommune, andre var k\u00f8rt l\u00e6ngere for at v\u00e6re med i arrangementet, som var en hel del mere end Special Skills-konkurrencerne i et stort telt, der var rejst p\u00e5 g\u00e5rdspladsen.<\/p>\n<p>Andre steder p\u00e5 Elmelund, b\u00e5de i v\u00e6rkstederne og udend\u00f8rs i telte ved bygningerne &#8211; eller helt ude under \u00e5ben himmel pr\u00e6senterede Elmelund og andre tilsvarende tilbud en bred vifte af det, de kan tilbyde m\u00e5lrettet de unge, n\u00e5r de skal videre efter folkeskolen.<\/p>\n<a class=\"dvrt-link\" onClick=\"cdmtrack_click(683,jQuery(this));return false\" href=\"https:\/\/vester-begr.dk\/?utm_source=google&amp;utm_medium=advative&amp;gad_source=1&amp;gclid=Cj0KCQjwtJ6_BhDWARIsAGanmKfl-hGVVjCYiOgSKoGoxrow4kvXybZsnruKJYTslvqZDywT6a9PCQwaAmBjEALw_wcB\"><img decoding=\"async\" style=\"width:100%;\" src=\"https:\/\/kunmedierne.dk\/thy\/wp-content\/uploads\/sites\/2\/2025\/03\/260203VesterHoukaer-02022026.jpg\"><\/a><script>cdmtrack_view(683);<\/script>\n<p>Elmelund samarbejder om eventen med Struer Fri Fagskole, Thyfondens STU Markvejen, Skovsg\u00e5rd\/Attrup STU og S\u00f8ndbjergg\u00e5rd p\u00e5 Thyholm, og n\u00e5r samtlige tilbud blev stillet til skue, var der mulighed for at f\u00e5 en fornemmelse af hele 13 forskellige erhvervsretninger lige fra mekaniker og t\u00f8mrer til landbrug, dyrepasser, konditori, design og tekstil &#8211; bare for at n\u00e6vne noget.<\/p>\n<div id=\"attachment_21430\" style=\"width: 4044px\" class=\"wp-caption alignnone\"><img loading=\"lazy\" decoding=\"async\" aria-describedby=\"caption-attachment-21430\" class=\"wp-image-21430 size-full\" src=\"https:\/\/kunmedierne.dk\/thy\/wp-content\/uploads\/sites\/2\/2026\/04\/Elmelund02-kopier.jpg\" alt=\"\" width=\"4034\" height=\"2685\" srcset=\"https:\/\/kunmedierne.dk\/thy\/wp-content\/uploads\/sites\/2\/2026\/04\/Elmelund02-kopier.jpg 4034w, https:\/\/kunmedierne.dk\/thy\/wp-content\/uploads\/sites\/2\/2026\/04\/Elmelund02-kopier-300x200.jpg 300w, https:\/\/kunmedierne.dk\/thy\/wp-content\/uploads\/sites\/2\/2026\/04\/Elmelund02-kopier-1024x682.jpg 1024w, https:\/\/kunmedierne.dk\/thy\/wp-content\/uploads\/sites\/2\/2026\/04\/Elmelund02-kopier-510x339.jpg 510w\" sizes=\"auto, (max-width: 4034px) 100vw, 4034px\" \/><p id=\"caption-attachment-21430\" class=\"wp-caption-text\">Mathias, th., g\u00e5r p\u00e5 Engg\u00e5rden og g\u00e5r op i mekanik og biler. Han var klar til at fort\u00e6lle noget om de ting. Foto: Jens Fogh-Andersen.<\/p><\/div>\n<p>&nbsp;<\/p>\n<p>Alsidigheden er bevidst, for helt praktisk handler det om at vise, at n\u00e5r der er s\u00e5 meget at v\u00e6lge mellem, er der helt sikkert ogs\u00e5 noget, der passer til lige netop den person, man selv er.<\/p>\n<p>Mathias er en af dem, der har fundet sin vej. Han g\u00e5r p\u00e5 Engg\u00e5rden, hvor han roder med biler og mekanik. Han er klar til at fort\u00e6lle deltagerne i eventen lidt om, hvad det indeb\u00e6rer.<\/p>\n<a class=\"dvrt-link\" onClick=\"cdmtrack_click(689,jQuery(this));return false\" href=\"https:\/\/www.thistedbolig.dk\"><img decoding=\"async\" style=\"width:100%;\" src=\"https:\/\/kunmedierne.dk\/thy\/wp-content\/uploads\/sites\/2\/2025\/03\/260414ThistedBoligApril-opslag-002-1.jpg\"><\/a><script>cdmtrack_view(689);<\/script>\n<p>&#8211; Og jeg kan ret hurtigt se, om hvem der har arbejdet med mekanik f\u00f8r, siger han for straks efter et fort\u00e6lle en interesseret om, hvorfor oliepinden er et nyttigt redskab til at tjekke, om der er olie p\u00e5 bilen.<\/p>\n<p>P\u00e5 en mark lidt v\u00e6k er det Nanna, der fort\u00e6ller og tester g\u00e6sternes viden om kv\u00e6g. Det er her, kalven kommer p\u00e5 banen, for Nanna har tre sp\u00f8rgsm\u00e5l til de interesserede: Hvorfor har den m\u00e6rker i begge \u00f8rer &#8211; jo, hvis det ene falder af, er der stadig et tilbage, hvor mange maver har en ko &#8211; den har fire og s\u00e5 er der det sv\u00e6re sp\u00f8rgsm\u00e5l, hvad hedder hver af maverne.<\/p>\n<div id=\"attachment_21431\" style=\"width: 3625px\" class=\"wp-caption alignnone\"><img loading=\"lazy\" decoding=\"async\" aria-describedby=\"caption-attachment-21431\" class=\"wp-image-21431 size-full\" src=\"https:\/\/kunmedierne.dk\/thy\/wp-content\/uploads\/sites\/2\/2026\/04\/Elmelund03-kopier.jpg\" alt=\"\" width=\"3615\" height=\"2406\" srcset=\"https:\/\/kunmedierne.dk\/thy\/wp-content\/uploads\/sites\/2\/2026\/04\/Elmelund03-kopier.jpg 3615w, https:\/\/kunmedierne.dk\/thy\/wp-content\/uploads\/sites\/2\/2026\/04\/Elmelund03-kopier-300x200.jpg 300w, https:\/\/kunmedierne.dk\/thy\/wp-content\/uploads\/sites\/2\/2026\/04\/Elmelund03-kopier-1024x682.jpg 1024w, https:\/\/kunmedierne.dk\/thy\/wp-content\/uploads\/sites\/2\/2026\/04\/Elmelund03-kopier-510x339.jpg 510w\" sizes=\"auto, (max-width: 3615px) 100vw, 3615px\" \/><p id=\"caption-attachment-21431\" class=\"wp-caption-text\">Endnu et fag er testet &#8211; og der kvitteres med et klip i kortet. Foto: Jens Fogh-Andersen.<\/p><\/div>\n<p>&nbsp;<\/p>\n<p>B\u00e5de hos Nanna og ude hos de andre fag, f\u00e5r de bes\u00f8gende et klip i et kort som viser, at de har v\u00e6ret her, der og efter et stykke tid hele vejen rundt blandt de 13 erhvervsretninger, og med 13 klip i kortet er der popcorn og sodavand.<\/p>\n<a class=\"dvrt-link\" onClick=\"cdmtrack_click(689,jQuery(this));return false\" href=\"https:\/\/www.thistedbolig.dk\"><img decoding=\"async\" style=\"width:100%;\" src=\"https:\/\/kunmedierne.dk\/thy\/wp-content\/uploads\/sites\/2\/2025\/03\/260414ThistedBoligApril-opslag-002-1.jpg\"><\/a><script>cdmtrack_view(689);<\/script>\n<p>Mens nogen ser p\u00e5 de forskellige tilbud, er andre travlt optaget i konkurrenceteltet. Pr\u00e6cis som p\u00e5 skibakkerne er der mulighed for at konkurrere p\u00e5 det niveau, der passer deltagerne bedst. Gr\u00f8n, r\u00f8d og sort, men uanset farve skal deltagerne, som f\u00f8lges i sm\u00e5 hold, l\u00f8se fire forskellige konkurrencer og g\u00f8re det p\u00e5 tid.<\/p>\n<div id=\"attachment_21432\" style=\"width: 4131px\" class=\"wp-caption alignnone\"><img loading=\"lazy\" decoding=\"async\" aria-describedby=\"caption-attachment-21432\" class=\"wp-image-21432 size-full\" src=\"https:\/\/kunmedierne.dk\/thy\/wp-content\/uploads\/sites\/2\/2026\/04\/Elmelund04-kopier.jpg\" alt=\"\" width=\"4121\" height=\"2743\" srcset=\"https:\/\/kunmedierne.dk\/thy\/wp-content\/uploads\/sites\/2\/2026\/04\/Elmelund04-kopier.jpg 4121w, https:\/\/kunmedierne.dk\/thy\/wp-content\/uploads\/sites\/2\/2026\/04\/Elmelund04-kopier-300x200.jpg 300w, https:\/\/kunmedierne.dk\/thy\/wp-content\/uploads\/sites\/2\/2026\/04\/Elmelund04-kopier-1024x682.jpg 1024w, https:\/\/kunmedierne.dk\/thy\/wp-content\/uploads\/sites\/2\/2026\/04\/Elmelund04-kopier-510x339.jpg 510w\" sizes=\"auto, (max-width: 4121px) 100vw, 4121px\" \/><p id=\"caption-attachment-21432\" class=\"wp-caption-text\">Det kr\u00e6ver b\u00e5de koncentrsation og procision, n\u00e5r der konkurreres. Foto: Jens Fogh-Andersen<\/p><\/div>\n<p>&nbsp;<\/p>\n<p>Og som i enhver anden konkurrence har de \u00f8vet sig hjemmefra, hvor n\u00e5r det hele er slut, bliver det afgjort hvem der vinder og hvem der bliver nummer to og tre. De kan h\u00e6nge en medalje om halsen, men alle for et diplom som en anerkendelse af indsatsen.<\/p>\n<p><img loading=\"lazy\" decoding=\"async\" class=\"alignnone wp-image-21434 size-full\" src=\"https:\/\/kunmedierne.dk\/thy\/wp-content\/uploads\/sites\/2\/2026\/04\/Elmelund06-kopier.jpg\" alt=\"\" width=\"4087\" height=\"2720\" srcset=\"https:\/\/kunmedierne.dk\/thy\/wp-content\/uploads\/sites\/2\/2026\/04\/Elmelund06-kopier.jpg 4087w, https:\/\/kunmedierne.dk\/thy\/wp-content\/uploads\/sites\/2\/2026\/04\/Elmelund06-kopier-300x200.jpg 300w, https:\/\/kunmedierne.dk\/thy\/wp-content\/uploads\/sites\/2\/2026\/04\/Elmelund06-kopier-1024x681.jpg 1024w, https:\/\/kunmedierne.dk\/thy\/wp-content\/uploads\/sites\/2\/2026\/04\/Elmelund06-kopier-510x339.jpg 510w\" sizes=\"auto, (max-width: 4087px) 100vw, 4087px\" \/><\/p>\n<p>Her g\u00e6lder det om at holde tungen lige i munden. Specielt n\u00e5r det skal g\u00e5 hurtigt, men d\u00e5serne blev stablet efter alle kunstens regler. Foto: Jens Fogh-Andersen.<\/p>\n<p>&nbsp;<\/p>\n<p>&#8211; Deltagerne konkurrer p\u00e5 hold. S\u00e5 kan de st\u00f8tte hinanden indbyrdes, og den, der ikke er s\u00e5 god i en konkurrence, kan g\u00e5 forrest i en anden &#8211; og s\u00e5 giver det noget, at v\u00e6re med i en konkurrence mod andre, siger Mette Navntoft, og tilf\u00f8jer, at Special Skills er et inkluderende arrangement, fordi alle kan v\u00e6re med i deres egen dyst.<\/p>\n<p>&#8211; Og n\u00e5r vi har b\u00e5de f\u00f8rste, anden og tredjepladser s\u00e5 er det fordi, det er en del af livet, men her er der ogs\u00e5 anerkendelse til alle dem, som er del af en stor gruppe som p\u00e5 et tidspunkt ogs\u00e5 skal v\u00e6re en del af arbejdsmarkedet.<\/p>\n","protected":false},"excerpt":{"rendered":"<p>THISTED: Kalven s\u00e5 en smule reserveret ud og m\u00e5ske med god grund, for den blev set an af mange \u00f8jne, da Elmelund i Thisted torsdag var v\u00e6rt for en udgave af Special Skills. Det er en event der kombinerer muligheden af at blive lidt klogere b\u00e5de p\u00e5 sig selv og p\u00e5 de muligheder, der byder [&hellip;]<\/p>\n","protected":false},"author":4535,"featured_media":0,"comment_status":"closed","ping_status":"closed","sticky":false,"template":"","format":"standard","meta":{"_acf_changed":false,"footnotes":""},"categories":[24],"tags":[44,74],"class_list":["post-21427","post","type-post","status-publish","format-standard","hentry","category-lokalt","tag-undervisning","tag-ungdomsliv"],"acf":[],"yoast_head":"<!-- This site is optimized with the Yoast SEO plugin v26.8 - https:\/\/yoast.com\/product\/yoast-seo-wordpress\/ -->\n<title>Special Skilles p\u00e5 Elmelund: Udfordringer til alle og til tid at se fremad - Thy<\/title>\n<meta name=\"robots\" content=\"index, follow, max-snippet:-1, max-image-preview:large, max-video-preview:-1\" \/>\n<link rel=\"canonical\" href=\"https:\/\/kunmedierne.dk\/thy\/special-skilles-paa-elmelund-udfordringer-til-alle-og-til-tid-at-se-fremad\/\" \/>\n<meta property=\"og:locale\" content=\"da_DK\" \/>\n<meta property=\"og:type\" content=\"article\" \/>\n<meta property=\"og:title\" content=\"Special Skilles p\u00e5 Elmelund: Udfordringer til alle og til tid at se fremad - Thy\" \/>\n<meta property=\"og:description\" content=\"THISTED: Kalven s\u00e5 en smule reserveret ud og m\u00e5ske med god grund, for den blev set an af mange \u00f8jne, da Elmelund i Thisted torsdag var v\u00e6rt for en udgave af Special Skills. Det er en event der kombinerer muligheden af at blive lidt klogere b\u00e5de p\u00e5 sig selv og p\u00e5 de muligheder, der byder [&hellip;]\" \/>\n<meta property=\"og:url\" content=\"https:\/\/kunmedierne.dk\/thy\/special-skilles-paa-elmelund-udfordringer-til-alle-og-til-tid-at-se-fremad\/\" \/>\n<meta property=\"og:site_name\" content=\"Thy\" \/>\n<meta property=\"article:published_time\" content=\"2026-04-30T17:48:07+00:00\" \/>\n<meta property=\"og:image\" content=\"https:\/\/kunmedierne.dk\/thy\/wp-content\/uploads\/sites\/2\/2026\/04\/Elmelund05-kopier.jpg\" \/>\n<meta name=\"author\" content=\"Jens Fogh Andersen\" \/>\n<meta name=\"twitter:card\" content=\"summary_large_image\" \/>\n<meta name=\"twitter:label1\" content=\"Skrevet af\" \/>\n\t<meta name=\"twitter:data1\" content=\"Jens Fogh Andersen\" \/>\n\t<meta name=\"twitter:label2\" content=\"Estimeret l\u00e6setid\" \/>\n\t<meta name=\"twitter:data2\" content=\"6 minutter\" \/>\n<script type=\"application\/ld+json\" class=\"yoast-schema-graph\">{\"@context\":\"https:\/\/schema.org\",\"@graph\":[{\"@type\":\"Article\",\"@id\":\"https:\/\/kunmedierne.dk\/thy\/special-skilles-paa-elmelund-udfordringer-til-alle-og-til-tid-at-se-fremad\/#article\",\"isPartOf\":{\"@id\":\"https:\/\/kunmedierne.dk\/thy\/special-skilles-paa-elmelund-udfordringer-til-alle-og-til-tid-at-se-fremad\/\"},\"author\":{\"name\":\"Jens Fogh Andersen\",\"@id\":\"https:\/\/kunmedierne.dk\/thy\/#\/schema\/person\/88f5be46809ca2a5533760eb574fef93\"},\"headline\":\"Special Skilles p\u00e5 Elmelund: Udfordringer til alle og til tid at se fremad\",\"datePublished\":\"2026-04-30T17:48:07+00:00\",\"mainEntityOfPage\":{\"@id\":\"https:\/\/kunmedierne.dk\/thy\/special-skilles-paa-elmelund-udfordringer-til-alle-og-til-tid-at-se-fremad\/\"},\"wordCount\":988,\"publisher\":{\"@id\":\"https:\/\/kunmedierne.dk\/thy\/#organization\"},\"image\":{\"@id\":\"https:\/\/kunmedierne.dk\/thy\/special-skilles-paa-elmelund-udfordringer-til-alle-og-til-tid-at-se-fremad\/#primaryimage\"},\"thumbnailUrl\":\"https:\/\/kunmedierne.dk\/thy\/wp-content\/uploads\/sites\/2\/2026\/04\/Elmelund05-kopier.jpg\",\"keywords\":[\"Undervisning\",\"Ungdomsliv\"],\"articleSection\":[\"Lokalt\"],\"inLanguage\":\"da-DK\"},{\"@type\":\"WebPage\",\"@id\":\"https:\/\/kunmedierne.dk\/thy\/special-skilles-paa-elmelund-udfordringer-til-alle-og-til-tid-at-se-fremad\/\",\"url\":\"https:\/\/kunmedierne.dk\/thy\/special-skilles-paa-elmelund-udfordringer-til-alle-og-til-tid-at-se-fremad\/\",\"name\":\"Special Skilles p\u00e5 Elmelund: Udfordringer til alle og til tid at se fremad - Thy\",\"isPartOf\":{\"@id\":\"https:\/\/kunmedierne.dk\/thy\/#website\"},\"primaryImageOfPage\":{\"@id\":\"https:\/\/kunmedierne.dk\/thy\/special-skilles-paa-elmelund-udfordringer-til-alle-og-til-tid-at-se-fremad\/#primaryimage\"},\"image\":{\"@id\":\"https:\/\/kunmedierne.dk\/thy\/special-skilles-paa-elmelund-udfordringer-til-alle-og-til-tid-at-se-fremad\/#primaryimage\"},\"thumbnailUrl\":\"https:\/\/kunmedierne.dk\/thy\/wp-content\/uploads\/sites\/2\/2026\/04\/Elmelund05-kopier.jpg\",\"datePublished\":\"2026-04-30T17:48:07+00:00\",\"breadcrumb\":{\"@id\":\"https:\/\/kunmedierne.dk\/thy\/special-skilles-paa-elmelund-udfordringer-til-alle-og-til-tid-at-se-fremad\/#breadcrumb\"},\"inLanguage\":\"da-DK\",\"potentialAction\":[{\"@type\":\"ReadAction\",\"target\":[\"https:\/\/kunmedierne.dk\/thy\/special-skilles-paa-elmelund-udfordringer-til-alle-og-til-tid-at-se-fremad\/\"]}]},{\"@type\":\"ImageObject\",\"inLanguage\":\"da-DK\",\"@id\":\"https:\/\/kunmedierne.dk\/thy\/special-skilles-paa-elmelund-udfordringer-til-alle-og-til-tid-at-se-fremad\/#primaryimage\",\"url\":\"https:\/\/kunmedierne.dk\/thy\/wp-content\/uploads\/sites\/2\/2026\/04\/Elmelund05-kopier.jpg\",\"contentUrl\":\"https:\/\/kunmedierne.dk\/thy\/wp-content\/uploads\/sites\/2\/2026\/04\/Elmelund05-kopier.jpg\",\"width\":3795,\"height\":2526,\"caption\":\"Elmelund, Special Skills Foto: Jens Fogh-Andersen 300426\"},{\"@type\":\"BreadcrumbList\",\"@id\":\"https:\/\/kunmedierne.dk\/thy\/special-skilles-paa-elmelund-udfordringer-til-alle-og-til-tid-at-se-fremad\/#breadcrumb\",\"itemListElement\":[{\"@type\":\"ListItem\",\"position\":1,\"name\":\"Home\",\"item\":\"https:\/\/kunmedierne.dk\/thy\/\"},{\"@type\":\"ListItem\",\"position\":2,\"name\":\"Special Skilles p\u00e5 Elmelund: Udfordringer til alle og til tid at se fremad\"}]},{\"@type\":\"WebSite\",\"@id\":\"https:\/\/kunmedierne.dk\/thy\/#website\",\"url\":\"https:\/\/kunmedierne.dk\/thy\/\",\"name\":\"Thy\",\"description\":\"et netmedie med journalistik om livet i Thy\",\"publisher\":{\"@id\":\"https:\/\/kunmedierne.dk\/thy\/#organization\"},\"potentialAction\":[{\"@type\":\"SearchAction\",\"target\":{\"@type\":\"EntryPoint\",\"urlTemplate\":\"https:\/\/kunmedierne.dk\/thy\/?s={search_term_string}\"},\"query-input\":{\"@type\":\"PropertyValueSpecification\",\"valueRequired\":true,\"valueName\":\"search_term_string\"}}],\"inLanguage\":\"da-DK\"},{\"@type\":\"Organization\",\"@id\":\"https:\/\/kunmedierne.dk\/thy\/#organization\",\"name\":\"Thy\",\"url\":\"https:\/\/kunmedierne.dk\/thy\/\",\"logo\":{\"@type\":\"ImageObject\",\"inLanguage\":\"da-DK\",\"@id\":\"https:\/\/kunmedierne.dk\/thy\/#\/schema\/logo\/image\/\",\"url\":\"https:\/\/kunmedierne.dk\/thy\/wp-content\/uploads\/sites\/2\/2025\/04\/kunthy-logo.svg\",\"contentUrl\":\"https:\/\/kunmedierne.dk\/thy\/wp-content\/uploads\/sites\/2\/2025\/04\/kunthy-logo.svg\",\"caption\":\"Thy\"},\"image\":{\"@id\":\"https:\/\/kunmedierne.dk\/thy\/#\/schema\/logo\/image\/\"}},{\"@type\":\"Person\",\"@id\":\"https:\/\/kunmedierne.dk\/thy\/#\/schema\/person\/88f5be46809ca2a5533760eb574fef93\",\"name\":\"Jens Fogh Andersen\",\"image\":{\"@type\":\"ImageObject\",\"inLanguage\":\"da-DK\",\"@id\":\"https:\/\/kunmedierne.dk\/thy\/#\/schema\/person\/image\/\",\"url\":\"https:\/\/secure.gravatar.com\/avatar\/2b367a4ef139b1c41dccc9ee7af926b81f8b4cca3359772e86c7fd5ced26c0a3?s=96&d=mm&r=g\",\"contentUrl\":\"https:\/\/secure.gravatar.com\/avatar\/2b367a4ef139b1c41dccc9ee7af926b81f8b4cca3359772e86c7fd5ced26c0a3?s=96&d=mm&r=g\",\"caption\":\"Jens Fogh Andersen\"},\"url\":\"https:\/\/kunmedierne.dk\/thy\/author\/jfa\/\"}]}<\/script>\n<!-- \/ Yoast SEO plugin. -->","yoast_head_json":{"title":"Special Skilles p\u00e5 Elmelund: Udfordringer til alle og til tid at se fremad - Thy","robots":{"index":"index","follow":"follow","max-snippet":"max-snippet:-1","max-image-preview":"max-image-preview:large","max-video-preview":"max-video-preview:-1"},"canonical":"https:\/\/kunmedierne.dk\/thy\/special-skilles-paa-elmelund-udfordringer-til-alle-og-til-tid-at-se-fremad\/","og_locale":"da_DK","og_type":"article","og_title":"Special Skilles p\u00e5 Elmelund: Udfordringer til alle og til tid at se fremad - Thy","og_description":"THISTED: Kalven s\u00e5 en smule reserveret ud og m\u00e5ske med god grund, for den blev set an af mange \u00f8jne, da Elmelund i Thisted torsdag var v\u00e6rt for en udgave af Special Skills. Det er en event der kombinerer muligheden af at blive lidt klogere b\u00e5de p\u00e5 sig selv og p\u00e5 de muligheder, der byder [&hellip;]","og_url":"https:\/\/kunmedierne.dk\/thy\/special-skilles-paa-elmelund-udfordringer-til-alle-og-til-tid-at-se-fremad\/","og_site_name":"Thy","article_published_time":"2026-04-30T17:48:07+00:00","og_image":[{"url":"https:\/\/kunmedierne.dk\/thy\/wp-content\/uploads\/sites\/2\/2026\/04\/Elmelund05-kopier.jpg","type":"","width":"","height":""}],"author":"Jens Fogh Andersen","twitter_card":"summary_large_image","twitter_misc":{"Skrevet af":"Jens Fogh Andersen","Estimeret l\u00e6setid":"6 minutter"},"schema":{"@context":"https:\/\/schema.org","@graph":[{"@type":"Article","@id":"https:\/\/kunmedierne.dk\/thy\/special-skilles-paa-elmelund-udfordringer-til-alle-og-til-tid-at-se-fremad\/#article","isPartOf":{"@id":"https:\/\/kunmedierne.dk\/thy\/special-skilles-paa-elmelund-udfordringer-til-alle-og-til-tid-at-se-fremad\/"},"author":{"name":"Jens Fogh Andersen","@id":"https:\/\/kunmedierne.dk\/thy\/#\/schema\/person\/88f5be46809ca2a5533760eb574fef93"},"headline":"Special Skilles p\u00e5 Elmelund: Udfordringer til alle og til tid at se fremad","datePublished":"2026-04-30T17:48:07+00:00","mainEntityOfPage":{"@id":"https:\/\/kunmedierne.dk\/thy\/special-skilles-paa-elmelund-udfordringer-til-alle-og-til-tid-at-se-fremad\/"},"wordCount":988,"publisher":{"@id":"https:\/\/kunmedierne.dk\/thy\/#organization"},"image":{"@id":"https:\/\/kunmedierne.dk\/thy\/special-skilles-paa-elmelund-udfordringer-til-alle-og-til-tid-at-se-fremad\/#primaryimage"},"thumbnailUrl":"https:\/\/kunmedierne.dk\/thy\/wp-content\/uploads\/sites\/2\/2026\/04\/Elmelund05-kopier.jpg","keywords":["Undervisning","Ungdomsliv"],"articleSection":["Lokalt"],"inLanguage":"da-DK"},{"@type":"WebPage","@id":"https:\/\/kunmedierne.dk\/thy\/special-skilles-paa-elmelund-udfordringer-til-alle-og-til-tid-at-se-fremad\/","url":"https:\/\/kunmedierne.dk\/thy\/special-skilles-paa-elmelund-udfordringer-til-alle-og-til-tid-at-se-fremad\/","name":"Special Skilles p\u00e5 Elmelund: Udfordringer til alle og til tid at se fremad - Thy","isPartOf":{"@id":"https:\/\/kunmedierne.dk\/thy\/#website"},"primaryImageOfPage":{"@id":"https:\/\/kunmedierne.dk\/thy\/special-skilles-paa-elmelund-udfordringer-til-alle-og-til-tid-at-se-fremad\/#primaryimage"},"image":{"@id":"https:\/\/kunmedierne.dk\/thy\/special-skilles-paa-elmelund-udfordringer-til-alle-og-til-tid-at-se-fremad\/#primaryimage"},"thumbnailUrl":"https:\/\/kunmedierne.dk\/thy\/wp-content\/uploads\/sites\/2\/2026\/04\/Elmelund05-kopier.jpg","datePublished":"2026-04-30T17:48:07+00:00","breadcrumb":{"@id":"https:\/\/kunmedierne.dk\/thy\/special-skilles-paa-elmelund-udfordringer-til-alle-og-til-tid-at-se-fremad\/#breadcrumb"},"inLanguage":"da-DK","potentialAction":[{"@type":"ReadAction","target":["https:\/\/kunmedierne.dk\/thy\/special-skilles-paa-elmelund-udfordringer-til-alle-og-til-tid-at-se-fremad\/"]}]},{"@type":"ImageObject","inLanguage":"da-DK","@id":"https:\/\/kunmedierne.dk\/thy\/special-skilles-paa-elmelund-udfordringer-til-alle-og-til-tid-at-se-fremad\/#primaryimage","url":"https:\/\/kunmedierne.dk\/thy\/wp-content\/uploads\/sites\/2\/2026\/04\/Elmelund05-kopier.jpg","contentUrl":"https:\/\/kunmedierne.dk\/thy\/wp-content\/uploads\/sites\/2\/2026\/04\/Elmelund05-kopier.jpg","width":3795,"height":2526,"caption":"Elmelund, Special Skills Foto: Jens Fogh-Andersen 300426"},{"@type":"BreadcrumbList","@id":"https:\/\/kunmedierne.dk\/thy\/special-skilles-paa-elmelund-udfordringer-til-alle-og-til-tid-at-se-fremad\/#breadcrumb","itemListElement":[{"@type":"ListItem","position":1,"name":"Home","item":"https:\/\/kunmedierne.dk\/thy\/"},{"@type":"ListItem","position":2,"name":"Special Skilles p\u00e5 Elmelund: Udfordringer til alle og til tid at se fremad"}]},{"@type":"WebSite","@id":"https:\/\/kunmedierne.dk\/thy\/#website","url":"https:\/\/kunmedierne.dk\/thy\/","name":"Thy","description":"et netmedie med journalistik om livet i Thy","publisher":{"@id":"https:\/\/kunmedierne.dk\/thy\/#organization"},"potentialAction":[{"@type":"SearchAction","target":{"@type":"EntryPoint","urlTemplate":"https:\/\/kunmedierne.dk\/thy\/?s={search_term_string}"},"query-input":{"@type":"PropertyValueSpecification","valueRequired":true,"valueName":"search_term_string"}}],"inLanguage":"da-DK"},{"@type":"Organization","@id":"https:\/\/kunmedierne.dk\/thy\/#organization","name":"Thy","url":"https:\/\/kunmedierne.dk\/thy\/","logo":{"@type":"ImageObject","inLanguage":"da-DK","@id":"https:\/\/kunmedierne.dk\/thy\/#\/schema\/logo\/image\/","url":"https:\/\/kunmedierne.dk\/thy\/wp-content\/uploads\/sites\/2\/2025\/04\/kunthy-logo.svg","contentUrl":"https:\/\/kunmedierne.dk\/thy\/wp-content\/uploads\/sites\/2\/2025\/04\/kunthy-logo.svg","caption":"Thy"},"image":{"@id":"https:\/\/kunmedierne.dk\/thy\/#\/schema\/logo\/image\/"}},{"@type":"Person","@id":"https:\/\/kunmedierne.dk\/thy\/#\/schema\/person\/88f5be46809ca2a5533760eb574fef93","name":"Jens Fogh Andersen","image":{"@type":"ImageObject","inLanguage":"da-DK","@id":"https:\/\/kunmedierne.dk\/thy\/#\/schema\/person\/image\/","url":"https:\/\/secure.gravatar.com\/avatar\/2b367a4ef139b1c41dccc9ee7af926b81f8b4cca3359772e86c7fd5ced26c0a3?s=96&d=mm&r=g","contentUrl":"https:\/\/secure.gravatar.com\/avatar\/2b367a4ef139b1c41dccc9ee7af926b81f8b4cca3359772e86c7fd5ced26c0a3?s=96&d=mm&r=g","caption":"Jens Fogh Andersen"},"url":"https:\/\/kunmedierne.dk\/thy\/author\/jfa\/"}]}},"_links":{"self":[{"href":"https:\/\/kunmedierne.dk\/thy\/wp-json\/wp\/v2\/posts\/21427","targetHints":{"allow":["GET"]}}],"collection":[{"href":"https:\/\/kunmedierne.dk\/thy\/wp-json\/wp\/v2\/posts"}],"about":[{"href":"https:\/\/kunmedierne.dk\/thy\/wp-json\/wp\/v2\/types\/post"}],"author":[{"embeddable":true,"href":"https:\/\/kunmedierne.dk\/thy\/wp-json\/wp\/v2\/users\/4535"}],"replies":[{"embeddable":true,"href":"https:\/\/kunmedierne.dk\/thy\/wp-json\/wp\/v2\/comments?post=21427"}],"version-history":[{"count":12,"href":"https:\/\/kunmedierne.dk\/thy\/wp-json\/wp\/v2\/posts\/21427\/revisions"}],"predecessor-version":[{"id":21459,"href":"https:\/\/kunmedierne.dk\/thy\/wp-json\/wp\/v2\/posts\/21427\/revisions\/21459"}],"wp:attachment":[{"href":"https:\/\/kunmedierne.dk\/thy\/wp-json\/wp\/v2\/media?parent=21427"}],"wp:term":[{"taxonomy":"category","embeddable":true,"href":"https:\/\/kunmedierne.dk\/thy\/wp-json\/wp\/v2\/categories?post=21427"},{"taxonomy":"post_tag","embeddable":true,"href":"https:\/\/kunmedierne.dk\/thy\/wp-json\/wp\/v2\/tags?post=21427"}],"curies":[{"name":"wp","href":"https:\/\/api.w.org\/{rel}","templated":true}]}}