{"id":21422,"date":"2026-04-30T11:48:53","date_gmt":"2026-04-30T09:48:53","guid":{"rendered":"https:\/\/kunmedierne.dk\/thy\/?p=21422"},"modified":"2026-04-30T11:50:04","modified_gmt":"2026-04-30T09:50:04","slug":"morgenkollision-paa-rishoejvej-to-biler-involveret-ingen-alvorlig-personskade","status":"publish","type":"post","link":"https:\/\/kunmedierne.dk\/thy\/morgenkollision-paa-rishoejvej-to-biler-involveret-ingen-alvorlig-personskade\/","title":{"rendered":"<span>Morgenkollision p\u00e5 Rish\u00f8jvej:<\/span> To biler involveret, ingen alvorlig personskade"},"content":{"rendered":"<p><strong>BEDSTED:<\/strong> Onsdag den 29. april klokken 06:13 blev lokalpolitiet kaldt ud til et f\u00e6rdselsuheld p\u00e5 Rish\u00f8jvej ved Bedsted.<\/p>\n<p>En 27-\u00e5rig kvinde k\u00f8rte i \u00f8stlig retning, hvor hun bremsede op bag en lastbil, der skulle svinge. Bag hende kom en bil f\u00f8rt af en 20-\u00e5rig kvinde fra Vestervig, som ikke n\u00e5ede at bremse og derfor k\u00f8rte op i bagenden af den forank\u00f8rende bil.<\/p>\n<a class=\"dvrt-link\" onClick=\"cdmtrack_click(689,jQuery(this));return false\" href=\"https:\/\/www.thistedbolig.dk\"><img decoding=\"async\" style=\"width:100%;\" src=\"https:\/\/kunmedierne.dk\/thy\/wp-content\/uploads\/sites\/2\/2025\/03\/260414ThistedBoligApril-opslag-002-1.jpg\"><\/a><script>cdmtrack_view(689);<\/script>\n<p>If\u00f8lge politiet er der umiddelbart ikke sket personskade, men en af de involverede blev k\u00f8rt til kontrol p\u00e5 sygehuset.<\/p>\n<p>Uheldet medf\u00f8rte udelukkende materielle skader i form af buler p\u00e5 bilerne.<\/p>\n<p>&nbsp;<\/p>\n<blockquote>\n<h4>POPUL\u00c6RE ARTIKLER LIGE NU:<\/h4>\n<h5><a href=\"https:\/\/kunmedierne.dk\/thy\/vilde-oplevelser-i-thisteds-midtby\/\" target=\"_blank\" rel=\"noopener\">Vilde oplevelser i Thisteds midtby<\/a><\/h5>\n<h5><a href=\"https:\/\/kunmedierne.dk\/thy\/lavbundsprojekt-med-potentiale-det-kan-genskabe-sjoerring-soe-maaske\/\" target=\"_blank\" rel=\"noopener\">Lavbundsprojekt med potentiale: Det kan genskabe Sj\u00f8rring S\u00f8, m\u00e5ske<\/a><\/h5>\n<h5><a href=\"https:\/\/kunmedierne.dk\/thy\/topresultat-for-ejeren-af-hanstholm-havn\/\" target=\"_blank\" rel=\"noopener\">Topresultat for ejeren af Hanstholm Havn<\/a><\/h5>\n<p>&nbsp;<\/p><\/blockquote>\n<p><img loading=\"lazy\" decoding=\"async\" class=\"alignnone wp-image-6670 size-full\" src=\"https:\/\/kunmedierne.dk\/thy\/wp-content\/uploads\/sites\/2\/2025\/07\/pris-3.jpg\" alt=\"\" width=\"600\" height=\"503\" srcset=\"https:\/\/kunmedierne.dk\/thy\/wp-content\/uploads\/sites\/2\/2025\/07\/pris-3.jpg 600w, https:\/\/kunmedierne.dk\/thy\/wp-content\/uploads\/sites\/2\/2025\/07\/pris-3-300x252.jpg 300w, https:\/\/kunmedierne.dk\/thy\/wp-content\/uploads\/sites\/2\/2025\/07\/pris-3-510x428.jpg 510w\" sizes=\"auto, (max-width: 600px) 100vw, 600px\" \/><\/p>\n","protected":false},"excerpt":{"rendered":"<p>BEDSTED: Onsdag den 29. april klokken 06:13 blev lokalpolitiet kaldt ud til et f\u00e6rdselsuheld p\u00e5 Rish\u00f8jvej ved Bedsted. En 27-\u00e5rig kvinde k\u00f8rte i \u00f8stlig retning, hvor hun bremsede op bag en lastbil, der skulle svinge. Bag hende kom en bil f\u00f8rt af en 20-\u00e5rig kvinde fra Vestervig, som ikke n\u00e5ede at bremse og derfor k\u00f8rte [&hellip;]<\/p>\n","protected":false},"author":2507,"featured_media":0,"comment_status":"closed","ping_status":"closed","sticky":false,"template":"","format":"standard","meta":{"_acf_changed":false,"footnotes":""},"categories":[53,24],"tags":[],"class_list":["post-21422","post","type-post","status-publish","format-standard","hentry","category-53","category-lokalt"],"acf":[],"yoast_head":"<!-- This site is optimized with the Yoast SEO plugin v26.8 - https:\/\/yoast.com\/product\/yoast-seo-wordpress\/ -->\n<title>Morgenkollision p\u00e5 Rish\u00f8jvej: To biler involveret, ingen alvorlig personskade - Thy<\/title>\n<meta name=\"robots\" content=\"index, follow, max-snippet:-1, max-image-preview:large, max-video-preview:-1\" \/>\n<link rel=\"canonical\" href=\"https:\/\/kunmedierne.dk\/thy\/morgenkollision-paa-rishoejvej-to-biler-involveret-ingen-alvorlig-personskade\/\" \/>\n<meta property=\"og:locale\" content=\"da_DK\" \/>\n<meta property=\"og:type\" content=\"article\" \/>\n<meta property=\"og:title\" content=\"Morgenkollision p\u00e5 Rish\u00f8jvej: To biler involveret, ingen alvorlig personskade - Thy\" \/>\n<meta property=\"og:description\" content=\"BEDSTED: Onsdag den 29. april klokken 06:13 blev lokalpolitiet kaldt ud til et f\u00e6rdselsuheld p\u00e5 Rish\u00f8jvej ved Bedsted. En 27-\u00e5rig kvinde k\u00f8rte i \u00f8stlig retning, hvor hun bremsede op bag en lastbil, der skulle svinge. Bag hende kom en bil f\u00f8rt af en 20-\u00e5rig kvinde fra Vestervig, som ikke n\u00e5ede at bremse og derfor k\u00f8rte [&hellip;]\" \/>\n<meta property=\"og:url\" content=\"https:\/\/kunmedierne.dk\/thy\/morgenkollision-paa-rishoejvej-to-biler-involveret-ingen-alvorlig-personskade\/\" \/>\n<meta property=\"og:site_name\" content=\"Thy\" \/>\n<meta property=\"article:published_time\" content=\"2026-04-30T09:48:53+00:00\" \/>\n<meta property=\"article:modified_time\" content=\"2026-04-30T09:50:04+00:00\" \/>\n<meta property=\"og:image\" content=\"https:\/\/kunmedierne.dk\/thy\/wp-content\/uploads\/sites\/2\/2025\/07\/pris-3.jpg\" \/>\n<meta name=\"author\" content=\"Katrine Hedegaard\" \/>\n<meta name=\"twitter:card\" content=\"summary_large_image\" \/>\n<meta name=\"twitter:label1\" content=\"Skrevet af\" \/>\n\t<meta name=\"twitter:data1\" content=\"Katrine Hedegaard\" \/>\n\t<meta name=\"twitter:label2\" content=\"Estimeret l\u00e6setid\" \/>\n\t<meta name=\"twitter:data2\" content=\"1 minut\" \/>\n<script type=\"application\/ld+json\" class=\"yoast-schema-graph\">{\"@context\":\"https:\/\/schema.org\",\"@graph\":[{\"@type\":\"Article\",\"@id\":\"https:\/\/kunmedierne.dk\/thy\/morgenkollision-paa-rishoejvej-to-biler-involveret-ingen-alvorlig-personskade\/#article\",\"isPartOf\":{\"@id\":\"https:\/\/kunmedierne.dk\/thy\/morgenkollision-paa-rishoejvej-to-biler-involveret-ingen-alvorlig-personskade\/\"},\"author\":{\"name\":\"Katrine Hedegaard\",\"@id\":\"https:\/\/kunmedierne.dk\/thy\/#\/schema\/person\/b2e62a38069b12365e53e087a8709c64\"},\"headline\":\"Morgenkollision p\u00e5 Rish\u00f8jvej: To biler involveret, ingen alvorlig personskade\",\"datePublished\":\"2026-04-30T09:48:53+00:00\",\"dateModified\":\"2026-04-30T09:50:04+00:00\",\"mainEntityOfPage\":{\"@id\":\"https:\/\/kunmedierne.dk\/thy\/morgenkollision-paa-rishoejvej-to-biler-involveret-ingen-alvorlig-personskade\/\"},\"wordCount\":143,\"publisher\":{\"@id\":\"https:\/\/kunmedierne.dk\/thy\/#organization\"},\"image\":{\"@id\":\"https:\/\/kunmedierne.dk\/thy\/morgenkollision-paa-rishoejvej-to-biler-involveret-ingen-alvorlig-personskade\/#primaryimage\"},\"thumbnailUrl\":\"https:\/\/kunmedierne.dk\/thy\/wp-content\/uploads\/sites\/2\/2025\/07\/pris-3.jpg\",\"articleSection\":[\"112\",\"Lokalt\"],\"inLanguage\":\"da-DK\"},{\"@type\":\"WebPage\",\"@id\":\"https:\/\/kunmedierne.dk\/thy\/morgenkollision-paa-rishoejvej-to-biler-involveret-ingen-alvorlig-personskade\/\",\"url\":\"https:\/\/kunmedierne.dk\/thy\/morgenkollision-paa-rishoejvej-to-biler-involveret-ingen-alvorlig-personskade\/\",\"name\":\"Morgenkollision p\u00e5 Rish\u00f8jvej: To biler involveret, ingen alvorlig personskade - Thy\",\"isPartOf\":{\"@id\":\"https:\/\/kunmedierne.dk\/thy\/#website\"},\"primaryImageOfPage\":{\"@id\":\"https:\/\/kunmedierne.dk\/thy\/morgenkollision-paa-rishoejvej-to-biler-involveret-ingen-alvorlig-personskade\/#primaryimage\"},\"image\":{\"@id\":\"https:\/\/kunmedierne.dk\/thy\/morgenkollision-paa-rishoejvej-to-biler-involveret-ingen-alvorlig-personskade\/#primaryimage\"},\"thumbnailUrl\":\"https:\/\/kunmedierne.dk\/thy\/wp-content\/uploads\/sites\/2\/2025\/07\/pris-3.jpg\",\"datePublished\":\"2026-04-30T09:48:53+00:00\",\"dateModified\":\"2026-04-30T09:50:04+00:00\",\"breadcrumb\":{\"@id\":\"https:\/\/kunmedierne.dk\/thy\/morgenkollision-paa-rishoejvej-to-biler-involveret-ingen-alvorlig-personskade\/#breadcrumb\"},\"inLanguage\":\"da-DK\",\"potentialAction\":[{\"@type\":\"ReadAction\",\"target\":[\"https:\/\/kunmedierne.dk\/thy\/morgenkollision-paa-rishoejvej-to-biler-involveret-ingen-alvorlig-personskade\/\"]}]},{\"@type\":\"ImageObject\",\"inLanguage\":\"da-DK\",\"@id\":\"https:\/\/kunmedierne.dk\/thy\/morgenkollision-paa-rishoejvej-to-biler-involveret-ingen-alvorlig-personskade\/#primaryimage\",\"url\":\"https:\/\/kunmedierne.dk\/thy\/wp-content\/uploads\/sites\/2\/2025\/07\/pris-3.jpg\",\"contentUrl\":\"https:\/\/kunmedierne.dk\/thy\/wp-content\/uploads\/sites\/2\/2025\/07\/pris-3.jpg\",\"width\":600,\"height\":503},{\"@type\":\"BreadcrumbList\",\"@id\":\"https:\/\/kunmedierne.dk\/thy\/morgenkollision-paa-rishoejvej-to-biler-involveret-ingen-alvorlig-personskade\/#breadcrumb\",\"itemListElement\":[{\"@type\":\"ListItem\",\"position\":1,\"name\":\"Home\",\"item\":\"https:\/\/kunmedierne.dk\/thy\/\"},{\"@type\":\"ListItem\",\"position\":2,\"name\":\"Morgenkollision p\u00e5 Rish\u00f8jvej: To biler involveret, ingen alvorlig personskade\"}]},{\"@type\":\"WebSite\",\"@id\":\"https:\/\/kunmedierne.dk\/thy\/#website\",\"url\":\"https:\/\/kunmedierne.dk\/thy\/\",\"name\":\"Thy\",\"description\":\"et netmedie med journalistik om livet i Thy\",\"publisher\":{\"@id\":\"https:\/\/kunmedierne.dk\/thy\/#organization\"},\"potentialAction\":[{\"@type\":\"SearchAction\",\"target\":{\"@type\":\"EntryPoint\",\"urlTemplate\":\"https:\/\/kunmedierne.dk\/thy\/?s={search_term_string}\"},\"query-input\":{\"@type\":\"PropertyValueSpecification\",\"valueRequired\":true,\"valueName\":\"search_term_string\"}}],\"inLanguage\":\"da-DK\"},{\"@type\":\"Organization\",\"@id\":\"https:\/\/kunmedierne.dk\/thy\/#organization\",\"name\":\"Thy\",\"url\":\"https:\/\/kunmedierne.dk\/thy\/\",\"logo\":{\"@type\":\"ImageObject\",\"inLanguage\":\"da-DK\",\"@id\":\"https:\/\/kunmedierne.dk\/thy\/#\/schema\/logo\/image\/\",\"url\":\"https:\/\/kunmedierne.dk\/thy\/wp-content\/uploads\/sites\/2\/2025\/04\/kunthy-logo.svg\",\"contentUrl\":\"https:\/\/kunmedierne.dk\/thy\/wp-content\/uploads\/sites\/2\/2025\/04\/kunthy-logo.svg\",\"caption\":\"Thy\"},\"image\":{\"@id\":\"https:\/\/kunmedierne.dk\/thy\/#\/schema\/logo\/image\/\"}},{\"@type\":\"Person\",\"@id\":\"https:\/\/kunmedierne.dk\/thy\/#\/schema\/person\/b2e62a38069b12365e53e087a8709c64\",\"name\":\"Katrine Hedegaard\",\"image\":{\"@type\":\"ImageObject\",\"inLanguage\":\"da-DK\",\"@id\":\"https:\/\/kunmedierne.dk\/thy\/#\/schema\/person\/image\/\",\"url\":\"https:\/\/secure.gravatar.com\/avatar\/18a5c72fa9148052fd3ed5a58b40fc83cfdc9811090e6e6eec9539af058edcc0?s=96&d=mm&r=g\",\"contentUrl\":\"https:\/\/secure.gravatar.com\/avatar\/18a5c72fa9148052fd3ed5a58b40fc83cfdc9811090e6e6eec9539af058edcc0?s=96&d=mm&r=g\",\"caption\":\"Katrine Hedegaard\"},\"url\":\"https:\/\/kunmedierne.dk\/thy\/author\/katrine\/\"}]}<\/script>\n<!-- \/ Yoast SEO plugin. -->","yoast_head_json":{"title":"Morgenkollision p\u00e5 Rish\u00f8jvej: To biler involveret, ingen alvorlig personskade - Thy","robots":{"index":"index","follow":"follow","max-snippet":"max-snippet:-1","max-image-preview":"max-image-preview:large","max-video-preview":"max-video-preview:-1"},"canonical":"https:\/\/kunmedierne.dk\/thy\/morgenkollision-paa-rishoejvej-to-biler-involveret-ingen-alvorlig-personskade\/","og_locale":"da_DK","og_type":"article","og_title":"Morgenkollision p\u00e5 Rish\u00f8jvej: To biler involveret, ingen alvorlig personskade - Thy","og_description":"BEDSTED: Onsdag den 29. april klokken 06:13 blev lokalpolitiet kaldt ud til et f\u00e6rdselsuheld p\u00e5 Rish\u00f8jvej ved Bedsted. En 27-\u00e5rig kvinde k\u00f8rte i \u00f8stlig retning, hvor hun bremsede op bag en lastbil, der skulle svinge. Bag hende kom en bil f\u00f8rt af en 20-\u00e5rig kvinde fra Vestervig, som ikke n\u00e5ede at bremse og derfor k\u00f8rte [&hellip;]","og_url":"https:\/\/kunmedierne.dk\/thy\/morgenkollision-paa-rishoejvej-to-biler-involveret-ingen-alvorlig-personskade\/","og_site_name":"Thy","article_published_time":"2026-04-30T09:48:53+00:00","article_modified_time":"2026-04-30T09:50:04+00:00","og_image":[{"url":"https:\/\/kunmedierne.dk\/thy\/wp-content\/uploads\/sites\/2\/2025\/07\/pris-3.jpg","type":"","width":"","height":""}],"author":"Katrine Hedegaard","twitter_card":"summary_large_image","twitter_misc":{"Skrevet af":"Katrine Hedegaard","Estimeret l\u00e6setid":"1 minut"},"schema":{"@context":"https:\/\/schema.org","@graph":[{"@type":"Article","@id":"https:\/\/kunmedierne.dk\/thy\/morgenkollision-paa-rishoejvej-to-biler-involveret-ingen-alvorlig-personskade\/#article","isPartOf":{"@id":"https:\/\/kunmedierne.dk\/thy\/morgenkollision-paa-rishoejvej-to-biler-involveret-ingen-alvorlig-personskade\/"},"author":{"name":"Katrine Hedegaard","@id":"https:\/\/kunmedierne.dk\/thy\/#\/schema\/person\/b2e62a38069b12365e53e087a8709c64"},"headline":"Morgenkollision p\u00e5 Rish\u00f8jvej: To biler involveret, ingen alvorlig personskade","datePublished":"2026-04-30T09:48:53+00:00","dateModified":"2026-04-30T09:50:04+00:00","mainEntityOfPage":{"@id":"https:\/\/kunmedierne.dk\/thy\/morgenkollision-paa-rishoejvej-to-biler-involveret-ingen-alvorlig-personskade\/"},"wordCount":143,"publisher":{"@id":"https:\/\/kunmedierne.dk\/thy\/#organization"},"image":{"@id":"https:\/\/kunmedierne.dk\/thy\/morgenkollision-paa-rishoejvej-to-biler-involveret-ingen-alvorlig-personskade\/#primaryimage"},"thumbnailUrl":"https:\/\/kunmedierne.dk\/thy\/wp-content\/uploads\/sites\/2\/2025\/07\/pris-3.jpg","articleSection":["112","Lokalt"],"inLanguage":"da-DK"},{"@type":"WebPage","@id":"https:\/\/kunmedierne.dk\/thy\/morgenkollision-paa-rishoejvej-to-biler-involveret-ingen-alvorlig-personskade\/","url":"https:\/\/kunmedierne.dk\/thy\/morgenkollision-paa-rishoejvej-to-biler-involveret-ingen-alvorlig-personskade\/","name":"Morgenkollision p\u00e5 Rish\u00f8jvej: To biler involveret, ingen alvorlig personskade - Thy","isPartOf":{"@id":"https:\/\/kunmedierne.dk\/thy\/#website"},"primaryImageOfPage":{"@id":"https:\/\/kunmedierne.dk\/thy\/morgenkollision-paa-rishoejvej-to-biler-involveret-ingen-alvorlig-personskade\/#primaryimage"},"image":{"@id":"https:\/\/kunmedierne.dk\/thy\/morgenkollision-paa-rishoejvej-to-biler-involveret-ingen-alvorlig-personskade\/#primaryimage"},"thumbnailUrl":"https:\/\/kunmedierne.dk\/thy\/wp-content\/uploads\/sites\/2\/2025\/07\/pris-3.jpg","datePublished":"2026-04-30T09:48:53+00:00","dateModified":"2026-04-30T09:50:04+00:00","breadcrumb":{"@id":"https:\/\/kunmedierne.dk\/thy\/morgenkollision-paa-rishoejvej-to-biler-involveret-ingen-alvorlig-personskade\/#breadcrumb"},"inLanguage":"da-DK","potentialAction":[{"@type":"ReadAction","target":["https:\/\/kunmedierne.dk\/thy\/morgenkollision-paa-rishoejvej-to-biler-involveret-ingen-alvorlig-personskade\/"]}]},{"@type":"ImageObject","inLanguage":"da-DK","@id":"https:\/\/kunmedierne.dk\/thy\/morgenkollision-paa-rishoejvej-to-biler-involveret-ingen-alvorlig-personskade\/#primaryimage","url":"https:\/\/kunmedierne.dk\/thy\/wp-content\/uploads\/sites\/2\/2025\/07\/pris-3.jpg","contentUrl":"https:\/\/kunmedierne.dk\/thy\/wp-content\/uploads\/sites\/2\/2025\/07\/pris-3.jpg","width":600,"height":503},{"@type":"BreadcrumbList","@id":"https:\/\/kunmedierne.dk\/thy\/morgenkollision-paa-rishoejvej-to-biler-involveret-ingen-alvorlig-personskade\/#breadcrumb","itemListElement":[{"@type":"ListItem","position":1,"name":"Home","item":"https:\/\/kunmedierne.dk\/thy\/"},{"@type":"ListItem","position":2,"name":"Morgenkollision p\u00e5 Rish\u00f8jvej: To biler involveret, ingen alvorlig personskade"}]},{"@type":"WebSite","@id":"https:\/\/kunmedierne.dk\/thy\/#website","url":"https:\/\/kunmedierne.dk\/thy\/","name":"Thy","description":"et netmedie med journalistik om livet i Thy","publisher":{"@id":"https:\/\/kunmedierne.dk\/thy\/#organization"},"potentialAction":[{"@type":"SearchAction","target":{"@type":"EntryPoint","urlTemplate":"https:\/\/kunmedierne.dk\/thy\/?s={search_term_string}"},"query-input":{"@type":"PropertyValueSpecification","valueRequired":true,"valueName":"search_term_string"}}],"inLanguage":"da-DK"},{"@type":"Organization","@id":"https:\/\/kunmedierne.dk\/thy\/#organization","name":"Thy","url":"https:\/\/kunmedierne.dk\/thy\/","logo":{"@type":"ImageObject","inLanguage":"da-DK","@id":"https:\/\/kunmedierne.dk\/thy\/#\/schema\/logo\/image\/","url":"https:\/\/kunmedierne.dk\/thy\/wp-content\/uploads\/sites\/2\/2025\/04\/kunthy-logo.svg","contentUrl":"https:\/\/kunmedierne.dk\/thy\/wp-content\/uploads\/sites\/2\/2025\/04\/kunthy-logo.svg","caption":"Thy"},"image":{"@id":"https:\/\/kunmedierne.dk\/thy\/#\/schema\/logo\/image\/"}},{"@type":"Person","@id":"https:\/\/kunmedierne.dk\/thy\/#\/schema\/person\/b2e62a38069b12365e53e087a8709c64","name":"Katrine Hedegaard","image":{"@type":"ImageObject","inLanguage":"da-DK","@id":"https:\/\/kunmedierne.dk\/thy\/#\/schema\/person\/image\/","url":"https:\/\/secure.gravatar.com\/avatar\/18a5c72fa9148052fd3ed5a58b40fc83cfdc9811090e6e6eec9539af058edcc0?s=96&d=mm&r=g","contentUrl":"https:\/\/secure.gravatar.com\/avatar\/18a5c72fa9148052fd3ed5a58b40fc83cfdc9811090e6e6eec9539af058edcc0?s=96&d=mm&r=g","caption":"Katrine Hedegaard"},"url":"https:\/\/kunmedierne.dk\/thy\/author\/katrine\/"}]}},"_links":{"self":[{"href":"https:\/\/kunmedierne.dk\/thy\/wp-json\/wp\/v2\/posts\/21422","targetHints":{"allow":["GET"]}}],"collection":[{"href":"https:\/\/kunmedierne.dk\/thy\/wp-json\/wp\/v2\/posts"}],"about":[{"href":"https:\/\/kunmedierne.dk\/thy\/wp-json\/wp\/v2\/types\/post"}],"author":[{"embeddable":true,"href":"https:\/\/kunmedierne.dk\/thy\/wp-json\/wp\/v2\/users\/2507"}],"replies":[{"embeddable":true,"href":"https:\/\/kunmedierne.dk\/thy\/wp-json\/wp\/v2\/comments?post=21422"}],"version-history":[{"count":3,"href":"https:\/\/kunmedierne.dk\/thy\/wp-json\/wp\/v2\/posts\/21422\/revisions"}],"predecessor-version":[{"id":21426,"href":"https:\/\/kunmedierne.dk\/thy\/wp-json\/wp\/v2\/posts\/21422\/revisions\/21426"}],"wp:attachment":[{"href":"https:\/\/kunmedierne.dk\/thy\/wp-json\/wp\/v2\/media?parent=21422"}],"wp:term":[{"taxonomy":"category","embeddable":true,"href":"https:\/\/kunmedierne.dk\/thy\/wp-json\/wp\/v2\/categories?post=21422"},{"taxonomy":"post_tag","embeddable":true,"href":"https:\/\/kunmedierne.dk\/thy\/wp-json\/wp\/v2\/tags?post=21422"}],"curies":[{"name":"wp","href":"https:\/\/api.w.org\/{rel}","templated":true}]}}