{"id":21417,"date":"2026-05-02T07:49:27","date_gmt":"2026-05-02T05:49:27","guid":{"rendered":"https:\/\/kunmedierne.dk\/thy\/?p=21417"},"modified":"2026-05-01T20:52:17","modified_gmt":"2026-05-01T18:52:17","slug":"kristian-fra-kjelstrup-er-danmarks-bedste-anlaegsgartner-laerling","status":"publish","type":"post","link":"https:\/\/kunmedierne.dk\/thy\/kristian-fra-kjelstrup-er-danmarks-bedste-anlaegsgartner-laerling\/","title":{"rendered":"Kristian fra Kjelstrup er Danmarks bedste anl\u00e6gsgartner-l\u00e6rling"},"content":{"rendered":"<p><strong>THISTED:<\/strong> &#8211; Jeg var lidt for slem til at s\u00e6tte mig ned og tjekke hver eneste flise.<\/p>\n<p>Kristian \u00d8vsteg\u00e5rd Christensen er \u00e6rlig om, at han langt inde i sin l\u00e6retid som anl\u00e6gsgartner har v\u00e6ret usikker p\u00e5 sin egen pr\u00e6station.<\/p>\n<p>Sidste weekend deltog den nu 21-\u00e5rige Kristian ved DM i Skills og viste, at han mestrer sit fag til perfektion.<\/p>\n<p>Han og makkeren Karen Hjortbak fra Aalborg gav konkurrenterne baghjul og vandt guld for deres haveanl\u00e6g med brostensmur og trappe.<\/p>\n<div id=\"attachment_21472\" style=\"width: 1242px\" class=\"wp-caption alignnone\"><img loading=\"lazy\" decoding=\"async\" aria-describedby=\"caption-attachment-21472\" class=\"wp-image-21472 size-full\" src=\"https:\/\/kunmedierne.dk\/thy\/wp-content\/uploads\/sites\/2\/2026\/04\/Unavngivet-1232-x-802-px-2026-04-30T223756.517.jpg\" alt=\"\" width=\"1232\" height=\"802\" srcset=\"https:\/\/kunmedierne.dk\/thy\/wp-content\/uploads\/sites\/2\/2026\/04\/Unavngivet-1232-x-802-px-2026-04-30T223756.517.jpg 1232w, https:\/\/kunmedierne.dk\/thy\/wp-content\/uploads\/sites\/2\/2026\/04\/Unavngivet-1232-x-802-px-2026-04-30T223756.517-300x195.jpg 300w, https:\/\/kunmedierne.dk\/thy\/wp-content\/uploads\/sites\/2\/2026\/04\/Unavngivet-1232-x-802-px-2026-04-30T223756.517-1024x667.jpg 1024w, https:\/\/kunmedierne.dk\/thy\/wp-content\/uploads\/sites\/2\/2026\/04\/Unavngivet-1232-x-802-px-2026-04-30T223756.517-510x332.jpg 510w\" sizes=\"auto, (max-width: 1232px) 100vw, 1232px\" \/><p id=\"caption-attachment-21472\" class=\"wp-caption-text\">Kristan \u00d8vsteg\u00e5rd og Karen Hjortbak i fuld gang med arbejdet ved DM i Skills i Hj\u00f8rring. Foto: Agnethe Hjortbak (Karens s\u00f8ster).<\/p><\/div>\n<p>&nbsp;<\/p>\n<div id=\"attachment_21471\" style=\"width: 1242px\" class=\"wp-caption alignnone\"><img loading=\"lazy\" decoding=\"async\" aria-describedby=\"caption-attachment-21471\" class=\"wp-image-21471 size-full\" src=\"https:\/\/kunmedierne.dk\/thy\/wp-content\/uploads\/sites\/2\/2026\/04\/Unavngivet-1232-x-802-px-2026-04-30T223850.773.jpg\" alt=\"\" width=\"1232\" height=\"802\" srcset=\"https:\/\/kunmedierne.dk\/thy\/wp-content\/uploads\/sites\/2\/2026\/04\/Unavngivet-1232-x-802-px-2026-04-30T223850.773.jpg 1232w, https:\/\/kunmedierne.dk\/thy\/wp-content\/uploads\/sites\/2\/2026\/04\/Unavngivet-1232-x-802-px-2026-04-30T223850.773-300x195.jpg 300w, https:\/\/kunmedierne.dk\/thy\/wp-content\/uploads\/sites\/2\/2026\/04\/Unavngivet-1232-x-802-px-2026-04-30T223850.773-1024x667.jpg 1024w, https:\/\/kunmedierne.dk\/thy\/wp-content\/uploads\/sites\/2\/2026\/04\/Unavngivet-1232-x-802-px-2026-04-30T223850.773-510x332.jpg 510w\" sizes=\"auto, (max-width: 1232px) 100vw, 1232px\" \/><p id=\"caption-attachment-21471\" class=\"wp-caption-text\">De unge anl\u00e6gsgartnere ved deres f\u00e6rdige haveanl\u00e6g: Kristan \u00d8vsteg\u00e5rd og Karen Hjortbak. Foto: Agnethe Hjortbak (Karens s\u00f8ster).<\/p><\/div>\n<p>&nbsp;<\/p>\n<div id=\"attachment_21473\" style=\"width: 1242px\" class=\"wp-caption alignnone\"><img loading=\"lazy\" decoding=\"async\" aria-describedby=\"caption-attachment-21473\" class=\"wp-image-21473 size-full\" src=\"https:\/\/kunmedierne.dk\/thy\/wp-content\/uploads\/sites\/2\/2026\/04\/Unavngivet-1232-x-802-px-2026-04-30T223715.130.jpg\" alt=\"\" width=\"1232\" height=\"802\" srcset=\"https:\/\/kunmedierne.dk\/thy\/wp-content\/uploads\/sites\/2\/2026\/04\/Unavngivet-1232-x-802-px-2026-04-30T223715.130.jpg 1232w, https:\/\/kunmedierne.dk\/thy\/wp-content\/uploads\/sites\/2\/2026\/04\/Unavngivet-1232-x-802-px-2026-04-30T223715.130-300x195.jpg 300w, https:\/\/kunmedierne.dk\/thy\/wp-content\/uploads\/sites\/2\/2026\/04\/Unavngivet-1232-x-802-px-2026-04-30T223715.130-1024x667.jpg 1024w, https:\/\/kunmedierne.dk\/thy\/wp-content\/uploads\/sites\/2\/2026\/04\/Unavngivet-1232-x-802-px-2026-04-30T223715.130-510x332.jpg 510w\" sizes=\"auto, (max-width: 1232px) 100vw, 1232px\" \/><p id=\"caption-attachment-21473\" class=\"wp-caption-text\">Kristan \u00d8vsteg\u00e5rd og Karen Hjortbak ved sejrsceremonien. Foto: Agnethe Hjortbak (Karens s\u00f8ster).<\/p><\/div>\n<p>&nbsp;<\/p>\n<p>DM i Skills strakte sig over fire dage, og de to unge l\u00e6rlinge havde 21 timer i alt til opgaven. De havde v\u00e6ret i tr\u00e6ningslejr i to uger, men da DM begyndte, var der \u00e6ndret 10 procent i opgaven.<\/p>\n<p>&#8211; Vi havde travlt hele vejen, men vi kom da i m\u00e5l, siger Kristian om det, som han desuden betegner som &#8220;en k\u00e6mpestor og vild oplevelse&#8221; &#8211; ogs\u00e5 socialt.<\/p>\n<a class=\"dvrt-link\" onClick=\"cdmtrack_click(687,jQuery(this));return false\" href=\"https:\/\/konpap.dk\/?gad_source=1&gclid=Cj0KCQjwtJ6_BhDWARIsAGanmKfOBLC3RBm6obWL5sEb-mp4bsp5QjqWW4j4nx22y0YT2iMiXJcv3MoaApR_EALw_wcB\"><img decoding=\"async\" style=\"width:100%;\" src=\"https:\/\/kunmedierne.dk\/thy\/wp-content\/uploads\/sites\/2\/2025\/03\/redoffice.jpg\"><\/a><script>cdmtrack_view(687);<\/script>\n<p>Kristian \u00d8vsteg\u00e5rd Christensen fort\u00e6ller, at han siden barndommen har v\u00e6ret meget med sine bedstefor\u00e6ldre i haven.<\/p>\n<p>&#8211; Jeg har altid godt kunnet lide at v\u00e6re uden for, og jeg har sl\u00e5et gr\u00e6s, siden jeg kunne g\u00e5, fort\u00e6ller han.<\/p>\n<p>Siden 7. klasse vidste han, at han ville uddanne sig i et h\u00e5ndv\u00e6rksfag, og han overvejede landmand, t\u00f8mrer eller anl\u00e6gsgartner. Efter sit grundforl\u00f8b fik han i 2023 l\u00e6replads hos Witdahls, og s\u00e5 var banen kridtet op.<\/p>\n<p>&#8211; Arbejdet her er meget varieret, og det giver en god forst\u00e5else for b\u00e5de det gr\u00f8nne og det gr\u00e5 omr\u00e5de. Men det er helt klart det lidt mere grove arbejde, jeg bedst kan lide, siger Kristian \u00d8vsteg\u00e5rd Christensen.<\/p>\n<a class=\"dvrt-link\" onClick=\"cdmtrack_click(4416,jQuery(this));return false\" href=\"https:\/\/sdrhaa.dk\/\"><img decoding=\"async\" style=\"width:100%;\" src=\"https:\/\/kunmedierne.dk\/thy\/wp-content\/uploads\/sites\/2\/2025\/05\/260302Din-gebyrvenlige-sparekasse_SHS_Thy-1.gif\"><\/a><script>cdmtrack_view(4416);<\/script>\n<p>Jane Poulsen er opl\u00e6ringsansvarlig hos Witdahls. Hun siger om Kristian, at han er &#8220;en utrolig behagelig ung mand&#8221;, og hun er imponeret over den faglige og personlige udvikling, han har gennemg\u00e5et.<\/p>\n<p>&#8211; Fra han startede her som 17-\u00e5rig til nu har han virkelig rykket sig. Det er fedt og givende, at han tager ved l\u00e6re og bruger det, vi har l\u00e6rt ham, siger den stolte l\u00e6remester.<\/p>\n<div id=\"attachment_21477\" style=\"width: 1242px\" class=\"wp-caption alignnone\"><img loading=\"lazy\" decoding=\"async\" aria-describedby=\"caption-attachment-21477\" class=\"wp-image-21477 size-full\" src=\"https:\/\/kunmedierne.dk\/thy\/wp-content\/uploads\/sites\/2\/2026\/05\/Unavngivet-1232-x-802-px-2026-04-30T223516.566.jpg\" alt=\"\" width=\"1232\" height=\"802\" srcset=\"https:\/\/kunmedierne.dk\/thy\/wp-content\/uploads\/sites\/2\/2026\/05\/Unavngivet-1232-x-802-px-2026-04-30T223516.566.jpg 1232w, https:\/\/kunmedierne.dk\/thy\/wp-content\/uploads\/sites\/2\/2026\/05\/Unavngivet-1232-x-802-px-2026-04-30T223516.566-300x195.jpg 300w, https:\/\/kunmedierne.dk\/thy\/wp-content\/uploads\/sites\/2\/2026\/05\/Unavngivet-1232-x-802-px-2026-04-30T223516.566-1024x667.jpg 1024w, https:\/\/kunmedierne.dk\/thy\/wp-content\/uploads\/sites\/2\/2026\/05\/Unavngivet-1232-x-802-px-2026-04-30T223516.566-510x332.jpg 510w\" sizes=\"auto, (max-width: 1232px) 100vw, 1232px\" \/><p id=\"caption-attachment-21477\" class=\"wp-caption-text\">Niels Lodahl Andersen (t.v.) er indehaver af virksomheden Witdahls. Jane Poulsen er ansvarlig for opl\u00e6ringen af Kristian \u00d8vsteg\u00e5rd (i midten).<\/p><\/div>\n<p>Niels Lodahl Andersen:<\/p>\n<p>&#8211; Kristian passer godt ind i \u00e5nden her p\u00e5 arbejdspladsen.<\/p>\n<p>\u00c5nden er, at man har omsorg for hinanden men ogs\u00e5 taler \u00e5bent om det, n\u00e5r der er noget, der trykker &#8211; eller noget, man undrer sig over.<\/p>\n<p>&#8211; Jeg har aldrig v\u00e6ret bleg for at stille sp\u00f8rgsm\u00e5l, nok fordi jeg er nysgerrig, lyder det fra Kristian \u00d8vsteg\u00e5rd Christensen.<\/p>\n<a class=\"dvrt-link\" onClick=\"cdmtrack_click(689,jQuery(this));return false\" href=\"https:\/\/www.thistedbolig.dk\"><img decoding=\"async\" style=\"width:100%;\" src=\"https:\/\/kunmedierne.dk\/thy\/wp-content\/uploads\/sites\/2\/2025\/03\/260414ThistedBoligApril-opslag-002-1.jpg\"><\/a><script>cdmtrack_view(689);<\/script>\n<p>Tvivl og sp\u00f8rgelyst er helt p\u00e5 sin plads &#8211; til en vis gr\u00e6nse. For Jane og Niels var p\u00e5 et tidspunkt n\u00f8dt til at skubbe lidt til Kristian og hans selvtillid.<\/p>\n<p>&#8211; Det er alletiders, n\u00e5r en l\u00e6rling siger, han har problem eller er i tvivl, men der kommer et punkt, hvor man er n\u00f8dt til at stole p\u00e5, at man g\u00f8r det godt nok, og s\u00e5 er det videre, forklarer Niels Lodahl Andersen.<\/p>\n<p>En vigtig del af opl\u00e6ringen til faget som anl\u00e6gsgartner er nemlig ogs\u00e5, at beregne den tid, som en opgave b\u00f8r str\u00e6kke sig over.<\/p>\n<p>&#8211; Alt afh\u00e6nger af kroner og \u00f8re. N\u00e5r vi giver en pris er det jo ud fra kundens \u00f8nsker og \u00f8konomi &#8211; og om det er muligt at komme ind p\u00e5 grunden med en maskine &#8211; eller man skal sl\u00e6be materialerne i h\u00e5nden, forklarer Jane Poulsen.<\/p>\n<p>Hun nyder nu gavn af, at Kristian \u00d8vsteg\u00e5rd har et fagligt fundament, der g\u00f8r ham til en ligev\u00e6rdig samarbejdspartner.<\/p>\n<a class=\"dvrt-link\" onClick=\"cdmtrack_click(683,jQuery(this));return false\" href=\"https:\/\/vester-begr.dk\/?utm_source=google&amp;utm_medium=advative&amp;gad_source=1&amp;gclid=Cj0KCQjwtJ6_BhDWARIsAGanmKfl-hGVVjCYiOgSKoGoxrow4kvXybZsnruKJYTslvqZDywT6a9PCQwaAmBjEALw_wcB\"><img decoding=\"async\" style=\"width:100%;\" src=\"https:\/\/kunmedierne.dk\/thy\/wp-content\/uploads\/sites\/2\/2025\/03\/260203VesterHoukaer-02022026.jpg\"><\/a><script>cdmtrack_view(683);<\/script>\n<p>Eksempelvis har de v\u00e6ret sammen om at vurdere anl\u00e6gget af en flisebelagt adgang med trappe til et byhus, hvor der ogs\u00e5 skulle v\u00e6re flisebelagt nedk\u00f8rsel til garage.<\/p>\n<p>&#8211; Vi skulle have styr p\u00e5, hvor vandet l\u00f8ber hen, s\u00e5 vi fik lagt et linjedr\u00e6n til et eksisterende nedl\u00f8b, fort\u00e6ller Jane.<\/p>\n<p>&#8211; Det er vigtigt for mig ogs\u00e5 at have nogen at sparre med, siger Jane, der er udl\u00e6rt anl\u00e6gsgartner og har v\u00e6ret hos Witdahls i 19 \u00e5r. F\u00f8r det 10 \u00e5r p\u00e5 en kirkeg\u00e5rd.<\/p>\n<p>Kristian kalder Jane for &#8220;pissedygtig&#8221; og han synes ligeledes det er &#8220;fedt, at vi kan snakke om tingene&#8221; &#8211; men f\u00f8ler sig stadig mere sikker p\u00e5 sine egne vurderinger.<\/p>\n<p>&#8211; Hele meningen med at tage uddannelsen er jo ogs\u00e5 at l\u00e6re at st\u00e5 p\u00e5 egne ben.<\/p>\n<a class=\"dvrt-link\" onClick=\"cdmtrack_click(687,jQuery(this));return false\" href=\"https:\/\/konpap.dk\/?gad_source=1&gclid=Cj0KCQjwtJ6_BhDWARIsAGanmKfOBLC3RBm6obWL5sEb-mp4bsp5QjqWW4j4nx22y0YT2iMiXJcv3MoaApR_EALw_wcB\"><img decoding=\"async\" style=\"width:100%;\" src=\"https:\/\/kunmedierne.dk\/thy\/wp-content\/uploads\/sites\/2\/2025\/03\/redoffice.jpg\"><\/a><script>cdmtrack_view(687);<\/script>\n<p>Som led i uddannelsen har Kristian v\u00e6ret p\u00e5 skoleophold p\u00e5 Sandmoseskolen ved Brovst, hvor han ogs\u00e5 har m\u00f8dt dygtige undervisere. En af dem spurgte p\u00e5 et tidspunkt, om Kristian og Karen ville overveje at deltage i DM i skills.<\/p>\n<p>Arbejdsgiveren i Thisted vendte tomlen op.<\/p>\n<p>&#8211; Vi troede p\u00e5, at han ville f\u00e5 meget gavn af det. S\u00e5 selvf\u00f8lgelig bakkede vi op, lyder det fra Niels Lodahl Andersen.<\/p>\n<p>&#8211; Jeg har l\u00e6rt vildt meget, understreger Kristian.<\/p>\n<p>Udover selve pr\u00e6stationen ved DM i skills, havde Kristian en stor oplevelse ved at m\u00f8de de andre deltagere og publikum.<\/p>\n<a class=\"dvrt-link\" onClick=\"cdmtrack_click(685,jQuery(this));return false\" href=\"https:\/\/wensien.dk\/begravelse\/?gad_source=1&gclid=Cj0KCQjwtJ6_BhDWARIsAGanmKcWw6hbeoepGti1oApJGHln52gMbg8EBRZ86__3P1AJZ5dcsw4ZvNEaAk7JEALw_wcB\"><img decoding=\"async\" style=\"width:100%;\" src=\"https:\/\/kunmedierne.dk\/thy\/wp-content\/uploads\/sites\/2\/2025\/03\/wensien-stenhugger.jpg\"><\/a><script>cdmtrack_view(685);<\/script>\n<p>Han var glad for at v\u00e6re med til at hejse flaget for sit fag.<\/p>\n<p>&#8211; Der kom rigtig mange folk forbi. Det var fedt at kunne vise alle elementer af faget og m\u00e5ske inspirere andre til at tage uddannelsen, siger Kristian \u00d8vsteg\u00e5rd, der f\u00e5r sit svendebrev til efter\u00e5ret.<\/p>\n<p>Niels:<\/p>\n<p>&#8211; For den rette person har vi en ledig l\u00e6replads inden l\u00e6nge.<\/p>\n<p>&nbsp;<\/p>\n<p>&nbsp;<\/p>\n<p>&nbsp;<\/p>\n<p>&nbsp;<\/p>\n<p>&nbsp;<\/p>\n<p>&nbsp;<\/p>\n","protected":false},"excerpt":{"rendered":"<p>THISTED: &#8211; Jeg var lidt for slem til at s\u00e6tte mig ned og tjekke hver eneste flise. Kristian \u00d8vsteg\u00e5rd Christensen er \u00e6rlig om, at han langt inde i sin l\u00e6retid som anl\u00e6gsgartner har v\u00e6ret usikker p\u00e5 sin egen pr\u00e6station. Sidste weekend deltog den nu 21-\u00e5rige Kristian ved DM i Skills og viste, at han mestrer [&hellip;]<\/p>\n","protected":false},"author":1925,"featured_media":0,"comment_status":"closed","ping_status":"closed","sticky":false,"template":"","format":"standard","meta":{"_acf_changed":false,"footnotes":""},"categories":[24],"tags":[90],"class_list":["post-21417","post","type-post","status-publish","format-standard","hentry","category-lokalt","tag-uddannelse"],"acf":[],"yoast_head":"<!-- This site is optimized with the Yoast SEO plugin v26.8 - https:\/\/yoast.com\/product\/yoast-seo-wordpress\/ -->\n<title>Kristian fra Kjelstrup er Danmarks bedste anl\u00e6gsgartner-l\u00e6rling - Thy<\/title>\n<meta name=\"robots\" content=\"index, follow, max-snippet:-1, max-image-preview:large, max-video-preview:-1\" \/>\n<link rel=\"canonical\" href=\"https:\/\/kunmedierne.dk\/thy\/kristian-fra-kjelstrup-er-danmarks-bedste-anlaegsgartner-laerling\/\" \/>\n<meta property=\"og:locale\" content=\"da_DK\" \/>\n<meta property=\"og:type\" content=\"article\" \/>\n<meta property=\"og:title\" content=\"Kristian fra Kjelstrup er Danmarks bedste anl\u00e6gsgartner-l\u00e6rling - Thy\" \/>\n<meta property=\"og:description\" content=\"THISTED: &#8211; Jeg var lidt for slem til at s\u00e6tte mig ned og tjekke hver eneste flise. Kristian \u00d8vsteg\u00e5rd Christensen er \u00e6rlig om, at han langt inde i sin l\u00e6retid som anl\u00e6gsgartner har v\u00e6ret usikker p\u00e5 sin egen pr\u00e6station. Sidste weekend deltog den nu 21-\u00e5rige Kristian ved DM i Skills og viste, at han mestrer [&hellip;]\" \/>\n<meta property=\"og:url\" content=\"https:\/\/kunmedierne.dk\/thy\/kristian-fra-kjelstrup-er-danmarks-bedste-anlaegsgartner-laerling\/\" \/>\n<meta property=\"og:site_name\" content=\"Thy\" \/>\n<meta property=\"article:published_time\" content=\"2026-05-02T05:49:27+00:00\" \/>\n<meta property=\"og:image\" content=\"https:\/\/kunmedierne.dk\/thy\/wp-content\/uploads\/sites\/2\/2026\/04\/Unavngivet-1232-x-802-px-2026-04-30T223756.517.jpg\" \/>\n\t<meta property=\"og:image:width\" content=\"1232\" \/>\n\t<meta property=\"og:image:height\" content=\"802\" \/>\n\t<meta property=\"og:image:type\" content=\"image\/jpeg\" \/>\n<meta name=\"author\" content=\"Lone L\u00e6rke Krog\" \/>\n<meta name=\"twitter:card\" content=\"summary_large_image\" \/>\n<meta name=\"twitter:label1\" content=\"Skrevet af\" \/>\n\t<meta name=\"twitter:data1\" content=\"Lone L\u00e6rke Krog\" \/>\n\t<meta name=\"twitter:label2\" content=\"Estimeret l\u00e6setid\" \/>\n\t<meta name=\"twitter:data2\" content=\"6 minutter\" \/>\n<script type=\"application\/ld+json\" class=\"yoast-schema-graph\">{\"@context\":\"https:\/\/schema.org\",\"@graph\":[{\"@type\":\"Article\",\"@id\":\"https:\/\/kunmedierne.dk\/thy\/kristian-fra-kjelstrup-er-danmarks-bedste-anlaegsgartner-laerling\/#article\",\"isPartOf\":{\"@id\":\"https:\/\/kunmedierne.dk\/thy\/kristian-fra-kjelstrup-er-danmarks-bedste-anlaegsgartner-laerling\/\"},\"author\":{\"name\":\"Lone L\u00e6rke Krog\",\"@id\":\"https:\/\/kunmedierne.dk\/thy\/#\/schema\/person\/d266634ba6550d075ecf540d63b245d2\"},\"headline\":\"Kristian fra Kjelstrup er Danmarks bedste anl\u00e6gsgartner-l\u00e6rling\",\"datePublished\":\"2026-05-02T05:49:27+00:00\",\"mainEntityOfPage\":{\"@id\":\"https:\/\/kunmedierne.dk\/thy\/kristian-fra-kjelstrup-er-danmarks-bedste-anlaegsgartner-laerling\/\"},\"wordCount\":1058,\"publisher\":{\"@id\":\"https:\/\/kunmedierne.dk\/thy\/#organization\"},\"image\":{\"@id\":\"https:\/\/kunmedierne.dk\/thy\/kristian-fra-kjelstrup-er-danmarks-bedste-anlaegsgartner-laerling\/#primaryimage\"},\"thumbnailUrl\":\"https:\/\/kunmedierne.dk\/thy\/wp-content\/uploads\/sites\/2\/2026\/04\/Unavngivet-1232-x-802-px-2026-04-30T223756.517.jpg\",\"keywords\":[\"Uddannelse\"],\"articleSection\":[\"Lokalt\"],\"inLanguage\":\"da-DK\"},{\"@type\":\"WebPage\",\"@id\":\"https:\/\/kunmedierne.dk\/thy\/kristian-fra-kjelstrup-er-danmarks-bedste-anlaegsgartner-laerling\/\",\"url\":\"https:\/\/kunmedierne.dk\/thy\/kristian-fra-kjelstrup-er-danmarks-bedste-anlaegsgartner-laerling\/\",\"name\":\"Kristian fra Kjelstrup er Danmarks bedste anl\u00e6gsgartner-l\u00e6rling - Thy\",\"isPartOf\":{\"@id\":\"https:\/\/kunmedierne.dk\/thy\/#website\"},\"primaryImageOfPage\":{\"@id\":\"https:\/\/kunmedierne.dk\/thy\/kristian-fra-kjelstrup-er-danmarks-bedste-anlaegsgartner-laerling\/#primaryimage\"},\"image\":{\"@id\":\"https:\/\/kunmedierne.dk\/thy\/kristian-fra-kjelstrup-er-danmarks-bedste-anlaegsgartner-laerling\/#primaryimage\"},\"thumbnailUrl\":\"https:\/\/kunmedierne.dk\/thy\/wp-content\/uploads\/sites\/2\/2026\/04\/Unavngivet-1232-x-802-px-2026-04-30T223756.517.jpg\",\"datePublished\":\"2026-05-02T05:49:27+00:00\",\"breadcrumb\":{\"@id\":\"https:\/\/kunmedierne.dk\/thy\/kristian-fra-kjelstrup-er-danmarks-bedste-anlaegsgartner-laerling\/#breadcrumb\"},\"inLanguage\":\"da-DK\",\"potentialAction\":[{\"@type\":\"ReadAction\",\"target\":[\"https:\/\/kunmedierne.dk\/thy\/kristian-fra-kjelstrup-er-danmarks-bedste-anlaegsgartner-laerling\/\"]}]},{\"@type\":\"ImageObject\",\"inLanguage\":\"da-DK\",\"@id\":\"https:\/\/kunmedierne.dk\/thy\/kristian-fra-kjelstrup-er-danmarks-bedste-anlaegsgartner-laerling\/#primaryimage\",\"url\":\"https:\/\/kunmedierne.dk\/thy\/wp-content\/uploads\/sites\/2\/2026\/04\/Unavngivet-1232-x-802-px-2026-04-30T223756.517.jpg\",\"contentUrl\":\"https:\/\/kunmedierne.dk\/thy\/wp-content\/uploads\/sites\/2\/2026\/04\/Unavngivet-1232-x-802-px-2026-04-30T223756.517.jpg\",\"width\":1232,\"height\":802},{\"@type\":\"BreadcrumbList\",\"@id\":\"https:\/\/kunmedierne.dk\/thy\/kristian-fra-kjelstrup-er-danmarks-bedste-anlaegsgartner-laerling\/#breadcrumb\",\"itemListElement\":[{\"@type\":\"ListItem\",\"position\":1,\"name\":\"Home\",\"item\":\"https:\/\/kunmedierne.dk\/thy\/\"},{\"@type\":\"ListItem\",\"position\":2,\"name\":\"Kristian fra Kjelstrup er Danmarks bedste anl\u00e6gsgartner-l\u00e6rling\"}]},{\"@type\":\"WebSite\",\"@id\":\"https:\/\/kunmedierne.dk\/thy\/#website\",\"url\":\"https:\/\/kunmedierne.dk\/thy\/\",\"name\":\"Thy\",\"description\":\"et netmedie med journalistik om livet i Thy\",\"publisher\":{\"@id\":\"https:\/\/kunmedierne.dk\/thy\/#organization\"},\"potentialAction\":[{\"@type\":\"SearchAction\",\"target\":{\"@type\":\"EntryPoint\",\"urlTemplate\":\"https:\/\/kunmedierne.dk\/thy\/?s={search_term_string}\"},\"query-input\":{\"@type\":\"PropertyValueSpecification\",\"valueRequired\":true,\"valueName\":\"search_term_string\"}}],\"inLanguage\":\"da-DK\"},{\"@type\":\"Organization\",\"@id\":\"https:\/\/kunmedierne.dk\/thy\/#organization\",\"name\":\"Thy\",\"url\":\"https:\/\/kunmedierne.dk\/thy\/\",\"logo\":{\"@type\":\"ImageObject\",\"inLanguage\":\"da-DK\",\"@id\":\"https:\/\/kunmedierne.dk\/thy\/#\/schema\/logo\/image\/\",\"url\":\"https:\/\/kunmedierne.dk\/thy\/wp-content\/uploads\/sites\/2\/2025\/04\/kunthy-logo.svg\",\"contentUrl\":\"https:\/\/kunmedierne.dk\/thy\/wp-content\/uploads\/sites\/2\/2025\/04\/kunthy-logo.svg\",\"caption\":\"Thy\"},\"image\":{\"@id\":\"https:\/\/kunmedierne.dk\/thy\/#\/schema\/logo\/image\/\"}},{\"@type\":\"Person\",\"@id\":\"https:\/\/kunmedierne.dk\/thy\/#\/schema\/person\/d266634ba6550d075ecf540d63b245d2\",\"name\":\"Lone L\u00e6rke Krog\",\"image\":{\"@type\":\"ImageObject\",\"inLanguage\":\"da-DK\",\"@id\":\"https:\/\/kunmedierne.dk\/thy\/#\/schema\/person\/image\/\",\"url\":\"https:\/\/secure.gravatar.com\/avatar\/496ddc7080e56b4ac64cfd4e56bd6d1ee396fa3db1923aa22f11346f60bb135b?s=96&d=mm&r=g\",\"contentUrl\":\"https:\/\/secure.gravatar.com\/avatar\/496ddc7080e56b4ac64cfd4e56bd6d1ee396fa3db1923aa22f11346f60bb135b?s=96&d=mm&r=g\",\"caption\":\"Lone L\u00e6rke Krog\"},\"url\":\"https:\/\/kunmedierne.dk\/thy\/author\/llk\/\"}]}<\/script>\n<!-- \/ Yoast SEO plugin. -->","yoast_head_json":{"title":"Kristian fra Kjelstrup er Danmarks bedste anl\u00e6gsgartner-l\u00e6rling - Thy","robots":{"index":"index","follow":"follow","max-snippet":"max-snippet:-1","max-image-preview":"max-image-preview:large","max-video-preview":"max-video-preview:-1"},"canonical":"https:\/\/kunmedierne.dk\/thy\/kristian-fra-kjelstrup-er-danmarks-bedste-anlaegsgartner-laerling\/","og_locale":"da_DK","og_type":"article","og_title":"Kristian fra Kjelstrup er Danmarks bedste anl\u00e6gsgartner-l\u00e6rling - Thy","og_description":"THISTED: &#8211; Jeg var lidt for slem til at s\u00e6tte mig ned og tjekke hver eneste flise. Kristian \u00d8vsteg\u00e5rd Christensen er \u00e6rlig om, at han langt inde i sin l\u00e6retid som anl\u00e6gsgartner har v\u00e6ret usikker p\u00e5 sin egen pr\u00e6station. Sidste weekend deltog den nu 21-\u00e5rige Kristian ved DM i Skills og viste, at han mestrer [&hellip;]","og_url":"https:\/\/kunmedierne.dk\/thy\/kristian-fra-kjelstrup-er-danmarks-bedste-anlaegsgartner-laerling\/","og_site_name":"Thy","article_published_time":"2026-05-02T05:49:27+00:00","og_image":[{"width":1232,"height":802,"url":"https:\/\/kunmedierne.dk\/thy\/wp-content\/uploads\/sites\/2\/2026\/04\/Unavngivet-1232-x-802-px-2026-04-30T223756.517.jpg","type":"image\/jpeg"}],"author":"Lone L\u00e6rke Krog","twitter_card":"summary_large_image","twitter_misc":{"Skrevet af":"Lone L\u00e6rke Krog","Estimeret l\u00e6setid":"6 minutter"},"schema":{"@context":"https:\/\/schema.org","@graph":[{"@type":"Article","@id":"https:\/\/kunmedierne.dk\/thy\/kristian-fra-kjelstrup-er-danmarks-bedste-anlaegsgartner-laerling\/#article","isPartOf":{"@id":"https:\/\/kunmedierne.dk\/thy\/kristian-fra-kjelstrup-er-danmarks-bedste-anlaegsgartner-laerling\/"},"author":{"name":"Lone L\u00e6rke Krog","@id":"https:\/\/kunmedierne.dk\/thy\/#\/schema\/person\/d266634ba6550d075ecf540d63b245d2"},"headline":"Kristian fra Kjelstrup er Danmarks bedste anl\u00e6gsgartner-l\u00e6rling","datePublished":"2026-05-02T05:49:27+00:00","mainEntityOfPage":{"@id":"https:\/\/kunmedierne.dk\/thy\/kristian-fra-kjelstrup-er-danmarks-bedste-anlaegsgartner-laerling\/"},"wordCount":1058,"publisher":{"@id":"https:\/\/kunmedierne.dk\/thy\/#organization"},"image":{"@id":"https:\/\/kunmedierne.dk\/thy\/kristian-fra-kjelstrup-er-danmarks-bedste-anlaegsgartner-laerling\/#primaryimage"},"thumbnailUrl":"https:\/\/kunmedierne.dk\/thy\/wp-content\/uploads\/sites\/2\/2026\/04\/Unavngivet-1232-x-802-px-2026-04-30T223756.517.jpg","keywords":["Uddannelse"],"articleSection":["Lokalt"],"inLanguage":"da-DK"},{"@type":"WebPage","@id":"https:\/\/kunmedierne.dk\/thy\/kristian-fra-kjelstrup-er-danmarks-bedste-anlaegsgartner-laerling\/","url":"https:\/\/kunmedierne.dk\/thy\/kristian-fra-kjelstrup-er-danmarks-bedste-anlaegsgartner-laerling\/","name":"Kristian fra Kjelstrup er Danmarks bedste anl\u00e6gsgartner-l\u00e6rling - Thy","isPartOf":{"@id":"https:\/\/kunmedierne.dk\/thy\/#website"},"primaryImageOfPage":{"@id":"https:\/\/kunmedierne.dk\/thy\/kristian-fra-kjelstrup-er-danmarks-bedste-anlaegsgartner-laerling\/#primaryimage"},"image":{"@id":"https:\/\/kunmedierne.dk\/thy\/kristian-fra-kjelstrup-er-danmarks-bedste-anlaegsgartner-laerling\/#primaryimage"},"thumbnailUrl":"https:\/\/kunmedierne.dk\/thy\/wp-content\/uploads\/sites\/2\/2026\/04\/Unavngivet-1232-x-802-px-2026-04-30T223756.517.jpg","datePublished":"2026-05-02T05:49:27+00:00","breadcrumb":{"@id":"https:\/\/kunmedierne.dk\/thy\/kristian-fra-kjelstrup-er-danmarks-bedste-anlaegsgartner-laerling\/#breadcrumb"},"inLanguage":"da-DK","potentialAction":[{"@type":"ReadAction","target":["https:\/\/kunmedierne.dk\/thy\/kristian-fra-kjelstrup-er-danmarks-bedste-anlaegsgartner-laerling\/"]}]},{"@type":"ImageObject","inLanguage":"da-DK","@id":"https:\/\/kunmedierne.dk\/thy\/kristian-fra-kjelstrup-er-danmarks-bedste-anlaegsgartner-laerling\/#primaryimage","url":"https:\/\/kunmedierne.dk\/thy\/wp-content\/uploads\/sites\/2\/2026\/04\/Unavngivet-1232-x-802-px-2026-04-30T223756.517.jpg","contentUrl":"https:\/\/kunmedierne.dk\/thy\/wp-content\/uploads\/sites\/2\/2026\/04\/Unavngivet-1232-x-802-px-2026-04-30T223756.517.jpg","width":1232,"height":802},{"@type":"BreadcrumbList","@id":"https:\/\/kunmedierne.dk\/thy\/kristian-fra-kjelstrup-er-danmarks-bedste-anlaegsgartner-laerling\/#breadcrumb","itemListElement":[{"@type":"ListItem","position":1,"name":"Home","item":"https:\/\/kunmedierne.dk\/thy\/"},{"@type":"ListItem","position":2,"name":"Kristian fra Kjelstrup er Danmarks bedste anl\u00e6gsgartner-l\u00e6rling"}]},{"@type":"WebSite","@id":"https:\/\/kunmedierne.dk\/thy\/#website","url":"https:\/\/kunmedierne.dk\/thy\/","name":"Thy","description":"et netmedie med journalistik om livet i Thy","publisher":{"@id":"https:\/\/kunmedierne.dk\/thy\/#organization"},"potentialAction":[{"@type":"SearchAction","target":{"@type":"EntryPoint","urlTemplate":"https:\/\/kunmedierne.dk\/thy\/?s={search_term_string}"},"query-input":{"@type":"PropertyValueSpecification","valueRequired":true,"valueName":"search_term_string"}}],"inLanguage":"da-DK"},{"@type":"Organization","@id":"https:\/\/kunmedierne.dk\/thy\/#organization","name":"Thy","url":"https:\/\/kunmedierne.dk\/thy\/","logo":{"@type":"ImageObject","inLanguage":"da-DK","@id":"https:\/\/kunmedierne.dk\/thy\/#\/schema\/logo\/image\/","url":"https:\/\/kunmedierne.dk\/thy\/wp-content\/uploads\/sites\/2\/2025\/04\/kunthy-logo.svg","contentUrl":"https:\/\/kunmedierne.dk\/thy\/wp-content\/uploads\/sites\/2\/2025\/04\/kunthy-logo.svg","caption":"Thy"},"image":{"@id":"https:\/\/kunmedierne.dk\/thy\/#\/schema\/logo\/image\/"}},{"@type":"Person","@id":"https:\/\/kunmedierne.dk\/thy\/#\/schema\/person\/d266634ba6550d075ecf540d63b245d2","name":"Lone L\u00e6rke Krog","image":{"@type":"ImageObject","inLanguage":"da-DK","@id":"https:\/\/kunmedierne.dk\/thy\/#\/schema\/person\/image\/","url":"https:\/\/secure.gravatar.com\/avatar\/496ddc7080e56b4ac64cfd4e56bd6d1ee396fa3db1923aa22f11346f60bb135b?s=96&d=mm&r=g","contentUrl":"https:\/\/secure.gravatar.com\/avatar\/496ddc7080e56b4ac64cfd4e56bd6d1ee396fa3db1923aa22f11346f60bb135b?s=96&d=mm&r=g","caption":"Lone L\u00e6rke Krog"},"url":"https:\/\/kunmedierne.dk\/thy\/author\/llk\/"}]}},"_links":{"self":[{"href":"https:\/\/kunmedierne.dk\/thy\/wp-json\/wp\/v2\/posts\/21417","targetHints":{"allow":["GET"]}}],"collection":[{"href":"https:\/\/kunmedierne.dk\/thy\/wp-json\/wp\/v2\/posts"}],"about":[{"href":"https:\/\/kunmedierne.dk\/thy\/wp-json\/wp\/v2\/types\/post"}],"author":[{"embeddable":true,"href":"https:\/\/kunmedierne.dk\/thy\/wp-json\/wp\/v2\/users\/1925"}],"replies":[{"embeddable":true,"href":"https:\/\/kunmedierne.dk\/thy\/wp-json\/wp\/v2\/comments?post=21417"}],"version-history":[{"count":9,"href":"https:\/\/kunmedierne.dk\/thy\/wp-json\/wp\/v2\/posts\/21417\/revisions"}],"predecessor-version":[{"id":21546,"href":"https:\/\/kunmedierne.dk\/thy\/wp-json\/wp\/v2\/posts\/21417\/revisions\/21546"}],"wp:attachment":[{"href":"https:\/\/kunmedierne.dk\/thy\/wp-json\/wp\/v2\/media?parent=21417"}],"wp:term":[{"taxonomy":"category","embeddable":true,"href":"https:\/\/kunmedierne.dk\/thy\/wp-json\/wp\/v2\/categories?post=21417"},{"taxonomy":"post_tag","embeddable":true,"href":"https:\/\/kunmedierne.dk\/thy\/wp-json\/wp\/v2\/tags?post=21417"}],"curies":[{"name":"wp","href":"https:\/\/api.w.org\/{rel}","templated":true}]}}