{"id":21414,"date":"2026-04-30T18:48:30","date_gmt":"2026-04-30T16:48:30","guid":{"rendered":"https:\/\/kunmedierne.dk\/thy\/?p=21414"},"modified":"2026-04-30T15:48:42","modified_gmt":"2026-04-30T13:48:42","slug":"tre-kandidater-til-thy-vaekst-ivaerksaetterdyst-2026","status":"publish","type":"post","link":"https:\/\/kunmedierne.dk\/thy\/tre-kandidater-til-thy-vaekst-ivaerksaetterdyst-2026\/","title":{"rendered":"Tre kandidater til Thy V\u00e6kst Iv\u00e6rks\u00e6tterdyst 2026"},"content":{"rendered":"<p><strong>THY:<\/strong> Cirka 25 b\u00f8d ind, da Thy V\u00e6kst inviterede potentielle iv\u00e6rks\u00e6ttere til Iv\u00e6rks\u00e6ttedyst 2026, og efter en gennemgang af ans\u00f8gerfeltet er der nu fundet tre kandidater, som g\u00e5r videre til dystens finale, der finder sted 12. november, en dato som ligger i den uge, som er Danmarks Iv\u00e6rks\u00e6tteruge.<\/p>\n<a class=\"dvrt-link\" onClick=\"cdmtrack_click(687,jQuery(this));return false\" href=\"https:\/\/konpap.dk\/?gad_source=1&gclid=Cj0KCQjwtJ6_BhDWARIsAGanmKfOBLC3RBm6obWL5sEb-mp4bsp5QjqWW4j4nx22y0YT2iMiXJcv3MoaApR_EALw_wcB\"><img decoding=\"async\" style=\"width:100%;\" src=\"https:\/\/kunmedierne.dk\/thy\/wp-content\/uploads\/sites\/2\/2025\/03\/redoffice.jpg\"><\/a><script>cdmtrack_view(687);<\/script>\n<p>&#8211; Med iv\u00e6rks\u00e6tterdysten vil Thy V\u00e6kst s\u00e6tte endnu mere fokus p\u00e5 iv\u00e6rks\u00e6tteriet i Thy. Det er lykkes i h\u00f8j grad ikke mindst p\u00e5 grund af stor opbakning fra lokalomr\u00e5det, siger direkt\u00f8r Lisbeth Bang Nielsen, Thy V\u00e6kst.<\/p>\n<p>Hun fort\u00e6ller, at deltagerne i ans\u00f8gerfeltet blev bedt om at beskrive, hvorfor de ville v\u00e6re med i iv\u00e6rks\u00e6tterdysten og ogs\u00e5 g\u00e5 i dybden med deres forretningsid\u00e9.<\/p>\n<p>Thy V\u00e6kst er et lokalt investeringsselskab etableret i 2025 p\u00e5 med st\u00f8tte fra 48 investorer, der enten er virksomhedsejere i Thy eller private med stor interesse i lokal erhvervsudvikling.<\/p>\n<p>Thy V\u00e6kst \u00f8nsker at bidrage positivt til erhvervsudviklingen i Thy ved at tilbyde et l\u00e5n til iv\u00e6rks\u00e6ttere som supplement til den \u00f8vrige finansiering. Oveni l\u00e5net f\u00f8lger sparring og vejledning tilpasset iv\u00e6rks\u00e6tterens individuelle behov og \u00f8nsker. Ud over l\u00e5net kan Thy V\u00e6kst ogs\u00e5 tilbyde at k\u00f8be kapitalandele i en nystartet virksomhed.<\/p>\n<div id=\"attachment_18215\" style=\"width: 1770px\" class=\"wp-caption alignnone\"><img loading=\"lazy\" decoding=\"async\" aria-describedby=\"caption-attachment-18215\" class=\"wp-image-18215 size-full\" src=\"https:\/\/kunmedierne.dk\/thy\/wp-content\/uploads\/sites\/2\/2026\/02\/Thy-Vaekst02-Firefly-Upscaler-2x-skala-Firefly-Upscaler-2x-skala-Firefly-Upscaler-2x-skala-kopier.jpg\" alt=\"\" width=\"1760\" height=\"1088\" srcset=\"https:\/\/kunmedierne.dk\/thy\/wp-content\/uploads\/sites\/2\/2026\/02\/Thy-Vaekst02-Firefly-Upscaler-2x-skala-Firefly-Upscaler-2x-skala-Firefly-Upscaler-2x-skala-kopier.jpg 1760w, https:\/\/kunmedierne.dk\/thy\/wp-content\/uploads\/sites\/2\/2026\/02\/Thy-Vaekst02-Firefly-Upscaler-2x-skala-Firefly-Upscaler-2x-skala-Firefly-Upscaler-2x-skala-kopier-300x185.jpg 300w, https:\/\/kunmedierne.dk\/thy\/wp-content\/uploads\/sites\/2\/2026\/02\/Thy-Vaekst02-Firefly-Upscaler-2x-skala-Firefly-Upscaler-2x-skala-Firefly-Upscaler-2x-skala-kopier-1024x633.jpg 1024w, https:\/\/kunmedierne.dk\/thy\/wp-content\/uploads\/sites\/2\/2026\/02\/Thy-Vaekst02-Firefly-Upscaler-2x-skala-Firefly-Upscaler-2x-skala-Firefly-Upscaler-2x-skala-kopier-510x315.jpg 510w\" sizes=\"auto, (max-width: 1760px) 100vw, 1760px\" \/><p id=\"caption-attachment-18215\" class=\"wp-caption-text\">Iv\u00e6rks\u00e6tterdysten 2026 har fokus p\u00e5 at skabe opm\u00e6rksomhed p\u00e5 iv\u00e6rks\u00e6tteri.<\/p><\/div>\n<p>&nbsp;<\/p>\n<p>\u00c5rets iv\u00e6rks\u00e6ttedyst et et initiativ fra Thy V\u00e6kst med fokus p\u00e5 at skabe opm\u00e6rksomhed om iv\u00e6rks\u00e6tteri.<\/p>\n<p>De tre kandidater, som nu arbejder frem mod finalen 12. december, modtager hver 10.000 kroner, som de kan bruge til at afpr\u00f8ve og udvikle deres forretningsid\u00e9, men frem til finalen har de ogs\u00e5 mulighed for l\u00f8bende at g\u00f8re brug af Thy V\u00e6kst til sparring om forretningsdrift og -udvikling, herunder ogs\u00e5 hj\u00e6lp til at udarbejde en forretningsplan.<\/p>\n<a class=\"dvrt-link\" onClick=\"cdmtrack_click(685,jQuery(this));return false\" href=\"https:\/\/wensien.dk\/begravelse\/?gad_source=1&gclid=Cj0KCQjwtJ6_BhDWARIsAGanmKcWw6hbeoepGti1oApJGHln52gMbg8EBRZ86__3P1AJZ5dcsw4ZvNEaAk7JEALw_wcB\"><img decoding=\"async\" style=\"width:100%;\" src=\"https:\/\/kunmedierne.dk\/thy\/wp-content\/uploads\/sites\/2\/2025\/03\/wensien-stenhugger.jpg\"><\/a><script>cdmtrack_view(685);<\/script>\n<p>&#8211; Vi st\u00e5r med 3 virkelig dygtige kandidater med hver en fantastisk ide, siger Lisbeth Bang Nielsen.<\/p>\n<p>Yngst blandt kandidaterne er den kun 15-\u00e5rige Jacob G. Thomsen. Han er til daglig elev p\u00e5 Hurup Skole, men arbejder ogs\u00e5 med lasergravering hovedsagelig i tr\u00e6 og skal med sin deltagelse i konkurrencen unders\u00f8ge mulighederne for at f\u00e5 en forretning ud af det.<\/p>\n<p>Tobias Eigenbroth, 25 \u00e5r, fra Thisted er til daglig trainee hos EBC i Hurup. Han vil i l\u00f8bet af iv\u00e6rks\u00e6tterdysten arbejde med at udvikle en id\u00e9 til en s\u00e6rlig app blandt andet til turistomr\u00e5det.<\/p>\n<p>Tredje deltager i dysten Hassan Kaab Omeir og hans k\u00e6reste Iben, begge 18 \u00e5r. Hassan er under uddannelse til industritekniker, Iben g\u00e5r p\u00e5 handelsgymnasiet i Thisted. Deres f\u00e6lles projekt sigter mod at unders\u00f8ge mulighederne for at realisere et \u00f8nske om at overtage en etableret virksomhed, der arbejder med v\u00e6gprint.<\/p>\n<a class=\"dvrt-link\" onClick=\"cdmtrack_click(683,jQuery(this));return false\" href=\"https:\/\/vester-begr.dk\/?utm_source=google&amp;utm_medium=advative&amp;gad_source=1&amp;gclid=Cj0KCQjwtJ6_BhDWARIsAGanmKfl-hGVVjCYiOgSKoGoxrow4kvXybZsnruKJYTslvqZDywT6a9PCQwaAmBjEALw_wcB\"><img decoding=\"async\" style=\"width:100%;\" src=\"https:\/\/kunmedierne.dk\/thy\/wp-content\/uploads\/sites\/2\/2025\/03\/260203VesterHoukaer-02022026.jpg\"><\/a><script>cdmtrack_view(683);<\/script>\n<p>Vinderen af Thy V\u00e6kst Iv\u00e6rks\u00e6tterdysten k\u00e5res af et lokalt dommerpanel. Det sker ud fra fire kriterier: Potentiale, b\u00e6redygtighed, innovation og lokal forankring.<\/p>\n<p>&#8211; Vi har i det hele taget f\u00e5et stor opbakning fra lokalomr\u00e5det b\u00e5de i form af sponsorater og hj\u00e6lp til at formidle Iv\u00e6rks\u00e6tterdysten fra uddannelsesinstitutioner, sportshaller, foreninger og virksomheder, siger Lisbeth Bang Nielsen. Hun tilf\u00f8jer at Hvidbjerg Bank, S\u00f8nderh\u00e5-H\u00f8rsted Sparekasse, Sparekassen Danmark og Sparekassen Thy har sponsoreret i alt de tre gange 10.000 kroner, finaledeltagerne f\u00e5r at arbejde med, samt arrangementet p\u00e5 finaleaftenen 12. november.<\/p>\n","protected":false},"excerpt":{"rendered":"<p>THY: Cirka 25 b\u00f8d ind, da Thy V\u00e6kst inviterede potentielle iv\u00e6rks\u00e6ttere til Iv\u00e6rks\u00e6ttedyst 2026, og efter en gennemgang af ans\u00f8gerfeltet er der nu fundet tre kandidater, som g\u00e5r videre til dystens finale, der finder sted 12. november, en dato som ligger i den uge, som er Danmarks Iv\u00e6rks\u00e6tteruge. &#8211; Med iv\u00e6rks\u00e6tterdysten vil Thy V\u00e6kst s\u00e6tte [&hellip;]<\/p>\n","protected":false},"author":4535,"featured_media":0,"comment_status":"closed","ping_status":"closed","sticky":false,"template":"","format":"standard","meta":{"_acf_changed":false,"footnotes":""},"categories":[24],"tags":[50],"class_list":["post-21414","post","type-post","status-publish","format-standard","hentry","category-lokalt","tag-erhverv"],"acf":[],"yoast_head":"<!-- This site is optimized with the Yoast SEO plugin v26.8 - https:\/\/yoast.com\/product\/yoast-seo-wordpress\/ -->\n<title>Tre kandidater til Thy V\u00e6kst Iv\u00e6rks\u00e6tterdyst 2026 - Thy<\/title>\n<meta name=\"robots\" content=\"index, follow, max-snippet:-1, max-image-preview:large, max-video-preview:-1\" \/>\n<link rel=\"canonical\" href=\"https:\/\/kunmedierne.dk\/thy\/tre-kandidater-til-thy-vaekst-ivaerksaetterdyst-2026\/\" \/>\n<meta property=\"og:locale\" content=\"da_DK\" \/>\n<meta property=\"og:type\" content=\"article\" \/>\n<meta property=\"og:title\" content=\"Tre kandidater til Thy V\u00e6kst Iv\u00e6rks\u00e6tterdyst 2026 - Thy\" \/>\n<meta property=\"og:description\" content=\"THY: Cirka 25 b\u00f8d ind, da Thy V\u00e6kst inviterede potentielle iv\u00e6rks\u00e6ttere til Iv\u00e6rks\u00e6ttedyst 2026, og efter en gennemgang af ans\u00f8gerfeltet er der nu fundet tre kandidater, som g\u00e5r videre til dystens finale, der finder sted 12. november, en dato som ligger i den uge, som er Danmarks Iv\u00e6rks\u00e6tteruge. &#8211; Med iv\u00e6rks\u00e6tterdysten vil Thy V\u00e6kst s\u00e6tte [&hellip;]\" \/>\n<meta property=\"og:url\" content=\"https:\/\/kunmedierne.dk\/thy\/tre-kandidater-til-thy-vaekst-ivaerksaetterdyst-2026\/\" \/>\n<meta property=\"og:site_name\" content=\"Thy\" \/>\n<meta property=\"article:published_time\" content=\"2026-04-30T16:48:30+00:00\" \/>\n<meta property=\"og:image\" content=\"https:\/\/kunmedierne.dk\/thy\/wp-content\/uploads\/sites\/2\/2026\/02\/Thy-Vaekst02-Firefly-Upscaler-2x-skala-Firefly-Upscaler-2x-skala-Firefly-Upscaler-2x-skala-kopier.jpg\" \/>\n<meta name=\"author\" content=\"Jens Fogh Andersen\" \/>\n<meta name=\"twitter:card\" content=\"summary_large_image\" \/>\n<meta name=\"twitter:label1\" content=\"Skrevet af\" \/>\n\t<meta name=\"twitter:data1\" content=\"Jens Fogh Andersen\" \/>\n\t<meta name=\"twitter:label2\" content=\"Estimeret l\u00e6setid\" \/>\n\t<meta name=\"twitter:data2\" content=\"3 minutter\" \/>\n<script type=\"application\/ld+json\" class=\"yoast-schema-graph\">{\"@context\":\"https:\/\/schema.org\",\"@graph\":[{\"@type\":\"Article\",\"@id\":\"https:\/\/kunmedierne.dk\/thy\/tre-kandidater-til-thy-vaekst-ivaerksaetterdyst-2026\/#article\",\"isPartOf\":{\"@id\":\"https:\/\/kunmedierne.dk\/thy\/tre-kandidater-til-thy-vaekst-ivaerksaetterdyst-2026\/\"},\"author\":{\"name\":\"Jens Fogh Andersen\",\"@id\":\"https:\/\/kunmedierne.dk\/thy\/#\/schema\/person\/88f5be46809ca2a5533760eb574fef93\"},\"headline\":\"Tre kandidater til Thy V\u00e6kst Iv\u00e6rks\u00e6tterdyst 2026\",\"datePublished\":\"2026-04-30T16:48:30+00:00\",\"mainEntityOfPage\":{\"@id\":\"https:\/\/kunmedierne.dk\/thy\/tre-kandidater-til-thy-vaekst-ivaerksaetterdyst-2026\/\"},\"wordCount\":594,\"publisher\":{\"@id\":\"https:\/\/kunmedierne.dk\/thy\/#organization\"},\"image\":{\"@id\":\"https:\/\/kunmedierne.dk\/thy\/tre-kandidater-til-thy-vaekst-ivaerksaetterdyst-2026\/#primaryimage\"},\"thumbnailUrl\":\"https:\/\/kunmedierne.dk\/thy\/wp-content\/uploads\/sites\/2\/2026\/02\/Thy-Vaekst02-Firefly-Upscaler-2x-skala-Firefly-Upscaler-2x-skala-Firefly-Upscaler-2x-skala-kopier.jpg\",\"keywords\":[\"Erhverv\"],\"articleSection\":[\"Lokalt\"],\"inLanguage\":\"da-DK\"},{\"@type\":\"WebPage\",\"@id\":\"https:\/\/kunmedierne.dk\/thy\/tre-kandidater-til-thy-vaekst-ivaerksaetterdyst-2026\/\",\"url\":\"https:\/\/kunmedierne.dk\/thy\/tre-kandidater-til-thy-vaekst-ivaerksaetterdyst-2026\/\",\"name\":\"Tre kandidater til Thy V\u00e6kst Iv\u00e6rks\u00e6tterdyst 2026 - Thy\",\"isPartOf\":{\"@id\":\"https:\/\/kunmedierne.dk\/thy\/#website\"},\"primaryImageOfPage\":{\"@id\":\"https:\/\/kunmedierne.dk\/thy\/tre-kandidater-til-thy-vaekst-ivaerksaetterdyst-2026\/#primaryimage\"},\"image\":{\"@id\":\"https:\/\/kunmedierne.dk\/thy\/tre-kandidater-til-thy-vaekst-ivaerksaetterdyst-2026\/#primaryimage\"},\"thumbnailUrl\":\"https:\/\/kunmedierne.dk\/thy\/wp-content\/uploads\/sites\/2\/2026\/02\/Thy-Vaekst02-Firefly-Upscaler-2x-skala-Firefly-Upscaler-2x-skala-Firefly-Upscaler-2x-skala-kopier.jpg\",\"datePublished\":\"2026-04-30T16:48:30+00:00\",\"breadcrumb\":{\"@id\":\"https:\/\/kunmedierne.dk\/thy\/tre-kandidater-til-thy-vaekst-ivaerksaetterdyst-2026\/#breadcrumb\"},\"inLanguage\":\"da-DK\",\"potentialAction\":[{\"@type\":\"ReadAction\",\"target\":[\"https:\/\/kunmedierne.dk\/thy\/tre-kandidater-til-thy-vaekst-ivaerksaetterdyst-2026\/\"]}]},{\"@type\":\"ImageObject\",\"inLanguage\":\"da-DK\",\"@id\":\"https:\/\/kunmedierne.dk\/thy\/tre-kandidater-til-thy-vaekst-ivaerksaetterdyst-2026\/#primaryimage\",\"url\":\"https:\/\/kunmedierne.dk\/thy\/wp-content\/uploads\/sites\/2\/2026\/02\/Thy-Vaekst02-Firefly-Upscaler-2x-skala-Firefly-Upscaler-2x-skala-Firefly-Upscaler-2x-skala-kopier.jpg\",\"contentUrl\":\"https:\/\/kunmedierne.dk\/thy\/wp-content\/uploads\/sites\/2\/2026\/02\/Thy-Vaekst02-Firefly-Upscaler-2x-skala-Firefly-Upscaler-2x-skala-Firefly-Upscaler-2x-skala-kopier.jpg\",\"width\":1760,\"height\":1088},{\"@type\":\"BreadcrumbList\",\"@id\":\"https:\/\/kunmedierne.dk\/thy\/tre-kandidater-til-thy-vaekst-ivaerksaetterdyst-2026\/#breadcrumb\",\"itemListElement\":[{\"@type\":\"ListItem\",\"position\":1,\"name\":\"Home\",\"item\":\"https:\/\/kunmedierne.dk\/thy\/\"},{\"@type\":\"ListItem\",\"position\":2,\"name\":\"Tre kandidater til Thy V\u00e6kst Iv\u00e6rks\u00e6tterdyst 2026\"}]},{\"@type\":\"WebSite\",\"@id\":\"https:\/\/kunmedierne.dk\/thy\/#website\",\"url\":\"https:\/\/kunmedierne.dk\/thy\/\",\"name\":\"Thy\",\"description\":\"et netmedie med journalistik om livet i Thy\",\"publisher\":{\"@id\":\"https:\/\/kunmedierne.dk\/thy\/#organization\"},\"potentialAction\":[{\"@type\":\"SearchAction\",\"target\":{\"@type\":\"EntryPoint\",\"urlTemplate\":\"https:\/\/kunmedierne.dk\/thy\/?s={search_term_string}\"},\"query-input\":{\"@type\":\"PropertyValueSpecification\",\"valueRequired\":true,\"valueName\":\"search_term_string\"}}],\"inLanguage\":\"da-DK\"},{\"@type\":\"Organization\",\"@id\":\"https:\/\/kunmedierne.dk\/thy\/#organization\",\"name\":\"Thy\",\"url\":\"https:\/\/kunmedierne.dk\/thy\/\",\"logo\":{\"@type\":\"ImageObject\",\"inLanguage\":\"da-DK\",\"@id\":\"https:\/\/kunmedierne.dk\/thy\/#\/schema\/logo\/image\/\",\"url\":\"https:\/\/kunmedierne.dk\/thy\/wp-content\/uploads\/sites\/2\/2025\/04\/kunthy-logo.svg\",\"contentUrl\":\"https:\/\/kunmedierne.dk\/thy\/wp-content\/uploads\/sites\/2\/2025\/04\/kunthy-logo.svg\",\"caption\":\"Thy\"},\"image\":{\"@id\":\"https:\/\/kunmedierne.dk\/thy\/#\/schema\/logo\/image\/\"}},{\"@type\":\"Person\",\"@id\":\"https:\/\/kunmedierne.dk\/thy\/#\/schema\/person\/88f5be46809ca2a5533760eb574fef93\",\"name\":\"Jens Fogh Andersen\",\"image\":{\"@type\":\"ImageObject\",\"inLanguage\":\"da-DK\",\"@id\":\"https:\/\/kunmedierne.dk\/thy\/#\/schema\/person\/image\/\",\"url\":\"https:\/\/secure.gravatar.com\/avatar\/2b367a4ef139b1c41dccc9ee7af926b81f8b4cca3359772e86c7fd5ced26c0a3?s=96&d=mm&r=g\",\"contentUrl\":\"https:\/\/secure.gravatar.com\/avatar\/2b367a4ef139b1c41dccc9ee7af926b81f8b4cca3359772e86c7fd5ced26c0a3?s=96&d=mm&r=g\",\"caption\":\"Jens Fogh Andersen\"},\"url\":\"https:\/\/kunmedierne.dk\/thy\/author\/jfa\/\"}]}<\/script>\n<!-- \/ Yoast SEO plugin. -->","yoast_head_json":{"title":"Tre kandidater til Thy V\u00e6kst Iv\u00e6rks\u00e6tterdyst 2026 - Thy","robots":{"index":"index","follow":"follow","max-snippet":"max-snippet:-1","max-image-preview":"max-image-preview:large","max-video-preview":"max-video-preview:-1"},"canonical":"https:\/\/kunmedierne.dk\/thy\/tre-kandidater-til-thy-vaekst-ivaerksaetterdyst-2026\/","og_locale":"da_DK","og_type":"article","og_title":"Tre kandidater til Thy V\u00e6kst Iv\u00e6rks\u00e6tterdyst 2026 - Thy","og_description":"THY: Cirka 25 b\u00f8d ind, da Thy V\u00e6kst inviterede potentielle iv\u00e6rks\u00e6ttere til Iv\u00e6rks\u00e6ttedyst 2026, og efter en gennemgang af ans\u00f8gerfeltet er der nu fundet tre kandidater, som g\u00e5r videre til dystens finale, der finder sted 12. november, en dato som ligger i den uge, som er Danmarks Iv\u00e6rks\u00e6tteruge. &#8211; Med iv\u00e6rks\u00e6tterdysten vil Thy V\u00e6kst s\u00e6tte [&hellip;]","og_url":"https:\/\/kunmedierne.dk\/thy\/tre-kandidater-til-thy-vaekst-ivaerksaetterdyst-2026\/","og_site_name":"Thy","article_published_time":"2026-04-30T16:48:30+00:00","og_image":[{"url":"https:\/\/kunmedierne.dk\/thy\/wp-content\/uploads\/sites\/2\/2026\/02\/Thy-Vaekst02-Firefly-Upscaler-2x-skala-Firefly-Upscaler-2x-skala-Firefly-Upscaler-2x-skala-kopier.jpg","type":"","width":"","height":""}],"author":"Jens Fogh Andersen","twitter_card":"summary_large_image","twitter_misc":{"Skrevet af":"Jens Fogh Andersen","Estimeret l\u00e6setid":"3 minutter"},"schema":{"@context":"https:\/\/schema.org","@graph":[{"@type":"Article","@id":"https:\/\/kunmedierne.dk\/thy\/tre-kandidater-til-thy-vaekst-ivaerksaetterdyst-2026\/#article","isPartOf":{"@id":"https:\/\/kunmedierne.dk\/thy\/tre-kandidater-til-thy-vaekst-ivaerksaetterdyst-2026\/"},"author":{"name":"Jens Fogh Andersen","@id":"https:\/\/kunmedierne.dk\/thy\/#\/schema\/person\/88f5be46809ca2a5533760eb574fef93"},"headline":"Tre kandidater til Thy V\u00e6kst Iv\u00e6rks\u00e6tterdyst 2026","datePublished":"2026-04-30T16:48:30+00:00","mainEntityOfPage":{"@id":"https:\/\/kunmedierne.dk\/thy\/tre-kandidater-til-thy-vaekst-ivaerksaetterdyst-2026\/"},"wordCount":594,"publisher":{"@id":"https:\/\/kunmedierne.dk\/thy\/#organization"},"image":{"@id":"https:\/\/kunmedierne.dk\/thy\/tre-kandidater-til-thy-vaekst-ivaerksaetterdyst-2026\/#primaryimage"},"thumbnailUrl":"https:\/\/kunmedierne.dk\/thy\/wp-content\/uploads\/sites\/2\/2026\/02\/Thy-Vaekst02-Firefly-Upscaler-2x-skala-Firefly-Upscaler-2x-skala-Firefly-Upscaler-2x-skala-kopier.jpg","keywords":["Erhverv"],"articleSection":["Lokalt"],"inLanguage":"da-DK"},{"@type":"WebPage","@id":"https:\/\/kunmedierne.dk\/thy\/tre-kandidater-til-thy-vaekst-ivaerksaetterdyst-2026\/","url":"https:\/\/kunmedierne.dk\/thy\/tre-kandidater-til-thy-vaekst-ivaerksaetterdyst-2026\/","name":"Tre kandidater til Thy V\u00e6kst Iv\u00e6rks\u00e6tterdyst 2026 - Thy","isPartOf":{"@id":"https:\/\/kunmedierne.dk\/thy\/#website"},"primaryImageOfPage":{"@id":"https:\/\/kunmedierne.dk\/thy\/tre-kandidater-til-thy-vaekst-ivaerksaetterdyst-2026\/#primaryimage"},"image":{"@id":"https:\/\/kunmedierne.dk\/thy\/tre-kandidater-til-thy-vaekst-ivaerksaetterdyst-2026\/#primaryimage"},"thumbnailUrl":"https:\/\/kunmedierne.dk\/thy\/wp-content\/uploads\/sites\/2\/2026\/02\/Thy-Vaekst02-Firefly-Upscaler-2x-skala-Firefly-Upscaler-2x-skala-Firefly-Upscaler-2x-skala-kopier.jpg","datePublished":"2026-04-30T16:48:30+00:00","breadcrumb":{"@id":"https:\/\/kunmedierne.dk\/thy\/tre-kandidater-til-thy-vaekst-ivaerksaetterdyst-2026\/#breadcrumb"},"inLanguage":"da-DK","potentialAction":[{"@type":"ReadAction","target":["https:\/\/kunmedierne.dk\/thy\/tre-kandidater-til-thy-vaekst-ivaerksaetterdyst-2026\/"]}]},{"@type":"ImageObject","inLanguage":"da-DK","@id":"https:\/\/kunmedierne.dk\/thy\/tre-kandidater-til-thy-vaekst-ivaerksaetterdyst-2026\/#primaryimage","url":"https:\/\/kunmedierne.dk\/thy\/wp-content\/uploads\/sites\/2\/2026\/02\/Thy-Vaekst02-Firefly-Upscaler-2x-skala-Firefly-Upscaler-2x-skala-Firefly-Upscaler-2x-skala-kopier.jpg","contentUrl":"https:\/\/kunmedierne.dk\/thy\/wp-content\/uploads\/sites\/2\/2026\/02\/Thy-Vaekst02-Firefly-Upscaler-2x-skala-Firefly-Upscaler-2x-skala-Firefly-Upscaler-2x-skala-kopier.jpg","width":1760,"height":1088},{"@type":"BreadcrumbList","@id":"https:\/\/kunmedierne.dk\/thy\/tre-kandidater-til-thy-vaekst-ivaerksaetterdyst-2026\/#breadcrumb","itemListElement":[{"@type":"ListItem","position":1,"name":"Home","item":"https:\/\/kunmedierne.dk\/thy\/"},{"@type":"ListItem","position":2,"name":"Tre kandidater til Thy V\u00e6kst Iv\u00e6rks\u00e6tterdyst 2026"}]},{"@type":"WebSite","@id":"https:\/\/kunmedierne.dk\/thy\/#website","url":"https:\/\/kunmedierne.dk\/thy\/","name":"Thy","description":"et netmedie med journalistik om livet i Thy","publisher":{"@id":"https:\/\/kunmedierne.dk\/thy\/#organization"},"potentialAction":[{"@type":"SearchAction","target":{"@type":"EntryPoint","urlTemplate":"https:\/\/kunmedierne.dk\/thy\/?s={search_term_string}"},"query-input":{"@type":"PropertyValueSpecification","valueRequired":true,"valueName":"search_term_string"}}],"inLanguage":"da-DK"},{"@type":"Organization","@id":"https:\/\/kunmedierne.dk\/thy\/#organization","name":"Thy","url":"https:\/\/kunmedierne.dk\/thy\/","logo":{"@type":"ImageObject","inLanguage":"da-DK","@id":"https:\/\/kunmedierne.dk\/thy\/#\/schema\/logo\/image\/","url":"https:\/\/kunmedierne.dk\/thy\/wp-content\/uploads\/sites\/2\/2025\/04\/kunthy-logo.svg","contentUrl":"https:\/\/kunmedierne.dk\/thy\/wp-content\/uploads\/sites\/2\/2025\/04\/kunthy-logo.svg","caption":"Thy"},"image":{"@id":"https:\/\/kunmedierne.dk\/thy\/#\/schema\/logo\/image\/"}},{"@type":"Person","@id":"https:\/\/kunmedierne.dk\/thy\/#\/schema\/person\/88f5be46809ca2a5533760eb574fef93","name":"Jens Fogh Andersen","image":{"@type":"ImageObject","inLanguage":"da-DK","@id":"https:\/\/kunmedierne.dk\/thy\/#\/schema\/person\/image\/","url":"https:\/\/secure.gravatar.com\/avatar\/2b367a4ef139b1c41dccc9ee7af926b81f8b4cca3359772e86c7fd5ced26c0a3?s=96&d=mm&r=g","contentUrl":"https:\/\/secure.gravatar.com\/avatar\/2b367a4ef139b1c41dccc9ee7af926b81f8b4cca3359772e86c7fd5ced26c0a3?s=96&d=mm&r=g","caption":"Jens Fogh Andersen"},"url":"https:\/\/kunmedierne.dk\/thy\/author\/jfa\/"}]}},"_links":{"self":[{"href":"https:\/\/kunmedierne.dk\/thy\/wp-json\/wp\/v2\/posts\/21414","targetHints":{"allow":["GET"]}}],"collection":[{"href":"https:\/\/kunmedierne.dk\/thy\/wp-json\/wp\/v2\/posts"}],"about":[{"href":"https:\/\/kunmedierne.dk\/thy\/wp-json\/wp\/v2\/types\/post"}],"author":[{"embeddable":true,"href":"https:\/\/kunmedierne.dk\/thy\/wp-json\/wp\/v2\/users\/4535"}],"replies":[{"embeddable":true,"href":"https:\/\/kunmedierne.dk\/thy\/wp-json\/wp\/v2\/comments?post=21414"}],"version-history":[{"count":6,"href":"https:\/\/kunmedierne.dk\/thy\/wp-json\/wp\/v2\/posts\/21414\/revisions"}],"predecessor-version":[{"id":21443,"href":"https:\/\/kunmedierne.dk\/thy\/wp-json\/wp\/v2\/posts\/21414\/revisions\/21443"}],"wp:attachment":[{"href":"https:\/\/kunmedierne.dk\/thy\/wp-json\/wp\/v2\/media?parent=21414"}],"wp:term":[{"taxonomy":"category","embeddable":true,"href":"https:\/\/kunmedierne.dk\/thy\/wp-json\/wp\/v2\/categories?post=21414"},{"taxonomy":"post_tag","embeddable":true,"href":"https:\/\/kunmedierne.dk\/thy\/wp-json\/wp\/v2\/tags?post=21414"}],"curies":[{"name":"wp","href":"https:\/\/api.w.org\/{rel}","templated":true}]}}