{"id":21371,"date":"2026-05-01T19:57:55","date_gmt":"2026-05-01T17:57:55","guid":{"rendered":"https:\/\/kunmedierne.dk\/thy\/?p=21371"},"modified":"2026-05-01T09:29:51","modified_gmt":"2026-05-01T07:29:51","slug":"velfaerdssang-paa-vevoskolen-er-en-loeftestang-til-sangglad-senior","status":"publish","type":"post","link":"https:\/\/kunmedierne.dk\/thy\/velfaerdssang-paa-vevoskolen-er-en-loeftestang-til-sangglad-senior\/","title":{"rendered":"Velf\u00e6rdssang p\u00e5 Vevoskolen er en l\u00f8ftestang til Sangglad Senior"},"content":{"rendered":"<p><strong>THISTED:<\/strong> &#8211; Forl\u00f8bet har haft stor v\u00e6rdi for dem, der har v\u00e6ret med. Jeg oplever, der er kommet en anden stemning mellem eleverne. Og det er fedt at se, hvordan de slipper t\u00f8jlerne efterh\u00e5nden.<\/p>\n<p>Underviser Merete Toft, Vevoskolen, er ikke i tvivl, da hun skal give karakter til projekt Velf\u00e6rdssang, der netop er afsluttet.<\/p>\n<p>To gange i efter\u00e5ret og \u00e9n gang i for\u00e5ret har sangkonsulent Karen Bj\u00f8rnskov og leder Kristina Brogaard fra Thy Sangskole bes\u00f8gt Vevoskolen i Thisted, der tilbyder en r\u00e6kke uddannelser inden for sundhed, omsorg, p\u00e6dagogik og det sociale omr\u00e5de.<\/p>\n<a class=\"dvrt-link\" onClick=\"cdmtrack_click(685,jQuery(this));return false\" href=\"https:\/\/wensien.dk\/begravelse\/?gad_source=1&gclid=Cj0KCQjwtJ6_BhDWARIsAGanmKcWw6hbeoepGti1oApJGHln52gMbg8EBRZ86__3P1AJZ5dcsw4ZvNEaAk7JEALw_wcB\"><img decoding=\"async\" style=\"width:100%;\" src=\"https:\/\/kunmedierne.dk\/thy\/wp-content\/uploads\/sites\/2\/2025\/03\/wensien-stenhugger.jpg\"><\/a><script>cdmtrack_view(685);<\/script>\n<p>I projektet har Thy Sangskole i samarbejde med Vevoskolen \u00f8nsket at unders\u00f8ge, hvordan sang kan spille en aktiv rolle i uddannelsen \u2013 b\u00e5de som et p\u00e6dagogisk redskab i undervisningen og som en styrkelse af elevernes sociale og faglige kompetencer.<\/p>\n<p>&#8211; Det har v\u00e6ret enormt berigende at arbejde f\u00e6lles om, hvordan sang kan indt\u00e6nkes i uddannelsen \u2013 b\u00e5de bredt som en kulturindsats p\u00e5 institutionen men ogs\u00e5 direkte i fagundervisningen. Vi har haft et fantastisk godt samarbejde med Vevoskolen og har opbygget gode relationer, som peger fremad for sang som en del af uddannelsen og som et redskab for de studerende, n\u00e5r de kommer ud i praksis, siger Kristina Brogaard, leder af Thy Sangskole.<\/p>\n<p>&nbsp;<\/p>\n<p><strong>Erkendelse og mod<\/strong><\/p>\n<p>I l\u00f8bet af perioden med \u201dVelf\u00e6rdssang\u201d har eleverne f\u00e5et en ny erkendelse af, hvad sang er og kan.<\/p>\n<a class=\"dvrt-link\" onClick=\"cdmtrack_click(1130,jQuery(this));return false\" href=\"https:\/\/www.thistedforsikring.dk\/?utm_source=partnerskaber&amp;utm_campaign=kun_thy\"><img decoding=\"async\" style=\"width:100%;\" src=\"https:\/\/kunmedierne.dk\/thy\/wp-content\/uploads\/sites\/2\/2025\/04\/260409KunThyThisted-For-1.png\"><\/a><script>cdmtrack_view(1130);<\/script>\n<p>I den f\u00f8rste f\u00e6llessamling med sang og \u00f8velser stod nogle af eleverne med armene over kors, stod op ad v\u00e6ggen eller deltog ironisk.<\/p>\n<p>&#8211; Jeg synes, det er meget fint at synge sammen. Det giver en f\u00f8lelse af f\u00e6llesskab. Men det kan godt v\u00e6re lidt akavet, hvis der ikke er s\u00e5 mange, der synger med, l\u00f8d det dengang fra Silke \u00d8stergaard Pedersen.<\/p>\n<p>Anden gang var der en helt anden stemning. Der var smil, og de fleste sang med p\u00e5 f\u00e6llessangene.<\/p>\n<p>I en af \u00f8velserne blev eleverne delt op i grupper. Der blev trampet i takt, nynnet en rytme og sunget forskellige stemmer.<\/p>\n<a class=\"dvrt-link\" onClick=\"cdmtrack_click(1130,jQuery(this));return false\" href=\"https:\/\/www.thistedforsikring.dk\/?utm_source=partnerskaber&amp;utm_campaign=kun_thy\"><img decoding=\"async\" style=\"width:100%;\" src=\"https:\/\/kunmedierne.dk\/thy\/wp-content\/uploads\/sites\/2\/2025\/04\/260409KunThyThisted-For-1.png\"><\/a><script>cdmtrack_view(1130);<\/script>\n<p>Uddannelsesleder p\u00e5 Vevoskolen, Johanne Dybdahl Kr\u00fcger, gl\u00e6der sig over at se, hvordan eleverne er blevet mere engagerede og aktivt deltagende for hver gang, de har haft en workshop. De bev\u00e6ger sig, interagerer med hinanden \u2013 og synger med.<\/p>\n<p>&#8211; Jeg kan godt lide Karens fort\u00e6lling om, hvorfor det er vigtigt at afpr\u00f8ve noget sammen, der virker fjollet &#8211; for at f\u00e5 mod til at synge med andre. N\u00e5r vi bliver mere frigjorte, kan vi bruge sang som et redskab i omsorgsarbejde \u2013 og dermed kan sang v\u00e6re en indgang til at skabe relationer og samh\u00f8righed.<\/p>\n<p>Merete Toft siger det s\u00e5ledes:<\/p>\n<p>&#8211; Sang har givet et f\u00e6llesskab p\u00e5 tv\u00e6rs af hold p\u00e5 skolen, hvilket er med til at give trivsel og modvirke frafald, siger Merete Toft.<\/p>\n<blockquote><p><strong>Fakta om Velf\u00e6rdssang<\/strong><\/p>\n<ul>\n<li><strong>Velf\u00e6rdssang<\/strong> p\u00e5 Vevoskolen er et nyt\u00e6nkende og unders\u00f8gende samarbejde mellem en kulturinstitution og en professionsrettet uddannelsesinstitution med det form\u00e5l at integrere sang i SOSU-uddannelsen, b\u00e5de som en del af elevernes trivsel og som et fagligt redskab i deres fremtidige arbejde med \u00e6ldre, borgere og p\u00e5r\u00f8rende.<\/li>\n<li>Velf\u00e6rdssang er st\u00f8ttet af Kulturkantens for\u00e5rspulje.<\/li>\n<li>De konkrete resultater i Velf\u00e6rdssang skal nu bruges til at styrke og kvalificere et st\u00f8rre initiativ, Sangglad Senior, som Thy Sangskole er projektleder p\u00e5.<\/li>\n<\/ul>\n<p>&nbsp;<\/p><\/blockquote>\n<p><strong>Sang som et fagligt redskab<\/strong><\/p>\n<p>Udover de tre f\u00e6llessamlinger for alle elever, var der ogs\u00e5 en undervisningsdag for et mindre hold. Her blev de godt kl\u00e6dt p\u00e5 med teori og viden om sangens gavnlige effekter for mental og fysisk trivsel, og her begyndte gevinsterne ved sangen som redskab i omsorgssektoren for alvor at blive tydelige for deltagerne.<\/p>\n<a class=\"dvrt-link\" onClick=\"cdmtrack_click(687,jQuery(this));return false\" href=\"https:\/\/konpap.dk\/?gad_source=1&gclid=Cj0KCQjwtJ6_BhDWARIsAGanmKfOBLC3RBm6obWL5sEb-mp4bsp5QjqWW4j4nx22y0YT2iMiXJcv3MoaApR_EALw_wcB\"><img decoding=\"async\" style=\"width:100%;\" src=\"https:\/\/kunmedierne.dk\/thy\/wp-content\/uploads\/sites\/2\/2025\/03\/redoffice.jpg\"><\/a><script>cdmtrack_view(687);<\/script>\n<p>Peter Bjerge, der er p\u00e5 2. skoleforl\u00f8b, siger:<\/p>\n<p>&#8211; Jeg har aldrig f\u00f8r t\u00e6nkt over, at man kan bruge sang og musik til at skabe bev\u00e6gelse. For \u00e6ldre mennesker er bev\u00e6gelse rigtig vigtigt. For funktionsevnen og livskvaliteten.<\/p>\n<p>Velf\u00e6rdssang-projektet har givet en bevidsthed om, at Vevoskolen er med p\u00e5 noderne. Der er fokus p\u00e5 sang mange steder \u2013 demenskor, KOL-kor, sundhedskor. Sang er noget, der har selvst\u00e6ndig v\u00e6rdi som led i omsorgsarbejdet.<\/p>\n<p>&#8211; Sang er ikke leg eller underholdning. Det er et fagligt redskab, der bygger p\u00e5 viden. Det g\u00f8r det legitimt at bruge som skole i undervisningen, pointerer uddannelsesleder p\u00e5 Vevoskolen, Johanne Dybdahl Kruger.<\/p>\n<p><strong>\u00a0<\/strong><\/p>\n<p><strong>Erfaringer videref\u00f8res i Sangglad Senior<\/strong><\/p>\n<p>Nu er projekt Velf\u00e6rdssang afsluttet, men sang kommer i fremtiden til at fylde mere i undervisningen p\u00e5 Vevoskolen og ude p\u00e5 plejecentrene i Thisted Kommune.<\/p>\n<a class=\"dvrt-link\" onClick=\"cdmtrack_click(689,jQuery(this));return false\" href=\"https:\/\/www.thistedbolig.dk\"><img decoding=\"async\" style=\"width:100%;\" src=\"https:\/\/kunmedierne.dk\/thy\/wp-content\/uploads\/sites\/2\/2025\/03\/260414ThistedBoligApril-opslag-002-1.jpg\"><\/a><script>cdmtrack_view(689);<\/script>\n<p>Sangglad Senior-projektet er allerede i skudt i gang. Over de n\u00e6ste tre \u00e5r vil Thy Sangskole i et bredt samarbejde med b\u00e5de forskere, fagpersoner og praktikere udvikle, implementere og evaluere en sangbaseret indsats p\u00e5 plejecentre i Thisted Kommune og p\u00e5 Vevoskolen.<\/p>\n<p>Lederne af s\u00e5vel Thy Sangskole og Vevoskolen er enige om, at der med \u201dVelf\u00e6rdssang\u201d er skabt en v\u00e6rdifuld relation og et samarbejde, der kan blive en gevinst for Sangglad Senior.<\/p>\n<blockquote><p><strong>Fakta om Sangglad Senior <\/strong><\/p>\n<ul>\n<li>Sangglad Senior er et tre\u00e5rigt udviklingsprojekt st\u00f8ttet af AP M\u00f8ller Fonden.<\/li>\n<li>M\u00e5let er at styrke livskvalitet, gl\u00e6de, ro, erindring og kommunikation hos \u00e6ldre &#8211; og samtidig g\u00f8re det mere meningsfuldt at v\u00e6re medarbejder, frivillige og p\u00e5r\u00f8rende.<\/li>\n<li>I projektperioden opkvalificeres ca. 300 medarbejderne p\u00e5 13 plejecentre, ca. 250 frivillige samt ca. 100 SOSU-elever p\u00e5 den lokale SOSU-skole i brugen af sang som redskab i pleje og omsorg.<\/li>\n<\/ul>\n<\/blockquote>\n<p>&nbsp;<\/p>\n<div id=\"attachment_21397\" style=\"width: 1242px\" class=\"wp-caption alignnone\"><img loading=\"lazy\" decoding=\"async\" aria-describedby=\"caption-attachment-21397\" class=\"wp-image-21397 size-full\" src=\"https:\/\/kunmedierne.dk\/thy\/wp-content\/uploads\/sites\/2\/2026\/04\/Unavngivet-1232-x-802-px-2026-04-29T165648.951.jpg\" alt=\"\" width=\"1232\" height=\"802\" srcset=\"https:\/\/kunmedierne.dk\/thy\/wp-content\/uploads\/sites\/2\/2026\/04\/Unavngivet-1232-x-802-px-2026-04-29T165648.951.jpg 1232w, https:\/\/kunmedierne.dk\/thy\/wp-content\/uploads\/sites\/2\/2026\/04\/Unavngivet-1232-x-802-px-2026-04-29T165648.951-300x195.jpg 300w, https:\/\/kunmedierne.dk\/thy\/wp-content\/uploads\/sites\/2\/2026\/04\/Unavngivet-1232-x-802-px-2026-04-29T165648.951-1024x667.jpg 1024w, https:\/\/kunmedierne.dk\/thy\/wp-content\/uploads\/sites\/2\/2026\/04\/Unavngivet-1232-x-802-px-2026-04-29T165648.951-510x332.jpg 510w\" sizes=\"auto, (max-width: 1232px) 100vw, 1232px\" \/><p id=\"caption-attachment-21397\" class=\"wp-caption-text\">\u00d8velserne handler om at l\u00f8sne op, s\u00e5 eleverne f\u00e5r mod p\u00e5 at se hinanden i \u00f8jnene. Ved hj\u00e6lp af leg skubbes de ud af trangen til at ville gemme sig. Foto: Lone L\u00e6rke Krog.<\/p><\/div>\n<p>&nbsp;<\/p>\n<div id=\"attachment_21395\" style=\"width: 1242px\" class=\"wp-caption alignnone\"><img loading=\"lazy\" decoding=\"async\" aria-describedby=\"caption-attachment-21395\" class=\"wp-image-21395 size-full\" src=\"https:\/\/kunmedierne.dk\/thy\/wp-content\/uploads\/sites\/2\/2026\/04\/Unavngivet-1232-x-802-px-2026-04-29T165248.001.jpg\" alt=\"\" width=\"1232\" height=\"802\" srcset=\"https:\/\/kunmedierne.dk\/thy\/wp-content\/uploads\/sites\/2\/2026\/04\/Unavngivet-1232-x-802-px-2026-04-29T165248.001.jpg 1232w, https:\/\/kunmedierne.dk\/thy\/wp-content\/uploads\/sites\/2\/2026\/04\/Unavngivet-1232-x-802-px-2026-04-29T165248.001-300x195.jpg 300w, https:\/\/kunmedierne.dk\/thy\/wp-content\/uploads\/sites\/2\/2026\/04\/Unavngivet-1232-x-802-px-2026-04-29T165248.001-1024x667.jpg 1024w, https:\/\/kunmedierne.dk\/thy\/wp-content\/uploads\/sites\/2\/2026\/04\/Unavngivet-1232-x-802-px-2026-04-29T165248.001-510x332.jpg 510w\" sizes=\"auto, (max-width: 1232px) 100vw, 1232px\" \/><p id=\"caption-attachment-21395\" class=\"wp-caption-text\">Eleverne f\u00e5r mod p\u00e5 at synge, n\u00e5r de l\u00e6rer at slippe kontrollen. Foto: Lone L\u00e6rke Krog.<\/p><\/div>\n<p>&nbsp;<\/p>\n<div id=\"attachment_21394\" style=\"width: 1242px\" class=\"wp-caption alignnone\"><img loading=\"lazy\" decoding=\"async\" aria-describedby=\"caption-attachment-21394\" class=\"wp-image-21394 size-full\" src=\"https:\/\/kunmedierne.dk\/thy\/wp-content\/uploads\/sites\/2\/2026\/04\/Unavngivet-1232-x-802-px-2026-04-29T165327.121.jpg\" alt=\"\" width=\"1232\" height=\"802\" srcset=\"https:\/\/kunmedierne.dk\/thy\/wp-content\/uploads\/sites\/2\/2026\/04\/Unavngivet-1232-x-802-px-2026-04-29T165327.121.jpg 1232w, https:\/\/kunmedierne.dk\/thy\/wp-content\/uploads\/sites\/2\/2026\/04\/Unavngivet-1232-x-802-px-2026-04-29T165327.121-300x195.jpg 300w, https:\/\/kunmedierne.dk\/thy\/wp-content\/uploads\/sites\/2\/2026\/04\/Unavngivet-1232-x-802-px-2026-04-29T165327.121-1024x667.jpg 1024w, https:\/\/kunmedierne.dk\/thy\/wp-content\/uploads\/sites\/2\/2026\/04\/Unavngivet-1232-x-802-px-2026-04-29T165327.121-510x332.jpg 510w\" sizes=\"auto, (max-width: 1232px) 100vw, 1232px\" \/><p id=\"caption-attachment-21394\" class=\"wp-caption-text\">Underviser Merete Toft.<\/p><\/div>\n<p>&nbsp;<\/p>\n","protected":false},"excerpt":{"rendered":"<p>THISTED: &#8211; Forl\u00f8bet har haft stor v\u00e6rdi for dem, der har v\u00e6ret med. Jeg oplever, der er kommet en anden stemning mellem eleverne. Og det er fedt at se, hvordan de slipper t\u00f8jlerne efterh\u00e5nden. Underviser Merete Toft, Vevoskolen, er ikke i tvivl, da hun skal give karakter til projekt Velf\u00e6rdssang, der netop er afsluttet. To [&hellip;]<\/p>\n","protected":false},"author":1925,"featured_media":0,"comment_status":"closed","ping_status":"closed","sticky":false,"template":"","format":"standard","meta":{"_acf_changed":false,"footnotes":""},"categories":[24],"tags":[84,47,90],"class_list":["post-21371","post","type-post","status-publish","format-standard","hentry","category-lokalt","tag-aeldrepleje","tag-sundhed","tag-uddannelse"],"acf":[],"yoast_head":"<!-- This site is optimized with the Yoast SEO plugin v26.8 - https:\/\/yoast.com\/product\/yoast-seo-wordpress\/ -->\n<title>Velf\u00e6rdssang p\u00e5 Vevoskolen er en l\u00f8ftestang til Sangglad Senior - Thy<\/title>\n<meta name=\"robots\" content=\"index, follow, max-snippet:-1, max-image-preview:large, max-video-preview:-1\" \/>\n<link rel=\"canonical\" href=\"https:\/\/kunmedierne.dk\/thy\/velfaerdssang-paa-vevoskolen-er-en-loeftestang-til-sangglad-senior\/\" \/>\n<meta property=\"og:locale\" content=\"da_DK\" \/>\n<meta property=\"og:type\" content=\"article\" \/>\n<meta property=\"og:title\" content=\"Velf\u00e6rdssang p\u00e5 Vevoskolen er en l\u00f8ftestang til Sangglad Senior - Thy\" \/>\n<meta property=\"og:description\" content=\"THISTED: &#8211; Forl\u00f8bet har haft stor v\u00e6rdi for dem, der har v\u00e6ret med. Jeg oplever, der er kommet en anden stemning mellem eleverne. Og det er fedt at se, hvordan de slipper t\u00f8jlerne efterh\u00e5nden. Underviser Merete Toft, Vevoskolen, er ikke i tvivl, da hun skal give karakter til projekt Velf\u00e6rdssang, der netop er afsluttet. To [&hellip;]\" \/>\n<meta property=\"og:url\" content=\"https:\/\/kunmedierne.dk\/thy\/velfaerdssang-paa-vevoskolen-er-en-loeftestang-til-sangglad-senior\/\" \/>\n<meta property=\"og:site_name\" content=\"Thy\" \/>\n<meta property=\"article:published_time\" content=\"2026-05-01T17:57:55+00:00\" \/>\n<meta property=\"og:image\" content=\"https:\/\/kunmedierne.dk\/thy\/wp-content\/uploads\/sites\/2\/2026\/04\/Unavngivet-1232-x-802-px-2026-04-29T165648.951.jpg\" \/>\n<meta name=\"author\" content=\"Lone L\u00e6rke Krog\" \/>\n<meta name=\"twitter:card\" content=\"summary_large_image\" \/>\n<meta name=\"twitter:label1\" content=\"Skrevet af\" \/>\n\t<meta name=\"twitter:data1\" content=\"Lone L\u00e6rke Krog\" \/>\n\t<meta name=\"twitter:label2\" content=\"Estimeret l\u00e6setid\" \/>\n\t<meta name=\"twitter:data2\" content=\"5 minutter\" \/>\n<script type=\"application\/ld+json\" class=\"yoast-schema-graph\">{\"@context\":\"https:\/\/schema.org\",\"@graph\":[{\"@type\":\"Article\",\"@id\":\"https:\/\/kunmedierne.dk\/thy\/velfaerdssang-paa-vevoskolen-er-en-loeftestang-til-sangglad-senior\/#article\",\"isPartOf\":{\"@id\":\"https:\/\/kunmedierne.dk\/thy\/velfaerdssang-paa-vevoskolen-er-en-loeftestang-til-sangglad-senior\/\"},\"author\":{\"name\":\"Lone L\u00e6rke Krog\",\"@id\":\"https:\/\/kunmedierne.dk\/thy\/#\/schema\/person\/d266634ba6550d075ecf540d63b245d2\"},\"headline\":\"Velf\u00e6rdssang p\u00e5 Vevoskolen er en l\u00f8ftestang til Sangglad Senior\",\"datePublished\":\"2026-05-01T17:57:55+00:00\",\"mainEntityOfPage\":{\"@id\":\"https:\/\/kunmedierne.dk\/thy\/velfaerdssang-paa-vevoskolen-er-en-loeftestang-til-sangglad-senior\/\"},\"wordCount\":1044,\"publisher\":{\"@id\":\"https:\/\/kunmedierne.dk\/thy\/#organization\"},\"image\":{\"@id\":\"https:\/\/kunmedierne.dk\/thy\/velfaerdssang-paa-vevoskolen-er-en-loeftestang-til-sangglad-senior\/#primaryimage\"},\"thumbnailUrl\":\"https:\/\/kunmedierne.dk\/thy\/wp-content\/uploads\/sites\/2\/2026\/04\/Unavngivet-1232-x-802-px-2026-04-29T165648.951.jpg\",\"keywords\":[\"\u00e6ldrepleje\",\"Sundhed\",\"Uddannelse\"],\"articleSection\":[\"Lokalt\"],\"inLanguage\":\"da-DK\"},{\"@type\":\"WebPage\",\"@id\":\"https:\/\/kunmedierne.dk\/thy\/velfaerdssang-paa-vevoskolen-er-en-loeftestang-til-sangglad-senior\/\",\"url\":\"https:\/\/kunmedierne.dk\/thy\/velfaerdssang-paa-vevoskolen-er-en-loeftestang-til-sangglad-senior\/\",\"name\":\"Velf\u00e6rdssang p\u00e5 Vevoskolen er en l\u00f8ftestang til Sangglad Senior - Thy\",\"isPartOf\":{\"@id\":\"https:\/\/kunmedierne.dk\/thy\/#website\"},\"primaryImageOfPage\":{\"@id\":\"https:\/\/kunmedierne.dk\/thy\/velfaerdssang-paa-vevoskolen-er-en-loeftestang-til-sangglad-senior\/#primaryimage\"},\"image\":{\"@id\":\"https:\/\/kunmedierne.dk\/thy\/velfaerdssang-paa-vevoskolen-er-en-loeftestang-til-sangglad-senior\/#primaryimage\"},\"thumbnailUrl\":\"https:\/\/kunmedierne.dk\/thy\/wp-content\/uploads\/sites\/2\/2026\/04\/Unavngivet-1232-x-802-px-2026-04-29T165648.951.jpg\",\"datePublished\":\"2026-05-01T17:57:55+00:00\",\"breadcrumb\":{\"@id\":\"https:\/\/kunmedierne.dk\/thy\/velfaerdssang-paa-vevoskolen-er-en-loeftestang-til-sangglad-senior\/#breadcrumb\"},\"inLanguage\":\"da-DK\",\"potentialAction\":[{\"@type\":\"ReadAction\",\"target\":[\"https:\/\/kunmedierne.dk\/thy\/velfaerdssang-paa-vevoskolen-er-en-loeftestang-til-sangglad-senior\/\"]}]},{\"@type\":\"ImageObject\",\"inLanguage\":\"da-DK\",\"@id\":\"https:\/\/kunmedierne.dk\/thy\/velfaerdssang-paa-vevoskolen-er-en-loeftestang-til-sangglad-senior\/#primaryimage\",\"url\":\"https:\/\/kunmedierne.dk\/thy\/wp-content\/uploads\/sites\/2\/2026\/04\/Unavngivet-1232-x-802-px-2026-04-29T165648.951.jpg\",\"contentUrl\":\"https:\/\/kunmedierne.dk\/thy\/wp-content\/uploads\/sites\/2\/2026\/04\/Unavngivet-1232-x-802-px-2026-04-29T165648.951.jpg\",\"width\":1232,\"height\":802},{\"@type\":\"BreadcrumbList\",\"@id\":\"https:\/\/kunmedierne.dk\/thy\/velfaerdssang-paa-vevoskolen-er-en-loeftestang-til-sangglad-senior\/#breadcrumb\",\"itemListElement\":[{\"@type\":\"ListItem\",\"position\":1,\"name\":\"Home\",\"item\":\"https:\/\/kunmedierne.dk\/thy\/\"},{\"@type\":\"ListItem\",\"position\":2,\"name\":\"Velf\u00e6rdssang p\u00e5 Vevoskolen er en l\u00f8ftestang til Sangglad Senior\"}]},{\"@type\":\"WebSite\",\"@id\":\"https:\/\/kunmedierne.dk\/thy\/#website\",\"url\":\"https:\/\/kunmedierne.dk\/thy\/\",\"name\":\"Thy\",\"description\":\"et netmedie med journalistik om livet i Thy\",\"publisher\":{\"@id\":\"https:\/\/kunmedierne.dk\/thy\/#organization\"},\"potentialAction\":[{\"@type\":\"SearchAction\",\"target\":{\"@type\":\"EntryPoint\",\"urlTemplate\":\"https:\/\/kunmedierne.dk\/thy\/?s={search_term_string}\"},\"query-input\":{\"@type\":\"PropertyValueSpecification\",\"valueRequired\":true,\"valueName\":\"search_term_string\"}}],\"inLanguage\":\"da-DK\"},{\"@type\":\"Organization\",\"@id\":\"https:\/\/kunmedierne.dk\/thy\/#organization\",\"name\":\"Thy\",\"url\":\"https:\/\/kunmedierne.dk\/thy\/\",\"logo\":{\"@type\":\"ImageObject\",\"inLanguage\":\"da-DK\",\"@id\":\"https:\/\/kunmedierne.dk\/thy\/#\/schema\/logo\/image\/\",\"url\":\"https:\/\/kunmedierne.dk\/thy\/wp-content\/uploads\/sites\/2\/2025\/04\/kunthy-logo.svg\",\"contentUrl\":\"https:\/\/kunmedierne.dk\/thy\/wp-content\/uploads\/sites\/2\/2025\/04\/kunthy-logo.svg\",\"caption\":\"Thy\"},\"image\":{\"@id\":\"https:\/\/kunmedierne.dk\/thy\/#\/schema\/logo\/image\/\"}},{\"@type\":\"Person\",\"@id\":\"https:\/\/kunmedierne.dk\/thy\/#\/schema\/person\/d266634ba6550d075ecf540d63b245d2\",\"name\":\"Lone L\u00e6rke Krog\",\"image\":{\"@type\":\"ImageObject\",\"inLanguage\":\"da-DK\",\"@id\":\"https:\/\/kunmedierne.dk\/thy\/#\/schema\/person\/image\/\",\"url\":\"https:\/\/secure.gravatar.com\/avatar\/496ddc7080e56b4ac64cfd4e56bd6d1ee396fa3db1923aa22f11346f60bb135b?s=96&d=mm&r=g\",\"contentUrl\":\"https:\/\/secure.gravatar.com\/avatar\/496ddc7080e56b4ac64cfd4e56bd6d1ee396fa3db1923aa22f11346f60bb135b?s=96&d=mm&r=g\",\"caption\":\"Lone L\u00e6rke Krog\"},\"url\":\"https:\/\/kunmedierne.dk\/thy\/author\/llk\/\"}]}<\/script>\n<!-- \/ Yoast SEO plugin. -->","yoast_head_json":{"title":"Velf\u00e6rdssang p\u00e5 Vevoskolen er en l\u00f8ftestang til Sangglad Senior - Thy","robots":{"index":"index","follow":"follow","max-snippet":"max-snippet:-1","max-image-preview":"max-image-preview:large","max-video-preview":"max-video-preview:-1"},"canonical":"https:\/\/kunmedierne.dk\/thy\/velfaerdssang-paa-vevoskolen-er-en-loeftestang-til-sangglad-senior\/","og_locale":"da_DK","og_type":"article","og_title":"Velf\u00e6rdssang p\u00e5 Vevoskolen er en l\u00f8ftestang til Sangglad Senior - Thy","og_description":"THISTED: &#8211; Forl\u00f8bet har haft stor v\u00e6rdi for dem, der har v\u00e6ret med. Jeg oplever, der er kommet en anden stemning mellem eleverne. Og det er fedt at se, hvordan de slipper t\u00f8jlerne efterh\u00e5nden. Underviser Merete Toft, Vevoskolen, er ikke i tvivl, da hun skal give karakter til projekt Velf\u00e6rdssang, der netop er afsluttet. To [&hellip;]","og_url":"https:\/\/kunmedierne.dk\/thy\/velfaerdssang-paa-vevoskolen-er-en-loeftestang-til-sangglad-senior\/","og_site_name":"Thy","article_published_time":"2026-05-01T17:57:55+00:00","og_image":[{"url":"https:\/\/kunmedierne.dk\/thy\/wp-content\/uploads\/sites\/2\/2026\/04\/Unavngivet-1232-x-802-px-2026-04-29T165648.951.jpg","type":"","width":"","height":""}],"author":"Lone L\u00e6rke Krog","twitter_card":"summary_large_image","twitter_misc":{"Skrevet af":"Lone L\u00e6rke Krog","Estimeret l\u00e6setid":"5 minutter"},"schema":{"@context":"https:\/\/schema.org","@graph":[{"@type":"Article","@id":"https:\/\/kunmedierne.dk\/thy\/velfaerdssang-paa-vevoskolen-er-en-loeftestang-til-sangglad-senior\/#article","isPartOf":{"@id":"https:\/\/kunmedierne.dk\/thy\/velfaerdssang-paa-vevoskolen-er-en-loeftestang-til-sangglad-senior\/"},"author":{"name":"Lone L\u00e6rke Krog","@id":"https:\/\/kunmedierne.dk\/thy\/#\/schema\/person\/d266634ba6550d075ecf540d63b245d2"},"headline":"Velf\u00e6rdssang p\u00e5 Vevoskolen er en l\u00f8ftestang til Sangglad Senior","datePublished":"2026-05-01T17:57:55+00:00","mainEntityOfPage":{"@id":"https:\/\/kunmedierne.dk\/thy\/velfaerdssang-paa-vevoskolen-er-en-loeftestang-til-sangglad-senior\/"},"wordCount":1044,"publisher":{"@id":"https:\/\/kunmedierne.dk\/thy\/#organization"},"image":{"@id":"https:\/\/kunmedierne.dk\/thy\/velfaerdssang-paa-vevoskolen-er-en-loeftestang-til-sangglad-senior\/#primaryimage"},"thumbnailUrl":"https:\/\/kunmedierne.dk\/thy\/wp-content\/uploads\/sites\/2\/2026\/04\/Unavngivet-1232-x-802-px-2026-04-29T165648.951.jpg","keywords":["\u00e6ldrepleje","Sundhed","Uddannelse"],"articleSection":["Lokalt"],"inLanguage":"da-DK"},{"@type":"WebPage","@id":"https:\/\/kunmedierne.dk\/thy\/velfaerdssang-paa-vevoskolen-er-en-loeftestang-til-sangglad-senior\/","url":"https:\/\/kunmedierne.dk\/thy\/velfaerdssang-paa-vevoskolen-er-en-loeftestang-til-sangglad-senior\/","name":"Velf\u00e6rdssang p\u00e5 Vevoskolen er en l\u00f8ftestang til Sangglad Senior - Thy","isPartOf":{"@id":"https:\/\/kunmedierne.dk\/thy\/#website"},"primaryImageOfPage":{"@id":"https:\/\/kunmedierne.dk\/thy\/velfaerdssang-paa-vevoskolen-er-en-loeftestang-til-sangglad-senior\/#primaryimage"},"image":{"@id":"https:\/\/kunmedierne.dk\/thy\/velfaerdssang-paa-vevoskolen-er-en-loeftestang-til-sangglad-senior\/#primaryimage"},"thumbnailUrl":"https:\/\/kunmedierne.dk\/thy\/wp-content\/uploads\/sites\/2\/2026\/04\/Unavngivet-1232-x-802-px-2026-04-29T165648.951.jpg","datePublished":"2026-05-01T17:57:55+00:00","breadcrumb":{"@id":"https:\/\/kunmedierne.dk\/thy\/velfaerdssang-paa-vevoskolen-er-en-loeftestang-til-sangglad-senior\/#breadcrumb"},"inLanguage":"da-DK","potentialAction":[{"@type":"ReadAction","target":["https:\/\/kunmedierne.dk\/thy\/velfaerdssang-paa-vevoskolen-er-en-loeftestang-til-sangglad-senior\/"]}]},{"@type":"ImageObject","inLanguage":"da-DK","@id":"https:\/\/kunmedierne.dk\/thy\/velfaerdssang-paa-vevoskolen-er-en-loeftestang-til-sangglad-senior\/#primaryimage","url":"https:\/\/kunmedierne.dk\/thy\/wp-content\/uploads\/sites\/2\/2026\/04\/Unavngivet-1232-x-802-px-2026-04-29T165648.951.jpg","contentUrl":"https:\/\/kunmedierne.dk\/thy\/wp-content\/uploads\/sites\/2\/2026\/04\/Unavngivet-1232-x-802-px-2026-04-29T165648.951.jpg","width":1232,"height":802},{"@type":"BreadcrumbList","@id":"https:\/\/kunmedierne.dk\/thy\/velfaerdssang-paa-vevoskolen-er-en-loeftestang-til-sangglad-senior\/#breadcrumb","itemListElement":[{"@type":"ListItem","position":1,"name":"Home","item":"https:\/\/kunmedierne.dk\/thy\/"},{"@type":"ListItem","position":2,"name":"Velf\u00e6rdssang p\u00e5 Vevoskolen er en l\u00f8ftestang til Sangglad Senior"}]},{"@type":"WebSite","@id":"https:\/\/kunmedierne.dk\/thy\/#website","url":"https:\/\/kunmedierne.dk\/thy\/","name":"Thy","description":"et netmedie med journalistik om livet i Thy","publisher":{"@id":"https:\/\/kunmedierne.dk\/thy\/#organization"},"potentialAction":[{"@type":"SearchAction","target":{"@type":"EntryPoint","urlTemplate":"https:\/\/kunmedierne.dk\/thy\/?s={search_term_string}"},"query-input":{"@type":"PropertyValueSpecification","valueRequired":true,"valueName":"search_term_string"}}],"inLanguage":"da-DK"},{"@type":"Organization","@id":"https:\/\/kunmedierne.dk\/thy\/#organization","name":"Thy","url":"https:\/\/kunmedierne.dk\/thy\/","logo":{"@type":"ImageObject","inLanguage":"da-DK","@id":"https:\/\/kunmedierne.dk\/thy\/#\/schema\/logo\/image\/","url":"https:\/\/kunmedierne.dk\/thy\/wp-content\/uploads\/sites\/2\/2025\/04\/kunthy-logo.svg","contentUrl":"https:\/\/kunmedierne.dk\/thy\/wp-content\/uploads\/sites\/2\/2025\/04\/kunthy-logo.svg","caption":"Thy"},"image":{"@id":"https:\/\/kunmedierne.dk\/thy\/#\/schema\/logo\/image\/"}},{"@type":"Person","@id":"https:\/\/kunmedierne.dk\/thy\/#\/schema\/person\/d266634ba6550d075ecf540d63b245d2","name":"Lone L\u00e6rke Krog","image":{"@type":"ImageObject","inLanguage":"da-DK","@id":"https:\/\/kunmedierne.dk\/thy\/#\/schema\/person\/image\/","url":"https:\/\/secure.gravatar.com\/avatar\/496ddc7080e56b4ac64cfd4e56bd6d1ee396fa3db1923aa22f11346f60bb135b?s=96&d=mm&r=g","contentUrl":"https:\/\/secure.gravatar.com\/avatar\/496ddc7080e56b4ac64cfd4e56bd6d1ee396fa3db1923aa22f11346f60bb135b?s=96&d=mm&r=g","caption":"Lone L\u00e6rke Krog"},"url":"https:\/\/kunmedierne.dk\/thy\/author\/llk\/"}]}},"_links":{"self":[{"href":"https:\/\/kunmedierne.dk\/thy\/wp-json\/wp\/v2\/posts\/21371","targetHints":{"allow":["GET"]}}],"collection":[{"href":"https:\/\/kunmedierne.dk\/thy\/wp-json\/wp\/v2\/posts"}],"about":[{"href":"https:\/\/kunmedierne.dk\/thy\/wp-json\/wp\/v2\/types\/post"}],"author":[{"embeddable":true,"href":"https:\/\/kunmedierne.dk\/thy\/wp-json\/wp\/v2\/users\/1925"}],"replies":[{"embeddable":true,"href":"https:\/\/kunmedierne.dk\/thy\/wp-json\/wp\/v2\/comments?post=21371"}],"version-history":[{"count":14,"href":"https:\/\/kunmedierne.dk\/thy\/wp-json\/wp\/v2\/posts\/21371\/revisions"}],"predecessor-version":[{"id":21400,"href":"https:\/\/kunmedierne.dk\/thy\/wp-json\/wp\/v2\/posts\/21371\/revisions\/21400"}],"wp:attachment":[{"href":"https:\/\/kunmedierne.dk\/thy\/wp-json\/wp\/v2\/media?parent=21371"}],"wp:term":[{"taxonomy":"category","embeddable":true,"href":"https:\/\/kunmedierne.dk\/thy\/wp-json\/wp\/v2\/categories?post=21371"},{"taxonomy":"post_tag","embeddable":true,"href":"https:\/\/kunmedierne.dk\/thy\/wp-json\/wp\/v2\/tags?post=21371"}],"curies":[{"name":"wp","href":"https:\/\/api.w.org\/{rel}","templated":true}]}}