{"id":21365,"date":"2026-04-30T09:30:15","date_gmt":"2026-04-30T07:30:15","guid":{"rendered":"https:\/\/kunmedierne.dk\/thy\/?p=21365"},"modified":"2026-04-29T14:33:12","modified_gmt":"2026-04-29T12:33:12","slug":"vilde-oplevelser-i-thisteds-midtby","status":"publish","type":"post","link":"https:\/\/kunmedierne.dk\/thy\/vilde-oplevelser-i-thisteds-midtby\/","title":{"rendered":"Vilde oplevelser i Thisteds midtby"},"content":{"rendered":"<p><strong>THISTED:<\/strong> &#8211;\u00a0Vi afholder Byens Natur Dag p\u00e5 J.P. Jacobsens Plads fra kl. 12.00 &#8211; 17.00, og dagen byder p\u00e5 masser af aktiviteter, som skal skabe liv i byen og tr\u00e6kke familier ned i centrum.<\/p>\n<p>Det skriver Camilla Svane fra Handels- og Industriforeningen Thisted By i en pressemeddelelse.<\/p>\n<a class=\"dvrt-link\" onClick=\"cdmtrack_click(687,jQuery(this));return false\" href=\"https:\/\/konpap.dk\/?gad_source=1&gclid=Cj0KCQjwtJ6_BhDWARIsAGanmKfOBLC3RBm6obWL5sEb-mp4bsp5QjqWW4j4nx22y0YT2iMiXJcv3MoaApR_EALw_wcB\"><img decoding=\"async\" style=\"width:100%;\" src=\"https:\/\/kunmedierne.dk\/thy\/wp-content\/uploads\/sites\/2\/2025\/03\/redoffice.jpg\"><\/a><script>cdmtrack_view(687);<\/script>\n<p>Hun fort\u00e6ller endvidere om dagens mere vilde oplevelser, hvor b\u00f8rn og voksne kan:<\/p>\n<ul>\n<li>Smage p\u00e5 levende melorme, zephobas-orme og chokoladekakerlakker<\/li>\n<li>Holde slanger fra hele verden<\/li>\n<li>Opleve en alligatorskildpadde demonstrere sit kraftige bid<\/li>\n<li>Se og komme t\u00e6t p\u00e5 en stor kejserboa<\/li>\n<\/ul>\n<a class=\"dvrt-link\" onClick=\"cdmtrack_click(1130,jQuery(this));return false\" href=\"https:\/\/www.thistedforsikring.dk\/?utm_source=partnerskaber&amp;utm_campaign=kun_thy\"><img decoding=\"async\" style=\"width:100%;\" src=\"https:\/\/kunmedierne.dk\/thy\/wp-content\/uploads\/sites\/2\/2025\/04\/260409KunThyThisted-For-1.png\"><\/a><script>cdmtrack_view(1130);<\/script>\n<p>Derudover bliver der naturaktiviteter, byg-selv insekthoteller, pandekager over b\u00e5l og konkurrencer for hele familien.<\/p>\n<p>&nbsp;<\/p>\n<div id=\"attachment_21369\" style=\"width: 1242px\" class=\"wp-caption alignnone\"><img loading=\"lazy\" decoding=\"async\" aria-describedby=\"caption-attachment-21369\" class=\"wp-image-21369 size-full\" src=\"https:\/\/kunmedierne.dk\/thy\/wp-content\/uploads\/sites\/2\/2026\/04\/Unavngivet-1232-x-802-px-15.png\" alt=\"\" width=\"1232\" height=\"802\" srcset=\"https:\/\/kunmedierne.dk\/thy\/wp-content\/uploads\/sites\/2\/2026\/04\/Unavngivet-1232-x-802-px-15.png 1232w, https:\/\/kunmedierne.dk\/thy\/wp-content\/uploads\/sites\/2\/2026\/04\/Unavngivet-1232-x-802-px-15-300x195.png 300w, https:\/\/kunmedierne.dk\/thy\/wp-content\/uploads\/sites\/2\/2026\/04\/Unavngivet-1232-x-802-px-15-1024x667.png 1024w, https:\/\/kunmedierne.dk\/thy\/wp-content\/uploads\/sites\/2\/2026\/04\/Unavngivet-1232-x-802-px-15-510x332.png 510w\" sizes=\"auto, (max-width: 1232px) 100vw, 1232px\" \/><p id=\"caption-attachment-21369\" class=\"wp-caption-text\">Thisted Bys program for naturdagen.<\/p><\/div>\n<p>&nbsp;<\/p>\n","protected":false},"excerpt":{"rendered":"<p>THISTED: &#8211;\u00a0Vi afholder Byens Natur Dag p\u00e5 J.P. Jacobsens Plads fra kl. 12.00 &#8211; 17.00, og dagen byder p\u00e5 masser af aktiviteter, som skal skabe liv i byen og tr\u00e6kke familier ned i centrum. Det skriver Camilla Svane fra Handels- og Industriforeningen Thisted By i en pressemeddelelse. Hun fort\u00e6ller endvidere om dagens mere vilde oplevelser, [&hellip;]<\/p>\n","protected":false},"author":1925,"featured_media":0,"comment_status":"closed","ping_status":"closed","sticky":false,"template":"","format":"standard","meta":{"_acf_changed":false,"footnotes":""},"categories":[24],"tags":[67,76],"class_list":["post-21365","post","type-post","status-publish","format-standard","hentry","category-lokalt","tag-fritidstilbud","tag-handel"],"acf":[],"yoast_head":"<!-- This site is optimized with the Yoast SEO plugin v26.8 - https:\/\/yoast.com\/product\/yoast-seo-wordpress\/ -->\n<title>Vilde oplevelser i Thisteds midtby - Thy<\/title>\n<meta name=\"robots\" content=\"index, follow, max-snippet:-1, max-image-preview:large, max-video-preview:-1\" \/>\n<link rel=\"canonical\" href=\"https:\/\/kunmedierne.dk\/thy\/vilde-oplevelser-i-thisteds-midtby\/\" \/>\n<meta property=\"og:locale\" content=\"da_DK\" \/>\n<meta property=\"og:type\" content=\"article\" \/>\n<meta property=\"og:title\" content=\"Vilde oplevelser i Thisteds midtby - Thy\" \/>\n<meta property=\"og:description\" content=\"THISTED: &#8211;\u00a0Vi afholder Byens Natur Dag p\u00e5 J.P. Jacobsens Plads fra kl. 12.00 &#8211; 17.00, og dagen byder p\u00e5 masser af aktiviteter, som skal skabe liv i byen og tr\u00e6kke familier ned i centrum. Det skriver Camilla Svane fra Handels- og Industriforeningen Thisted By i en pressemeddelelse. Hun fort\u00e6ller endvidere om dagens mere vilde oplevelser, [&hellip;]\" \/>\n<meta property=\"og:url\" content=\"https:\/\/kunmedierne.dk\/thy\/vilde-oplevelser-i-thisteds-midtby\/\" \/>\n<meta property=\"og:site_name\" content=\"Thy\" \/>\n<meta property=\"article:published_time\" content=\"2026-04-30T07:30:15+00:00\" \/>\n<meta property=\"og:image\" content=\"https:\/\/kunmedierne.dk\/thy\/wp-content\/uploads\/sites\/2\/2026\/04\/Unavngivet-1232-x-802-px-15.png\" \/>\n<meta name=\"author\" content=\"Lone L\u00e6rke Krog\" \/>\n<meta name=\"twitter:card\" content=\"summary_large_image\" \/>\n<meta name=\"twitter:label1\" content=\"Skrevet af\" \/>\n\t<meta name=\"twitter:data1\" content=\"Lone L\u00e6rke Krog\" \/>\n\t<meta name=\"twitter:label2\" content=\"Estimeret l\u00e6setid\" \/>\n\t<meta name=\"twitter:data2\" content=\"1 minut\" \/>\n<script type=\"application\/ld+json\" class=\"yoast-schema-graph\">{\"@context\":\"https:\/\/schema.org\",\"@graph\":[{\"@type\":\"Article\",\"@id\":\"https:\/\/kunmedierne.dk\/thy\/vilde-oplevelser-i-thisteds-midtby\/#article\",\"isPartOf\":{\"@id\":\"https:\/\/kunmedierne.dk\/thy\/vilde-oplevelser-i-thisteds-midtby\/\"},\"author\":{\"name\":\"Lone L\u00e6rke Krog\",\"@id\":\"https:\/\/kunmedierne.dk\/thy\/#\/schema\/person\/d266634ba6550d075ecf540d63b245d2\"},\"headline\":\"Vilde oplevelser i Thisteds midtby\",\"datePublished\":\"2026-04-30T07:30:15+00:00\",\"mainEntityOfPage\":{\"@id\":\"https:\/\/kunmedierne.dk\/thy\/vilde-oplevelser-i-thisteds-midtby\/\"},\"wordCount\":129,\"publisher\":{\"@id\":\"https:\/\/kunmedierne.dk\/thy\/#organization\"},\"image\":{\"@id\":\"https:\/\/kunmedierne.dk\/thy\/vilde-oplevelser-i-thisteds-midtby\/#primaryimage\"},\"thumbnailUrl\":\"https:\/\/kunmedierne.dk\/thy\/wp-content\/uploads\/sites\/2\/2026\/04\/Unavngivet-1232-x-802-px-15.png\",\"keywords\":[\"Fritidstilbud\",\"Handel\"],\"articleSection\":[\"Lokalt\"],\"inLanguage\":\"da-DK\"},{\"@type\":\"WebPage\",\"@id\":\"https:\/\/kunmedierne.dk\/thy\/vilde-oplevelser-i-thisteds-midtby\/\",\"url\":\"https:\/\/kunmedierne.dk\/thy\/vilde-oplevelser-i-thisteds-midtby\/\",\"name\":\"Vilde oplevelser i Thisteds midtby - Thy\",\"isPartOf\":{\"@id\":\"https:\/\/kunmedierne.dk\/thy\/#website\"},\"primaryImageOfPage\":{\"@id\":\"https:\/\/kunmedierne.dk\/thy\/vilde-oplevelser-i-thisteds-midtby\/#primaryimage\"},\"image\":{\"@id\":\"https:\/\/kunmedierne.dk\/thy\/vilde-oplevelser-i-thisteds-midtby\/#primaryimage\"},\"thumbnailUrl\":\"https:\/\/kunmedierne.dk\/thy\/wp-content\/uploads\/sites\/2\/2026\/04\/Unavngivet-1232-x-802-px-15.png\",\"datePublished\":\"2026-04-30T07:30:15+00:00\",\"breadcrumb\":{\"@id\":\"https:\/\/kunmedierne.dk\/thy\/vilde-oplevelser-i-thisteds-midtby\/#breadcrumb\"},\"inLanguage\":\"da-DK\",\"potentialAction\":[{\"@type\":\"ReadAction\",\"target\":[\"https:\/\/kunmedierne.dk\/thy\/vilde-oplevelser-i-thisteds-midtby\/\"]}]},{\"@type\":\"ImageObject\",\"inLanguage\":\"da-DK\",\"@id\":\"https:\/\/kunmedierne.dk\/thy\/vilde-oplevelser-i-thisteds-midtby\/#primaryimage\",\"url\":\"https:\/\/kunmedierne.dk\/thy\/wp-content\/uploads\/sites\/2\/2026\/04\/Unavngivet-1232-x-802-px-15.png\",\"contentUrl\":\"https:\/\/kunmedierne.dk\/thy\/wp-content\/uploads\/sites\/2\/2026\/04\/Unavngivet-1232-x-802-px-15.png\",\"width\":1232,\"height\":802},{\"@type\":\"BreadcrumbList\",\"@id\":\"https:\/\/kunmedierne.dk\/thy\/vilde-oplevelser-i-thisteds-midtby\/#breadcrumb\",\"itemListElement\":[{\"@type\":\"ListItem\",\"position\":1,\"name\":\"Home\",\"item\":\"https:\/\/kunmedierne.dk\/thy\/\"},{\"@type\":\"ListItem\",\"position\":2,\"name\":\"Vilde oplevelser i Thisteds midtby\"}]},{\"@type\":\"WebSite\",\"@id\":\"https:\/\/kunmedierne.dk\/thy\/#website\",\"url\":\"https:\/\/kunmedierne.dk\/thy\/\",\"name\":\"Thy\",\"description\":\"et netmedie med journalistik om livet i Thy\",\"publisher\":{\"@id\":\"https:\/\/kunmedierne.dk\/thy\/#organization\"},\"potentialAction\":[{\"@type\":\"SearchAction\",\"target\":{\"@type\":\"EntryPoint\",\"urlTemplate\":\"https:\/\/kunmedierne.dk\/thy\/?s={search_term_string}\"},\"query-input\":{\"@type\":\"PropertyValueSpecification\",\"valueRequired\":true,\"valueName\":\"search_term_string\"}}],\"inLanguage\":\"da-DK\"},{\"@type\":\"Organization\",\"@id\":\"https:\/\/kunmedierne.dk\/thy\/#organization\",\"name\":\"Thy\",\"url\":\"https:\/\/kunmedierne.dk\/thy\/\",\"logo\":{\"@type\":\"ImageObject\",\"inLanguage\":\"da-DK\",\"@id\":\"https:\/\/kunmedierne.dk\/thy\/#\/schema\/logo\/image\/\",\"url\":\"https:\/\/kunmedierne.dk\/thy\/wp-content\/uploads\/sites\/2\/2025\/04\/kunthy-logo.svg\",\"contentUrl\":\"https:\/\/kunmedierne.dk\/thy\/wp-content\/uploads\/sites\/2\/2025\/04\/kunthy-logo.svg\",\"caption\":\"Thy\"},\"image\":{\"@id\":\"https:\/\/kunmedierne.dk\/thy\/#\/schema\/logo\/image\/\"}},{\"@type\":\"Person\",\"@id\":\"https:\/\/kunmedierne.dk\/thy\/#\/schema\/person\/d266634ba6550d075ecf540d63b245d2\",\"name\":\"Lone L\u00e6rke Krog\",\"image\":{\"@type\":\"ImageObject\",\"inLanguage\":\"da-DK\",\"@id\":\"https:\/\/kunmedierne.dk\/thy\/#\/schema\/person\/image\/\",\"url\":\"https:\/\/secure.gravatar.com\/avatar\/496ddc7080e56b4ac64cfd4e56bd6d1ee396fa3db1923aa22f11346f60bb135b?s=96&d=mm&r=g\",\"contentUrl\":\"https:\/\/secure.gravatar.com\/avatar\/496ddc7080e56b4ac64cfd4e56bd6d1ee396fa3db1923aa22f11346f60bb135b?s=96&d=mm&r=g\",\"caption\":\"Lone L\u00e6rke Krog\"},\"url\":\"https:\/\/kunmedierne.dk\/thy\/author\/llk\/\"}]}<\/script>\n<!-- \/ Yoast SEO plugin. -->","yoast_head_json":{"title":"Vilde oplevelser i Thisteds midtby - Thy","robots":{"index":"index","follow":"follow","max-snippet":"max-snippet:-1","max-image-preview":"max-image-preview:large","max-video-preview":"max-video-preview:-1"},"canonical":"https:\/\/kunmedierne.dk\/thy\/vilde-oplevelser-i-thisteds-midtby\/","og_locale":"da_DK","og_type":"article","og_title":"Vilde oplevelser i Thisteds midtby - Thy","og_description":"THISTED: &#8211;\u00a0Vi afholder Byens Natur Dag p\u00e5 J.P. Jacobsens Plads fra kl. 12.00 &#8211; 17.00, og dagen byder p\u00e5 masser af aktiviteter, som skal skabe liv i byen og tr\u00e6kke familier ned i centrum. Det skriver Camilla Svane fra Handels- og Industriforeningen Thisted By i en pressemeddelelse. Hun fort\u00e6ller endvidere om dagens mere vilde oplevelser, [&hellip;]","og_url":"https:\/\/kunmedierne.dk\/thy\/vilde-oplevelser-i-thisteds-midtby\/","og_site_name":"Thy","article_published_time":"2026-04-30T07:30:15+00:00","og_image":[{"url":"https:\/\/kunmedierne.dk\/thy\/wp-content\/uploads\/sites\/2\/2026\/04\/Unavngivet-1232-x-802-px-15.png","type":"","width":"","height":""}],"author":"Lone L\u00e6rke Krog","twitter_card":"summary_large_image","twitter_misc":{"Skrevet af":"Lone L\u00e6rke Krog","Estimeret l\u00e6setid":"1 minut"},"schema":{"@context":"https:\/\/schema.org","@graph":[{"@type":"Article","@id":"https:\/\/kunmedierne.dk\/thy\/vilde-oplevelser-i-thisteds-midtby\/#article","isPartOf":{"@id":"https:\/\/kunmedierne.dk\/thy\/vilde-oplevelser-i-thisteds-midtby\/"},"author":{"name":"Lone L\u00e6rke Krog","@id":"https:\/\/kunmedierne.dk\/thy\/#\/schema\/person\/d266634ba6550d075ecf540d63b245d2"},"headline":"Vilde oplevelser i Thisteds midtby","datePublished":"2026-04-30T07:30:15+00:00","mainEntityOfPage":{"@id":"https:\/\/kunmedierne.dk\/thy\/vilde-oplevelser-i-thisteds-midtby\/"},"wordCount":129,"publisher":{"@id":"https:\/\/kunmedierne.dk\/thy\/#organization"},"image":{"@id":"https:\/\/kunmedierne.dk\/thy\/vilde-oplevelser-i-thisteds-midtby\/#primaryimage"},"thumbnailUrl":"https:\/\/kunmedierne.dk\/thy\/wp-content\/uploads\/sites\/2\/2026\/04\/Unavngivet-1232-x-802-px-15.png","keywords":["Fritidstilbud","Handel"],"articleSection":["Lokalt"],"inLanguage":"da-DK"},{"@type":"WebPage","@id":"https:\/\/kunmedierne.dk\/thy\/vilde-oplevelser-i-thisteds-midtby\/","url":"https:\/\/kunmedierne.dk\/thy\/vilde-oplevelser-i-thisteds-midtby\/","name":"Vilde oplevelser i Thisteds midtby - Thy","isPartOf":{"@id":"https:\/\/kunmedierne.dk\/thy\/#website"},"primaryImageOfPage":{"@id":"https:\/\/kunmedierne.dk\/thy\/vilde-oplevelser-i-thisteds-midtby\/#primaryimage"},"image":{"@id":"https:\/\/kunmedierne.dk\/thy\/vilde-oplevelser-i-thisteds-midtby\/#primaryimage"},"thumbnailUrl":"https:\/\/kunmedierne.dk\/thy\/wp-content\/uploads\/sites\/2\/2026\/04\/Unavngivet-1232-x-802-px-15.png","datePublished":"2026-04-30T07:30:15+00:00","breadcrumb":{"@id":"https:\/\/kunmedierne.dk\/thy\/vilde-oplevelser-i-thisteds-midtby\/#breadcrumb"},"inLanguage":"da-DK","potentialAction":[{"@type":"ReadAction","target":["https:\/\/kunmedierne.dk\/thy\/vilde-oplevelser-i-thisteds-midtby\/"]}]},{"@type":"ImageObject","inLanguage":"da-DK","@id":"https:\/\/kunmedierne.dk\/thy\/vilde-oplevelser-i-thisteds-midtby\/#primaryimage","url":"https:\/\/kunmedierne.dk\/thy\/wp-content\/uploads\/sites\/2\/2026\/04\/Unavngivet-1232-x-802-px-15.png","contentUrl":"https:\/\/kunmedierne.dk\/thy\/wp-content\/uploads\/sites\/2\/2026\/04\/Unavngivet-1232-x-802-px-15.png","width":1232,"height":802},{"@type":"BreadcrumbList","@id":"https:\/\/kunmedierne.dk\/thy\/vilde-oplevelser-i-thisteds-midtby\/#breadcrumb","itemListElement":[{"@type":"ListItem","position":1,"name":"Home","item":"https:\/\/kunmedierne.dk\/thy\/"},{"@type":"ListItem","position":2,"name":"Vilde oplevelser i Thisteds midtby"}]},{"@type":"WebSite","@id":"https:\/\/kunmedierne.dk\/thy\/#website","url":"https:\/\/kunmedierne.dk\/thy\/","name":"Thy","description":"et netmedie med journalistik om livet i Thy","publisher":{"@id":"https:\/\/kunmedierne.dk\/thy\/#organization"},"potentialAction":[{"@type":"SearchAction","target":{"@type":"EntryPoint","urlTemplate":"https:\/\/kunmedierne.dk\/thy\/?s={search_term_string}"},"query-input":{"@type":"PropertyValueSpecification","valueRequired":true,"valueName":"search_term_string"}}],"inLanguage":"da-DK"},{"@type":"Organization","@id":"https:\/\/kunmedierne.dk\/thy\/#organization","name":"Thy","url":"https:\/\/kunmedierne.dk\/thy\/","logo":{"@type":"ImageObject","inLanguage":"da-DK","@id":"https:\/\/kunmedierne.dk\/thy\/#\/schema\/logo\/image\/","url":"https:\/\/kunmedierne.dk\/thy\/wp-content\/uploads\/sites\/2\/2025\/04\/kunthy-logo.svg","contentUrl":"https:\/\/kunmedierne.dk\/thy\/wp-content\/uploads\/sites\/2\/2025\/04\/kunthy-logo.svg","caption":"Thy"},"image":{"@id":"https:\/\/kunmedierne.dk\/thy\/#\/schema\/logo\/image\/"}},{"@type":"Person","@id":"https:\/\/kunmedierne.dk\/thy\/#\/schema\/person\/d266634ba6550d075ecf540d63b245d2","name":"Lone L\u00e6rke Krog","image":{"@type":"ImageObject","inLanguage":"da-DK","@id":"https:\/\/kunmedierne.dk\/thy\/#\/schema\/person\/image\/","url":"https:\/\/secure.gravatar.com\/avatar\/496ddc7080e56b4ac64cfd4e56bd6d1ee396fa3db1923aa22f11346f60bb135b?s=96&d=mm&r=g","contentUrl":"https:\/\/secure.gravatar.com\/avatar\/496ddc7080e56b4ac64cfd4e56bd6d1ee396fa3db1923aa22f11346f60bb135b?s=96&d=mm&r=g","caption":"Lone L\u00e6rke Krog"},"url":"https:\/\/kunmedierne.dk\/thy\/author\/llk\/"}]}},"_links":{"self":[{"href":"https:\/\/kunmedierne.dk\/thy\/wp-json\/wp\/v2\/posts\/21365","targetHints":{"allow":["GET"]}}],"collection":[{"href":"https:\/\/kunmedierne.dk\/thy\/wp-json\/wp\/v2\/posts"}],"about":[{"href":"https:\/\/kunmedierne.dk\/thy\/wp-json\/wp\/v2\/types\/post"}],"author":[{"embeddable":true,"href":"https:\/\/kunmedierne.dk\/thy\/wp-json\/wp\/v2\/users\/1925"}],"replies":[{"embeddable":true,"href":"https:\/\/kunmedierne.dk\/thy\/wp-json\/wp\/v2\/comments?post=21365"}],"version-history":[{"count":1,"href":"https:\/\/kunmedierne.dk\/thy\/wp-json\/wp\/v2\/posts\/21365\/revisions"}],"predecessor-version":[{"id":21370,"href":"https:\/\/kunmedierne.dk\/thy\/wp-json\/wp\/v2\/posts\/21365\/revisions\/21370"}],"wp:attachment":[{"href":"https:\/\/kunmedierne.dk\/thy\/wp-json\/wp\/v2\/media?parent=21365"}],"wp:term":[{"taxonomy":"category","embeddable":true,"href":"https:\/\/kunmedierne.dk\/thy\/wp-json\/wp\/v2\/categories?post=21365"},{"taxonomy":"post_tag","embeddable":true,"href":"https:\/\/kunmedierne.dk\/thy\/wp-json\/wp\/v2\/tags?post=21365"}],"curies":[{"name":"wp","href":"https:\/\/api.w.org\/{rel}","templated":true}]}}