{"id":21353,"date":"2026-04-29T13:27:15","date_gmt":"2026-04-29T11:27:15","guid":{"rendered":"https:\/\/kunmedierne.dk\/thy\/?p=21353"},"modified":"2026-04-29T13:28:12","modified_gmt":"2026-04-29T11:28:12","slug":"sjaelden-moent-fundet-i-thy","status":"publish","type":"post","link":"https:\/\/kunmedierne.dk\/thy\/sjaelden-moent-fundet-i-thy\/","title":{"rendered":"Sj\u00e6lden m\u00f8nt fundet i Thy"},"content":{"rendered":"<p>THY: &#8211; Jeg fik et sug i maven, for m\u00f8nterne er meget sj\u00e6ldne, og de b\u00e6rer p\u00e5 en us\u00e6dvanlig, men ogs\u00e5 paradoksal historie. De blev jo skabt i et fors\u00f8g p\u00e5 at opn\u00e5 beskyttelse mod vikingerne, men ender i stedet som v\u00e6rdsatte smykker eller amuletter om halsen p\u00e5 vikingerne. Det er jo lidt tragikomisk.<\/p>\n<p>S\u00e5dan lyder det fra Gitte Tarnow Ingvardson, museumsinspekt\u00f8r ved Nationalmuseet &#8211; i en pressemeddelelse, der er sendt ud via Ritzau fra Nationalmuseet onsdag.<\/p>\n<p>To af de sj\u00e6ldne s\u00f8lvm\u00f8nter fundet af detektorf\u00f8rere i Danmark \u2013 en n\u00e6r L\u00f8gumkloster og en ved K\u00e5strup i Thy.<\/p>\n<a class=\"dvrt-link\" onClick=\"cdmtrack_click(687,jQuery(this));return false\" href=\"https:\/\/konpap.dk\/?gad_source=1&gclid=Cj0KCQjwtJ6_BhDWARIsAGanmKfOBLC3RBm6obWL5sEb-mp4bsp5QjqWW4j4nx22y0YT2iMiXJcv3MoaApR_EALw_wcB\"><img decoding=\"async\" style=\"width:100%;\" src=\"https:\/\/kunmedierne.dk\/thy\/wp-content\/uploads\/sites\/2\/2025\/03\/redoffice.jpg\"><\/a><script>cdmtrack_view(687);<\/script>\n<p>Deres historie daterer sig til Vikingetiden.<\/p>\n<p>Nationalmuseet skriver:<\/p>\n<p>Efter gentagne og langvarige invasioner af vikingeh\u00e6re fors\u00f8gte den engelske kong \u00c6thelred 2. i \u00e5r 1009 at mobilisere b\u00e5de rige og kirke i forsvaret mod angrebene. Udover en omfattende bod og faste fik kongen ogs\u00e5 pr\u00e6get en us\u00e6dvanlig m\u00f8nt med kristne motiver i h\u00e5b om at f\u00e5 guddommelig hj\u00e6lp mod vikingernes h\u00e6rgen.<\/p>\n<a class=\"dvrt-link\" onClick=\"cdmtrack_click(687,jQuery(this));return false\" href=\"https:\/\/konpap.dk\/?gad_source=1&gclid=Cj0KCQjwtJ6_BhDWARIsAGanmKfOBLC3RBm6obWL5sEb-mp4bsp5QjqWW4j4nx22y0YT2iMiXJcv3MoaApR_EALw_wcB\"><img decoding=\"async\" style=\"width:100%;\" src=\"https:\/\/kunmedierne.dk\/thy\/wp-content\/uploads\/sites\/2\/2025\/03\/redoffice.jpg\"><\/a><script>cdmtrack_view(687);<\/script>\n<p>Men m\u00f8nterne fik ikke den \u00f8nskede effekt. Tv\u00e6rtimod tyder det p\u00e5, at vikingerne fandt dem s\u00e6rligt attraktive og bar dem som smykker.<\/p>\n<p><strong>Dukker op i Skandinavien\u00a0<\/strong><\/p>\n<p>De s\u00e5kaldte\u00a0engelske\u00a0\u201dGuds lam\u201d m\u00f8nter er meget sj\u00e6ldne. I alt er der fundet knap 30 eksemplarer af m\u00f8nten\u00a0p\u00e5 verdensplan. Kun 4-5 stykker er fundet i England, resten er fundet i de Skandinaviske eller Baltiske lande. Her har langt de fleste haft\u00a0p\u00e5sat \u00f8skner, som tyder p\u00e5, at vikingerne har b\u00e5ret dem som smykke om halsen eller m\u00e5ske amuletter.<\/p>\n<div id=\"attachment_21361\" style=\"width: 1242px\" class=\"wp-caption alignnone\"><img loading=\"lazy\" decoding=\"async\" aria-describedby=\"caption-attachment-21361\" class=\"wp-image-21361 size-full\" src=\"https:\/\/kunmedierne.dk\/thy\/wp-content\/uploads\/sites\/2\/2026\/04\/Unavngivet-1232-x-802-px-2026-04-29T132049.041.jpg\" alt=\"\" width=\"1232\" height=\"802\" srcset=\"https:\/\/kunmedierne.dk\/thy\/wp-content\/uploads\/sites\/2\/2026\/04\/Unavngivet-1232-x-802-px-2026-04-29T132049.041.jpg 1232w, https:\/\/kunmedierne.dk\/thy\/wp-content\/uploads\/sites\/2\/2026\/04\/Unavngivet-1232-x-802-px-2026-04-29T132049.041-300x195.jpg 300w, https:\/\/kunmedierne.dk\/thy\/wp-content\/uploads\/sites\/2\/2026\/04\/Unavngivet-1232-x-802-px-2026-04-29T132049.041-1024x667.jpg 1024w, https:\/\/kunmedierne.dk\/thy\/wp-content\/uploads\/sites\/2\/2026\/04\/Unavngivet-1232-x-802-px-2026-04-29T132049.041-510x332.jpg 510w\" sizes=\"auto, (max-width: 1232px) 100vw, 1232px\" \/><p id=\"caption-attachment-21361\" class=\"wp-caption-text\">Guds lam-m\u00f8nten fra Thy. Foto: S\u00f8ren Greve, Nationalmuseet.<\/p><\/div>\n<p>M\u00f8nterne\u00a0skiller sig\u00a0markant ud fra samtidige engelske m\u00f8nter, der b\u00e6rer kongens portr\u00e6t og et kors p\u00e5 modsatte side.\u00a0Guds lam m\u00f8nterne er\u00a0derimod\u00a0p\u00e5\u00a0den ene side\u00a0pr\u00e6get af et lam,\u00a0der\u00a0gennembores\u00a0af et kors \u2013 et kristent symbol p\u00e5 Kristi offer.\u00a0Lammet st\u00e5r p\u00e5 en tavle med de gr\u00e6ske bogstaver alfa og omega, som symboliserer, at\u00a0Gud er begyndelsen og afslutningen p\u00e5 alt. P\u00e5 den anden side af m\u00f8nten ses den opadstigende hellig\u00e5ndsdue.<\/p>\n<p><strong>Inspirerer\u00a0danske m\u00f8nter\u00a0<\/strong><\/p>\n<p>Udm\u00f8ntningen var formentlig\u00a0begr\u00e6nset\u00a0og kortvarig, og man kan spekulere i, om den blev opgivet, fordi\u00a0den \u00f8nskede virkning udeblev. Vikingeangrebene fortsatte i hvert fald.<\/p>\n<p>Til geng\u00e6ld fik de mange engelske m\u00f8nter, som vikingerne ranede til sig under deres togter,\u00a0afg\u00f8rende betydning\u00a0for,\u00a0hvordan de\u00a0danske\u00a0vikingekonger organiserede m\u00f8ntv\u00e6senet i Danmark.<\/p>\n<a class=\"dvrt-link\" onClick=\"cdmtrack_click(687,jQuery(this));return false\" href=\"https:\/\/konpap.dk\/?gad_source=1&gclid=Cj0KCQjwtJ6_BhDWARIsAGanmKfOBLC3RBm6obWL5sEb-mp4bsp5QjqWW4j4nx22y0YT2iMiXJcv3MoaApR_EALw_wcB\"><img decoding=\"async\" style=\"width:100%;\" src=\"https:\/\/kunmedierne.dk\/thy\/wp-content\/uploads\/sites\/2\/2025\/03\/redoffice.jpg\"><\/a><script>cdmtrack_view(687);<\/script>\n<p>&#8211; Det danske m\u00f8ntv\u00e6sen er inspireret og baseret p\u00e5 det velordnede engelske m\u00f8ntsystem. Vikingerne opdagede hurtigt, at det var langt smartere at bruge m\u00f8nter end at klippe s\u00f8lv i stumper og stykker, n\u00e5r man skulle handle, siger Gitte Tarnow Ingvardson.<\/p>\n<p>Selv\u00a0Guds lam m\u00f8nterne\u00a0blev\u00a0imiteret herhjemme.\u00a0Vikingekongerne Knud den Store og hans s\u00f8n\u00a0Hardeknud\u00a0pr\u00e6gede m\u00f8nter med\u00a0de\u00a0samme\u00a0to motiver,\u00a0og det samme\u00a0gjorde\u00a0Svend Estridsen, som endte med at spille en vigtig rolle i etableringen af den danske kirkeorganisation.<\/p>\n<a class=\"dvrt-link\" onClick=\"cdmtrack_click(689,jQuery(this));return false\" href=\"https:\/\/www.thistedbolig.dk\"><img decoding=\"async\" style=\"width:100%;\" src=\"https:\/\/kunmedierne.dk\/thy\/wp-content\/uploads\/sites\/2\/2025\/03\/260414ThistedBoligApril-opslag-002-1.jpg\"><\/a><script>cdmtrack_view(689);<\/script>\n<p>De mange tr\u00e5de er med til at g\u00f8re m\u00f8nten s\u00e6rlig, mener Gitte Tarnow Ingvardson.<\/p>\n<p>&#8211; Det, der fascinerer mig mest, er, hvordan man ud fra s\u00e5dan en lille m\u00f8nt kan udfolde en historie om de engelske konger og kristendommen i England, som tr\u00e6kker tr\u00e5de til de danske vikingekonger, det danske m\u00f8ntv\u00e6sen og selv etableringen af den danske stat. For det ber\u00f8rer hele vikingesamfundet. T\u00e6nk, at s\u00e5dan en lille m\u00f8nt rummer s\u00e5 meget historie!<\/p>\n<p>&nbsp;<\/p>\n","protected":false},"excerpt":{"rendered":"<p>THY: &#8211; Jeg fik et sug i maven, for m\u00f8nterne er meget sj\u00e6ldne, og de b\u00e6rer p\u00e5 en us\u00e6dvanlig, men ogs\u00e5 paradoksal historie. De blev jo skabt i et fors\u00f8g p\u00e5 at opn\u00e5 beskyttelse mod vikingerne, men ender i stedet som v\u00e6rdsatte smykker eller amuletter om halsen p\u00e5 vikingerne. Det er jo lidt tragikomisk. S\u00e5dan [&hellip;]<\/p>\n","protected":false},"author":1925,"featured_media":0,"comment_status":"closed","ping_status":"closed","sticky":false,"template":"","format":"standard","meta":{"_acf_changed":false,"footnotes":""},"categories":[21],"tags":[45],"class_list":["post-21353","post","type-post","status-publish","format-standard","hentry","category-kultur","tag-museer"],"acf":[],"yoast_head":"<!-- This site is optimized with the Yoast SEO plugin v26.8 - https:\/\/yoast.com\/product\/yoast-seo-wordpress\/ -->\n<title>Sj\u00e6lden m\u00f8nt fundet i Thy  - Thy<\/title>\n<meta name=\"robots\" content=\"index, follow, max-snippet:-1, max-image-preview:large, max-video-preview:-1\" \/>\n<link rel=\"canonical\" href=\"https:\/\/kunmedierne.dk\/thy\/sjaelden-moent-fundet-i-thy\/\" \/>\n<meta property=\"og:locale\" content=\"da_DK\" \/>\n<meta property=\"og:type\" content=\"article\" \/>\n<meta property=\"og:title\" content=\"Sj\u00e6lden m\u00f8nt fundet i Thy  - Thy\" \/>\n<meta property=\"og:description\" content=\"THY: &#8211; Jeg fik et sug i maven, for m\u00f8nterne er meget sj\u00e6ldne, og de b\u00e6rer p\u00e5 en us\u00e6dvanlig, men ogs\u00e5 paradoksal historie. De blev jo skabt i et fors\u00f8g p\u00e5 at opn\u00e5 beskyttelse mod vikingerne, men ender i stedet som v\u00e6rdsatte smykker eller amuletter om halsen p\u00e5 vikingerne. Det er jo lidt tragikomisk. S\u00e5dan [&hellip;]\" \/>\n<meta property=\"og:url\" content=\"https:\/\/kunmedierne.dk\/thy\/sjaelden-moent-fundet-i-thy\/\" \/>\n<meta property=\"og:site_name\" content=\"Thy\" \/>\n<meta property=\"article:published_time\" content=\"2026-04-29T11:27:15+00:00\" \/>\n<meta property=\"article:modified_time\" content=\"2026-04-29T11:28:12+00:00\" \/>\n<meta property=\"og:image\" content=\"https:\/\/kunmedierne.dk\/thy\/wp-content\/uploads\/sites\/2\/2026\/04\/Unavngivet-1232-x-802-px-2026-04-29T132049.041.jpg\" \/>\n<meta name=\"author\" content=\"Lone L\u00e6rke Krog\" \/>\n<meta name=\"twitter:card\" content=\"summary_large_image\" \/>\n<meta name=\"twitter:label1\" content=\"Skrevet af\" \/>\n\t<meta name=\"twitter:data1\" content=\"Lone L\u00e6rke Krog\" \/>\n\t<meta name=\"twitter:label2\" content=\"Estimeret l\u00e6setid\" \/>\n\t<meta name=\"twitter:data2\" content=\"4 minutter\" \/>\n<script type=\"application\/ld+json\" class=\"yoast-schema-graph\">{\"@context\":\"https:\/\/schema.org\",\"@graph\":[{\"@type\":\"Article\",\"@id\":\"https:\/\/kunmedierne.dk\/thy\/sjaelden-moent-fundet-i-thy\/#article\",\"isPartOf\":{\"@id\":\"https:\/\/kunmedierne.dk\/thy\/sjaelden-moent-fundet-i-thy\/\"},\"author\":{\"name\":\"Lone L\u00e6rke Krog\",\"@id\":\"https:\/\/kunmedierne.dk\/thy\/#\/schema\/person\/d266634ba6550d075ecf540d63b245d2\"},\"headline\":\"Sj\u00e6lden m\u00f8nt fundet i Thy\",\"datePublished\":\"2026-04-29T11:27:15+00:00\",\"dateModified\":\"2026-04-29T11:28:12+00:00\",\"mainEntityOfPage\":{\"@id\":\"https:\/\/kunmedierne.dk\/thy\/sjaelden-moent-fundet-i-thy\/\"},\"wordCount\":632,\"publisher\":{\"@id\":\"https:\/\/kunmedierne.dk\/thy\/#organization\"},\"image\":{\"@id\":\"https:\/\/kunmedierne.dk\/thy\/sjaelden-moent-fundet-i-thy\/#primaryimage\"},\"thumbnailUrl\":\"https:\/\/kunmedierne.dk\/thy\/wp-content\/uploads\/sites\/2\/2026\/04\/Unavngivet-1232-x-802-px-2026-04-29T132049.041.jpg\",\"keywords\":[\"Museer\"],\"articleSection\":[\"Kultur\"],\"inLanguage\":\"da-DK\"},{\"@type\":\"WebPage\",\"@id\":\"https:\/\/kunmedierne.dk\/thy\/sjaelden-moent-fundet-i-thy\/\",\"url\":\"https:\/\/kunmedierne.dk\/thy\/sjaelden-moent-fundet-i-thy\/\",\"name\":\"Sj\u00e6lden m\u00f8nt fundet i Thy - Thy\",\"isPartOf\":{\"@id\":\"https:\/\/kunmedierne.dk\/thy\/#website\"},\"primaryImageOfPage\":{\"@id\":\"https:\/\/kunmedierne.dk\/thy\/sjaelden-moent-fundet-i-thy\/#primaryimage\"},\"image\":{\"@id\":\"https:\/\/kunmedierne.dk\/thy\/sjaelden-moent-fundet-i-thy\/#primaryimage\"},\"thumbnailUrl\":\"https:\/\/kunmedierne.dk\/thy\/wp-content\/uploads\/sites\/2\/2026\/04\/Unavngivet-1232-x-802-px-2026-04-29T132049.041.jpg\",\"datePublished\":\"2026-04-29T11:27:15+00:00\",\"dateModified\":\"2026-04-29T11:28:12+00:00\",\"breadcrumb\":{\"@id\":\"https:\/\/kunmedierne.dk\/thy\/sjaelden-moent-fundet-i-thy\/#breadcrumb\"},\"inLanguage\":\"da-DK\",\"potentialAction\":[{\"@type\":\"ReadAction\",\"target\":[\"https:\/\/kunmedierne.dk\/thy\/sjaelden-moent-fundet-i-thy\/\"]}]},{\"@type\":\"ImageObject\",\"inLanguage\":\"da-DK\",\"@id\":\"https:\/\/kunmedierne.dk\/thy\/sjaelden-moent-fundet-i-thy\/#primaryimage\",\"url\":\"https:\/\/kunmedierne.dk\/thy\/wp-content\/uploads\/sites\/2\/2026\/04\/Unavngivet-1232-x-802-px-2026-04-29T132049.041.jpg\",\"contentUrl\":\"https:\/\/kunmedierne.dk\/thy\/wp-content\/uploads\/sites\/2\/2026\/04\/Unavngivet-1232-x-802-px-2026-04-29T132049.041.jpg\",\"width\":1232,\"height\":802},{\"@type\":\"BreadcrumbList\",\"@id\":\"https:\/\/kunmedierne.dk\/thy\/sjaelden-moent-fundet-i-thy\/#breadcrumb\",\"itemListElement\":[{\"@type\":\"ListItem\",\"position\":1,\"name\":\"Home\",\"item\":\"https:\/\/kunmedierne.dk\/thy\/\"},{\"@type\":\"ListItem\",\"position\":2,\"name\":\"Sj\u00e6lden m\u00f8nt fundet i Thy\"}]},{\"@type\":\"WebSite\",\"@id\":\"https:\/\/kunmedierne.dk\/thy\/#website\",\"url\":\"https:\/\/kunmedierne.dk\/thy\/\",\"name\":\"Thy\",\"description\":\"et netmedie med journalistik om livet i Thy\",\"publisher\":{\"@id\":\"https:\/\/kunmedierne.dk\/thy\/#organization\"},\"potentialAction\":[{\"@type\":\"SearchAction\",\"target\":{\"@type\":\"EntryPoint\",\"urlTemplate\":\"https:\/\/kunmedierne.dk\/thy\/?s={search_term_string}\"},\"query-input\":{\"@type\":\"PropertyValueSpecification\",\"valueRequired\":true,\"valueName\":\"search_term_string\"}}],\"inLanguage\":\"da-DK\"},{\"@type\":\"Organization\",\"@id\":\"https:\/\/kunmedierne.dk\/thy\/#organization\",\"name\":\"Thy\",\"url\":\"https:\/\/kunmedierne.dk\/thy\/\",\"logo\":{\"@type\":\"ImageObject\",\"inLanguage\":\"da-DK\",\"@id\":\"https:\/\/kunmedierne.dk\/thy\/#\/schema\/logo\/image\/\",\"url\":\"https:\/\/kunmedierne.dk\/thy\/wp-content\/uploads\/sites\/2\/2025\/04\/kunthy-logo.svg\",\"contentUrl\":\"https:\/\/kunmedierne.dk\/thy\/wp-content\/uploads\/sites\/2\/2025\/04\/kunthy-logo.svg\",\"caption\":\"Thy\"},\"image\":{\"@id\":\"https:\/\/kunmedierne.dk\/thy\/#\/schema\/logo\/image\/\"}},{\"@type\":\"Person\",\"@id\":\"https:\/\/kunmedierne.dk\/thy\/#\/schema\/person\/d266634ba6550d075ecf540d63b245d2\",\"name\":\"Lone L\u00e6rke Krog\",\"image\":{\"@type\":\"ImageObject\",\"inLanguage\":\"da-DK\",\"@id\":\"https:\/\/kunmedierne.dk\/thy\/#\/schema\/person\/image\/\",\"url\":\"https:\/\/secure.gravatar.com\/avatar\/496ddc7080e56b4ac64cfd4e56bd6d1ee396fa3db1923aa22f11346f60bb135b?s=96&d=mm&r=g\",\"contentUrl\":\"https:\/\/secure.gravatar.com\/avatar\/496ddc7080e56b4ac64cfd4e56bd6d1ee396fa3db1923aa22f11346f60bb135b?s=96&d=mm&r=g\",\"caption\":\"Lone L\u00e6rke Krog\"},\"url\":\"https:\/\/kunmedierne.dk\/thy\/author\/llk\/\"}]}<\/script>\n<!-- \/ Yoast SEO plugin. -->","yoast_head_json":{"title":"Sj\u00e6lden m\u00f8nt fundet i Thy  - Thy","robots":{"index":"index","follow":"follow","max-snippet":"max-snippet:-1","max-image-preview":"max-image-preview:large","max-video-preview":"max-video-preview:-1"},"canonical":"https:\/\/kunmedierne.dk\/thy\/sjaelden-moent-fundet-i-thy\/","og_locale":"da_DK","og_type":"article","og_title":"Sj\u00e6lden m\u00f8nt fundet i Thy  - Thy","og_description":"THY: &#8211; Jeg fik et sug i maven, for m\u00f8nterne er meget sj\u00e6ldne, og de b\u00e6rer p\u00e5 en us\u00e6dvanlig, men ogs\u00e5 paradoksal historie. De blev jo skabt i et fors\u00f8g p\u00e5 at opn\u00e5 beskyttelse mod vikingerne, men ender i stedet som v\u00e6rdsatte smykker eller amuletter om halsen p\u00e5 vikingerne. Det er jo lidt tragikomisk. S\u00e5dan [&hellip;]","og_url":"https:\/\/kunmedierne.dk\/thy\/sjaelden-moent-fundet-i-thy\/","og_site_name":"Thy","article_published_time":"2026-04-29T11:27:15+00:00","article_modified_time":"2026-04-29T11:28:12+00:00","og_image":[{"url":"https:\/\/kunmedierne.dk\/thy\/wp-content\/uploads\/sites\/2\/2026\/04\/Unavngivet-1232-x-802-px-2026-04-29T132049.041.jpg","type":"","width":"","height":""}],"author":"Lone L\u00e6rke Krog","twitter_card":"summary_large_image","twitter_misc":{"Skrevet af":"Lone L\u00e6rke Krog","Estimeret l\u00e6setid":"4 minutter"},"schema":{"@context":"https:\/\/schema.org","@graph":[{"@type":"Article","@id":"https:\/\/kunmedierne.dk\/thy\/sjaelden-moent-fundet-i-thy\/#article","isPartOf":{"@id":"https:\/\/kunmedierne.dk\/thy\/sjaelden-moent-fundet-i-thy\/"},"author":{"name":"Lone L\u00e6rke Krog","@id":"https:\/\/kunmedierne.dk\/thy\/#\/schema\/person\/d266634ba6550d075ecf540d63b245d2"},"headline":"Sj\u00e6lden m\u00f8nt fundet i Thy","datePublished":"2026-04-29T11:27:15+00:00","dateModified":"2026-04-29T11:28:12+00:00","mainEntityOfPage":{"@id":"https:\/\/kunmedierne.dk\/thy\/sjaelden-moent-fundet-i-thy\/"},"wordCount":632,"publisher":{"@id":"https:\/\/kunmedierne.dk\/thy\/#organization"},"image":{"@id":"https:\/\/kunmedierne.dk\/thy\/sjaelden-moent-fundet-i-thy\/#primaryimage"},"thumbnailUrl":"https:\/\/kunmedierne.dk\/thy\/wp-content\/uploads\/sites\/2\/2026\/04\/Unavngivet-1232-x-802-px-2026-04-29T132049.041.jpg","keywords":["Museer"],"articleSection":["Kultur"],"inLanguage":"da-DK"},{"@type":"WebPage","@id":"https:\/\/kunmedierne.dk\/thy\/sjaelden-moent-fundet-i-thy\/","url":"https:\/\/kunmedierne.dk\/thy\/sjaelden-moent-fundet-i-thy\/","name":"Sj\u00e6lden m\u00f8nt fundet i Thy - Thy","isPartOf":{"@id":"https:\/\/kunmedierne.dk\/thy\/#website"},"primaryImageOfPage":{"@id":"https:\/\/kunmedierne.dk\/thy\/sjaelden-moent-fundet-i-thy\/#primaryimage"},"image":{"@id":"https:\/\/kunmedierne.dk\/thy\/sjaelden-moent-fundet-i-thy\/#primaryimage"},"thumbnailUrl":"https:\/\/kunmedierne.dk\/thy\/wp-content\/uploads\/sites\/2\/2026\/04\/Unavngivet-1232-x-802-px-2026-04-29T132049.041.jpg","datePublished":"2026-04-29T11:27:15+00:00","dateModified":"2026-04-29T11:28:12+00:00","breadcrumb":{"@id":"https:\/\/kunmedierne.dk\/thy\/sjaelden-moent-fundet-i-thy\/#breadcrumb"},"inLanguage":"da-DK","potentialAction":[{"@type":"ReadAction","target":["https:\/\/kunmedierne.dk\/thy\/sjaelden-moent-fundet-i-thy\/"]}]},{"@type":"ImageObject","inLanguage":"da-DK","@id":"https:\/\/kunmedierne.dk\/thy\/sjaelden-moent-fundet-i-thy\/#primaryimage","url":"https:\/\/kunmedierne.dk\/thy\/wp-content\/uploads\/sites\/2\/2026\/04\/Unavngivet-1232-x-802-px-2026-04-29T132049.041.jpg","contentUrl":"https:\/\/kunmedierne.dk\/thy\/wp-content\/uploads\/sites\/2\/2026\/04\/Unavngivet-1232-x-802-px-2026-04-29T132049.041.jpg","width":1232,"height":802},{"@type":"BreadcrumbList","@id":"https:\/\/kunmedierne.dk\/thy\/sjaelden-moent-fundet-i-thy\/#breadcrumb","itemListElement":[{"@type":"ListItem","position":1,"name":"Home","item":"https:\/\/kunmedierne.dk\/thy\/"},{"@type":"ListItem","position":2,"name":"Sj\u00e6lden m\u00f8nt fundet i Thy"}]},{"@type":"WebSite","@id":"https:\/\/kunmedierne.dk\/thy\/#website","url":"https:\/\/kunmedierne.dk\/thy\/","name":"Thy","description":"et netmedie med journalistik om livet i Thy","publisher":{"@id":"https:\/\/kunmedierne.dk\/thy\/#organization"},"potentialAction":[{"@type":"SearchAction","target":{"@type":"EntryPoint","urlTemplate":"https:\/\/kunmedierne.dk\/thy\/?s={search_term_string}"},"query-input":{"@type":"PropertyValueSpecification","valueRequired":true,"valueName":"search_term_string"}}],"inLanguage":"da-DK"},{"@type":"Organization","@id":"https:\/\/kunmedierne.dk\/thy\/#organization","name":"Thy","url":"https:\/\/kunmedierne.dk\/thy\/","logo":{"@type":"ImageObject","inLanguage":"da-DK","@id":"https:\/\/kunmedierne.dk\/thy\/#\/schema\/logo\/image\/","url":"https:\/\/kunmedierne.dk\/thy\/wp-content\/uploads\/sites\/2\/2025\/04\/kunthy-logo.svg","contentUrl":"https:\/\/kunmedierne.dk\/thy\/wp-content\/uploads\/sites\/2\/2025\/04\/kunthy-logo.svg","caption":"Thy"},"image":{"@id":"https:\/\/kunmedierne.dk\/thy\/#\/schema\/logo\/image\/"}},{"@type":"Person","@id":"https:\/\/kunmedierne.dk\/thy\/#\/schema\/person\/d266634ba6550d075ecf540d63b245d2","name":"Lone L\u00e6rke Krog","image":{"@type":"ImageObject","inLanguage":"da-DK","@id":"https:\/\/kunmedierne.dk\/thy\/#\/schema\/person\/image\/","url":"https:\/\/secure.gravatar.com\/avatar\/496ddc7080e56b4ac64cfd4e56bd6d1ee396fa3db1923aa22f11346f60bb135b?s=96&d=mm&r=g","contentUrl":"https:\/\/secure.gravatar.com\/avatar\/496ddc7080e56b4ac64cfd4e56bd6d1ee396fa3db1923aa22f11346f60bb135b?s=96&d=mm&r=g","caption":"Lone L\u00e6rke Krog"},"url":"https:\/\/kunmedierne.dk\/thy\/author\/llk\/"}]}},"_links":{"self":[{"href":"https:\/\/kunmedierne.dk\/thy\/wp-json\/wp\/v2\/posts\/21353","targetHints":{"allow":["GET"]}}],"collection":[{"href":"https:\/\/kunmedierne.dk\/thy\/wp-json\/wp\/v2\/posts"}],"about":[{"href":"https:\/\/kunmedierne.dk\/thy\/wp-json\/wp\/v2\/types\/post"}],"author":[{"embeddable":true,"href":"https:\/\/kunmedierne.dk\/thy\/wp-json\/wp\/v2\/users\/1925"}],"replies":[{"embeddable":true,"href":"https:\/\/kunmedierne.dk\/thy\/wp-json\/wp\/v2\/comments?post=21353"}],"version-history":[{"count":5,"href":"https:\/\/kunmedierne.dk\/thy\/wp-json\/wp\/v2\/posts\/21353\/revisions"}],"predecessor-version":[{"id":21364,"href":"https:\/\/kunmedierne.dk\/thy\/wp-json\/wp\/v2\/posts\/21353\/revisions\/21364"}],"wp:attachment":[{"href":"https:\/\/kunmedierne.dk\/thy\/wp-json\/wp\/v2\/media?parent=21353"}],"wp:term":[{"taxonomy":"category","embeddable":true,"href":"https:\/\/kunmedierne.dk\/thy\/wp-json\/wp\/v2\/categories?post=21353"},{"taxonomy":"post_tag","embeddable":true,"href":"https:\/\/kunmedierne.dk\/thy\/wp-json\/wp\/v2\/tags?post=21353"}],"curies":[{"name":"wp","href":"https:\/\/api.w.org\/{rel}","templated":true}]}}