{"id":21330,"date":"2026-05-01T05:22:12","date_gmt":"2026-05-01T03:22:12","guid":{"rendered":"https:\/\/kunmedierne.dk\/thy\/?p=21330"},"modified":"2026-04-30T19:22:36","modified_gmt":"2026-04-30T17:22:36","slug":"stor-plan-for-nye-plejeboliger-starter-projektering-af-30-demenspladser-paa-fjordglimt-i-sennels","status":"publish","type":"post","link":"https:\/\/kunmedierne.dk\/thy\/stor-plan-for-nye-plejeboliger-starter-projektering-af-30-demenspladser-paa-fjordglimt-i-sennels\/","title":{"rendered":"<span>Stor plan for nye plejeboliger: <\/span>Starter projektering af 30 demenspladser p\u00e5 Fjordglimt i Sennels"},"content":{"rendered":"<p><strong>SENNELS:<\/strong> Thisted Kommune tager nu hul p\u00e5, hvad borgmester Niels J\u00f8rgen Pedersen, V, kalder for en &#8220;temmelig stor plan p\u00e5 plejeboligomr\u00e5det&#8221;.<\/p>\n<p>Fjordglimt i Sennels skal nemlig udvides med 30 nye plejeboliger til borgere med demens. De skal d\u00e6kke et behov for den type boliger, som forventes at stige st\u00f8t i de kommende \u00e5r.<\/p>\n<a class=\"dvrt-link\" onClick=\"cdmtrack_click(18790,jQuery(this));return false\" href=\"https:\/\/thymors.dk\/sponsorater\/15-til-faellesskabet?utm_source=kunthy&amp;utm_medium=annonce&amp;utm_campaign=sponsorater\"><img decoding=\"async\" style=\"width:100%;\" src=\"https:\/\/kunmedierne.dk\/thy\/wp-content\/uploads\/sites\/2\/2026\/03\/260407ThyMors-energi_faellesskab_generel-1.jpg\"><\/a><script>cdmtrack_view(18790);<\/script>\n<p>Derfor var det ogs\u00e5 en enig kommunalbestyrelse som p\u00e5 ugens m\u00f8de sagde &#8220;ja&#8221; til at starte projekteringen af boligerne, som det vil koste 69 mio. kroner at opf\u00f8re. Hertil kommer yderligere en udgift p\u00e5 65,6 mio. kroner til at bygge nye servicearealer p\u00e5 Fjordglimt.<\/p>\n<p>Kommunalbestyrelsen godkendte sidste \u00e5r i december, at der frigives 1,1 mio. kroner, som i \u00e5r skal bruges til blandt andet projektering og foranalyser af byggeriet af de 30 boliger.<\/p>\n<p>&#8211; Vi f\u00e5r flere demente. Derfor er det vigtigt med specialiserede rammer for at sikre kvalitet, sagde Ida Pedersen, S, som var en blandt flere medlemmer af kommunalbestyrelsen som kaldte byggeriet for &#8220;en god sag&#8221;.<\/p>\n<a class=\"dvrt-link\" onClick=\"cdmtrack_click(685,jQuery(this));return false\" href=\"https:\/\/wensien.dk\/begravelse\/?gad_source=1&gclid=Cj0KCQjwtJ6_BhDWARIsAGanmKcWw6hbeoepGti1oApJGHln52gMbg8EBRZ86__3P1AJZ5dcsw4ZvNEaAk7JEALw_wcB\"><img decoding=\"async\" style=\"width:100%;\" src=\"https:\/\/kunmedierne.dk\/thy\/wp-content\/uploads\/sites\/2\/2025\/03\/wensien-stenhugger.jpg\"><\/a><script>cdmtrack_view(685);<\/script>\n<p>Annika Fr\u00f8kj\u00e6r Kanstrup, V og Torben Overgaard, K, understregede ogs\u00e5 vigtigheden af de nye demenspladser.<\/p>\n<p>&#8211; Behovet er der og det vil stige, sagde hun og understregede, at det er vigtigt med b\u00e5de plads og de rigtige rammer b\u00e5de for de demente borgere og for medarbejderne.<\/p>\n<div id=\"attachment_17952\" style=\"width: 2980px\" class=\"wp-caption alignnone\"><img loading=\"lazy\" decoding=\"async\" aria-describedby=\"caption-attachment-17952\" class=\"wp-image-17952 size-full\" src=\"https:\/\/kunmedierne.dk\/thy\/wp-content\/uploads\/sites\/2\/2026\/02\/Annika-Kanstrup-V02-kopier.jpg\" alt=\"\" width=\"2970\" height=\"1977\" srcset=\"https:\/\/kunmedierne.dk\/thy\/wp-content\/uploads\/sites\/2\/2026\/02\/Annika-Kanstrup-V02-kopier.jpg 2970w, https:\/\/kunmedierne.dk\/thy\/wp-content\/uploads\/sites\/2\/2026\/02\/Annika-Kanstrup-V02-kopier-300x200.jpg 300w, https:\/\/kunmedierne.dk\/thy\/wp-content\/uploads\/sites\/2\/2026\/02\/Annika-Kanstrup-V02-kopier-1024x682.jpg 1024w, https:\/\/kunmedierne.dk\/thy\/wp-content\/uploads\/sites\/2\/2026\/02\/Annika-Kanstrup-V02-kopier-510x339.jpg 510w\" sizes=\"auto, (max-width: 2970px) 100vw, 2970px\" \/><p id=\"caption-attachment-17952\" class=\"wp-caption-text\">I stedet for demenspladser p\u00e5 tre adresser i Thisted Kommune, vil pladserne fremover samles p\u00e5 to adresser, henholdsvis i Sennels og Vestervig, men det er n\u00f8dvendigt for at fastholde h\u00f8j kvalitet, sagde Annika Fr\u00f8kj\u00e6r Kanstrup, V.<\/p><\/div>\n<p>&nbsp;<\/p>\n<p>I kommunens plejeboligplan anbefales det at samle Thisted Kommunes demensomr\u00e5de p\u00e5 to i stedet for tre adresser. Dermed bliver de nuv\u00e6rende demensplejecentre Fjordglimt i Sennels og Sct. Th\u00f8gersgaard i Vestervig til et samlet kommunalt videnscenter for demens.<\/p>\n<p>&#8211; F\u00e6rre adresser er n\u00f8dvendigt for at fastholde h\u00f8j kvalitet, sagde Annika Fr\u00f8kj\u00e6r Kanstrup.<\/p>\n<a class=\"dvrt-link\" onClick=\"cdmtrack_click(18790,jQuery(this));return false\" href=\"https:\/\/thymors.dk\/sponsorater\/15-til-faellesskabet?utm_source=kunthy&amp;utm_medium=annonce&amp;utm_campaign=sponsorater\"><img decoding=\"async\" style=\"width:100%;\" src=\"https:\/\/kunmedierne.dk\/thy\/wp-content\/uploads\/sites\/2\/2026\/03\/260407ThyMors-energi_faellesskab_generel-1.jpg\"><\/a><script>cdmtrack_view(18790);<\/script>\n<p>Peter Larsen, LA, sagde, at kommunen nu starter noget, det vil tage en del \u00e5r at f\u00e5 f\u00e6rdigt.<\/p>\n<p>&#8211; Men vi laver noget, der vil virke godt, n\u00e5r vi er f\u00e6rdige, for vi er fremsynede i forhold til udfordringerne p\u00e5 omr\u00e5det, sagde Peter Larsen, som kaldte initiativet &#8220;fremragende&#8221;.<\/p>\n<p>Morten Bo Bertelsen, SF, understregede og vigtigheden af at f\u00e5 flere plejeboliger til demente, men han fandt ogs\u00e5 anledning til at understrege, at et er at bygge nyt, noget andet er at drive de nye boliger.<\/p>\n<p>&#8211; S\u00e5 vi skal huske, at der ksal v\u00e6re penge til driften af et fint nyt plejehjem, sagde han.<\/p>\n","protected":false},"excerpt":{"rendered":"<p>SENNELS: Thisted Kommune tager nu hul p\u00e5, hvad borgmester Niels J\u00f8rgen Pedersen, V, kalder for en &#8220;temmelig stor plan p\u00e5 plejeboligomr\u00e5det&#8221;. Fjordglimt i Sennels skal nemlig udvides med 30 nye plejeboliger til borgere med demens. De skal d\u00e6kke et behov for den type boliger, som forventes at stige st\u00f8t i de kommende \u00e5r. Derfor var [&hellip;]<\/p>\n","protected":false},"author":4535,"featured_media":0,"comment_status":"closed","ping_status":"closed","sticky":false,"template":"","format":"standard","meta":{"_acf_changed":false,"footnotes":""},"categories":[24],"tags":[84,41,40,37],"class_list":["post-21330","post","type-post","status-publish","format-standard","hentry","category-lokalt","tag-aeldrepleje","tag-boliger","tag-institutioner","tag-kommunalpolitik"],"acf":[],"yoast_head":"<!-- This site is optimized with the Yoast SEO plugin v26.8 - https:\/\/yoast.com\/product\/yoast-seo-wordpress\/ -->\n<title>Stor plan for nye plejeboliger: Starter projektering af 30 demenspladser p\u00e5 Fjordglimt i Sennels  - Thy<\/title>\n<meta name=\"robots\" content=\"index, follow, max-snippet:-1, max-image-preview:large, max-video-preview:-1\" \/>\n<link rel=\"canonical\" href=\"https:\/\/kunmedierne.dk\/thy\/stor-plan-for-nye-plejeboliger-starter-projektering-af-30-demenspladser-paa-fjordglimt-i-sennels\/\" \/>\n<meta property=\"og:locale\" content=\"da_DK\" \/>\n<meta property=\"og:type\" content=\"article\" \/>\n<meta property=\"og:title\" content=\"Stor plan for nye plejeboliger: Starter projektering af 30 demenspladser p\u00e5 Fjordglimt i Sennels  - Thy\" \/>\n<meta property=\"og:description\" content=\"SENNELS: Thisted Kommune tager nu hul p\u00e5, hvad borgmester Niels J\u00f8rgen Pedersen, V, kalder for en &#8220;temmelig stor plan p\u00e5 plejeboligomr\u00e5det&#8221;. Fjordglimt i Sennels skal nemlig udvides med 30 nye plejeboliger til borgere med demens. De skal d\u00e6kke et behov for den type boliger, som forventes at stige st\u00f8t i de kommende \u00e5r. Derfor var [&hellip;]\" \/>\n<meta property=\"og:url\" content=\"https:\/\/kunmedierne.dk\/thy\/stor-plan-for-nye-plejeboliger-starter-projektering-af-30-demenspladser-paa-fjordglimt-i-sennels\/\" \/>\n<meta property=\"og:site_name\" content=\"Thy\" \/>\n<meta property=\"article:published_time\" content=\"2026-05-01T03:22:12+00:00\" \/>\n<meta property=\"og:image\" content=\"https:\/\/kunmedierne.dk\/thy\/wp-content\/uploads\/sites\/2\/2026\/02\/Annika-Kanstrup-V02-kopier.jpg\" \/>\n<meta name=\"author\" content=\"Jens Fogh Andersen\" \/>\n<meta name=\"twitter:card\" content=\"summary_large_image\" \/>\n<meta name=\"twitter:label1\" content=\"Skrevet af\" \/>\n\t<meta name=\"twitter:data1\" content=\"Jens Fogh Andersen\" \/>\n\t<meta name=\"twitter:label2\" content=\"Estimeret l\u00e6setid\" \/>\n\t<meta name=\"twitter:data2\" content=\"3 minutter\" \/>\n<script type=\"application\/ld+json\" class=\"yoast-schema-graph\">{\"@context\":\"https:\/\/schema.org\",\"@graph\":[{\"@type\":\"Article\",\"@id\":\"https:\/\/kunmedierne.dk\/thy\/stor-plan-for-nye-plejeboliger-starter-projektering-af-30-demenspladser-paa-fjordglimt-i-sennels\/#article\",\"isPartOf\":{\"@id\":\"https:\/\/kunmedierne.dk\/thy\/stor-plan-for-nye-plejeboliger-starter-projektering-af-30-demenspladser-paa-fjordglimt-i-sennels\/\"},\"author\":{\"name\":\"Jens Fogh Andersen\",\"@id\":\"https:\/\/kunmedierne.dk\/thy\/#\/schema\/person\/88f5be46809ca2a5533760eb574fef93\"},\"headline\":\"Stor plan for nye plejeboliger: Starter projektering af 30 demenspladser p\u00e5 Fjordglimt i Sennels\",\"datePublished\":\"2026-05-01T03:22:12+00:00\",\"mainEntityOfPage\":{\"@id\":\"https:\/\/kunmedierne.dk\/thy\/stor-plan-for-nye-plejeboliger-starter-projektering-af-30-demenspladser-paa-fjordglimt-i-sennels\/\"},\"wordCount\":447,\"publisher\":{\"@id\":\"https:\/\/kunmedierne.dk\/thy\/#organization\"},\"image\":{\"@id\":\"https:\/\/kunmedierne.dk\/thy\/stor-plan-for-nye-plejeboliger-starter-projektering-af-30-demenspladser-paa-fjordglimt-i-sennels\/#primaryimage\"},\"thumbnailUrl\":\"https:\/\/kunmedierne.dk\/thy\/wp-content\/uploads\/sites\/2\/2026\/02\/Annika-Kanstrup-V02-kopier.jpg\",\"keywords\":[\"\u00e6ldrepleje\",\"Boliger\",\"Institutioner\",\"Kommunalpolitik\"],\"articleSection\":[\"Lokalt\"],\"inLanguage\":\"da-DK\"},{\"@type\":\"WebPage\",\"@id\":\"https:\/\/kunmedierne.dk\/thy\/stor-plan-for-nye-plejeboliger-starter-projektering-af-30-demenspladser-paa-fjordglimt-i-sennels\/\",\"url\":\"https:\/\/kunmedierne.dk\/thy\/stor-plan-for-nye-plejeboliger-starter-projektering-af-30-demenspladser-paa-fjordglimt-i-sennels\/\",\"name\":\"Stor plan for nye plejeboliger: Starter projektering af 30 demenspladser p\u00e5 Fjordglimt i Sennels - Thy\",\"isPartOf\":{\"@id\":\"https:\/\/kunmedierne.dk\/thy\/#website\"},\"primaryImageOfPage\":{\"@id\":\"https:\/\/kunmedierne.dk\/thy\/stor-plan-for-nye-plejeboliger-starter-projektering-af-30-demenspladser-paa-fjordglimt-i-sennels\/#primaryimage\"},\"image\":{\"@id\":\"https:\/\/kunmedierne.dk\/thy\/stor-plan-for-nye-plejeboliger-starter-projektering-af-30-demenspladser-paa-fjordglimt-i-sennels\/#primaryimage\"},\"thumbnailUrl\":\"https:\/\/kunmedierne.dk\/thy\/wp-content\/uploads\/sites\/2\/2026\/02\/Annika-Kanstrup-V02-kopier.jpg\",\"datePublished\":\"2026-05-01T03:22:12+00:00\",\"breadcrumb\":{\"@id\":\"https:\/\/kunmedierne.dk\/thy\/stor-plan-for-nye-plejeboliger-starter-projektering-af-30-demenspladser-paa-fjordglimt-i-sennels\/#breadcrumb\"},\"inLanguage\":\"da-DK\",\"potentialAction\":[{\"@type\":\"ReadAction\",\"target\":[\"https:\/\/kunmedierne.dk\/thy\/stor-plan-for-nye-plejeboliger-starter-projektering-af-30-demenspladser-paa-fjordglimt-i-sennels\/\"]}]},{\"@type\":\"ImageObject\",\"inLanguage\":\"da-DK\",\"@id\":\"https:\/\/kunmedierne.dk\/thy\/stor-plan-for-nye-plejeboliger-starter-projektering-af-30-demenspladser-paa-fjordglimt-i-sennels\/#primaryimage\",\"url\":\"https:\/\/kunmedierne.dk\/thy\/wp-content\/uploads\/sites\/2\/2026\/02\/Annika-Kanstrup-V02-kopier.jpg\",\"contentUrl\":\"https:\/\/kunmedierne.dk\/thy\/wp-content\/uploads\/sites\/2\/2026\/02\/Annika-Kanstrup-V02-kopier.jpg\",\"width\":2970,\"height\":1977,\"caption\":\"Thisted KB 2026-2029 Foto: Jens Fogh-Andersen 041225\"},{\"@type\":\"BreadcrumbList\",\"@id\":\"https:\/\/kunmedierne.dk\/thy\/stor-plan-for-nye-plejeboliger-starter-projektering-af-30-demenspladser-paa-fjordglimt-i-sennels\/#breadcrumb\",\"itemListElement\":[{\"@type\":\"ListItem\",\"position\":1,\"name\":\"Home\",\"item\":\"https:\/\/kunmedierne.dk\/thy\/\"},{\"@type\":\"ListItem\",\"position\":2,\"name\":\"Stor plan for nye plejeboliger: Starter projektering af 30 demenspladser p\u00e5 Fjordglimt i Sennels\"}]},{\"@type\":\"WebSite\",\"@id\":\"https:\/\/kunmedierne.dk\/thy\/#website\",\"url\":\"https:\/\/kunmedierne.dk\/thy\/\",\"name\":\"Thy\",\"description\":\"et netmedie med journalistik om livet i Thy\",\"publisher\":{\"@id\":\"https:\/\/kunmedierne.dk\/thy\/#organization\"},\"potentialAction\":[{\"@type\":\"SearchAction\",\"target\":{\"@type\":\"EntryPoint\",\"urlTemplate\":\"https:\/\/kunmedierne.dk\/thy\/?s={search_term_string}\"},\"query-input\":{\"@type\":\"PropertyValueSpecification\",\"valueRequired\":true,\"valueName\":\"search_term_string\"}}],\"inLanguage\":\"da-DK\"},{\"@type\":\"Organization\",\"@id\":\"https:\/\/kunmedierne.dk\/thy\/#organization\",\"name\":\"Thy\",\"url\":\"https:\/\/kunmedierne.dk\/thy\/\",\"logo\":{\"@type\":\"ImageObject\",\"inLanguage\":\"da-DK\",\"@id\":\"https:\/\/kunmedierne.dk\/thy\/#\/schema\/logo\/image\/\",\"url\":\"https:\/\/kunmedierne.dk\/thy\/wp-content\/uploads\/sites\/2\/2025\/04\/kunthy-logo.svg\",\"contentUrl\":\"https:\/\/kunmedierne.dk\/thy\/wp-content\/uploads\/sites\/2\/2025\/04\/kunthy-logo.svg\",\"caption\":\"Thy\"},\"image\":{\"@id\":\"https:\/\/kunmedierne.dk\/thy\/#\/schema\/logo\/image\/\"}},{\"@type\":\"Person\",\"@id\":\"https:\/\/kunmedierne.dk\/thy\/#\/schema\/person\/88f5be46809ca2a5533760eb574fef93\",\"name\":\"Jens Fogh Andersen\",\"image\":{\"@type\":\"ImageObject\",\"inLanguage\":\"da-DK\",\"@id\":\"https:\/\/kunmedierne.dk\/thy\/#\/schema\/person\/image\/\",\"url\":\"https:\/\/secure.gravatar.com\/avatar\/2b367a4ef139b1c41dccc9ee7af926b81f8b4cca3359772e86c7fd5ced26c0a3?s=96&d=mm&r=g\",\"contentUrl\":\"https:\/\/secure.gravatar.com\/avatar\/2b367a4ef139b1c41dccc9ee7af926b81f8b4cca3359772e86c7fd5ced26c0a3?s=96&d=mm&r=g\",\"caption\":\"Jens Fogh Andersen\"},\"url\":\"https:\/\/kunmedierne.dk\/thy\/author\/jfa\/\"}]}<\/script>\n<!-- \/ Yoast SEO plugin. -->","yoast_head_json":{"title":"Stor plan for nye plejeboliger: Starter projektering af 30 demenspladser p\u00e5 Fjordglimt i Sennels  - Thy","robots":{"index":"index","follow":"follow","max-snippet":"max-snippet:-1","max-image-preview":"max-image-preview:large","max-video-preview":"max-video-preview:-1"},"canonical":"https:\/\/kunmedierne.dk\/thy\/stor-plan-for-nye-plejeboliger-starter-projektering-af-30-demenspladser-paa-fjordglimt-i-sennels\/","og_locale":"da_DK","og_type":"article","og_title":"Stor plan for nye plejeboliger: Starter projektering af 30 demenspladser p\u00e5 Fjordglimt i Sennels  - Thy","og_description":"SENNELS: Thisted Kommune tager nu hul p\u00e5, hvad borgmester Niels J\u00f8rgen Pedersen, V, kalder for en &#8220;temmelig stor plan p\u00e5 plejeboligomr\u00e5det&#8221;. Fjordglimt i Sennels skal nemlig udvides med 30 nye plejeboliger til borgere med demens. De skal d\u00e6kke et behov for den type boliger, som forventes at stige st\u00f8t i de kommende \u00e5r. Derfor var [&hellip;]","og_url":"https:\/\/kunmedierne.dk\/thy\/stor-plan-for-nye-plejeboliger-starter-projektering-af-30-demenspladser-paa-fjordglimt-i-sennels\/","og_site_name":"Thy","article_published_time":"2026-05-01T03:22:12+00:00","og_image":[{"url":"https:\/\/kunmedierne.dk\/thy\/wp-content\/uploads\/sites\/2\/2026\/02\/Annika-Kanstrup-V02-kopier.jpg","type":"","width":"","height":""}],"author":"Jens Fogh Andersen","twitter_card":"summary_large_image","twitter_misc":{"Skrevet af":"Jens Fogh Andersen","Estimeret l\u00e6setid":"3 minutter"},"schema":{"@context":"https:\/\/schema.org","@graph":[{"@type":"Article","@id":"https:\/\/kunmedierne.dk\/thy\/stor-plan-for-nye-plejeboliger-starter-projektering-af-30-demenspladser-paa-fjordglimt-i-sennels\/#article","isPartOf":{"@id":"https:\/\/kunmedierne.dk\/thy\/stor-plan-for-nye-plejeboliger-starter-projektering-af-30-demenspladser-paa-fjordglimt-i-sennels\/"},"author":{"name":"Jens Fogh Andersen","@id":"https:\/\/kunmedierne.dk\/thy\/#\/schema\/person\/88f5be46809ca2a5533760eb574fef93"},"headline":"Stor plan for nye plejeboliger: Starter projektering af 30 demenspladser p\u00e5 Fjordglimt i Sennels","datePublished":"2026-05-01T03:22:12+00:00","mainEntityOfPage":{"@id":"https:\/\/kunmedierne.dk\/thy\/stor-plan-for-nye-plejeboliger-starter-projektering-af-30-demenspladser-paa-fjordglimt-i-sennels\/"},"wordCount":447,"publisher":{"@id":"https:\/\/kunmedierne.dk\/thy\/#organization"},"image":{"@id":"https:\/\/kunmedierne.dk\/thy\/stor-plan-for-nye-plejeboliger-starter-projektering-af-30-demenspladser-paa-fjordglimt-i-sennels\/#primaryimage"},"thumbnailUrl":"https:\/\/kunmedierne.dk\/thy\/wp-content\/uploads\/sites\/2\/2026\/02\/Annika-Kanstrup-V02-kopier.jpg","keywords":["\u00e6ldrepleje","Boliger","Institutioner","Kommunalpolitik"],"articleSection":["Lokalt"],"inLanguage":"da-DK"},{"@type":"WebPage","@id":"https:\/\/kunmedierne.dk\/thy\/stor-plan-for-nye-plejeboliger-starter-projektering-af-30-demenspladser-paa-fjordglimt-i-sennels\/","url":"https:\/\/kunmedierne.dk\/thy\/stor-plan-for-nye-plejeboliger-starter-projektering-af-30-demenspladser-paa-fjordglimt-i-sennels\/","name":"Stor plan for nye plejeboliger: Starter projektering af 30 demenspladser p\u00e5 Fjordglimt i Sennels - Thy","isPartOf":{"@id":"https:\/\/kunmedierne.dk\/thy\/#website"},"primaryImageOfPage":{"@id":"https:\/\/kunmedierne.dk\/thy\/stor-plan-for-nye-plejeboliger-starter-projektering-af-30-demenspladser-paa-fjordglimt-i-sennels\/#primaryimage"},"image":{"@id":"https:\/\/kunmedierne.dk\/thy\/stor-plan-for-nye-plejeboliger-starter-projektering-af-30-demenspladser-paa-fjordglimt-i-sennels\/#primaryimage"},"thumbnailUrl":"https:\/\/kunmedierne.dk\/thy\/wp-content\/uploads\/sites\/2\/2026\/02\/Annika-Kanstrup-V02-kopier.jpg","datePublished":"2026-05-01T03:22:12+00:00","breadcrumb":{"@id":"https:\/\/kunmedierne.dk\/thy\/stor-plan-for-nye-plejeboliger-starter-projektering-af-30-demenspladser-paa-fjordglimt-i-sennels\/#breadcrumb"},"inLanguage":"da-DK","potentialAction":[{"@type":"ReadAction","target":["https:\/\/kunmedierne.dk\/thy\/stor-plan-for-nye-plejeboliger-starter-projektering-af-30-demenspladser-paa-fjordglimt-i-sennels\/"]}]},{"@type":"ImageObject","inLanguage":"da-DK","@id":"https:\/\/kunmedierne.dk\/thy\/stor-plan-for-nye-plejeboliger-starter-projektering-af-30-demenspladser-paa-fjordglimt-i-sennels\/#primaryimage","url":"https:\/\/kunmedierne.dk\/thy\/wp-content\/uploads\/sites\/2\/2026\/02\/Annika-Kanstrup-V02-kopier.jpg","contentUrl":"https:\/\/kunmedierne.dk\/thy\/wp-content\/uploads\/sites\/2\/2026\/02\/Annika-Kanstrup-V02-kopier.jpg","width":2970,"height":1977,"caption":"Thisted KB 2026-2029 Foto: Jens Fogh-Andersen 041225"},{"@type":"BreadcrumbList","@id":"https:\/\/kunmedierne.dk\/thy\/stor-plan-for-nye-plejeboliger-starter-projektering-af-30-demenspladser-paa-fjordglimt-i-sennels\/#breadcrumb","itemListElement":[{"@type":"ListItem","position":1,"name":"Home","item":"https:\/\/kunmedierne.dk\/thy\/"},{"@type":"ListItem","position":2,"name":"Stor plan for nye plejeboliger: Starter projektering af 30 demenspladser p\u00e5 Fjordglimt i Sennels"}]},{"@type":"WebSite","@id":"https:\/\/kunmedierne.dk\/thy\/#website","url":"https:\/\/kunmedierne.dk\/thy\/","name":"Thy","description":"et netmedie med journalistik om livet i Thy","publisher":{"@id":"https:\/\/kunmedierne.dk\/thy\/#organization"},"potentialAction":[{"@type":"SearchAction","target":{"@type":"EntryPoint","urlTemplate":"https:\/\/kunmedierne.dk\/thy\/?s={search_term_string}"},"query-input":{"@type":"PropertyValueSpecification","valueRequired":true,"valueName":"search_term_string"}}],"inLanguage":"da-DK"},{"@type":"Organization","@id":"https:\/\/kunmedierne.dk\/thy\/#organization","name":"Thy","url":"https:\/\/kunmedierne.dk\/thy\/","logo":{"@type":"ImageObject","inLanguage":"da-DK","@id":"https:\/\/kunmedierne.dk\/thy\/#\/schema\/logo\/image\/","url":"https:\/\/kunmedierne.dk\/thy\/wp-content\/uploads\/sites\/2\/2025\/04\/kunthy-logo.svg","contentUrl":"https:\/\/kunmedierne.dk\/thy\/wp-content\/uploads\/sites\/2\/2025\/04\/kunthy-logo.svg","caption":"Thy"},"image":{"@id":"https:\/\/kunmedierne.dk\/thy\/#\/schema\/logo\/image\/"}},{"@type":"Person","@id":"https:\/\/kunmedierne.dk\/thy\/#\/schema\/person\/88f5be46809ca2a5533760eb574fef93","name":"Jens Fogh Andersen","image":{"@type":"ImageObject","inLanguage":"da-DK","@id":"https:\/\/kunmedierne.dk\/thy\/#\/schema\/person\/image\/","url":"https:\/\/secure.gravatar.com\/avatar\/2b367a4ef139b1c41dccc9ee7af926b81f8b4cca3359772e86c7fd5ced26c0a3?s=96&d=mm&r=g","contentUrl":"https:\/\/secure.gravatar.com\/avatar\/2b367a4ef139b1c41dccc9ee7af926b81f8b4cca3359772e86c7fd5ced26c0a3?s=96&d=mm&r=g","caption":"Jens Fogh Andersen"},"url":"https:\/\/kunmedierne.dk\/thy\/author\/jfa\/"}]}},"_links":{"self":[{"href":"https:\/\/kunmedierne.dk\/thy\/wp-json\/wp\/v2\/posts\/21330","targetHints":{"allow":["GET"]}}],"collection":[{"href":"https:\/\/kunmedierne.dk\/thy\/wp-json\/wp\/v2\/posts"}],"about":[{"href":"https:\/\/kunmedierne.dk\/thy\/wp-json\/wp\/v2\/types\/post"}],"author":[{"embeddable":true,"href":"https:\/\/kunmedierne.dk\/thy\/wp-json\/wp\/v2\/users\/4535"}],"replies":[{"embeddable":true,"href":"https:\/\/kunmedierne.dk\/thy\/wp-json\/wp\/v2\/comments?post=21330"}],"version-history":[{"count":6,"href":"https:\/\/kunmedierne.dk\/thy\/wp-json\/wp\/v2\/posts\/21330\/revisions"}],"predecessor-version":[{"id":21464,"href":"https:\/\/kunmedierne.dk\/thy\/wp-json\/wp\/v2\/posts\/21330\/revisions\/21464"}],"wp:attachment":[{"href":"https:\/\/kunmedierne.dk\/thy\/wp-json\/wp\/v2\/media?parent=21330"}],"wp:term":[{"taxonomy":"category","embeddable":true,"href":"https:\/\/kunmedierne.dk\/thy\/wp-json\/wp\/v2\/categories?post=21330"},{"taxonomy":"post_tag","embeddable":true,"href":"https:\/\/kunmedierne.dk\/thy\/wp-json\/wp\/v2\/tags?post=21330"}],"curies":[{"name":"wp","href":"https:\/\/api.w.org\/{rel}","templated":true}]}}