{"id":21327,"date":"2026-04-29T12:22:36","date_gmt":"2026-04-29T10:22:36","guid":{"rendered":"https:\/\/kunmedierne.dk\/thy\/?p=21327"},"modified":"2026-04-29T12:22:36","modified_gmt":"2026-04-29T10:22:36","slug":"lavbundsprojekt-med-potentiale-det-kan-genskabe-sjoerring-soe-maaske","status":"publish","type":"post","link":"https:\/\/kunmedierne.dk\/thy\/lavbundsprojekt-med-potentiale-det-kan-genskabe-sjoerring-soe-maaske\/","title":{"rendered":"<span>Lavbundsprojekt med potentiale: <\/span>Det kan genskabe Sj\u00f8rring S\u00f8, m\u00e5ske"},"content":{"rendered":"<p><strong>THY:<\/strong> Der var plads til b\u00e5de et nostalgisk tilbageblik, til skepsis og til at udtrykke forventning om mere, inden 26 af 27 medlemmer i Thisted Kommunalbestyrelse stemte &#8220;ja&#8221; til at realisere to store lavbundsprojekter &#8211; der ene i det lavtliggende omr\u00e5de omkring Sj\u00f8rring S\u00f8 Kanal ved Egebaksande, det andet i \u00c5kj\u00e6r Enge \u00f8st for Svankj\u00e6r i Sydthy.<\/p>\n<a class=\"dvrt-link\" onClick=\"cdmtrack_click(1130,jQuery(this));return false\" href=\"https:\/\/www.thistedforsikring.dk\/?utm_source=partnerskaber&amp;utm_campaign=kun_thy\"><img decoding=\"async\" style=\"width:100%;\" src=\"https:\/\/kunmedierne.dk\/thy\/wp-content\/uploads\/sites\/2\/2025\/04\/260409KunThyThisted-For-1.png\"><\/a><script>cdmtrack_view(1130);<\/script>\n<p>Projekterne omfatter tilsammen mere end 500 hektar jord, heraf 247 hektar ved Egebaksande og andre 276,6 hektar i \u00c5kj\u00e6r Enge. Ud over den umiddelbare effekt af de to projekter, de vil b\u00e5de reducere udledningen af CO2 og begr\u00e6nse tilledningen af kv\u00e6lstof til vandmilj\u00f8et, s\u00e5 flere af kommunalbestyrelsens medlemmer flere potentialer ved Egebaksande-projektet. Det kan m\u00e5ske blive forl\u00f8beren til at genskabe den oprindelige Sj\u00f8rring S\u00f8.<\/p>\n<div id=\"attachment_9622\" style=\"width: 1242px\" class=\"wp-caption alignnone\"><img loading=\"lazy\" decoding=\"async\" aria-describedby=\"caption-attachment-9622\" class=\"wp-image-9622 size-full\" src=\"https:\/\/kunmedierne.dk\/thy\/wp-content\/uploads\/sites\/2\/2025\/09\/Design-uden-navn-2025-09-09T150603.211.jpg\" alt=\"\" width=\"1232\" height=\"821\" srcset=\"https:\/\/kunmedierne.dk\/thy\/wp-content\/uploads\/sites\/2\/2025\/09\/Design-uden-navn-2025-09-09T150603.211.jpg 1232w, https:\/\/kunmedierne.dk\/thy\/wp-content\/uploads\/sites\/2\/2025\/09\/Design-uden-navn-2025-09-09T150603.211-300x200.jpg 300w, https:\/\/kunmedierne.dk\/thy\/wp-content\/uploads\/sites\/2\/2025\/09\/Design-uden-navn-2025-09-09T150603.211-1024x682.jpg 1024w, https:\/\/kunmedierne.dk\/thy\/wp-content\/uploads\/sites\/2\/2025\/09\/Design-uden-navn-2025-09-09T150603.211-510x340.jpg 510w\" sizes=\"auto, (max-width: 1232px) 100vw, 1232px\" \/><p id=\"caption-attachment-9622\" class=\"wp-caption-text\">Det er en magisk m\u00e5de at oml\u00e6gge jord p\u00e5, sagde Merete Hansen, S.<\/p><\/div>\n<p>&nbsp;<\/p>\n<p>&#8211; Min tipoldefar ved med til at grave Sj\u00f8rring S\u00f8 kanal med en skovl og k\u00f8re jorden v\u00e6k p\u00e5 en tr\u00e6trilleb\u00f8r. Nu g\u00f8r vi det modsatte, sagde borgmester Niels J\u00f8rgen Pedersen, V, som var et af de medlemmer af kommunalbestyrelsen, som talte varmt for begge projekter. Han sagde direkte, at det ville v\u00e6re dumt af sige &#8220;nej&#8221;, for projekterne bidrager til at l\u00f8se en bunden opgave.<\/p>\n<a class=\"dvrt-link\" onClick=\"cdmtrack_click(685,jQuery(this));return false\" href=\"https:\/\/wensien.dk\/begravelse\/?gad_source=1&gclid=Cj0KCQjwtJ6_BhDWARIsAGanmKcWw6hbeoepGti1oApJGHln52gMbg8EBRZ86__3P1AJZ5dcsw4ZvNEaAk7JEALw_wcB\"><img decoding=\"async\" style=\"width:100%;\" src=\"https:\/\/kunmedierne.dk\/thy\/wp-content\/uploads\/sites\/2\/2025\/03\/wensien-stenhugger.jpg\"><\/a><script>cdmtrack_view(685);<\/script>\n<p>Den 850 hektar store Sj\u00f8rring S\u00f8 blev t\u00f8rlagt i 1859-60. I 1865 var der etableret 550 hektar engareal p\u00e5 den udt\u00f8rrede s\u00f8bund, fremg\u00e5r det af www.dettabteland.dk<\/p>\n<p>&#8211; Vi skal tage lavbundsjord ud, sagde borgmesteren og understregede, at de to projekter var langsigtede l\u00f8sninger, der nok vil koste kommunen penge, men pengene kommer tilbage, fordi projekterne er EU-finansierede.<\/p>\n<p>Lars Westergaard, Danmarksdemokraterne, var som den eneste af kommunalbestyrelsens 27 medlemmer skeptisk overfor projekterne og undlod at tage stilling til dem. Blandt andet ud fra mistro til, om staten vil overholde, hvad den har lovet i forbindelse med projekterne som han antydede m\u00e5ske bare var papir, som ikke var meget bevendt.<\/p>\n<div id=\"attachment_21345\" style=\"width: 3662px\" class=\"wp-caption alignnone\"><img loading=\"lazy\" decoding=\"async\" aria-describedby=\"caption-attachment-21345\" class=\"wp-image-21345 size-full\" src=\"https:\/\/kunmedierne.dk\/thy\/wp-content\/uploads\/sites\/2\/2026\/04\/Lars-Westergaard-DD-kopier.jpg\" alt=\"\" width=\"3652\" height=\"2431\" srcset=\"https:\/\/kunmedierne.dk\/thy\/wp-content\/uploads\/sites\/2\/2026\/04\/Lars-Westergaard-DD-kopier.jpg 3652w, https:\/\/kunmedierne.dk\/thy\/wp-content\/uploads\/sites\/2\/2026\/04\/Lars-Westergaard-DD-kopier-300x200.jpg 300w, https:\/\/kunmedierne.dk\/thy\/wp-content\/uploads\/sites\/2\/2026\/04\/Lars-Westergaard-DD-kopier-1024x682.jpg 1024w, https:\/\/kunmedierne.dk\/thy\/wp-content\/uploads\/sites\/2\/2026\/04\/Lars-Westergaard-DD-kopier-510x339.jpg 510w\" sizes=\"auto, (max-width: 3652px) 100vw, 3652px\" \/><p id=\"caption-attachment-21345\" class=\"wp-caption-text\">Lars Westergaard, DD, var som det eneste af kommunalbestyrelsens 27 medlemmer skeptisk overfor lavbundsprojekterne.<\/p><\/div>\n<p>&nbsp;<\/p>\n<p>Helt anderledes toner l\u00f8d fra Liberal Alliances Casper S\u00f8e-Larsen.<\/p>\n<p>&#8211; Det er sp\u00e6ndende projekter med potentiale sagde han og tilf\u00f8jede med tanke for Egebaksandeprojektet, at det kunne blive forl\u00f8beren for en genetablering af Sj\u00f8rring S\u00f8. I hvert fald er det ikke i modstrid med bestr\u00e6belserne, sagde han.<\/p>\n<p>&#8211; Lavbundsprojektet er ikke kontraproduktivt med det politiske flertal, der vil v\u00e6re for at genetablere s\u00f8en, sagde Casper S\u00f8e-Larsen.<\/p>\n<a class=\"dvrt-link\" onClick=\"cdmtrack_click(18790,jQuery(this));return false\" href=\"https:\/\/thymors.dk\/sponsorater\/15-til-faellesskabet?utm_source=kunthy&amp;utm_medium=annonce&amp;utm_campaign=sponsorater\"><img decoding=\"async\" style=\"width:100%;\" src=\"https:\/\/kunmedierne.dk\/thy\/wp-content\/uploads\/sites\/2\/2026\/03\/260407ThyMors-energi_faellesskab_generel-1.jpg\"><\/a><script>cdmtrack_view(18790);<\/script>\n<p>Jens Tilma, K, formand for kommunens udvalg for klima, milj\u00f8 og teknik, var p\u00e5 samme linje.<\/p>\n<p>Han kaldte det for en bunden opgave at tage lavbundsjord ud, understregede, at det her er uden udgift for kommunen, fordi EU betaler &#8211; og s\u00e5 s\u00e5 han det som et plus for begge projekter, at de havde opbakning fra lodsejerne.<\/p>\n<p>&#8211; Det er sv\u00e6rt at finde argumenter for, at det er en ringe id\u00e9, og det her vil ikke sp\u00e6nde ben for et k\u00e6mpe projekt for Sj\u00f8rring S\u00f8, sagde Jens Tilma.<\/p>\n<p>Merete Hansen, S, kaldte projektet ved Egebaksande &#8220;knaldgodt&#8221;.<\/p>\n<p>&#8211; Det er en magisk m\u00e5de at oml\u00e6gge jord p\u00e5, det koster ikke kommunen noget og det er en m\u00e5de til at komme videre med Sj\u00f8rring S\u00f8, sagde hun.<\/p>\n","protected":false},"excerpt":{"rendered":"<p>THY: Der var plads til b\u00e5de et nostalgisk tilbageblik, til skepsis og til at udtrykke forventning om mere, inden 26 af 27 medlemmer i Thisted Kommunalbestyrelse stemte &#8220;ja&#8221; til at realisere to store lavbundsprojekter &#8211; der ene i det lavtliggende omr\u00e5de omkring Sj\u00f8rring S\u00f8 Kanal ved Egebaksande, det andet i \u00c5kj\u00e6r Enge \u00f8st for Svankj\u00e6r [&hellip;]<\/p>\n","protected":false},"author":4535,"featured_media":0,"comment_status":"closed","ping_status":"closed","sticky":false,"template":"","format":"standard","meta":{"_acf_changed":false,"footnotes":""},"categories":[24],"tags":[37,48,49],"class_list":["post-21327","post","type-post","status-publish","format-standard","hentry","category-lokalt","tag-kommunalpolitik","tag-miljoe","tag-natur"],"acf":[],"yoast_head":"<!-- This site is optimized with the Yoast SEO plugin v26.8 - https:\/\/yoast.com\/product\/yoast-seo-wordpress\/ -->\n<title>Lavbundsprojekt med potentiale: Det kan genskabe Sj\u00f8rring S\u00f8, m\u00e5ske - Thy<\/title>\n<meta name=\"robots\" content=\"index, follow, max-snippet:-1, max-image-preview:large, max-video-preview:-1\" \/>\n<link rel=\"canonical\" href=\"https:\/\/kunmedierne.dk\/thy\/lavbundsprojekt-med-potentiale-det-kan-genskabe-sjoerring-soe-maaske\/\" \/>\n<meta property=\"og:locale\" content=\"da_DK\" \/>\n<meta property=\"og:type\" content=\"article\" \/>\n<meta property=\"og:title\" content=\"Lavbundsprojekt med potentiale: Det kan genskabe Sj\u00f8rring S\u00f8, m\u00e5ske - Thy\" \/>\n<meta property=\"og:description\" content=\"THY: Der var plads til b\u00e5de et nostalgisk tilbageblik, til skepsis og til at udtrykke forventning om mere, inden 26 af 27 medlemmer i Thisted Kommunalbestyrelse stemte &#8220;ja&#8221; til at realisere to store lavbundsprojekter &#8211; der ene i det lavtliggende omr\u00e5de omkring Sj\u00f8rring S\u00f8 Kanal ved Egebaksande, det andet i \u00c5kj\u00e6r Enge \u00f8st for Svankj\u00e6r [&hellip;]\" \/>\n<meta property=\"og:url\" content=\"https:\/\/kunmedierne.dk\/thy\/lavbundsprojekt-med-potentiale-det-kan-genskabe-sjoerring-soe-maaske\/\" \/>\n<meta property=\"og:site_name\" content=\"Thy\" \/>\n<meta property=\"article:published_time\" content=\"2026-04-29T10:22:36+00:00\" \/>\n<meta property=\"og:image\" content=\"https:\/\/kunmedierne.dk\/thy\/wp-content\/uploads\/sites\/2\/2025\/09\/Design-uden-navn-2025-09-09T150603.211.jpg\" \/>\n<meta name=\"author\" content=\"Jens Fogh Andersen\" \/>\n<meta name=\"twitter:card\" content=\"summary_large_image\" \/>\n<meta name=\"twitter:label1\" content=\"Skrevet af\" \/>\n\t<meta name=\"twitter:data1\" content=\"Jens Fogh Andersen\" \/>\n\t<meta name=\"twitter:label2\" content=\"Estimeret l\u00e6setid\" \/>\n\t<meta name=\"twitter:data2\" content=\"4 minutter\" \/>\n<script type=\"application\/ld+json\" class=\"yoast-schema-graph\">{\"@context\":\"https:\/\/schema.org\",\"@graph\":[{\"@type\":\"Article\",\"@id\":\"https:\/\/kunmedierne.dk\/thy\/lavbundsprojekt-med-potentiale-det-kan-genskabe-sjoerring-soe-maaske\/#article\",\"isPartOf\":{\"@id\":\"https:\/\/kunmedierne.dk\/thy\/lavbundsprojekt-med-potentiale-det-kan-genskabe-sjoerring-soe-maaske\/\"},\"author\":{\"name\":\"Jens Fogh Andersen\",\"@id\":\"https:\/\/kunmedierne.dk\/thy\/#\/schema\/person\/88f5be46809ca2a5533760eb574fef93\"},\"headline\":\"Lavbundsprojekt med potentiale: Det kan genskabe Sj\u00f8rring S\u00f8, m\u00e5ske\",\"datePublished\":\"2026-04-29T10:22:36+00:00\",\"mainEntityOfPage\":{\"@id\":\"https:\/\/kunmedierne.dk\/thy\/lavbundsprojekt-med-potentiale-det-kan-genskabe-sjoerring-soe-maaske\/\"},\"wordCount\":587,\"publisher\":{\"@id\":\"https:\/\/kunmedierne.dk\/thy\/#organization\"},\"image\":{\"@id\":\"https:\/\/kunmedierne.dk\/thy\/lavbundsprojekt-med-potentiale-det-kan-genskabe-sjoerring-soe-maaske\/#primaryimage\"},\"thumbnailUrl\":\"https:\/\/kunmedierne.dk\/thy\/wp-content\/uploads\/sites\/2\/2025\/09\/Design-uden-navn-2025-09-09T150603.211.jpg\",\"keywords\":[\"Kommunalpolitik\",\"Milj\u00f8\",\"Natur\"],\"articleSection\":[\"Lokalt\"],\"inLanguage\":\"da-DK\"},{\"@type\":\"WebPage\",\"@id\":\"https:\/\/kunmedierne.dk\/thy\/lavbundsprojekt-med-potentiale-det-kan-genskabe-sjoerring-soe-maaske\/\",\"url\":\"https:\/\/kunmedierne.dk\/thy\/lavbundsprojekt-med-potentiale-det-kan-genskabe-sjoerring-soe-maaske\/\",\"name\":\"Lavbundsprojekt med potentiale: Det kan genskabe Sj\u00f8rring S\u00f8, m\u00e5ske - Thy\",\"isPartOf\":{\"@id\":\"https:\/\/kunmedierne.dk\/thy\/#website\"},\"primaryImageOfPage\":{\"@id\":\"https:\/\/kunmedierne.dk\/thy\/lavbundsprojekt-med-potentiale-det-kan-genskabe-sjoerring-soe-maaske\/#primaryimage\"},\"image\":{\"@id\":\"https:\/\/kunmedierne.dk\/thy\/lavbundsprojekt-med-potentiale-det-kan-genskabe-sjoerring-soe-maaske\/#primaryimage\"},\"thumbnailUrl\":\"https:\/\/kunmedierne.dk\/thy\/wp-content\/uploads\/sites\/2\/2025\/09\/Design-uden-navn-2025-09-09T150603.211.jpg\",\"datePublished\":\"2026-04-29T10:22:36+00:00\",\"breadcrumb\":{\"@id\":\"https:\/\/kunmedierne.dk\/thy\/lavbundsprojekt-med-potentiale-det-kan-genskabe-sjoerring-soe-maaske\/#breadcrumb\"},\"inLanguage\":\"da-DK\",\"potentialAction\":[{\"@type\":\"ReadAction\",\"target\":[\"https:\/\/kunmedierne.dk\/thy\/lavbundsprojekt-med-potentiale-det-kan-genskabe-sjoerring-soe-maaske\/\"]}]},{\"@type\":\"ImageObject\",\"inLanguage\":\"da-DK\",\"@id\":\"https:\/\/kunmedierne.dk\/thy\/lavbundsprojekt-med-potentiale-det-kan-genskabe-sjoerring-soe-maaske\/#primaryimage\",\"url\":\"https:\/\/kunmedierne.dk\/thy\/wp-content\/uploads\/sites\/2\/2025\/09\/Design-uden-navn-2025-09-09T150603.211.jpg\",\"contentUrl\":\"https:\/\/kunmedierne.dk\/thy\/wp-content\/uploads\/sites\/2\/2025\/09\/Design-uden-navn-2025-09-09T150603.211.jpg\",\"width\":1232,\"height\":821},{\"@type\":\"BreadcrumbList\",\"@id\":\"https:\/\/kunmedierne.dk\/thy\/lavbundsprojekt-med-potentiale-det-kan-genskabe-sjoerring-soe-maaske\/#breadcrumb\",\"itemListElement\":[{\"@type\":\"ListItem\",\"position\":1,\"name\":\"Home\",\"item\":\"https:\/\/kunmedierne.dk\/thy\/\"},{\"@type\":\"ListItem\",\"position\":2,\"name\":\"Lavbundsprojekt med potentiale: Det kan genskabe Sj\u00f8rring S\u00f8, m\u00e5ske\"}]},{\"@type\":\"WebSite\",\"@id\":\"https:\/\/kunmedierne.dk\/thy\/#website\",\"url\":\"https:\/\/kunmedierne.dk\/thy\/\",\"name\":\"Thy\",\"description\":\"et netmedie med journalistik om livet i Thy\",\"publisher\":{\"@id\":\"https:\/\/kunmedierne.dk\/thy\/#organization\"},\"potentialAction\":[{\"@type\":\"SearchAction\",\"target\":{\"@type\":\"EntryPoint\",\"urlTemplate\":\"https:\/\/kunmedierne.dk\/thy\/?s={search_term_string}\"},\"query-input\":{\"@type\":\"PropertyValueSpecification\",\"valueRequired\":true,\"valueName\":\"search_term_string\"}}],\"inLanguage\":\"da-DK\"},{\"@type\":\"Organization\",\"@id\":\"https:\/\/kunmedierne.dk\/thy\/#organization\",\"name\":\"Thy\",\"url\":\"https:\/\/kunmedierne.dk\/thy\/\",\"logo\":{\"@type\":\"ImageObject\",\"inLanguage\":\"da-DK\",\"@id\":\"https:\/\/kunmedierne.dk\/thy\/#\/schema\/logo\/image\/\",\"url\":\"https:\/\/kunmedierne.dk\/thy\/wp-content\/uploads\/sites\/2\/2025\/04\/kunthy-logo.svg\",\"contentUrl\":\"https:\/\/kunmedierne.dk\/thy\/wp-content\/uploads\/sites\/2\/2025\/04\/kunthy-logo.svg\",\"caption\":\"Thy\"},\"image\":{\"@id\":\"https:\/\/kunmedierne.dk\/thy\/#\/schema\/logo\/image\/\"}},{\"@type\":\"Person\",\"@id\":\"https:\/\/kunmedierne.dk\/thy\/#\/schema\/person\/88f5be46809ca2a5533760eb574fef93\",\"name\":\"Jens Fogh Andersen\",\"image\":{\"@type\":\"ImageObject\",\"inLanguage\":\"da-DK\",\"@id\":\"https:\/\/kunmedierne.dk\/thy\/#\/schema\/person\/image\/\",\"url\":\"https:\/\/secure.gravatar.com\/avatar\/2b367a4ef139b1c41dccc9ee7af926b81f8b4cca3359772e86c7fd5ced26c0a3?s=96&d=mm&r=g\",\"contentUrl\":\"https:\/\/secure.gravatar.com\/avatar\/2b367a4ef139b1c41dccc9ee7af926b81f8b4cca3359772e86c7fd5ced26c0a3?s=96&d=mm&r=g\",\"caption\":\"Jens Fogh Andersen\"},\"url\":\"https:\/\/kunmedierne.dk\/thy\/author\/jfa\/\"}]}<\/script>\n<!-- \/ Yoast SEO plugin. -->","yoast_head_json":{"title":"Lavbundsprojekt med potentiale: Det kan genskabe Sj\u00f8rring S\u00f8, m\u00e5ske - Thy","robots":{"index":"index","follow":"follow","max-snippet":"max-snippet:-1","max-image-preview":"max-image-preview:large","max-video-preview":"max-video-preview:-1"},"canonical":"https:\/\/kunmedierne.dk\/thy\/lavbundsprojekt-med-potentiale-det-kan-genskabe-sjoerring-soe-maaske\/","og_locale":"da_DK","og_type":"article","og_title":"Lavbundsprojekt med potentiale: Det kan genskabe Sj\u00f8rring S\u00f8, m\u00e5ske - Thy","og_description":"THY: Der var plads til b\u00e5de et nostalgisk tilbageblik, til skepsis og til at udtrykke forventning om mere, inden 26 af 27 medlemmer i Thisted Kommunalbestyrelse stemte &#8220;ja&#8221; til at realisere to store lavbundsprojekter &#8211; der ene i det lavtliggende omr\u00e5de omkring Sj\u00f8rring S\u00f8 Kanal ved Egebaksande, det andet i \u00c5kj\u00e6r Enge \u00f8st for Svankj\u00e6r [&hellip;]","og_url":"https:\/\/kunmedierne.dk\/thy\/lavbundsprojekt-med-potentiale-det-kan-genskabe-sjoerring-soe-maaske\/","og_site_name":"Thy","article_published_time":"2026-04-29T10:22:36+00:00","og_image":[{"url":"https:\/\/kunmedierne.dk\/thy\/wp-content\/uploads\/sites\/2\/2025\/09\/Design-uden-navn-2025-09-09T150603.211.jpg","type":"","width":"","height":""}],"author":"Jens Fogh Andersen","twitter_card":"summary_large_image","twitter_misc":{"Skrevet af":"Jens Fogh Andersen","Estimeret l\u00e6setid":"4 minutter"},"schema":{"@context":"https:\/\/schema.org","@graph":[{"@type":"Article","@id":"https:\/\/kunmedierne.dk\/thy\/lavbundsprojekt-med-potentiale-det-kan-genskabe-sjoerring-soe-maaske\/#article","isPartOf":{"@id":"https:\/\/kunmedierne.dk\/thy\/lavbundsprojekt-med-potentiale-det-kan-genskabe-sjoerring-soe-maaske\/"},"author":{"name":"Jens Fogh Andersen","@id":"https:\/\/kunmedierne.dk\/thy\/#\/schema\/person\/88f5be46809ca2a5533760eb574fef93"},"headline":"Lavbundsprojekt med potentiale: Det kan genskabe Sj\u00f8rring S\u00f8, m\u00e5ske","datePublished":"2026-04-29T10:22:36+00:00","mainEntityOfPage":{"@id":"https:\/\/kunmedierne.dk\/thy\/lavbundsprojekt-med-potentiale-det-kan-genskabe-sjoerring-soe-maaske\/"},"wordCount":587,"publisher":{"@id":"https:\/\/kunmedierne.dk\/thy\/#organization"},"image":{"@id":"https:\/\/kunmedierne.dk\/thy\/lavbundsprojekt-med-potentiale-det-kan-genskabe-sjoerring-soe-maaske\/#primaryimage"},"thumbnailUrl":"https:\/\/kunmedierne.dk\/thy\/wp-content\/uploads\/sites\/2\/2025\/09\/Design-uden-navn-2025-09-09T150603.211.jpg","keywords":["Kommunalpolitik","Milj\u00f8","Natur"],"articleSection":["Lokalt"],"inLanguage":"da-DK"},{"@type":"WebPage","@id":"https:\/\/kunmedierne.dk\/thy\/lavbundsprojekt-med-potentiale-det-kan-genskabe-sjoerring-soe-maaske\/","url":"https:\/\/kunmedierne.dk\/thy\/lavbundsprojekt-med-potentiale-det-kan-genskabe-sjoerring-soe-maaske\/","name":"Lavbundsprojekt med potentiale: Det kan genskabe Sj\u00f8rring S\u00f8, m\u00e5ske - Thy","isPartOf":{"@id":"https:\/\/kunmedierne.dk\/thy\/#website"},"primaryImageOfPage":{"@id":"https:\/\/kunmedierne.dk\/thy\/lavbundsprojekt-med-potentiale-det-kan-genskabe-sjoerring-soe-maaske\/#primaryimage"},"image":{"@id":"https:\/\/kunmedierne.dk\/thy\/lavbundsprojekt-med-potentiale-det-kan-genskabe-sjoerring-soe-maaske\/#primaryimage"},"thumbnailUrl":"https:\/\/kunmedierne.dk\/thy\/wp-content\/uploads\/sites\/2\/2025\/09\/Design-uden-navn-2025-09-09T150603.211.jpg","datePublished":"2026-04-29T10:22:36+00:00","breadcrumb":{"@id":"https:\/\/kunmedierne.dk\/thy\/lavbundsprojekt-med-potentiale-det-kan-genskabe-sjoerring-soe-maaske\/#breadcrumb"},"inLanguage":"da-DK","potentialAction":[{"@type":"ReadAction","target":["https:\/\/kunmedierne.dk\/thy\/lavbundsprojekt-med-potentiale-det-kan-genskabe-sjoerring-soe-maaske\/"]}]},{"@type":"ImageObject","inLanguage":"da-DK","@id":"https:\/\/kunmedierne.dk\/thy\/lavbundsprojekt-med-potentiale-det-kan-genskabe-sjoerring-soe-maaske\/#primaryimage","url":"https:\/\/kunmedierne.dk\/thy\/wp-content\/uploads\/sites\/2\/2025\/09\/Design-uden-navn-2025-09-09T150603.211.jpg","contentUrl":"https:\/\/kunmedierne.dk\/thy\/wp-content\/uploads\/sites\/2\/2025\/09\/Design-uden-navn-2025-09-09T150603.211.jpg","width":1232,"height":821},{"@type":"BreadcrumbList","@id":"https:\/\/kunmedierne.dk\/thy\/lavbundsprojekt-med-potentiale-det-kan-genskabe-sjoerring-soe-maaske\/#breadcrumb","itemListElement":[{"@type":"ListItem","position":1,"name":"Home","item":"https:\/\/kunmedierne.dk\/thy\/"},{"@type":"ListItem","position":2,"name":"Lavbundsprojekt med potentiale: Det kan genskabe Sj\u00f8rring S\u00f8, m\u00e5ske"}]},{"@type":"WebSite","@id":"https:\/\/kunmedierne.dk\/thy\/#website","url":"https:\/\/kunmedierne.dk\/thy\/","name":"Thy","description":"et netmedie med journalistik om livet i Thy","publisher":{"@id":"https:\/\/kunmedierne.dk\/thy\/#organization"},"potentialAction":[{"@type":"SearchAction","target":{"@type":"EntryPoint","urlTemplate":"https:\/\/kunmedierne.dk\/thy\/?s={search_term_string}"},"query-input":{"@type":"PropertyValueSpecification","valueRequired":true,"valueName":"search_term_string"}}],"inLanguage":"da-DK"},{"@type":"Organization","@id":"https:\/\/kunmedierne.dk\/thy\/#organization","name":"Thy","url":"https:\/\/kunmedierne.dk\/thy\/","logo":{"@type":"ImageObject","inLanguage":"da-DK","@id":"https:\/\/kunmedierne.dk\/thy\/#\/schema\/logo\/image\/","url":"https:\/\/kunmedierne.dk\/thy\/wp-content\/uploads\/sites\/2\/2025\/04\/kunthy-logo.svg","contentUrl":"https:\/\/kunmedierne.dk\/thy\/wp-content\/uploads\/sites\/2\/2025\/04\/kunthy-logo.svg","caption":"Thy"},"image":{"@id":"https:\/\/kunmedierne.dk\/thy\/#\/schema\/logo\/image\/"}},{"@type":"Person","@id":"https:\/\/kunmedierne.dk\/thy\/#\/schema\/person\/88f5be46809ca2a5533760eb574fef93","name":"Jens Fogh Andersen","image":{"@type":"ImageObject","inLanguage":"da-DK","@id":"https:\/\/kunmedierne.dk\/thy\/#\/schema\/person\/image\/","url":"https:\/\/secure.gravatar.com\/avatar\/2b367a4ef139b1c41dccc9ee7af926b81f8b4cca3359772e86c7fd5ced26c0a3?s=96&d=mm&r=g","contentUrl":"https:\/\/secure.gravatar.com\/avatar\/2b367a4ef139b1c41dccc9ee7af926b81f8b4cca3359772e86c7fd5ced26c0a3?s=96&d=mm&r=g","caption":"Jens Fogh Andersen"},"url":"https:\/\/kunmedierne.dk\/thy\/author\/jfa\/"}]}},"_links":{"self":[{"href":"https:\/\/kunmedierne.dk\/thy\/wp-json\/wp\/v2\/posts\/21327","targetHints":{"allow":["GET"]}}],"collection":[{"href":"https:\/\/kunmedierne.dk\/thy\/wp-json\/wp\/v2\/posts"}],"about":[{"href":"https:\/\/kunmedierne.dk\/thy\/wp-json\/wp\/v2\/types\/post"}],"author":[{"embeddable":true,"href":"https:\/\/kunmedierne.dk\/thy\/wp-json\/wp\/v2\/users\/4535"}],"replies":[{"embeddable":true,"href":"https:\/\/kunmedierne.dk\/thy\/wp-json\/wp\/v2\/comments?post=21327"}],"version-history":[{"count":6,"href":"https:\/\/kunmedierne.dk\/thy\/wp-json\/wp\/v2\/posts\/21327\/revisions"}],"predecessor-version":[{"id":21351,"href":"https:\/\/kunmedierne.dk\/thy\/wp-json\/wp\/v2\/posts\/21327\/revisions\/21351"}],"wp:attachment":[{"href":"https:\/\/kunmedierne.dk\/thy\/wp-json\/wp\/v2\/media?parent=21327"}],"wp:term":[{"taxonomy":"category","embeddable":true,"href":"https:\/\/kunmedierne.dk\/thy\/wp-json\/wp\/v2\/categories?post=21327"},{"taxonomy":"post_tag","embeddable":true,"href":"https:\/\/kunmedierne.dk\/thy\/wp-json\/wp\/v2\/tags?post=21327"}],"curies":[{"name":"wp","href":"https:\/\/api.w.org\/{rel}","templated":true}]}}