{"id":21323,"date":"2026-04-29T08:29:03","date_gmt":"2026-04-29T06:29:03","guid":{"rendered":"https:\/\/kunmedierne.dk\/thy\/?p=21323"},"modified":"2026-04-29T08:29:03","modified_gmt":"2026-04-29T06:29:03","slug":"laeserbrev-blaat-flertal-ser-ingen-vaerdi-i-at-fortsaette-samarbejde-om-feggesundfaergen","status":"publish","type":"post","link":"https:\/\/kunmedierne.dk\/thy\/laeserbrev-blaat-flertal-ser-ingen-vaerdi-i-at-fortsaette-samarbejde-om-feggesundfaergen\/","title":{"rendered":"<span>L\u00e6serbrev: <\/span>Bl\u00e5t flertal ser ingen v\u00e6rdi i at forts\u00e6tte samarbejde om Feggesundf\u00e6rgen"},"content":{"rendered":"<p><strong>DEBAT:<\/strong>\u00a0Det bl\u00e5 flertal i Thy har sl\u00e5et tonen an i den nye kommunalbestyrelse.<\/p>\n<p>For nogle m\u00e5neder siden valgte konstitueringen at opsige en 50 \u00e5r gammel aftale med vores nordiske venskabsbyer.<\/p>\n<p>Det havde ingen v\u00e6rdi at forts\u00e6tte dette samarbejde, mente man.<\/p>\n<a class=\"dvrt-link\" onClick=\"cdmtrack_click(4416,jQuery(this));return false\" href=\"https:\/\/sdrhaa.dk\/\"><img decoding=\"async\" style=\"width:100%;\" src=\"https:\/\/kunmedierne.dk\/thy\/wp-content\/uploads\/sites\/2\/2025\/05\/260302Din-gebyrvenlige-sparekasse_SHS_Thy-1.gif\"><\/a><script>cdmtrack_view(4416);<\/script>\n<p>Nu har man s\u00e5 igen valgt at opsige et historisk samarbejde &#8211; denne gang med vores n\u00e6rmeste nabo Mors\u00f8 Kommune.<\/p>\n<p>Feggesund-f\u00e6rgen har \u00e5benbart ingen v\u00e6rdi for Thisted Kommune og det til trods for, at erhvervslivet og en r\u00e6kke borgerforeninger i Nordthy og p\u00e5 Hann\u00e6s har arbejdet for at bevare forbindelsen over sundet.<\/p>\n<p>Og s\u00e5 er der alle vi andre i resten af kommunen, som ogs\u00e5 synes, at det er en rigtig d\u00e5rlig ide at tr\u00e6de ud af samarbejdet.<\/p>\n<p>Borgmesteren vil sikkert p\u00e5st\u00e5, at Thisted Kommune, med den netop genforhandlede aftale, ikke forlader samarbejdet, men derimod sikrer f\u00e6rgens drift i 10 \u00e5r med efterf\u00f8lgende mulighed for genforhandling.<\/p>\n<a class=\"dvrt-link\" onClick=\"cdmtrack_click(18790,jQuery(this));return false\" href=\"https:\/\/thymors.dk\/sponsorater\/15-til-faellesskabet?utm_source=kunthy&amp;utm_medium=annonce&amp;utm_campaign=sponsorater\"><img decoding=\"async\" style=\"width:100%;\" src=\"https:\/\/kunmedierne.dk\/thy\/wp-content\/uploads\/sites\/2\/2026\/03\/260407ThyMors-energi_faellesskab_generel-1.jpg\"><\/a><script>cdmtrack_view(18790);<\/script>\n<p>Men fakta er jo, at man har vredet armen om p\u00e5 vores venner fra Mors og givet dem et tilbud, som de ikke kunne afsl\u00e5. Thisted Kommune skal k\u00f8re p\u00e5 frihjul i 10 \u00e5r og samtidig afdrage kommunens g\u00e6ld i selskabet.<\/p>\n<p>Det er ikke en respektfuld m\u00e5de at samarbejde p\u00e5, og det er en usolidarisk aftale, som ikke tjener Thisted Kommune til \u00e6re.<\/p>\n<p>Hvem skal betale de driftsm\u00e6ssige omkostninger, som m\u00e5tte komme de n\u00e6ste 10 \u00e5r? Den opgave skal Mors\u00f8 Kommune alene l\u00f8fte, for Thisted Kommune fraskriver sig et hvert ansvar.<\/p>\n<a class=\"dvrt-link\" onClick=\"cdmtrack_click(687,jQuery(this));return false\" href=\"https:\/\/konpap.dk\/?gad_source=1&gclid=Cj0KCQjwtJ6_BhDWARIsAGanmKfOBLC3RBm6obWL5sEb-mp4bsp5QjqWW4j4nx22y0YT2iMiXJcv3MoaApR_EALw_wcB\"><img decoding=\"async\" style=\"width:100%;\" src=\"https:\/\/kunmedierne.dk\/thy\/wp-content\/uploads\/sites\/2\/2025\/03\/redoffice.jpg\"><\/a><script>cdmtrack_view(687);<\/script>\n<p>I Socialdemokratiet synes vi ikke, at det er en god aftale, som borgmesteren har lavet.<\/p>\n<p>Vi havde i stedet set Thisted Kommune blive i samarbejdet som en ansvarlig partner, der \u00f8nsker at styrke infrastrukturen i omr\u00e5det &#8211; ikke det modsatte.<\/p>\n<p>Vi er ikke tilh\u00e6ngere af konstitueringens iver efter at forlade historiske samarbejder, og vi frygter for den n\u00e6ste kanin, som borgmesteren hiver op af hatten.<\/p>\n<p>Man kan frygte, at det bliver Agger Thybor\u00f8n forbindelsen, som st\u00e5r for skud, for hvis man er ligeglad med f\u00e6rgeforbindelsen i den nordlige ende af kommunen, s\u00e5 har man vel de samme overvejelser om f\u00e6rgen i den sydlige del af kommunen.<\/p>\n<p>Det bl\u00e5 flertal i Thy har sl\u00e5et tonen an i den nye kommunalbestyrelse.<\/p>\n","protected":false},"excerpt":{"rendered":"<p>DEBAT:\u00a0Det bl\u00e5 flertal i Thy har sl\u00e5et tonen an i den nye kommunalbestyrelse. For nogle m\u00e5neder siden valgte konstitueringen at opsige en 50 \u00e5r gammel aftale med vores nordiske venskabsbyer. Det havde ingen v\u00e6rdi at forts\u00e6tte dette samarbejde, mente man. Nu har man s\u00e5 igen valgt at opsige et historisk samarbejde &#8211; denne gang med [&hellip;]<\/p>\n","protected":false},"author":11,"featured_media":0,"comment_status":"closed","ping_status":"closed","sticky":false,"template":"","format":"standard","meta":{"_acf_changed":false,"footnotes":""},"categories":[56],"tags":[37,62],"class_list":["post-21323","post","type-post","status-publish","format-standard","hentry","category-debat","tag-kommunalpolitik","tag-trafik"],"acf":[],"yoast_head":"<!-- This site is optimized with the Yoast SEO plugin v26.8 - https:\/\/yoast.com\/product\/yoast-seo-wordpress\/ -->\n<title>L\u00e6serbrev: Bl\u00e5t flertal ser ingen v\u00e6rdi i at forts\u00e6tte samarbejde om Feggesundf\u00e6rgen - Thy<\/title>\n<meta name=\"robots\" content=\"index, follow, max-snippet:-1, max-image-preview:large, max-video-preview:-1\" \/>\n<link rel=\"canonical\" href=\"https:\/\/kunmedierne.dk\/thy\/laeserbrev-blaat-flertal-ser-ingen-vaerdi-i-at-fortsaette-samarbejde-om-feggesundfaergen\/\" \/>\n<meta property=\"og:locale\" content=\"da_DK\" \/>\n<meta property=\"og:type\" content=\"article\" \/>\n<meta property=\"og:title\" content=\"L\u00e6serbrev: Bl\u00e5t flertal ser ingen v\u00e6rdi i at forts\u00e6tte samarbejde om Feggesundf\u00e6rgen - Thy\" \/>\n<meta property=\"og:description\" content=\"DEBAT:\u00a0Det bl\u00e5 flertal i Thy har sl\u00e5et tonen an i den nye kommunalbestyrelse. For nogle m\u00e5neder siden valgte konstitueringen at opsige en 50 \u00e5r gammel aftale med vores nordiske venskabsbyer. Det havde ingen v\u00e6rdi at forts\u00e6tte dette samarbejde, mente man. Nu har man s\u00e5 igen valgt at opsige et historisk samarbejde &#8211; denne gang med [&hellip;]\" \/>\n<meta property=\"og:url\" content=\"https:\/\/kunmedierne.dk\/thy\/laeserbrev-blaat-flertal-ser-ingen-vaerdi-i-at-fortsaette-samarbejde-om-feggesundfaergen\/\" \/>\n<meta property=\"og:site_name\" content=\"Thy\" \/>\n<meta property=\"article:published_time\" content=\"2026-04-29T06:29:03+00:00\" \/>\n<meta name=\"author\" content=\"Debat\" \/>\n<meta name=\"twitter:card\" content=\"summary_large_image\" \/>\n<meta name=\"twitter:label1\" content=\"Skrevet af\" \/>\n\t<meta name=\"twitter:data1\" content=\"Debat\" \/>\n\t<meta name=\"twitter:label2\" content=\"Estimeret l\u00e6setid\" \/>\n\t<meta name=\"twitter:data2\" content=\"2 minutter\" \/>\n<script type=\"application\/ld+json\" class=\"yoast-schema-graph\">{\"@context\":\"https:\/\/schema.org\",\"@graph\":[{\"@type\":\"Article\",\"@id\":\"https:\/\/kunmedierne.dk\/thy\/laeserbrev-blaat-flertal-ser-ingen-vaerdi-i-at-fortsaette-samarbejde-om-feggesundfaergen\/#article\",\"isPartOf\":{\"@id\":\"https:\/\/kunmedierne.dk\/thy\/laeserbrev-blaat-flertal-ser-ingen-vaerdi-i-at-fortsaette-samarbejde-om-feggesundfaergen\/\"},\"author\":{\"name\":\"Debat\",\"@id\":\"https:\/\/kunmedierne.dk\/thy\/#\/schema\/person\/84c1391bce0b43b9bb3a49736bc0ad78\"},\"headline\":\"L\u00e6serbrev: Bl\u00e5t flertal ser ingen v\u00e6rdi i at forts\u00e6tte samarbejde om Feggesundf\u00e6rgen\",\"datePublished\":\"2026-04-29T06:29:03+00:00\",\"mainEntityOfPage\":{\"@id\":\"https:\/\/kunmedierne.dk\/thy\/laeserbrev-blaat-flertal-ser-ingen-vaerdi-i-at-fortsaette-samarbejde-om-feggesundfaergen\/\"},\"wordCount\":405,\"publisher\":{\"@id\":\"https:\/\/kunmedierne.dk\/thy\/#organization\"},\"keywords\":[\"Kommunalpolitik\",\"Trafik\"],\"articleSection\":[\"Debat\"],\"inLanguage\":\"da-DK\"},{\"@type\":\"WebPage\",\"@id\":\"https:\/\/kunmedierne.dk\/thy\/laeserbrev-blaat-flertal-ser-ingen-vaerdi-i-at-fortsaette-samarbejde-om-feggesundfaergen\/\",\"url\":\"https:\/\/kunmedierne.dk\/thy\/laeserbrev-blaat-flertal-ser-ingen-vaerdi-i-at-fortsaette-samarbejde-om-feggesundfaergen\/\",\"name\":\"L\u00e6serbrev: Bl\u00e5t flertal ser ingen v\u00e6rdi i at forts\u00e6tte samarbejde om Feggesundf\u00e6rgen - Thy\",\"isPartOf\":{\"@id\":\"https:\/\/kunmedierne.dk\/thy\/#website\"},\"datePublished\":\"2026-04-29T06:29:03+00:00\",\"breadcrumb\":{\"@id\":\"https:\/\/kunmedierne.dk\/thy\/laeserbrev-blaat-flertal-ser-ingen-vaerdi-i-at-fortsaette-samarbejde-om-feggesundfaergen\/#breadcrumb\"},\"inLanguage\":\"da-DK\",\"potentialAction\":[{\"@type\":\"ReadAction\",\"target\":[\"https:\/\/kunmedierne.dk\/thy\/laeserbrev-blaat-flertal-ser-ingen-vaerdi-i-at-fortsaette-samarbejde-om-feggesundfaergen\/\"]}]},{\"@type\":\"BreadcrumbList\",\"@id\":\"https:\/\/kunmedierne.dk\/thy\/laeserbrev-blaat-flertal-ser-ingen-vaerdi-i-at-fortsaette-samarbejde-om-feggesundfaergen\/#breadcrumb\",\"itemListElement\":[{\"@type\":\"ListItem\",\"position\":1,\"name\":\"Home\",\"item\":\"https:\/\/kunmedierne.dk\/thy\/\"},{\"@type\":\"ListItem\",\"position\":2,\"name\":\"L\u00e6serbrev: Bl\u00e5t flertal ser ingen v\u00e6rdi i at forts\u00e6tte samarbejde om Feggesundf\u00e6rgen\"}]},{\"@type\":\"WebSite\",\"@id\":\"https:\/\/kunmedierne.dk\/thy\/#website\",\"url\":\"https:\/\/kunmedierne.dk\/thy\/\",\"name\":\"Thy\",\"description\":\"et netmedie med journalistik om livet i Thy\",\"publisher\":{\"@id\":\"https:\/\/kunmedierne.dk\/thy\/#organization\"},\"potentialAction\":[{\"@type\":\"SearchAction\",\"target\":{\"@type\":\"EntryPoint\",\"urlTemplate\":\"https:\/\/kunmedierne.dk\/thy\/?s={search_term_string}\"},\"query-input\":{\"@type\":\"PropertyValueSpecification\",\"valueRequired\":true,\"valueName\":\"search_term_string\"}}],\"inLanguage\":\"da-DK\"},{\"@type\":\"Organization\",\"@id\":\"https:\/\/kunmedierne.dk\/thy\/#organization\",\"name\":\"Thy\",\"url\":\"https:\/\/kunmedierne.dk\/thy\/\",\"logo\":{\"@type\":\"ImageObject\",\"inLanguage\":\"da-DK\",\"@id\":\"https:\/\/kunmedierne.dk\/thy\/#\/schema\/logo\/image\/\",\"url\":\"https:\/\/kunmedierne.dk\/thy\/wp-content\/uploads\/sites\/2\/2025\/04\/kunthy-logo.svg\",\"contentUrl\":\"https:\/\/kunmedierne.dk\/thy\/wp-content\/uploads\/sites\/2\/2025\/04\/kunthy-logo.svg\",\"caption\":\"Thy\"},\"image\":{\"@id\":\"https:\/\/kunmedierne.dk\/thy\/#\/schema\/logo\/image\/\"}},{\"@type\":\"Person\",\"@id\":\"https:\/\/kunmedierne.dk\/thy\/#\/schema\/person\/84c1391bce0b43b9bb3a49736bc0ad78\",\"name\":\"Debat\",\"image\":{\"@type\":\"ImageObject\",\"inLanguage\":\"da-DK\",\"@id\":\"https:\/\/kunmedierne.dk\/thy\/#\/schema\/person\/image\/\",\"url\":\"https:\/\/secure.gravatar.com\/avatar\/b0fb2e221d618f7c65162ab0d49c7e8a0b580c871ca03af90e42b47b4150654c?s=96&d=mm&r=g\",\"contentUrl\":\"https:\/\/secure.gravatar.com\/avatar\/b0fb2e221d618f7c65162ab0d49c7e8a0b580c871ca03af90e42b47b4150654c?s=96&d=mm&r=g\",\"caption\":\"Debat\"},\"url\":\"https:\/\/kunmedierne.dk\/thy\/author\/debat\/\"}]}<\/script>\n<!-- \/ Yoast SEO plugin. -->","yoast_head_json":{"title":"L\u00e6serbrev: Bl\u00e5t flertal ser ingen v\u00e6rdi i at forts\u00e6tte samarbejde om Feggesundf\u00e6rgen - Thy","robots":{"index":"index","follow":"follow","max-snippet":"max-snippet:-1","max-image-preview":"max-image-preview:large","max-video-preview":"max-video-preview:-1"},"canonical":"https:\/\/kunmedierne.dk\/thy\/laeserbrev-blaat-flertal-ser-ingen-vaerdi-i-at-fortsaette-samarbejde-om-feggesundfaergen\/","og_locale":"da_DK","og_type":"article","og_title":"L\u00e6serbrev: Bl\u00e5t flertal ser ingen v\u00e6rdi i at forts\u00e6tte samarbejde om Feggesundf\u00e6rgen - Thy","og_description":"DEBAT:\u00a0Det bl\u00e5 flertal i Thy har sl\u00e5et tonen an i den nye kommunalbestyrelse. For nogle m\u00e5neder siden valgte konstitueringen at opsige en 50 \u00e5r gammel aftale med vores nordiske venskabsbyer. Det havde ingen v\u00e6rdi at forts\u00e6tte dette samarbejde, mente man. Nu har man s\u00e5 igen valgt at opsige et historisk samarbejde &#8211; denne gang med [&hellip;]","og_url":"https:\/\/kunmedierne.dk\/thy\/laeserbrev-blaat-flertal-ser-ingen-vaerdi-i-at-fortsaette-samarbejde-om-feggesundfaergen\/","og_site_name":"Thy","article_published_time":"2026-04-29T06:29:03+00:00","author":"Debat","twitter_card":"summary_large_image","twitter_misc":{"Skrevet af":"Debat","Estimeret l\u00e6setid":"2 minutter"},"schema":{"@context":"https:\/\/schema.org","@graph":[{"@type":"Article","@id":"https:\/\/kunmedierne.dk\/thy\/laeserbrev-blaat-flertal-ser-ingen-vaerdi-i-at-fortsaette-samarbejde-om-feggesundfaergen\/#article","isPartOf":{"@id":"https:\/\/kunmedierne.dk\/thy\/laeserbrev-blaat-flertal-ser-ingen-vaerdi-i-at-fortsaette-samarbejde-om-feggesundfaergen\/"},"author":{"name":"Debat","@id":"https:\/\/kunmedierne.dk\/thy\/#\/schema\/person\/84c1391bce0b43b9bb3a49736bc0ad78"},"headline":"L\u00e6serbrev: Bl\u00e5t flertal ser ingen v\u00e6rdi i at forts\u00e6tte samarbejde om Feggesundf\u00e6rgen","datePublished":"2026-04-29T06:29:03+00:00","mainEntityOfPage":{"@id":"https:\/\/kunmedierne.dk\/thy\/laeserbrev-blaat-flertal-ser-ingen-vaerdi-i-at-fortsaette-samarbejde-om-feggesundfaergen\/"},"wordCount":405,"publisher":{"@id":"https:\/\/kunmedierne.dk\/thy\/#organization"},"keywords":["Kommunalpolitik","Trafik"],"articleSection":["Debat"],"inLanguage":"da-DK"},{"@type":"WebPage","@id":"https:\/\/kunmedierne.dk\/thy\/laeserbrev-blaat-flertal-ser-ingen-vaerdi-i-at-fortsaette-samarbejde-om-feggesundfaergen\/","url":"https:\/\/kunmedierne.dk\/thy\/laeserbrev-blaat-flertal-ser-ingen-vaerdi-i-at-fortsaette-samarbejde-om-feggesundfaergen\/","name":"L\u00e6serbrev: Bl\u00e5t flertal ser ingen v\u00e6rdi i at forts\u00e6tte samarbejde om Feggesundf\u00e6rgen - Thy","isPartOf":{"@id":"https:\/\/kunmedierne.dk\/thy\/#website"},"datePublished":"2026-04-29T06:29:03+00:00","breadcrumb":{"@id":"https:\/\/kunmedierne.dk\/thy\/laeserbrev-blaat-flertal-ser-ingen-vaerdi-i-at-fortsaette-samarbejde-om-feggesundfaergen\/#breadcrumb"},"inLanguage":"da-DK","potentialAction":[{"@type":"ReadAction","target":["https:\/\/kunmedierne.dk\/thy\/laeserbrev-blaat-flertal-ser-ingen-vaerdi-i-at-fortsaette-samarbejde-om-feggesundfaergen\/"]}]},{"@type":"BreadcrumbList","@id":"https:\/\/kunmedierne.dk\/thy\/laeserbrev-blaat-flertal-ser-ingen-vaerdi-i-at-fortsaette-samarbejde-om-feggesundfaergen\/#breadcrumb","itemListElement":[{"@type":"ListItem","position":1,"name":"Home","item":"https:\/\/kunmedierne.dk\/thy\/"},{"@type":"ListItem","position":2,"name":"L\u00e6serbrev: Bl\u00e5t flertal ser ingen v\u00e6rdi i at forts\u00e6tte samarbejde om Feggesundf\u00e6rgen"}]},{"@type":"WebSite","@id":"https:\/\/kunmedierne.dk\/thy\/#website","url":"https:\/\/kunmedierne.dk\/thy\/","name":"Thy","description":"et netmedie med journalistik om livet i Thy","publisher":{"@id":"https:\/\/kunmedierne.dk\/thy\/#organization"},"potentialAction":[{"@type":"SearchAction","target":{"@type":"EntryPoint","urlTemplate":"https:\/\/kunmedierne.dk\/thy\/?s={search_term_string}"},"query-input":{"@type":"PropertyValueSpecification","valueRequired":true,"valueName":"search_term_string"}}],"inLanguage":"da-DK"},{"@type":"Organization","@id":"https:\/\/kunmedierne.dk\/thy\/#organization","name":"Thy","url":"https:\/\/kunmedierne.dk\/thy\/","logo":{"@type":"ImageObject","inLanguage":"da-DK","@id":"https:\/\/kunmedierne.dk\/thy\/#\/schema\/logo\/image\/","url":"https:\/\/kunmedierne.dk\/thy\/wp-content\/uploads\/sites\/2\/2025\/04\/kunthy-logo.svg","contentUrl":"https:\/\/kunmedierne.dk\/thy\/wp-content\/uploads\/sites\/2\/2025\/04\/kunthy-logo.svg","caption":"Thy"},"image":{"@id":"https:\/\/kunmedierne.dk\/thy\/#\/schema\/logo\/image\/"}},{"@type":"Person","@id":"https:\/\/kunmedierne.dk\/thy\/#\/schema\/person\/84c1391bce0b43b9bb3a49736bc0ad78","name":"Debat","image":{"@type":"ImageObject","inLanguage":"da-DK","@id":"https:\/\/kunmedierne.dk\/thy\/#\/schema\/person\/image\/","url":"https:\/\/secure.gravatar.com\/avatar\/b0fb2e221d618f7c65162ab0d49c7e8a0b580c871ca03af90e42b47b4150654c?s=96&d=mm&r=g","contentUrl":"https:\/\/secure.gravatar.com\/avatar\/b0fb2e221d618f7c65162ab0d49c7e8a0b580c871ca03af90e42b47b4150654c?s=96&d=mm&r=g","caption":"Debat"},"url":"https:\/\/kunmedierne.dk\/thy\/author\/debat\/"}]}},"_links":{"self":[{"href":"https:\/\/kunmedierne.dk\/thy\/wp-json\/wp\/v2\/posts\/21323","targetHints":{"allow":["GET"]}}],"collection":[{"href":"https:\/\/kunmedierne.dk\/thy\/wp-json\/wp\/v2\/posts"}],"about":[{"href":"https:\/\/kunmedierne.dk\/thy\/wp-json\/wp\/v2\/types\/post"}],"author":[{"embeddable":true,"href":"https:\/\/kunmedierne.dk\/thy\/wp-json\/wp\/v2\/users\/11"}],"replies":[{"embeddable":true,"href":"https:\/\/kunmedierne.dk\/thy\/wp-json\/wp\/v2\/comments?post=21323"}],"version-history":[{"count":6,"href":"https:\/\/kunmedierne.dk\/thy\/wp-json\/wp\/v2\/posts\/21323\/revisions"}],"predecessor-version":[{"id":21337,"href":"https:\/\/kunmedierne.dk\/thy\/wp-json\/wp\/v2\/posts\/21323\/revisions\/21337"}],"wp:attachment":[{"href":"https:\/\/kunmedierne.dk\/thy\/wp-json\/wp\/v2\/media?parent=21323"}],"wp:term":[{"taxonomy":"category","embeddable":true,"href":"https:\/\/kunmedierne.dk\/thy\/wp-json\/wp\/v2\/categories?post=21323"},{"taxonomy":"post_tag","embeddable":true,"href":"https:\/\/kunmedierne.dk\/thy\/wp-json\/wp\/v2\/tags?post=21323"}],"curies":[{"name":"wp","href":"https:\/\/api.w.org\/{rel}","templated":true}]}}