{"id":21313,"date":"2026-04-28T21:46:52","date_gmt":"2026-04-28T19:46:52","guid":{"rendered":"https:\/\/kunmedierne.dk\/thy\/?p=21313"},"modified":"2026-04-28T21:55:19","modified_gmt":"2026-04-28T19:55:19","slug":"flertal-for-aftale-vaersgo-mors-her-har-i-to-millioner-aarligt-til-feggesundfaergen","status":"publish","type":"post","link":"https:\/\/kunmedierne.dk\/thy\/flertal-for-aftale-vaersgo-mors-her-har-i-to-millioner-aarligt-til-feggesundfaergen\/","title":{"rendered":"<span>Flertal for aftale: <\/span>V\u00e6rsgo Mors, her har I to millioner \u00e5rligt til Feggesundf\u00e6rgen"},"content":{"rendered":"<p><strong>THISTED:<\/strong> Selv om den politiske bed\u00f8mmelse af kvaliteten af den aftale om Feggesundf\u00e6rgen, som borgmester Niels J\u00f8rgen Pedersen, V, har indg\u00e5et med sin kollega i Mors\u00f8 Kommune, gik fra godkendt til det stik modsatte, kom det ikke til udtryk, da de 27 medlemmer af kommunalbestyrelsen skulle godkende aftalen.<\/p>\n<a class=\"dvrt-link\" onClick=\"cdmtrack_click(683,jQuery(this));return false\" href=\"https:\/\/vester-begr.dk\/?utm_source=google&amp;utm_medium=advative&amp;gad_source=1&amp;gclid=Cj0KCQjwtJ6_BhDWARIsAGanmKfl-hGVVjCYiOgSKoGoxrow4kvXybZsnruKJYTslvqZDywT6a9PCQwaAmBjEALw_wcB\"><img decoding=\"async\" style=\"width:100%;\" src=\"https:\/\/kunmedierne.dk\/thy\/wp-content\/uploads\/sites\/2\/2025\/03\/260203VesterHoukaer-02022026.jpg\"><\/a><script>cdmtrack_view(683);<\/script>\n<p>Det skete med 16 stemmer for og en enkelt imod, nemlig DF&#8217;s Ib Poulsen. 10 medlemmer undlod at tage stilling, det var kommunalbestyrelsens syv socialdemokratiske medlemmer, SF&#8217;s ene medlem samt Enhedslistens to medlemmer.<\/p>\n<p>Dermed sikrede Niels J\u00f8rgen Pedersen flertallet for f\u00e6rgeaftalen med stemmer fra Venstre, Konservative, Liberal Alliance og Danmarksdemokraterne.<\/p>\n<p>Efter afstemningen ligger det fast, at Thisted Kommune tr\u00e6der ud af det f\u00e6lleskommunale selskab I\/S Mors-Thy F\u00e6rgefart n\u00e5r den nuv\u00e6rende aftale udl\u00f8ber ved \u00e5rsskiftet. Herefter er det Mors\u00f8 Kommune alene, der st\u00e5r f\u00e5r driften af Feggesundf\u00e6rgen, men som en del af den nye aftale med et \u00e5rligt tilskud p\u00e5 to millioner pristalsregulerede kroner i st\u00f8tte fra Thisted Kommune frem til udgangen af 2037, hvor der er lagt op til at forhandle en ny f\u00e6rgeaftale.<\/p>\n<div id=\"attachment_15555\" style=\"width: 2010px\" class=\"wp-caption alignnone\"><img loading=\"lazy\" decoding=\"async\" aria-describedby=\"caption-attachment-15555\" class=\"wp-image-15555 size-full\" src=\"https:\/\/kunmedierne.dk\/thy\/wp-content\/uploads\/sites\/2\/2026\/01\/Skabelon-fotos174.jpg\" alt=\"\" width=\"2000\" height=\"1414\" srcset=\"https:\/\/kunmedierne.dk\/thy\/wp-content\/uploads\/sites\/2\/2026\/01\/Skabelon-fotos174.jpg 2000w, https:\/\/kunmedierne.dk\/thy\/wp-content\/uploads\/sites\/2\/2026\/01\/Skabelon-fotos174-300x212.jpg 300w, https:\/\/kunmedierne.dk\/thy\/wp-content\/uploads\/sites\/2\/2026\/01\/Skabelon-fotos174-1024x724.jpg 1024w, https:\/\/kunmedierne.dk\/thy\/wp-content\/uploads\/sites\/2\/2026\/01\/Skabelon-fotos174-510x361.jpg 510w\" sizes=\"auto, (max-width: 2000px) 100vw, 2000px\" \/><p id=\"caption-attachment-15555\" class=\"wp-caption-text\">&#8211; V\u00e6rsgo Mors, her har I to millioner \u00e5rligt til f\u00e6rgen, sagde den konservative gruppeformand Torben Overgaard. Arkivfoto: Mors\u00f8 Kommune.<\/p><\/div>\n<p>Beslutningen blev truffet efter en l\u00e6ngere debat. Niels J\u00f8rgen Pedersen gennemgik historikken bag den nye aftale og forklarede, at den var forhandlet med afs\u00e6t i et mandat fra \u00f8konomiudvalget. Det \u00e5bnede mulighed for, at Thisted kunne yde det \u00e5rlige tilskud p\u00e5 to millioner, men at Mors\u00f8 Kommune til fik fuldt ejerskab over f\u00e6rgeselskabet.<\/p>\n<p>&#8211; Men jeg blev da overrasket, da jeg kunne konstatere, at den samme kreds, som gav mig forhandlingsmandatet, tilsyneladende ikke bakkede op om aftalen, da vi behandlede den i \u00f8konomiudvalget, sagde Niels J\u00f8rgen Pedersen.<\/p>\n<a class=\"dvrt-link\" onClick=\"cdmtrack_click(18790,jQuery(this));return false\" href=\"https:\/\/thymors.dk\/sponsorater\/15-til-faellesskabet?utm_source=kunthy&amp;utm_medium=annonce&amp;utm_campaign=sponsorater\"><img decoding=\"async\" style=\"width:100%;\" src=\"https:\/\/kunmedierne.dk\/thy\/wp-content\/uploads\/sites\/2\/2026\/03\/260407ThyMors-energi_faellesskab_generel-1.jpg\"><\/a><script>cdmtrack_view(18790);<\/script>\n<p>Bem\u00e6rkningen var henvendt til socialdemokratiets Peter Skriver Nielsen, som p\u00e5 sidste uges m\u00f8de i \u00f8konomiudvalget ikke kunne st\u00f8tte aftalen. I kommunalbestyrelsen gentog han, at han hellere havde set at Thisted Kommune var blevet i f\u00e6rgeselskabet om havde v\u00e6ret med til at tage ansvar.<\/p>\n<p>&#8211; Men efter en lang debat i vores gruppe, \u00e6ndrer jeg min stemme, sagde Peter Skriver, som i den senere afstemning var en blandt de syv socialdemokrater, som helt undlod at tage stilling til aftalen.<\/p>\n<p>Partif\u00e6llen Jan Fink Mejlgaard var p\u00e5 samme linje. Han mente, at den nye aftale var det samme som at give morsingboerne et tilbud, de ikke kunne afsl\u00e5.<\/p>\n<p>&#8211; Og det tjener os ikke til \u00e6re, sagde han og tilf\u00f8jede, at han kunne frygte, at den &#8220;n\u00e6ste kanin, borgmesteren hiver op af hatten&#8221; kunne v\u00e6re, at kommunen tr\u00e6der ud af samarbejde om Agger-Thybor\u00f8nf\u00e6rgen.<\/p>\n<p>Ulla Vestergaard, S, s\u00e5 bagud og mente, at det havde v\u00e6ret rettidig omhu, hvis kommunalbestyrelsen f\u00f8r januars flertalsbeslutning om at opsige den hidtidige samarbejdsaftale, havde lagt op til en snak med Mors\u00f8 Kommune i et fors\u00f8g p\u00e5 at finde en ny l\u00f8sning i en ny aftale.<\/p>\n<p>&#8211; Nu st\u00e5r vi med en ny aftale, hvor tingene kunne v\u00e6re gjort lidt anderledes og lidt bedre, sagde Ulla Vestergaard.<\/p>\n<a class=\"dvrt-link\" onClick=\"cdmtrack_click(683,jQuery(this));return false\" href=\"https:\/\/vester-begr.dk\/?utm_source=google&amp;utm_medium=advative&amp;gad_source=1&amp;gclid=Cj0KCQjwtJ6_BhDWARIsAGanmKfl-hGVVjCYiOgSKoGoxrow4kvXybZsnruKJYTslvqZDywT6a9PCQwaAmBjEALw_wcB\"><img decoding=\"async\" style=\"width:100%;\" src=\"https:\/\/kunmedierne.dk\/thy\/wp-content\/uploads\/sites\/2\/2025\/03\/260203VesterHoukaer-02022026.jpg\"><\/a><script>cdmtrack_view(683);<\/script>\n<p>Enhedslistens Michael Riber J\u00f8rgensen h\u00e6ftede sig ved, at der var s\u00e5 mange ubekendte i aftalen, at det var sv\u00e6rt at tage stilling til den, mens SF&#8217;s Morten Bo Bertelsen sk\u00e6rpede retorikken med en bem\u00e6rkning om, at den nye aftale lignede mafiametoder. En bem\u00e6rkning, som Torben Overgaard, K, kaldte grov.<\/p>\n<p>&#8211; Mors\u00f8 Kommune har ikke andet valg end at sige ja til den nye aftale. Det er ikke v\u00e6rdigt overfor en nabo, sagde Morten Bo Bertelsen.<\/p>\n<div id=\"attachment_17937\" style=\"width: 3950px\" class=\"wp-caption alignnone\"><img loading=\"lazy\" decoding=\"async\" aria-describedby=\"caption-attachment-17937\" class=\"wp-image-17937 size-full\" src=\"https:\/\/kunmedierne.dk\/thy\/wp-content\/uploads\/sites\/2\/2026\/02\/Ib-Poulsen-kopier.jpg\" alt=\"\" width=\"3940\" height=\"2622\" srcset=\"https:\/\/kunmedierne.dk\/thy\/wp-content\/uploads\/sites\/2\/2026\/02\/Ib-Poulsen-kopier.jpg 3940w, https:\/\/kunmedierne.dk\/thy\/wp-content\/uploads\/sites\/2\/2026\/02\/Ib-Poulsen-kopier-300x200.jpg 300w, https:\/\/kunmedierne.dk\/thy\/wp-content\/uploads\/sites\/2\/2026\/02\/Ib-Poulsen-kopier-1024x681.jpg 1024w, https:\/\/kunmedierne.dk\/thy\/wp-content\/uploads\/sites\/2\/2026\/02\/Ib-Poulsen-kopier-510x339.jpg 510w\" sizes=\"auto, (max-width: 3940px) 100vw, 3940px\" \/><p id=\"caption-attachment-17937\" class=\"wp-caption-text\">Ib Poulsen, DF, stemte som den eneste blandt kommunalbestyrelsens 27 medlemmer mod den nye f\u00e6rgeraftale.\u00a0<\/p>\n<p><\/p><\/div>\n<p><span style=\"font-size: 16px\">Ib Poulsen, DF, var p\u00e5 samme linje.<\/span><\/p>\n<p>&#8211; Mors\u00f8 Kommune siger &#8220;ja&#8221; med en pistol for panden, sagde han.<\/p>\n<p>Anderledes positive kommentarer l\u00f8d fra partierne i konstitueringen bag Niels J\u00f8rgen Pedersen.<\/p>\n<p>Jens Tilma, K, var glad for, at der nu er en aftale, selv om han kaldte det for et \u00e6rgerligt signal til Mors, at Thisted som en del af den nye aftale tr\u00e6der ud af f\u00e6rgeselskabet.<\/p>\n<p>&#8211; Men aftalen er s\u00e5 god, som den kan blive, sagde Jens Tilma og gl\u00e6dede sig over, at lokalomr\u00e5derne p\u00e5 begge sider af Feggesund nu arbejder for at udvikle det fremtidige grundlag for f\u00e6rgens fortsatte drift.<\/p>\n<p>Mette Kj\u00e6rulff, V, n\u00f8jes med at konstatere, at det er godt at Thisted tr\u00e6der ud af f\u00e6rgeselskabet,\u00a0 men at kommunen fortsat giver tilskud til f\u00e6rgen, mens Lars Westergaard, DD, kaldte det en retf\u00e6rdig aftale i lyset af, at Mors\u00f8 Kommune har den st\u00f8rste gavn af f\u00e6rgen.<\/p>\n<a class=\"dvrt-link\" onClick=\"cdmtrack_click(687,jQuery(this));return false\" href=\"https:\/\/konpap.dk\/?gad_source=1&gclid=Cj0KCQjwtJ6_BhDWARIsAGanmKfOBLC3RBm6obWL5sEb-mp4bsp5QjqWW4j4nx22y0YT2iMiXJcv3MoaApR_EALw_wcB\"><img decoding=\"async\" style=\"width:100%;\" src=\"https:\/\/kunmedierne.dk\/thy\/wp-content\/uploads\/sites\/2\/2025\/03\/redoffice.jpg\"><\/a><script>cdmtrack_view(687);<\/script>\n<p>&#8211; Det er forkert at sige, at vi l\u00f8ber fra ansvaret. Vi tager ansvar overfor borgerne i Thisted Kommune, og med aftalen siger vi &#8220;ja&#8221; til at give et samlet tilskud p\u00e5 20 millioner kroner til driften af f\u00e6rgen. Det er ansvarligt, l\u00f8d det fra Liberal Alliances Casper S\u00f8e-Larsen som fandt, at aftalen var indg\u00e5et efter grundig dialog med Mors.<\/p>\n<p>Torben Overgaard, K, var p\u00e5 samme linje.<\/p>\n<p>&#8211; Jeg genkender ikke at vi stiller nogen alene. Tv\u00e6rtimod siger vi: V\u00e6rsgo Mors, her har I to millioner \u00e5rligt til f\u00e6rgen, sagde han.<\/p>\n","protected":false},"excerpt":{"rendered":"<p>THISTED: Selv om den politiske bed\u00f8mmelse af kvaliteten af den aftale om Feggesundf\u00e6rgen, som borgmester Niels J\u00f8rgen Pedersen, V, har indg\u00e5et med sin kollega i Mors\u00f8 Kommune, gik fra godkendt til det stik modsatte, kom det ikke til udtryk, da de 27 medlemmer af kommunalbestyrelsen skulle godkende aftalen. Det skete med 16 stemmer for og [&hellip;]<\/p>\n","protected":false},"author":4535,"featured_media":0,"comment_status":"closed","ping_status":"closed","sticky":false,"template":"","format":"standard","meta":{"_acf_changed":false,"footnotes":""},"categories":[24],"tags":[37,62],"class_list":["post-21313","post","type-post","status-publish","format-standard","hentry","category-lokalt","tag-kommunalpolitik","tag-trafik"],"acf":[],"yoast_head":"<!-- This site is optimized with the Yoast SEO plugin v26.8 - https:\/\/yoast.com\/product\/yoast-seo-wordpress\/ -->\n<title>Flertal for aftale: V\u00e6rsgo Mors, her har I to millioner \u00e5rligt til Feggesundf\u00e6rgen - Thy<\/title>\n<meta name=\"robots\" content=\"index, follow, max-snippet:-1, max-image-preview:large, max-video-preview:-1\" \/>\n<link rel=\"canonical\" href=\"https:\/\/kunmedierne.dk\/thy\/flertal-for-aftale-vaersgo-mors-her-har-i-to-millioner-aarligt-til-feggesundfaergen\/\" \/>\n<meta property=\"og:locale\" content=\"da_DK\" \/>\n<meta property=\"og:type\" content=\"article\" \/>\n<meta property=\"og:title\" content=\"Flertal for aftale: V\u00e6rsgo Mors, her har I to millioner \u00e5rligt til Feggesundf\u00e6rgen - Thy\" \/>\n<meta property=\"og:description\" content=\"THISTED: Selv om den politiske bed\u00f8mmelse af kvaliteten af den aftale om Feggesundf\u00e6rgen, som borgmester Niels J\u00f8rgen Pedersen, V, har indg\u00e5et med sin kollega i Mors\u00f8 Kommune, gik fra godkendt til det stik modsatte, kom det ikke til udtryk, da de 27 medlemmer af kommunalbestyrelsen skulle godkende aftalen. Det skete med 16 stemmer for og [&hellip;]\" \/>\n<meta property=\"og:url\" content=\"https:\/\/kunmedierne.dk\/thy\/flertal-for-aftale-vaersgo-mors-her-har-i-to-millioner-aarligt-til-feggesundfaergen\/\" \/>\n<meta property=\"og:site_name\" content=\"Thy\" \/>\n<meta property=\"article:published_time\" content=\"2026-04-28T19:46:52+00:00\" \/>\n<meta property=\"article:modified_time\" content=\"2026-04-28T19:55:19+00:00\" \/>\n<meta property=\"og:image\" content=\"https:\/\/kunmedierne.dk\/thy\/wp-content\/uploads\/sites\/2\/2026\/01\/Skabelon-fotos174.jpg\" \/>\n<meta name=\"author\" content=\"Jens Fogh Andersen\" \/>\n<meta name=\"twitter:card\" content=\"summary_large_image\" \/>\n<meta name=\"twitter:label1\" content=\"Skrevet af\" \/>\n\t<meta name=\"twitter:data1\" content=\"Jens Fogh Andersen\" \/>\n\t<meta name=\"twitter:label2\" content=\"Estimeret l\u00e6setid\" \/>\n\t<meta name=\"twitter:data2\" content=\"5 minutter\" \/>\n<script type=\"application\/ld+json\" class=\"yoast-schema-graph\">{\"@context\":\"https:\/\/schema.org\",\"@graph\":[{\"@type\":\"Article\",\"@id\":\"https:\/\/kunmedierne.dk\/thy\/flertal-for-aftale-vaersgo-mors-her-har-i-to-millioner-aarligt-til-feggesundfaergen\/#article\",\"isPartOf\":{\"@id\":\"https:\/\/kunmedierne.dk\/thy\/flertal-for-aftale-vaersgo-mors-her-har-i-to-millioner-aarligt-til-feggesundfaergen\/\"},\"author\":{\"name\":\"Jens Fogh Andersen\",\"@id\":\"https:\/\/kunmedierne.dk\/thy\/#\/schema\/person\/88f5be46809ca2a5533760eb574fef93\"},\"headline\":\"Flertal for aftale: V\u00e6rsgo Mors, her har I to millioner \u00e5rligt til Feggesundf\u00e6rgen\",\"datePublished\":\"2026-04-28T19:46:52+00:00\",\"dateModified\":\"2026-04-28T19:55:19+00:00\",\"mainEntityOfPage\":{\"@id\":\"https:\/\/kunmedierne.dk\/thy\/flertal-for-aftale-vaersgo-mors-her-har-i-to-millioner-aarligt-til-feggesundfaergen\/\"},\"wordCount\":924,\"publisher\":{\"@id\":\"https:\/\/kunmedierne.dk\/thy\/#organization\"},\"image\":{\"@id\":\"https:\/\/kunmedierne.dk\/thy\/flertal-for-aftale-vaersgo-mors-her-har-i-to-millioner-aarligt-til-feggesundfaergen\/#primaryimage\"},\"thumbnailUrl\":\"https:\/\/kunmedierne.dk\/thy\/wp-content\/uploads\/sites\/2\/2026\/01\/Skabelon-fotos174.jpg\",\"keywords\":[\"Kommunalpolitik\",\"Trafik\"],\"articleSection\":[\"Lokalt\"],\"inLanguage\":\"da-DK\"},{\"@type\":\"WebPage\",\"@id\":\"https:\/\/kunmedierne.dk\/thy\/flertal-for-aftale-vaersgo-mors-her-har-i-to-millioner-aarligt-til-feggesundfaergen\/\",\"url\":\"https:\/\/kunmedierne.dk\/thy\/flertal-for-aftale-vaersgo-mors-her-har-i-to-millioner-aarligt-til-feggesundfaergen\/\",\"name\":\"Flertal for aftale: V\u00e6rsgo Mors, her har I to millioner \u00e5rligt til Feggesundf\u00e6rgen - Thy\",\"isPartOf\":{\"@id\":\"https:\/\/kunmedierne.dk\/thy\/#website\"},\"primaryImageOfPage\":{\"@id\":\"https:\/\/kunmedierne.dk\/thy\/flertal-for-aftale-vaersgo-mors-her-har-i-to-millioner-aarligt-til-feggesundfaergen\/#primaryimage\"},\"image\":{\"@id\":\"https:\/\/kunmedierne.dk\/thy\/flertal-for-aftale-vaersgo-mors-her-har-i-to-millioner-aarligt-til-feggesundfaergen\/#primaryimage\"},\"thumbnailUrl\":\"https:\/\/kunmedierne.dk\/thy\/wp-content\/uploads\/sites\/2\/2026\/01\/Skabelon-fotos174.jpg\",\"datePublished\":\"2026-04-28T19:46:52+00:00\",\"dateModified\":\"2026-04-28T19:55:19+00:00\",\"breadcrumb\":{\"@id\":\"https:\/\/kunmedierne.dk\/thy\/flertal-for-aftale-vaersgo-mors-her-har-i-to-millioner-aarligt-til-feggesundfaergen\/#breadcrumb\"},\"inLanguage\":\"da-DK\",\"potentialAction\":[{\"@type\":\"ReadAction\",\"target\":[\"https:\/\/kunmedierne.dk\/thy\/flertal-for-aftale-vaersgo-mors-her-har-i-to-millioner-aarligt-til-feggesundfaergen\/\"]}]},{\"@type\":\"ImageObject\",\"inLanguage\":\"da-DK\",\"@id\":\"https:\/\/kunmedierne.dk\/thy\/flertal-for-aftale-vaersgo-mors-her-har-i-to-millioner-aarligt-til-feggesundfaergen\/#primaryimage\",\"url\":\"https:\/\/kunmedierne.dk\/thy\/wp-content\/uploads\/sites\/2\/2026\/01\/Skabelon-fotos174.jpg\",\"contentUrl\":\"https:\/\/kunmedierne.dk\/thy\/wp-content\/uploads\/sites\/2\/2026\/01\/Skabelon-fotos174.jpg\",\"width\":2000,\"height\":1414,\"caption\":\"Arkivfoto: Mors\u00f8 Kommune.\"},{\"@type\":\"BreadcrumbList\",\"@id\":\"https:\/\/kunmedierne.dk\/thy\/flertal-for-aftale-vaersgo-mors-her-har-i-to-millioner-aarligt-til-feggesundfaergen\/#breadcrumb\",\"itemListElement\":[{\"@type\":\"ListItem\",\"position\":1,\"name\":\"Home\",\"item\":\"https:\/\/kunmedierne.dk\/thy\/\"},{\"@type\":\"ListItem\",\"position\":2,\"name\":\"Flertal for aftale: V\u00e6rsgo Mors, her har I to millioner \u00e5rligt til Feggesundf\u00e6rgen\"}]},{\"@type\":\"WebSite\",\"@id\":\"https:\/\/kunmedierne.dk\/thy\/#website\",\"url\":\"https:\/\/kunmedierne.dk\/thy\/\",\"name\":\"Thy\",\"description\":\"et netmedie med journalistik om livet i Thy\",\"publisher\":{\"@id\":\"https:\/\/kunmedierne.dk\/thy\/#organization\"},\"potentialAction\":[{\"@type\":\"SearchAction\",\"target\":{\"@type\":\"EntryPoint\",\"urlTemplate\":\"https:\/\/kunmedierne.dk\/thy\/?s={search_term_string}\"},\"query-input\":{\"@type\":\"PropertyValueSpecification\",\"valueRequired\":true,\"valueName\":\"search_term_string\"}}],\"inLanguage\":\"da-DK\"},{\"@type\":\"Organization\",\"@id\":\"https:\/\/kunmedierne.dk\/thy\/#organization\",\"name\":\"Thy\",\"url\":\"https:\/\/kunmedierne.dk\/thy\/\",\"logo\":{\"@type\":\"ImageObject\",\"inLanguage\":\"da-DK\",\"@id\":\"https:\/\/kunmedierne.dk\/thy\/#\/schema\/logo\/image\/\",\"url\":\"https:\/\/kunmedierne.dk\/thy\/wp-content\/uploads\/sites\/2\/2025\/04\/kunthy-logo.svg\",\"contentUrl\":\"https:\/\/kunmedierne.dk\/thy\/wp-content\/uploads\/sites\/2\/2025\/04\/kunthy-logo.svg\",\"caption\":\"Thy\"},\"image\":{\"@id\":\"https:\/\/kunmedierne.dk\/thy\/#\/schema\/logo\/image\/\"}},{\"@type\":\"Person\",\"@id\":\"https:\/\/kunmedierne.dk\/thy\/#\/schema\/person\/88f5be46809ca2a5533760eb574fef93\",\"name\":\"Jens Fogh Andersen\",\"image\":{\"@type\":\"ImageObject\",\"inLanguage\":\"da-DK\",\"@id\":\"https:\/\/kunmedierne.dk\/thy\/#\/schema\/person\/image\/\",\"url\":\"https:\/\/secure.gravatar.com\/avatar\/2b367a4ef139b1c41dccc9ee7af926b81f8b4cca3359772e86c7fd5ced26c0a3?s=96&d=mm&r=g\",\"contentUrl\":\"https:\/\/secure.gravatar.com\/avatar\/2b367a4ef139b1c41dccc9ee7af926b81f8b4cca3359772e86c7fd5ced26c0a3?s=96&d=mm&r=g\",\"caption\":\"Jens Fogh Andersen\"},\"url\":\"https:\/\/kunmedierne.dk\/thy\/author\/jfa\/\"}]}<\/script>\n<!-- \/ Yoast SEO plugin. -->","yoast_head_json":{"title":"Flertal for aftale: V\u00e6rsgo Mors, her har I to millioner \u00e5rligt til Feggesundf\u00e6rgen - Thy","robots":{"index":"index","follow":"follow","max-snippet":"max-snippet:-1","max-image-preview":"max-image-preview:large","max-video-preview":"max-video-preview:-1"},"canonical":"https:\/\/kunmedierne.dk\/thy\/flertal-for-aftale-vaersgo-mors-her-har-i-to-millioner-aarligt-til-feggesundfaergen\/","og_locale":"da_DK","og_type":"article","og_title":"Flertal for aftale: V\u00e6rsgo Mors, her har I to millioner \u00e5rligt til Feggesundf\u00e6rgen - Thy","og_description":"THISTED: Selv om den politiske bed\u00f8mmelse af kvaliteten af den aftale om Feggesundf\u00e6rgen, som borgmester Niels J\u00f8rgen Pedersen, V, har indg\u00e5et med sin kollega i Mors\u00f8 Kommune, gik fra godkendt til det stik modsatte, kom det ikke til udtryk, da de 27 medlemmer af kommunalbestyrelsen skulle godkende aftalen. Det skete med 16 stemmer for og [&hellip;]","og_url":"https:\/\/kunmedierne.dk\/thy\/flertal-for-aftale-vaersgo-mors-her-har-i-to-millioner-aarligt-til-feggesundfaergen\/","og_site_name":"Thy","article_published_time":"2026-04-28T19:46:52+00:00","article_modified_time":"2026-04-28T19:55:19+00:00","og_image":[{"url":"https:\/\/kunmedierne.dk\/thy\/wp-content\/uploads\/sites\/2\/2026\/01\/Skabelon-fotos174.jpg","type":"","width":"","height":""}],"author":"Jens Fogh Andersen","twitter_card":"summary_large_image","twitter_misc":{"Skrevet af":"Jens Fogh Andersen","Estimeret l\u00e6setid":"5 minutter"},"schema":{"@context":"https:\/\/schema.org","@graph":[{"@type":"Article","@id":"https:\/\/kunmedierne.dk\/thy\/flertal-for-aftale-vaersgo-mors-her-har-i-to-millioner-aarligt-til-feggesundfaergen\/#article","isPartOf":{"@id":"https:\/\/kunmedierne.dk\/thy\/flertal-for-aftale-vaersgo-mors-her-har-i-to-millioner-aarligt-til-feggesundfaergen\/"},"author":{"name":"Jens Fogh Andersen","@id":"https:\/\/kunmedierne.dk\/thy\/#\/schema\/person\/88f5be46809ca2a5533760eb574fef93"},"headline":"Flertal for aftale: V\u00e6rsgo Mors, her har I to millioner \u00e5rligt til Feggesundf\u00e6rgen","datePublished":"2026-04-28T19:46:52+00:00","dateModified":"2026-04-28T19:55:19+00:00","mainEntityOfPage":{"@id":"https:\/\/kunmedierne.dk\/thy\/flertal-for-aftale-vaersgo-mors-her-har-i-to-millioner-aarligt-til-feggesundfaergen\/"},"wordCount":924,"publisher":{"@id":"https:\/\/kunmedierne.dk\/thy\/#organization"},"image":{"@id":"https:\/\/kunmedierne.dk\/thy\/flertal-for-aftale-vaersgo-mors-her-har-i-to-millioner-aarligt-til-feggesundfaergen\/#primaryimage"},"thumbnailUrl":"https:\/\/kunmedierne.dk\/thy\/wp-content\/uploads\/sites\/2\/2026\/01\/Skabelon-fotos174.jpg","keywords":["Kommunalpolitik","Trafik"],"articleSection":["Lokalt"],"inLanguage":"da-DK"},{"@type":"WebPage","@id":"https:\/\/kunmedierne.dk\/thy\/flertal-for-aftale-vaersgo-mors-her-har-i-to-millioner-aarligt-til-feggesundfaergen\/","url":"https:\/\/kunmedierne.dk\/thy\/flertal-for-aftale-vaersgo-mors-her-har-i-to-millioner-aarligt-til-feggesundfaergen\/","name":"Flertal for aftale: V\u00e6rsgo Mors, her har I to millioner \u00e5rligt til Feggesundf\u00e6rgen - Thy","isPartOf":{"@id":"https:\/\/kunmedierne.dk\/thy\/#website"},"primaryImageOfPage":{"@id":"https:\/\/kunmedierne.dk\/thy\/flertal-for-aftale-vaersgo-mors-her-har-i-to-millioner-aarligt-til-feggesundfaergen\/#primaryimage"},"image":{"@id":"https:\/\/kunmedierne.dk\/thy\/flertal-for-aftale-vaersgo-mors-her-har-i-to-millioner-aarligt-til-feggesundfaergen\/#primaryimage"},"thumbnailUrl":"https:\/\/kunmedierne.dk\/thy\/wp-content\/uploads\/sites\/2\/2026\/01\/Skabelon-fotos174.jpg","datePublished":"2026-04-28T19:46:52+00:00","dateModified":"2026-04-28T19:55:19+00:00","breadcrumb":{"@id":"https:\/\/kunmedierne.dk\/thy\/flertal-for-aftale-vaersgo-mors-her-har-i-to-millioner-aarligt-til-feggesundfaergen\/#breadcrumb"},"inLanguage":"da-DK","potentialAction":[{"@type":"ReadAction","target":["https:\/\/kunmedierne.dk\/thy\/flertal-for-aftale-vaersgo-mors-her-har-i-to-millioner-aarligt-til-feggesundfaergen\/"]}]},{"@type":"ImageObject","inLanguage":"da-DK","@id":"https:\/\/kunmedierne.dk\/thy\/flertal-for-aftale-vaersgo-mors-her-har-i-to-millioner-aarligt-til-feggesundfaergen\/#primaryimage","url":"https:\/\/kunmedierne.dk\/thy\/wp-content\/uploads\/sites\/2\/2026\/01\/Skabelon-fotos174.jpg","contentUrl":"https:\/\/kunmedierne.dk\/thy\/wp-content\/uploads\/sites\/2\/2026\/01\/Skabelon-fotos174.jpg","width":2000,"height":1414,"caption":"Arkivfoto: Mors\u00f8 Kommune."},{"@type":"BreadcrumbList","@id":"https:\/\/kunmedierne.dk\/thy\/flertal-for-aftale-vaersgo-mors-her-har-i-to-millioner-aarligt-til-feggesundfaergen\/#breadcrumb","itemListElement":[{"@type":"ListItem","position":1,"name":"Home","item":"https:\/\/kunmedierne.dk\/thy\/"},{"@type":"ListItem","position":2,"name":"Flertal for aftale: V\u00e6rsgo Mors, her har I to millioner \u00e5rligt til Feggesundf\u00e6rgen"}]},{"@type":"WebSite","@id":"https:\/\/kunmedierne.dk\/thy\/#website","url":"https:\/\/kunmedierne.dk\/thy\/","name":"Thy","description":"et netmedie med journalistik om livet i Thy","publisher":{"@id":"https:\/\/kunmedierne.dk\/thy\/#organization"},"potentialAction":[{"@type":"SearchAction","target":{"@type":"EntryPoint","urlTemplate":"https:\/\/kunmedierne.dk\/thy\/?s={search_term_string}"},"query-input":{"@type":"PropertyValueSpecification","valueRequired":true,"valueName":"search_term_string"}}],"inLanguage":"da-DK"},{"@type":"Organization","@id":"https:\/\/kunmedierne.dk\/thy\/#organization","name":"Thy","url":"https:\/\/kunmedierne.dk\/thy\/","logo":{"@type":"ImageObject","inLanguage":"da-DK","@id":"https:\/\/kunmedierne.dk\/thy\/#\/schema\/logo\/image\/","url":"https:\/\/kunmedierne.dk\/thy\/wp-content\/uploads\/sites\/2\/2025\/04\/kunthy-logo.svg","contentUrl":"https:\/\/kunmedierne.dk\/thy\/wp-content\/uploads\/sites\/2\/2025\/04\/kunthy-logo.svg","caption":"Thy"},"image":{"@id":"https:\/\/kunmedierne.dk\/thy\/#\/schema\/logo\/image\/"}},{"@type":"Person","@id":"https:\/\/kunmedierne.dk\/thy\/#\/schema\/person\/88f5be46809ca2a5533760eb574fef93","name":"Jens Fogh Andersen","image":{"@type":"ImageObject","inLanguage":"da-DK","@id":"https:\/\/kunmedierne.dk\/thy\/#\/schema\/person\/image\/","url":"https:\/\/secure.gravatar.com\/avatar\/2b367a4ef139b1c41dccc9ee7af926b81f8b4cca3359772e86c7fd5ced26c0a3?s=96&d=mm&r=g","contentUrl":"https:\/\/secure.gravatar.com\/avatar\/2b367a4ef139b1c41dccc9ee7af926b81f8b4cca3359772e86c7fd5ced26c0a3?s=96&d=mm&r=g","caption":"Jens Fogh Andersen"},"url":"https:\/\/kunmedierne.dk\/thy\/author\/jfa\/"}]}},"_links":{"self":[{"href":"https:\/\/kunmedierne.dk\/thy\/wp-json\/wp\/v2\/posts\/21313","targetHints":{"allow":["GET"]}}],"collection":[{"href":"https:\/\/kunmedierne.dk\/thy\/wp-json\/wp\/v2\/posts"}],"about":[{"href":"https:\/\/kunmedierne.dk\/thy\/wp-json\/wp\/v2\/types\/post"}],"author":[{"embeddable":true,"href":"https:\/\/kunmedierne.dk\/thy\/wp-json\/wp\/v2\/users\/4535"}],"replies":[{"embeddable":true,"href":"https:\/\/kunmedierne.dk\/thy\/wp-json\/wp\/v2\/comments?post=21313"}],"version-history":[{"count":6,"href":"https:\/\/kunmedierne.dk\/thy\/wp-json\/wp\/v2\/posts\/21313\/revisions"}],"predecessor-version":[{"id":21322,"href":"https:\/\/kunmedierne.dk\/thy\/wp-json\/wp\/v2\/posts\/21313\/revisions\/21322"}],"wp:attachment":[{"href":"https:\/\/kunmedierne.dk\/thy\/wp-json\/wp\/v2\/media?parent=21313"}],"wp:term":[{"taxonomy":"category","embeddable":true,"href":"https:\/\/kunmedierne.dk\/thy\/wp-json\/wp\/v2\/categories?post=21313"},{"taxonomy":"post_tag","embeddable":true,"href":"https:\/\/kunmedierne.dk\/thy\/wp-json\/wp\/v2\/tags?post=21313"}],"curies":[{"name":"wp","href":"https:\/\/api.w.org\/{rel}","templated":true}]}}