{"id":21310,"date":"2026-04-28T19:45:03","date_gmt":"2026-04-28T17:45:03","guid":{"rendered":"https:\/\/kunmedierne.dk\/thy\/?p=21310"},"modified":"2026-04-28T19:45:03","modified_gmt":"2026-04-28T17:45:03","slug":"morsoe-politikere-skoed-imod-thy-da-de-godkendte-ny-aftale-om-feggesundfaergen","status":"publish","type":"post","link":"https:\/\/kunmedierne.dk\/thy\/morsoe-politikere-skoed-imod-thy-da-de-godkendte-ny-aftale-om-feggesundfaergen\/","title":{"rendered":"Mors\u00f8-politikere sk\u00f8d imod Thy, da de godkendte ny aftale om Feggesundf\u00e6rgen"},"content":{"rendered":"<p><strong>POLITIK<\/strong>: Usmageligt. Egoistisk. Visionsl\u00f8st. K\u00e6mpe skuffelse. Uanst\u00e6ndigt.<\/p>\n<p>Hvis der havde v\u00e6ret en thybo til stede i byr\u00e5dssalen p\u00e5 Mors tirsdag aften, ville vedkommende v\u00e6re til at kende p\u00e5 de r\u00f8de \u00f8rer, for der blev sk\u00e6ldt ud med klar, f\u00e6lles r\u00f8st, da Mors\u00f8-politikerne godkendte en aftale, de dybest set ikke br\u00f8d sig om.<\/p>\n<a class=\"dvrt-link\" onClick=\"cdmtrack_click(683,jQuery(this));return false\" href=\"https:\/\/vester-begr.dk\/?utm_source=google&amp;utm_medium=advative&amp;gad_source=1&amp;gclid=Cj0KCQjwtJ6_BhDWARIsAGanmKfl-hGVVjCYiOgSKoGoxrow4kvXybZsnruKJYTslvqZDywT6a9PCQwaAmBjEALw_wcB\"><img decoding=\"async\" style=\"width:100%;\" src=\"https:\/\/kunmedierne.dk\/thy\/wp-content\/uploads\/sites\/2\/2025\/03\/260203VesterHoukaer-02022026.jpg\"><\/a><script>cdmtrack_view(683);<\/script>\n<p>Det var fremtiden for det f\u00e6lleskommunale selskab Mors-Thy F\u00e6rgefart, der var p\u00e5 dagsordenen. Som bekendt har Thisted Kommune valgt at forlade samarbejdet for i stedet at bidrage med et \u00e5rligt tilskud &#8211; j\u00e6vnf\u00f8r den aftale, parterne siden thyboernes udmelding i januar har forhandlet sig frem til.<\/p>\n<p>Den blev beskrevet som &#8220;det muliges kunst&#8221; og f\u00f8rte fra begge sider i byr\u00e5dssalen anerkendelse af Mors\u00f8-borgmester Jens Dahlgaard (S) og kommunaldirekt\u00f8r Rikke W\u00fcrtz for at have f\u00e5et det bedst mulige ud af en vanskelig situation. Men lige s\u00e5 enig var man om utilfredsheden med flertallet i Thisted Kommunalbestyrelse, der over en bred kam blev anset som illoyale.<\/p>\n<a class=\"dvrt-link\" onClick=\"cdmtrack_click(687,jQuery(this));return false\" href=\"https:\/\/konpap.dk\/?gad_source=1&gclid=Cj0KCQjwtJ6_BhDWARIsAGanmKfOBLC3RBm6obWL5sEb-mp4bsp5QjqWW4j4nx22y0YT2iMiXJcv3MoaApR_EALw_wcB\"><img decoding=\"async\" style=\"width:100%;\" src=\"https:\/\/kunmedierne.dk\/thy\/wp-content\/uploads\/sites\/2\/2025\/03\/redoffice.jpg\"><\/a><script>cdmtrack_view(687);<\/script>\n<p>&#8211; Far er ikke sur, far er skuffet, l\u00f8d det eksempelvis fra Niels Kr. \u00d8stergaard (S) i et udsagn, der ellers nok l\u00f8d, som om han var lige s\u00e5 sur som skuffet.<\/p>\n<p>Kommunalbestyrelsen i Thisted Kommune har ogs\u00e5 den nye aftale om Mors-Thy F\u00e6rgefart p\u00e5 sin dagsorden tirsdag.<\/p>\n","protected":false},"excerpt":{"rendered":"<p>POLITIK: Usmageligt. Egoistisk. Visionsl\u00f8st. K\u00e6mpe skuffelse. Uanst\u00e6ndigt. Hvis der havde v\u00e6ret en thybo til stede i byr\u00e5dssalen p\u00e5 Mors tirsdag aften, ville vedkommende v\u00e6re til at kende p\u00e5 de r\u00f8de \u00f8rer, for der blev sk\u00e6ldt ud med klar, f\u00e6lles r\u00f8st, da Mors\u00f8-politikerne godkendte en aftale, de dybest set ikke br\u00f8d sig om. Det var fremtiden [&hellip;]<\/p>\n","protected":false},"author":8,"featured_media":0,"comment_status":"closed","ping_status":"closed","sticky":false,"template":"","format":"standard","meta":{"_acf_changed":false,"footnotes":""},"categories":[24],"tags":[36],"class_list":["post-21310","post","type-post","status-publish","format-standard","hentry","category-lokalt","tag-politik"],"acf":[],"yoast_head":"<!-- This site is optimized with the Yoast SEO plugin v26.8 - https:\/\/yoast.com\/product\/yoast-seo-wordpress\/ -->\n<title>Mors\u00f8-politikere sk\u00f8d imod Thy, da de godkendte ny aftale om Feggesundf\u00e6rgen - Thy<\/title>\n<meta name=\"robots\" content=\"index, follow, max-snippet:-1, max-image-preview:large, max-video-preview:-1\" \/>\n<link rel=\"canonical\" href=\"https:\/\/kunmedierne.dk\/thy\/morsoe-politikere-skoed-imod-thy-da-de-godkendte-ny-aftale-om-feggesundfaergen\/\" \/>\n<meta property=\"og:locale\" content=\"da_DK\" \/>\n<meta property=\"og:type\" content=\"article\" \/>\n<meta property=\"og:title\" content=\"Mors\u00f8-politikere sk\u00f8d imod Thy, da de godkendte ny aftale om Feggesundf\u00e6rgen - Thy\" \/>\n<meta property=\"og:description\" content=\"POLITIK: Usmageligt. Egoistisk. Visionsl\u00f8st. K\u00e6mpe skuffelse. Uanst\u00e6ndigt. Hvis der havde v\u00e6ret en thybo til stede i byr\u00e5dssalen p\u00e5 Mors tirsdag aften, ville vedkommende v\u00e6re til at kende p\u00e5 de r\u00f8de \u00f8rer, for der blev sk\u00e6ldt ud med klar, f\u00e6lles r\u00f8st, da Mors\u00f8-politikerne godkendte en aftale, de dybest set ikke br\u00f8d sig om. Det var fremtiden [&hellip;]\" \/>\n<meta property=\"og:url\" content=\"https:\/\/kunmedierne.dk\/thy\/morsoe-politikere-skoed-imod-thy-da-de-godkendte-ny-aftale-om-feggesundfaergen\/\" \/>\n<meta property=\"og:site_name\" content=\"Thy\" \/>\n<meta property=\"article:published_time\" content=\"2026-04-28T17:45:03+00:00\" \/>\n<meta name=\"author\" content=\"David H\u00f8jmark\" \/>\n<meta name=\"twitter:card\" content=\"summary_large_image\" \/>\n<meta name=\"twitter:label1\" content=\"Skrevet af\" \/>\n\t<meta name=\"twitter:data1\" content=\"David H\u00f8jmark\" \/>\n\t<meta name=\"twitter:label2\" content=\"Estimeret l\u00e6setid\" \/>\n\t<meta name=\"twitter:data2\" content=\"2 minutter\" \/>\n<script type=\"application\/ld+json\" class=\"yoast-schema-graph\">{\"@context\":\"https:\/\/schema.org\",\"@graph\":[{\"@type\":\"Article\",\"@id\":\"https:\/\/kunmedierne.dk\/thy\/morsoe-politikere-skoed-imod-thy-da-de-godkendte-ny-aftale-om-feggesundfaergen\/#article\",\"isPartOf\":{\"@id\":\"https:\/\/kunmedierne.dk\/thy\/morsoe-politikere-skoed-imod-thy-da-de-godkendte-ny-aftale-om-feggesundfaergen\/\"},\"author\":{\"name\":\"David H\u00f8jmark\",\"@id\":\"https:\/\/kunmedierne.dk\/thy\/#\/schema\/person\/5fe23251bf1d0abbcdc6f7896579d548\"},\"headline\":\"Mors\u00f8-politikere sk\u00f8d imod Thy, da de godkendte ny aftale om Feggesundf\u00e6rgen\",\"datePublished\":\"2026-04-28T17:45:03+00:00\",\"mainEntityOfPage\":{\"@id\":\"https:\/\/kunmedierne.dk\/thy\/morsoe-politikere-skoed-imod-thy-da-de-godkendte-ny-aftale-om-feggesundfaergen\/\"},\"wordCount\":247,\"publisher\":{\"@id\":\"https:\/\/kunmedierne.dk\/thy\/#organization\"},\"keywords\":[\"Politik\"],\"articleSection\":[\"Lokalt\"],\"inLanguage\":\"da-DK\"},{\"@type\":\"WebPage\",\"@id\":\"https:\/\/kunmedierne.dk\/thy\/morsoe-politikere-skoed-imod-thy-da-de-godkendte-ny-aftale-om-feggesundfaergen\/\",\"url\":\"https:\/\/kunmedierne.dk\/thy\/morsoe-politikere-skoed-imod-thy-da-de-godkendte-ny-aftale-om-feggesundfaergen\/\",\"name\":\"Mors\u00f8-politikere sk\u00f8d imod Thy, da de godkendte ny aftale om Feggesundf\u00e6rgen - Thy\",\"isPartOf\":{\"@id\":\"https:\/\/kunmedierne.dk\/thy\/#website\"},\"datePublished\":\"2026-04-28T17:45:03+00:00\",\"breadcrumb\":{\"@id\":\"https:\/\/kunmedierne.dk\/thy\/morsoe-politikere-skoed-imod-thy-da-de-godkendte-ny-aftale-om-feggesundfaergen\/#breadcrumb\"},\"inLanguage\":\"da-DK\",\"potentialAction\":[{\"@type\":\"ReadAction\",\"target\":[\"https:\/\/kunmedierne.dk\/thy\/morsoe-politikere-skoed-imod-thy-da-de-godkendte-ny-aftale-om-feggesundfaergen\/\"]}]},{\"@type\":\"BreadcrumbList\",\"@id\":\"https:\/\/kunmedierne.dk\/thy\/morsoe-politikere-skoed-imod-thy-da-de-godkendte-ny-aftale-om-feggesundfaergen\/#breadcrumb\",\"itemListElement\":[{\"@type\":\"ListItem\",\"position\":1,\"name\":\"Home\",\"item\":\"https:\/\/kunmedierne.dk\/thy\/\"},{\"@type\":\"ListItem\",\"position\":2,\"name\":\"Mors\u00f8-politikere sk\u00f8d imod Thy, da de godkendte ny aftale om Feggesundf\u00e6rgen\"}]},{\"@type\":\"WebSite\",\"@id\":\"https:\/\/kunmedierne.dk\/thy\/#website\",\"url\":\"https:\/\/kunmedierne.dk\/thy\/\",\"name\":\"Thy\",\"description\":\"et netmedie med journalistik om livet i Thy\",\"publisher\":{\"@id\":\"https:\/\/kunmedierne.dk\/thy\/#organization\"},\"potentialAction\":[{\"@type\":\"SearchAction\",\"target\":{\"@type\":\"EntryPoint\",\"urlTemplate\":\"https:\/\/kunmedierne.dk\/thy\/?s={search_term_string}\"},\"query-input\":{\"@type\":\"PropertyValueSpecification\",\"valueRequired\":true,\"valueName\":\"search_term_string\"}}],\"inLanguage\":\"da-DK\"},{\"@type\":\"Organization\",\"@id\":\"https:\/\/kunmedierne.dk\/thy\/#organization\",\"name\":\"Thy\",\"url\":\"https:\/\/kunmedierne.dk\/thy\/\",\"logo\":{\"@type\":\"ImageObject\",\"inLanguage\":\"da-DK\",\"@id\":\"https:\/\/kunmedierne.dk\/thy\/#\/schema\/logo\/image\/\",\"url\":\"https:\/\/kunmedierne.dk\/thy\/wp-content\/uploads\/sites\/2\/2025\/04\/kunthy-logo.svg\",\"contentUrl\":\"https:\/\/kunmedierne.dk\/thy\/wp-content\/uploads\/sites\/2\/2025\/04\/kunthy-logo.svg\",\"caption\":\"Thy\"},\"image\":{\"@id\":\"https:\/\/kunmedierne.dk\/thy\/#\/schema\/logo\/image\/\"}},{\"@type\":\"Person\",\"@id\":\"https:\/\/kunmedierne.dk\/thy\/#\/schema\/person\/5fe23251bf1d0abbcdc6f7896579d548\",\"name\":\"David H\u00f8jmark\",\"image\":{\"@type\":\"ImageObject\",\"inLanguage\":\"da-DK\",\"@id\":\"https:\/\/kunmedierne.dk\/thy\/#\/schema\/person\/image\/\",\"url\":\"https:\/\/secure.gravatar.com\/avatar\/4315d6fb9ef244d729989f5f90268eb08d5bf8a3d84402f595fa194bb35784fd?s=96&d=mm&r=g\",\"contentUrl\":\"https:\/\/secure.gravatar.com\/avatar\/4315d6fb9ef244d729989f5f90268eb08d5bf8a3d84402f595fa194bb35784fd?s=96&d=mm&r=g\",\"caption\":\"David H\u00f8jmark\"},\"sameAs\":[\"https:\/\/www.kunmedierne.dk\"],\"url\":\"https:\/\/kunmedierne.dk\/thy\/author\/david\/\"}]}<\/script>\n<!-- \/ Yoast SEO plugin. -->","yoast_head_json":{"title":"Mors\u00f8-politikere sk\u00f8d imod Thy, da de godkendte ny aftale om Feggesundf\u00e6rgen - Thy","robots":{"index":"index","follow":"follow","max-snippet":"max-snippet:-1","max-image-preview":"max-image-preview:large","max-video-preview":"max-video-preview:-1"},"canonical":"https:\/\/kunmedierne.dk\/thy\/morsoe-politikere-skoed-imod-thy-da-de-godkendte-ny-aftale-om-feggesundfaergen\/","og_locale":"da_DK","og_type":"article","og_title":"Mors\u00f8-politikere sk\u00f8d imod Thy, da de godkendte ny aftale om Feggesundf\u00e6rgen - Thy","og_description":"POLITIK: Usmageligt. Egoistisk. Visionsl\u00f8st. K\u00e6mpe skuffelse. Uanst\u00e6ndigt. Hvis der havde v\u00e6ret en thybo til stede i byr\u00e5dssalen p\u00e5 Mors tirsdag aften, ville vedkommende v\u00e6re til at kende p\u00e5 de r\u00f8de \u00f8rer, for der blev sk\u00e6ldt ud med klar, f\u00e6lles r\u00f8st, da Mors\u00f8-politikerne godkendte en aftale, de dybest set ikke br\u00f8d sig om. Det var fremtiden [&hellip;]","og_url":"https:\/\/kunmedierne.dk\/thy\/morsoe-politikere-skoed-imod-thy-da-de-godkendte-ny-aftale-om-feggesundfaergen\/","og_site_name":"Thy","article_published_time":"2026-04-28T17:45:03+00:00","author":"David H\u00f8jmark","twitter_card":"summary_large_image","twitter_misc":{"Skrevet af":"David H\u00f8jmark","Estimeret l\u00e6setid":"2 minutter"},"schema":{"@context":"https:\/\/schema.org","@graph":[{"@type":"Article","@id":"https:\/\/kunmedierne.dk\/thy\/morsoe-politikere-skoed-imod-thy-da-de-godkendte-ny-aftale-om-feggesundfaergen\/#article","isPartOf":{"@id":"https:\/\/kunmedierne.dk\/thy\/morsoe-politikere-skoed-imod-thy-da-de-godkendte-ny-aftale-om-feggesundfaergen\/"},"author":{"name":"David H\u00f8jmark","@id":"https:\/\/kunmedierne.dk\/thy\/#\/schema\/person\/5fe23251bf1d0abbcdc6f7896579d548"},"headline":"Mors\u00f8-politikere sk\u00f8d imod Thy, da de godkendte ny aftale om Feggesundf\u00e6rgen","datePublished":"2026-04-28T17:45:03+00:00","mainEntityOfPage":{"@id":"https:\/\/kunmedierne.dk\/thy\/morsoe-politikere-skoed-imod-thy-da-de-godkendte-ny-aftale-om-feggesundfaergen\/"},"wordCount":247,"publisher":{"@id":"https:\/\/kunmedierne.dk\/thy\/#organization"},"keywords":["Politik"],"articleSection":["Lokalt"],"inLanguage":"da-DK"},{"@type":"WebPage","@id":"https:\/\/kunmedierne.dk\/thy\/morsoe-politikere-skoed-imod-thy-da-de-godkendte-ny-aftale-om-feggesundfaergen\/","url":"https:\/\/kunmedierne.dk\/thy\/morsoe-politikere-skoed-imod-thy-da-de-godkendte-ny-aftale-om-feggesundfaergen\/","name":"Mors\u00f8-politikere sk\u00f8d imod Thy, da de godkendte ny aftale om Feggesundf\u00e6rgen - Thy","isPartOf":{"@id":"https:\/\/kunmedierne.dk\/thy\/#website"},"datePublished":"2026-04-28T17:45:03+00:00","breadcrumb":{"@id":"https:\/\/kunmedierne.dk\/thy\/morsoe-politikere-skoed-imod-thy-da-de-godkendte-ny-aftale-om-feggesundfaergen\/#breadcrumb"},"inLanguage":"da-DK","potentialAction":[{"@type":"ReadAction","target":["https:\/\/kunmedierne.dk\/thy\/morsoe-politikere-skoed-imod-thy-da-de-godkendte-ny-aftale-om-feggesundfaergen\/"]}]},{"@type":"BreadcrumbList","@id":"https:\/\/kunmedierne.dk\/thy\/morsoe-politikere-skoed-imod-thy-da-de-godkendte-ny-aftale-om-feggesundfaergen\/#breadcrumb","itemListElement":[{"@type":"ListItem","position":1,"name":"Home","item":"https:\/\/kunmedierne.dk\/thy\/"},{"@type":"ListItem","position":2,"name":"Mors\u00f8-politikere sk\u00f8d imod Thy, da de godkendte ny aftale om Feggesundf\u00e6rgen"}]},{"@type":"WebSite","@id":"https:\/\/kunmedierne.dk\/thy\/#website","url":"https:\/\/kunmedierne.dk\/thy\/","name":"Thy","description":"et netmedie med journalistik om livet i Thy","publisher":{"@id":"https:\/\/kunmedierne.dk\/thy\/#organization"},"potentialAction":[{"@type":"SearchAction","target":{"@type":"EntryPoint","urlTemplate":"https:\/\/kunmedierne.dk\/thy\/?s={search_term_string}"},"query-input":{"@type":"PropertyValueSpecification","valueRequired":true,"valueName":"search_term_string"}}],"inLanguage":"da-DK"},{"@type":"Organization","@id":"https:\/\/kunmedierne.dk\/thy\/#organization","name":"Thy","url":"https:\/\/kunmedierne.dk\/thy\/","logo":{"@type":"ImageObject","inLanguage":"da-DK","@id":"https:\/\/kunmedierne.dk\/thy\/#\/schema\/logo\/image\/","url":"https:\/\/kunmedierne.dk\/thy\/wp-content\/uploads\/sites\/2\/2025\/04\/kunthy-logo.svg","contentUrl":"https:\/\/kunmedierne.dk\/thy\/wp-content\/uploads\/sites\/2\/2025\/04\/kunthy-logo.svg","caption":"Thy"},"image":{"@id":"https:\/\/kunmedierne.dk\/thy\/#\/schema\/logo\/image\/"}},{"@type":"Person","@id":"https:\/\/kunmedierne.dk\/thy\/#\/schema\/person\/5fe23251bf1d0abbcdc6f7896579d548","name":"David H\u00f8jmark","image":{"@type":"ImageObject","inLanguage":"da-DK","@id":"https:\/\/kunmedierne.dk\/thy\/#\/schema\/person\/image\/","url":"https:\/\/secure.gravatar.com\/avatar\/4315d6fb9ef244d729989f5f90268eb08d5bf8a3d84402f595fa194bb35784fd?s=96&d=mm&r=g","contentUrl":"https:\/\/secure.gravatar.com\/avatar\/4315d6fb9ef244d729989f5f90268eb08d5bf8a3d84402f595fa194bb35784fd?s=96&d=mm&r=g","caption":"David H\u00f8jmark"},"sameAs":["https:\/\/www.kunmedierne.dk"],"url":"https:\/\/kunmedierne.dk\/thy\/author\/david\/"}]}},"_links":{"self":[{"href":"https:\/\/kunmedierne.dk\/thy\/wp-json\/wp\/v2\/posts\/21310","targetHints":{"allow":["GET"]}}],"collection":[{"href":"https:\/\/kunmedierne.dk\/thy\/wp-json\/wp\/v2\/posts"}],"about":[{"href":"https:\/\/kunmedierne.dk\/thy\/wp-json\/wp\/v2\/types\/post"}],"author":[{"embeddable":true,"href":"https:\/\/kunmedierne.dk\/thy\/wp-json\/wp\/v2\/users\/8"}],"replies":[{"embeddable":true,"href":"https:\/\/kunmedierne.dk\/thy\/wp-json\/wp\/v2\/comments?post=21310"}],"version-history":[{"count":1,"href":"https:\/\/kunmedierne.dk\/thy\/wp-json\/wp\/v2\/posts\/21310\/revisions"}],"predecessor-version":[{"id":21312,"href":"https:\/\/kunmedierne.dk\/thy\/wp-json\/wp\/v2\/posts\/21310\/revisions\/21312"}],"wp:attachment":[{"href":"https:\/\/kunmedierne.dk\/thy\/wp-json\/wp\/v2\/media?parent=21310"}],"wp:term":[{"taxonomy":"category","embeddable":true,"href":"https:\/\/kunmedierne.dk\/thy\/wp-json\/wp\/v2\/categories?post=21310"},{"taxonomy":"post_tag","embeddable":true,"href":"https:\/\/kunmedierne.dk\/thy\/wp-json\/wp\/v2\/tags?post=21310"}],"curies":[{"name":"wp","href":"https:\/\/api.w.org\/{rel}","templated":true}]}}