{"id":21298,"date":"2026-05-03T11:12:50","date_gmt":"2026-05-03T09:12:50","guid":{"rendered":"https:\/\/kunmedierne.dk\/thy\/?p=21298"},"modified":"2026-05-01T22:03:23","modified_gmt":"2026-05-01T20:03:23","slug":"landmand-om-kontrol-jeg-synes-det-har-taget-overhaand-de-senere-aar","status":"publish","type":"post","link":"https:\/\/kunmedierne.dk\/thy\/landmand-om-kontrol-jeg-synes-det-har-taget-overhaand-de-senere-aar\/","title":{"rendered":"<span>Landmand om kontrol<\/span>: Jeg synes, det har taget overh\u00e5nd de senere \u00e5r"},"content":{"rendered":"<p><strong>BODDUM:<\/strong> &#8211; Der er forskel p\u00e5 fornuftst\u00e6nkning i by og p\u00e5 land.<\/p>\n<p>Udsagnet kommer fra den 83-\u00e5rige landmand Holger Krabbe, der stadig bor i sit barndomshjem, g\u00e5rden Gr\u00f8nneg\u00e5rd, der ligger natursk\u00f8nt ud til Skibsted Fjord.<\/p>\n<p>Holger Krabbe skrev forleden et l\u00e6serbrev til KunThy med titlen &#8220;Episode med chokerende regning&#8221;.<\/p>\n<a class=\"dvrt-link\" onClick=\"cdmtrack_click(683,jQuery(this));return false\" href=\"https:\/\/vester-begr.dk\/?utm_source=google&amp;utm_medium=advative&amp;gad_source=1&amp;gclid=Cj0KCQjwtJ6_BhDWARIsAGanmKfl-hGVVjCYiOgSKoGoxrow4kvXybZsnruKJYTslvqZDywT6a9PCQwaAmBjEALw_wcB\"><img decoding=\"async\" style=\"width:100%;\" src=\"https:\/\/kunmedierne.dk\/thy\/wp-content\/uploads\/sites\/2\/2025\/03\/260203VesterHoukaer-02022026.jpg\"><\/a><script>cdmtrack_view(683);<\/script>\n<p>L\u00e6serbrevet, der handlede om kontrolbes\u00f8g fra F\u00f8devarestyrelsen, sluttede s\u00e5dan her:<\/p>\n<p>&#8211; Min \u201dforretning\u201d slutter til efter\u00e5ret. Jeg har haft et godt og sp\u00e6ndende liv med mine dyr, men jeg synes, det er synd for unge landm\u00e6nd, at de skal leve under det pres og mangel p\u00e5 tillid.<\/p>\n<p>L\u00e6serbrevet gav anledning til, at KunThys udsendte inviterede sig selv p\u00e5 bes\u00f8g hos Holger Krabbe for en n\u00e6rmere snak om, hvad der har gjort ham indigneret.<\/p>\n<p>Hvad er det for en udvikling, han har set i de mere end fem \u00e5rtier i landbruget &#8211; og s\u00e6rligt erhvervets relation til det omgivende samfund.<\/p>\n<p>&#8211; Der sidder folk p\u00e5 fine kontorer langt herfra og bestemmer, hvordan det skal v\u00e6re, og det synes jeg er lidt tr\u00e6ls. Det passer mig ikke s\u00e5 godt med al den kontrol, siger Holger Krabbe.<\/p>\n<a class=\"dvrt-link\" onClick=\"cdmtrack_click(689,jQuery(this));return false\" href=\"https:\/\/www.thistedbolig.dk\"><img decoding=\"async\" style=\"width:100%;\" src=\"https:\/\/kunmedierne.dk\/thy\/wp-content\/uploads\/sites\/2\/2025\/03\/260414ThistedBoligApril-opslag-002-1.jpg\"><\/a><script>cdmtrack_view(689);<\/script>\n<p>Han tilf\u00f8jer, at netop kontroltyranniet var \u00e5rsag til, at han i sin tid valgte ikke at blive \u00f8kolog, selv om han aldrig selv har brugt spr\u00f8jtemidler &#8211; udover de ganske f\u00e5 \u00e5r, han avlede roer.<\/p>\n<p>Episoden, som han skrev om i l\u00e6serbrevet, fandt sted sidste sommer.<\/p>\n<p>Han fik bes\u00f8g af en kontroll\u00f8r fra F\u00f8devarestyrelsen.<\/p>\n<p>Kontroll\u00f8ren mente ikke, at det var godt nok til kreaturerne at drikke af de kilder, der str\u00f8mmer ud af skr\u00e6nten og ned p\u00e5 stranden.<\/p>\n<p>Der blev givet et p\u00e5bud og varslet nyt bes\u00f8g.<\/p>\n<a class=\"dvrt-link\" onClick=\"cdmtrack_click(4416,jQuery(this));return false\" href=\"https:\/\/sdrhaa.dk\/\"><img decoding=\"async\" style=\"width:100%;\" src=\"https:\/\/kunmedierne.dk\/thy\/wp-content\/uploads\/sites\/2\/2025\/05\/260302Din-gebyrvenlige-sparekasse_SHS_Thy-1.gif\"><\/a><script>cdmtrack_view(4416);<\/script>\n<p>Holger Krabbe installerede da et r\u00f8r i skr\u00e6nten &#8211; en s\u00e5kaldt h\u00e6vert &#8211; der sender vandet op i en beholder.<\/p>\n<div id=\"attachment_21484\" style=\"width: 1242px\" class=\"wp-caption alignnone\"><img loading=\"lazy\" decoding=\"async\" aria-describedby=\"caption-attachment-21484\" class=\"wp-image-21484 size-full\" src=\"https:\/\/kunmedierne.dk\/thy\/wp-content\/uploads\/sites\/2\/2026\/05\/Unavngivet-1232-x-802-px-2026-05-01T075658.239.jpg\" alt=\"\" width=\"1232\" height=\"802\" srcset=\"https:\/\/kunmedierne.dk\/thy\/wp-content\/uploads\/sites\/2\/2026\/05\/Unavngivet-1232-x-802-px-2026-05-01T075658.239.jpg 1232w, https:\/\/kunmedierne.dk\/thy\/wp-content\/uploads\/sites\/2\/2026\/05\/Unavngivet-1232-x-802-px-2026-05-01T075658.239-300x195.jpg 300w, https:\/\/kunmedierne.dk\/thy\/wp-content\/uploads\/sites\/2\/2026\/05\/Unavngivet-1232-x-802-px-2026-05-01T075658.239-1024x667.jpg 1024w, https:\/\/kunmedierne.dk\/thy\/wp-content\/uploads\/sites\/2\/2026\/05\/Unavngivet-1232-x-802-px-2026-05-01T075658.239-510x332.jpg 510w\" sizes=\"auto, (max-width: 1232px) 100vw, 1232px\" \/><p id=\"caption-attachment-21484\" class=\"wp-caption-text\">Gennem mere end fem \u00e5rtier har familiens kreaturer gr\u00e6sset p\u00e5 strandengene ved Skibsted Fjord og har drukket vand af de kilder, der str\u00f8mmer ud fra skr\u00e6nten. Men en kontroll\u00f8r fra F\u00f8devarestyrelsen kr\u00e6vede, at Holger Krabbe installerede et kar. S\u00e5 nu tr\u00e6kker han vand til karret via et plastikr\u00f8r. Foto: Lone L\u00e6rke Krog.<\/p><\/div>\n<p>Men da kontrollanten kom igen lige efter nyt\u00e5r, kiggede han ikke ned p\u00e5 stranden, for kreaturerne var p\u00e5 stald, og her viste det sig, at vandet i karret var frossent.<\/p>\n<p>Den sag gav dog ikke anledning til videre anm\u00e6rkning, da kreaturerne jo fik vand to gange om dagen, og det var h\u00e5rd frost.<\/p>\n<a class=\"dvrt-link\" onClick=\"cdmtrack_click(689,jQuery(this));return false\" href=\"https:\/\/www.thistedbolig.dk\"><img decoding=\"async\" style=\"width:100%;\" src=\"https:\/\/kunmedierne.dk\/thy\/wp-content\/uploads\/sites\/2\/2025\/03\/260414ThistedBoligApril-opslag-002-1.jpg\"><\/a><script>cdmtrack_view(689);<\/script>\n<p>Men Holger Krabbe fik efterf\u00f8lgende en regning p\u00e5 6400 kr. for kontrolbes\u00f8gene &#8211; i alt fire gange et kvarter.<\/p>\n<p>&#8211; Det er m\u00e5ske nok i orden, at samfundet holder \u00f8je med, at dyrene har det godt, men n\u00e5r samfundet kr\u00e6ver det, synes jeg \u00e6rlig talt, at staten selv skulle betale. At komme uanmeldt og s\u00e5 kr\u00e6ve betaling bagefter &#8211; det er groft, mener han.<\/p>\n<p>&#8211; Hvis jeg havde kendt prisen, havde jeg nok sagt farvel noget f\u00f8r, siger han.<\/p>\n<p>Holger Krabbe har drevet landbrug i n\u00e6sten 60 \u00e5r, og han fornemmer, at kontrollen fra myndighederne de senere \u00e5r er blevet stadig hyppigere.<\/p>\n<a class=\"dvrt-link\" onClick=\"cdmtrack_click(1130,jQuery(this));return false\" href=\"https:\/\/www.thistedforsikring.dk\/?utm_source=partnerskaber&amp;utm_campaign=kun_thy\"><img decoding=\"async\" style=\"width:100%;\" src=\"https:\/\/kunmedierne.dk\/thy\/wp-content\/uploads\/sites\/2\/2025\/04\/260409KunThyThisted-For-1.png\"><\/a><script>cdmtrack_view(1130);<\/script>\n<p>Han finder det irriterende &#8211; i forhold til hans \u00e5relange erfaring, at der stilles sp\u00f8rgsm\u00e5lstegn ved, om han passer sine dyr godt nok.<\/p>\n<div id=\"attachment_21483\" style=\"width: 1242px\" class=\"wp-caption alignnone\"><img loading=\"lazy\" decoding=\"async\" aria-describedby=\"caption-attachment-21483\" class=\"wp-image-21483 size-full\" src=\"https:\/\/kunmedierne.dk\/thy\/wp-content\/uploads\/sites\/2\/2026\/04\/Unavngivet-1232-x-802-px-2026-05-01T075621.362.jpg\" alt=\"\" width=\"1232\" height=\"802\" srcset=\"https:\/\/kunmedierne.dk\/thy\/wp-content\/uploads\/sites\/2\/2026\/04\/Unavngivet-1232-x-802-px-2026-05-01T075621.362.jpg 1232w, https:\/\/kunmedierne.dk\/thy\/wp-content\/uploads\/sites\/2\/2026\/04\/Unavngivet-1232-x-802-px-2026-05-01T075621.362-300x195.jpg 300w, https:\/\/kunmedierne.dk\/thy\/wp-content\/uploads\/sites\/2\/2026\/04\/Unavngivet-1232-x-802-px-2026-05-01T075621.362-1024x667.jpg 1024w, https:\/\/kunmedierne.dk\/thy\/wp-content\/uploads\/sites\/2\/2026\/04\/Unavngivet-1232-x-802-px-2026-05-01T075621.362-510x332.jpg 510w\" sizes=\"auto, (max-width: 1232px) 100vw, 1232px\" \/><p id=\"caption-attachment-21483\" class=\"wp-caption-text\">Holger Krabbe er i gang med at udfase sig dyrehold. Han har nu kun syv kreaturer tilbage.<\/p><\/div>\n<p>Holger Krabbe overtog en mindre ejendom ved navn &#8220;Fjordlyst&#8221; n\u00e6r sine for\u00e6ldres g\u00e5rd i 1967, men allerede \u00e5ret efter lavede de en bytter. For\u00e6ldrene flyttede ind p\u00e5 den lille g\u00e5rd, og nygifte Holger Krabbe overtog &#8220;Gr\u00f8nneg\u00e5rd&#8221; med i alt 45 hektar jord til.<\/p>\n<div id=\"attachment_21485\" style=\"width: 1242px\" class=\"wp-caption alignnone\"><img loading=\"lazy\" decoding=\"async\" aria-describedby=\"caption-attachment-21485\" class=\"wp-image-21485 size-full\" src=\"https:\/\/kunmedierne.dk\/thy\/wp-content\/uploads\/sites\/2\/2026\/05\/Unavngivet-1232-x-802-px-2026-05-01T075740.735.jpg\" alt=\"\" width=\"1232\" height=\"802\" srcset=\"https:\/\/kunmedierne.dk\/thy\/wp-content\/uploads\/sites\/2\/2026\/05\/Unavngivet-1232-x-802-px-2026-05-01T075740.735.jpg 1232w, https:\/\/kunmedierne.dk\/thy\/wp-content\/uploads\/sites\/2\/2026\/05\/Unavngivet-1232-x-802-px-2026-05-01T075740.735-300x195.jpg 300w, https:\/\/kunmedierne.dk\/thy\/wp-content\/uploads\/sites\/2\/2026\/05\/Unavngivet-1232-x-802-px-2026-05-01T075740.735-1024x667.jpg 1024w, https:\/\/kunmedierne.dk\/thy\/wp-content\/uploads\/sites\/2\/2026\/05\/Unavngivet-1232-x-802-px-2026-05-01T075740.735-510x332.jpg 510w\" sizes=\"auto, (max-width: 1232px) 100vw, 1232px\" \/><p id=\"caption-attachment-21485\" class=\"wp-caption-text\">Holger Krabbe bor stadig p\u00e5 den ejendom, &#8220;Gr\u00f8nneg\u00e5rd&#8221;, som han overtog af sin far i 1968. Foto: Lone L\u00e6rke Krog.<\/p><\/div>\n<p>I begyndelsen havde han b\u00e5de malkek\u00f8er og s\u00f8er.<\/p>\n<p>Men i 1980 byggede han ny l\u00f8sdriftsstald, og han holdt op med at avle grise.<\/p>\n<p>Malkek\u00f8erne var sort dansk malkerace, og da produktionen af m\u00e6lk var p\u00e5 sit h\u00f8jeste, var der 90 k\u00f8er i stalden.<\/p>\n<a class=\"dvrt-link\" onClick=\"cdmtrack_click(687,jQuery(this));return false\" href=\"https:\/\/konpap.dk\/?gad_source=1&gclid=Cj0KCQjwtJ6_BhDWARIsAGanmKfOBLC3RBm6obWL5sEb-mp4bsp5QjqWW4j4nx22y0YT2iMiXJcv3MoaApR_EALw_wcB\"><img decoding=\"async\" style=\"width:100%;\" src=\"https:\/\/kunmedierne.dk\/thy\/wp-content\/uploads\/sites\/2\/2025\/03\/redoffice.jpg\"><\/a><script>cdmtrack_view(687);<\/script>\n<p>Holger Krabbe husker, at Danmark i 1980&#8217;erne fik sin f\u00f8rste milj\u00f8minister, Kristian Kristensen, som var fra Holger Krabbes eget parti, Kristelig Folkeparti.<\/p>\n<p>&#8211; Dengang syntes jeg, det var lidt utidigt at blande sig i, hvordan landbruget drives. Men det er blevet meget v\u00e6rre, sukker han.<\/p>\n<p>Holger Krabbe husker, at myndighederne op gennem 1990&#8217;erne begyndte at komme p\u00e5 kontrol.<\/p>\n<p>&#8211; De begyndte at komme og se, om der var rent i malkestalden, og det var der. Vi gjorde rent hver dag. Men da de forlangte, at v\u00e6ggene skulle v\u00e6re rene, syntes jeg, det var lidt pjattet.<\/p>\n<p>Det er ikke folkene fra kommunen eller Styrelsen for F\u00f8devarer, Landbrug og Fiskeri, Holger Krabbe er ude efter.<\/p>\n<p>&#8211; Egentlig er de flinke nok, men de har deres skemaer at udfylde, og ofte er det sm\u00e5ting, de falder over, og de forholder sig ikke til, hvad vi synes er fornuftigt, mener Holger Krabbe.<\/p>\n<a class=\"dvrt-link\" onClick=\"cdmtrack_click(685,jQuery(this));return false\" href=\"https:\/\/wensien.dk\/begravelse\/?gad_source=1&gclid=Cj0KCQjwtJ6_BhDWARIsAGanmKcWw6hbeoepGti1oApJGHln52gMbg8EBRZ86__3P1AJZ5dcsw4ZvNEaAk7JEALw_wcB\"><img decoding=\"async\" style=\"width:100%;\" src=\"https:\/\/kunmedierne.dk\/thy\/wp-content\/uploads\/sites\/2\/2025\/03\/wensien-stenhugger.jpg\"><\/a><script>cdmtrack_view(685);<\/script>\n<p>Holger Krabbe f\u00f8lger meget med i samfundsdebatten og har ikke sj\u00e6ldent selv skrevet debatindl\u00e6g, blandt andet i Kristeligt Dagblad for nyligt &#8211; som et apropos til debatten om svineproduktion og dyrevelf\u00e6rd.<\/p>\n<p>&#8211; Vi har utallige gange set mennesker sidde med vand i \u00f8jnene ved tanke p\u00e5 de 25.000 sm\u00e5grise, der d\u00f8r hver dag. Men der er ikke \u00e9n, der n\u00e6vner, at vi har 15.000 aborter i Danmark om \u00e5ret. Valget kom i h\u00f8jere grad til at dreje sig om svin frem for mennesker, r\u00e6sonnerer han.<\/p>\n<p>&nbsp;<\/p>\n<p>&nbsp;<\/p>\n<p>&nbsp;<\/p>\n<p>&nbsp;<\/p>\n<p>&nbsp;<\/p>\n<p>&nbsp;<\/p>\n<p>&nbsp;<\/p>\n<p>&nbsp;<\/p>\n<p>&nbsp;<\/p>\n<p>&nbsp;<\/p>\n<p>&nbsp;<\/p>\n<p>&nbsp;<\/p>\n","protected":false},"excerpt":{"rendered":"<p>BODDUM: &#8211; Der er forskel p\u00e5 fornuftst\u00e6nkning i by og p\u00e5 land. Udsagnet kommer fra den 83-\u00e5rige landmand Holger Krabbe, der stadig bor i sit barndomshjem, g\u00e5rden Gr\u00f8nneg\u00e5rd, der ligger natursk\u00f8nt ud til Skibsted Fjord. Holger Krabbe skrev forleden et l\u00e6serbrev til KunThy med titlen &#8220;Episode med chokerende regning&#8221;. L\u00e6serbrevet, der handlede om kontrolbes\u00f8g fra [&hellip;]<\/p>\n","protected":false},"author":1925,"featured_media":0,"comment_status":"closed","ping_status":"closed","sticky":false,"template":"","format":"standard","meta":{"_acf_changed":false,"footnotes":""},"categories":[24],"tags":[50,70],"class_list":["post-21298","post","type-post","status-publish","format-standard","hentry","category-lokalt","tag-erhverv","tag-landbrug"],"acf":[],"yoast_head":"<!-- This site is optimized with the Yoast SEO plugin v26.8 - https:\/\/yoast.com\/product\/yoast-seo-wordpress\/ -->\n<title>Landmand om kontrol: Jeg synes, det har taget overh\u00e5nd de senere \u00e5r - Thy<\/title>\n<meta name=\"robots\" content=\"index, follow, max-snippet:-1, max-image-preview:large, max-video-preview:-1\" \/>\n<link rel=\"canonical\" href=\"https:\/\/kunmedierne.dk\/thy\/landmand-om-kontrol-jeg-synes-det-har-taget-overhaand-de-senere-aar\/\" \/>\n<meta property=\"og:locale\" content=\"da_DK\" \/>\n<meta property=\"og:type\" content=\"article\" \/>\n<meta property=\"og:title\" content=\"Landmand om kontrol: Jeg synes, det har taget overh\u00e5nd de senere \u00e5r - Thy\" \/>\n<meta property=\"og:description\" content=\"BODDUM: &#8211; Der er forskel p\u00e5 fornuftst\u00e6nkning i by og p\u00e5 land. Udsagnet kommer fra den 83-\u00e5rige landmand Holger Krabbe, der stadig bor i sit barndomshjem, g\u00e5rden Gr\u00f8nneg\u00e5rd, der ligger natursk\u00f8nt ud til Skibsted Fjord. Holger Krabbe skrev forleden et l\u00e6serbrev til KunThy med titlen &#8220;Episode med chokerende regning&#8221;. L\u00e6serbrevet, der handlede om kontrolbes\u00f8g fra [&hellip;]\" \/>\n<meta property=\"og:url\" content=\"https:\/\/kunmedierne.dk\/thy\/landmand-om-kontrol-jeg-synes-det-har-taget-overhaand-de-senere-aar\/\" \/>\n<meta property=\"og:site_name\" content=\"Thy\" \/>\n<meta property=\"article:published_time\" content=\"2026-05-03T09:12:50+00:00\" \/>\n<meta property=\"og:image\" content=\"https:\/\/kunmedierne.dk\/thy\/wp-content\/uploads\/sites\/2\/2026\/05\/Unavngivet-1232-x-802-px-2026-05-01T075658.239.jpg\" \/>\n<meta name=\"author\" content=\"Lone L\u00e6rke Krog\" \/>\n<meta name=\"twitter:card\" content=\"summary_large_image\" \/>\n<meta name=\"twitter:label1\" content=\"Skrevet af\" \/>\n\t<meta name=\"twitter:data1\" content=\"Lone L\u00e6rke Krog\" \/>\n\t<meta name=\"twitter:label2\" content=\"Estimeret l\u00e6setid\" \/>\n\t<meta name=\"twitter:data2\" content=\"6 minutter\" \/>\n<script type=\"application\/ld+json\" class=\"yoast-schema-graph\">{\"@context\":\"https:\/\/schema.org\",\"@graph\":[{\"@type\":\"Article\",\"@id\":\"https:\/\/kunmedierne.dk\/thy\/landmand-om-kontrol-jeg-synes-det-har-taget-overhaand-de-senere-aar\/#article\",\"isPartOf\":{\"@id\":\"https:\/\/kunmedierne.dk\/thy\/landmand-om-kontrol-jeg-synes-det-har-taget-overhaand-de-senere-aar\/\"},\"author\":{\"name\":\"Lone L\u00e6rke Krog\",\"@id\":\"https:\/\/kunmedierne.dk\/thy\/#\/schema\/person\/d266634ba6550d075ecf540d63b245d2\"},\"headline\":\"Landmand om kontrol: Jeg synes, det har taget overh\u00e5nd de senere \u00e5r\",\"datePublished\":\"2026-05-03T09:12:50+00:00\",\"mainEntityOfPage\":{\"@id\":\"https:\/\/kunmedierne.dk\/thy\/landmand-om-kontrol-jeg-synes-det-har-taget-overhaand-de-senere-aar\/\"},\"wordCount\":1018,\"publisher\":{\"@id\":\"https:\/\/kunmedierne.dk\/thy\/#organization\"},\"image\":{\"@id\":\"https:\/\/kunmedierne.dk\/thy\/landmand-om-kontrol-jeg-synes-det-har-taget-overhaand-de-senere-aar\/#primaryimage\"},\"thumbnailUrl\":\"https:\/\/kunmedierne.dk\/thy\/wp-content\/uploads\/sites\/2\/2026\/05\/Unavngivet-1232-x-802-px-2026-05-01T075658.239.jpg\",\"keywords\":[\"Erhverv\",\"Landbrug\"],\"articleSection\":[\"Lokalt\"],\"inLanguage\":\"da-DK\"},{\"@type\":\"WebPage\",\"@id\":\"https:\/\/kunmedierne.dk\/thy\/landmand-om-kontrol-jeg-synes-det-har-taget-overhaand-de-senere-aar\/\",\"url\":\"https:\/\/kunmedierne.dk\/thy\/landmand-om-kontrol-jeg-synes-det-har-taget-overhaand-de-senere-aar\/\",\"name\":\"Landmand om kontrol: Jeg synes, det har taget overh\u00e5nd de senere \u00e5r - Thy\",\"isPartOf\":{\"@id\":\"https:\/\/kunmedierne.dk\/thy\/#website\"},\"primaryImageOfPage\":{\"@id\":\"https:\/\/kunmedierne.dk\/thy\/landmand-om-kontrol-jeg-synes-det-har-taget-overhaand-de-senere-aar\/#primaryimage\"},\"image\":{\"@id\":\"https:\/\/kunmedierne.dk\/thy\/landmand-om-kontrol-jeg-synes-det-har-taget-overhaand-de-senere-aar\/#primaryimage\"},\"thumbnailUrl\":\"https:\/\/kunmedierne.dk\/thy\/wp-content\/uploads\/sites\/2\/2026\/05\/Unavngivet-1232-x-802-px-2026-05-01T075658.239.jpg\",\"datePublished\":\"2026-05-03T09:12:50+00:00\",\"breadcrumb\":{\"@id\":\"https:\/\/kunmedierne.dk\/thy\/landmand-om-kontrol-jeg-synes-det-har-taget-overhaand-de-senere-aar\/#breadcrumb\"},\"inLanguage\":\"da-DK\",\"potentialAction\":[{\"@type\":\"ReadAction\",\"target\":[\"https:\/\/kunmedierne.dk\/thy\/landmand-om-kontrol-jeg-synes-det-har-taget-overhaand-de-senere-aar\/\"]}]},{\"@type\":\"ImageObject\",\"inLanguage\":\"da-DK\",\"@id\":\"https:\/\/kunmedierne.dk\/thy\/landmand-om-kontrol-jeg-synes-det-har-taget-overhaand-de-senere-aar\/#primaryimage\",\"url\":\"https:\/\/kunmedierne.dk\/thy\/wp-content\/uploads\/sites\/2\/2026\/05\/Unavngivet-1232-x-802-px-2026-05-01T075658.239.jpg\",\"contentUrl\":\"https:\/\/kunmedierne.dk\/thy\/wp-content\/uploads\/sites\/2\/2026\/05\/Unavngivet-1232-x-802-px-2026-05-01T075658.239.jpg\",\"width\":1232,\"height\":802},{\"@type\":\"BreadcrumbList\",\"@id\":\"https:\/\/kunmedierne.dk\/thy\/landmand-om-kontrol-jeg-synes-det-har-taget-overhaand-de-senere-aar\/#breadcrumb\",\"itemListElement\":[{\"@type\":\"ListItem\",\"position\":1,\"name\":\"Home\",\"item\":\"https:\/\/kunmedierne.dk\/thy\/\"},{\"@type\":\"ListItem\",\"position\":2,\"name\":\"Landmand om kontrol: Jeg synes, det har taget overh\u00e5nd de senere \u00e5r\"}]},{\"@type\":\"WebSite\",\"@id\":\"https:\/\/kunmedierne.dk\/thy\/#website\",\"url\":\"https:\/\/kunmedierne.dk\/thy\/\",\"name\":\"Thy\",\"description\":\"et netmedie med journalistik om livet i Thy\",\"publisher\":{\"@id\":\"https:\/\/kunmedierne.dk\/thy\/#organization\"},\"potentialAction\":[{\"@type\":\"SearchAction\",\"target\":{\"@type\":\"EntryPoint\",\"urlTemplate\":\"https:\/\/kunmedierne.dk\/thy\/?s={search_term_string}\"},\"query-input\":{\"@type\":\"PropertyValueSpecification\",\"valueRequired\":true,\"valueName\":\"search_term_string\"}}],\"inLanguage\":\"da-DK\"},{\"@type\":\"Organization\",\"@id\":\"https:\/\/kunmedierne.dk\/thy\/#organization\",\"name\":\"Thy\",\"url\":\"https:\/\/kunmedierne.dk\/thy\/\",\"logo\":{\"@type\":\"ImageObject\",\"inLanguage\":\"da-DK\",\"@id\":\"https:\/\/kunmedierne.dk\/thy\/#\/schema\/logo\/image\/\",\"url\":\"https:\/\/kunmedierne.dk\/thy\/wp-content\/uploads\/sites\/2\/2025\/04\/kunthy-logo.svg\",\"contentUrl\":\"https:\/\/kunmedierne.dk\/thy\/wp-content\/uploads\/sites\/2\/2025\/04\/kunthy-logo.svg\",\"caption\":\"Thy\"},\"image\":{\"@id\":\"https:\/\/kunmedierne.dk\/thy\/#\/schema\/logo\/image\/\"}},{\"@type\":\"Person\",\"@id\":\"https:\/\/kunmedierne.dk\/thy\/#\/schema\/person\/d266634ba6550d075ecf540d63b245d2\",\"name\":\"Lone L\u00e6rke Krog\",\"image\":{\"@type\":\"ImageObject\",\"inLanguage\":\"da-DK\",\"@id\":\"https:\/\/kunmedierne.dk\/thy\/#\/schema\/person\/image\/\",\"url\":\"https:\/\/secure.gravatar.com\/avatar\/496ddc7080e56b4ac64cfd4e56bd6d1ee396fa3db1923aa22f11346f60bb135b?s=96&d=mm&r=g\",\"contentUrl\":\"https:\/\/secure.gravatar.com\/avatar\/496ddc7080e56b4ac64cfd4e56bd6d1ee396fa3db1923aa22f11346f60bb135b?s=96&d=mm&r=g\",\"caption\":\"Lone L\u00e6rke Krog\"},\"url\":\"https:\/\/kunmedierne.dk\/thy\/author\/llk\/\"}]}<\/script>\n<!-- \/ Yoast SEO plugin. -->","yoast_head_json":{"title":"Landmand om kontrol: Jeg synes, det har taget overh\u00e5nd de senere \u00e5r - Thy","robots":{"index":"index","follow":"follow","max-snippet":"max-snippet:-1","max-image-preview":"max-image-preview:large","max-video-preview":"max-video-preview:-1"},"canonical":"https:\/\/kunmedierne.dk\/thy\/landmand-om-kontrol-jeg-synes-det-har-taget-overhaand-de-senere-aar\/","og_locale":"da_DK","og_type":"article","og_title":"Landmand om kontrol: Jeg synes, det har taget overh\u00e5nd de senere \u00e5r - Thy","og_description":"BODDUM: &#8211; Der er forskel p\u00e5 fornuftst\u00e6nkning i by og p\u00e5 land. Udsagnet kommer fra den 83-\u00e5rige landmand Holger Krabbe, der stadig bor i sit barndomshjem, g\u00e5rden Gr\u00f8nneg\u00e5rd, der ligger natursk\u00f8nt ud til Skibsted Fjord. Holger Krabbe skrev forleden et l\u00e6serbrev til KunThy med titlen &#8220;Episode med chokerende regning&#8221;. L\u00e6serbrevet, der handlede om kontrolbes\u00f8g fra [&hellip;]","og_url":"https:\/\/kunmedierne.dk\/thy\/landmand-om-kontrol-jeg-synes-det-har-taget-overhaand-de-senere-aar\/","og_site_name":"Thy","article_published_time":"2026-05-03T09:12:50+00:00","og_image":[{"url":"https:\/\/kunmedierne.dk\/thy\/wp-content\/uploads\/sites\/2\/2026\/05\/Unavngivet-1232-x-802-px-2026-05-01T075658.239.jpg","type":"","width":"","height":""}],"author":"Lone L\u00e6rke Krog","twitter_card":"summary_large_image","twitter_misc":{"Skrevet af":"Lone L\u00e6rke Krog","Estimeret l\u00e6setid":"6 minutter"},"schema":{"@context":"https:\/\/schema.org","@graph":[{"@type":"Article","@id":"https:\/\/kunmedierne.dk\/thy\/landmand-om-kontrol-jeg-synes-det-har-taget-overhaand-de-senere-aar\/#article","isPartOf":{"@id":"https:\/\/kunmedierne.dk\/thy\/landmand-om-kontrol-jeg-synes-det-har-taget-overhaand-de-senere-aar\/"},"author":{"name":"Lone L\u00e6rke Krog","@id":"https:\/\/kunmedierne.dk\/thy\/#\/schema\/person\/d266634ba6550d075ecf540d63b245d2"},"headline":"Landmand om kontrol: Jeg synes, det har taget overh\u00e5nd de senere \u00e5r","datePublished":"2026-05-03T09:12:50+00:00","mainEntityOfPage":{"@id":"https:\/\/kunmedierne.dk\/thy\/landmand-om-kontrol-jeg-synes-det-har-taget-overhaand-de-senere-aar\/"},"wordCount":1018,"publisher":{"@id":"https:\/\/kunmedierne.dk\/thy\/#organization"},"image":{"@id":"https:\/\/kunmedierne.dk\/thy\/landmand-om-kontrol-jeg-synes-det-har-taget-overhaand-de-senere-aar\/#primaryimage"},"thumbnailUrl":"https:\/\/kunmedierne.dk\/thy\/wp-content\/uploads\/sites\/2\/2026\/05\/Unavngivet-1232-x-802-px-2026-05-01T075658.239.jpg","keywords":["Erhverv","Landbrug"],"articleSection":["Lokalt"],"inLanguage":"da-DK"},{"@type":"WebPage","@id":"https:\/\/kunmedierne.dk\/thy\/landmand-om-kontrol-jeg-synes-det-har-taget-overhaand-de-senere-aar\/","url":"https:\/\/kunmedierne.dk\/thy\/landmand-om-kontrol-jeg-synes-det-har-taget-overhaand-de-senere-aar\/","name":"Landmand om kontrol: Jeg synes, det har taget overh\u00e5nd de senere \u00e5r - Thy","isPartOf":{"@id":"https:\/\/kunmedierne.dk\/thy\/#website"},"primaryImageOfPage":{"@id":"https:\/\/kunmedierne.dk\/thy\/landmand-om-kontrol-jeg-synes-det-har-taget-overhaand-de-senere-aar\/#primaryimage"},"image":{"@id":"https:\/\/kunmedierne.dk\/thy\/landmand-om-kontrol-jeg-synes-det-har-taget-overhaand-de-senere-aar\/#primaryimage"},"thumbnailUrl":"https:\/\/kunmedierne.dk\/thy\/wp-content\/uploads\/sites\/2\/2026\/05\/Unavngivet-1232-x-802-px-2026-05-01T075658.239.jpg","datePublished":"2026-05-03T09:12:50+00:00","breadcrumb":{"@id":"https:\/\/kunmedierne.dk\/thy\/landmand-om-kontrol-jeg-synes-det-har-taget-overhaand-de-senere-aar\/#breadcrumb"},"inLanguage":"da-DK","potentialAction":[{"@type":"ReadAction","target":["https:\/\/kunmedierne.dk\/thy\/landmand-om-kontrol-jeg-synes-det-har-taget-overhaand-de-senere-aar\/"]}]},{"@type":"ImageObject","inLanguage":"da-DK","@id":"https:\/\/kunmedierne.dk\/thy\/landmand-om-kontrol-jeg-synes-det-har-taget-overhaand-de-senere-aar\/#primaryimage","url":"https:\/\/kunmedierne.dk\/thy\/wp-content\/uploads\/sites\/2\/2026\/05\/Unavngivet-1232-x-802-px-2026-05-01T075658.239.jpg","contentUrl":"https:\/\/kunmedierne.dk\/thy\/wp-content\/uploads\/sites\/2\/2026\/05\/Unavngivet-1232-x-802-px-2026-05-01T075658.239.jpg","width":1232,"height":802},{"@type":"BreadcrumbList","@id":"https:\/\/kunmedierne.dk\/thy\/landmand-om-kontrol-jeg-synes-det-har-taget-overhaand-de-senere-aar\/#breadcrumb","itemListElement":[{"@type":"ListItem","position":1,"name":"Home","item":"https:\/\/kunmedierne.dk\/thy\/"},{"@type":"ListItem","position":2,"name":"Landmand om kontrol: Jeg synes, det har taget overh\u00e5nd de senere \u00e5r"}]},{"@type":"WebSite","@id":"https:\/\/kunmedierne.dk\/thy\/#website","url":"https:\/\/kunmedierne.dk\/thy\/","name":"Thy","description":"et netmedie med journalistik om livet i Thy","publisher":{"@id":"https:\/\/kunmedierne.dk\/thy\/#organization"},"potentialAction":[{"@type":"SearchAction","target":{"@type":"EntryPoint","urlTemplate":"https:\/\/kunmedierne.dk\/thy\/?s={search_term_string}"},"query-input":{"@type":"PropertyValueSpecification","valueRequired":true,"valueName":"search_term_string"}}],"inLanguage":"da-DK"},{"@type":"Organization","@id":"https:\/\/kunmedierne.dk\/thy\/#organization","name":"Thy","url":"https:\/\/kunmedierne.dk\/thy\/","logo":{"@type":"ImageObject","inLanguage":"da-DK","@id":"https:\/\/kunmedierne.dk\/thy\/#\/schema\/logo\/image\/","url":"https:\/\/kunmedierne.dk\/thy\/wp-content\/uploads\/sites\/2\/2025\/04\/kunthy-logo.svg","contentUrl":"https:\/\/kunmedierne.dk\/thy\/wp-content\/uploads\/sites\/2\/2025\/04\/kunthy-logo.svg","caption":"Thy"},"image":{"@id":"https:\/\/kunmedierne.dk\/thy\/#\/schema\/logo\/image\/"}},{"@type":"Person","@id":"https:\/\/kunmedierne.dk\/thy\/#\/schema\/person\/d266634ba6550d075ecf540d63b245d2","name":"Lone L\u00e6rke Krog","image":{"@type":"ImageObject","inLanguage":"da-DK","@id":"https:\/\/kunmedierne.dk\/thy\/#\/schema\/person\/image\/","url":"https:\/\/secure.gravatar.com\/avatar\/496ddc7080e56b4ac64cfd4e56bd6d1ee396fa3db1923aa22f11346f60bb135b?s=96&d=mm&r=g","contentUrl":"https:\/\/secure.gravatar.com\/avatar\/496ddc7080e56b4ac64cfd4e56bd6d1ee396fa3db1923aa22f11346f60bb135b?s=96&d=mm&r=g","caption":"Lone L\u00e6rke Krog"},"url":"https:\/\/kunmedierne.dk\/thy\/author\/llk\/"}]}},"_links":{"self":[{"href":"https:\/\/kunmedierne.dk\/thy\/wp-json\/wp\/v2\/posts\/21298","targetHints":{"allow":["GET"]}}],"collection":[{"href":"https:\/\/kunmedierne.dk\/thy\/wp-json\/wp\/v2\/posts"}],"about":[{"href":"https:\/\/kunmedierne.dk\/thy\/wp-json\/wp\/v2\/types\/post"}],"author":[{"embeddable":true,"href":"https:\/\/kunmedierne.dk\/thy\/wp-json\/wp\/v2\/users\/1925"}],"replies":[{"embeddable":true,"href":"https:\/\/kunmedierne.dk\/thy\/wp-json\/wp\/v2\/comments?post=21298"}],"version-history":[{"count":8,"href":"https:\/\/kunmedierne.dk\/thy\/wp-json\/wp\/v2\/posts\/21298\/revisions"}],"predecessor-version":[{"id":21557,"href":"https:\/\/kunmedierne.dk\/thy\/wp-json\/wp\/v2\/posts\/21298\/revisions\/21557"}],"wp:attachment":[{"href":"https:\/\/kunmedierne.dk\/thy\/wp-json\/wp\/v2\/media?parent=21298"}],"wp:term":[{"taxonomy":"category","embeddable":true,"href":"https:\/\/kunmedierne.dk\/thy\/wp-json\/wp\/v2\/categories?post=21298"},{"taxonomy":"post_tag","embeddable":true,"href":"https:\/\/kunmedierne.dk\/thy\/wp-json\/wp\/v2\/tags?post=21298"}],"curies":[{"name":"wp","href":"https:\/\/api.w.org\/{rel}","templated":true}]}}