{"id":21271,"date":"2026-04-28T11:18:00","date_gmt":"2026-04-28T09:18:00","guid":{"rendered":"https:\/\/kunmedierne.dk\/thy\/?p=21271"},"modified":"2026-04-28T11:18:00","modified_gmt":"2026-04-28T09:18:00","slug":"kulturbussen-saetter-fokus-paa-demens-i-uge-19","status":"publish","type":"post","link":"https:\/\/kunmedierne.dk\/thy\/kulturbussen-saetter-fokus-paa-demens-i-uge-19\/","title":{"rendered":"Kulturbussen s\u00e6tter fokus p\u00e5 demens i uge 19"},"content":{"rendered":"<p><strong>THY-HANN\u00c6S:<\/strong> &#8211; Vi h\u00e5ber at m\u00f8de alle borgere, der har en bekymring eller kender nogle, der er glemsomme og d\u00e5rligt fungerende.<\/p>\n<p>Det siger Dalia Clausen, projektkoordinator i Demensvenligt Thy &#8211; en paraply for en r\u00e6kke initiativer p\u00e5 tv\u00e6rs af hele kommunen.<\/p>\n<p>N\u00e6ste uge kan man m\u00f8de de tre demenskoordinatorer i Thisted Kommune p\u00e5 Kulturbussen, n\u00e5r den k\u00f8rer sin s\u00e6dvanlige biblioteksrute.<\/p>\n<p><a href=\"https:\/\/www.demensvenligtthy.dk\/fortaellinger\/2026\/mar\/demensugen-2026\">Se hvorn\u00e5r bussen kommer til din by her.<\/a><\/p>\n<p>Dalia Clausen h\u00e5ber, at Demensugen kan v\u00e6re med til at bryde et tabu, der stadig er omkring demenssygdomme, og hun h\u00e5ber, at thyboerne kan f\u00e5 en fornemmelse at de mange tilbud, der er til demente og andre, der har en kognitiv sv\u00e6kkelse.<\/p>\n<a class=\"dvrt-link\" onClick=\"cdmtrack_click(689,jQuery(this));return false\" href=\"https:\/\/www.thistedbolig.dk\"><img decoding=\"async\" style=\"width:100%;\" src=\"https:\/\/kunmedierne.dk\/thy\/wp-content\/uploads\/sites\/2\/2025\/03\/260414ThistedBoligApril-opslag-002-1.jpg\"><\/a><script>cdmtrack_view(689);<\/script>\n<p>Thisted Kommune har mange tilbud til mennesker, der er i m\u00e5lgruppen &#8211; lige fra &#8220;Hjerne-bio&#8221; til g\u00e5ture og caf\u00e9arrangementer.<\/p>\n<p>Dalia Clausen fort\u00e6ller, at demens ikke bare er \u00e9n ting. Der findes 200 sygdomme i hjernen, og derfor er det ikke muligt \u00e9ntydigt at sige, hvad demens betyder for et menneske.<\/p>\n<p>&#8211; Man kan ikke s\u00e6tte demente i b\u00e5s. Demens rammer et bredt spektrum af mennesker og giver sig til udtryk p\u00e5 forskellige m\u00e5der, siger Dalia Clausen.<\/p>\n<p>Hun og de andre i Demensvenligt Thy har dog et vigtigt budskab til dem, der endnu ikke er ramt af demens &#8211; eller kun er det i et begyndende stadie.<\/p>\n<p>&#8211; Der er meget, man kan forebygge ved at leve et nysgerrigt og aktivt liv, understreger Dalia Clausen, der dog ogs\u00e5 tilf\u00f8jer, at det er vigtigt at holde pauser, for stress er heller ikke godt for hjernen.<\/p>\n<a class=\"dvrt-link\" onClick=\"cdmtrack_click(18790,jQuery(this));return false\" href=\"https:\/\/thymors.dk\/sponsorater\/15-til-faellesskabet?utm_source=kunthy&amp;utm_medium=annonce&amp;utm_campaign=sponsorater\"><img decoding=\"async\" style=\"width:100%;\" src=\"https:\/\/kunmedierne.dk\/thy\/wp-content\/uploads\/sites\/2\/2026\/03\/260407ThyMors-energi_faellesskab_generel-1.jpg\"><\/a><script>cdmtrack_view(18790);<\/script>\n<p>I l\u00f8bet af demensugen er der faktisk et indslag, der kalder p\u00e5 aktivitet og gl\u00e6de i f\u00e6llesskab med andre.<\/p>\n<p>Omr\u00e5decentret Sct. Th\u00f8gersgaard i Vestervig afholder nemlig dans om eftermiddagen torsdag 7. maj.<\/p>\n<p>For de ansatte i plejesektoren er der ogs\u00e5 filmforevisning i l\u00f8bet af Demensugen.<\/p>\n<p>Filmen &#8220;Human Forever&#8221; er en dokumentar, der handler om hvordan man behandler mennesker med demens i forskellige kulturer.<\/p>\n<p><a href=\"https:\/\/www.thisted.dk\/nyheder\/2026\/april\/demensugen-2026\">L\u00e6s mere om demens i Thisted Kommune her.<\/a><\/p>\n<p>&nbsp;<\/p>\n<p>&nbsp;<\/p>\n","protected":false},"excerpt":{"rendered":"<p>THY-HANN\u00c6S: &#8211; Vi h\u00e5ber at m\u00f8de alle borgere, der har en bekymring eller kender nogle, der er glemsomme og d\u00e5rligt fungerende. Det siger Dalia Clausen, projektkoordinator i Demensvenligt Thy &#8211; en paraply for en r\u00e6kke initiativer p\u00e5 tv\u00e6rs af hele kommunen. N\u00e6ste uge kan man m\u00f8de de tre demenskoordinatorer i Thisted Kommune p\u00e5 Kulturbussen, n\u00e5r [&hellip;]<\/p>\n","protected":false},"author":1925,"featured_media":0,"comment_status":"closed","ping_status":"closed","sticky":false,"template":"","format":"standard","meta":{"_acf_changed":false,"footnotes":""},"categories":[24],"tags":[84,38,47],"class_list":["post-21271","post","type-post","status-publish","format-standard","hentry","category-lokalt","tag-aeldrepleje","tag-mennesker","tag-sundhed"],"acf":[],"yoast_head":"<!-- This site is optimized with the Yoast SEO plugin v26.8 - https:\/\/yoast.com\/product\/yoast-seo-wordpress\/ -->\n<title>Kulturbussen s\u00e6tter fokus p\u00e5 demens i uge 19  - Thy<\/title>\n<meta name=\"robots\" content=\"index, follow, max-snippet:-1, max-image-preview:large, max-video-preview:-1\" \/>\n<link rel=\"canonical\" href=\"https:\/\/kunmedierne.dk\/thy\/kulturbussen-saetter-fokus-paa-demens-i-uge-19\/\" \/>\n<meta property=\"og:locale\" content=\"da_DK\" \/>\n<meta property=\"og:type\" content=\"article\" \/>\n<meta property=\"og:title\" content=\"Kulturbussen s\u00e6tter fokus p\u00e5 demens i uge 19  - Thy\" \/>\n<meta property=\"og:description\" content=\"THY-HANN\u00c6S: &#8211; Vi h\u00e5ber at m\u00f8de alle borgere, der har en bekymring eller kender nogle, der er glemsomme og d\u00e5rligt fungerende. Det siger Dalia Clausen, projektkoordinator i Demensvenligt Thy &#8211; en paraply for en r\u00e6kke initiativer p\u00e5 tv\u00e6rs af hele kommunen. N\u00e6ste uge kan man m\u00f8de de tre demenskoordinatorer i Thisted Kommune p\u00e5 Kulturbussen, n\u00e5r [&hellip;]\" \/>\n<meta property=\"og:url\" content=\"https:\/\/kunmedierne.dk\/thy\/kulturbussen-saetter-fokus-paa-demens-i-uge-19\/\" \/>\n<meta property=\"og:site_name\" content=\"Thy\" \/>\n<meta property=\"article:published_time\" content=\"2026-04-28T09:18:00+00:00\" \/>\n<meta name=\"author\" content=\"Lone L\u00e6rke Krog\" \/>\n<meta name=\"twitter:card\" content=\"summary_large_image\" \/>\n<meta name=\"twitter:label1\" content=\"Skrevet af\" \/>\n\t<meta name=\"twitter:data1\" content=\"Lone L\u00e6rke Krog\" \/>\n\t<meta name=\"twitter:label2\" content=\"Estimeret l\u00e6setid\" \/>\n\t<meta name=\"twitter:data2\" content=\"2 minutter\" \/>\n<script type=\"application\/ld+json\" class=\"yoast-schema-graph\">{\"@context\":\"https:\/\/schema.org\",\"@graph\":[{\"@type\":\"Article\",\"@id\":\"https:\/\/kunmedierne.dk\/thy\/kulturbussen-saetter-fokus-paa-demens-i-uge-19\/#article\",\"isPartOf\":{\"@id\":\"https:\/\/kunmedierne.dk\/thy\/kulturbussen-saetter-fokus-paa-demens-i-uge-19\/\"},\"author\":{\"name\":\"Lone L\u00e6rke Krog\",\"@id\":\"https:\/\/kunmedierne.dk\/thy\/#\/schema\/person\/d266634ba6550d075ecf540d63b245d2\"},\"headline\":\"Kulturbussen s\u00e6tter fokus p\u00e5 demens i uge 19\",\"datePublished\":\"2026-04-28T09:18:00+00:00\",\"mainEntityOfPage\":{\"@id\":\"https:\/\/kunmedierne.dk\/thy\/kulturbussen-saetter-fokus-paa-demens-i-uge-19\/\"},\"wordCount\":367,\"publisher\":{\"@id\":\"https:\/\/kunmedierne.dk\/thy\/#organization\"},\"keywords\":[\"\u00e6ldrepleje\",\"Mennesker\",\"Sundhed\"],\"articleSection\":[\"Lokalt\"],\"inLanguage\":\"da-DK\"},{\"@type\":\"WebPage\",\"@id\":\"https:\/\/kunmedierne.dk\/thy\/kulturbussen-saetter-fokus-paa-demens-i-uge-19\/\",\"url\":\"https:\/\/kunmedierne.dk\/thy\/kulturbussen-saetter-fokus-paa-demens-i-uge-19\/\",\"name\":\"Kulturbussen s\u00e6tter fokus p\u00e5 demens i uge 19 - Thy\",\"isPartOf\":{\"@id\":\"https:\/\/kunmedierne.dk\/thy\/#website\"},\"datePublished\":\"2026-04-28T09:18:00+00:00\",\"breadcrumb\":{\"@id\":\"https:\/\/kunmedierne.dk\/thy\/kulturbussen-saetter-fokus-paa-demens-i-uge-19\/#breadcrumb\"},\"inLanguage\":\"da-DK\",\"potentialAction\":[{\"@type\":\"ReadAction\",\"target\":[\"https:\/\/kunmedierne.dk\/thy\/kulturbussen-saetter-fokus-paa-demens-i-uge-19\/\"]}]},{\"@type\":\"BreadcrumbList\",\"@id\":\"https:\/\/kunmedierne.dk\/thy\/kulturbussen-saetter-fokus-paa-demens-i-uge-19\/#breadcrumb\",\"itemListElement\":[{\"@type\":\"ListItem\",\"position\":1,\"name\":\"Home\",\"item\":\"https:\/\/kunmedierne.dk\/thy\/\"},{\"@type\":\"ListItem\",\"position\":2,\"name\":\"Kulturbussen s\u00e6tter fokus p\u00e5 demens i uge 19\"}]},{\"@type\":\"WebSite\",\"@id\":\"https:\/\/kunmedierne.dk\/thy\/#website\",\"url\":\"https:\/\/kunmedierne.dk\/thy\/\",\"name\":\"Thy\",\"description\":\"et netmedie med journalistik om livet i Thy\",\"publisher\":{\"@id\":\"https:\/\/kunmedierne.dk\/thy\/#organization\"},\"potentialAction\":[{\"@type\":\"SearchAction\",\"target\":{\"@type\":\"EntryPoint\",\"urlTemplate\":\"https:\/\/kunmedierne.dk\/thy\/?s={search_term_string}\"},\"query-input\":{\"@type\":\"PropertyValueSpecification\",\"valueRequired\":true,\"valueName\":\"search_term_string\"}}],\"inLanguage\":\"da-DK\"},{\"@type\":\"Organization\",\"@id\":\"https:\/\/kunmedierne.dk\/thy\/#organization\",\"name\":\"Thy\",\"url\":\"https:\/\/kunmedierne.dk\/thy\/\",\"logo\":{\"@type\":\"ImageObject\",\"inLanguage\":\"da-DK\",\"@id\":\"https:\/\/kunmedierne.dk\/thy\/#\/schema\/logo\/image\/\",\"url\":\"https:\/\/kunmedierne.dk\/thy\/wp-content\/uploads\/sites\/2\/2025\/04\/kunthy-logo.svg\",\"contentUrl\":\"https:\/\/kunmedierne.dk\/thy\/wp-content\/uploads\/sites\/2\/2025\/04\/kunthy-logo.svg\",\"caption\":\"Thy\"},\"image\":{\"@id\":\"https:\/\/kunmedierne.dk\/thy\/#\/schema\/logo\/image\/\"}},{\"@type\":\"Person\",\"@id\":\"https:\/\/kunmedierne.dk\/thy\/#\/schema\/person\/d266634ba6550d075ecf540d63b245d2\",\"name\":\"Lone L\u00e6rke Krog\",\"image\":{\"@type\":\"ImageObject\",\"inLanguage\":\"da-DK\",\"@id\":\"https:\/\/kunmedierne.dk\/thy\/#\/schema\/person\/image\/\",\"url\":\"https:\/\/secure.gravatar.com\/avatar\/496ddc7080e56b4ac64cfd4e56bd6d1ee396fa3db1923aa22f11346f60bb135b?s=96&d=mm&r=g\",\"contentUrl\":\"https:\/\/secure.gravatar.com\/avatar\/496ddc7080e56b4ac64cfd4e56bd6d1ee396fa3db1923aa22f11346f60bb135b?s=96&d=mm&r=g\",\"caption\":\"Lone L\u00e6rke Krog\"},\"url\":\"https:\/\/kunmedierne.dk\/thy\/author\/llk\/\"}]}<\/script>\n<!-- \/ Yoast SEO plugin. -->","yoast_head_json":{"title":"Kulturbussen s\u00e6tter fokus p\u00e5 demens i uge 19  - Thy","robots":{"index":"index","follow":"follow","max-snippet":"max-snippet:-1","max-image-preview":"max-image-preview:large","max-video-preview":"max-video-preview:-1"},"canonical":"https:\/\/kunmedierne.dk\/thy\/kulturbussen-saetter-fokus-paa-demens-i-uge-19\/","og_locale":"da_DK","og_type":"article","og_title":"Kulturbussen s\u00e6tter fokus p\u00e5 demens i uge 19  - Thy","og_description":"THY-HANN\u00c6S: &#8211; Vi h\u00e5ber at m\u00f8de alle borgere, der har en bekymring eller kender nogle, der er glemsomme og d\u00e5rligt fungerende. Det siger Dalia Clausen, projektkoordinator i Demensvenligt Thy &#8211; en paraply for en r\u00e6kke initiativer p\u00e5 tv\u00e6rs af hele kommunen. N\u00e6ste uge kan man m\u00f8de de tre demenskoordinatorer i Thisted Kommune p\u00e5 Kulturbussen, n\u00e5r [&hellip;]","og_url":"https:\/\/kunmedierne.dk\/thy\/kulturbussen-saetter-fokus-paa-demens-i-uge-19\/","og_site_name":"Thy","article_published_time":"2026-04-28T09:18:00+00:00","author":"Lone L\u00e6rke Krog","twitter_card":"summary_large_image","twitter_misc":{"Skrevet af":"Lone L\u00e6rke Krog","Estimeret l\u00e6setid":"2 minutter"},"schema":{"@context":"https:\/\/schema.org","@graph":[{"@type":"Article","@id":"https:\/\/kunmedierne.dk\/thy\/kulturbussen-saetter-fokus-paa-demens-i-uge-19\/#article","isPartOf":{"@id":"https:\/\/kunmedierne.dk\/thy\/kulturbussen-saetter-fokus-paa-demens-i-uge-19\/"},"author":{"name":"Lone L\u00e6rke Krog","@id":"https:\/\/kunmedierne.dk\/thy\/#\/schema\/person\/d266634ba6550d075ecf540d63b245d2"},"headline":"Kulturbussen s\u00e6tter fokus p\u00e5 demens i uge 19","datePublished":"2026-04-28T09:18:00+00:00","mainEntityOfPage":{"@id":"https:\/\/kunmedierne.dk\/thy\/kulturbussen-saetter-fokus-paa-demens-i-uge-19\/"},"wordCount":367,"publisher":{"@id":"https:\/\/kunmedierne.dk\/thy\/#organization"},"keywords":["\u00e6ldrepleje","Mennesker","Sundhed"],"articleSection":["Lokalt"],"inLanguage":"da-DK"},{"@type":"WebPage","@id":"https:\/\/kunmedierne.dk\/thy\/kulturbussen-saetter-fokus-paa-demens-i-uge-19\/","url":"https:\/\/kunmedierne.dk\/thy\/kulturbussen-saetter-fokus-paa-demens-i-uge-19\/","name":"Kulturbussen s\u00e6tter fokus p\u00e5 demens i uge 19 - Thy","isPartOf":{"@id":"https:\/\/kunmedierne.dk\/thy\/#website"},"datePublished":"2026-04-28T09:18:00+00:00","breadcrumb":{"@id":"https:\/\/kunmedierne.dk\/thy\/kulturbussen-saetter-fokus-paa-demens-i-uge-19\/#breadcrumb"},"inLanguage":"da-DK","potentialAction":[{"@type":"ReadAction","target":["https:\/\/kunmedierne.dk\/thy\/kulturbussen-saetter-fokus-paa-demens-i-uge-19\/"]}]},{"@type":"BreadcrumbList","@id":"https:\/\/kunmedierne.dk\/thy\/kulturbussen-saetter-fokus-paa-demens-i-uge-19\/#breadcrumb","itemListElement":[{"@type":"ListItem","position":1,"name":"Home","item":"https:\/\/kunmedierne.dk\/thy\/"},{"@type":"ListItem","position":2,"name":"Kulturbussen s\u00e6tter fokus p\u00e5 demens i uge 19"}]},{"@type":"WebSite","@id":"https:\/\/kunmedierne.dk\/thy\/#website","url":"https:\/\/kunmedierne.dk\/thy\/","name":"Thy","description":"et netmedie med journalistik om livet i Thy","publisher":{"@id":"https:\/\/kunmedierne.dk\/thy\/#organization"},"potentialAction":[{"@type":"SearchAction","target":{"@type":"EntryPoint","urlTemplate":"https:\/\/kunmedierne.dk\/thy\/?s={search_term_string}"},"query-input":{"@type":"PropertyValueSpecification","valueRequired":true,"valueName":"search_term_string"}}],"inLanguage":"da-DK"},{"@type":"Organization","@id":"https:\/\/kunmedierne.dk\/thy\/#organization","name":"Thy","url":"https:\/\/kunmedierne.dk\/thy\/","logo":{"@type":"ImageObject","inLanguage":"da-DK","@id":"https:\/\/kunmedierne.dk\/thy\/#\/schema\/logo\/image\/","url":"https:\/\/kunmedierne.dk\/thy\/wp-content\/uploads\/sites\/2\/2025\/04\/kunthy-logo.svg","contentUrl":"https:\/\/kunmedierne.dk\/thy\/wp-content\/uploads\/sites\/2\/2025\/04\/kunthy-logo.svg","caption":"Thy"},"image":{"@id":"https:\/\/kunmedierne.dk\/thy\/#\/schema\/logo\/image\/"}},{"@type":"Person","@id":"https:\/\/kunmedierne.dk\/thy\/#\/schema\/person\/d266634ba6550d075ecf540d63b245d2","name":"Lone L\u00e6rke Krog","image":{"@type":"ImageObject","inLanguage":"da-DK","@id":"https:\/\/kunmedierne.dk\/thy\/#\/schema\/person\/image\/","url":"https:\/\/secure.gravatar.com\/avatar\/496ddc7080e56b4ac64cfd4e56bd6d1ee396fa3db1923aa22f11346f60bb135b?s=96&d=mm&r=g","contentUrl":"https:\/\/secure.gravatar.com\/avatar\/496ddc7080e56b4ac64cfd4e56bd6d1ee396fa3db1923aa22f11346f60bb135b?s=96&d=mm&r=g","caption":"Lone L\u00e6rke Krog"},"url":"https:\/\/kunmedierne.dk\/thy\/author\/llk\/"}]}},"_links":{"self":[{"href":"https:\/\/kunmedierne.dk\/thy\/wp-json\/wp\/v2\/posts\/21271","targetHints":{"allow":["GET"]}}],"collection":[{"href":"https:\/\/kunmedierne.dk\/thy\/wp-json\/wp\/v2\/posts"}],"about":[{"href":"https:\/\/kunmedierne.dk\/thy\/wp-json\/wp\/v2\/types\/post"}],"author":[{"embeddable":true,"href":"https:\/\/kunmedierne.dk\/thy\/wp-json\/wp\/v2\/users\/1925"}],"replies":[{"embeddable":true,"href":"https:\/\/kunmedierne.dk\/thy\/wp-json\/wp\/v2\/comments?post=21271"}],"version-history":[{"count":3,"href":"https:\/\/kunmedierne.dk\/thy\/wp-json\/wp\/v2\/posts\/21271\/revisions"}],"predecessor-version":[{"id":21280,"href":"https:\/\/kunmedierne.dk\/thy\/wp-json\/wp\/v2\/posts\/21271\/revisions\/21280"}],"wp:attachment":[{"href":"https:\/\/kunmedierne.dk\/thy\/wp-json\/wp\/v2\/media?parent=21271"}],"wp:term":[{"taxonomy":"category","embeddable":true,"href":"https:\/\/kunmedierne.dk\/thy\/wp-json\/wp\/v2\/categories?post=21271"},{"taxonomy":"post_tag","embeddable":true,"href":"https:\/\/kunmedierne.dk\/thy\/wp-json\/wp\/v2\/tags?post=21271"}],"curies":[{"name":"wp","href":"https:\/\/api.w.org\/{rel}","templated":true}]}}