{"id":21261,"date":"2026-04-28T11:35:33","date_gmt":"2026-04-28T09:35:33","guid":{"rendered":"https:\/\/kunmedierne.dk\/thy\/?p=21261"},"modified":"2026-04-28T11:35:33","modified_gmt":"2026-04-28T09:35:33","slug":"thisted-bolig-og-sjoerring-boligselskab-fusionerer","status":"publish","type":"post","link":"https:\/\/kunmedierne.dk\/thy\/thisted-bolig-og-sjoerring-boligselskab-fusionerer\/","title":{"rendered":"Thisted Bolig og Sj\u00f8rring Boligselskab fusionerer"},"content":{"rendered":"<p><strong>THISTED:<\/strong> Et alment boligselskab kan blive st\u00f8rre enten ved at bygge nye boliger eller overtage eksisterende boliger gennem en fusion.<\/p>\n<p>Den sidste mulighed blev godkendt med stort flertal p\u00e5 Thisted Boligs generalforsamling, som fulgte bestyrelsens indstilling om, at Sj\u00f8rring Boligforening med i alt seks boliger p\u00e5 Bakkevej fusionerer med Thisted Bolig. Fusionen har virkning med tilbagevirkende kraft fra 1. januar i \u00e5r.<\/p>\n<a class=\"dvrt-link\" onClick=\"cdmtrack_click(689,jQuery(this));return false\" href=\"https:\/\/www.thistedbolig.dk\"><img decoding=\"async\" style=\"width:100%;\" src=\"https:\/\/kunmedierne.dk\/thy\/wp-content\/uploads\/sites\/2\/2025\/03\/260414ThistedBoligApril-opslag-002-1.jpg\"><\/a><script>cdmtrack_view(689);<\/script>\n<p>&#8211; Vi har v\u00e6ret i dialog med Sj\u00f8rring Boligforening siden 2024 og i 2025 besluttede bestyrelsen for Sj\u00f8rring Boligforening at arbejde for en fusion, sagde Lilly Thorsen, formand for hovedbestyrelsen i Thisted Bolig.<\/p>\n<p>Hun havde allerede i sin beretning til generalforsamlingen langt op til, at der senere skulle tages stilling til et forslag om fusion, noget bestyrelsen ans\u00e5 som en god mulighed for Thisted Bolig b\u00e5de i forhold til at styrke selskabet og for at skabe bedre mulighed for drift og udvikling.<\/p>\n<p>&#8211; Men det er vigtigt, at det er jer, der skal tage stilling, sagde hun i beretningen til generalforsamlingen.<\/p>\n<div id=\"attachment_21284\" style=\"width: 2977px\" class=\"wp-caption alignnone\"><img loading=\"lazy\" decoding=\"async\" aria-describedby=\"caption-attachment-21284\" class=\"wp-image-21284 size-full\" src=\"https:\/\/kunmedierne.dk\/thy\/wp-content\/uploads\/sites\/2\/2026\/04\/Thisted-Bolig-generalforsamling02-kopier.jpg\" alt=\"\" width=\"2967\" height=\"1975\" srcset=\"https:\/\/kunmedierne.dk\/thy\/wp-content\/uploads\/sites\/2\/2026\/04\/Thisted-Bolig-generalforsamling02-kopier.jpg 2967w, https:\/\/kunmedierne.dk\/thy\/wp-content\/uploads\/sites\/2\/2026\/04\/Thisted-Bolig-generalforsamling02-kopier-300x200.jpg 300w, https:\/\/kunmedierne.dk\/thy\/wp-content\/uploads\/sites\/2\/2026\/04\/Thisted-Bolig-generalforsamling02-kopier-1024x682.jpg 1024w, https:\/\/kunmedierne.dk\/thy\/wp-content\/uploads\/sites\/2\/2026\/04\/Thisted-Bolig-generalforsamling02-kopier-510x339.jpg 510w\" sizes=\"auto, (max-width: 2967px) 100vw, 2967px\" \/><p id=\"caption-attachment-21284\" class=\"wp-caption-text\">Thisted Bolig vil bruge cirka 260 mio. kroner p\u00e5 at modernisere sine boliger p\u00e5 Kappelstensvej, Tingstrupvej, Gr\u00f8nningen og Havrevej. Omkring 300 beboere f\u00e5r moderniseret deres boliger, sagde Lilly Thorsen. Foto: Jens Fogh-Andersen<\/p>\n<p><\/p><\/div>\n<p>&nbsp;<\/p>\n<p>Inden generalforsamlingens flertal sagde ja til fusionen, havde Lilly Thorsen yderligere begrundet \u00f8nsket om fusionen.<\/p>\n<p>&#8211; Den vil give et solidt grundlag for en b\u00e6redygtig f\u00e6lles fremtid, sagde hun og tilf\u00f8jede, at Thisted Bolig allerede har unders\u00f8gt muligheden for at opf\u00f8re yderligere 12 almene boliger i Sj\u00f8rring-omr\u00e5det.<\/p>\n<p>Sj\u00f8rring er en af de byer, som Thisted Bolig er s\u00e6rlig opm\u00e6rksom p\u00e5.\u00a0 Thisted Bolig f\u00e5r i stigende grad henvendelser om mulighed for at leje i Sj\u00f8rring, fremg\u00e5r det af boligselskabets skriftlige \u00e5rsberetning.<\/p>\n<a class=\"dvrt-link\" onClick=\"cdmtrack_click(683,jQuery(this));return false\" href=\"https:\/\/vester-begr.dk\/?utm_source=google&amp;utm_medium=advative&amp;gad_source=1&amp;gclid=Cj0KCQjwtJ6_BhDWARIsAGanmKfl-hGVVjCYiOgSKoGoxrow4kvXybZsnruKJYTslvqZDywT6a9PCQwaAmBjEALw_wcB\"><img decoding=\"async\" style=\"width:100%;\" src=\"https:\/\/kunmedierne.dk\/thy\/wp-content\/uploads\/sites\/2\/2025\/03\/260203VesterHoukaer-02022026.jpg\"><\/a><script>cdmtrack_view(683);<\/script>\n<p>De seks boliger i Sj\u00f8rring, som med generalforsamlingens flertalsbeslutning nu er en del af Thisted Bolig, fremst\u00e5r i &#8220;god og velvedligeholdt stand&#8221;, fremgik det af bestyrelsens forslag om fusionen.<\/p>\n<p>&#8211; Der er ingen grund til bekymring for \u00f8konomien og alle boliger er udlejet, sagde direkt\u00f8r Chano Sauer, Thisted Bolig.<\/p>\n<p>Boligerne p\u00e5 Bakkevej har et samlet boligareal p\u00e5 596 kvadratmeter.<\/p>\n<p>I beretningen til generalforsamlingen b\u00f8d Lilly Thorsen ogs\u00e5 velkommen til to nye boligafdelinger i Thisted Bolig. Den ene er afdelingen p\u00e5 Kirkebyvej i Nors, hvor 11 boliger var klar i juli sidste \u00e5r. Den anden er afdelingen p\u00e5 Lervej i Vorup\u00f8r, hvor 12 nye boliger var klar til indflytning i januar i \u00e5r. Et tredje nybyggeri er Hanstedg\u00e5rd i Hanstholm, hvor 20 nye r\u00e6kkehuse stod klar i februar 2025.<\/p>\n<a class=\"dvrt-link\" onClick=\"cdmtrack_click(687,jQuery(this));return false\" href=\"https:\/\/konpap.dk\/?gad_source=1&gclid=Cj0KCQjwtJ6_BhDWARIsAGanmKfOBLC3RBm6obWL5sEb-mp4bsp5QjqWW4j4nx22y0YT2iMiXJcv3MoaApR_EALw_wcB\"><img decoding=\"async\" style=\"width:100%;\" src=\"https:\/\/kunmedierne.dk\/thy\/wp-content\/uploads\/sites\/2\/2025\/03\/redoffice.jpg\"><\/a><script>cdmtrack_view(687);<\/script>\n<p>Lilly Thorsen understregede i beretningen, at b\u00e5de igangv\u00e6rende og kommende byggesager fylder meget i bestyrelsens arbejde. Blandt dem er tre store fysiske helhedsplaner som omfatter selskabets boliger p\u00e5 Kappelstensvej, Tingstrupvej, Gr\u00f8nningen og Havrevej til en samlet sum p\u00e5 cirka 260 mio. kroner.<\/p>\n<p>&#8211; Det er ikke sm\u00e5penge, der investeres, men det er n\u00f8dvendigt og det betyder, at omkring 300 beboere f\u00e5r moderniseret deres boliger, sagde Lilly Thorsen som kaldte det &#8220;vigtige investeringer i fremtiden&#8221;. De beboere, hvis boliger er omfattet af planerne, bliver orienteret p\u00e5 beboerm\u00f8der.<\/p>\n<p>Thisted Boligs byggeprogram omfatter ogs\u00e5 byggeri af seniorboliger p\u00e5 Gr\u00f8nningen. Byggeriet her er netop startet, men selskabets planer omfatter ogs\u00e5 nye boligafdelinger i Stenbjerg og Sj\u00f8rring.<\/p>\n<p>&#8211; Det er vigtigt for Thisted Bolig at medvirke til at sikre boliger, der er til at betale b\u00e5de i Thisted by og ude i lokalsamfundene, sagde Lilly Thorsen.<\/p>\n","protected":false},"excerpt":{"rendered":"<p>THISTED: Et alment boligselskab kan blive st\u00f8rre enten ved at bygge nye boliger eller overtage eksisterende boliger gennem en fusion. Den sidste mulighed blev godkendt med stort flertal p\u00e5 Thisted Boligs generalforsamling, som fulgte bestyrelsens indstilling om, at Sj\u00f8rring Boligforening med i alt seks boliger p\u00e5 Bakkevej fusionerer med Thisted Bolig. Fusionen har virkning med [&hellip;]<\/p>\n","protected":false},"author":4535,"featured_media":0,"comment_status":"closed","ping_status":"closed","sticky":false,"template":"","format":"standard","meta":{"_acf_changed":false,"footnotes":""},"categories":[24],"tags":[41,42],"class_list":["post-21261","post","type-post","status-publish","format-standard","hentry","category-lokalt","tag-boliger","tag-byggeri"],"acf":[],"yoast_head":"<!-- This site is optimized with the Yoast SEO plugin v26.8 - https:\/\/yoast.com\/product\/yoast-seo-wordpress\/ -->\n<title>Thisted Bolig og Sj\u00f8rring Boligselskab fusionerer - Thy<\/title>\n<meta name=\"robots\" content=\"index, follow, max-snippet:-1, max-image-preview:large, max-video-preview:-1\" \/>\n<link rel=\"canonical\" href=\"https:\/\/kunmedierne.dk\/thy\/thisted-bolig-og-sjoerring-boligselskab-fusionerer\/\" \/>\n<meta property=\"og:locale\" content=\"da_DK\" \/>\n<meta property=\"og:type\" content=\"article\" \/>\n<meta property=\"og:title\" content=\"Thisted Bolig og Sj\u00f8rring Boligselskab fusionerer - Thy\" \/>\n<meta property=\"og:description\" content=\"THISTED: Et alment boligselskab kan blive st\u00f8rre enten ved at bygge nye boliger eller overtage eksisterende boliger gennem en fusion. Den sidste mulighed blev godkendt med stort flertal p\u00e5 Thisted Boligs generalforsamling, som fulgte bestyrelsens indstilling om, at Sj\u00f8rring Boligforening med i alt seks boliger p\u00e5 Bakkevej fusionerer med Thisted Bolig. Fusionen har virkning med [&hellip;]\" \/>\n<meta property=\"og:url\" content=\"https:\/\/kunmedierne.dk\/thy\/thisted-bolig-og-sjoerring-boligselskab-fusionerer\/\" \/>\n<meta property=\"og:site_name\" content=\"Thy\" \/>\n<meta property=\"article:published_time\" content=\"2026-04-28T09:35:33+00:00\" \/>\n<meta property=\"og:image\" content=\"https:\/\/kunmedierne.dk\/thy\/wp-content\/uploads\/sites\/2\/2026\/04\/Thisted-Bolig-generalforsamling02-kopier.jpg\" \/>\n<meta name=\"author\" content=\"Jens Fogh Andersen\" \/>\n<meta name=\"twitter:card\" content=\"summary_large_image\" \/>\n<meta name=\"twitter:label1\" content=\"Skrevet af\" \/>\n\t<meta name=\"twitter:data1\" content=\"Jens Fogh Andersen\" \/>\n\t<meta name=\"twitter:label2\" content=\"Estimeret l\u00e6setid\" \/>\n\t<meta name=\"twitter:data2\" content=\"4 minutter\" \/>\n<script type=\"application\/ld+json\" class=\"yoast-schema-graph\">{\"@context\":\"https:\/\/schema.org\",\"@graph\":[{\"@type\":\"Article\",\"@id\":\"https:\/\/kunmedierne.dk\/thy\/thisted-bolig-og-sjoerring-boligselskab-fusionerer\/#article\",\"isPartOf\":{\"@id\":\"https:\/\/kunmedierne.dk\/thy\/thisted-bolig-og-sjoerring-boligselskab-fusionerer\/\"},\"author\":{\"name\":\"Jens Fogh Andersen\",\"@id\":\"https:\/\/kunmedierne.dk\/thy\/#\/schema\/person\/88f5be46809ca2a5533760eb574fef93\"},\"headline\":\"Thisted Bolig og Sj\u00f8rring Boligselskab fusionerer\",\"datePublished\":\"2026-04-28T09:35:33+00:00\",\"mainEntityOfPage\":{\"@id\":\"https:\/\/kunmedierne.dk\/thy\/thisted-bolig-og-sjoerring-boligselskab-fusionerer\/\"},\"wordCount\":590,\"publisher\":{\"@id\":\"https:\/\/kunmedierne.dk\/thy\/#organization\"},\"image\":{\"@id\":\"https:\/\/kunmedierne.dk\/thy\/thisted-bolig-og-sjoerring-boligselskab-fusionerer\/#primaryimage\"},\"thumbnailUrl\":\"https:\/\/kunmedierne.dk\/thy\/wp-content\/uploads\/sites\/2\/2026\/04\/Thisted-Bolig-generalforsamling02-kopier.jpg\",\"keywords\":[\"Boliger\",\"Byggeri\"],\"articleSection\":[\"Lokalt\"],\"inLanguage\":\"da-DK\"},{\"@type\":\"WebPage\",\"@id\":\"https:\/\/kunmedierne.dk\/thy\/thisted-bolig-og-sjoerring-boligselskab-fusionerer\/\",\"url\":\"https:\/\/kunmedierne.dk\/thy\/thisted-bolig-og-sjoerring-boligselskab-fusionerer\/\",\"name\":\"Thisted Bolig og Sj\u00f8rring Boligselskab fusionerer - Thy\",\"isPartOf\":{\"@id\":\"https:\/\/kunmedierne.dk\/thy\/#website\"},\"primaryImageOfPage\":{\"@id\":\"https:\/\/kunmedierne.dk\/thy\/thisted-bolig-og-sjoerring-boligselskab-fusionerer\/#primaryimage\"},\"image\":{\"@id\":\"https:\/\/kunmedierne.dk\/thy\/thisted-bolig-og-sjoerring-boligselskab-fusionerer\/#primaryimage\"},\"thumbnailUrl\":\"https:\/\/kunmedierne.dk\/thy\/wp-content\/uploads\/sites\/2\/2026\/04\/Thisted-Bolig-generalforsamling02-kopier.jpg\",\"datePublished\":\"2026-04-28T09:35:33+00:00\",\"breadcrumb\":{\"@id\":\"https:\/\/kunmedierne.dk\/thy\/thisted-bolig-og-sjoerring-boligselskab-fusionerer\/#breadcrumb\"},\"inLanguage\":\"da-DK\",\"potentialAction\":[{\"@type\":\"ReadAction\",\"target\":[\"https:\/\/kunmedierne.dk\/thy\/thisted-bolig-og-sjoerring-boligselskab-fusionerer\/\"]}]},{\"@type\":\"ImageObject\",\"inLanguage\":\"da-DK\",\"@id\":\"https:\/\/kunmedierne.dk\/thy\/thisted-bolig-og-sjoerring-boligselskab-fusionerer\/#primaryimage\",\"url\":\"https:\/\/kunmedierne.dk\/thy\/wp-content\/uploads\/sites\/2\/2026\/04\/Thisted-Bolig-generalforsamling02-kopier.jpg\",\"contentUrl\":\"https:\/\/kunmedierne.dk\/thy\/wp-content\/uploads\/sites\/2\/2026\/04\/Thisted-Bolig-generalforsamling02-kopier.jpg\",\"width\":2967,\"height\":1975,\"caption\":\"Thisted Bolig generalforsamling Foto: Jens Fogh-Andersen 270426\"},{\"@type\":\"BreadcrumbList\",\"@id\":\"https:\/\/kunmedierne.dk\/thy\/thisted-bolig-og-sjoerring-boligselskab-fusionerer\/#breadcrumb\",\"itemListElement\":[{\"@type\":\"ListItem\",\"position\":1,\"name\":\"Home\",\"item\":\"https:\/\/kunmedierne.dk\/thy\/\"},{\"@type\":\"ListItem\",\"position\":2,\"name\":\"Thisted Bolig og Sj\u00f8rring Boligselskab fusionerer\"}]},{\"@type\":\"WebSite\",\"@id\":\"https:\/\/kunmedierne.dk\/thy\/#website\",\"url\":\"https:\/\/kunmedierne.dk\/thy\/\",\"name\":\"Thy\",\"description\":\"et netmedie med journalistik om livet i Thy\",\"publisher\":{\"@id\":\"https:\/\/kunmedierne.dk\/thy\/#organization\"},\"potentialAction\":[{\"@type\":\"SearchAction\",\"target\":{\"@type\":\"EntryPoint\",\"urlTemplate\":\"https:\/\/kunmedierne.dk\/thy\/?s={search_term_string}\"},\"query-input\":{\"@type\":\"PropertyValueSpecification\",\"valueRequired\":true,\"valueName\":\"search_term_string\"}}],\"inLanguage\":\"da-DK\"},{\"@type\":\"Organization\",\"@id\":\"https:\/\/kunmedierne.dk\/thy\/#organization\",\"name\":\"Thy\",\"url\":\"https:\/\/kunmedierne.dk\/thy\/\",\"logo\":{\"@type\":\"ImageObject\",\"inLanguage\":\"da-DK\",\"@id\":\"https:\/\/kunmedierne.dk\/thy\/#\/schema\/logo\/image\/\",\"url\":\"https:\/\/kunmedierne.dk\/thy\/wp-content\/uploads\/sites\/2\/2025\/04\/kunthy-logo.svg\",\"contentUrl\":\"https:\/\/kunmedierne.dk\/thy\/wp-content\/uploads\/sites\/2\/2025\/04\/kunthy-logo.svg\",\"caption\":\"Thy\"},\"image\":{\"@id\":\"https:\/\/kunmedierne.dk\/thy\/#\/schema\/logo\/image\/\"}},{\"@type\":\"Person\",\"@id\":\"https:\/\/kunmedierne.dk\/thy\/#\/schema\/person\/88f5be46809ca2a5533760eb574fef93\",\"name\":\"Jens Fogh Andersen\",\"image\":{\"@type\":\"ImageObject\",\"inLanguage\":\"da-DK\",\"@id\":\"https:\/\/kunmedierne.dk\/thy\/#\/schema\/person\/image\/\",\"url\":\"https:\/\/secure.gravatar.com\/avatar\/2b367a4ef139b1c41dccc9ee7af926b81f8b4cca3359772e86c7fd5ced26c0a3?s=96&d=mm&r=g\",\"contentUrl\":\"https:\/\/secure.gravatar.com\/avatar\/2b367a4ef139b1c41dccc9ee7af926b81f8b4cca3359772e86c7fd5ced26c0a3?s=96&d=mm&r=g\",\"caption\":\"Jens Fogh Andersen\"},\"url\":\"https:\/\/kunmedierne.dk\/thy\/author\/jfa\/\"}]}<\/script>\n<!-- \/ Yoast SEO plugin. -->","yoast_head_json":{"title":"Thisted Bolig og Sj\u00f8rring Boligselskab fusionerer - Thy","robots":{"index":"index","follow":"follow","max-snippet":"max-snippet:-1","max-image-preview":"max-image-preview:large","max-video-preview":"max-video-preview:-1"},"canonical":"https:\/\/kunmedierne.dk\/thy\/thisted-bolig-og-sjoerring-boligselskab-fusionerer\/","og_locale":"da_DK","og_type":"article","og_title":"Thisted Bolig og Sj\u00f8rring Boligselskab fusionerer - Thy","og_description":"THISTED: Et alment boligselskab kan blive st\u00f8rre enten ved at bygge nye boliger eller overtage eksisterende boliger gennem en fusion. Den sidste mulighed blev godkendt med stort flertal p\u00e5 Thisted Boligs generalforsamling, som fulgte bestyrelsens indstilling om, at Sj\u00f8rring Boligforening med i alt seks boliger p\u00e5 Bakkevej fusionerer med Thisted Bolig. Fusionen har virkning med [&hellip;]","og_url":"https:\/\/kunmedierne.dk\/thy\/thisted-bolig-og-sjoerring-boligselskab-fusionerer\/","og_site_name":"Thy","article_published_time":"2026-04-28T09:35:33+00:00","og_image":[{"url":"https:\/\/kunmedierne.dk\/thy\/wp-content\/uploads\/sites\/2\/2026\/04\/Thisted-Bolig-generalforsamling02-kopier.jpg","type":"","width":"","height":""}],"author":"Jens Fogh Andersen","twitter_card":"summary_large_image","twitter_misc":{"Skrevet af":"Jens Fogh Andersen","Estimeret l\u00e6setid":"4 minutter"},"schema":{"@context":"https:\/\/schema.org","@graph":[{"@type":"Article","@id":"https:\/\/kunmedierne.dk\/thy\/thisted-bolig-og-sjoerring-boligselskab-fusionerer\/#article","isPartOf":{"@id":"https:\/\/kunmedierne.dk\/thy\/thisted-bolig-og-sjoerring-boligselskab-fusionerer\/"},"author":{"name":"Jens Fogh Andersen","@id":"https:\/\/kunmedierne.dk\/thy\/#\/schema\/person\/88f5be46809ca2a5533760eb574fef93"},"headline":"Thisted Bolig og Sj\u00f8rring Boligselskab fusionerer","datePublished":"2026-04-28T09:35:33+00:00","mainEntityOfPage":{"@id":"https:\/\/kunmedierne.dk\/thy\/thisted-bolig-og-sjoerring-boligselskab-fusionerer\/"},"wordCount":590,"publisher":{"@id":"https:\/\/kunmedierne.dk\/thy\/#organization"},"image":{"@id":"https:\/\/kunmedierne.dk\/thy\/thisted-bolig-og-sjoerring-boligselskab-fusionerer\/#primaryimage"},"thumbnailUrl":"https:\/\/kunmedierne.dk\/thy\/wp-content\/uploads\/sites\/2\/2026\/04\/Thisted-Bolig-generalforsamling02-kopier.jpg","keywords":["Boliger","Byggeri"],"articleSection":["Lokalt"],"inLanguage":"da-DK"},{"@type":"WebPage","@id":"https:\/\/kunmedierne.dk\/thy\/thisted-bolig-og-sjoerring-boligselskab-fusionerer\/","url":"https:\/\/kunmedierne.dk\/thy\/thisted-bolig-og-sjoerring-boligselskab-fusionerer\/","name":"Thisted Bolig og Sj\u00f8rring Boligselskab fusionerer - Thy","isPartOf":{"@id":"https:\/\/kunmedierne.dk\/thy\/#website"},"primaryImageOfPage":{"@id":"https:\/\/kunmedierne.dk\/thy\/thisted-bolig-og-sjoerring-boligselskab-fusionerer\/#primaryimage"},"image":{"@id":"https:\/\/kunmedierne.dk\/thy\/thisted-bolig-og-sjoerring-boligselskab-fusionerer\/#primaryimage"},"thumbnailUrl":"https:\/\/kunmedierne.dk\/thy\/wp-content\/uploads\/sites\/2\/2026\/04\/Thisted-Bolig-generalforsamling02-kopier.jpg","datePublished":"2026-04-28T09:35:33+00:00","breadcrumb":{"@id":"https:\/\/kunmedierne.dk\/thy\/thisted-bolig-og-sjoerring-boligselskab-fusionerer\/#breadcrumb"},"inLanguage":"da-DK","potentialAction":[{"@type":"ReadAction","target":["https:\/\/kunmedierne.dk\/thy\/thisted-bolig-og-sjoerring-boligselskab-fusionerer\/"]}]},{"@type":"ImageObject","inLanguage":"da-DK","@id":"https:\/\/kunmedierne.dk\/thy\/thisted-bolig-og-sjoerring-boligselskab-fusionerer\/#primaryimage","url":"https:\/\/kunmedierne.dk\/thy\/wp-content\/uploads\/sites\/2\/2026\/04\/Thisted-Bolig-generalforsamling02-kopier.jpg","contentUrl":"https:\/\/kunmedierne.dk\/thy\/wp-content\/uploads\/sites\/2\/2026\/04\/Thisted-Bolig-generalforsamling02-kopier.jpg","width":2967,"height":1975,"caption":"Thisted Bolig generalforsamling Foto: Jens Fogh-Andersen 270426"},{"@type":"BreadcrumbList","@id":"https:\/\/kunmedierne.dk\/thy\/thisted-bolig-og-sjoerring-boligselskab-fusionerer\/#breadcrumb","itemListElement":[{"@type":"ListItem","position":1,"name":"Home","item":"https:\/\/kunmedierne.dk\/thy\/"},{"@type":"ListItem","position":2,"name":"Thisted Bolig og Sj\u00f8rring Boligselskab fusionerer"}]},{"@type":"WebSite","@id":"https:\/\/kunmedierne.dk\/thy\/#website","url":"https:\/\/kunmedierne.dk\/thy\/","name":"Thy","description":"et netmedie med journalistik om livet i Thy","publisher":{"@id":"https:\/\/kunmedierne.dk\/thy\/#organization"},"potentialAction":[{"@type":"SearchAction","target":{"@type":"EntryPoint","urlTemplate":"https:\/\/kunmedierne.dk\/thy\/?s={search_term_string}"},"query-input":{"@type":"PropertyValueSpecification","valueRequired":true,"valueName":"search_term_string"}}],"inLanguage":"da-DK"},{"@type":"Organization","@id":"https:\/\/kunmedierne.dk\/thy\/#organization","name":"Thy","url":"https:\/\/kunmedierne.dk\/thy\/","logo":{"@type":"ImageObject","inLanguage":"da-DK","@id":"https:\/\/kunmedierne.dk\/thy\/#\/schema\/logo\/image\/","url":"https:\/\/kunmedierne.dk\/thy\/wp-content\/uploads\/sites\/2\/2025\/04\/kunthy-logo.svg","contentUrl":"https:\/\/kunmedierne.dk\/thy\/wp-content\/uploads\/sites\/2\/2025\/04\/kunthy-logo.svg","caption":"Thy"},"image":{"@id":"https:\/\/kunmedierne.dk\/thy\/#\/schema\/logo\/image\/"}},{"@type":"Person","@id":"https:\/\/kunmedierne.dk\/thy\/#\/schema\/person\/88f5be46809ca2a5533760eb574fef93","name":"Jens Fogh Andersen","image":{"@type":"ImageObject","inLanguage":"da-DK","@id":"https:\/\/kunmedierne.dk\/thy\/#\/schema\/person\/image\/","url":"https:\/\/secure.gravatar.com\/avatar\/2b367a4ef139b1c41dccc9ee7af926b81f8b4cca3359772e86c7fd5ced26c0a3?s=96&d=mm&r=g","contentUrl":"https:\/\/secure.gravatar.com\/avatar\/2b367a4ef139b1c41dccc9ee7af926b81f8b4cca3359772e86c7fd5ced26c0a3?s=96&d=mm&r=g","caption":"Jens Fogh Andersen"},"url":"https:\/\/kunmedierne.dk\/thy\/author\/jfa\/"}]}},"_links":{"self":[{"href":"https:\/\/kunmedierne.dk\/thy\/wp-json\/wp\/v2\/posts\/21261","targetHints":{"allow":["GET"]}}],"collection":[{"href":"https:\/\/kunmedierne.dk\/thy\/wp-json\/wp\/v2\/posts"}],"about":[{"href":"https:\/\/kunmedierne.dk\/thy\/wp-json\/wp\/v2\/types\/post"}],"author":[{"embeddable":true,"href":"https:\/\/kunmedierne.dk\/thy\/wp-json\/wp\/v2\/users\/4535"}],"replies":[{"embeddable":true,"href":"https:\/\/kunmedierne.dk\/thy\/wp-json\/wp\/v2\/comments?post=21261"}],"version-history":[{"count":7,"href":"https:\/\/kunmedierne.dk\/thy\/wp-json\/wp\/v2\/posts\/21261\/revisions"}],"predecessor-version":[{"id":21289,"href":"https:\/\/kunmedierne.dk\/thy\/wp-json\/wp\/v2\/posts\/21261\/revisions\/21289"}],"wp:attachment":[{"href":"https:\/\/kunmedierne.dk\/thy\/wp-json\/wp\/v2\/media?parent=21261"}],"wp:term":[{"taxonomy":"category","embeddable":true,"href":"https:\/\/kunmedierne.dk\/thy\/wp-json\/wp\/v2\/categories?post=21261"},{"taxonomy":"post_tag","embeddable":true,"href":"https:\/\/kunmedierne.dk\/thy\/wp-json\/wp\/v2\/tags?post=21261"}],"curies":[{"name":"wp","href":"https:\/\/api.w.org\/{rel}","templated":true}]}}