{"id":21241,"date":"2026-04-27T12:17:45","date_gmt":"2026-04-27T10:17:45","guid":{"rendered":"https:\/\/kunmedierne.dk\/thy\/?p=21241"},"modified":"2026-04-27T12:17:45","modified_gmt":"2026-04-27T10:17:45","slug":"14-aarig-bag-rattet-i-elbil-endte-i-uheld-paa-moellevej-i-thisted","status":"publish","type":"post","link":"https:\/\/kunmedierne.dk\/thy\/14-aarig-bag-rattet-i-elbil-endte-i-uheld-paa-moellevej-i-thisted\/","title":{"rendered":"14-\u00e5rig bag rattet i elbil endte i uheld p\u00e5 M\u00f8llevej i Thisted"},"content":{"rendered":"<p><strong>THISTED:<\/strong> S\u00f8ndag morgen den 26. april blev lokalpolitiet i Thisted kaldt ud til et f\u00e6rdselsuheld p\u00e5 M\u00f8llevej.<\/p>\n<p>En elbil af typen Volkswagen ID.3 havde p\u00e5k\u00f8rt et helleanl\u00e6g samt flere skilte, som tilh\u00f8rer Thisted Kommune. Der var tale om materielle skader, og ingen meldinger om personskade i forbindelse med uheldet.<\/p>\n<a class=\"dvrt-link\" onClick=\"cdmtrack_click(687,jQuery(this));return false\" href=\"https:\/\/konpap.dk\/?gad_source=1&gclid=Cj0KCQjwtJ6_BhDWARIsAGanmKfOBLC3RBm6obWL5sEb-mp4bsp5QjqWW4j4nx22y0YT2iMiXJcv3MoaApR_EALw_wcB\"><img decoding=\"async\" style=\"width:100%;\" src=\"https:\/\/kunmedierne.dk\/thy\/wp-content\/uploads\/sites\/2\/2025\/03\/redoffice.jpg\"><\/a><script>cdmtrack_view(687);<\/script>\n<p>Da politiet ankom til stedet, viste det sig, at f\u00f8reren af bilen var en mindre\u00e5rig.<\/p>\n<p>\u2013 N\u00e5r jeg siger ung herre, s\u00e5 er det fordi han er fra Grenaa og f\u00f8dt i 2011 og ikke har haft f\u00f8dselsdag endnu, oplyser politikommiss\u00e6r Henrik Skriver Jensen fra lokalpolitiet i Thisted.<\/p>\n<p>F\u00f8reren er dermed 14 \u00e5r gammel og havde ikke k\u00f8rekort. If\u00f8lge politiet er der desuden mistanke om, at bilen kan v\u00e6re stj\u00e5let.<\/p>\n<p>Sagen efterforskes nu videre i samarbejde med \u00d8stjyllands Politi.<\/p>\n<p>\u2013 Jeg har ikke flere oplysninger, men det er selvf\u00f8lgelig en sag, vi skal have l\u00f8bet helt i m\u00e5l, siger Henrik Skriver Jensen.<\/p>\n<p>&nbsp;<\/p>\n<blockquote>\n<h4>POPUL\u00c6RE ARTIKLER LIGE NU:<\/h4>\n<h5><a href=\"https:\/\/kunmedierne.dk\/thy\/udfordring-i-kolonihaverne-ingen-plads-til-renovationsbilerne\/\" target=\"_blank\" rel=\"noopener\">Udfordring i kolonihaverne: Ingen plads til renovationsbilerne<\/a><\/h5>\n<h5><a href=\"https:\/\/kunmedierne.dk\/thy\/thybo-saetter-ord-paa-sin-bekymring-naturen-i-det-aabne-landskab-er-under-pres\/\" target=\"_blank\" rel=\"noopener\">Thybo s\u00e6tter ord p\u00e5 sin bekymring: Naturen i det \u00e5bne landskab er under pres<\/a><\/h5>\n<h5><a href=\"https:\/\/kunmedierne.dk\/thy\/fantastisk-oplevelse-fire-unge-cyklede-fra-lissabon-til-faddersboel\/\" target=\"_blank\" rel=\"noopener\">Fantastisk oplevelse: Fire unge kvinder cyklede fra Lissabon til Jannerup<\/a><\/h5>\n<p>&nbsp;<\/p><\/blockquote>\n<p><img loading=\"lazy\" decoding=\"async\" class=\"alignnone wp-image-6670 size-full\" src=\"https:\/\/kunmedierne.dk\/thy\/wp-content\/uploads\/sites\/2\/2025\/07\/pris-3.jpg\" alt=\"\" width=\"600\" height=\"503\" srcset=\"https:\/\/kunmedierne.dk\/thy\/wp-content\/uploads\/sites\/2\/2025\/07\/pris-3.jpg 600w, https:\/\/kunmedierne.dk\/thy\/wp-content\/uploads\/sites\/2\/2025\/07\/pris-3-300x252.jpg 300w, https:\/\/kunmedierne.dk\/thy\/wp-content\/uploads\/sites\/2\/2025\/07\/pris-3-510x428.jpg 510w\" sizes=\"auto, (max-width: 600px) 100vw, 600px\" \/><\/p>\n","protected":false},"excerpt":{"rendered":"<p>THISTED: S\u00f8ndag morgen den 26. april blev lokalpolitiet i Thisted kaldt ud til et f\u00e6rdselsuheld p\u00e5 M\u00f8llevej. En elbil af typen Volkswagen ID.3 havde p\u00e5k\u00f8rt et helleanl\u00e6g samt flere skilte, som tilh\u00f8rer Thisted Kommune. Der var tale om materielle skader, og ingen meldinger om personskade i forbindelse med uheldet. Da politiet ankom til stedet, viste [&hellip;]<\/p>\n","protected":false},"author":2507,"featured_media":0,"comment_status":"closed","ping_status":"closed","sticky":false,"template":"","format":"standard","meta":{"_acf_changed":false,"footnotes":""},"categories":[53,24],"tags":[],"class_list":["post-21241","post","type-post","status-publish","format-standard","hentry","category-53","category-lokalt"],"acf":[],"yoast_head":"<!-- This site is optimized with the Yoast SEO plugin v26.8 - https:\/\/yoast.com\/product\/yoast-seo-wordpress\/ -->\n<title>14-\u00e5rig bag rattet i elbil endte i uheld p\u00e5 M\u00f8llevej i Thisted - Thy<\/title>\n<meta name=\"robots\" content=\"index, follow, max-snippet:-1, max-image-preview:large, max-video-preview:-1\" \/>\n<link rel=\"canonical\" href=\"https:\/\/kunmedierne.dk\/thy\/14-aarig-bag-rattet-i-elbil-endte-i-uheld-paa-moellevej-i-thisted\/\" \/>\n<meta property=\"og:locale\" content=\"da_DK\" \/>\n<meta property=\"og:type\" content=\"article\" \/>\n<meta property=\"og:title\" content=\"14-\u00e5rig bag rattet i elbil endte i uheld p\u00e5 M\u00f8llevej i Thisted - Thy\" \/>\n<meta property=\"og:description\" content=\"THISTED: S\u00f8ndag morgen den 26. april blev lokalpolitiet i Thisted kaldt ud til et f\u00e6rdselsuheld p\u00e5 M\u00f8llevej. En elbil af typen Volkswagen ID.3 havde p\u00e5k\u00f8rt et helleanl\u00e6g samt flere skilte, som tilh\u00f8rer Thisted Kommune. Der var tale om materielle skader, og ingen meldinger om personskade i forbindelse med uheldet. Da politiet ankom til stedet, viste [&hellip;]\" \/>\n<meta property=\"og:url\" content=\"https:\/\/kunmedierne.dk\/thy\/14-aarig-bag-rattet-i-elbil-endte-i-uheld-paa-moellevej-i-thisted\/\" \/>\n<meta property=\"og:site_name\" content=\"Thy\" \/>\n<meta property=\"article:published_time\" content=\"2026-04-27T10:17:45+00:00\" \/>\n<meta property=\"og:image\" content=\"https:\/\/kunmedierne.dk\/thy\/wp-content\/uploads\/sites\/2\/2025\/07\/pris-3.jpg\" \/>\n<meta name=\"author\" content=\"Katrine Hedegaard\" \/>\n<meta name=\"twitter:card\" content=\"summary_large_image\" \/>\n<meta name=\"twitter:label1\" content=\"Skrevet af\" \/>\n\t<meta name=\"twitter:data1\" content=\"Katrine Hedegaard\" \/>\n\t<meta name=\"twitter:label2\" content=\"Estimeret l\u00e6setid\" \/>\n\t<meta name=\"twitter:data2\" content=\"2 minutter\" \/>\n<script type=\"application\/ld+json\" class=\"yoast-schema-graph\">{\"@context\":\"https:\/\/schema.org\",\"@graph\":[{\"@type\":\"Article\",\"@id\":\"https:\/\/kunmedierne.dk\/thy\/14-aarig-bag-rattet-i-elbil-endte-i-uheld-paa-moellevej-i-thisted\/#article\",\"isPartOf\":{\"@id\":\"https:\/\/kunmedierne.dk\/thy\/14-aarig-bag-rattet-i-elbil-endte-i-uheld-paa-moellevej-i-thisted\/\"},\"author\":{\"name\":\"Katrine Hedegaard\",\"@id\":\"https:\/\/kunmedierne.dk\/thy\/#\/schema\/person\/b2e62a38069b12365e53e087a8709c64\"},\"headline\":\"14-\u00e5rig bag rattet i elbil endte i uheld p\u00e5 M\u00f8llevej i Thisted\",\"datePublished\":\"2026-04-27T10:17:45+00:00\",\"mainEntityOfPage\":{\"@id\":\"https:\/\/kunmedierne.dk\/thy\/14-aarig-bag-rattet-i-elbil-endte-i-uheld-paa-moellevej-i-thisted\/\"},\"wordCount\":222,\"publisher\":{\"@id\":\"https:\/\/kunmedierne.dk\/thy\/#organization\"},\"image\":{\"@id\":\"https:\/\/kunmedierne.dk\/thy\/14-aarig-bag-rattet-i-elbil-endte-i-uheld-paa-moellevej-i-thisted\/#primaryimage\"},\"thumbnailUrl\":\"https:\/\/kunmedierne.dk\/thy\/wp-content\/uploads\/sites\/2\/2025\/07\/pris-3.jpg\",\"articleSection\":[\"112\",\"Lokalt\"],\"inLanguage\":\"da-DK\"},{\"@type\":\"WebPage\",\"@id\":\"https:\/\/kunmedierne.dk\/thy\/14-aarig-bag-rattet-i-elbil-endte-i-uheld-paa-moellevej-i-thisted\/\",\"url\":\"https:\/\/kunmedierne.dk\/thy\/14-aarig-bag-rattet-i-elbil-endte-i-uheld-paa-moellevej-i-thisted\/\",\"name\":\"14-\u00e5rig bag rattet i elbil endte i uheld p\u00e5 M\u00f8llevej i Thisted - Thy\",\"isPartOf\":{\"@id\":\"https:\/\/kunmedierne.dk\/thy\/#website\"},\"primaryImageOfPage\":{\"@id\":\"https:\/\/kunmedierne.dk\/thy\/14-aarig-bag-rattet-i-elbil-endte-i-uheld-paa-moellevej-i-thisted\/#primaryimage\"},\"image\":{\"@id\":\"https:\/\/kunmedierne.dk\/thy\/14-aarig-bag-rattet-i-elbil-endte-i-uheld-paa-moellevej-i-thisted\/#primaryimage\"},\"thumbnailUrl\":\"https:\/\/kunmedierne.dk\/thy\/wp-content\/uploads\/sites\/2\/2025\/07\/pris-3.jpg\",\"datePublished\":\"2026-04-27T10:17:45+00:00\",\"breadcrumb\":{\"@id\":\"https:\/\/kunmedierne.dk\/thy\/14-aarig-bag-rattet-i-elbil-endte-i-uheld-paa-moellevej-i-thisted\/#breadcrumb\"},\"inLanguage\":\"da-DK\",\"potentialAction\":[{\"@type\":\"ReadAction\",\"target\":[\"https:\/\/kunmedierne.dk\/thy\/14-aarig-bag-rattet-i-elbil-endte-i-uheld-paa-moellevej-i-thisted\/\"]}]},{\"@type\":\"ImageObject\",\"inLanguage\":\"da-DK\",\"@id\":\"https:\/\/kunmedierne.dk\/thy\/14-aarig-bag-rattet-i-elbil-endte-i-uheld-paa-moellevej-i-thisted\/#primaryimage\",\"url\":\"https:\/\/kunmedierne.dk\/thy\/wp-content\/uploads\/sites\/2\/2025\/07\/pris-3.jpg\",\"contentUrl\":\"https:\/\/kunmedierne.dk\/thy\/wp-content\/uploads\/sites\/2\/2025\/07\/pris-3.jpg\",\"width\":600,\"height\":503},{\"@type\":\"BreadcrumbList\",\"@id\":\"https:\/\/kunmedierne.dk\/thy\/14-aarig-bag-rattet-i-elbil-endte-i-uheld-paa-moellevej-i-thisted\/#breadcrumb\",\"itemListElement\":[{\"@type\":\"ListItem\",\"position\":1,\"name\":\"Home\",\"item\":\"https:\/\/kunmedierne.dk\/thy\/\"},{\"@type\":\"ListItem\",\"position\":2,\"name\":\"14-\u00e5rig bag rattet i elbil endte i uheld p\u00e5 M\u00f8llevej i Thisted\"}]},{\"@type\":\"WebSite\",\"@id\":\"https:\/\/kunmedierne.dk\/thy\/#website\",\"url\":\"https:\/\/kunmedierne.dk\/thy\/\",\"name\":\"Thy\",\"description\":\"et netmedie med journalistik om livet i Thy\",\"publisher\":{\"@id\":\"https:\/\/kunmedierne.dk\/thy\/#organization\"},\"potentialAction\":[{\"@type\":\"SearchAction\",\"target\":{\"@type\":\"EntryPoint\",\"urlTemplate\":\"https:\/\/kunmedierne.dk\/thy\/?s={search_term_string}\"},\"query-input\":{\"@type\":\"PropertyValueSpecification\",\"valueRequired\":true,\"valueName\":\"search_term_string\"}}],\"inLanguage\":\"da-DK\"},{\"@type\":\"Organization\",\"@id\":\"https:\/\/kunmedierne.dk\/thy\/#organization\",\"name\":\"Thy\",\"url\":\"https:\/\/kunmedierne.dk\/thy\/\",\"logo\":{\"@type\":\"ImageObject\",\"inLanguage\":\"da-DK\",\"@id\":\"https:\/\/kunmedierne.dk\/thy\/#\/schema\/logo\/image\/\",\"url\":\"https:\/\/kunmedierne.dk\/thy\/wp-content\/uploads\/sites\/2\/2025\/04\/kunthy-logo.svg\",\"contentUrl\":\"https:\/\/kunmedierne.dk\/thy\/wp-content\/uploads\/sites\/2\/2025\/04\/kunthy-logo.svg\",\"caption\":\"Thy\"},\"image\":{\"@id\":\"https:\/\/kunmedierne.dk\/thy\/#\/schema\/logo\/image\/\"}},{\"@type\":\"Person\",\"@id\":\"https:\/\/kunmedierne.dk\/thy\/#\/schema\/person\/b2e62a38069b12365e53e087a8709c64\",\"name\":\"Katrine Hedegaard\",\"image\":{\"@type\":\"ImageObject\",\"inLanguage\":\"da-DK\",\"@id\":\"https:\/\/kunmedierne.dk\/thy\/#\/schema\/person\/image\/\",\"url\":\"https:\/\/secure.gravatar.com\/avatar\/18a5c72fa9148052fd3ed5a58b40fc83cfdc9811090e6e6eec9539af058edcc0?s=96&d=mm&r=g\",\"contentUrl\":\"https:\/\/secure.gravatar.com\/avatar\/18a5c72fa9148052fd3ed5a58b40fc83cfdc9811090e6e6eec9539af058edcc0?s=96&d=mm&r=g\",\"caption\":\"Katrine Hedegaard\"},\"url\":\"https:\/\/kunmedierne.dk\/thy\/author\/katrine\/\"}]}<\/script>\n<!-- \/ Yoast SEO plugin. -->","yoast_head_json":{"title":"14-\u00e5rig bag rattet i elbil endte i uheld p\u00e5 M\u00f8llevej i Thisted - Thy","robots":{"index":"index","follow":"follow","max-snippet":"max-snippet:-1","max-image-preview":"max-image-preview:large","max-video-preview":"max-video-preview:-1"},"canonical":"https:\/\/kunmedierne.dk\/thy\/14-aarig-bag-rattet-i-elbil-endte-i-uheld-paa-moellevej-i-thisted\/","og_locale":"da_DK","og_type":"article","og_title":"14-\u00e5rig bag rattet i elbil endte i uheld p\u00e5 M\u00f8llevej i Thisted - Thy","og_description":"THISTED: S\u00f8ndag morgen den 26. april blev lokalpolitiet i Thisted kaldt ud til et f\u00e6rdselsuheld p\u00e5 M\u00f8llevej. En elbil af typen Volkswagen ID.3 havde p\u00e5k\u00f8rt et helleanl\u00e6g samt flere skilte, som tilh\u00f8rer Thisted Kommune. Der var tale om materielle skader, og ingen meldinger om personskade i forbindelse med uheldet. Da politiet ankom til stedet, viste [&hellip;]","og_url":"https:\/\/kunmedierne.dk\/thy\/14-aarig-bag-rattet-i-elbil-endte-i-uheld-paa-moellevej-i-thisted\/","og_site_name":"Thy","article_published_time":"2026-04-27T10:17:45+00:00","og_image":[{"url":"https:\/\/kunmedierne.dk\/thy\/wp-content\/uploads\/sites\/2\/2025\/07\/pris-3.jpg","type":"","width":"","height":""}],"author":"Katrine Hedegaard","twitter_card":"summary_large_image","twitter_misc":{"Skrevet af":"Katrine Hedegaard","Estimeret l\u00e6setid":"2 minutter"},"schema":{"@context":"https:\/\/schema.org","@graph":[{"@type":"Article","@id":"https:\/\/kunmedierne.dk\/thy\/14-aarig-bag-rattet-i-elbil-endte-i-uheld-paa-moellevej-i-thisted\/#article","isPartOf":{"@id":"https:\/\/kunmedierne.dk\/thy\/14-aarig-bag-rattet-i-elbil-endte-i-uheld-paa-moellevej-i-thisted\/"},"author":{"name":"Katrine Hedegaard","@id":"https:\/\/kunmedierne.dk\/thy\/#\/schema\/person\/b2e62a38069b12365e53e087a8709c64"},"headline":"14-\u00e5rig bag rattet i elbil endte i uheld p\u00e5 M\u00f8llevej i Thisted","datePublished":"2026-04-27T10:17:45+00:00","mainEntityOfPage":{"@id":"https:\/\/kunmedierne.dk\/thy\/14-aarig-bag-rattet-i-elbil-endte-i-uheld-paa-moellevej-i-thisted\/"},"wordCount":222,"publisher":{"@id":"https:\/\/kunmedierne.dk\/thy\/#organization"},"image":{"@id":"https:\/\/kunmedierne.dk\/thy\/14-aarig-bag-rattet-i-elbil-endte-i-uheld-paa-moellevej-i-thisted\/#primaryimage"},"thumbnailUrl":"https:\/\/kunmedierne.dk\/thy\/wp-content\/uploads\/sites\/2\/2025\/07\/pris-3.jpg","articleSection":["112","Lokalt"],"inLanguage":"da-DK"},{"@type":"WebPage","@id":"https:\/\/kunmedierne.dk\/thy\/14-aarig-bag-rattet-i-elbil-endte-i-uheld-paa-moellevej-i-thisted\/","url":"https:\/\/kunmedierne.dk\/thy\/14-aarig-bag-rattet-i-elbil-endte-i-uheld-paa-moellevej-i-thisted\/","name":"14-\u00e5rig bag rattet i elbil endte i uheld p\u00e5 M\u00f8llevej i Thisted - Thy","isPartOf":{"@id":"https:\/\/kunmedierne.dk\/thy\/#website"},"primaryImageOfPage":{"@id":"https:\/\/kunmedierne.dk\/thy\/14-aarig-bag-rattet-i-elbil-endte-i-uheld-paa-moellevej-i-thisted\/#primaryimage"},"image":{"@id":"https:\/\/kunmedierne.dk\/thy\/14-aarig-bag-rattet-i-elbil-endte-i-uheld-paa-moellevej-i-thisted\/#primaryimage"},"thumbnailUrl":"https:\/\/kunmedierne.dk\/thy\/wp-content\/uploads\/sites\/2\/2025\/07\/pris-3.jpg","datePublished":"2026-04-27T10:17:45+00:00","breadcrumb":{"@id":"https:\/\/kunmedierne.dk\/thy\/14-aarig-bag-rattet-i-elbil-endte-i-uheld-paa-moellevej-i-thisted\/#breadcrumb"},"inLanguage":"da-DK","potentialAction":[{"@type":"ReadAction","target":["https:\/\/kunmedierne.dk\/thy\/14-aarig-bag-rattet-i-elbil-endte-i-uheld-paa-moellevej-i-thisted\/"]}]},{"@type":"ImageObject","inLanguage":"da-DK","@id":"https:\/\/kunmedierne.dk\/thy\/14-aarig-bag-rattet-i-elbil-endte-i-uheld-paa-moellevej-i-thisted\/#primaryimage","url":"https:\/\/kunmedierne.dk\/thy\/wp-content\/uploads\/sites\/2\/2025\/07\/pris-3.jpg","contentUrl":"https:\/\/kunmedierne.dk\/thy\/wp-content\/uploads\/sites\/2\/2025\/07\/pris-3.jpg","width":600,"height":503},{"@type":"BreadcrumbList","@id":"https:\/\/kunmedierne.dk\/thy\/14-aarig-bag-rattet-i-elbil-endte-i-uheld-paa-moellevej-i-thisted\/#breadcrumb","itemListElement":[{"@type":"ListItem","position":1,"name":"Home","item":"https:\/\/kunmedierne.dk\/thy\/"},{"@type":"ListItem","position":2,"name":"14-\u00e5rig bag rattet i elbil endte i uheld p\u00e5 M\u00f8llevej i Thisted"}]},{"@type":"WebSite","@id":"https:\/\/kunmedierne.dk\/thy\/#website","url":"https:\/\/kunmedierne.dk\/thy\/","name":"Thy","description":"et netmedie med journalistik om livet i Thy","publisher":{"@id":"https:\/\/kunmedierne.dk\/thy\/#organization"},"potentialAction":[{"@type":"SearchAction","target":{"@type":"EntryPoint","urlTemplate":"https:\/\/kunmedierne.dk\/thy\/?s={search_term_string}"},"query-input":{"@type":"PropertyValueSpecification","valueRequired":true,"valueName":"search_term_string"}}],"inLanguage":"da-DK"},{"@type":"Organization","@id":"https:\/\/kunmedierne.dk\/thy\/#organization","name":"Thy","url":"https:\/\/kunmedierne.dk\/thy\/","logo":{"@type":"ImageObject","inLanguage":"da-DK","@id":"https:\/\/kunmedierne.dk\/thy\/#\/schema\/logo\/image\/","url":"https:\/\/kunmedierne.dk\/thy\/wp-content\/uploads\/sites\/2\/2025\/04\/kunthy-logo.svg","contentUrl":"https:\/\/kunmedierne.dk\/thy\/wp-content\/uploads\/sites\/2\/2025\/04\/kunthy-logo.svg","caption":"Thy"},"image":{"@id":"https:\/\/kunmedierne.dk\/thy\/#\/schema\/logo\/image\/"}},{"@type":"Person","@id":"https:\/\/kunmedierne.dk\/thy\/#\/schema\/person\/b2e62a38069b12365e53e087a8709c64","name":"Katrine Hedegaard","image":{"@type":"ImageObject","inLanguage":"da-DK","@id":"https:\/\/kunmedierne.dk\/thy\/#\/schema\/person\/image\/","url":"https:\/\/secure.gravatar.com\/avatar\/18a5c72fa9148052fd3ed5a58b40fc83cfdc9811090e6e6eec9539af058edcc0?s=96&d=mm&r=g","contentUrl":"https:\/\/secure.gravatar.com\/avatar\/18a5c72fa9148052fd3ed5a58b40fc83cfdc9811090e6e6eec9539af058edcc0?s=96&d=mm&r=g","caption":"Katrine Hedegaard"},"url":"https:\/\/kunmedierne.dk\/thy\/author\/katrine\/"}]}},"_links":{"self":[{"href":"https:\/\/kunmedierne.dk\/thy\/wp-json\/wp\/v2\/posts\/21241","targetHints":{"allow":["GET"]}}],"collection":[{"href":"https:\/\/kunmedierne.dk\/thy\/wp-json\/wp\/v2\/posts"}],"about":[{"href":"https:\/\/kunmedierne.dk\/thy\/wp-json\/wp\/v2\/types\/post"}],"author":[{"embeddable":true,"href":"https:\/\/kunmedierne.dk\/thy\/wp-json\/wp\/v2\/users\/2507"}],"replies":[{"embeddable":true,"href":"https:\/\/kunmedierne.dk\/thy\/wp-json\/wp\/v2\/comments?post=21241"}],"version-history":[{"count":1,"href":"https:\/\/kunmedierne.dk\/thy\/wp-json\/wp\/v2\/posts\/21241\/revisions"}],"predecessor-version":[{"id":21243,"href":"https:\/\/kunmedierne.dk\/thy\/wp-json\/wp\/v2\/posts\/21241\/revisions\/21243"}],"wp:attachment":[{"href":"https:\/\/kunmedierne.dk\/thy\/wp-json\/wp\/v2\/media?parent=21241"}],"wp:term":[{"taxonomy":"category","embeddable":true,"href":"https:\/\/kunmedierne.dk\/thy\/wp-json\/wp\/v2\/categories?post=21241"},{"taxonomy":"post_tag","embeddable":true,"href":"https:\/\/kunmedierne.dk\/thy\/wp-json\/wp\/v2\/tags?post=21241"}],"curies":[{"name":"wp","href":"https:\/\/api.w.org\/{rel}","templated":true}]}}