{"id":21231,"date":"2026-04-27T10:16:09","date_gmt":"2026-04-27T08:16:09","guid":{"rendered":"https:\/\/kunmedierne.dk\/thy\/?p=21231"},"modified":"2026-04-27T10:16:09","modified_gmt":"2026-04-27T08:16:09","slug":"udfordring-i-kolonihaverne-ingen-plads-til-renovationsbilerne","status":"publish","type":"post","link":"https:\/\/kunmedierne.dk\/thy\/udfordring-i-kolonihaverne-ingen-plads-til-renovationsbilerne\/","title":{"rendered":"<span>Udfordring i kolonihaverne: <\/span>Ingen plads til renovationsbilerne"},"content":{"rendered":"<p><strong>THY:<\/strong> Efter planen skulle affaldet fra kolonihaverne i Thisted Kommune fra 1. april i \u00e5r sorteres p\u00e5 samme m\u00e5de som affaldet fra kommunens \u00f8vrige husholdninger, men nu er fristen for at sortere affaldet forl\u00e6nget med et \u00e5r frem til 1. april 2027. Forklaringen er, af vejene i kolonihaveomr\u00e5derne er for sm\u00e5 til, at renovationsbilerne kan k\u00f8re p\u00e5 dem.<\/p>\n<a class=\"dvrt-link\" onClick=\"cdmtrack_click(683,jQuery(this));return false\" href=\"https:\/\/vester-begr.dk\/?utm_source=google&amp;utm_medium=advative&amp;gad_source=1&amp;gclid=Cj0KCQjwtJ6_BhDWARIsAGanmKfl-hGVVjCYiOgSKoGoxrow4kvXybZsnruKJYTslvqZDywT6a9PCQwaAmBjEALw_wcB\"><img decoding=\"async\" style=\"width:100%;\" src=\"https:\/\/kunmedierne.dk\/thy\/wp-content\/uploads\/sites\/2\/2025\/03\/260203VesterHoukaer-02022026.jpg\"><\/a><script>cdmtrack_view(683);<\/script>\n<p>Det er Thy Forsyning, som skal hente affaldet, men selskabet har meddelt kommunen, at fristen for at det sker, ikke kan overholdes og ejerne af kolonihaverne derfor ikke, som det allerede sker i kommunens \u00f8vrige husstande, skal sortere deres affald i endnu et \u00e5r<\/p>\n<p>Sagen om uds\u00e6ttelsen af affaldsordningen i kolonihaveomr\u00e5derne er tirsdag p\u00e5 kommunalbestyrelsens dagsorden som en orienteringssag ligesom den allerede har v\u00e6ret det i udvalget for klima, milj\u00f8 og teknik og i \u00f8konomiudvalget.<\/p>\n<a class=\"dvrt-link\" onClick=\"cdmtrack_click(685,jQuery(this));return false\" href=\"https:\/\/wensien.dk\/begravelse\/?gad_source=1&gclid=Cj0KCQjwtJ6_BhDWARIsAGanmKcWw6hbeoepGti1oApJGHln52gMbg8EBRZ86__3P1AJZ5dcsw4ZvNEaAk7JEALw_wcB\"><img decoding=\"async\" style=\"width:100%;\" src=\"https:\/\/kunmedierne.dk\/thy\/wp-content\/uploads\/sites\/2\/2025\/03\/wensien-stenhugger.jpg\"><\/a><script>cdmtrack_view(685);<\/script>\n<p>Thy Forsyning har p\u00e5 orienteringsm\u00f8der i kolonihaveforeningerne informeret om tre mulige l\u00f8sninger. En er, at der tilmeldes der tre affaldsbeholdere til hvert hus og have, men det stiller krav til adgangsvejene. De skal v\u00e6re mindst 3,5 meter brede, for at renovationsbilerne kan k\u00f8re p\u00e5 dem.<\/p>\n<p>Andre l\u00f8sninger er, at de tre individuelle beholdere opstilles p\u00e5 en f\u00e6lles opsamlingsplads, men det kr\u00e6ver dels, at der er et areal i kolonihaveomr\u00e5det, hvor pladsen kan etableres, dels at haverne er organiseret i en forening, der kan st\u00e5 for driften af den f\u00e6lles opsamlingsplads. En tredje l\u00f8sning er en f\u00e6lles affaldsordning, hvor affaldet sorteres i st\u00f8rre containere, som st\u00e5 p\u00e5 jorden. Ogs\u00e5 den l\u00f8sning kr\u00e6ver, at haverne er en del af en organiseret kolonihaveforening.<\/p>\n<a class=\"dvrt-link\" onClick=\"cdmtrack_click(685,jQuery(this));return false\" href=\"https:\/\/wensien.dk\/begravelse\/?gad_source=1&gclid=Cj0KCQjwtJ6_BhDWARIsAGanmKcWw6hbeoepGti1oApJGHln52gMbg8EBRZ86__3P1AJZ5dcsw4ZvNEaAk7JEALw_wcB\"><img decoding=\"async\" style=\"width:100%;\" src=\"https:\/\/kunmedierne.dk\/thy\/wp-content\/uploads\/sites\/2\/2025\/03\/wensien-stenhugger.jpg\"><\/a><script>cdmtrack_view(685);<\/script>\n<p>Udfordringerne med de tre l\u00f8sninger er \u00e5rsag til, at at Thy Forsyning ikke har n\u00e5et at indf\u00f8re affaldsordninger i kolonihaverne til 1. april i \u00e5r, men ved at udskyde fristen med et \u00e5r er der tid til at unders\u00f8ge, om der er behov for \u00e6ndringer i husholdningsregulativet, som kan v\u00e6re med til at g\u00f8re det nemmere at indf\u00f8re en affaldsl\u00f8sning i kolonihaverne.<\/p>\n<p>I f\u00f8lge sagsfremstillingen er der konsekvenser af uds\u00e6ttelsen af affaldsordningen. Blandt andet bliver der genanvendt mindre plast, metal og papir i kolonihaverne, mere af affaldet forbr\u00e6ndes , ender i naturen eller havner i andres affaldscontainer.<\/p>\n","protected":false},"excerpt":{"rendered":"<p>THY: Efter planen skulle affaldet fra kolonihaverne i Thisted Kommune fra 1. april i \u00e5r sorteres p\u00e5 samme m\u00e5de som affaldet fra kommunens \u00f8vrige husholdninger, men nu er fristen for at sortere affaldet forl\u00e6nget med et \u00e5r frem til 1. april 2027. Forklaringen er, af vejene i kolonihaveomr\u00e5derne er for sm\u00e5 til, at renovationsbilerne kan [&hellip;]<\/p>\n","protected":false},"author":4535,"featured_media":0,"comment_status":"closed","ping_status":"closed","sticky":false,"template":"","format":"standard","meta":{"_acf_changed":false,"footnotes":""},"categories":[24],"tags":[91,48],"class_list":["post-21231","post","type-post","status-publish","format-standard","hentry","category-lokalt","tag-forsyningsvirksomheder","tag-miljoe"],"acf":[],"yoast_head":"<!-- This site is optimized with the Yoast SEO plugin v26.8 - https:\/\/yoast.com\/product\/yoast-seo-wordpress\/ -->\n<title>Udfordring i kolonihaverne: Ingen plads til renovationsbilerne - Thy<\/title>\n<meta name=\"robots\" content=\"index, follow, max-snippet:-1, max-image-preview:large, max-video-preview:-1\" \/>\n<link rel=\"canonical\" href=\"https:\/\/kunmedierne.dk\/thy\/udfordring-i-kolonihaverne-ingen-plads-til-renovationsbilerne\/\" \/>\n<meta property=\"og:locale\" content=\"da_DK\" \/>\n<meta property=\"og:type\" content=\"article\" \/>\n<meta property=\"og:title\" content=\"Udfordring i kolonihaverne: Ingen plads til renovationsbilerne - Thy\" \/>\n<meta property=\"og:description\" content=\"THY: Efter planen skulle affaldet fra kolonihaverne i Thisted Kommune fra 1. april i \u00e5r sorteres p\u00e5 samme m\u00e5de som affaldet fra kommunens \u00f8vrige husholdninger, men nu er fristen for at sortere affaldet forl\u00e6nget med et \u00e5r frem til 1. april 2027. Forklaringen er, af vejene i kolonihaveomr\u00e5derne er for sm\u00e5 til, at renovationsbilerne kan [&hellip;]\" \/>\n<meta property=\"og:url\" content=\"https:\/\/kunmedierne.dk\/thy\/udfordring-i-kolonihaverne-ingen-plads-til-renovationsbilerne\/\" \/>\n<meta property=\"og:site_name\" content=\"Thy\" \/>\n<meta property=\"article:published_time\" content=\"2026-04-27T08:16:09+00:00\" \/>\n<meta name=\"author\" content=\"Jens Fogh Andersen\" \/>\n<meta name=\"twitter:card\" content=\"summary_large_image\" \/>\n<meta name=\"twitter:label1\" content=\"Skrevet af\" \/>\n\t<meta name=\"twitter:data1\" content=\"Jens Fogh Andersen\" \/>\n\t<meta name=\"twitter:label2\" content=\"Estimeret l\u00e6setid\" \/>\n\t<meta name=\"twitter:data2\" content=\"2 minutter\" \/>\n<script type=\"application\/ld+json\" class=\"yoast-schema-graph\">{\"@context\":\"https:\/\/schema.org\",\"@graph\":[{\"@type\":\"Article\",\"@id\":\"https:\/\/kunmedierne.dk\/thy\/udfordring-i-kolonihaverne-ingen-plads-til-renovationsbilerne\/#article\",\"isPartOf\":{\"@id\":\"https:\/\/kunmedierne.dk\/thy\/udfordring-i-kolonihaverne-ingen-plads-til-renovationsbilerne\/\"},\"author\":{\"name\":\"Jens Fogh Andersen\",\"@id\":\"https:\/\/kunmedierne.dk\/thy\/#\/schema\/person\/88f5be46809ca2a5533760eb574fef93\"},\"headline\":\"Udfordring i kolonihaverne: Ingen plads til renovationsbilerne\",\"datePublished\":\"2026-04-27T08:16:09+00:00\",\"mainEntityOfPage\":{\"@id\":\"https:\/\/kunmedierne.dk\/thy\/udfordring-i-kolonihaverne-ingen-plads-til-renovationsbilerne\/\"},\"wordCount\":389,\"publisher\":{\"@id\":\"https:\/\/kunmedierne.dk\/thy\/#organization\"},\"keywords\":[\"Forsyningsvirksomheder\",\"Milj\u00f8\"],\"articleSection\":[\"Lokalt\"],\"inLanguage\":\"da-DK\"},{\"@type\":\"WebPage\",\"@id\":\"https:\/\/kunmedierne.dk\/thy\/udfordring-i-kolonihaverne-ingen-plads-til-renovationsbilerne\/\",\"url\":\"https:\/\/kunmedierne.dk\/thy\/udfordring-i-kolonihaverne-ingen-plads-til-renovationsbilerne\/\",\"name\":\"Udfordring i kolonihaverne: Ingen plads til renovationsbilerne - Thy\",\"isPartOf\":{\"@id\":\"https:\/\/kunmedierne.dk\/thy\/#website\"},\"datePublished\":\"2026-04-27T08:16:09+00:00\",\"breadcrumb\":{\"@id\":\"https:\/\/kunmedierne.dk\/thy\/udfordring-i-kolonihaverne-ingen-plads-til-renovationsbilerne\/#breadcrumb\"},\"inLanguage\":\"da-DK\",\"potentialAction\":[{\"@type\":\"ReadAction\",\"target\":[\"https:\/\/kunmedierne.dk\/thy\/udfordring-i-kolonihaverne-ingen-plads-til-renovationsbilerne\/\"]}]},{\"@type\":\"BreadcrumbList\",\"@id\":\"https:\/\/kunmedierne.dk\/thy\/udfordring-i-kolonihaverne-ingen-plads-til-renovationsbilerne\/#breadcrumb\",\"itemListElement\":[{\"@type\":\"ListItem\",\"position\":1,\"name\":\"Home\",\"item\":\"https:\/\/kunmedierne.dk\/thy\/\"},{\"@type\":\"ListItem\",\"position\":2,\"name\":\"Udfordring i kolonihaverne: Ingen plads til renovationsbilerne\"}]},{\"@type\":\"WebSite\",\"@id\":\"https:\/\/kunmedierne.dk\/thy\/#website\",\"url\":\"https:\/\/kunmedierne.dk\/thy\/\",\"name\":\"Thy\",\"description\":\"et netmedie med journalistik om livet i Thy\",\"publisher\":{\"@id\":\"https:\/\/kunmedierne.dk\/thy\/#organization\"},\"potentialAction\":[{\"@type\":\"SearchAction\",\"target\":{\"@type\":\"EntryPoint\",\"urlTemplate\":\"https:\/\/kunmedierne.dk\/thy\/?s={search_term_string}\"},\"query-input\":{\"@type\":\"PropertyValueSpecification\",\"valueRequired\":true,\"valueName\":\"search_term_string\"}}],\"inLanguage\":\"da-DK\"},{\"@type\":\"Organization\",\"@id\":\"https:\/\/kunmedierne.dk\/thy\/#organization\",\"name\":\"Thy\",\"url\":\"https:\/\/kunmedierne.dk\/thy\/\",\"logo\":{\"@type\":\"ImageObject\",\"inLanguage\":\"da-DK\",\"@id\":\"https:\/\/kunmedierne.dk\/thy\/#\/schema\/logo\/image\/\",\"url\":\"https:\/\/kunmedierne.dk\/thy\/wp-content\/uploads\/sites\/2\/2025\/04\/kunthy-logo.svg\",\"contentUrl\":\"https:\/\/kunmedierne.dk\/thy\/wp-content\/uploads\/sites\/2\/2025\/04\/kunthy-logo.svg\",\"caption\":\"Thy\"},\"image\":{\"@id\":\"https:\/\/kunmedierne.dk\/thy\/#\/schema\/logo\/image\/\"}},{\"@type\":\"Person\",\"@id\":\"https:\/\/kunmedierne.dk\/thy\/#\/schema\/person\/88f5be46809ca2a5533760eb574fef93\",\"name\":\"Jens Fogh Andersen\",\"image\":{\"@type\":\"ImageObject\",\"inLanguage\":\"da-DK\",\"@id\":\"https:\/\/kunmedierne.dk\/thy\/#\/schema\/person\/image\/\",\"url\":\"https:\/\/secure.gravatar.com\/avatar\/2b367a4ef139b1c41dccc9ee7af926b81f8b4cca3359772e86c7fd5ced26c0a3?s=96&d=mm&r=g\",\"contentUrl\":\"https:\/\/secure.gravatar.com\/avatar\/2b367a4ef139b1c41dccc9ee7af926b81f8b4cca3359772e86c7fd5ced26c0a3?s=96&d=mm&r=g\",\"caption\":\"Jens Fogh Andersen\"},\"url\":\"https:\/\/kunmedierne.dk\/thy\/author\/jfa\/\"}]}<\/script>\n<!-- \/ Yoast SEO plugin. -->","yoast_head_json":{"title":"Udfordring i kolonihaverne: Ingen plads til renovationsbilerne - Thy","robots":{"index":"index","follow":"follow","max-snippet":"max-snippet:-1","max-image-preview":"max-image-preview:large","max-video-preview":"max-video-preview:-1"},"canonical":"https:\/\/kunmedierne.dk\/thy\/udfordring-i-kolonihaverne-ingen-plads-til-renovationsbilerne\/","og_locale":"da_DK","og_type":"article","og_title":"Udfordring i kolonihaverne: Ingen plads til renovationsbilerne - Thy","og_description":"THY: Efter planen skulle affaldet fra kolonihaverne i Thisted Kommune fra 1. april i \u00e5r sorteres p\u00e5 samme m\u00e5de som affaldet fra kommunens \u00f8vrige husholdninger, men nu er fristen for at sortere affaldet forl\u00e6nget med et \u00e5r frem til 1. april 2027. Forklaringen er, af vejene i kolonihaveomr\u00e5derne er for sm\u00e5 til, at renovationsbilerne kan [&hellip;]","og_url":"https:\/\/kunmedierne.dk\/thy\/udfordring-i-kolonihaverne-ingen-plads-til-renovationsbilerne\/","og_site_name":"Thy","article_published_time":"2026-04-27T08:16:09+00:00","author":"Jens Fogh Andersen","twitter_card":"summary_large_image","twitter_misc":{"Skrevet af":"Jens Fogh Andersen","Estimeret l\u00e6setid":"2 minutter"},"schema":{"@context":"https:\/\/schema.org","@graph":[{"@type":"Article","@id":"https:\/\/kunmedierne.dk\/thy\/udfordring-i-kolonihaverne-ingen-plads-til-renovationsbilerne\/#article","isPartOf":{"@id":"https:\/\/kunmedierne.dk\/thy\/udfordring-i-kolonihaverne-ingen-plads-til-renovationsbilerne\/"},"author":{"name":"Jens Fogh Andersen","@id":"https:\/\/kunmedierne.dk\/thy\/#\/schema\/person\/88f5be46809ca2a5533760eb574fef93"},"headline":"Udfordring i kolonihaverne: Ingen plads til renovationsbilerne","datePublished":"2026-04-27T08:16:09+00:00","mainEntityOfPage":{"@id":"https:\/\/kunmedierne.dk\/thy\/udfordring-i-kolonihaverne-ingen-plads-til-renovationsbilerne\/"},"wordCount":389,"publisher":{"@id":"https:\/\/kunmedierne.dk\/thy\/#organization"},"keywords":["Forsyningsvirksomheder","Milj\u00f8"],"articleSection":["Lokalt"],"inLanguage":"da-DK"},{"@type":"WebPage","@id":"https:\/\/kunmedierne.dk\/thy\/udfordring-i-kolonihaverne-ingen-plads-til-renovationsbilerne\/","url":"https:\/\/kunmedierne.dk\/thy\/udfordring-i-kolonihaverne-ingen-plads-til-renovationsbilerne\/","name":"Udfordring i kolonihaverne: Ingen plads til renovationsbilerne - Thy","isPartOf":{"@id":"https:\/\/kunmedierne.dk\/thy\/#website"},"datePublished":"2026-04-27T08:16:09+00:00","breadcrumb":{"@id":"https:\/\/kunmedierne.dk\/thy\/udfordring-i-kolonihaverne-ingen-plads-til-renovationsbilerne\/#breadcrumb"},"inLanguage":"da-DK","potentialAction":[{"@type":"ReadAction","target":["https:\/\/kunmedierne.dk\/thy\/udfordring-i-kolonihaverne-ingen-plads-til-renovationsbilerne\/"]}]},{"@type":"BreadcrumbList","@id":"https:\/\/kunmedierne.dk\/thy\/udfordring-i-kolonihaverne-ingen-plads-til-renovationsbilerne\/#breadcrumb","itemListElement":[{"@type":"ListItem","position":1,"name":"Home","item":"https:\/\/kunmedierne.dk\/thy\/"},{"@type":"ListItem","position":2,"name":"Udfordring i kolonihaverne: Ingen plads til renovationsbilerne"}]},{"@type":"WebSite","@id":"https:\/\/kunmedierne.dk\/thy\/#website","url":"https:\/\/kunmedierne.dk\/thy\/","name":"Thy","description":"et netmedie med journalistik om livet i Thy","publisher":{"@id":"https:\/\/kunmedierne.dk\/thy\/#organization"},"potentialAction":[{"@type":"SearchAction","target":{"@type":"EntryPoint","urlTemplate":"https:\/\/kunmedierne.dk\/thy\/?s={search_term_string}"},"query-input":{"@type":"PropertyValueSpecification","valueRequired":true,"valueName":"search_term_string"}}],"inLanguage":"da-DK"},{"@type":"Organization","@id":"https:\/\/kunmedierne.dk\/thy\/#organization","name":"Thy","url":"https:\/\/kunmedierne.dk\/thy\/","logo":{"@type":"ImageObject","inLanguage":"da-DK","@id":"https:\/\/kunmedierne.dk\/thy\/#\/schema\/logo\/image\/","url":"https:\/\/kunmedierne.dk\/thy\/wp-content\/uploads\/sites\/2\/2025\/04\/kunthy-logo.svg","contentUrl":"https:\/\/kunmedierne.dk\/thy\/wp-content\/uploads\/sites\/2\/2025\/04\/kunthy-logo.svg","caption":"Thy"},"image":{"@id":"https:\/\/kunmedierne.dk\/thy\/#\/schema\/logo\/image\/"}},{"@type":"Person","@id":"https:\/\/kunmedierne.dk\/thy\/#\/schema\/person\/88f5be46809ca2a5533760eb574fef93","name":"Jens Fogh Andersen","image":{"@type":"ImageObject","inLanguage":"da-DK","@id":"https:\/\/kunmedierne.dk\/thy\/#\/schema\/person\/image\/","url":"https:\/\/secure.gravatar.com\/avatar\/2b367a4ef139b1c41dccc9ee7af926b81f8b4cca3359772e86c7fd5ced26c0a3?s=96&d=mm&r=g","contentUrl":"https:\/\/secure.gravatar.com\/avatar\/2b367a4ef139b1c41dccc9ee7af926b81f8b4cca3359772e86c7fd5ced26c0a3?s=96&d=mm&r=g","caption":"Jens Fogh Andersen"},"url":"https:\/\/kunmedierne.dk\/thy\/author\/jfa\/"}]}},"_links":{"self":[{"href":"https:\/\/kunmedierne.dk\/thy\/wp-json\/wp\/v2\/posts\/21231","targetHints":{"allow":["GET"]}}],"collection":[{"href":"https:\/\/kunmedierne.dk\/thy\/wp-json\/wp\/v2\/posts"}],"about":[{"href":"https:\/\/kunmedierne.dk\/thy\/wp-json\/wp\/v2\/types\/post"}],"author":[{"embeddable":true,"href":"https:\/\/kunmedierne.dk\/thy\/wp-json\/wp\/v2\/users\/4535"}],"replies":[{"embeddable":true,"href":"https:\/\/kunmedierne.dk\/thy\/wp-json\/wp\/v2\/comments?post=21231"}],"version-history":[{"count":3,"href":"https:\/\/kunmedierne.dk\/thy\/wp-json\/wp\/v2\/posts\/21231\/revisions"}],"predecessor-version":[{"id":21236,"href":"https:\/\/kunmedierne.dk\/thy\/wp-json\/wp\/v2\/posts\/21231\/revisions\/21236"}],"wp:attachment":[{"href":"https:\/\/kunmedierne.dk\/thy\/wp-json\/wp\/v2\/media?parent=21231"}],"wp:term":[{"taxonomy":"category","embeddable":true,"href":"https:\/\/kunmedierne.dk\/thy\/wp-json\/wp\/v2\/categories?post=21231"},{"taxonomy":"post_tag","embeddable":true,"href":"https:\/\/kunmedierne.dk\/thy\/wp-json\/wp\/v2\/tags?post=21231"}],"curies":[{"name":"wp","href":"https:\/\/api.w.org\/{rel}","templated":true}]}}