{"id":21223,"date":"2026-04-27T09:25:38","date_gmt":"2026-04-27T07:25:38","guid":{"rendered":"https:\/\/kunmedierne.dk\/thy\/?p=21223"},"modified":"2026-04-27T09:25:38","modified_gmt":"2026-04-27T07:25:38","slug":"indvielse-nu-kan-alle-slaa-tonen-an-i-kaldallunden","status":"publish","type":"post","link":"https:\/\/kunmedierne.dk\/thy\/indvielse-nu-kan-alle-slaa-tonen-an-i-kaldallunden\/","title":{"rendered":"<span>Indvielse<\/span>: Nu kan alle sl\u00e5 tonen an i Kaldallunden"},"content":{"rendered":"<p><strong>SENNELS:<\/strong> Der blev holdt en lille tale, den r\u00f8de snor blev klippet, der blev spillet p\u00e5 musikinstrumenter i den lille lund, der blev sunget sange om lyse n\u00e6tter og sommer. Og s\u00e5 var der endda udsk\u00e6nkning af kolde drikke og servering af p\u00f8lser.<\/p>\n<div id=\"attachment_21226\" style=\"width: 1242px\" class=\"wp-caption alignnone\"><img loading=\"lazy\" decoding=\"async\" aria-describedby=\"caption-attachment-21226\" class=\"wp-image-21226 size-full\" src=\"https:\/\/kunmedierne.dk\/thy\/wp-content\/uploads\/sites\/2\/2026\/04\/Unavngivet-1232-x-802-px-10.png\" alt=\"\" width=\"1232\" height=\"802\" srcset=\"https:\/\/kunmedierne.dk\/thy\/wp-content\/uploads\/sites\/2\/2026\/04\/Unavngivet-1232-x-802-px-10.png 1232w, https:\/\/kunmedierne.dk\/thy\/wp-content\/uploads\/sites\/2\/2026\/04\/Unavngivet-1232-x-802-px-10-300x195.png 300w, https:\/\/kunmedierne.dk\/thy\/wp-content\/uploads\/sites\/2\/2026\/04\/Unavngivet-1232-x-802-px-10-1024x667.png 1024w, https:\/\/kunmedierne.dk\/thy\/wp-content\/uploads\/sites\/2\/2026\/04\/Unavngivet-1232-x-802-px-10-510x332.png 510w\" sizes=\"auto, (max-width: 1232px) 100vw, 1232px\" \/><p id=\"caption-attachment-21226\" class=\"wp-caption-text\">Erik Gustavsson, formand for Sennels Borger- og udviklingsforening holdt en lille tale ved indvielsen. Foto: Lone L\u00e6rke Krog.<\/p><\/div>\n<p>S\u00e5 stemningen var god mellem de cirka 120-130 mennesker, der var m\u00f8dt op. Der blev hyggesnakket p\u00e5 b\u00e6nkene, der ofte &#8211; og i hvert fald hver fredag &#8211; samler nogle af byens \u00e6ldste til en snak om livets gang.<\/p>\n<p>Erik Gustavsson, formand for Sennels Borger- og udviklingsforening fort\u00e6ller, at byen gennem fondsmidler og donationer har f\u00e5et mulighed for at investere 140.000 kroner i nye udend\u00f8rs musikinstrumenter til byens kunststi.<\/p>\n<p>Instrumenterne er s\u00e6rligt udviklede til b\u00e5de at passe til b\u00f8rn og unge men ogs\u00e5 er brugervenlige for bl.a. demente, idet der ligger et plejehjem for demente t\u00e6t p\u00e5.<\/p>\n<p>&#8211; Visionen med investeringen er at f\u00e5 unge til at bes\u00f8ge kunststien oftere, men ogs\u00e5 at f\u00e5 voksne og modne folk til at lege mere med musik, siger Erik Gustavsson.<\/p>\n<div id=\"attachment_21230\" style=\"width: 1242px\" class=\"wp-caption alignnone\"><img loading=\"lazy\" decoding=\"async\" aria-describedby=\"caption-attachment-21230\" class=\"wp-image-21230 size-full\" src=\"https:\/\/kunmedierne.dk\/thy\/wp-content\/uploads\/sites\/2\/2026\/04\/Unavngivet-1232-x-802-px-11-1.png\" alt=\"\" width=\"1232\" height=\"802\" srcset=\"https:\/\/kunmedierne.dk\/thy\/wp-content\/uploads\/sites\/2\/2026\/04\/Unavngivet-1232-x-802-px-11-1.png 1232w, https:\/\/kunmedierne.dk\/thy\/wp-content\/uploads\/sites\/2\/2026\/04\/Unavngivet-1232-x-802-px-11-1-300x195.png 300w, https:\/\/kunmedierne.dk\/thy\/wp-content\/uploads\/sites\/2\/2026\/04\/Unavngivet-1232-x-802-px-11-1-1024x667.png 1024w, https:\/\/kunmedierne.dk\/thy\/wp-content\/uploads\/sites\/2\/2026\/04\/Unavngivet-1232-x-802-px-11-1-510x332.png 510w\" sizes=\"auto, (max-width: 1232px) 100vw, 1232px\" \/><p id=\"caption-attachment-21230\" class=\"wp-caption-text\">Kunststien ligger i Kaldallunden. Kirken ses i baggrunden.<\/p><\/div>\n<p>&nbsp;<\/p>\n<p>Der er ogs\u00e5 instrumenter som vil bruges af et yoga-hold, som vil tr\u00e6ne der.<\/p>\n<p>&#8211; Kunststien som lokalt m\u00f8dested skal gerne styrkes, pointerer Erik Gustavsson.<\/p>\n<p>Sennels blev i 2025 k\u00e5ret til \u00c5rets Landsby.<\/p>\n<p>I januar i \u00e5r har\u00a0 Region Nordjyllands Kulturr\u00e5d udpeget Sennels til at v\u00e6re Kulturpunkt.<\/p>\n<p>Og indvielsen af musikinstrumenter p\u00e5 Kunststien skal ses i den sammenh\u00e6ng. I januar skrev Sennels Borger- og udviklingsforenings formand s\u00e5dan her i en pressemeddelelse:<\/p>\n<p>&#8211;\u00a0Som kulturpunkt vil Sennels p\u00e5tage sig at organisere forskellige begivenheder i l\u00f8bet af \u00e5ret, for at fremme kulturlivet lokalt. Kultur opst\u00e5r i m\u00f8det mellem mennesker, og Sennels vil g\u00f8re endnu mere for at v\u00e6re et samlingspunkt for et levende kulturliv.<\/p>\n<div id=\"attachment_21227\" style=\"width: 1242px\" class=\"wp-caption alignnone\"><img loading=\"lazy\" decoding=\"async\" aria-describedby=\"caption-attachment-21227\" class=\"wp-image-21227 size-full\" src=\"https:\/\/kunmedierne.dk\/thy\/wp-content\/uploads\/sites\/2\/2026\/04\/Unavngivet-1232-x-802-px-13.png\" alt=\"\" width=\"1232\" height=\"802\" srcset=\"https:\/\/kunmedierne.dk\/thy\/wp-content\/uploads\/sites\/2\/2026\/04\/Unavngivet-1232-x-802-px-13.png 1232w, https:\/\/kunmedierne.dk\/thy\/wp-content\/uploads\/sites\/2\/2026\/04\/Unavngivet-1232-x-802-px-13-300x195.png 300w, https:\/\/kunmedierne.dk\/thy\/wp-content\/uploads\/sites\/2\/2026\/04\/Unavngivet-1232-x-802-px-13-1024x667.png 1024w, https:\/\/kunmedierne.dk\/thy\/wp-content\/uploads\/sites\/2\/2026\/04\/Unavngivet-1232-x-802-px-13-510x332.png 510w\" sizes=\"auto, (max-width: 1232px) 100vw, 1232px\" \/><p id=\"caption-attachment-21227\" class=\"wp-caption-text\">Nogle af kormedlemmerne fra Sennels Sangglade piger (i baggrunden) s\u00f8rgede for, at der kom kraft p\u00e5 f\u00e6llessangen.<\/p><\/div>\n<p>&nbsp;<\/p>\n<p>&nbsp;<\/p>\n<p>&nbsp;<\/p>\n","protected":false},"excerpt":{"rendered":"<p>SENNELS: Der blev holdt en lille tale, den r\u00f8de snor blev klippet, der blev spillet p\u00e5 musikinstrumenter i den lille lund, der blev sunget sange om lyse n\u00e6tter og sommer. Og s\u00e5 var der endda udsk\u00e6nkning af kolde drikke og servering af p\u00f8lser. S\u00e5 stemningen var god mellem de cirka 120-130 mennesker, der var m\u00f8dt [&hellip;]<\/p>\n","protected":false},"author":1925,"featured_media":0,"comment_status":"closed","ping_status":"closed","sticky":false,"template":"","format":"standard","meta":{"_acf_changed":false,"footnotes":""},"categories":[24],"tags":[85,38,65],"class_list":["post-21223","post","type-post","status-publish","format-standard","hentry","category-lokalt","tag-kultur","tag-mennesker","tag-musik"],"acf":[],"yoast_head":"<!-- This site is optimized with the Yoast SEO plugin v26.8 - https:\/\/yoast.com\/product\/yoast-seo-wordpress\/ -->\n<title>Indvielse: Nu kan alle sl\u00e5 tonen an i Kaldallunden - Thy<\/title>\n<meta name=\"robots\" content=\"index, follow, max-snippet:-1, max-image-preview:large, max-video-preview:-1\" \/>\n<link rel=\"canonical\" href=\"https:\/\/kunmedierne.dk\/thy\/indvielse-nu-kan-alle-slaa-tonen-an-i-kaldallunden\/\" \/>\n<meta property=\"og:locale\" content=\"da_DK\" \/>\n<meta property=\"og:type\" content=\"article\" \/>\n<meta property=\"og:title\" content=\"Indvielse: Nu kan alle sl\u00e5 tonen an i Kaldallunden - Thy\" \/>\n<meta property=\"og:description\" content=\"SENNELS: Der blev holdt en lille tale, den r\u00f8de snor blev klippet, der blev spillet p\u00e5 musikinstrumenter i den lille lund, der blev sunget sange om lyse n\u00e6tter og sommer. Og s\u00e5 var der endda udsk\u00e6nkning af kolde drikke og servering af p\u00f8lser. S\u00e5 stemningen var god mellem de cirka 120-130 mennesker, der var m\u00f8dt [&hellip;]\" \/>\n<meta property=\"og:url\" content=\"https:\/\/kunmedierne.dk\/thy\/indvielse-nu-kan-alle-slaa-tonen-an-i-kaldallunden\/\" \/>\n<meta property=\"og:site_name\" content=\"Thy\" \/>\n<meta property=\"article:published_time\" content=\"2026-04-27T07:25:38+00:00\" \/>\n<meta property=\"og:image\" content=\"https:\/\/kunmedierne.dk\/thy\/wp-content\/uploads\/sites\/2\/2026\/04\/Unavngivet-1232-x-802-px-10.png\" \/>\n\t<meta property=\"og:image:width\" content=\"1232\" \/>\n\t<meta property=\"og:image:height\" content=\"802\" \/>\n\t<meta property=\"og:image:type\" content=\"image\/png\" \/>\n<meta name=\"author\" content=\"Lone L\u00e6rke Krog\" \/>\n<meta name=\"twitter:card\" content=\"summary_large_image\" \/>\n<meta name=\"twitter:label1\" content=\"Skrevet af\" \/>\n\t<meta name=\"twitter:data1\" content=\"Lone L\u00e6rke Krog\" \/>\n\t<meta name=\"twitter:label2\" content=\"Estimeret l\u00e6setid\" \/>\n\t<meta name=\"twitter:data2\" content=\"3 minutter\" \/>\n<script type=\"application\/ld+json\" class=\"yoast-schema-graph\">{\"@context\":\"https:\/\/schema.org\",\"@graph\":[{\"@type\":\"Article\",\"@id\":\"https:\/\/kunmedierne.dk\/thy\/indvielse-nu-kan-alle-slaa-tonen-an-i-kaldallunden\/#article\",\"isPartOf\":{\"@id\":\"https:\/\/kunmedierne.dk\/thy\/indvielse-nu-kan-alle-slaa-tonen-an-i-kaldallunden\/\"},\"author\":{\"name\":\"Lone L\u00e6rke Krog\",\"@id\":\"https:\/\/kunmedierne.dk\/thy\/#\/schema\/person\/d266634ba6550d075ecf540d63b245d2\"},\"headline\":\"Indvielse: Nu kan alle sl\u00e5 tonen an i Kaldallunden\",\"datePublished\":\"2026-04-27T07:25:38+00:00\",\"mainEntityOfPage\":{\"@id\":\"https:\/\/kunmedierne.dk\/thy\/indvielse-nu-kan-alle-slaa-tonen-an-i-kaldallunden\/\"},\"wordCount\":388,\"publisher\":{\"@id\":\"https:\/\/kunmedierne.dk\/thy\/#organization\"},\"image\":{\"@id\":\"https:\/\/kunmedierne.dk\/thy\/indvielse-nu-kan-alle-slaa-tonen-an-i-kaldallunden\/#primaryimage\"},\"thumbnailUrl\":\"https:\/\/kunmedierne.dk\/thy\/wp-content\/uploads\/sites\/2\/2026\/04\/Unavngivet-1232-x-802-px-10.png\",\"keywords\":[\"kultur\",\"Mennesker\",\"Musik\"],\"articleSection\":[\"Lokalt\"],\"inLanguage\":\"da-DK\"},{\"@type\":\"WebPage\",\"@id\":\"https:\/\/kunmedierne.dk\/thy\/indvielse-nu-kan-alle-slaa-tonen-an-i-kaldallunden\/\",\"url\":\"https:\/\/kunmedierne.dk\/thy\/indvielse-nu-kan-alle-slaa-tonen-an-i-kaldallunden\/\",\"name\":\"Indvielse: Nu kan alle sl\u00e5 tonen an i Kaldallunden - Thy\",\"isPartOf\":{\"@id\":\"https:\/\/kunmedierne.dk\/thy\/#website\"},\"primaryImageOfPage\":{\"@id\":\"https:\/\/kunmedierne.dk\/thy\/indvielse-nu-kan-alle-slaa-tonen-an-i-kaldallunden\/#primaryimage\"},\"image\":{\"@id\":\"https:\/\/kunmedierne.dk\/thy\/indvielse-nu-kan-alle-slaa-tonen-an-i-kaldallunden\/#primaryimage\"},\"thumbnailUrl\":\"https:\/\/kunmedierne.dk\/thy\/wp-content\/uploads\/sites\/2\/2026\/04\/Unavngivet-1232-x-802-px-10.png\",\"datePublished\":\"2026-04-27T07:25:38+00:00\",\"breadcrumb\":{\"@id\":\"https:\/\/kunmedierne.dk\/thy\/indvielse-nu-kan-alle-slaa-tonen-an-i-kaldallunden\/#breadcrumb\"},\"inLanguage\":\"da-DK\",\"potentialAction\":[{\"@type\":\"ReadAction\",\"target\":[\"https:\/\/kunmedierne.dk\/thy\/indvielse-nu-kan-alle-slaa-tonen-an-i-kaldallunden\/\"]}]},{\"@type\":\"ImageObject\",\"inLanguage\":\"da-DK\",\"@id\":\"https:\/\/kunmedierne.dk\/thy\/indvielse-nu-kan-alle-slaa-tonen-an-i-kaldallunden\/#primaryimage\",\"url\":\"https:\/\/kunmedierne.dk\/thy\/wp-content\/uploads\/sites\/2\/2026\/04\/Unavngivet-1232-x-802-px-10.png\",\"contentUrl\":\"https:\/\/kunmedierne.dk\/thy\/wp-content\/uploads\/sites\/2\/2026\/04\/Unavngivet-1232-x-802-px-10.png\",\"width\":1232,\"height\":802},{\"@type\":\"BreadcrumbList\",\"@id\":\"https:\/\/kunmedierne.dk\/thy\/indvielse-nu-kan-alle-slaa-tonen-an-i-kaldallunden\/#breadcrumb\",\"itemListElement\":[{\"@type\":\"ListItem\",\"position\":1,\"name\":\"Home\",\"item\":\"https:\/\/kunmedierne.dk\/thy\/\"},{\"@type\":\"ListItem\",\"position\":2,\"name\":\"Indvielse: Nu kan alle sl\u00e5 tonen an i Kaldallunden\"}]},{\"@type\":\"WebSite\",\"@id\":\"https:\/\/kunmedierne.dk\/thy\/#website\",\"url\":\"https:\/\/kunmedierne.dk\/thy\/\",\"name\":\"Thy\",\"description\":\"et netmedie med journalistik om livet i Thy\",\"publisher\":{\"@id\":\"https:\/\/kunmedierne.dk\/thy\/#organization\"},\"potentialAction\":[{\"@type\":\"SearchAction\",\"target\":{\"@type\":\"EntryPoint\",\"urlTemplate\":\"https:\/\/kunmedierne.dk\/thy\/?s={search_term_string}\"},\"query-input\":{\"@type\":\"PropertyValueSpecification\",\"valueRequired\":true,\"valueName\":\"search_term_string\"}}],\"inLanguage\":\"da-DK\"},{\"@type\":\"Organization\",\"@id\":\"https:\/\/kunmedierne.dk\/thy\/#organization\",\"name\":\"Thy\",\"url\":\"https:\/\/kunmedierne.dk\/thy\/\",\"logo\":{\"@type\":\"ImageObject\",\"inLanguage\":\"da-DK\",\"@id\":\"https:\/\/kunmedierne.dk\/thy\/#\/schema\/logo\/image\/\",\"url\":\"https:\/\/kunmedierne.dk\/thy\/wp-content\/uploads\/sites\/2\/2025\/04\/kunthy-logo.svg\",\"contentUrl\":\"https:\/\/kunmedierne.dk\/thy\/wp-content\/uploads\/sites\/2\/2025\/04\/kunthy-logo.svg\",\"caption\":\"Thy\"},\"image\":{\"@id\":\"https:\/\/kunmedierne.dk\/thy\/#\/schema\/logo\/image\/\"}},{\"@type\":\"Person\",\"@id\":\"https:\/\/kunmedierne.dk\/thy\/#\/schema\/person\/d266634ba6550d075ecf540d63b245d2\",\"name\":\"Lone L\u00e6rke Krog\",\"image\":{\"@type\":\"ImageObject\",\"inLanguage\":\"da-DK\",\"@id\":\"https:\/\/kunmedierne.dk\/thy\/#\/schema\/person\/image\/\",\"url\":\"https:\/\/secure.gravatar.com\/avatar\/496ddc7080e56b4ac64cfd4e56bd6d1ee396fa3db1923aa22f11346f60bb135b?s=96&d=mm&r=g\",\"contentUrl\":\"https:\/\/secure.gravatar.com\/avatar\/496ddc7080e56b4ac64cfd4e56bd6d1ee396fa3db1923aa22f11346f60bb135b?s=96&d=mm&r=g\",\"caption\":\"Lone L\u00e6rke Krog\"},\"url\":\"https:\/\/kunmedierne.dk\/thy\/author\/llk\/\"}]}<\/script>\n<!-- \/ Yoast SEO plugin. -->","yoast_head_json":{"title":"Indvielse: Nu kan alle sl\u00e5 tonen an i Kaldallunden - Thy","robots":{"index":"index","follow":"follow","max-snippet":"max-snippet:-1","max-image-preview":"max-image-preview:large","max-video-preview":"max-video-preview:-1"},"canonical":"https:\/\/kunmedierne.dk\/thy\/indvielse-nu-kan-alle-slaa-tonen-an-i-kaldallunden\/","og_locale":"da_DK","og_type":"article","og_title":"Indvielse: Nu kan alle sl\u00e5 tonen an i Kaldallunden - Thy","og_description":"SENNELS: Der blev holdt en lille tale, den r\u00f8de snor blev klippet, der blev spillet p\u00e5 musikinstrumenter i den lille lund, der blev sunget sange om lyse n\u00e6tter og sommer. Og s\u00e5 var der endda udsk\u00e6nkning af kolde drikke og servering af p\u00f8lser. S\u00e5 stemningen var god mellem de cirka 120-130 mennesker, der var m\u00f8dt [&hellip;]","og_url":"https:\/\/kunmedierne.dk\/thy\/indvielse-nu-kan-alle-slaa-tonen-an-i-kaldallunden\/","og_site_name":"Thy","article_published_time":"2026-04-27T07:25:38+00:00","og_image":[{"width":1232,"height":802,"url":"https:\/\/kunmedierne.dk\/thy\/wp-content\/uploads\/sites\/2\/2026\/04\/Unavngivet-1232-x-802-px-10.png","type":"image\/png"}],"author":"Lone L\u00e6rke Krog","twitter_card":"summary_large_image","twitter_misc":{"Skrevet af":"Lone L\u00e6rke Krog","Estimeret l\u00e6setid":"3 minutter"},"schema":{"@context":"https:\/\/schema.org","@graph":[{"@type":"Article","@id":"https:\/\/kunmedierne.dk\/thy\/indvielse-nu-kan-alle-slaa-tonen-an-i-kaldallunden\/#article","isPartOf":{"@id":"https:\/\/kunmedierne.dk\/thy\/indvielse-nu-kan-alle-slaa-tonen-an-i-kaldallunden\/"},"author":{"name":"Lone L\u00e6rke Krog","@id":"https:\/\/kunmedierne.dk\/thy\/#\/schema\/person\/d266634ba6550d075ecf540d63b245d2"},"headline":"Indvielse: Nu kan alle sl\u00e5 tonen an i Kaldallunden","datePublished":"2026-04-27T07:25:38+00:00","mainEntityOfPage":{"@id":"https:\/\/kunmedierne.dk\/thy\/indvielse-nu-kan-alle-slaa-tonen-an-i-kaldallunden\/"},"wordCount":388,"publisher":{"@id":"https:\/\/kunmedierne.dk\/thy\/#organization"},"image":{"@id":"https:\/\/kunmedierne.dk\/thy\/indvielse-nu-kan-alle-slaa-tonen-an-i-kaldallunden\/#primaryimage"},"thumbnailUrl":"https:\/\/kunmedierne.dk\/thy\/wp-content\/uploads\/sites\/2\/2026\/04\/Unavngivet-1232-x-802-px-10.png","keywords":["kultur","Mennesker","Musik"],"articleSection":["Lokalt"],"inLanguage":"da-DK"},{"@type":"WebPage","@id":"https:\/\/kunmedierne.dk\/thy\/indvielse-nu-kan-alle-slaa-tonen-an-i-kaldallunden\/","url":"https:\/\/kunmedierne.dk\/thy\/indvielse-nu-kan-alle-slaa-tonen-an-i-kaldallunden\/","name":"Indvielse: Nu kan alle sl\u00e5 tonen an i Kaldallunden - Thy","isPartOf":{"@id":"https:\/\/kunmedierne.dk\/thy\/#website"},"primaryImageOfPage":{"@id":"https:\/\/kunmedierne.dk\/thy\/indvielse-nu-kan-alle-slaa-tonen-an-i-kaldallunden\/#primaryimage"},"image":{"@id":"https:\/\/kunmedierne.dk\/thy\/indvielse-nu-kan-alle-slaa-tonen-an-i-kaldallunden\/#primaryimage"},"thumbnailUrl":"https:\/\/kunmedierne.dk\/thy\/wp-content\/uploads\/sites\/2\/2026\/04\/Unavngivet-1232-x-802-px-10.png","datePublished":"2026-04-27T07:25:38+00:00","breadcrumb":{"@id":"https:\/\/kunmedierne.dk\/thy\/indvielse-nu-kan-alle-slaa-tonen-an-i-kaldallunden\/#breadcrumb"},"inLanguage":"da-DK","potentialAction":[{"@type":"ReadAction","target":["https:\/\/kunmedierne.dk\/thy\/indvielse-nu-kan-alle-slaa-tonen-an-i-kaldallunden\/"]}]},{"@type":"ImageObject","inLanguage":"da-DK","@id":"https:\/\/kunmedierne.dk\/thy\/indvielse-nu-kan-alle-slaa-tonen-an-i-kaldallunden\/#primaryimage","url":"https:\/\/kunmedierne.dk\/thy\/wp-content\/uploads\/sites\/2\/2026\/04\/Unavngivet-1232-x-802-px-10.png","contentUrl":"https:\/\/kunmedierne.dk\/thy\/wp-content\/uploads\/sites\/2\/2026\/04\/Unavngivet-1232-x-802-px-10.png","width":1232,"height":802},{"@type":"BreadcrumbList","@id":"https:\/\/kunmedierne.dk\/thy\/indvielse-nu-kan-alle-slaa-tonen-an-i-kaldallunden\/#breadcrumb","itemListElement":[{"@type":"ListItem","position":1,"name":"Home","item":"https:\/\/kunmedierne.dk\/thy\/"},{"@type":"ListItem","position":2,"name":"Indvielse: Nu kan alle sl\u00e5 tonen an i Kaldallunden"}]},{"@type":"WebSite","@id":"https:\/\/kunmedierne.dk\/thy\/#website","url":"https:\/\/kunmedierne.dk\/thy\/","name":"Thy","description":"et netmedie med journalistik om livet i Thy","publisher":{"@id":"https:\/\/kunmedierne.dk\/thy\/#organization"},"potentialAction":[{"@type":"SearchAction","target":{"@type":"EntryPoint","urlTemplate":"https:\/\/kunmedierne.dk\/thy\/?s={search_term_string}"},"query-input":{"@type":"PropertyValueSpecification","valueRequired":true,"valueName":"search_term_string"}}],"inLanguage":"da-DK"},{"@type":"Organization","@id":"https:\/\/kunmedierne.dk\/thy\/#organization","name":"Thy","url":"https:\/\/kunmedierne.dk\/thy\/","logo":{"@type":"ImageObject","inLanguage":"da-DK","@id":"https:\/\/kunmedierne.dk\/thy\/#\/schema\/logo\/image\/","url":"https:\/\/kunmedierne.dk\/thy\/wp-content\/uploads\/sites\/2\/2025\/04\/kunthy-logo.svg","contentUrl":"https:\/\/kunmedierne.dk\/thy\/wp-content\/uploads\/sites\/2\/2025\/04\/kunthy-logo.svg","caption":"Thy"},"image":{"@id":"https:\/\/kunmedierne.dk\/thy\/#\/schema\/logo\/image\/"}},{"@type":"Person","@id":"https:\/\/kunmedierne.dk\/thy\/#\/schema\/person\/d266634ba6550d075ecf540d63b245d2","name":"Lone L\u00e6rke Krog","image":{"@type":"ImageObject","inLanguage":"da-DK","@id":"https:\/\/kunmedierne.dk\/thy\/#\/schema\/person\/image\/","url":"https:\/\/secure.gravatar.com\/avatar\/496ddc7080e56b4ac64cfd4e56bd6d1ee396fa3db1923aa22f11346f60bb135b?s=96&d=mm&r=g","contentUrl":"https:\/\/secure.gravatar.com\/avatar\/496ddc7080e56b4ac64cfd4e56bd6d1ee396fa3db1923aa22f11346f60bb135b?s=96&d=mm&r=g","caption":"Lone L\u00e6rke Krog"},"url":"https:\/\/kunmedierne.dk\/thy\/author\/llk\/"}]}},"_links":{"self":[{"href":"https:\/\/kunmedierne.dk\/thy\/wp-json\/wp\/v2\/posts\/21223","targetHints":{"allow":["GET"]}}],"collection":[{"href":"https:\/\/kunmedierne.dk\/thy\/wp-json\/wp\/v2\/posts"}],"about":[{"href":"https:\/\/kunmedierne.dk\/thy\/wp-json\/wp\/v2\/types\/post"}],"author":[{"embeddable":true,"href":"https:\/\/kunmedierne.dk\/thy\/wp-json\/wp\/v2\/users\/1925"}],"replies":[{"embeddable":true,"href":"https:\/\/kunmedierne.dk\/thy\/wp-json\/wp\/v2\/comments?post=21223"}],"version-history":[{"count":1,"href":"https:\/\/kunmedierne.dk\/thy\/wp-json\/wp\/v2\/posts\/21223\/revisions"}],"predecessor-version":[{"id":21232,"href":"https:\/\/kunmedierne.dk\/thy\/wp-json\/wp\/v2\/posts\/21223\/revisions\/21232"}],"wp:attachment":[{"href":"https:\/\/kunmedierne.dk\/thy\/wp-json\/wp\/v2\/media?parent=21223"}],"wp:term":[{"taxonomy":"category","embeddable":true,"href":"https:\/\/kunmedierne.dk\/thy\/wp-json\/wp\/v2\/categories?post=21223"},{"taxonomy":"post_tag","embeddable":true,"href":"https:\/\/kunmedierne.dk\/thy\/wp-json\/wp\/v2\/tags?post=21223"}],"curies":[{"name":"wp","href":"https:\/\/api.w.org\/{rel}","templated":true}]}}