{"id":21171,"date":"2026-04-26T06:56:44","date_gmt":"2026-04-26T04:56:44","guid":{"rendered":"https:\/\/kunmedierne.dk\/thy\/?p=21171"},"modified":"2026-04-24T17:57:05","modified_gmt":"2026-04-24T15:57:05","slug":"thybo-saetter-ord-paa-sin-bekymring-naturen-i-det-aabne-landskab-er-under-pres","status":"publish","type":"post","link":"https:\/\/kunmedierne.dk\/thy\/thybo-saetter-ord-paa-sin-bekymring-naturen-i-det-aabne-landskab-er-under-pres\/","title":{"rendered":"<span>Thybo s\u00e6tter ord p\u00e5 sin bekymring: <\/span>Naturen i det \u00e5bne landskab er under pres"},"content":{"rendered":"<p><strong>THY:<\/strong> Pludselig brydes stilheden i den lille skov bag Kaj Verner Nielsens ejendom et bakket landskab et par kilometer syd for Koldby. Det er lyden af en agerh\u00f8ne som letter.<\/p>\n<p>Ikke overraskende for Kaj Verner Nielsen, for han ved, at fuglen holder til i omr\u00e5det, og n\u00e5r den er lige her, er det fordi en er t\u00e6t p\u00e5 et par artsf\u00e6ller, som g\u00e5r i en voliere i skovkanten.<\/p>\n<a class=\"dvrt-link\" onClick=\"cdmtrack_click(683,jQuery(this));return false\" href=\"https:\/\/vester-begr.dk\/?utm_source=google&amp;utm_medium=advative&amp;gad_source=1&amp;gclid=Cj0KCQjwtJ6_BhDWARIsAGanmKfl-hGVVjCYiOgSKoGoxrow4kvXybZsnruKJYTslvqZDywT6a9PCQwaAmBjEALw_wcB\"><img decoding=\"async\" style=\"width:100%;\" src=\"https:\/\/kunmedierne.dk\/thy\/wp-content\/uploads\/sites\/2\/2025\/03\/260203VesterHoukaer-02022026.jpg\"><\/a><script>cdmtrack_view(683);<\/script>\n<p>Den vilde agerh\u00f8ne har brug for selskab, for efterh\u00e5nden er det mere end sv\u00e6rt at finde artsf\u00e6ller ude i det \u00e5bne landskab, hvor markskel, levende hegn, sm\u00e5 beplantninger og markveje pl\u00f8jes v\u00e6k og erstattes af stadig st\u00f8rre marker uden levesteder og f\u00f8de til de dyr og fugle, som lever i det \u00e5bne landskab.<\/p>\n<p>&#8211; Agerh\u00f8nen er en rigtig god indikator p\u00e5, om forholdene i et \u00e5bent landskab er i orden b\u00e5de med levesteder og f\u00f8de til det \u00e5bne landskabs dyr, fugle og insekter. Og forholdene er ikke i orden, n\u00e5r agerh\u00f8nsene forsvinder, siger Kaj Verner Nielsen, som i mere end fire \u00e5rtier har boet p\u00e5 ejendommen med sin familie.<\/p>\n<div id=\"attachment_21047\" style=\"width: 4337px\" class=\"wp-caption alignnone\"><img loading=\"lazy\" decoding=\"async\" aria-describedby=\"caption-attachment-21047\" class=\"wp-image-21047 size-full\" src=\"https:\/\/kunmedierne.dk\/thy\/wp-content\/uploads\/sites\/2\/2026\/04\/Kaj-Verner-Nielsen02-kopier.jpg\" alt=\"\" width=\"4327\" height=\"2880\" srcset=\"https:\/\/kunmedierne.dk\/thy\/wp-content\/uploads\/sites\/2\/2026\/04\/Kaj-Verner-Nielsen02-kopier.jpg 4327w, https:\/\/kunmedierne.dk\/thy\/wp-content\/uploads\/sites\/2\/2026\/04\/Kaj-Verner-Nielsen02-kopier-300x200.jpg 300w, https:\/\/kunmedierne.dk\/thy\/wp-content\/uploads\/sites\/2\/2026\/04\/Kaj-Verner-Nielsen02-kopier-1024x682.jpg 1024w, https:\/\/kunmedierne.dk\/thy\/wp-content\/uploads\/sites\/2\/2026\/04\/Kaj-Verner-Nielsen02-kopier-510x339.jpg 510w\" sizes=\"auto, (max-width: 4327px) 100vw, 4327px\" \/><p id=\"caption-attachment-21047\" class=\"wp-caption-text\">Kaj Verner Nielsen har sat skov p\u00e5 sin ejendom. Forskellige l\u00f8vtr\u00e6er med \u00e5bninger i beplantningen giver plads til b\u00e5de dyr, fugle, insekter og blomster. Foto: Jens Fogh-Andersen.<\/p><\/div>\n<p>&nbsp;<\/p>\n<p>Her er 6,6 hektar jord p\u00e5 det, der oprindelig var et hobbylandbrug, men som i dag mere har karakter af en skovejendom midt i et dyrket landskab domineret af store \u00e5bne marker s\u00e5 langt \u00f8jet r\u00e6kker. I hvert fald n\u00e5r blikket rettes mod syd i retning af Gudn\u00e6s Strand og fjorden et par kilometer v\u00e6k. Her er der ikke meget beplantning eller levende hegn, som tager udsigten.<\/p>\n<p>Landskabets udvikling, eller rettere afviklingen af det \u00e5bne landskab, som Kaj Verner Nielsen husker fra f\u00f8r l\u00e6hegn, diger og markskel blev sl\u00f8jfet til fordel for stadig st\u00f8rre marker, der passer til stadig st\u00f8rre maskiner, bekymrer han.<\/p>\n<p>&nbsp;<\/p>\n<p><strong>&#8220;Jeg bliver rigtig ked af det&#8230;&#8221;<\/strong><\/p>\n<p>Derfor indledte han for nylig et debatindl\u00e6g med ordene: &#8220;Jeg bliver rigtig ked af det n\u00e5r jeg gang p\u00e5 gang ser at diger, skel, gr\u00f8fter og l\u00e6hegn fjernes i det \u00e5bne land&#8221;. I indl\u00e6gget beskrev han hvorfor og afsluttede med en opfordring: &#8221; Vil vi beholde et afvekslende dyreliv i det \u00e5bne landskab, er det vigtigt at vi beholder\/forbedrer levesteder og levevilk\u00e5r og ikke forts\u00e6tter \u201dkampen\u201d mod diger, skel, gr\u00f8fter og l\u00e6hegn&#8221;.<\/p>\n<p>Reaktionerne p\u00e5 Kaj Verner Nielsens indl\u00e6g var mange og viser, at andre deler hans bekymring over en udvikling, som i f\u00f8lge ham selv er en negativ konsekvens for det \u00e5bne landskabs natur og dyreliv som kunne v\u00e6re meget mindre eller helt undg\u00e5et, hvis dem der udnytter det \u00e5bne land til moderne landbrug vil g\u00f8re det med omtanke.<\/p>\n<p>&#8211; Jeg sidder ikke med et romantisk \u00f8nske om at komme tilbage til det landbrug, vi kendte for 30, 40 eller flere \u00e5r tilbage i tiden. Det gamle landbrug med de sm\u00e5 g\u00e5rde og deres meget mindre marker er fortid. Nutidens landbrug drives p\u00e5 en helt anden m\u00e5de og der skal tjenes penge p\u00e5 det. Men det vil ikke skade, hvis det sker med omtanke &#8211; uden at tingene beh\u00f8ver at v\u00e6re enten sort eller hvidt, siger Kaj Verner Nielsen.<\/p>\n<a class=\"dvrt-link\" onClick=\"cdmtrack_click(4416,jQuery(this));return false\" href=\"https:\/\/sdrhaa.dk\/\"><img decoding=\"async\" style=\"width:100%;\" src=\"https:\/\/kunmedierne.dk\/thy\/wp-content\/uploads\/sites\/2\/2025\/05\/260302Din-gebyrvenlige-sparekasse_SHS_Thy-1.gif\"><\/a><script>cdmtrack_view(4416);<\/script>\n<p>Den snart 68\u00e5rige Kaj Verner Nielsen er vokset op p\u00e5 en mindre landejendom ved Hassing. Selv kalder han det for et husmandsbrug med k\u00f8er, grise og sm\u00e5 marker, hvor der var levesteder til det \u00e5bne lands dyr og fugle.<\/p>\n<p>&#8211; Dengang kunne min far tage sit jagtgev\u00e6r og g\u00e5 ud og skyde en agerh\u00f8ne fra den flok, som var p\u00e5 markerne, og s\u00e5dan var det ogs\u00e5, da jeg selv fik jagttegn, siger Kaj Verner Nielsen.<\/p>\n<p>Han har g\u00e5et p\u00e5 jagt siden han fik mulighed for det. Og med interessen for jagt fulgte ogs\u00e5 interessen for at tr\u00e6ne jagthunde. De to interesser i forening er en v\u00e6sentlig \u00e5rsag til hans bekymring for den tiltagende forarmning af det \u00e5bne landskab b\u00e5de set med naturmandens og med j\u00e6gerens \u00f8jne.<\/p>\n<p>&nbsp;<\/p>\n<p><strong>Meget kan l\u00f8ses med omtanke<\/strong><\/p>\n<p>&#8211; Der er ikke meget sjov ved at tage til markpr\u00f8ve med en jagthund p\u00e5 nogle marker, hvor der hverken er agerh\u00f8ns, fasaner eller harer og der er ikke mange oplevelser i et \u00e5bent landskab med store ensformige marker uden dyr, fugle og insekter, siger Kaj Verner Nielsen.<\/p>\n<p>Han er g\u00e5et ind i debatten blandt andet for at itales\u00e6tte en problemstilling som han mener kan l\u00f8ses, hvis hensynet til det effektive landbrugs interesser kombineres med omtanke, et hensyn til det \u00e5bne landskabs dyreliv og en vilje til at lade lidt flere hj\u00f8rner og kanter i landskabet f\u00e5 fred for de store landbrugsmaskiner, s\u00e5 de kan ligge som heller for dyr, fugle insekter og planteliv.<\/p>\n<div id=\"attachment_21048\" style=\"width: 4591px\" class=\"wp-caption alignnone\"><img loading=\"lazy\" decoding=\"async\" aria-describedby=\"caption-attachment-21048\" class=\"wp-image-21048 size-full\" src=\"https:\/\/kunmedierne.dk\/thy\/wp-content\/uploads\/sites\/2\/2026\/04\/Kaj-Verner-Nielsen03-kopier.jpg\" alt=\"\" width=\"4581\" height=\"3049\" srcset=\"https:\/\/kunmedierne.dk\/thy\/wp-content\/uploads\/sites\/2\/2026\/04\/Kaj-Verner-Nielsen03-kopier.jpg 4581w, https:\/\/kunmedierne.dk\/thy\/wp-content\/uploads\/sites\/2\/2026\/04\/Kaj-Verner-Nielsen03-kopier-300x200.jpg 300w, https:\/\/kunmedierne.dk\/thy\/wp-content\/uploads\/sites\/2\/2026\/04\/Kaj-Verner-Nielsen03-kopier-1024x682.jpg 1024w, https:\/\/kunmedierne.dk\/thy\/wp-content\/uploads\/sites\/2\/2026\/04\/Kaj-Verner-Nielsen03-kopier-510x339.jpg 510w\" sizes=\"auto, (max-width: 4581px) 100vw, 4581px\" \/><p id=\"caption-attachment-21048\" class=\"wp-caption-text\">Der er ikke meget variation i en k\u00e6mpestor mark med en afgr\u00f8de &#8211; her raps &#8211; og det er ikke et sted, der tiltr\u00e6kker det \u00e5bne lands dyr, fugle og insekter. De har brug for et alsidigt landskab for at trives. Foto: Jens Fogh-Andersen.<\/p><\/div>\n<p>&nbsp;<\/p>\n<p>&#8211; Desv\u00e6rre ser vi i disse \u00e5r en udvikling, hvor markerne med monokulturer bliver st\u00f8rre og st\u00f8rre. Hver gang en ejendom s\u00e6lges v\u00e6ltes flere levende hegn, diger og markskel ud fra et \u00f8nske om at f\u00e5 stadig st\u00f8rre marker. I dag ser vi enkelte marker med en st\u00f8rrelse, som for \u00e5r tilbage svarede til det samlede jordtilliggende p\u00e5 et alsidigt drevet dansk landbrug, hvor markdriften ikke skete p\u00e5 bekostning af dyr og fugle, men p\u00e5 en m\u00e5de, der gav plads til dem.<\/p>\n<a class=\"dvrt-link\" onClick=\"cdmtrack_click(683,jQuery(this));return false\" href=\"https:\/\/vester-begr.dk\/?utm_source=google&amp;utm_medium=advative&amp;gad_source=1&amp;gclid=Cj0KCQjwtJ6_BhDWARIsAGanmKfl-hGVVjCYiOgSKoGoxrow4kvXybZsnruKJYTslvqZDywT6a9PCQwaAmBjEALw_wcB\"><img decoding=\"async\" style=\"width:100%;\" src=\"https:\/\/kunmedierne.dk\/thy\/wp-content\/uploads\/sites\/2\/2025\/03\/260203VesterHoukaer-02022026.jpg\"><\/a><script>cdmtrack_view(683);<\/script>\n<p>Her er det naturligt at sp\u00f8rge, om arbejdet med den gr\u00f8nne trepart, tiltag for at \u00f8ge biodiversiteten og rejse mere skov ikke tilgodeser de tanker, Kaj Verner Nielsen s\u00e6tter ord p\u00e5. B\u00e5de ja og nej, siger han.<\/p>\n<p>&#8211; I stedet for at plante 100 hektar sammenh\u00e6ngende skov, vil man tilgodese livet i det \u00e5bne land langt mere, hvis man indenfor et bestemt landskab i stedet lavede m\u00e5ske 50 mindre beplantninger p\u00e5 et par hektar og skabte sammenh\u00e6ng mellem dem og gjorde det smart p\u00e5 en m\u00e5de, der tilgodeser landbrugets krav til effektiv markdrift, siger Kaj Verner Nielsen.<\/p>\n<p>&nbsp;<\/p>\n<p><strong>Hvem savner en agerh\u00f8ne, hvis de aldrig har set en&#8230;<\/strong><\/p>\n<p>For ham at se er det en debat, det er sv\u00e6rt at f\u00e5 rigtig mange til at engagere sig helhjertet i. Ikke mindst dem, der ikke oplever det \u00e5bne landskab som en del af dagligdagen.<\/p>\n<p>&#8211; Mange kan sagtens forholde sig til, om der skal rejses skov eller ikke. De kan have en mening om ulve og de kender b\u00e5de en kronhjort eller et r\u00e5dyr ligesom rigtig mange indimellem tager p\u00e5 skovtur. Men det er sv\u00e6rt at se, at der ikke l\u00e6ngere er agerh\u00f8ns i et \u00e5bent landskab, hvis man aldrig har set en flok agerh\u00f8ns, at fornemme, at der er blevet f\u00e6rre l\u00e6rker p\u00e5 de store ensformige marker, at viben mangler fugtige omr\u00e5der i landskabet, fordi de er dr\u00e6net v\u00e6k eller at der er blevet f\u00e6rre sommerfugle, fordi alt for mange vilde planter er spr\u00f8jtet v\u00e6k.\u00a0 M\u00e5ske fordi alt for mange ikke har en fornemmelse af, hvad det \u00e5bne landskab var engang i forhold til, hvad det er i dag.<\/p>\n<a class=\"dvrt-link\" onClick=\"cdmtrack_click(18790,jQuery(this));return false\" href=\"https:\/\/thymors.dk\/sponsorater\/15-til-faellesskabet?utm_source=kunthy&amp;utm_medium=annonce&amp;utm_campaign=sponsorater\"><img decoding=\"async\" style=\"width:100%;\" src=\"https:\/\/kunmedierne.dk\/thy\/wp-content\/uploads\/sites\/2\/2026\/03\/260407ThyMors-energi_faellesskab_generel-1.jpg\"><\/a><script>cdmtrack_view(18790);<\/script>\n<p>Kaj Verner Nielsen erkender, at han p\u00e5 den baggrund m\u00e5ske taler for d\u00f8ve \u00f8rer, n\u00e5r han fors\u00f8ger at s\u00e6tte ord p\u00e5 problemstillingen.<\/p>\n<p>&#8211; Men nogen skal g\u00f8re det, for ellers sker der slet ingen ting. Biodiversitet og gr\u00f8n omstilling skal ikke v\u00e6re begreber, der kommer op i debatten alt afh\u00e6ngig af, hvis interesser der skal tilgodeses. Og det duer heller ikke, hvis debatten skal f\u00f8res af nogen, der har tingene lidt for meget p\u00e5 afstand eller mener, de har patent p\u00e5 den ene eller den anden holdning og har en stor stemme i debatten. Jeg h\u00e5ber, at s\u00e5dan en som mig ogs\u00e5 bliver h\u00f8rt, og at der er forst\u00e5else for, at vildt ikke kun er kronvildt og natur ikke bare er store skove, men at der ogs\u00e5 skal v\u00e6re plads til b\u00e5de natur, dyr, fugle og insekter i det \u00e5bne land. Det handler ikke om at forbyde landbrug, men at sikre mangfoldighed ved at vise omtanke, s\u00e5 de forskellige interesser kan tilgodeses og g\u00e5 h\u00e5nd i h\u00e5nd. Og mange gange kr\u00e6ver det bare sm\u00e5 tiltag, f\u00f8r det virker og naturen kvitterer for indsatsen.<\/p>\n","protected":false},"excerpt":{"rendered":"<p>THY: Pludselig brydes stilheden i den lille skov bag Kaj Verner Nielsens ejendom et bakket landskab et par kilometer syd for Koldby. Det er lyden af en agerh\u00f8ne som letter. Ikke overraskende for Kaj Verner Nielsen, for han ved, at fuglen holder til i omr\u00e5det, og n\u00e5r den er lige her, er det fordi en [&hellip;]<\/p>\n","protected":false},"author":4535,"featured_media":0,"comment_status":"closed","ping_status":"closed","sticky":false,"template":"","format":"standard","meta":{"_acf_changed":false,"footnotes":""},"categories":[24],"tags":[38,48,49],"class_list":["post-21171","post","type-post","status-publish","format-standard","hentry","category-lokalt","tag-mennesker","tag-miljoe","tag-natur"],"acf":[],"yoast_head":"<!-- This site is optimized with the Yoast SEO plugin v26.8 - https:\/\/yoast.com\/product\/yoast-seo-wordpress\/ -->\n<title>Thybo s\u00e6tter ord p\u00e5 sin bekymring: Naturen i det \u00e5bne landskab er under pres - Thy<\/title>\n<meta name=\"robots\" content=\"index, follow, max-snippet:-1, max-image-preview:large, max-video-preview:-1\" \/>\n<link rel=\"canonical\" href=\"https:\/\/kunmedierne.dk\/thy\/thybo-saetter-ord-paa-sin-bekymring-naturen-i-det-aabne-landskab-er-under-pres\/\" \/>\n<meta property=\"og:locale\" content=\"da_DK\" \/>\n<meta property=\"og:type\" content=\"article\" \/>\n<meta property=\"og:title\" content=\"Thybo s\u00e6tter ord p\u00e5 sin bekymring: Naturen i det \u00e5bne landskab er under pres - Thy\" \/>\n<meta property=\"og:description\" content=\"THY: Pludselig brydes stilheden i den lille skov bag Kaj Verner Nielsens ejendom et bakket landskab et par kilometer syd for Koldby. Det er lyden af en agerh\u00f8ne som letter. Ikke overraskende for Kaj Verner Nielsen, for han ved, at fuglen holder til i omr\u00e5det, og n\u00e5r den er lige her, er det fordi en [&hellip;]\" \/>\n<meta property=\"og:url\" content=\"https:\/\/kunmedierne.dk\/thy\/thybo-saetter-ord-paa-sin-bekymring-naturen-i-det-aabne-landskab-er-under-pres\/\" \/>\n<meta property=\"og:site_name\" content=\"Thy\" \/>\n<meta property=\"article:published_time\" content=\"2026-04-26T04:56:44+00:00\" \/>\n<meta property=\"og:image\" content=\"https:\/\/kunmedierne.dk\/thy\/wp-content\/uploads\/sites\/2\/2026\/04\/Kaj-Verner-Nielsen02-kopier.jpg\" \/>\n<meta name=\"author\" content=\"Jens Fogh Andersen\" \/>\n<meta name=\"twitter:card\" content=\"summary_large_image\" \/>\n<meta name=\"twitter:label1\" content=\"Skrevet af\" \/>\n\t<meta name=\"twitter:data1\" content=\"Jens Fogh Andersen\" \/>\n\t<meta name=\"twitter:label2\" content=\"Estimeret l\u00e6setid\" \/>\n\t<meta name=\"twitter:data2\" content=\"8 minutter\" \/>\n<script type=\"application\/ld+json\" class=\"yoast-schema-graph\">{\"@context\":\"https:\/\/schema.org\",\"@graph\":[{\"@type\":\"Article\",\"@id\":\"https:\/\/kunmedierne.dk\/thy\/thybo-saetter-ord-paa-sin-bekymring-naturen-i-det-aabne-landskab-er-under-pres\/#article\",\"isPartOf\":{\"@id\":\"https:\/\/kunmedierne.dk\/thy\/thybo-saetter-ord-paa-sin-bekymring-naturen-i-det-aabne-landskab-er-under-pres\/\"},\"author\":{\"name\":\"Jens Fogh Andersen\",\"@id\":\"https:\/\/kunmedierne.dk\/thy\/#\/schema\/person\/88f5be46809ca2a5533760eb574fef93\"},\"headline\":\"Thybo s\u00e6tter ord p\u00e5 sin bekymring: Naturen i det \u00e5bne landskab er under pres\",\"datePublished\":\"2026-04-26T04:56:44+00:00\",\"mainEntityOfPage\":{\"@id\":\"https:\/\/kunmedierne.dk\/thy\/thybo-saetter-ord-paa-sin-bekymring-naturen-i-det-aabne-landskab-er-under-pres\/\"},\"wordCount\":1502,\"publisher\":{\"@id\":\"https:\/\/kunmedierne.dk\/thy\/#organization\"},\"image\":{\"@id\":\"https:\/\/kunmedierne.dk\/thy\/thybo-saetter-ord-paa-sin-bekymring-naturen-i-det-aabne-landskab-er-under-pres\/#primaryimage\"},\"thumbnailUrl\":\"https:\/\/kunmedierne.dk\/thy\/wp-content\/uploads\/sites\/2\/2026\/04\/Kaj-Verner-Nielsen02-kopier.jpg\",\"keywords\":[\"Mennesker\",\"Milj\u00f8\",\"Natur\"],\"articleSection\":[\"Lokalt\"],\"inLanguage\":\"da-DK\"},{\"@type\":\"WebPage\",\"@id\":\"https:\/\/kunmedierne.dk\/thy\/thybo-saetter-ord-paa-sin-bekymring-naturen-i-det-aabne-landskab-er-under-pres\/\",\"url\":\"https:\/\/kunmedierne.dk\/thy\/thybo-saetter-ord-paa-sin-bekymring-naturen-i-det-aabne-landskab-er-under-pres\/\",\"name\":\"Thybo s\u00e6tter ord p\u00e5 sin bekymring: Naturen i det \u00e5bne landskab er under pres - Thy\",\"isPartOf\":{\"@id\":\"https:\/\/kunmedierne.dk\/thy\/#website\"},\"primaryImageOfPage\":{\"@id\":\"https:\/\/kunmedierne.dk\/thy\/thybo-saetter-ord-paa-sin-bekymring-naturen-i-det-aabne-landskab-er-under-pres\/#primaryimage\"},\"image\":{\"@id\":\"https:\/\/kunmedierne.dk\/thy\/thybo-saetter-ord-paa-sin-bekymring-naturen-i-det-aabne-landskab-er-under-pres\/#primaryimage\"},\"thumbnailUrl\":\"https:\/\/kunmedierne.dk\/thy\/wp-content\/uploads\/sites\/2\/2026\/04\/Kaj-Verner-Nielsen02-kopier.jpg\",\"datePublished\":\"2026-04-26T04:56:44+00:00\",\"breadcrumb\":{\"@id\":\"https:\/\/kunmedierne.dk\/thy\/thybo-saetter-ord-paa-sin-bekymring-naturen-i-det-aabne-landskab-er-under-pres\/#breadcrumb\"},\"inLanguage\":\"da-DK\",\"potentialAction\":[{\"@type\":\"ReadAction\",\"target\":[\"https:\/\/kunmedierne.dk\/thy\/thybo-saetter-ord-paa-sin-bekymring-naturen-i-det-aabne-landskab-er-under-pres\/\"]}]},{\"@type\":\"ImageObject\",\"inLanguage\":\"da-DK\",\"@id\":\"https:\/\/kunmedierne.dk\/thy\/thybo-saetter-ord-paa-sin-bekymring-naturen-i-det-aabne-landskab-er-under-pres\/#primaryimage\",\"url\":\"https:\/\/kunmedierne.dk\/thy\/wp-content\/uploads\/sites\/2\/2026\/04\/Kaj-Verner-Nielsen02-kopier.jpg\",\"contentUrl\":\"https:\/\/kunmedierne.dk\/thy\/wp-content\/uploads\/sites\/2\/2026\/04\/Kaj-Verner-Nielsen02-kopier.jpg\",\"width\":4327,\"height\":2880,\"caption\":\"Kaj Verner Nielsen, natursyn Foto: Jens Fogh-Andersen 220426\"},{\"@type\":\"BreadcrumbList\",\"@id\":\"https:\/\/kunmedierne.dk\/thy\/thybo-saetter-ord-paa-sin-bekymring-naturen-i-det-aabne-landskab-er-under-pres\/#breadcrumb\",\"itemListElement\":[{\"@type\":\"ListItem\",\"position\":1,\"name\":\"Home\",\"item\":\"https:\/\/kunmedierne.dk\/thy\/\"},{\"@type\":\"ListItem\",\"position\":2,\"name\":\"Thybo s\u00e6tter ord p\u00e5 sin bekymring: Naturen i det \u00e5bne landskab er under pres\"}]},{\"@type\":\"WebSite\",\"@id\":\"https:\/\/kunmedierne.dk\/thy\/#website\",\"url\":\"https:\/\/kunmedierne.dk\/thy\/\",\"name\":\"Thy\",\"description\":\"et netmedie med journalistik om livet i Thy\",\"publisher\":{\"@id\":\"https:\/\/kunmedierne.dk\/thy\/#organization\"},\"potentialAction\":[{\"@type\":\"SearchAction\",\"target\":{\"@type\":\"EntryPoint\",\"urlTemplate\":\"https:\/\/kunmedierne.dk\/thy\/?s={search_term_string}\"},\"query-input\":{\"@type\":\"PropertyValueSpecification\",\"valueRequired\":true,\"valueName\":\"search_term_string\"}}],\"inLanguage\":\"da-DK\"},{\"@type\":\"Organization\",\"@id\":\"https:\/\/kunmedierne.dk\/thy\/#organization\",\"name\":\"Thy\",\"url\":\"https:\/\/kunmedierne.dk\/thy\/\",\"logo\":{\"@type\":\"ImageObject\",\"inLanguage\":\"da-DK\",\"@id\":\"https:\/\/kunmedierne.dk\/thy\/#\/schema\/logo\/image\/\",\"url\":\"https:\/\/kunmedierne.dk\/thy\/wp-content\/uploads\/sites\/2\/2025\/04\/kunthy-logo.svg\",\"contentUrl\":\"https:\/\/kunmedierne.dk\/thy\/wp-content\/uploads\/sites\/2\/2025\/04\/kunthy-logo.svg\",\"caption\":\"Thy\"},\"image\":{\"@id\":\"https:\/\/kunmedierne.dk\/thy\/#\/schema\/logo\/image\/\"}},{\"@type\":\"Person\",\"@id\":\"https:\/\/kunmedierne.dk\/thy\/#\/schema\/person\/88f5be46809ca2a5533760eb574fef93\",\"name\":\"Jens Fogh Andersen\",\"image\":{\"@type\":\"ImageObject\",\"inLanguage\":\"da-DK\",\"@id\":\"https:\/\/kunmedierne.dk\/thy\/#\/schema\/person\/image\/\",\"url\":\"https:\/\/secure.gravatar.com\/avatar\/2b367a4ef139b1c41dccc9ee7af926b81f8b4cca3359772e86c7fd5ced26c0a3?s=96&d=mm&r=g\",\"contentUrl\":\"https:\/\/secure.gravatar.com\/avatar\/2b367a4ef139b1c41dccc9ee7af926b81f8b4cca3359772e86c7fd5ced26c0a3?s=96&d=mm&r=g\",\"caption\":\"Jens Fogh Andersen\"},\"url\":\"https:\/\/kunmedierne.dk\/thy\/author\/jfa\/\"}]}<\/script>\n<!-- \/ Yoast SEO plugin. -->","yoast_head_json":{"title":"Thybo s\u00e6tter ord p\u00e5 sin bekymring: Naturen i det \u00e5bne landskab er under pres - Thy","robots":{"index":"index","follow":"follow","max-snippet":"max-snippet:-1","max-image-preview":"max-image-preview:large","max-video-preview":"max-video-preview:-1"},"canonical":"https:\/\/kunmedierne.dk\/thy\/thybo-saetter-ord-paa-sin-bekymring-naturen-i-det-aabne-landskab-er-under-pres\/","og_locale":"da_DK","og_type":"article","og_title":"Thybo s\u00e6tter ord p\u00e5 sin bekymring: Naturen i det \u00e5bne landskab er under pres - Thy","og_description":"THY: Pludselig brydes stilheden i den lille skov bag Kaj Verner Nielsens ejendom et bakket landskab et par kilometer syd for Koldby. Det er lyden af en agerh\u00f8ne som letter. Ikke overraskende for Kaj Verner Nielsen, for han ved, at fuglen holder til i omr\u00e5det, og n\u00e5r den er lige her, er det fordi en [&hellip;]","og_url":"https:\/\/kunmedierne.dk\/thy\/thybo-saetter-ord-paa-sin-bekymring-naturen-i-det-aabne-landskab-er-under-pres\/","og_site_name":"Thy","article_published_time":"2026-04-26T04:56:44+00:00","og_image":[{"url":"https:\/\/kunmedierne.dk\/thy\/wp-content\/uploads\/sites\/2\/2026\/04\/Kaj-Verner-Nielsen02-kopier.jpg","type":"","width":"","height":""}],"author":"Jens Fogh Andersen","twitter_card":"summary_large_image","twitter_misc":{"Skrevet af":"Jens Fogh Andersen","Estimeret l\u00e6setid":"8 minutter"},"schema":{"@context":"https:\/\/schema.org","@graph":[{"@type":"Article","@id":"https:\/\/kunmedierne.dk\/thy\/thybo-saetter-ord-paa-sin-bekymring-naturen-i-det-aabne-landskab-er-under-pres\/#article","isPartOf":{"@id":"https:\/\/kunmedierne.dk\/thy\/thybo-saetter-ord-paa-sin-bekymring-naturen-i-det-aabne-landskab-er-under-pres\/"},"author":{"name":"Jens Fogh Andersen","@id":"https:\/\/kunmedierne.dk\/thy\/#\/schema\/person\/88f5be46809ca2a5533760eb574fef93"},"headline":"Thybo s\u00e6tter ord p\u00e5 sin bekymring: Naturen i det \u00e5bne landskab er under pres","datePublished":"2026-04-26T04:56:44+00:00","mainEntityOfPage":{"@id":"https:\/\/kunmedierne.dk\/thy\/thybo-saetter-ord-paa-sin-bekymring-naturen-i-det-aabne-landskab-er-under-pres\/"},"wordCount":1502,"publisher":{"@id":"https:\/\/kunmedierne.dk\/thy\/#organization"},"image":{"@id":"https:\/\/kunmedierne.dk\/thy\/thybo-saetter-ord-paa-sin-bekymring-naturen-i-det-aabne-landskab-er-under-pres\/#primaryimage"},"thumbnailUrl":"https:\/\/kunmedierne.dk\/thy\/wp-content\/uploads\/sites\/2\/2026\/04\/Kaj-Verner-Nielsen02-kopier.jpg","keywords":["Mennesker","Milj\u00f8","Natur"],"articleSection":["Lokalt"],"inLanguage":"da-DK"},{"@type":"WebPage","@id":"https:\/\/kunmedierne.dk\/thy\/thybo-saetter-ord-paa-sin-bekymring-naturen-i-det-aabne-landskab-er-under-pres\/","url":"https:\/\/kunmedierne.dk\/thy\/thybo-saetter-ord-paa-sin-bekymring-naturen-i-det-aabne-landskab-er-under-pres\/","name":"Thybo s\u00e6tter ord p\u00e5 sin bekymring: Naturen i det \u00e5bne landskab er under pres - Thy","isPartOf":{"@id":"https:\/\/kunmedierne.dk\/thy\/#website"},"primaryImageOfPage":{"@id":"https:\/\/kunmedierne.dk\/thy\/thybo-saetter-ord-paa-sin-bekymring-naturen-i-det-aabne-landskab-er-under-pres\/#primaryimage"},"image":{"@id":"https:\/\/kunmedierne.dk\/thy\/thybo-saetter-ord-paa-sin-bekymring-naturen-i-det-aabne-landskab-er-under-pres\/#primaryimage"},"thumbnailUrl":"https:\/\/kunmedierne.dk\/thy\/wp-content\/uploads\/sites\/2\/2026\/04\/Kaj-Verner-Nielsen02-kopier.jpg","datePublished":"2026-04-26T04:56:44+00:00","breadcrumb":{"@id":"https:\/\/kunmedierne.dk\/thy\/thybo-saetter-ord-paa-sin-bekymring-naturen-i-det-aabne-landskab-er-under-pres\/#breadcrumb"},"inLanguage":"da-DK","potentialAction":[{"@type":"ReadAction","target":["https:\/\/kunmedierne.dk\/thy\/thybo-saetter-ord-paa-sin-bekymring-naturen-i-det-aabne-landskab-er-under-pres\/"]}]},{"@type":"ImageObject","inLanguage":"da-DK","@id":"https:\/\/kunmedierne.dk\/thy\/thybo-saetter-ord-paa-sin-bekymring-naturen-i-det-aabne-landskab-er-under-pres\/#primaryimage","url":"https:\/\/kunmedierne.dk\/thy\/wp-content\/uploads\/sites\/2\/2026\/04\/Kaj-Verner-Nielsen02-kopier.jpg","contentUrl":"https:\/\/kunmedierne.dk\/thy\/wp-content\/uploads\/sites\/2\/2026\/04\/Kaj-Verner-Nielsen02-kopier.jpg","width":4327,"height":2880,"caption":"Kaj Verner Nielsen, natursyn Foto: Jens Fogh-Andersen 220426"},{"@type":"BreadcrumbList","@id":"https:\/\/kunmedierne.dk\/thy\/thybo-saetter-ord-paa-sin-bekymring-naturen-i-det-aabne-landskab-er-under-pres\/#breadcrumb","itemListElement":[{"@type":"ListItem","position":1,"name":"Home","item":"https:\/\/kunmedierne.dk\/thy\/"},{"@type":"ListItem","position":2,"name":"Thybo s\u00e6tter ord p\u00e5 sin bekymring: Naturen i det \u00e5bne landskab er under pres"}]},{"@type":"WebSite","@id":"https:\/\/kunmedierne.dk\/thy\/#website","url":"https:\/\/kunmedierne.dk\/thy\/","name":"Thy","description":"et netmedie med journalistik om livet i Thy","publisher":{"@id":"https:\/\/kunmedierne.dk\/thy\/#organization"},"potentialAction":[{"@type":"SearchAction","target":{"@type":"EntryPoint","urlTemplate":"https:\/\/kunmedierne.dk\/thy\/?s={search_term_string}"},"query-input":{"@type":"PropertyValueSpecification","valueRequired":true,"valueName":"search_term_string"}}],"inLanguage":"da-DK"},{"@type":"Organization","@id":"https:\/\/kunmedierne.dk\/thy\/#organization","name":"Thy","url":"https:\/\/kunmedierne.dk\/thy\/","logo":{"@type":"ImageObject","inLanguage":"da-DK","@id":"https:\/\/kunmedierne.dk\/thy\/#\/schema\/logo\/image\/","url":"https:\/\/kunmedierne.dk\/thy\/wp-content\/uploads\/sites\/2\/2025\/04\/kunthy-logo.svg","contentUrl":"https:\/\/kunmedierne.dk\/thy\/wp-content\/uploads\/sites\/2\/2025\/04\/kunthy-logo.svg","caption":"Thy"},"image":{"@id":"https:\/\/kunmedierne.dk\/thy\/#\/schema\/logo\/image\/"}},{"@type":"Person","@id":"https:\/\/kunmedierne.dk\/thy\/#\/schema\/person\/88f5be46809ca2a5533760eb574fef93","name":"Jens Fogh Andersen","image":{"@type":"ImageObject","inLanguage":"da-DK","@id":"https:\/\/kunmedierne.dk\/thy\/#\/schema\/person\/image\/","url":"https:\/\/secure.gravatar.com\/avatar\/2b367a4ef139b1c41dccc9ee7af926b81f8b4cca3359772e86c7fd5ced26c0a3?s=96&d=mm&r=g","contentUrl":"https:\/\/secure.gravatar.com\/avatar\/2b367a4ef139b1c41dccc9ee7af926b81f8b4cca3359772e86c7fd5ced26c0a3?s=96&d=mm&r=g","caption":"Jens Fogh Andersen"},"url":"https:\/\/kunmedierne.dk\/thy\/author\/jfa\/"}]}},"_links":{"self":[{"href":"https:\/\/kunmedierne.dk\/thy\/wp-json\/wp\/v2\/posts\/21171","targetHints":{"allow":["GET"]}}],"collection":[{"href":"https:\/\/kunmedierne.dk\/thy\/wp-json\/wp\/v2\/posts"}],"about":[{"href":"https:\/\/kunmedierne.dk\/thy\/wp-json\/wp\/v2\/types\/post"}],"author":[{"embeddable":true,"href":"https:\/\/kunmedierne.dk\/thy\/wp-json\/wp\/v2\/users\/4535"}],"replies":[{"embeddable":true,"href":"https:\/\/kunmedierne.dk\/thy\/wp-json\/wp\/v2\/comments?post=21171"}],"version-history":[{"count":9,"href":"https:\/\/kunmedierne.dk\/thy\/wp-json\/wp\/v2\/posts\/21171\/revisions"}],"predecessor-version":[{"id":21182,"href":"https:\/\/kunmedierne.dk\/thy\/wp-json\/wp\/v2\/posts\/21171\/revisions\/21182"}],"wp:attachment":[{"href":"https:\/\/kunmedierne.dk\/thy\/wp-json\/wp\/v2\/media?parent=21171"}],"wp:term":[{"taxonomy":"category","embeddable":true,"href":"https:\/\/kunmedierne.dk\/thy\/wp-json\/wp\/v2\/categories?post=21171"},{"taxonomy":"post_tag","embeddable":true,"href":"https:\/\/kunmedierne.dk\/thy\/wp-json\/wp\/v2\/tags?post=21171"}],"curies":[{"name":"wp","href":"https:\/\/api.w.org\/{rel}","templated":true}]}}