{"id":21138,"date":"2026-04-27T17:17:54","date_gmt":"2026-04-27T15:17:54","guid":{"rendered":"https:\/\/kunmedierne.dk\/thy\/?p=21138"},"modified":"2026-04-27T16:18:10","modified_gmt":"2026-04-27T14:18:10","slug":"1000-droemme-for-thy-er-blevet-til-ord-paa-tryk","status":"publish","type":"post","link":"https:\/\/kunmedierne.dk\/thy\/1000-droemme-for-thy-er-blevet-til-ord-paa-tryk\/","title":{"rendered":"1000 dr\u00f8mme for Thy er blevet til ord p\u00e5 tryk"},"content":{"rendered":"<p><strong>THY:<\/strong> N\u00e5r bogen &#8220;1000 dr\u00f8mme for Thy &#8211; Stemmer fra den yngre halvdel&#8221; udkommer om en uges tid, er der mulighed for at blive klogere p\u00e5, hvad det er for dr\u00f8mme knap 200 unge i Thy &#8211; alle yngre end 45 \u00e5r &#8211; har til livet, dagligdagen og til deres tilv\u00e6relse i Thy.<\/p>\n<a class=\"dvrt-link\" onClick=\"cdmtrack_click(683,jQuery(this));return false\" href=\"https:\/\/vester-begr.dk\/?utm_source=google&amp;utm_medium=advative&amp;gad_source=1&amp;gclid=Cj0KCQjwtJ6_BhDWARIsAGanmKfl-hGVVjCYiOgSKoGoxrow4kvXybZsnruKJYTslvqZDywT6a9PCQwaAmBjEALw_wcB\"><img decoding=\"async\" style=\"width:100%;\" src=\"https:\/\/kunmedierne.dk\/thy\/wp-content\/uploads\/sites\/2\/2025\/03\/260203VesterHoukaer-02022026.jpg\"><\/a><script>cdmtrack_view(683);<\/script>\n<p>Bogen er det h\u00e5ndgribelige resultat af et projekt, der startede op til kommunalvalget i november 2025. Ikke mindst i lyset af, at gennemsnitsalderen for medlemmerne af den dav\u00e6rende kommunalbestyrelse var 60 \u00e5r og at otte ud af 10 medlemmer var m\u00e6nd.<\/p>\n<p><a href=\"https:\/\/kunmedierne.dk\/thy\/1000-droemme-for-fremtiden-den-demokrati ske-samtale-i-thy-skal-vaere-federe-og-sjovere\/\">L\u00e6s ogs\u00e5: 1000 dr\u00f8mme for fremtiden: Den demokratiske samtale i Thy skal v\u00e6re federe og sjovere<\/a><\/p>\n<p>&#8220;N\u00e5r beslutninger i overvejende grad tr\u00e6ffes af \u00e6ldre m\u00e6nd, forskydes perspektivet i samme retning. Det er ikke af ond vilje. Det er bare s\u00e5dan, det er&#8221;, fremg\u00e5r det af forordet til &#8220;1000 dr\u00f8mme for Thy&#8221;.<\/p>\n<p>Gennemsnitsalderen for kommunalbestyrelsens medlemmer var da ogs\u00e5 et stykke over gennemsnitsalderen for kommunens indbyggere. Den er 45 \u00e5r &#8211; en kendsgerning som rejste sp\u00f8rgsm\u00e5let: Hvordan f\u00e5r vi flere unge under 45 \u00e5r til at interessere sig for lokalpolitik og g\u00f8re det n\u00e5r der s\u00f8ges svar p\u00e5 sp\u00f8rgsm\u00e5let: Hvor skal vi hen.<\/p>\n<a class=\"dvrt-link\" onClick=\"cdmtrack_click(689,jQuery(this));return false\" href=\"https:\/\/www.thistedbolig.dk\"><img decoding=\"async\" style=\"width:100%;\" src=\"https:\/\/kunmedierne.dk\/thy\/wp-content\/uploads\/sites\/2\/2025\/03\/260414ThistedBoligApril-opslag-002-1.jpg\"><\/a><script>cdmtrack_view(689);<\/script>\n<p>Kampagnen op til sidste \u00e5rs kommunalvalg hed 1000 Dr\u00f8mme for Thy. Alle thyboer fra fra 18 \u00e5r, det er der, de f\u00e5r stemmeret, og op til og med 45 \u00e5r kunne deltage, og da novembers kommunalvalg var talt op, var der stemt ni kandidater under 45 \u00e5r ind i kommunalbestyrelsen. Deres dr\u00f8mme er sammen med 190 andre yngre thyboers dr\u00f8mme for Thy gengivet i bogen &#8220;1000 dr\u00f8mme for Thy &#8211; Stemmer fra den yngre halvdel&#8221;.<\/p>\n<p>&#8211; F\u00f8r valget var gennemsnitsalderen i kommunalbestyrelsen 60 \u00e5r. Det rejste sp\u00f8rgsm\u00e5lene; hvor er n\u00e6ste generation, og hvad vil de med demokratiet og med Thy? Derfor spurgte vi dem; hvad dr\u00f8mmer I om? Den 5. maj kan alle f\u00e5 de mange dr\u00f8mme at se i, hvad vi synes er, en fantastisk indholdsrig og v\u00e6rdifuld bog, siger Helene J\u00f8rgensen, forperson for foreningen Dr\u00f8mme for Thy.<\/p>\n<a class=\"dvrt-link\" onClick=\"cdmtrack_click(683,jQuery(this));return false\" href=\"https:\/\/vester-begr.dk\/?utm_source=google&amp;utm_medium=advative&amp;gad_source=1&amp;gclid=Cj0KCQjwtJ6_BhDWARIsAGanmKfl-hGVVjCYiOgSKoGoxrow4kvXybZsnruKJYTslvqZDywT6a9PCQwaAmBjEALw_wcB\"><img decoding=\"async\" style=\"width:100%;\" src=\"https:\/\/kunmedierne.dk\/thy\/wp-content\/uploads\/sites\/2\/2025\/03\/260203VesterHoukaer-02022026.jpg\"><\/a><script>cdmtrack_view(683);<\/script>\n<p>Udgivelsen af bogen markeres ved en reception\u00a0i Kultursalen p\u00e5 Musikskolen i Thisted tirsdag den 5. maj fra kl. 16.00 til 18.00. Her er der lejlighed til at h\u00f8re stemmerne fra bogen, nyde et let traktement, men ogs\u00e5 mulighed for vat bygge sin helt egen dr\u00f8mmefanger n\u00f8jagtig som der ogs\u00e5 var mulighed for, da 1000 dr\u00f8mme for Thy arrangerede valgm\u00f8de inden novembers kommunalvalg.<\/p>\n<p>Bogen udgives i samarbejde med Kulturrummet i Thy, som har set \u201dDr\u00f8mme for Thy\u201d som et helt oplagt samarbejde.<\/p>\n<p>&#8211; Her m\u00f8der vi et meget bredt udsnit at stemmer i Thy, der p\u00e5 demokratisk vis alle har f\u00e5et plads til deres dr\u00f8mme. Det er b\u00e5de vision\u00e6rt og inspirerende, og s\u00e5 giver det et vigtigt anslag til den demokratiske samtale og visioner for vores kommune, som er et f\u00e6lles anl\u00e6ggende for os alle sammen, men i h\u00f8j grad ogs\u00e5 for kommende generationer, siger Eva Sj\u00e6lland, leder af Kulturrummet i Thy.<\/p>\n","protected":false},"excerpt":{"rendered":"<p>THY: N\u00e5r bogen &#8220;1000 dr\u00f8mme for Thy &#8211; Stemmer fra den yngre halvdel&#8221; udkommer om en uges tid, er der mulighed for at blive klogere p\u00e5, hvad det er for dr\u00f8mme knap 200 unge i Thy &#8211; alle yngre end 45 \u00e5r &#8211; har til livet, dagligdagen og til deres tilv\u00e6relse i Thy. Bogen er [&hellip;]<\/p>\n","protected":false},"author":4535,"featured_media":0,"comment_status":"closed","ping_status":"closed","sticky":false,"template":"","format":"standard","meta":{"_acf_changed":false,"footnotes":""},"categories":[24],"tags":[37,38],"class_list":["post-21138","post","type-post","status-publish","format-standard","hentry","category-lokalt","tag-kommunalpolitik","tag-mennesker"],"acf":[],"yoast_head":"<!-- This site is optimized with the Yoast SEO plugin v26.8 - https:\/\/yoast.com\/product\/yoast-seo-wordpress\/ -->\n<title>1000 dr\u00f8mme for Thy er blevet til ord p\u00e5 tryk - Thy<\/title>\n<meta name=\"robots\" content=\"index, follow, max-snippet:-1, max-image-preview:large, max-video-preview:-1\" \/>\n<link rel=\"canonical\" href=\"https:\/\/kunmedierne.dk\/thy\/1000-droemme-for-thy-er-blevet-til-ord-paa-tryk\/\" \/>\n<meta property=\"og:locale\" content=\"da_DK\" \/>\n<meta property=\"og:type\" content=\"article\" \/>\n<meta property=\"og:title\" content=\"1000 dr\u00f8mme for Thy er blevet til ord p\u00e5 tryk - Thy\" \/>\n<meta property=\"og:description\" content=\"THY: N\u00e5r bogen &#8220;1000 dr\u00f8mme for Thy &#8211; Stemmer fra den yngre halvdel&#8221; udkommer om en uges tid, er der mulighed for at blive klogere p\u00e5, hvad det er for dr\u00f8mme knap 200 unge i Thy &#8211; alle yngre end 45 \u00e5r &#8211; har til livet, dagligdagen og til deres tilv\u00e6relse i Thy. Bogen er [&hellip;]\" \/>\n<meta property=\"og:url\" content=\"https:\/\/kunmedierne.dk\/thy\/1000-droemme-for-thy-er-blevet-til-ord-paa-tryk\/\" \/>\n<meta property=\"og:site_name\" content=\"Thy\" \/>\n<meta property=\"article:published_time\" content=\"2026-04-27T15:17:54+00:00\" \/>\n<meta name=\"author\" content=\"Jens Fogh Andersen\" \/>\n<meta name=\"twitter:card\" content=\"summary_large_image\" \/>\n<meta name=\"twitter:label1\" content=\"Skrevet af\" \/>\n\t<meta name=\"twitter:data1\" content=\"Jens Fogh Andersen\" \/>\n\t<meta name=\"twitter:label2\" content=\"Estimeret l\u00e6setid\" \/>\n\t<meta name=\"twitter:data2\" content=\"3 minutter\" \/>\n<script type=\"application\/ld+json\" class=\"yoast-schema-graph\">{\"@context\":\"https:\/\/schema.org\",\"@graph\":[{\"@type\":\"Article\",\"@id\":\"https:\/\/kunmedierne.dk\/thy\/1000-droemme-for-thy-er-blevet-til-ord-paa-tryk\/#article\",\"isPartOf\":{\"@id\":\"https:\/\/kunmedierne.dk\/thy\/1000-droemme-for-thy-er-blevet-til-ord-paa-tryk\/\"},\"author\":{\"name\":\"Jens Fogh Andersen\",\"@id\":\"https:\/\/kunmedierne.dk\/thy\/#\/schema\/person\/88f5be46809ca2a5533760eb574fef93\"},\"headline\":\"1000 dr\u00f8mme for Thy er blevet til ord p\u00e5 tryk\",\"datePublished\":\"2026-04-27T15:17:54+00:00\",\"mainEntityOfPage\":{\"@id\":\"https:\/\/kunmedierne.dk\/thy\/1000-droemme-for-thy-er-blevet-til-ord-paa-tryk\/\"},\"wordCount\":534,\"publisher\":{\"@id\":\"https:\/\/kunmedierne.dk\/thy\/#organization\"},\"keywords\":[\"Kommunalpolitik\",\"Mennesker\"],\"articleSection\":[\"Lokalt\"],\"inLanguage\":\"da-DK\"},{\"@type\":\"WebPage\",\"@id\":\"https:\/\/kunmedierne.dk\/thy\/1000-droemme-for-thy-er-blevet-til-ord-paa-tryk\/\",\"url\":\"https:\/\/kunmedierne.dk\/thy\/1000-droemme-for-thy-er-blevet-til-ord-paa-tryk\/\",\"name\":\"1000 dr\u00f8mme for Thy er blevet til ord p\u00e5 tryk - Thy\",\"isPartOf\":{\"@id\":\"https:\/\/kunmedierne.dk\/thy\/#website\"},\"datePublished\":\"2026-04-27T15:17:54+00:00\",\"breadcrumb\":{\"@id\":\"https:\/\/kunmedierne.dk\/thy\/1000-droemme-for-thy-er-blevet-til-ord-paa-tryk\/#breadcrumb\"},\"inLanguage\":\"da-DK\",\"potentialAction\":[{\"@type\":\"ReadAction\",\"target\":[\"https:\/\/kunmedierne.dk\/thy\/1000-droemme-for-thy-er-blevet-til-ord-paa-tryk\/\"]}]},{\"@type\":\"BreadcrumbList\",\"@id\":\"https:\/\/kunmedierne.dk\/thy\/1000-droemme-for-thy-er-blevet-til-ord-paa-tryk\/#breadcrumb\",\"itemListElement\":[{\"@type\":\"ListItem\",\"position\":1,\"name\":\"Home\",\"item\":\"https:\/\/kunmedierne.dk\/thy\/\"},{\"@type\":\"ListItem\",\"position\":2,\"name\":\"1000 dr\u00f8mme for Thy er blevet til ord p\u00e5 tryk\"}]},{\"@type\":\"WebSite\",\"@id\":\"https:\/\/kunmedierne.dk\/thy\/#website\",\"url\":\"https:\/\/kunmedierne.dk\/thy\/\",\"name\":\"Thy\",\"description\":\"et netmedie med journalistik om livet i Thy\",\"publisher\":{\"@id\":\"https:\/\/kunmedierne.dk\/thy\/#organization\"},\"potentialAction\":[{\"@type\":\"SearchAction\",\"target\":{\"@type\":\"EntryPoint\",\"urlTemplate\":\"https:\/\/kunmedierne.dk\/thy\/?s={search_term_string}\"},\"query-input\":{\"@type\":\"PropertyValueSpecification\",\"valueRequired\":true,\"valueName\":\"search_term_string\"}}],\"inLanguage\":\"da-DK\"},{\"@type\":\"Organization\",\"@id\":\"https:\/\/kunmedierne.dk\/thy\/#organization\",\"name\":\"Thy\",\"url\":\"https:\/\/kunmedierne.dk\/thy\/\",\"logo\":{\"@type\":\"ImageObject\",\"inLanguage\":\"da-DK\",\"@id\":\"https:\/\/kunmedierne.dk\/thy\/#\/schema\/logo\/image\/\",\"url\":\"https:\/\/kunmedierne.dk\/thy\/wp-content\/uploads\/sites\/2\/2025\/04\/kunthy-logo.svg\",\"contentUrl\":\"https:\/\/kunmedierne.dk\/thy\/wp-content\/uploads\/sites\/2\/2025\/04\/kunthy-logo.svg\",\"caption\":\"Thy\"},\"image\":{\"@id\":\"https:\/\/kunmedierne.dk\/thy\/#\/schema\/logo\/image\/\"}},{\"@type\":\"Person\",\"@id\":\"https:\/\/kunmedierne.dk\/thy\/#\/schema\/person\/88f5be46809ca2a5533760eb574fef93\",\"name\":\"Jens Fogh Andersen\",\"image\":{\"@type\":\"ImageObject\",\"inLanguage\":\"da-DK\",\"@id\":\"https:\/\/kunmedierne.dk\/thy\/#\/schema\/person\/image\/\",\"url\":\"https:\/\/secure.gravatar.com\/avatar\/2b367a4ef139b1c41dccc9ee7af926b81f8b4cca3359772e86c7fd5ced26c0a3?s=96&d=mm&r=g\",\"contentUrl\":\"https:\/\/secure.gravatar.com\/avatar\/2b367a4ef139b1c41dccc9ee7af926b81f8b4cca3359772e86c7fd5ced26c0a3?s=96&d=mm&r=g\",\"caption\":\"Jens Fogh Andersen\"},\"url\":\"https:\/\/kunmedierne.dk\/thy\/author\/jfa\/\"}]}<\/script>\n<!-- \/ Yoast SEO plugin. -->","yoast_head_json":{"title":"1000 dr\u00f8mme for Thy er blevet til ord p\u00e5 tryk - Thy","robots":{"index":"index","follow":"follow","max-snippet":"max-snippet:-1","max-image-preview":"max-image-preview:large","max-video-preview":"max-video-preview:-1"},"canonical":"https:\/\/kunmedierne.dk\/thy\/1000-droemme-for-thy-er-blevet-til-ord-paa-tryk\/","og_locale":"da_DK","og_type":"article","og_title":"1000 dr\u00f8mme for Thy er blevet til ord p\u00e5 tryk - Thy","og_description":"THY: N\u00e5r bogen &#8220;1000 dr\u00f8mme for Thy &#8211; Stemmer fra den yngre halvdel&#8221; udkommer om en uges tid, er der mulighed for at blive klogere p\u00e5, hvad det er for dr\u00f8mme knap 200 unge i Thy &#8211; alle yngre end 45 \u00e5r &#8211; har til livet, dagligdagen og til deres tilv\u00e6relse i Thy. Bogen er [&hellip;]","og_url":"https:\/\/kunmedierne.dk\/thy\/1000-droemme-for-thy-er-blevet-til-ord-paa-tryk\/","og_site_name":"Thy","article_published_time":"2026-04-27T15:17:54+00:00","author":"Jens Fogh Andersen","twitter_card":"summary_large_image","twitter_misc":{"Skrevet af":"Jens Fogh Andersen","Estimeret l\u00e6setid":"3 minutter"},"schema":{"@context":"https:\/\/schema.org","@graph":[{"@type":"Article","@id":"https:\/\/kunmedierne.dk\/thy\/1000-droemme-for-thy-er-blevet-til-ord-paa-tryk\/#article","isPartOf":{"@id":"https:\/\/kunmedierne.dk\/thy\/1000-droemme-for-thy-er-blevet-til-ord-paa-tryk\/"},"author":{"name":"Jens Fogh Andersen","@id":"https:\/\/kunmedierne.dk\/thy\/#\/schema\/person\/88f5be46809ca2a5533760eb574fef93"},"headline":"1000 dr\u00f8mme for Thy er blevet til ord p\u00e5 tryk","datePublished":"2026-04-27T15:17:54+00:00","mainEntityOfPage":{"@id":"https:\/\/kunmedierne.dk\/thy\/1000-droemme-for-thy-er-blevet-til-ord-paa-tryk\/"},"wordCount":534,"publisher":{"@id":"https:\/\/kunmedierne.dk\/thy\/#organization"},"keywords":["Kommunalpolitik","Mennesker"],"articleSection":["Lokalt"],"inLanguage":"da-DK"},{"@type":"WebPage","@id":"https:\/\/kunmedierne.dk\/thy\/1000-droemme-for-thy-er-blevet-til-ord-paa-tryk\/","url":"https:\/\/kunmedierne.dk\/thy\/1000-droemme-for-thy-er-blevet-til-ord-paa-tryk\/","name":"1000 dr\u00f8mme for Thy er blevet til ord p\u00e5 tryk - Thy","isPartOf":{"@id":"https:\/\/kunmedierne.dk\/thy\/#website"},"datePublished":"2026-04-27T15:17:54+00:00","breadcrumb":{"@id":"https:\/\/kunmedierne.dk\/thy\/1000-droemme-for-thy-er-blevet-til-ord-paa-tryk\/#breadcrumb"},"inLanguage":"da-DK","potentialAction":[{"@type":"ReadAction","target":["https:\/\/kunmedierne.dk\/thy\/1000-droemme-for-thy-er-blevet-til-ord-paa-tryk\/"]}]},{"@type":"BreadcrumbList","@id":"https:\/\/kunmedierne.dk\/thy\/1000-droemme-for-thy-er-blevet-til-ord-paa-tryk\/#breadcrumb","itemListElement":[{"@type":"ListItem","position":1,"name":"Home","item":"https:\/\/kunmedierne.dk\/thy\/"},{"@type":"ListItem","position":2,"name":"1000 dr\u00f8mme for Thy er blevet til ord p\u00e5 tryk"}]},{"@type":"WebSite","@id":"https:\/\/kunmedierne.dk\/thy\/#website","url":"https:\/\/kunmedierne.dk\/thy\/","name":"Thy","description":"et netmedie med journalistik om livet i Thy","publisher":{"@id":"https:\/\/kunmedierne.dk\/thy\/#organization"},"potentialAction":[{"@type":"SearchAction","target":{"@type":"EntryPoint","urlTemplate":"https:\/\/kunmedierne.dk\/thy\/?s={search_term_string}"},"query-input":{"@type":"PropertyValueSpecification","valueRequired":true,"valueName":"search_term_string"}}],"inLanguage":"da-DK"},{"@type":"Organization","@id":"https:\/\/kunmedierne.dk\/thy\/#organization","name":"Thy","url":"https:\/\/kunmedierne.dk\/thy\/","logo":{"@type":"ImageObject","inLanguage":"da-DK","@id":"https:\/\/kunmedierne.dk\/thy\/#\/schema\/logo\/image\/","url":"https:\/\/kunmedierne.dk\/thy\/wp-content\/uploads\/sites\/2\/2025\/04\/kunthy-logo.svg","contentUrl":"https:\/\/kunmedierne.dk\/thy\/wp-content\/uploads\/sites\/2\/2025\/04\/kunthy-logo.svg","caption":"Thy"},"image":{"@id":"https:\/\/kunmedierne.dk\/thy\/#\/schema\/logo\/image\/"}},{"@type":"Person","@id":"https:\/\/kunmedierne.dk\/thy\/#\/schema\/person\/88f5be46809ca2a5533760eb574fef93","name":"Jens Fogh Andersen","image":{"@type":"ImageObject","inLanguage":"da-DK","@id":"https:\/\/kunmedierne.dk\/thy\/#\/schema\/person\/image\/","url":"https:\/\/secure.gravatar.com\/avatar\/2b367a4ef139b1c41dccc9ee7af926b81f8b4cca3359772e86c7fd5ced26c0a3?s=96&d=mm&r=g","contentUrl":"https:\/\/secure.gravatar.com\/avatar\/2b367a4ef139b1c41dccc9ee7af926b81f8b4cca3359772e86c7fd5ced26c0a3?s=96&d=mm&r=g","caption":"Jens Fogh Andersen"},"url":"https:\/\/kunmedierne.dk\/thy\/author\/jfa\/"}]}},"_links":{"self":[{"href":"https:\/\/kunmedierne.dk\/thy\/wp-json\/wp\/v2\/posts\/21138","targetHints":{"allow":["GET"]}}],"collection":[{"href":"https:\/\/kunmedierne.dk\/thy\/wp-json\/wp\/v2\/posts"}],"about":[{"href":"https:\/\/kunmedierne.dk\/thy\/wp-json\/wp\/v2\/types\/post"}],"author":[{"embeddable":true,"href":"https:\/\/kunmedierne.dk\/thy\/wp-json\/wp\/v2\/users\/4535"}],"replies":[{"embeddable":true,"href":"https:\/\/kunmedierne.dk\/thy\/wp-json\/wp\/v2\/comments?post=21138"}],"version-history":[{"count":7,"href":"https:\/\/kunmedierne.dk\/thy\/wp-json\/wp\/v2\/posts\/21138\/revisions"}],"predecessor-version":[{"id":21260,"href":"https:\/\/kunmedierne.dk\/thy\/wp-json\/wp\/v2\/posts\/21138\/revisions\/21260"}],"wp:attachment":[{"href":"https:\/\/kunmedierne.dk\/thy\/wp-json\/wp\/v2\/media?parent=21138"}],"wp:term":[{"taxonomy":"category","embeddable":true,"href":"https:\/\/kunmedierne.dk\/thy\/wp-json\/wp\/v2\/categories?post=21138"},{"taxonomy":"post_tag","embeddable":true,"href":"https:\/\/kunmedierne.dk\/thy\/wp-json\/wp\/v2\/tags?post=21138"}],"curies":[{"name":"wp","href":"https:\/\/api.w.org\/{rel}","templated":true}]}}