{"id":19018,"date":"2026-03-16T17:40:11","date_gmt":"2026-03-16T16:40:11","guid":{"rendered":"https:\/\/kunmedierne.dk\/thy\/?p=19018"},"modified":"2026-03-16T17:00:42","modified_gmt":"2026-03-16T16:00:42","slug":"bedsteforaeldre-i-dilemma-jytte-og-j-c-holder-med-baade-med-thisted-fc-og-ab","status":"publish","type":"post","link":"https:\/\/kunmedierne.dk\/thy\/bedsteforaeldre-i-dilemma-jytte-og-j-c-holder-med-baade-med-thisted-fc-og-ab\/","title":{"rendered":"<span>Bedstefor\u00e6ldre i dilemma: <\/span>Jytte og J.C. holder med b\u00e5de med Thisted FC og AB"},"content":{"rendered":"<p><strong>FODBOLD<\/strong>: Selv om man holder \u00f8nsker det ene hold alt det bedste, kan man ogs\u00e5 godt holde lidt med det andet ogs\u00e5.<\/p>\n<p>Det beviser Jytte og J.C. Christensen s\u00f8ndag eftermiddag, da KunThy m\u00f8der dem til 2. divisionskampen mellem Thisted FC og AB.<\/p>\n<a class=\"dvrt-link\" onClick=\"cdmtrack_click(685,jQuery(this));return false\" href=\"https:\/\/wensien.dk\/begravelse\/?gad_source=1&gclid=Cj0KCQjwtJ6_BhDWARIsAGanmKcWw6hbeoepGti1oApJGHln52gMbg8EBRZ86__3P1AJZ5dcsw4ZvNEaAk7JEALw_wcB\"><img decoding=\"async\" style=\"width:100%;\" src=\"https:\/\/kunmedierne.dk\/thy\/wp-content\/uploads\/sites\/2\/2025\/03\/wensien-stenhugger.jpg\"><\/a><script>cdmtrack_view(685);<\/script>\n<p>De to thyboer skiller sig ud med ogs\u00e5 at v\u00e6re ikl\u00e6dt g\u00e6sternes gr\u00f8nne farve. De har nemlig begge et ben i hver lejr.<\/p>\n<p>&#8211; Det er lidt m\u00e6rkeligt. Vi holder jo s\u00e5dan set med Thisted, men vi holder med Marcus, n\u00e5r han spiller, siger J.C.<\/p>\n<p>Forklaringen er nemlig den indlysende, at barnebarnet Marcus Immersen i denne s\u00e6son stiller op for AB. Nu er han f\u00f8rste gang tilbage p\u00e5 sin gamle hjemmebane, og bedstefor\u00e6ldrene er selvf\u00f8lgelig sp\u00e6ndte p\u00e5, hvordan det kommer til at g\u00e5.<\/p>\n<p>Siden klubskiftet er det g\u00e5et fint. Den 21-\u00e5rige thybo har scoret seks m\u00e5l for AB, der er godt p\u00e5 vej imod oprykning til landets n\u00e6stbedste r\u00e6kke, s\u00e5 forude venter endnu st\u00f8rre opgaver.<\/p>\n<a class=\"dvrt-link\" onClick=\"cdmtrack_click(687,jQuery(this));return false\" href=\"https:\/\/konpap.dk\/?gad_source=1&gclid=Cj0KCQjwtJ6_BhDWARIsAGanmKfOBLC3RBm6obWL5sEb-mp4bsp5QjqWW4j4nx22y0YT2iMiXJcv3MoaApR_EALw_wcB\"><img decoding=\"async\" style=\"width:100%;\" src=\"https:\/\/kunmedierne.dk\/thy\/wp-content\/uploads\/sites\/2\/2025\/03\/redoffice.jpg\"><\/a><script>cdmtrack_view(687);<\/script>\n<p>Kampene p\u00e5 banen er dog ikke det eneste, hans bedstefor\u00e6ldre fra Thy g\u00e5r op i.<\/p>\n<p>&#8211; Vi synes, det er lidt langt at flytte til K\u00f8benhavn fra Thisted, lyder det en andelse bekymret fra Jytte, inden hendes mand beroliger og ser fremad p\u00e5 samme tid:<\/p>\n<p>&#8211; Han er faldet godt til, men han har ogs\u00e5 lovet, at n\u00e5r han f\u00e5r b\u00f8rn, skal han til Thy igen.<\/p>\n<p>&nbsp;<\/p>\n<p><strong>Har set masser af fodboldkampe<\/strong><\/p>\n<p>De to fodboldtilh\u00e6ngere har i \u00f8vrigt stor rutine i at f\u00f8lge familiens unge p\u00e5 fodboldbanerne rundt omkring.<\/p>\n<p>&#8211; Vi har otte drengeb\u00f8rneb\u00f8rn, der spiller fodbold, s\u00e5 som pensioner har vi lidt at g\u00f8re, siger J.C. med et grin. Og selvf\u00f8lgelig begynder s\u00e5dan en interesse ikke f\u00f8rst med en professionel kontrakt, s\u00e5 Marcus havde ogs\u00e5 sine bedstefor\u00e6ldres opm\u00e6rksomhed, mens han spillede ungdomsfodbold for blandt andet Skyum Idr\u00e6tsefterskole.<\/p>\n<a class=\"dvrt-link\" onClick=\"cdmtrack_click(4416,jQuery(this));return false\" href=\"https:\/\/sdrhaa.dk\/\"><img decoding=\"async\" style=\"width:100%;\" src=\"https:\/\/kunmedierne.dk\/thy\/wp-content\/uploads\/sites\/2\/2025\/05\/260302Din-gebyrvenlige-sparekasse_SHS_Thy-1.gif\"><\/a><script>cdmtrack_view(4416);<\/script>\n<p>Kendskabet til nationalsporten er derfor skabt og opbygget igennem mange \u00e5rs observationer fra diverse sidelinjer, hvilket ogs\u00e5 g\u00f8r det relevant at bede dem give en vurdering af s\u00e6sonen for Thisted FC.<\/p>\n<p>&#8211; Det er jo g\u00e5et fint, og de g\u00f8r det godt. De har et godt forsvar, lyder dommen fra J.C.<\/p>\n<p>&#8211; S\u00e5 m\u00e5 vi se, om de kan undv\u00e6re Wagner, tilf\u00f8jer Jytte med klar adresse til tabet af efter\u00e5rets topscorer.<\/p>\n<p>&nbsp;<\/p>\n<p><strong>Underholdt stadion i Hj\u00f8rring<\/strong><\/p>\n<p>Kampen mellem TFC og AB skal til at begynde, og det er p\u00e5 tide at f\u00e5 afklaret, hvem de to thyboer holder med &#8211; s\u00e5dan inderst inde. En forslag om, at 3-2 til Thisted FC med to Marcus-m\u00e5l for AB er til at leve med, bliver godtaget. Men Jytte har nu ikke t\u00e6nkt sig at d\u00e6mpe sin jubel, hvis Marcus scorer f\u00f8rst.<\/p>\n<p>&#8211; S\u00e5 bliver der bare fest, siger hun, hvilket f\u00e5r J.C. til at mindes en anden fodboldkamp.<\/p>\n<p>&#8211; Det var der i Hj\u00f8rring. Der kunne vi underholde hele stadion, siger han om turen med mange thyboer p\u00e5 l\u00e6gterne, da AB blandt andet p\u00e5 to m\u00e5l af Marcus Immersen vandt med 3-2 over Vendsyssel FF.<\/p>\n<a class=\"dvrt-link\" onClick=\"cdmtrack_click(683,jQuery(this));return false\" href=\"https:\/\/vester-begr.dk\/?utm_source=google&amp;utm_medium=advative&amp;gad_source=1&amp;gclid=Cj0KCQjwtJ6_BhDWARIsAGanmKfl-hGVVjCYiOgSKoGoxrow4kvXybZsnruKJYTslvqZDywT6a9PCQwaAmBjEALw_wcB\"><img decoding=\"async\" style=\"width:100%;\" src=\"https:\/\/kunmedierne.dk\/thy\/wp-content\/uploads\/sites\/2\/2025\/03\/260203VesterHoukaer-02022026.jpg\"><\/a><script>cdmtrack_view(683);<\/script>\n<p>Lige s\u00e5 festligt bliver s\u00f8ndagen ikke. AB vinder 2-0, men begge m\u00e5l bliver scoret, inden Marcus Immersen kommer p\u00e5 banen i anden halvleg.<\/p>\n<p>Jytte og J.C. &#8211; og de andre thyboer i AB-tr\u00f8jer &#8211; f\u00e5r dog med stor sandsynlighed andre kampe at fejre den unge angriber i.<\/p>\n<h5>L\u00c6S OGS\u00c5: <a href=\"https:\/\/kunmedierne.dk\/thy\/weekendens-sport-meget-var-godt-men-bubndlinjen-igen-maalloes-for-thisted-fc\/\">Weekenden sport: Meget var godt, men bundlinjen igen m\u00e5ll\u00f8s for Thisted FC<\/a><\/h5>\n<div id=\"attachment_19029\" style=\"width: 1242px\" class=\"wp-caption alignnone\"><img loading=\"lazy\" decoding=\"async\" aria-describedby=\"caption-attachment-19029\" class=\"wp-image-19029 size-full\" src=\"https:\/\/kunmedierne.dk\/thy\/wp-content\/uploads\/sites\/2\/2026\/03\/260315-tfc-ab-3.jpg\" alt=\"\" width=\"1232\" height=\"821\" srcset=\"https:\/\/kunmedierne.dk\/thy\/wp-content\/uploads\/sites\/2\/2026\/03\/260315-tfc-ab-3.jpg 1232w, https:\/\/kunmedierne.dk\/thy\/wp-content\/uploads\/sites\/2\/2026\/03\/260315-tfc-ab-3-300x200.jpg 300w, https:\/\/kunmedierne.dk\/thy\/wp-content\/uploads\/sites\/2\/2026\/03\/260315-tfc-ab-3-1024x682.jpg 1024w, https:\/\/kunmedierne.dk\/thy\/wp-content\/uploads\/sites\/2\/2026\/03\/260315-tfc-ab-3-510x340.jpg 510w\" sizes=\"auto, (max-width: 1232px) 100vw, 1232px\" \/><p id=\"caption-attachment-19029\" class=\"wp-caption-text\">Oliver Jensen og Thisted FC m\u00e5tte se sig sl\u00e5et af AB, der med Marcus Immersen p\u00e5 banen i anden halvleg vandt med 2-0. Foto: Thisted FC\/Skinnerup Media.<\/p><\/div>\n","protected":false},"excerpt":{"rendered":"<p>FODBOLD: Selv om man holder \u00f8nsker det ene hold alt det bedste, kan man ogs\u00e5 godt holde lidt med det andet ogs\u00e5. Det beviser Jytte og J.C. Christensen s\u00f8ndag eftermiddag, da KunThy m\u00f8der dem til 2. divisionskampen mellem Thisted FC og AB. De to thyboer skiller sig ud med ogs\u00e5 at v\u00e6re ikl\u00e6dt g\u00e6sternes gr\u00f8nne [&hellip;]<\/p>\n","protected":false},"author":8,"featured_media":0,"comment_status":"closed","ping_status":"closed","sticky":false,"template":"","format":"standard","meta":{"_acf_changed":false,"footnotes":""},"categories":[22,23],"tags":[],"class_list":["post-19018","post","type-post","status-publish","format-standard","hentry","category-sport","category-thyboerne"],"acf":[],"yoast_head":"<!-- This site is optimized with the Yoast SEO plugin v26.8 - https:\/\/yoast.com\/product\/yoast-seo-wordpress\/ -->\n<title>Bedstefor\u00e6ldre i dilemma: Jytte og J.C. holder med b\u00e5de med Thisted FC og AB  - Thy<\/title>\n<meta name=\"robots\" content=\"index, follow, max-snippet:-1, max-image-preview:large, max-video-preview:-1\" \/>\n<link rel=\"canonical\" href=\"https:\/\/kunmedierne.dk\/thy\/bedsteforaeldre-i-dilemma-jytte-og-j-c-holder-med-baade-med-thisted-fc-og-ab\/\" \/>\n<meta property=\"og:locale\" content=\"da_DK\" \/>\n<meta property=\"og:type\" content=\"article\" \/>\n<meta property=\"og:title\" content=\"Bedstefor\u00e6ldre i dilemma: Jytte og J.C. holder med b\u00e5de med Thisted FC og AB  - Thy\" \/>\n<meta property=\"og:description\" content=\"FODBOLD: Selv om man holder \u00f8nsker det ene hold alt det bedste, kan man ogs\u00e5 godt holde lidt med det andet ogs\u00e5. Det beviser Jytte og J.C. Christensen s\u00f8ndag eftermiddag, da KunThy m\u00f8der dem til 2. divisionskampen mellem Thisted FC og AB. De to thyboer skiller sig ud med ogs\u00e5 at v\u00e6re ikl\u00e6dt g\u00e6sternes gr\u00f8nne [&hellip;]\" \/>\n<meta property=\"og:url\" content=\"https:\/\/kunmedierne.dk\/thy\/bedsteforaeldre-i-dilemma-jytte-og-j-c-holder-med-baade-med-thisted-fc-og-ab\/\" \/>\n<meta property=\"og:site_name\" content=\"Thy\" \/>\n<meta property=\"article:published_time\" content=\"2026-03-16T16:40:11+00:00\" \/>\n<meta property=\"og:image\" content=\"https:\/\/kunmedierne.dk\/thy\/wp-content\/uploads\/sites\/2\/2026\/03\/260315-tfc-ab-3.jpg\" \/>\n<meta name=\"author\" content=\"David H\u00f8jmark\" \/>\n<meta name=\"twitter:card\" content=\"summary_large_image\" \/>\n<meta name=\"twitter:label1\" content=\"Skrevet af\" \/>\n\t<meta name=\"twitter:data1\" content=\"David H\u00f8jmark\" \/>\n\t<meta name=\"twitter:label2\" content=\"Estimeret l\u00e6setid\" \/>\n\t<meta name=\"twitter:data2\" content=\"4 minutter\" \/>\n<script type=\"application\/ld+json\" class=\"yoast-schema-graph\">{\"@context\":\"https:\/\/schema.org\",\"@graph\":[{\"@type\":\"Article\",\"@id\":\"https:\/\/kunmedierne.dk\/thy\/bedsteforaeldre-i-dilemma-jytte-og-j-c-holder-med-baade-med-thisted-fc-og-ab\/#article\",\"isPartOf\":{\"@id\":\"https:\/\/kunmedierne.dk\/thy\/bedsteforaeldre-i-dilemma-jytte-og-j-c-holder-med-baade-med-thisted-fc-og-ab\/\"},\"author\":{\"name\":\"David H\u00f8jmark\",\"@id\":\"https:\/\/kunmedierne.dk\/thy\/#\/schema\/person\/5fe23251bf1d0abbcdc6f7896579d548\"},\"headline\":\"Bedstefor\u00e6ldre i dilemma: Jytte og J.C. holder med b\u00e5de med Thisted FC og AB\",\"datePublished\":\"2026-03-16T16:40:11+00:00\",\"mainEntityOfPage\":{\"@id\":\"https:\/\/kunmedierne.dk\/thy\/bedsteforaeldre-i-dilemma-jytte-og-j-c-holder-med-baade-med-thisted-fc-og-ab\/\"},\"wordCount\":676,\"publisher\":{\"@id\":\"https:\/\/kunmedierne.dk\/thy\/#organization\"},\"image\":{\"@id\":\"https:\/\/kunmedierne.dk\/thy\/bedsteforaeldre-i-dilemma-jytte-og-j-c-holder-med-baade-med-thisted-fc-og-ab\/#primaryimage\"},\"thumbnailUrl\":\"https:\/\/kunmedierne.dk\/thy\/wp-content\/uploads\/sites\/2\/2026\/03\/260315-tfc-ab-3.jpg\",\"articleSection\":[\"Sport\",\"Thyboerne\"],\"inLanguage\":\"da-DK\"},{\"@type\":\"WebPage\",\"@id\":\"https:\/\/kunmedierne.dk\/thy\/bedsteforaeldre-i-dilemma-jytte-og-j-c-holder-med-baade-med-thisted-fc-og-ab\/\",\"url\":\"https:\/\/kunmedierne.dk\/thy\/bedsteforaeldre-i-dilemma-jytte-og-j-c-holder-med-baade-med-thisted-fc-og-ab\/\",\"name\":\"Bedstefor\u00e6ldre i dilemma: Jytte og J.C. holder med b\u00e5de med Thisted FC og AB - Thy\",\"isPartOf\":{\"@id\":\"https:\/\/kunmedierne.dk\/thy\/#website\"},\"primaryImageOfPage\":{\"@id\":\"https:\/\/kunmedierne.dk\/thy\/bedsteforaeldre-i-dilemma-jytte-og-j-c-holder-med-baade-med-thisted-fc-og-ab\/#primaryimage\"},\"image\":{\"@id\":\"https:\/\/kunmedierne.dk\/thy\/bedsteforaeldre-i-dilemma-jytte-og-j-c-holder-med-baade-med-thisted-fc-og-ab\/#primaryimage\"},\"thumbnailUrl\":\"https:\/\/kunmedierne.dk\/thy\/wp-content\/uploads\/sites\/2\/2026\/03\/260315-tfc-ab-3.jpg\",\"datePublished\":\"2026-03-16T16:40:11+00:00\",\"breadcrumb\":{\"@id\":\"https:\/\/kunmedierne.dk\/thy\/bedsteforaeldre-i-dilemma-jytte-og-j-c-holder-med-baade-med-thisted-fc-og-ab\/#breadcrumb\"},\"inLanguage\":\"da-DK\",\"potentialAction\":[{\"@type\":\"ReadAction\",\"target\":[\"https:\/\/kunmedierne.dk\/thy\/bedsteforaeldre-i-dilemma-jytte-og-j-c-holder-med-baade-med-thisted-fc-og-ab\/\"]}]},{\"@type\":\"ImageObject\",\"inLanguage\":\"da-DK\",\"@id\":\"https:\/\/kunmedierne.dk\/thy\/bedsteforaeldre-i-dilemma-jytte-og-j-c-holder-med-baade-med-thisted-fc-og-ab\/#primaryimage\",\"url\":\"https:\/\/kunmedierne.dk\/thy\/wp-content\/uploads\/sites\/2\/2026\/03\/260315-tfc-ab-3.jpg\",\"contentUrl\":\"https:\/\/kunmedierne.dk\/thy\/wp-content\/uploads\/sites\/2\/2026\/03\/260315-tfc-ab-3.jpg\",\"width\":1232,\"height\":821,\"caption\":\"Oliver Jensen og Thisted FC f\u00e5r to nye m\u00f8der imod topholdet AB. Arkivfoto: Thisted FC\/Skinnerup Media.\"},{\"@type\":\"BreadcrumbList\",\"@id\":\"https:\/\/kunmedierne.dk\/thy\/bedsteforaeldre-i-dilemma-jytte-og-j-c-holder-med-baade-med-thisted-fc-og-ab\/#breadcrumb\",\"itemListElement\":[{\"@type\":\"ListItem\",\"position\":1,\"name\":\"Home\",\"item\":\"https:\/\/kunmedierne.dk\/thy\/\"},{\"@type\":\"ListItem\",\"position\":2,\"name\":\"Bedstefor\u00e6ldre i dilemma: Jytte og J.C. holder med b\u00e5de med Thisted FC og AB\"}]},{\"@type\":\"WebSite\",\"@id\":\"https:\/\/kunmedierne.dk\/thy\/#website\",\"url\":\"https:\/\/kunmedierne.dk\/thy\/\",\"name\":\"Thy\",\"description\":\"et netmedie med journalistik om livet i Thy\",\"publisher\":{\"@id\":\"https:\/\/kunmedierne.dk\/thy\/#organization\"},\"potentialAction\":[{\"@type\":\"SearchAction\",\"target\":{\"@type\":\"EntryPoint\",\"urlTemplate\":\"https:\/\/kunmedierne.dk\/thy\/?s={search_term_string}\"},\"query-input\":{\"@type\":\"PropertyValueSpecification\",\"valueRequired\":true,\"valueName\":\"search_term_string\"}}],\"inLanguage\":\"da-DK\"},{\"@type\":\"Organization\",\"@id\":\"https:\/\/kunmedierne.dk\/thy\/#organization\",\"name\":\"Thy\",\"url\":\"https:\/\/kunmedierne.dk\/thy\/\",\"logo\":{\"@type\":\"ImageObject\",\"inLanguage\":\"da-DK\",\"@id\":\"https:\/\/kunmedierne.dk\/thy\/#\/schema\/logo\/image\/\",\"url\":\"https:\/\/kunmedierne.dk\/thy\/wp-content\/uploads\/sites\/2\/2025\/04\/kunthy-logo.svg\",\"contentUrl\":\"https:\/\/kunmedierne.dk\/thy\/wp-content\/uploads\/sites\/2\/2025\/04\/kunthy-logo.svg\",\"caption\":\"Thy\"},\"image\":{\"@id\":\"https:\/\/kunmedierne.dk\/thy\/#\/schema\/logo\/image\/\"}},{\"@type\":\"Person\",\"@id\":\"https:\/\/kunmedierne.dk\/thy\/#\/schema\/person\/5fe23251bf1d0abbcdc6f7896579d548\",\"name\":\"David H\u00f8jmark\",\"image\":{\"@type\":\"ImageObject\",\"inLanguage\":\"da-DK\",\"@id\":\"https:\/\/kunmedierne.dk\/thy\/#\/schema\/person\/image\/\",\"url\":\"https:\/\/secure.gravatar.com\/avatar\/4315d6fb9ef244d729989f5f90268eb08d5bf8a3d84402f595fa194bb35784fd?s=96&d=mm&r=g\",\"contentUrl\":\"https:\/\/secure.gravatar.com\/avatar\/4315d6fb9ef244d729989f5f90268eb08d5bf8a3d84402f595fa194bb35784fd?s=96&d=mm&r=g\",\"caption\":\"David H\u00f8jmark\"},\"sameAs\":[\"https:\/\/www.kunmedierne.dk\"],\"url\":\"https:\/\/kunmedierne.dk\/thy\/author\/david\/\"}]}<\/script>\n<!-- \/ Yoast SEO plugin. -->","yoast_head_json":{"title":"Bedstefor\u00e6ldre i dilemma: Jytte og J.C. holder med b\u00e5de med Thisted FC og AB  - Thy","robots":{"index":"index","follow":"follow","max-snippet":"max-snippet:-1","max-image-preview":"max-image-preview:large","max-video-preview":"max-video-preview:-1"},"canonical":"https:\/\/kunmedierne.dk\/thy\/bedsteforaeldre-i-dilemma-jytte-og-j-c-holder-med-baade-med-thisted-fc-og-ab\/","og_locale":"da_DK","og_type":"article","og_title":"Bedstefor\u00e6ldre i dilemma: Jytte og J.C. holder med b\u00e5de med Thisted FC og AB  - Thy","og_description":"FODBOLD: Selv om man holder \u00f8nsker det ene hold alt det bedste, kan man ogs\u00e5 godt holde lidt med det andet ogs\u00e5. Det beviser Jytte og J.C. Christensen s\u00f8ndag eftermiddag, da KunThy m\u00f8der dem til 2. divisionskampen mellem Thisted FC og AB. De to thyboer skiller sig ud med ogs\u00e5 at v\u00e6re ikl\u00e6dt g\u00e6sternes gr\u00f8nne [&hellip;]","og_url":"https:\/\/kunmedierne.dk\/thy\/bedsteforaeldre-i-dilemma-jytte-og-j-c-holder-med-baade-med-thisted-fc-og-ab\/","og_site_name":"Thy","article_published_time":"2026-03-16T16:40:11+00:00","og_image":[{"url":"https:\/\/kunmedierne.dk\/thy\/wp-content\/uploads\/sites\/2\/2026\/03\/260315-tfc-ab-3.jpg","type":"","width":"","height":""}],"author":"David H\u00f8jmark","twitter_card":"summary_large_image","twitter_misc":{"Skrevet af":"David H\u00f8jmark","Estimeret l\u00e6setid":"4 minutter"},"schema":{"@context":"https:\/\/schema.org","@graph":[{"@type":"Article","@id":"https:\/\/kunmedierne.dk\/thy\/bedsteforaeldre-i-dilemma-jytte-og-j-c-holder-med-baade-med-thisted-fc-og-ab\/#article","isPartOf":{"@id":"https:\/\/kunmedierne.dk\/thy\/bedsteforaeldre-i-dilemma-jytte-og-j-c-holder-med-baade-med-thisted-fc-og-ab\/"},"author":{"name":"David H\u00f8jmark","@id":"https:\/\/kunmedierne.dk\/thy\/#\/schema\/person\/5fe23251bf1d0abbcdc6f7896579d548"},"headline":"Bedstefor\u00e6ldre i dilemma: Jytte og J.C. holder med b\u00e5de med Thisted FC og AB","datePublished":"2026-03-16T16:40:11+00:00","mainEntityOfPage":{"@id":"https:\/\/kunmedierne.dk\/thy\/bedsteforaeldre-i-dilemma-jytte-og-j-c-holder-med-baade-med-thisted-fc-og-ab\/"},"wordCount":676,"publisher":{"@id":"https:\/\/kunmedierne.dk\/thy\/#organization"},"image":{"@id":"https:\/\/kunmedierne.dk\/thy\/bedsteforaeldre-i-dilemma-jytte-og-j-c-holder-med-baade-med-thisted-fc-og-ab\/#primaryimage"},"thumbnailUrl":"https:\/\/kunmedierne.dk\/thy\/wp-content\/uploads\/sites\/2\/2026\/03\/260315-tfc-ab-3.jpg","articleSection":["Sport","Thyboerne"],"inLanguage":"da-DK"},{"@type":"WebPage","@id":"https:\/\/kunmedierne.dk\/thy\/bedsteforaeldre-i-dilemma-jytte-og-j-c-holder-med-baade-med-thisted-fc-og-ab\/","url":"https:\/\/kunmedierne.dk\/thy\/bedsteforaeldre-i-dilemma-jytte-og-j-c-holder-med-baade-med-thisted-fc-og-ab\/","name":"Bedstefor\u00e6ldre i dilemma: Jytte og J.C. holder med b\u00e5de med Thisted FC og AB - Thy","isPartOf":{"@id":"https:\/\/kunmedierne.dk\/thy\/#website"},"primaryImageOfPage":{"@id":"https:\/\/kunmedierne.dk\/thy\/bedsteforaeldre-i-dilemma-jytte-og-j-c-holder-med-baade-med-thisted-fc-og-ab\/#primaryimage"},"image":{"@id":"https:\/\/kunmedierne.dk\/thy\/bedsteforaeldre-i-dilemma-jytte-og-j-c-holder-med-baade-med-thisted-fc-og-ab\/#primaryimage"},"thumbnailUrl":"https:\/\/kunmedierne.dk\/thy\/wp-content\/uploads\/sites\/2\/2026\/03\/260315-tfc-ab-3.jpg","datePublished":"2026-03-16T16:40:11+00:00","breadcrumb":{"@id":"https:\/\/kunmedierne.dk\/thy\/bedsteforaeldre-i-dilemma-jytte-og-j-c-holder-med-baade-med-thisted-fc-og-ab\/#breadcrumb"},"inLanguage":"da-DK","potentialAction":[{"@type":"ReadAction","target":["https:\/\/kunmedierne.dk\/thy\/bedsteforaeldre-i-dilemma-jytte-og-j-c-holder-med-baade-med-thisted-fc-og-ab\/"]}]},{"@type":"ImageObject","inLanguage":"da-DK","@id":"https:\/\/kunmedierne.dk\/thy\/bedsteforaeldre-i-dilemma-jytte-og-j-c-holder-med-baade-med-thisted-fc-og-ab\/#primaryimage","url":"https:\/\/kunmedierne.dk\/thy\/wp-content\/uploads\/sites\/2\/2026\/03\/260315-tfc-ab-3.jpg","contentUrl":"https:\/\/kunmedierne.dk\/thy\/wp-content\/uploads\/sites\/2\/2026\/03\/260315-tfc-ab-3.jpg","width":1232,"height":821,"caption":"Oliver Jensen og Thisted FC f\u00e5r to nye m\u00f8der imod topholdet AB. Arkivfoto: Thisted FC\/Skinnerup Media."},{"@type":"BreadcrumbList","@id":"https:\/\/kunmedierne.dk\/thy\/bedsteforaeldre-i-dilemma-jytte-og-j-c-holder-med-baade-med-thisted-fc-og-ab\/#breadcrumb","itemListElement":[{"@type":"ListItem","position":1,"name":"Home","item":"https:\/\/kunmedierne.dk\/thy\/"},{"@type":"ListItem","position":2,"name":"Bedstefor\u00e6ldre i dilemma: Jytte og J.C. holder med b\u00e5de med Thisted FC og AB"}]},{"@type":"WebSite","@id":"https:\/\/kunmedierne.dk\/thy\/#website","url":"https:\/\/kunmedierne.dk\/thy\/","name":"Thy","description":"et netmedie med journalistik om livet i Thy","publisher":{"@id":"https:\/\/kunmedierne.dk\/thy\/#organization"},"potentialAction":[{"@type":"SearchAction","target":{"@type":"EntryPoint","urlTemplate":"https:\/\/kunmedierne.dk\/thy\/?s={search_term_string}"},"query-input":{"@type":"PropertyValueSpecification","valueRequired":true,"valueName":"search_term_string"}}],"inLanguage":"da-DK"},{"@type":"Organization","@id":"https:\/\/kunmedierne.dk\/thy\/#organization","name":"Thy","url":"https:\/\/kunmedierne.dk\/thy\/","logo":{"@type":"ImageObject","inLanguage":"da-DK","@id":"https:\/\/kunmedierne.dk\/thy\/#\/schema\/logo\/image\/","url":"https:\/\/kunmedierne.dk\/thy\/wp-content\/uploads\/sites\/2\/2025\/04\/kunthy-logo.svg","contentUrl":"https:\/\/kunmedierne.dk\/thy\/wp-content\/uploads\/sites\/2\/2025\/04\/kunthy-logo.svg","caption":"Thy"},"image":{"@id":"https:\/\/kunmedierne.dk\/thy\/#\/schema\/logo\/image\/"}},{"@type":"Person","@id":"https:\/\/kunmedierne.dk\/thy\/#\/schema\/person\/5fe23251bf1d0abbcdc6f7896579d548","name":"David H\u00f8jmark","image":{"@type":"ImageObject","inLanguage":"da-DK","@id":"https:\/\/kunmedierne.dk\/thy\/#\/schema\/person\/image\/","url":"https:\/\/secure.gravatar.com\/avatar\/4315d6fb9ef244d729989f5f90268eb08d5bf8a3d84402f595fa194bb35784fd?s=96&d=mm&r=g","contentUrl":"https:\/\/secure.gravatar.com\/avatar\/4315d6fb9ef244d729989f5f90268eb08d5bf8a3d84402f595fa194bb35784fd?s=96&d=mm&r=g","caption":"David H\u00f8jmark"},"sameAs":["https:\/\/www.kunmedierne.dk"],"url":"https:\/\/kunmedierne.dk\/thy\/author\/david\/"}]}},"_links":{"self":[{"href":"https:\/\/kunmedierne.dk\/thy\/wp-json\/wp\/v2\/posts\/19018","targetHints":{"allow":["GET"]}}],"collection":[{"href":"https:\/\/kunmedierne.dk\/thy\/wp-json\/wp\/v2\/posts"}],"about":[{"href":"https:\/\/kunmedierne.dk\/thy\/wp-json\/wp\/v2\/types\/post"}],"author":[{"embeddable":true,"href":"https:\/\/kunmedierne.dk\/thy\/wp-json\/wp\/v2\/users\/8"}],"replies":[{"embeddable":true,"href":"https:\/\/kunmedierne.dk\/thy\/wp-json\/wp\/v2\/comments?post=19018"}],"version-history":[{"count":6,"href":"https:\/\/kunmedierne.dk\/thy\/wp-json\/wp\/v2\/posts\/19018\/revisions"}],"predecessor-version":[{"id":19043,"href":"https:\/\/kunmedierne.dk\/thy\/wp-json\/wp\/v2\/posts\/19018\/revisions\/19043"}],"wp:attachment":[{"href":"https:\/\/kunmedierne.dk\/thy\/wp-json\/wp\/v2\/media?parent=19018"}],"wp:term":[{"taxonomy":"category","embeddable":true,"href":"https:\/\/kunmedierne.dk\/thy\/wp-json\/wp\/v2\/categories?post=19018"},{"taxonomy":"post_tag","embeddable":true,"href":"https:\/\/kunmedierne.dk\/thy\/wp-json\/wp\/v2\/tags?post=19018"}],"curies":[{"name":"wp","href":"https:\/\/api.w.org\/{rel}","templated":true}]}}