{"id":18895,"date":"2026-03-15T08:57:59","date_gmt":"2026-03-15T07:57:59","guid":{"rendered":"https:\/\/kunmedierne.dk\/thy\/?p=18895"},"modified":"2026-03-13T17:05:56","modified_gmt":"2026-03-13T16:05:56","slug":"hf-taet-paa-natur-og-friluftsliv-i-thy-er-fortsat-et-traekplaster","status":"publish","type":"post","link":"https:\/\/kunmedierne.dk\/thy\/hf-taet-paa-natur-og-friluftsliv-i-thy-er-fortsat-et-traekplaster\/","title":{"rendered":"HF t\u00e6t p\u00e5 natur og friluftsliv i Thy er fortsat et tr\u00e6kplaster"},"content":{"rendered":"<p><strong>THISTED:<\/strong> For 11 \u00e5r siden s\u00f8satte Thy-Mors HF &amp; VUC sin f\u00f8rste uddannelse uden for Thisted &#8211; nemlig den to\u00e5rige HF Cold Hawaii, hvor eleverne kan bo p\u00e5 den tidligere Klitm\u00f8ller Kro og f\u00e5 undervisning i surf og skate &#8211; samtidig med undervisning i de mere traditionelle skolefag i Thisted.<\/p>\n<p>Senere etablerede Thy-Mors HF &amp; VUC endnu en filial med indbygget kollegium &#8211; nemlig i den tidligere efterskole i Svankj\u00e6r, hvor eleverne kan v\u00e6lge mellem HF Outdoor (friluftsliv og f\u00e6llesskab), og HF Imagine (b\u00e6redygtighed, natur og kreativitet).<\/p>\n<a class=\"dvrt-link\" onClick=\"cdmtrack_click(1130,jQuery(this));return false\" href=\"https:\/\/www.thistedforsikring.dk\/?utm_source=partnerskaber&amp;utm_campaign=kun_thy\"><img decoding=\"async\" style=\"width:100%;\" src=\"https:\/\/kunmedierne.dk\/thy\/wp-content\/uploads\/sites\/2\/2025\/04\/260409KunThyThisted-For-1.png\"><\/a><script>cdmtrack_view(1130);<\/script>\n<p>Rektor Erik Dose Hvid fort\u00e6ller, at det fortsat er HF-linjerne i Svankj\u00e6r og Klitm\u00f8ller, der tiltr\u00e6kker elever.<\/p>\n<p>Den 1. marts har de unge i 9. og 10. klasse haft ans\u00f8gningsfrist til ungdomsuddannelserne, men Erik Dose Hvid fort\u00e6ller, at VUC har en s\u00e6rlig status, idet ans\u00f8gningerne til voksenuddannelsescentret typisk kommer senere og helt frem til august, hvor skole\u00e5ret starter.<\/p>\n<p>Han kan dog fort\u00e6lle, at Thisted-afdelingen af Thy-Mors HF &amp; VUC har modtaget 42 ans\u00f8gninger nu, og heraf er de 38 ans\u00f8gninger til HF Cold Hawaii, HF Imagine eller HF Outdoor. Resten har s\u00f8gt ind i Thisted p\u00e5 HF Human.<\/p>\n<p>&#8211; Jeg t\u00e6nker, at vi ender med tre klasser med i alt cirka 80 elever, siger Erik Dose Hvid.<\/p>\n<a class=\"dvrt-link\" onClick=\"cdmtrack_click(685,jQuery(this));return false\" href=\"https:\/\/wensien.dk\/begravelse\/?gad_source=1&gclid=Cj0KCQjwtJ6_BhDWARIsAGanmKcWw6hbeoepGti1oApJGHln52gMbg8EBRZ86__3P1AJZ5dcsw4ZvNEaAk7JEALw_wcB\"><img decoding=\"async\" style=\"width:100%;\" src=\"https:\/\/kunmedierne.dk\/thy\/wp-content\/uploads\/sites\/2\/2025\/03\/wensien-stenhugger.jpg\"><\/a><script>cdmtrack_view(685);<\/script>\n<p>Fra 2030 skal danske unge have et nyt tilbud om en gymnasieuddannelse, der er erhvervs- og professionsrettet. Den hedder EPX.<\/p>\n<p><em>Vil denne uddannelse udkonkurrere VUC?<\/em><\/p>\n<p>Nej, ikke if\u00f8lge Erik Dose Hvid. Han mener, at erfaringerne med HF Cold Hawaii, HF Imagine og HF Outdoor taler ind i den nye uddannelse.<\/p>\n<p>&#8211; I l\u00f8bet af 2026 skal der v\u00e6re dr\u00f8ftelser med regionen om den nye EPX. Vores \u00f8nske er, at vi skal finde en l\u00f8sning for vores uddannelser. Vi passer godt ind i de tanker, der er om den nye uddannelse &#8211; og vi er et godt bidrag til Thisted Kommunes visioner om at f\u00e5 nye borgere til omr\u00e5det.<\/p>\n<p>&nbsp;<\/p>\n<blockquote><p><strong>EPX: Ny praktisk\u00a0 gymnasieuddannelse.\u00a0<\/strong><\/p>\n<p>Fra 2030 udbydes en ny erhvervs- og professionsrettet gymnasieuddannelse i Danmark.<\/p>\n<p>Det didaktiske og p\u00e6dagogiske fokus skal have en helhedsorienteret tilgang til l\u00e6ring, hvor teoretisk viden og praktiske f\u00e6rdigheder anvendes sammen. Det indeb\u00e6rer bl.a., at der i undervisningens tilrettel\u00e6ggelse kan inddrages fx v\u00e6rkstedsundervisning, projekter, simulationstr\u00e6ning og virksomhedsforlagt undervisning (fx korte praktikforl\u00f8b).<\/p><\/blockquote>\n","protected":false},"excerpt":{"rendered":"<p>THISTED: For 11 \u00e5r siden s\u00f8satte Thy-Mors HF &amp; VUC sin f\u00f8rste uddannelse uden for Thisted &#8211; nemlig den to\u00e5rige HF Cold Hawaii, hvor eleverne kan bo p\u00e5 den tidligere Klitm\u00f8ller Kro og f\u00e5 undervisning i surf og skate &#8211; samtidig med undervisning i de mere traditionelle skolefag i Thisted. Senere etablerede Thy-Mors HF &amp; [&hellip;]<\/p>\n","protected":false},"author":1925,"featured_media":0,"comment_status":"closed","ping_status":"closed","sticky":false,"template":"","format":"standard","meta":{"_acf_changed":false,"footnotes":""},"categories":[24],"tags":[90,74],"class_list":["post-18895","post","type-post","status-publish","format-standard","hentry","category-lokalt","tag-uddannelse","tag-ungdomsliv"],"acf":[],"yoast_head":"<!-- This site is optimized with the Yoast SEO plugin v26.8 - https:\/\/yoast.com\/product\/yoast-seo-wordpress\/ -->\n<title>HF t\u00e6t p\u00e5 natur og friluftsliv i Thy er fortsat et tr\u00e6kplaster  - Thy<\/title>\n<meta name=\"robots\" content=\"index, follow, max-snippet:-1, max-image-preview:large, max-video-preview:-1\" \/>\n<link rel=\"canonical\" href=\"https:\/\/kunmedierne.dk\/thy\/hf-taet-paa-natur-og-friluftsliv-i-thy-er-fortsat-et-traekplaster\/\" \/>\n<meta property=\"og:locale\" content=\"da_DK\" \/>\n<meta property=\"og:type\" content=\"article\" \/>\n<meta property=\"og:title\" content=\"HF t\u00e6t p\u00e5 natur og friluftsliv i Thy er fortsat et tr\u00e6kplaster  - Thy\" \/>\n<meta property=\"og:description\" content=\"THISTED: For 11 \u00e5r siden s\u00f8satte Thy-Mors HF &amp; VUC sin f\u00f8rste uddannelse uden for Thisted &#8211; nemlig den to\u00e5rige HF Cold Hawaii, hvor eleverne kan bo p\u00e5 den tidligere Klitm\u00f8ller Kro og f\u00e5 undervisning i surf og skate &#8211; samtidig med undervisning i de mere traditionelle skolefag i Thisted. Senere etablerede Thy-Mors HF &amp; [&hellip;]\" \/>\n<meta property=\"og:url\" content=\"https:\/\/kunmedierne.dk\/thy\/hf-taet-paa-natur-og-friluftsliv-i-thy-er-fortsat-et-traekplaster\/\" \/>\n<meta property=\"og:site_name\" content=\"Thy\" \/>\n<meta property=\"article:published_time\" content=\"2026-03-15T07:57:59+00:00\" \/>\n<meta name=\"author\" content=\"Lone L\u00e6rke Krog\" \/>\n<meta name=\"twitter:card\" content=\"summary_large_image\" \/>\n<meta name=\"twitter:label1\" content=\"Skrevet af\" \/>\n\t<meta name=\"twitter:data1\" content=\"Lone L\u00e6rke Krog\" \/>\n\t<meta name=\"twitter:label2\" content=\"Estimeret l\u00e6setid\" \/>\n\t<meta name=\"twitter:data2\" content=\"2 minutter\" \/>\n<script type=\"application\/ld+json\" class=\"yoast-schema-graph\">{\"@context\":\"https:\/\/schema.org\",\"@graph\":[{\"@type\":\"Article\",\"@id\":\"https:\/\/kunmedierne.dk\/thy\/hf-taet-paa-natur-og-friluftsliv-i-thy-er-fortsat-et-traekplaster\/#article\",\"isPartOf\":{\"@id\":\"https:\/\/kunmedierne.dk\/thy\/hf-taet-paa-natur-og-friluftsliv-i-thy-er-fortsat-et-traekplaster\/\"},\"author\":{\"name\":\"Lone L\u00e6rke Krog\",\"@id\":\"https:\/\/kunmedierne.dk\/thy\/#\/schema\/person\/d266634ba6550d075ecf540d63b245d2\"},\"headline\":\"HF t\u00e6t p\u00e5 natur og friluftsliv i Thy er fortsat et tr\u00e6kplaster\",\"datePublished\":\"2026-03-15T07:57:59+00:00\",\"mainEntityOfPage\":{\"@id\":\"https:\/\/kunmedierne.dk\/thy\/hf-taet-paa-natur-og-friluftsliv-i-thy-er-fortsat-et-traekplaster\/\"},\"wordCount\":413,\"publisher\":{\"@id\":\"https:\/\/kunmedierne.dk\/thy\/#organization\"},\"keywords\":[\"Uddannelse\",\"Ungdomsliv\"],\"articleSection\":[\"Lokalt\"],\"inLanguage\":\"da-DK\"},{\"@type\":\"WebPage\",\"@id\":\"https:\/\/kunmedierne.dk\/thy\/hf-taet-paa-natur-og-friluftsliv-i-thy-er-fortsat-et-traekplaster\/\",\"url\":\"https:\/\/kunmedierne.dk\/thy\/hf-taet-paa-natur-og-friluftsliv-i-thy-er-fortsat-et-traekplaster\/\",\"name\":\"HF t\u00e6t p\u00e5 natur og friluftsliv i Thy er fortsat et tr\u00e6kplaster - Thy\",\"isPartOf\":{\"@id\":\"https:\/\/kunmedierne.dk\/thy\/#website\"},\"datePublished\":\"2026-03-15T07:57:59+00:00\",\"breadcrumb\":{\"@id\":\"https:\/\/kunmedierne.dk\/thy\/hf-taet-paa-natur-og-friluftsliv-i-thy-er-fortsat-et-traekplaster\/#breadcrumb\"},\"inLanguage\":\"da-DK\",\"potentialAction\":[{\"@type\":\"ReadAction\",\"target\":[\"https:\/\/kunmedierne.dk\/thy\/hf-taet-paa-natur-og-friluftsliv-i-thy-er-fortsat-et-traekplaster\/\"]}]},{\"@type\":\"BreadcrumbList\",\"@id\":\"https:\/\/kunmedierne.dk\/thy\/hf-taet-paa-natur-og-friluftsliv-i-thy-er-fortsat-et-traekplaster\/#breadcrumb\",\"itemListElement\":[{\"@type\":\"ListItem\",\"position\":1,\"name\":\"Home\",\"item\":\"https:\/\/kunmedierne.dk\/thy\/\"},{\"@type\":\"ListItem\",\"position\":2,\"name\":\"HF t\u00e6t p\u00e5 natur og friluftsliv i Thy er fortsat et tr\u00e6kplaster\"}]},{\"@type\":\"WebSite\",\"@id\":\"https:\/\/kunmedierne.dk\/thy\/#website\",\"url\":\"https:\/\/kunmedierne.dk\/thy\/\",\"name\":\"Thy\",\"description\":\"et netmedie med journalistik om livet i Thy\",\"publisher\":{\"@id\":\"https:\/\/kunmedierne.dk\/thy\/#organization\"},\"potentialAction\":[{\"@type\":\"SearchAction\",\"target\":{\"@type\":\"EntryPoint\",\"urlTemplate\":\"https:\/\/kunmedierne.dk\/thy\/?s={search_term_string}\"},\"query-input\":{\"@type\":\"PropertyValueSpecification\",\"valueRequired\":true,\"valueName\":\"search_term_string\"}}],\"inLanguage\":\"da-DK\"},{\"@type\":\"Organization\",\"@id\":\"https:\/\/kunmedierne.dk\/thy\/#organization\",\"name\":\"Thy\",\"url\":\"https:\/\/kunmedierne.dk\/thy\/\",\"logo\":{\"@type\":\"ImageObject\",\"inLanguage\":\"da-DK\",\"@id\":\"https:\/\/kunmedierne.dk\/thy\/#\/schema\/logo\/image\/\",\"url\":\"https:\/\/kunmedierne.dk\/thy\/wp-content\/uploads\/sites\/2\/2025\/04\/kunthy-logo.svg\",\"contentUrl\":\"https:\/\/kunmedierne.dk\/thy\/wp-content\/uploads\/sites\/2\/2025\/04\/kunthy-logo.svg\",\"caption\":\"Thy\"},\"image\":{\"@id\":\"https:\/\/kunmedierne.dk\/thy\/#\/schema\/logo\/image\/\"}},{\"@type\":\"Person\",\"@id\":\"https:\/\/kunmedierne.dk\/thy\/#\/schema\/person\/d266634ba6550d075ecf540d63b245d2\",\"name\":\"Lone L\u00e6rke Krog\",\"image\":{\"@type\":\"ImageObject\",\"inLanguage\":\"da-DK\",\"@id\":\"https:\/\/kunmedierne.dk\/thy\/#\/schema\/person\/image\/\",\"url\":\"https:\/\/secure.gravatar.com\/avatar\/496ddc7080e56b4ac64cfd4e56bd6d1ee396fa3db1923aa22f11346f60bb135b?s=96&d=mm&r=g\",\"contentUrl\":\"https:\/\/secure.gravatar.com\/avatar\/496ddc7080e56b4ac64cfd4e56bd6d1ee396fa3db1923aa22f11346f60bb135b?s=96&d=mm&r=g\",\"caption\":\"Lone L\u00e6rke Krog\"},\"url\":\"https:\/\/kunmedierne.dk\/thy\/author\/llk\/\"}]}<\/script>\n<!-- \/ Yoast SEO plugin. -->","yoast_head_json":{"title":"HF t\u00e6t p\u00e5 natur og friluftsliv i Thy er fortsat et tr\u00e6kplaster  - Thy","robots":{"index":"index","follow":"follow","max-snippet":"max-snippet:-1","max-image-preview":"max-image-preview:large","max-video-preview":"max-video-preview:-1"},"canonical":"https:\/\/kunmedierne.dk\/thy\/hf-taet-paa-natur-og-friluftsliv-i-thy-er-fortsat-et-traekplaster\/","og_locale":"da_DK","og_type":"article","og_title":"HF t\u00e6t p\u00e5 natur og friluftsliv i Thy er fortsat et tr\u00e6kplaster  - Thy","og_description":"THISTED: For 11 \u00e5r siden s\u00f8satte Thy-Mors HF &amp; VUC sin f\u00f8rste uddannelse uden for Thisted &#8211; nemlig den to\u00e5rige HF Cold Hawaii, hvor eleverne kan bo p\u00e5 den tidligere Klitm\u00f8ller Kro og f\u00e5 undervisning i surf og skate &#8211; samtidig med undervisning i de mere traditionelle skolefag i Thisted. Senere etablerede Thy-Mors HF &amp; [&hellip;]","og_url":"https:\/\/kunmedierne.dk\/thy\/hf-taet-paa-natur-og-friluftsliv-i-thy-er-fortsat-et-traekplaster\/","og_site_name":"Thy","article_published_time":"2026-03-15T07:57:59+00:00","author":"Lone L\u00e6rke Krog","twitter_card":"summary_large_image","twitter_misc":{"Skrevet af":"Lone L\u00e6rke Krog","Estimeret l\u00e6setid":"2 minutter"},"schema":{"@context":"https:\/\/schema.org","@graph":[{"@type":"Article","@id":"https:\/\/kunmedierne.dk\/thy\/hf-taet-paa-natur-og-friluftsliv-i-thy-er-fortsat-et-traekplaster\/#article","isPartOf":{"@id":"https:\/\/kunmedierne.dk\/thy\/hf-taet-paa-natur-og-friluftsliv-i-thy-er-fortsat-et-traekplaster\/"},"author":{"name":"Lone L\u00e6rke Krog","@id":"https:\/\/kunmedierne.dk\/thy\/#\/schema\/person\/d266634ba6550d075ecf540d63b245d2"},"headline":"HF t\u00e6t p\u00e5 natur og friluftsliv i Thy er fortsat et tr\u00e6kplaster","datePublished":"2026-03-15T07:57:59+00:00","mainEntityOfPage":{"@id":"https:\/\/kunmedierne.dk\/thy\/hf-taet-paa-natur-og-friluftsliv-i-thy-er-fortsat-et-traekplaster\/"},"wordCount":413,"publisher":{"@id":"https:\/\/kunmedierne.dk\/thy\/#organization"},"keywords":["Uddannelse","Ungdomsliv"],"articleSection":["Lokalt"],"inLanguage":"da-DK"},{"@type":"WebPage","@id":"https:\/\/kunmedierne.dk\/thy\/hf-taet-paa-natur-og-friluftsliv-i-thy-er-fortsat-et-traekplaster\/","url":"https:\/\/kunmedierne.dk\/thy\/hf-taet-paa-natur-og-friluftsliv-i-thy-er-fortsat-et-traekplaster\/","name":"HF t\u00e6t p\u00e5 natur og friluftsliv i Thy er fortsat et tr\u00e6kplaster - Thy","isPartOf":{"@id":"https:\/\/kunmedierne.dk\/thy\/#website"},"datePublished":"2026-03-15T07:57:59+00:00","breadcrumb":{"@id":"https:\/\/kunmedierne.dk\/thy\/hf-taet-paa-natur-og-friluftsliv-i-thy-er-fortsat-et-traekplaster\/#breadcrumb"},"inLanguage":"da-DK","potentialAction":[{"@type":"ReadAction","target":["https:\/\/kunmedierne.dk\/thy\/hf-taet-paa-natur-og-friluftsliv-i-thy-er-fortsat-et-traekplaster\/"]}]},{"@type":"BreadcrumbList","@id":"https:\/\/kunmedierne.dk\/thy\/hf-taet-paa-natur-og-friluftsliv-i-thy-er-fortsat-et-traekplaster\/#breadcrumb","itemListElement":[{"@type":"ListItem","position":1,"name":"Home","item":"https:\/\/kunmedierne.dk\/thy\/"},{"@type":"ListItem","position":2,"name":"HF t\u00e6t p\u00e5 natur og friluftsliv i Thy er fortsat et tr\u00e6kplaster"}]},{"@type":"WebSite","@id":"https:\/\/kunmedierne.dk\/thy\/#website","url":"https:\/\/kunmedierne.dk\/thy\/","name":"Thy","description":"et netmedie med journalistik om livet i Thy","publisher":{"@id":"https:\/\/kunmedierne.dk\/thy\/#organization"},"potentialAction":[{"@type":"SearchAction","target":{"@type":"EntryPoint","urlTemplate":"https:\/\/kunmedierne.dk\/thy\/?s={search_term_string}"},"query-input":{"@type":"PropertyValueSpecification","valueRequired":true,"valueName":"search_term_string"}}],"inLanguage":"da-DK"},{"@type":"Organization","@id":"https:\/\/kunmedierne.dk\/thy\/#organization","name":"Thy","url":"https:\/\/kunmedierne.dk\/thy\/","logo":{"@type":"ImageObject","inLanguage":"da-DK","@id":"https:\/\/kunmedierne.dk\/thy\/#\/schema\/logo\/image\/","url":"https:\/\/kunmedierne.dk\/thy\/wp-content\/uploads\/sites\/2\/2025\/04\/kunthy-logo.svg","contentUrl":"https:\/\/kunmedierne.dk\/thy\/wp-content\/uploads\/sites\/2\/2025\/04\/kunthy-logo.svg","caption":"Thy"},"image":{"@id":"https:\/\/kunmedierne.dk\/thy\/#\/schema\/logo\/image\/"}},{"@type":"Person","@id":"https:\/\/kunmedierne.dk\/thy\/#\/schema\/person\/d266634ba6550d075ecf540d63b245d2","name":"Lone L\u00e6rke Krog","image":{"@type":"ImageObject","inLanguage":"da-DK","@id":"https:\/\/kunmedierne.dk\/thy\/#\/schema\/person\/image\/","url":"https:\/\/secure.gravatar.com\/avatar\/496ddc7080e56b4ac64cfd4e56bd6d1ee396fa3db1923aa22f11346f60bb135b?s=96&d=mm&r=g","contentUrl":"https:\/\/secure.gravatar.com\/avatar\/496ddc7080e56b4ac64cfd4e56bd6d1ee396fa3db1923aa22f11346f60bb135b?s=96&d=mm&r=g","caption":"Lone L\u00e6rke Krog"},"url":"https:\/\/kunmedierne.dk\/thy\/author\/llk\/"}]}},"_links":{"self":[{"href":"https:\/\/kunmedierne.dk\/thy\/wp-json\/wp\/v2\/posts\/18895","targetHints":{"allow":["GET"]}}],"collection":[{"href":"https:\/\/kunmedierne.dk\/thy\/wp-json\/wp\/v2\/posts"}],"about":[{"href":"https:\/\/kunmedierne.dk\/thy\/wp-json\/wp\/v2\/types\/post"}],"author":[{"embeddable":true,"href":"https:\/\/kunmedierne.dk\/thy\/wp-json\/wp\/v2\/users\/1925"}],"replies":[{"embeddable":true,"href":"https:\/\/kunmedierne.dk\/thy\/wp-json\/wp\/v2\/comments?post=18895"}],"version-history":[{"count":1,"href":"https:\/\/kunmedierne.dk\/thy\/wp-json\/wp\/v2\/posts\/18895\/revisions"}],"predecessor-version":[{"id":18907,"href":"https:\/\/kunmedierne.dk\/thy\/wp-json\/wp\/v2\/posts\/18895\/revisions\/18907"}],"wp:attachment":[{"href":"https:\/\/kunmedierne.dk\/thy\/wp-json\/wp\/v2\/media?parent=18895"}],"wp:term":[{"taxonomy":"category","embeddable":true,"href":"https:\/\/kunmedierne.dk\/thy\/wp-json\/wp\/v2\/categories?post=18895"},{"taxonomy":"post_tag","embeddable":true,"href":"https:\/\/kunmedierne.dk\/thy\/wp-json\/wp\/v2\/tags?post=18895"}],"curies":[{"name":"wp","href":"https:\/\/api.w.org\/{rel}","templated":true}]}}