{"id":18873,"date":"2026-03-13T15:44:15","date_gmt":"2026-03-13T14:44:15","guid":{"rendered":"https:\/\/kunmedierne.dk\/thy\/?p=18873"},"modified":"2026-03-14T09:24:22","modified_gmt":"2026-03-14T08:24:22","slug":"valgmoede-i-nors-prepping-drikkevand-og-energiforsyning-til-debat","status":"publish","type":"post","link":"https:\/\/kunmedierne.dk\/thy\/valgmoede-i-nors-prepping-drikkevand-og-energiforsyning-til-debat\/","title":{"rendered":"<span>Valgm\u00f8de i Nors: <\/span>Prepping, drikkevand og energiforsyning til debat"},"content":{"rendered":"<p><strong>NORS:<\/strong> Prepping var det n\u00e6ppe i ordets egentlige betydning, men sjette klasse p\u00e5 Nors Skole s\u00f8rgede for, at godt et halvt hundrede deltagere i valgm\u00f8det p\u00e5 Nors Skole torsdag aften fik noget at styrke sig p\u00e5 mellem m\u00f8dets f\u00f8rste og anden debatrunde. Kaffe, sodavand, chokoladekage og dr\u00f8mmekage. Overskuddet fra salget g\u00e5r til klassens tur til Skallerup Klit.<\/p>\n<a class=\"dvrt-link\" onClick=\"cdmtrack_click(18790,jQuery(this));return false\" href=\"https:\/\/thymors.dk\/sponsorater\/15-til-faellesskabet?utm_source=kunthy&amp;utm_medium=annonce&amp;utm_campaign=sponsorater\"><img decoding=\"async\" style=\"width:100%;\" src=\"https:\/\/kunmedierne.dk\/thy\/wp-content\/uploads\/sites\/2\/2026\/03\/260407ThyMors-energi_faellesskab_generel-1.jpg\"><\/a><script>cdmtrack_view(18790);<\/script>\n<p>Ingen beh\u00f8vede derfor at g\u00e5 sukkerkold i str\u00f8mmen af politiske udmeldinger og forklaringer fra de ni folketingskandidater i panelet &#8211; blandt andet p\u00e5, hvorfor myndighedernes anbefaling er, at det er fornuftigt at preppe til 72 timer. Det blev der spurgt ind til, og n\u00e5r en af kandidaterne, Venstres Torsten Schack Pedersen, ogs\u00e5 er landets minister for beredskab og samfundssikkerhed, kom svaret hurtigt.<\/p>\n<div id=\"attachment_18867\" style=\"width: 4355px\" class=\"wp-caption alignnone\"><img loading=\"lazy\" decoding=\"async\" aria-describedby=\"caption-attachment-18867\" class=\"wp-image-18867 size-full\" src=\"https:\/\/kunmedierne.dk\/thy\/wp-content\/uploads\/sites\/2\/2026\/03\/Valgmoede03-kopier.jpg\" alt=\"\" width=\"4345\" height=\"2892\" srcset=\"https:\/\/kunmedierne.dk\/thy\/wp-content\/uploads\/sites\/2\/2026\/03\/Valgmoede03-kopier.jpg 4345w, https:\/\/kunmedierne.dk\/thy\/wp-content\/uploads\/sites\/2\/2026\/03\/Valgmoede03-kopier-300x200.jpg 300w, https:\/\/kunmedierne.dk\/thy\/wp-content\/uploads\/sites\/2\/2026\/03\/Valgmoede03-kopier-1024x682.jpg 1024w, https:\/\/kunmedierne.dk\/thy\/wp-content\/uploads\/sites\/2\/2026\/03\/Valgmoede03-kopier-510x339.jpg 510w\" sizes=\"auto, (max-width: 4345px) 100vw, 4345px\" \/><p id=\"caption-attachment-18867\" class=\"wp-caption-text\">Debatten er \u00e5bnet til valgm\u00f8det p\u00e5 Nors Skole, et af denne valgkamps f\u00e5 af slagsen afviklet p\u00e5 helt traditionel vis. Foto: Jens Fogh-Andersen<\/p><\/div>\n<p>&nbsp;<\/p>\n<p>&#8211; 72 timer er myndighedernes anbefaling. B\u00e5de i Danmark og i EU, for efter 72 timer er det v\u00e6rste overst\u00e5et og s\u00e5 kan myndighederne h\u00e5ndtere situationen derfra, sagde Torsten Schack Pedersen med henvisning til, at borgernes hjemmeberedskab skal r\u00e6kke til tre d\u00f8gn indtil der er overblik over situationen efter en krise. Men i 72 timer skal de fleste kunne klare sig selv, hvis forsyningen med vand og str\u00f8m stopper s\u00e5 myndighederne i den periode kan hj\u00e6lpe dem, der ikke kan hj\u00e6lpe sig selv.<\/p>\n<p>Simon Kollerup, S, understregede ogs\u00e5, at h\u00e5ndtering af situationen i tilf\u00e6lde af en krise eller krig kr\u00e6ver, at &#8220;vi kan bruge hinanden og vores f\u00e6llesskaber&#8221;.<\/p>\n<p>&#8211; Kriseh\u00e5ndtering er ikke individuelt. Det er noget vi g\u00f8r i f\u00e6llesskab, sagde han.<\/p>\n<a class=\"dvrt-link\" onClick=\"cdmtrack_click(4416,jQuery(this));return false\" href=\"https:\/\/sdrhaa.dk\/\"><img decoding=\"async\" style=\"width:100%;\" src=\"https:\/\/kunmedierne.dk\/thy\/wp-content\/uploads\/sites\/2\/2025\/05\/260302Din-gebyrvenlige-sparekasse_SHS_Thy-1.gif\"><\/a><script>cdmtrack_view(4416);<\/script>\n<p>Valgm\u00f8det, der var arrangeret af For\u00e6ldrevalgte i Skolebestyrelsen p\u00e5 Nors Skole, Nors\/Tved Borgerforening samt Lokalr\u00e5det for Nors, Tved og \u00d8ster Vandet, var ogs\u00e5 en anledning til at h\u00f8re kandidaternes syn p\u00e5 andre emner, der relaterer sig til begrebet &#8220;forsyningssikkerhed&#8221;, herunder adgangen til rent drikkevand og energi.<\/p>\n<p>Et sp\u00f8rgsm\u00e5l om, hvem der skal kompensere landbruget for de restriktioner, erhvervet p\u00e5l\u00e6gges for at beskytte omr\u00e5der med drikkevand gav debat.<\/p>\n<p>Steen Asgeir Petersen, Radikale Venstre, sagde klart &#8220;nul kompensation&#8221; til landbruget, mens Berit Raldin, Enhedslisten, mente, at forureneren skal betale. Ogs\u00e5 selv om landbruget har overholdt reglerne.<\/p>\n<p>&#8211; Men landbrugsst\u00f8tten skal \u00e6ndres, s\u00e5 dem der l\u00e6gger om og beskytter drikkevandet, f\u00e5r st\u00f8tten, sagde Berit Raldin<\/p>\n<p>Danny Rosenkilde, DF, ville ikke &#8220;straffe landbruget for det, der var gjort indenfor lovgivningen&#8221;, men Peter Larsen, Liberal Alliance var klar til at kompensere landbruget. B\u00e5de for t tage jord ud og hvis alle regler er overholdt.<\/p>\n<p>&#8211; Det er fair, sagde Peter Larsen, som kritiserede manglen p\u00e5 handling i forhold til at beskytte drikkevandet indtil sagen var blevet en del af valgkampen.<\/p>\n<a class=\"dvrt-link\" onClick=\"cdmtrack_click(685,jQuery(this));return false\" href=\"https:\/\/wensien.dk\/begravelse\/?gad_source=1&gclid=Cj0KCQjwtJ6_BhDWARIsAGanmKcWw6hbeoepGti1oApJGHln52gMbg8EBRZ86__3P1AJZ5dcsw4ZvNEaAk7JEALw_wcB\"><img decoding=\"async\" style=\"width:100%;\" src=\"https:\/\/kunmedierne.dk\/thy\/wp-content\/uploads\/sites\/2\/2025\/03\/wensien-stenhugger.jpg\"><\/a><script>cdmtrack_view(685);<\/script>\n<p>Morten Bo Bertelsen, SF, tale om oprydning i fortidens gerninger og spurgte, om der fremadrettet skulle kompenseres for ikke at forurene, mens Simon Kollerup, S, talte om spr\u00f8jteforbud p\u00e5 omr\u00e5der med drikkevandsreserver og om muligheden for at finde kompensation.<\/p>\n<p>&#8211; N\u00e5r alt endnu ikke er l\u00f8st, er det fordi der skal udarbejdes et centralt kortmateriale, s\u00e5 der kan tr\u00e6ffes beslutninger p\u00e5 et oplyst grundlag, l\u00f8d det fra Torsten Schack Pedersen.<\/p>\n<div id=\"attachment_18870\" style=\"width: 3897px\" class=\"wp-caption alignnone\"><img loading=\"lazy\" decoding=\"async\" aria-describedby=\"caption-attachment-18870\" class=\"wp-image-18870 size-full\" src=\"https:\/\/kunmedierne.dk\/thy\/wp-content\/uploads\/sites\/2\/2026\/03\/Valgmoede06-kopier.jpg\" alt=\"\" width=\"3887\" height=\"2587\" srcset=\"https:\/\/kunmedierne.dk\/thy\/wp-content\/uploads\/sites\/2\/2026\/03\/Valgmoede06-kopier.jpg 3887w, https:\/\/kunmedierne.dk\/thy\/wp-content\/uploads\/sites\/2\/2026\/03\/Valgmoede06-kopier-300x200.jpg 300w, https:\/\/kunmedierne.dk\/thy\/wp-content\/uploads\/sites\/2\/2026\/03\/Valgmoede06-kopier-1024x682.jpg 1024w, https:\/\/kunmedierne.dk\/thy\/wp-content\/uploads\/sites\/2\/2026\/03\/Valgmoede06-kopier-510x339.jpg 510w\" sizes=\"auto, (max-width: 3887px) 100vw, 3887px\" \/><p id=\"caption-attachment-18870\" class=\"wp-caption-text\">At d\u00f8mme ud fra kandidaternes ansigtsudtryk havde ingen det mindste imod at blive konfronteret med sp\u00f8rgsm\u00e5l fra omkrong et halvt hundrede fremm\u00f8dte v\u00e6lgere. Foto: Jens Fogh-Andersen.<\/p><\/div>\n<p>&nbsp;<\/p>\n<p><span style=\"font-size: 16px\">Kandidaterne i panelet blev ogs\u00e5 bedt om at forholde sig konkret til sp\u00f8rgsm\u00e5let om at indf\u00f8re A-kraft i energiforsyningen &#8211; eller kernekraft, som Danny Rosenkilde, DF, foretrak at kalde det.<\/span><\/p>\n<p>&#8211; Vi ser ind i en ny generation af kernekraft mindre risiko. Vi skal den vej som supplement til sol og vind, sagde han.<\/p>\n<p>Ogs\u00e5 Peter Larsen understregede, at Liberal Alliance ser A-kraft som en sikker fremtidig energikilde i mods\u00e6tning til sol- og vindenergi, mens b\u00e5de Berit Raldin, EL, og Steen Asgeir Petersen, RV, klart sagde fra overfor A\u2013kraft som en fremtidig energikilde. SF&#8217;s Morten Bo Bertelsen bem\u00e6rkede, at &#8220;A-kraft ikke er aktuelt her og nu&#8221;.<\/p>\n<p>Ib Poulsen, Borgernes Parti, talte for A-kraft som en kilde til stabil energiforsyning, Venstres Torsten Schack Pedersen understregede, at der var brug for at supplere forsyningen med vedvarende energi med noget, der &#8220;fungerer i vindstille og m\u00f8rke&#8221;.<\/p>\n","protected":false},"excerpt":{"rendered":"<p>NORS: Prepping var det n\u00e6ppe i ordets egentlige betydning, men sjette klasse p\u00e5 Nors Skole s\u00f8rgede for, at godt et halvt hundrede deltagere i valgm\u00f8det p\u00e5 Nors Skole torsdag aften fik noget at styrke sig p\u00e5 mellem m\u00f8dets f\u00f8rste og anden debatrunde. Kaffe, sodavand, chokoladekage og dr\u00f8mmekage. Overskuddet fra salget g\u00e5r til klassens tur til [&hellip;]<\/p>\n","protected":false},"author":4535,"featured_media":0,"comment_status":"closed","ping_status":"closed","sticky":false,"template":"","format":"standard","meta":{"_acf_changed":false,"footnotes":""},"categories":[24],"tags":[36],"class_list":["post-18873","post","type-post","status-publish","format-standard","hentry","category-lokalt","tag-politik"],"acf":[],"yoast_head":"<!-- This site is optimized with the Yoast SEO plugin v26.8 - https:\/\/yoast.com\/product\/yoast-seo-wordpress\/ -->\n<title>Valgm\u00f8de i Nors: Prepping, drikkevand og energiforsyning til debat - Thy<\/title>\n<meta name=\"robots\" content=\"index, follow, max-snippet:-1, max-image-preview:large, max-video-preview:-1\" \/>\n<link rel=\"canonical\" href=\"https:\/\/kunmedierne.dk\/thy\/valgmoede-i-nors-prepping-drikkevand-og-energiforsyning-til-debat\/\" \/>\n<meta property=\"og:locale\" content=\"da_DK\" \/>\n<meta property=\"og:type\" content=\"article\" \/>\n<meta property=\"og:title\" content=\"Valgm\u00f8de i Nors: Prepping, drikkevand og energiforsyning til debat - Thy\" \/>\n<meta property=\"og:description\" content=\"NORS: Prepping var det n\u00e6ppe i ordets egentlige betydning, men sjette klasse p\u00e5 Nors Skole s\u00f8rgede for, at godt et halvt hundrede deltagere i valgm\u00f8det p\u00e5 Nors Skole torsdag aften fik noget at styrke sig p\u00e5 mellem m\u00f8dets f\u00f8rste og anden debatrunde. Kaffe, sodavand, chokoladekage og dr\u00f8mmekage. Overskuddet fra salget g\u00e5r til klassens tur til [&hellip;]\" \/>\n<meta property=\"og:url\" content=\"https:\/\/kunmedierne.dk\/thy\/valgmoede-i-nors-prepping-drikkevand-og-energiforsyning-til-debat\/\" \/>\n<meta property=\"og:site_name\" content=\"Thy\" \/>\n<meta property=\"article:published_time\" content=\"2026-03-13T14:44:15+00:00\" \/>\n<meta property=\"article:modified_time\" content=\"2026-03-14T08:24:22+00:00\" \/>\n<meta property=\"og:image\" content=\"https:\/\/kunmedierne.dk\/thy\/wp-content\/uploads\/sites\/2\/2026\/03\/Valgmoede03-kopier.jpg\" \/>\n<meta name=\"author\" content=\"Jens Fogh Andersen\" \/>\n<meta name=\"twitter:card\" content=\"summary_large_image\" \/>\n<meta name=\"twitter:label1\" content=\"Skrevet af\" \/>\n\t<meta name=\"twitter:data1\" content=\"Jens Fogh Andersen\" \/>\n\t<meta name=\"twitter:label2\" content=\"Estimeret l\u00e6setid\" \/>\n\t<meta name=\"twitter:data2\" content=\"5 minutter\" \/>\n<script type=\"application\/ld+json\" class=\"yoast-schema-graph\">{\"@context\":\"https:\/\/schema.org\",\"@graph\":[{\"@type\":\"Article\",\"@id\":\"https:\/\/kunmedierne.dk\/thy\/valgmoede-i-nors-prepping-drikkevand-og-energiforsyning-til-debat\/#article\",\"isPartOf\":{\"@id\":\"https:\/\/kunmedierne.dk\/thy\/valgmoede-i-nors-prepping-drikkevand-og-energiforsyning-til-debat\/\"},\"author\":{\"name\":\"Jens Fogh Andersen\",\"@id\":\"https:\/\/kunmedierne.dk\/thy\/#\/schema\/person\/88f5be46809ca2a5533760eb574fef93\"},\"headline\":\"Valgm\u00f8de i Nors: Prepping, drikkevand og energiforsyning til debat\",\"datePublished\":\"2026-03-13T14:44:15+00:00\",\"dateModified\":\"2026-03-14T08:24:22+00:00\",\"mainEntityOfPage\":{\"@id\":\"https:\/\/kunmedierne.dk\/thy\/valgmoede-i-nors-prepping-drikkevand-og-energiforsyning-til-debat\/\"},\"wordCount\":768,\"publisher\":{\"@id\":\"https:\/\/kunmedierne.dk\/thy\/#organization\"},\"image\":{\"@id\":\"https:\/\/kunmedierne.dk\/thy\/valgmoede-i-nors-prepping-drikkevand-og-energiforsyning-til-debat\/#primaryimage\"},\"thumbnailUrl\":\"https:\/\/kunmedierne.dk\/thy\/wp-content\/uploads\/sites\/2\/2026\/03\/Valgmoede03-kopier.jpg\",\"keywords\":[\"Politik\"],\"articleSection\":[\"Lokalt\"],\"inLanguage\":\"da-DK\"},{\"@type\":\"WebPage\",\"@id\":\"https:\/\/kunmedierne.dk\/thy\/valgmoede-i-nors-prepping-drikkevand-og-energiforsyning-til-debat\/\",\"url\":\"https:\/\/kunmedierne.dk\/thy\/valgmoede-i-nors-prepping-drikkevand-og-energiforsyning-til-debat\/\",\"name\":\"Valgm\u00f8de i Nors: Prepping, drikkevand og energiforsyning til debat - Thy\",\"isPartOf\":{\"@id\":\"https:\/\/kunmedierne.dk\/thy\/#website\"},\"primaryImageOfPage\":{\"@id\":\"https:\/\/kunmedierne.dk\/thy\/valgmoede-i-nors-prepping-drikkevand-og-energiforsyning-til-debat\/#primaryimage\"},\"image\":{\"@id\":\"https:\/\/kunmedierne.dk\/thy\/valgmoede-i-nors-prepping-drikkevand-og-energiforsyning-til-debat\/#primaryimage\"},\"thumbnailUrl\":\"https:\/\/kunmedierne.dk\/thy\/wp-content\/uploads\/sites\/2\/2026\/03\/Valgmoede03-kopier.jpg\",\"datePublished\":\"2026-03-13T14:44:15+00:00\",\"dateModified\":\"2026-03-14T08:24:22+00:00\",\"breadcrumb\":{\"@id\":\"https:\/\/kunmedierne.dk\/thy\/valgmoede-i-nors-prepping-drikkevand-og-energiforsyning-til-debat\/#breadcrumb\"},\"inLanguage\":\"da-DK\",\"potentialAction\":[{\"@type\":\"ReadAction\",\"target\":[\"https:\/\/kunmedierne.dk\/thy\/valgmoede-i-nors-prepping-drikkevand-og-energiforsyning-til-debat\/\"]}]},{\"@type\":\"ImageObject\",\"inLanguage\":\"da-DK\",\"@id\":\"https:\/\/kunmedierne.dk\/thy\/valgmoede-i-nors-prepping-drikkevand-og-energiforsyning-til-debat\/#primaryimage\",\"url\":\"https:\/\/kunmedierne.dk\/thy\/wp-content\/uploads\/sites\/2\/2026\/03\/Valgmoede03-kopier.jpg\",\"contentUrl\":\"https:\/\/kunmedierne.dk\/thy\/wp-content\/uploads\/sites\/2\/2026\/03\/Valgmoede03-kopier.jpg\",\"width\":4345,\"height\":2892,\"caption\":\"Valgm\u00f8de, Nors Skole Foto: Jens Fogh-Andersen 120326\"},{\"@type\":\"BreadcrumbList\",\"@id\":\"https:\/\/kunmedierne.dk\/thy\/valgmoede-i-nors-prepping-drikkevand-og-energiforsyning-til-debat\/#breadcrumb\",\"itemListElement\":[{\"@type\":\"ListItem\",\"position\":1,\"name\":\"Home\",\"item\":\"https:\/\/kunmedierne.dk\/thy\/\"},{\"@type\":\"ListItem\",\"position\":2,\"name\":\"Valgm\u00f8de i Nors: Prepping, drikkevand og energiforsyning til debat\"}]},{\"@type\":\"WebSite\",\"@id\":\"https:\/\/kunmedierne.dk\/thy\/#website\",\"url\":\"https:\/\/kunmedierne.dk\/thy\/\",\"name\":\"Thy\",\"description\":\"et netmedie med journalistik om livet i Thy\",\"publisher\":{\"@id\":\"https:\/\/kunmedierne.dk\/thy\/#organization\"},\"potentialAction\":[{\"@type\":\"SearchAction\",\"target\":{\"@type\":\"EntryPoint\",\"urlTemplate\":\"https:\/\/kunmedierne.dk\/thy\/?s={search_term_string}\"},\"query-input\":{\"@type\":\"PropertyValueSpecification\",\"valueRequired\":true,\"valueName\":\"search_term_string\"}}],\"inLanguage\":\"da-DK\"},{\"@type\":\"Organization\",\"@id\":\"https:\/\/kunmedierne.dk\/thy\/#organization\",\"name\":\"Thy\",\"url\":\"https:\/\/kunmedierne.dk\/thy\/\",\"logo\":{\"@type\":\"ImageObject\",\"inLanguage\":\"da-DK\",\"@id\":\"https:\/\/kunmedierne.dk\/thy\/#\/schema\/logo\/image\/\",\"url\":\"https:\/\/kunmedierne.dk\/thy\/wp-content\/uploads\/sites\/2\/2025\/04\/kunthy-logo.svg\",\"contentUrl\":\"https:\/\/kunmedierne.dk\/thy\/wp-content\/uploads\/sites\/2\/2025\/04\/kunthy-logo.svg\",\"caption\":\"Thy\"},\"image\":{\"@id\":\"https:\/\/kunmedierne.dk\/thy\/#\/schema\/logo\/image\/\"}},{\"@type\":\"Person\",\"@id\":\"https:\/\/kunmedierne.dk\/thy\/#\/schema\/person\/88f5be46809ca2a5533760eb574fef93\",\"name\":\"Jens Fogh Andersen\",\"image\":{\"@type\":\"ImageObject\",\"inLanguage\":\"da-DK\",\"@id\":\"https:\/\/kunmedierne.dk\/thy\/#\/schema\/person\/image\/\",\"url\":\"https:\/\/secure.gravatar.com\/avatar\/2b367a4ef139b1c41dccc9ee7af926b81f8b4cca3359772e86c7fd5ced26c0a3?s=96&d=mm&r=g\",\"contentUrl\":\"https:\/\/secure.gravatar.com\/avatar\/2b367a4ef139b1c41dccc9ee7af926b81f8b4cca3359772e86c7fd5ced26c0a3?s=96&d=mm&r=g\",\"caption\":\"Jens Fogh Andersen\"},\"url\":\"https:\/\/kunmedierne.dk\/thy\/author\/jfa\/\"}]}<\/script>\n<!-- \/ Yoast SEO plugin. -->","yoast_head_json":{"title":"Valgm\u00f8de i Nors: Prepping, drikkevand og energiforsyning til debat - Thy","robots":{"index":"index","follow":"follow","max-snippet":"max-snippet:-1","max-image-preview":"max-image-preview:large","max-video-preview":"max-video-preview:-1"},"canonical":"https:\/\/kunmedierne.dk\/thy\/valgmoede-i-nors-prepping-drikkevand-og-energiforsyning-til-debat\/","og_locale":"da_DK","og_type":"article","og_title":"Valgm\u00f8de i Nors: Prepping, drikkevand og energiforsyning til debat - Thy","og_description":"NORS: Prepping var det n\u00e6ppe i ordets egentlige betydning, men sjette klasse p\u00e5 Nors Skole s\u00f8rgede for, at godt et halvt hundrede deltagere i valgm\u00f8det p\u00e5 Nors Skole torsdag aften fik noget at styrke sig p\u00e5 mellem m\u00f8dets f\u00f8rste og anden debatrunde. Kaffe, sodavand, chokoladekage og dr\u00f8mmekage. Overskuddet fra salget g\u00e5r til klassens tur til [&hellip;]","og_url":"https:\/\/kunmedierne.dk\/thy\/valgmoede-i-nors-prepping-drikkevand-og-energiforsyning-til-debat\/","og_site_name":"Thy","article_published_time":"2026-03-13T14:44:15+00:00","article_modified_time":"2026-03-14T08:24:22+00:00","og_image":[{"url":"https:\/\/kunmedierne.dk\/thy\/wp-content\/uploads\/sites\/2\/2026\/03\/Valgmoede03-kopier.jpg","type":"","width":"","height":""}],"author":"Jens Fogh Andersen","twitter_card":"summary_large_image","twitter_misc":{"Skrevet af":"Jens Fogh Andersen","Estimeret l\u00e6setid":"5 minutter"},"schema":{"@context":"https:\/\/schema.org","@graph":[{"@type":"Article","@id":"https:\/\/kunmedierne.dk\/thy\/valgmoede-i-nors-prepping-drikkevand-og-energiforsyning-til-debat\/#article","isPartOf":{"@id":"https:\/\/kunmedierne.dk\/thy\/valgmoede-i-nors-prepping-drikkevand-og-energiforsyning-til-debat\/"},"author":{"name":"Jens Fogh Andersen","@id":"https:\/\/kunmedierne.dk\/thy\/#\/schema\/person\/88f5be46809ca2a5533760eb574fef93"},"headline":"Valgm\u00f8de i Nors: Prepping, drikkevand og energiforsyning til debat","datePublished":"2026-03-13T14:44:15+00:00","dateModified":"2026-03-14T08:24:22+00:00","mainEntityOfPage":{"@id":"https:\/\/kunmedierne.dk\/thy\/valgmoede-i-nors-prepping-drikkevand-og-energiforsyning-til-debat\/"},"wordCount":768,"publisher":{"@id":"https:\/\/kunmedierne.dk\/thy\/#organization"},"image":{"@id":"https:\/\/kunmedierne.dk\/thy\/valgmoede-i-nors-prepping-drikkevand-og-energiforsyning-til-debat\/#primaryimage"},"thumbnailUrl":"https:\/\/kunmedierne.dk\/thy\/wp-content\/uploads\/sites\/2\/2026\/03\/Valgmoede03-kopier.jpg","keywords":["Politik"],"articleSection":["Lokalt"],"inLanguage":"da-DK"},{"@type":"WebPage","@id":"https:\/\/kunmedierne.dk\/thy\/valgmoede-i-nors-prepping-drikkevand-og-energiforsyning-til-debat\/","url":"https:\/\/kunmedierne.dk\/thy\/valgmoede-i-nors-prepping-drikkevand-og-energiforsyning-til-debat\/","name":"Valgm\u00f8de i Nors: Prepping, drikkevand og energiforsyning til debat - Thy","isPartOf":{"@id":"https:\/\/kunmedierne.dk\/thy\/#website"},"primaryImageOfPage":{"@id":"https:\/\/kunmedierne.dk\/thy\/valgmoede-i-nors-prepping-drikkevand-og-energiforsyning-til-debat\/#primaryimage"},"image":{"@id":"https:\/\/kunmedierne.dk\/thy\/valgmoede-i-nors-prepping-drikkevand-og-energiforsyning-til-debat\/#primaryimage"},"thumbnailUrl":"https:\/\/kunmedierne.dk\/thy\/wp-content\/uploads\/sites\/2\/2026\/03\/Valgmoede03-kopier.jpg","datePublished":"2026-03-13T14:44:15+00:00","dateModified":"2026-03-14T08:24:22+00:00","breadcrumb":{"@id":"https:\/\/kunmedierne.dk\/thy\/valgmoede-i-nors-prepping-drikkevand-og-energiforsyning-til-debat\/#breadcrumb"},"inLanguage":"da-DK","potentialAction":[{"@type":"ReadAction","target":["https:\/\/kunmedierne.dk\/thy\/valgmoede-i-nors-prepping-drikkevand-og-energiforsyning-til-debat\/"]}]},{"@type":"ImageObject","inLanguage":"da-DK","@id":"https:\/\/kunmedierne.dk\/thy\/valgmoede-i-nors-prepping-drikkevand-og-energiforsyning-til-debat\/#primaryimage","url":"https:\/\/kunmedierne.dk\/thy\/wp-content\/uploads\/sites\/2\/2026\/03\/Valgmoede03-kopier.jpg","contentUrl":"https:\/\/kunmedierne.dk\/thy\/wp-content\/uploads\/sites\/2\/2026\/03\/Valgmoede03-kopier.jpg","width":4345,"height":2892,"caption":"Valgm\u00f8de, Nors Skole Foto: Jens Fogh-Andersen 120326"},{"@type":"BreadcrumbList","@id":"https:\/\/kunmedierne.dk\/thy\/valgmoede-i-nors-prepping-drikkevand-og-energiforsyning-til-debat\/#breadcrumb","itemListElement":[{"@type":"ListItem","position":1,"name":"Home","item":"https:\/\/kunmedierne.dk\/thy\/"},{"@type":"ListItem","position":2,"name":"Valgm\u00f8de i Nors: Prepping, drikkevand og energiforsyning til debat"}]},{"@type":"WebSite","@id":"https:\/\/kunmedierne.dk\/thy\/#website","url":"https:\/\/kunmedierne.dk\/thy\/","name":"Thy","description":"et netmedie med journalistik om livet i Thy","publisher":{"@id":"https:\/\/kunmedierne.dk\/thy\/#organization"},"potentialAction":[{"@type":"SearchAction","target":{"@type":"EntryPoint","urlTemplate":"https:\/\/kunmedierne.dk\/thy\/?s={search_term_string}"},"query-input":{"@type":"PropertyValueSpecification","valueRequired":true,"valueName":"search_term_string"}}],"inLanguage":"da-DK"},{"@type":"Organization","@id":"https:\/\/kunmedierne.dk\/thy\/#organization","name":"Thy","url":"https:\/\/kunmedierne.dk\/thy\/","logo":{"@type":"ImageObject","inLanguage":"da-DK","@id":"https:\/\/kunmedierne.dk\/thy\/#\/schema\/logo\/image\/","url":"https:\/\/kunmedierne.dk\/thy\/wp-content\/uploads\/sites\/2\/2025\/04\/kunthy-logo.svg","contentUrl":"https:\/\/kunmedierne.dk\/thy\/wp-content\/uploads\/sites\/2\/2025\/04\/kunthy-logo.svg","caption":"Thy"},"image":{"@id":"https:\/\/kunmedierne.dk\/thy\/#\/schema\/logo\/image\/"}},{"@type":"Person","@id":"https:\/\/kunmedierne.dk\/thy\/#\/schema\/person\/88f5be46809ca2a5533760eb574fef93","name":"Jens Fogh Andersen","image":{"@type":"ImageObject","inLanguage":"da-DK","@id":"https:\/\/kunmedierne.dk\/thy\/#\/schema\/person\/image\/","url":"https:\/\/secure.gravatar.com\/avatar\/2b367a4ef139b1c41dccc9ee7af926b81f8b4cca3359772e86c7fd5ced26c0a3?s=96&d=mm&r=g","contentUrl":"https:\/\/secure.gravatar.com\/avatar\/2b367a4ef139b1c41dccc9ee7af926b81f8b4cca3359772e86c7fd5ced26c0a3?s=96&d=mm&r=g","caption":"Jens Fogh Andersen"},"url":"https:\/\/kunmedierne.dk\/thy\/author\/jfa\/"}]}},"_links":{"self":[{"href":"https:\/\/kunmedierne.dk\/thy\/wp-json\/wp\/v2\/posts\/18873","targetHints":{"allow":["GET"]}}],"collection":[{"href":"https:\/\/kunmedierne.dk\/thy\/wp-json\/wp\/v2\/posts"}],"about":[{"href":"https:\/\/kunmedierne.dk\/thy\/wp-json\/wp\/v2\/types\/post"}],"author":[{"embeddable":true,"href":"https:\/\/kunmedierne.dk\/thy\/wp-json\/wp\/v2\/users\/4535"}],"replies":[{"embeddable":true,"href":"https:\/\/kunmedierne.dk\/thy\/wp-json\/wp\/v2\/comments?post=18873"}],"version-history":[{"count":8,"href":"https:\/\/kunmedierne.dk\/thy\/wp-json\/wp\/v2\/posts\/18873\/revisions"}],"predecessor-version":[{"id":18937,"href":"https:\/\/kunmedierne.dk\/thy\/wp-json\/wp\/v2\/posts\/18873\/revisions\/18937"}],"wp:attachment":[{"href":"https:\/\/kunmedierne.dk\/thy\/wp-json\/wp\/v2\/media?parent=18873"}],"wp:term":[{"taxonomy":"category","embeddable":true,"href":"https:\/\/kunmedierne.dk\/thy\/wp-json\/wp\/v2\/categories?post=18873"},{"taxonomy":"post_tag","embeddable":true,"href":"https:\/\/kunmedierne.dk\/thy\/wp-json\/wp\/v2\/tags?post=18873"}],"curies":[{"name":"wp","href":"https:\/\/api.w.org\/{rel}","templated":true}]}}