{"id":18848,"date":"2026-03-13T09:37:18","date_gmt":"2026-03-13T08:37:18","guid":{"rendered":"https:\/\/kunmedierne.dk\/thy\/?p=18848"},"modified":"2026-03-13T09:37:18","modified_gmt":"2026-03-13T08:37:18","slug":"smk-thy-kaaret-af-time-som-en-af-verdens-bedste-destinationer","status":"publish","type":"post","link":"https:\/\/kunmedierne.dk\/thy\/smk-thy-kaaret-af-time-som-en-af-verdens-bedste-destinationer\/","title":{"rendered":"SMK Thy k\u00e5ret af TIME som en af verdens bedste destinationer"},"content":{"rendered":"<p><strong>THY:<\/strong> Hvert \u00e5r udpeger TIME 100 ekstraordin\u00e6re destinationer verden over p\u00e5 tv\u00e6rs af hoteller, restauranter og attraktioner. Stederne bliver udvalgt med s\u00e6rligt \u00f8je for det nye og det us\u00e6dvanlige, og i \u00e5r er SMK Thy p\u00e5 listen.<\/p>\n<p>Det skriver Statens Museum for Kunst i en pressemeddelelse.<\/p>\n<a class=\"dvrt-link\" onClick=\"cdmtrack_click(18790,jQuery(this));return false\" href=\"https:\/\/thymors.dk\/sponsorater\/15-til-faellesskabet?utm_source=kunthy&amp;utm_medium=annonce&amp;utm_campaign=sponsorater\"><img decoding=\"async\" style=\"width:100%;\" src=\"https:\/\/kunmedierne.dk\/thy\/wp-content\/uploads\/sites\/2\/2026\/03\/260407ThyMors-energi_faellesskab_generel-1.jpg\"><\/a><script>cdmtrack_view(18790);<\/script>\n<p>Om SMK Thy skriver TIME:<\/p>\n<p>&#8220;Den fjerntliggende region i Thy, i det nordvestlige Jylland, afsl\u00f8rer Danmarks vilde side en barsk forbl\u00e6st kyst med b\u00f8lgende klitter og t\u00e6tte, sammenfiltrede skove. Men dette oversete omr\u00e5de er kommet i nyt rampelys med \u00e5bningen af SMK Thy i august.<\/p>\n<p>Med udsigt over Limfjordens gr\u00f8nne bredder er det den f\u00f8rste permanente satellitafdeling af Statens Museum for Kunst, der er \u00e5bnet uden for K\u00f8benhavn, som led i en ny strategi for at udvide adgangen til Danmarks st\u00f8rste kunstsamling. Museet omdanner en tidligere k\u00f8bmandsg\u00e5rd og en kornsilo til lysfyldte udstillingssale opf\u00f8rt med genbrugsmaterialer samt pavilloner, der integreres i det omkringliggende landskab&#8221;.<\/p>\n<p>Den internationale anerkendelse v\u00e6kker naturligvis stor begejstring hos direkt\u00f8r for SMK, Astrid la Cour.<\/p>\n<a class=\"dvrt-link\" onClick=\"cdmtrack_click(687,jQuery(this));return false\" href=\"https:\/\/konpap.dk\/?gad_source=1&gclid=Cj0KCQjwtJ6_BhDWARIsAGanmKfOBLC3RBm6obWL5sEb-mp4bsp5QjqWW4j4nx22y0YT2iMiXJcv3MoaApR_EALw_wcB\"><img decoding=\"async\" style=\"width:100%;\" src=\"https:\/\/kunmedierne.dk\/thy\/wp-content\/uploads\/sites\/2\/2025\/03\/redoffice.jpg\"><\/a><script>cdmtrack_view(687);<\/script>\n<p>&#8220;At TIME har udpeget SMK Thy som en af verdens bedste destinationer, er en anerkendelse, vi er dybt stolte af &#8211; og som vi deler med alle dem, der har v\u00e6ret med til at realisere dr\u00f8mmen. I et enest\u00e5ende samarbejde har vi skabt et sted, hvor kunst, arkitektur og landskab m\u00f8des p\u00e5 en m\u00e5de, der kun er mulig netop her. SMK Thy \u00e5bner en helt ny indgang til kunsten &#8211; og underbygger vores grundl\u00e6ggende ambition om at bringe kunsten i spil i flere menneskers liv, overalt i landet&#8221;.<\/p>\n<p>SMK Thy \u00e5bner for den f\u00f8rste fulde s\u00e6son 28. marts 2026. Her pr\u00e6senterer museet to nye udstillinger med naturen i fokus og viser b\u00e5de betydningsfulde v\u00e6rker fra den nationale kunstsamling og samtidskunst skabt specifikt til SMK Thy.<\/p>\n<a class=\"dvrt-link\" onClick=\"cdmtrack_click(685,jQuery(this));return false\" href=\"https:\/\/wensien.dk\/begravelse\/?gad_source=1&gclid=Cj0KCQjwtJ6_BhDWARIsAGanmKcWw6hbeoepGti1oApJGHln52gMbg8EBRZ86__3P1AJZ5dcsw4ZvNEaAk7JEALw_wcB\"><img decoding=\"async\" style=\"width:100%;\" src=\"https:\/\/kunmedierne.dk\/thy\/wp-content\/uploads\/sites\/2\/2025\/03\/wensien-stenhugger.jpg\"><\/a><script>cdmtrack_view(685);<\/script>\n<blockquote><p>Om SMK Thy<\/p>\n<p>SMK Thy er en ny permanent del af Statens Museum for Kunst &#8211; Danmarks nationalgalleri.<\/p>\n<p>Museet ligger i den lille landsby Doverodde i Sydthy lige ved Limfjorden.<\/p>\n<p>Ombygningen af SMK Thy er gennemf\u00f8rt i et t\u00e6t samarbejde med Thisted Kommune og er muliggjort med en gener\u00f8s bevilling fra A.P. M\u00f8ller og Hustru Chastine Mc-Kinney M\u00f8llers Fond til almene Formaal.<\/p>\n<p>Det genopf\u00f8rte akhus er tegnet af den dansk-norske Reiulf Ramstad Arkitekter.<\/p>\n<p>&nbsp;<\/p><\/blockquote>\n<p><a href=\"https:\/\/time.com\/collection\/worlds-greatest-places\/2026\/\">Se TIME&#8217;s liste over verdens bedste attraktioner.<\/a><\/p>\n<p>&nbsp;<\/p>\n<p>&nbsp;<\/p>\n","protected":false},"excerpt":{"rendered":"<p>THY: Hvert \u00e5r udpeger TIME 100 ekstraordin\u00e6re destinationer verden over p\u00e5 tv\u00e6rs af hoteller, restauranter og attraktioner. Stederne bliver udvalgt med s\u00e6rligt \u00f8je for det nye og det us\u00e6dvanlige, og i \u00e5r er SMK Thy p\u00e5 listen. Det skriver Statens Museum for Kunst i en pressemeddelelse. Om SMK Thy skriver TIME: &#8220;Den fjerntliggende region i [&hellip;]<\/p>\n","protected":false},"author":1925,"featured_media":0,"comment_status":"closed","ping_status":"closed","sticky":false,"template":"","format":"standard","meta":{"_acf_changed":false,"footnotes":""},"categories":[24],"tags":[85,66],"class_list":["post-18848","post","type-post","status-publish","format-standard","hentry","category-lokalt","tag-kultur","tag-turisme"],"acf":[],"yoast_head":"<!-- This site is optimized with the Yoast SEO plugin v26.8 - https:\/\/yoast.com\/product\/yoast-seo-wordpress\/ -->\n<title>SMK Thy k\u00e5ret af TIME som en af verdens bedste destinationer - Thy<\/title>\n<meta name=\"robots\" content=\"index, follow, max-snippet:-1, max-image-preview:large, max-video-preview:-1\" \/>\n<link rel=\"canonical\" href=\"https:\/\/kunmedierne.dk\/thy\/smk-thy-kaaret-af-time-som-en-af-verdens-bedste-destinationer\/\" \/>\n<meta property=\"og:locale\" content=\"da_DK\" \/>\n<meta property=\"og:type\" content=\"article\" \/>\n<meta property=\"og:title\" content=\"SMK Thy k\u00e5ret af TIME som en af verdens bedste destinationer - Thy\" \/>\n<meta property=\"og:description\" content=\"THY: Hvert \u00e5r udpeger TIME 100 ekstraordin\u00e6re destinationer verden over p\u00e5 tv\u00e6rs af hoteller, restauranter og attraktioner. Stederne bliver udvalgt med s\u00e6rligt \u00f8je for det nye og det us\u00e6dvanlige, og i \u00e5r er SMK Thy p\u00e5 listen. Det skriver Statens Museum for Kunst i en pressemeddelelse. Om SMK Thy skriver TIME: &#8220;Den fjerntliggende region i [&hellip;]\" \/>\n<meta property=\"og:url\" content=\"https:\/\/kunmedierne.dk\/thy\/smk-thy-kaaret-af-time-som-en-af-verdens-bedste-destinationer\/\" \/>\n<meta property=\"og:site_name\" content=\"Thy\" \/>\n<meta property=\"article:published_time\" content=\"2026-03-13T08:37:18+00:00\" \/>\n<meta name=\"author\" content=\"Lone L\u00e6rke Krog\" \/>\n<meta name=\"twitter:card\" content=\"summary_large_image\" \/>\n<meta name=\"twitter:label1\" content=\"Skrevet af\" \/>\n\t<meta name=\"twitter:data1\" content=\"Lone L\u00e6rke Krog\" \/>\n\t<meta name=\"twitter:label2\" content=\"Estimeret l\u00e6setid\" \/>\n\t<meta name=\"twitter:data2\" content=\"2 minutter\" \/>\n<script type=\"application\/ld+json\" class=\"yoast-schema-graph\">{\"@context\":\"https:\/\/schema.org\",\"@graph\":[{\"@type\":\"Article\",\"@id\":\"https:\/\/kunmedierne.dk\/thy\/smk-thy-kaaret-af-time-som-en-af-verdens-bedste-destinationer\/#article\",\"isPartOf\":{\"@id\":\"https:\/\/kunmedierne.dk\/thy\/smk-thy-kaaret-af-time-som-en-af-verdens-bedste-destinationer\/\"},\"author\":{\"name\":\"Lone L\u00e6rke Krog\",\"@id\":\"https:\/\/kunmedierne.dk\/thy\/#\/schema\/person\/d266634ba6550d075ecf540d63b245d2\"},\"headline\":\"SMK Thy k\u00e5ret af TIME som en af verdens bedste destinationer\",\"datePublished\":\"2026-03-13T08:37:18+00:00\",\"mainEntityOfPage\":{\"@id\":\"https:\/\/kunmedierne.dk\/thy\/smk-thy-kaaret-af-time-som-en-af-verdens-bedste-destinationer\/\"},\"wordCount\":424,\"publisher\":{\"@id\":\"https:\/\/kunmedierne.dk\/thy\/#organization\"},\"keywords\":[\"kultur\",\"Turisme\"],\"articleSection\":[\"Lokalt\"],\"inLanguage\":\"da-DK\"},{\"@type\":\"WebPage\",\"@id\":\"https:\/\/kunmedierne.dk\/thy\/smk-thy-kaaret-af-time-som-en-af-verdens-bedste-destinationer\/\",\"url\":\"https:\/\/kunmedierne.dk\/thy\/smk-thy-kaaret-af-time-som-en-af-verdens-bedste-destinationer\/\",\"name\":\"SMK Thy k\u00e5ret af TIME som en af verdens bedste destinationer - Thy\",\"isPartOf\":{\"@id\":\"https:\/\/kunmedierne.dk\/thy\/#website\"},\"datePublished\":\"2026-03-13T08:37:18+00:00\",\"breadcrumb\":{\"@id\":\"https:\/\/kunmedierne.dk\/thy\/smk-thy-kaaret-af-time-som-en-af-verdens-bedste-destinationer\/#breadcrumb\"},\"inLanguage\":\"da-DK\",\"potentialAction\":[{\"@type\":\"ReadAction\",\"target\":[\"https:\/\/kunmedierne.dk\/thy\/smk-thy-kaaret-af-time-som-en-af-verdens-bedste-destinationer\/\"]}]},{\"@type\":\"BreadcrumbList\",\"@id\":\"https:\/\/kunmedierne.dk\/thy\/smk-thy-kaaret-af-time-som-en-af-verdens-bedste-destinationer\/#breadcrumb\",\"itemListElement\":[{\"@type\":\"ListItem\",\"position\":1,\"name\":\"Home\",\"item\":\"https:\/\/kunmedierne.dk\/thy\/\"},{\"@type\":\"ListItem\",\"position\":2,\"name\":\"SMK Thy k\u00e5ret af TIME som en af verdens bedste destinationer\"}]},{\"@type\":\"WebSite\",\"@id\":\"https:\/\/kunmedierne.dk\/thy\/#website\",\"url\":\"https:\/\/kunmedierne.dk\/thy\/\",\"name\":\"Thy\",\"description\":\"et netmedie med journalistik om livet i Thy\",\"publisher\":{\"@id\":\"https:\/\/kunmedierne.dk\/thy\/#organization\"},\"potentialAction\":[{\"@type\":\"SearchAction\",\"target\":{\"@type\":\"EntryPoint\",\"urlTemplate\":\"https:\/\/kunmedierne.dk\/thy\/?s={search_term_string}\"},\"query-input\":{\"@type\":\"PropertyValueSpecification\",\"valueRequired\":true,\"valueName\":\"search_term_string\"}}],\"inLanguage\":\"da-DK\"},{\"@type\":\"Organization\",\"@id\":\"https:\/\/kunmedierne.dk\/thy\/#organization\",\"name\":\"Thy\",\"url\":\"https:\/\/kunmedierne.dk\/thy\/\",\"logo\":{\"@type\":\"ImageObject\",\"inLanguage\":\"da-DK\",\"@id\":\"https:\/\/kunmedierne.dk\/thy\/#\/schema\/logo\/image\/\",\"url\":\"https:\/\/kunmedierne.dk\/thy\/wp-content\/uploads\/sites\/2\/2025\/04\/kunthy-logo.svg\",\"contentUrl\":\"https:\/\/kunmedierne.dk\/thy\/wp-content\/uploads\/sites\/2\/2025\/04\/kunthy-logo.svg\",\"caption\":\"Thy\"},\"image\":{\"@id\":\"https:\/\/kunmedierne.dk\/thy\/#\/schema\/logo\/image\/\"}},{\"@type\":\"Person\",\"@id\":\"https:\/\/kunmedierne.dk\/thy\/#\/schema\/person\/d266634ba6550d075ecf540d63b245d2\",\"name\":\"Lone L\u00e6rke Krog\",\"image\":{\"@type\":\"ImageObject\",\"inLanguage\":\"da-DK\",\"@id\":\"https:\/\/kunmedierne.dk\/thy\/#\/schema\/person\/image\/\",\"url\":\"https:\/\/secure.gravatar.com\/avatar\/496ddc7080e56b4ac64cfd4e56bd6d1ee396fa3db1923aa22f11346f60bb135b?s=96&d=mm&r=g\",\"contentUrl\":\"https:\/\/secure.gravatar.com\/avatar\/496ddc7080e56b4ac64cfd4e56bd6d1ee396fa3db1923aa22f11346f60bb135b?s=96&d=mm&r=g\",\"caption\":\"Lone L\u00e6rke Krog\"},\"url\":\"https:\/\/kunmedierne.dk\/thy\/author\/llk\/\"}]}<\/script>\n<!-- \/ Yoast SEO plugin. -->","yoast_head_json":{"title":"SMK Thy k\u00e5ret af TIME som en af verdens bedste destinationer - Thy","robots":{"index":"index","follow":"follow","max-snippet":"max-snippet:-1","max-image-preview":"max-image-preview:large","max-video-preview":"max-video-preview:-1"},"canonical":"https:\/\/kunmedierne.dk\/thy\/smk-thy-kaaret-af-time-som-en-af-verdens-bedste-destinationer\/","og_locale":"da_DK","og_type":"article","og_title":"SMK Thy k\u00e5ret af TIME som en af verdens bedste destinationer - Thy","og_description":"THY: Hvert \u00e5r udpeger TIME 100 ekstraordin\u00e6re destinationer verden over p\u00e5 tv\u00e6rs af hoteller, restauranter og attraktioner. Stederne bliver udvalgt med s\u00e6rligt \u00f8je for det nye og det us\u00e6dvanlige, og i \u00e5r er SMK Thy p\u00e5 listen. Det skriver Statens Museum for Kunst i en pressemeddelelse. Om SMK Thy skriver TIME: &#8220;Den fjerntliggende region i [&hellip;]","og_url":"https:\/\/kunmedierne.dk\/thy\/smk-thy-kaaret-af-time-som-en-af-verdens-bedste-destinationer\/","og_site_name":"Thy","article_published_time":"2026-03-13T08:37:18+00:00","author":"Lone L\u00e6rke Krog","twitter_card":"summary_large_image","twitter_misc":{"Skrevet af":"Lone L\u00e6rke Krog","Estimeret l\u00e6setid":"2 minutter"},"schema":{"@context":"https:\/\/schema.org","@graph":[{"@type":"Article","@id":"https:\/\/kunmedierne.dk\/thy\/smk-thy-kaaret-af-time-som-en-af-verdens-bedste-destinationer\/#article","isPartOf":{"@id":"https:\/\/kunmedierne.dk\/thy\/smk-thy-kaaret-af-time-som-en-af-verdens-bedste-destinationer\/"},"author":{"name":"Lone L\u00e6rke Krog","@id":"https:\/\/kunmedierne.dk\/thy\/#\/schema\/person\/d266634ba6550d075ecf540d63b245d2"},"headline":"SMK Thy k\u00e5ret af TIME som en af verdens bedste destinationer","datePublished":"2026-03-13T08:37:18+00:00","mainEntityOfPage":{"@id":"https:\/\/kunmedierne.dk\/thy\/smk-thy-kaaret-af-time-som-en-af-verdens-bedste-destinationer\/"},"wordCount":424,"publisher":{"@id":"https:\/\/kunmedierne.dk\/thy\/#organization"},"keywords":["kultur","Turisme"],"articleSection":["Lokalt"],"inLanguage":"da-DK"},{"@type":"WebPage","@id":"https:\/\/kunmedierne.dk\/thy\/smk-thy-kaaret-af-time-som-en-af-verdens-bedste-destinationer\/","url":"https:\/\/kunmedierne.dk\/thy\/smk-thy-kaaret-af-time-som-en-af-verdens-bedste-destinationer\/","name":"SMK Thy k\u00e5ret af TIME som en af verdens bedste destinationer - Thy","isPartOf":{"@id":"https:\/\/kunmedierne.dk\/thy\/#website"},"datePublished":"2026-03-13T08:37:18+00:00","breadcrumb":{"@id":"https:\/\/kunmedierne.dk\/thy\/smk-thy-kaaret-af-time-som-en-af-verdens-bedste-destinationer\/#breadcrumb"},"inLanguage":"da-DK","potentialAction":[{"@type":"ReadAction","target":["https:\/\/kunmedierne.dk\/thy\/smk-thy-kaaret-af-time-som-en-af-verdens-bedste-destinationer\/"]}]},{"@type":"BreadcrumbList","@id":"https:\/\/kunmedierne.dk\/thy\/smk-thy-kaaret-af-time-som-en-af-verdens-bedste-destinationer\/#breadcrumb","itemListElement":[{"@type":"ListItem","position":1,"name":"Home","item":"https:\/\/kunmedierne.dk\/thy\/"},{"@type":"ListItem","position":2,"name":"SMK Thy k\u00e5ret af TIME som en af verdens bedste destinationer"}]},{"@type":"WebSite","@id":"https:\/\/kunmedierne.dk\/thy\/#website","url":"https:\/\/kunmedierne.dk\/thy\/","name":"Thy","description":"et netmedie med journalistik om livet i Thy","publisher":{"@id":"https:\/\/kunmedierne.dk\/thy\/#organization"},"potentialAction":[{"@type":"SearchAction","target":{"@type":"EntryPoint","urlTemplate":"https:\/\/kunmedierne.dk\/thy\/?s={search_term_string}"},"query-input":{"@type":"PropertyValueSpecification","valueRequired":true,"valueName":"search_term_string"}}],"inLanguage":"da-DK"},{"@type":"Organization","@id":"https:\/\/kunmedierne.dk\/thy\/#organization","name":"Thy","url":"https:\/\/kunmedierne.dk\/thy\/","logo":{"@type":"ImageObject","inLanguage":"da-DK","@id":"https:\/\/kunmedierne.dk\/thy\/#\/schema\/logo\/image\/","url":"https:\/\/kunmedierne.dk\/thy\/wp-content\/uploads\/sites\/2\/2025\/04\/kunthy-logo.svg","contentUrl":"https:\/\/kunmedierne.dk\/thy\/wp-content\/uploads\/sites\/2\/2025\/04\/kunthy-logo.svg","caption":"Thy"},"image":{"@id":"https:\/\/kunmedierne.dk\/thy\/#\/schema\/logo\/image\/"}},{"@type":"Person","@id":"https:\/\/kunmedierne.dk\/thy\/#\/schema\/person\/d266634ba6550d075ecf540d63b245d2","name":"Lone L\u00e6rke Krog","image":{"@type":"ImageObject","inLanguage":"da-DK","@id":"https:\/\/kunmedierne.dk\/thy\/#\/schema\/person\/image\/","url":"https:\/\/secure.gravatar.com\/avatar\/496ddc7080e56b4ac64cfd4e56bd6d1ee396fa3db1923aa22f11346f60bb135b?s=96&d=mm&r=g","contentUrl":"https:\/\/secure.gravatar.com\/avatar\/496ddc7080e56b4ac64cfd4e56bd6d1ee396fa3db1923aa22f11346f60bb135b?s=96&d=mm&r=g","caption":"Lone L\u00e6rke Krog"},"url":"https:\/\/kunmedierne.dk\/thy\/author\/llk\/"}]}},"_links":{"self":[{"href":"https:\/\/kunmedierne.dk\/thy\/wp-json\/wp\/v2\/posts\/18848","targetHints":{"allow":["GET"]}}],"collection":[{"href":"https:\/\/kunmedierne.dk\/thy\/wp-json\/wp\/v2\/posts"}],"about":[{"href":"https:\/\/kunmedierne.dk\/thy\/wp-json\/wp\/v2\/types\/post"}],"author":[{"embeddable":true,"href":"https:\/\/kunmedierne.dk\/thy\/wp-json\/wp\/v2\/users\/1925"}],"replies":[{"embeddable":true,"href":"https:\/\/kunmedierne.dk\/thy\/wp-json\/wp\/v2\/comments?post=18848"}],"version-history":[{"count":5,"href":"https:\/\/kunmedierne.dk\/thy\/wp-json\/wp\/v2\/posts\/18848\/revisions"}],"predecessor-version":[{"id":18854,"href":"https:\/\/kunmedierne.dk\/thy\/wp-json\/wp\/v2\/posts\/18848\/revisions\/18854"}],"wp:attachment":[{"href":"https:\/\/kunmedierne.dk\/thy\/wp-json\/wp\/v2\/media?parent=18848"}],"wp:term":[{"taxonomy":"category","embeddable":true,"href":"https:\/\/kunmedierne.dk\/thy\/wp-json\/wp\/v2\/categories?post=18848"},{"taxonomy":"post_tag","embeddable":true,"href":"https:\/\/kunmedierne.dk\/thy\/wp-json\/wp\/v2\/tags?post=18848"}],"curies":[{"name":"wp","href":"https:\/\/api.w.org\/{rel}","templated":true}]}}