{"id":18847,"date":"2026-03-13T19:52:21","date_gmt":"2026-03-13T18:52:21","guid":{"rendered":"https:\/\/kunmedierne.dk\/thy\/?p=18847"},"modified":"2026-03-13T10:07:16","modified_gmt":"2026-03-13T09:07:16","slug":"feggesundfaergen-tre-lokale-arbejdsgrupper-udvikler-ideer","status":"publish","type":"post","link":"https:\/\/kunmedierne.dk\/thy\/feggesundfaergen-tre-lokale-arbejdsgrupper-udvikler-ideer\/","title":{"rendered":"<span>Feggesundf\u00e6rgen: <\/span>Tre lokale arbejdsgrupper udvikler ideer"},"content":{"rendered":"<p><strong>THY\/MORS:<\/strong> Mens der ventes p\u00e5 en afg\u00f8relse om den fremtidige drift af Feggesundf\u00e6rgen, har en gruppe lokale ildsj\u00e6le taget initiativ til at udvikle samarbejdet p\u00e5 tv\u00e6rs af Feggesund.<\/p>\n<a class=\"dvrt-link\" onClick=\"cdmtrack_click(685,jQuery(this));return false\" href=\"https:\/\/wensien.dk\/begravelse\/?gad_source=1&gclid=Cj0KCQjwtJ6_BhDWARIsAGanmKcWw6hbeoepGti1oApJGHln52gMbg8EBRZ86__3P1AJZ5dcsw4ZvNEaAk7JEALw_wcB\"><img decoding=\"async\" style=\"width:100%;\" src=\"https:\/\/kunmedierne.dk\/thy\/wp-content\/uploads\/sites\/2\/2025\/03\/wensien-stenhugger.jpg\"><\/a><script>cdmtrack_view(685);<\/script>\n<p>Frank Koldsgaard, Fr\u00f8strup, talsmand for otte borgerforeninger i Hann\u00e6s-\u00d8sterild omr\u00e5det, fort\u00e6ller, at der er nedsat tre arbejdsgrupper, der skal arbejde med de ideer, der kom p\u00e5 sidste m\u00e5neds borgerm\u00f8de p\u00e5 Feggesund F\u00e6rgekro, hvor fremtiden for f\u00e6rgeforbindelsen over Feggesund var til debat.<\/p>\n<p>De tre grupper er henholdsvis en udviklingsgruppe, en trafikpolitisk gruppe og en bro-gruppe.<\/p>\n<p>&#8211; Grupperne er en realitet uanset udfaldet af forhandlingerne mellem Thisted og Mors\u00f8 kommuner, for vi synes der udsprang s\u00e5 mange fine id\u00e9er af borgerm\u00f8det, at vi skylder folk at arbejde videre med dem. Frem for alt vil vi unders\u00f8ge, hvordan vi f\u00e5r mere f\u00e6rgetrafik og gerne udvider m\u00e5lgrupperne, der vil bruge f\u00e6rgen, siger Frank Koldsgaard.<\/p>\n<a class=\"dvrt-link\" onClick=\"cdmtrack_click(18790,jQuery(this));return false\" href=\"https:\/\/thymors.dk\/sponsorater\/15-til-faellesskabet?utm_source=kunthy&amp;utm_medium=annonce&amp;utm_campaign=sponsorater\"><img decoding=\"async\" style=\"width:100%;\" src=\"https:\/\/kunmedierne.dk\/thy\/wp-content\/uploads\/sites\/2\/2026\/03\/260407ThyMors-energi_faellesskab_generel-1.jpg\"><\/a><script>cdmtrack_view(18790);<\/script>\n<p>Udviklingsgruppen arbejder med at udvikle mere turisme, flere outdoor-oplevelser og mere erhverv p\u00e5 begge sider af Feggesund.<\/p>\n<p>&#8211; Vi kalder gruppen for &#8220;Feggesund Forever&#8221;, siger Laila S\u00f8lager, formand for Nordmors Beboerforening og medarrang\u00f8r af sidste m\u00e5neds f\u00e6rge-m\u00f8de.<\/p>\n<p>&#8211; Omr\u00e5det her er jo helt unikt og kunne generere meget mere f\u00e6rgetrafik, hvis vi arbejder p\u00e5 at t\u00e6nke f\u00e6rgen ind i flere sammenh\u00e6nge og f\u00e5r fortalt det til verden udenom, siger hun.<\/p>\n<p>Den trafikpolitiske gruppe skal arbejde med at f\u00e5 genvejsf\u00e6rger som Feggesundf\u00e6rgen p\u00e5 Finansloven.<\/p>\n<a class=\"dvrt-link\" onClick=\"cdmtrack_click(4416,jQuery(this));return false\" href=\"https:\/\/sdrhaa.dk\/\"><img decoding=\"async\" style=\"width:100%;\" src=\"https:\/\/kunmedierne.dk\/thy\/wp-content\/uploads\/sites\/2\/2025\/05\/260302Din-gebyrvenlige-sparekasse_SHS_Thy-1.gif\"><\/a><script>cdmtrack_view(4416);<\/script>\n<p>Den tredje gruppe, bro-gruppen, skal unders\u00f8ge, hvad der skal til for at etablere en fast forbindelse en gang i fremtiden. Inden l\u00e6nge m\u00f8des de tre grupper for at aftale det videre arbejde og for at l\u00e6re hinanden at kende.<\/p>\n<p>P\u00e5 kaffem\u00f8det 27. marts pr\u00e6senteres bestyrelsen for Feggesundoverfarten for nogle af de mange id\u00e9er, der kom frem p\u00e5 og efter borgerm\u00f8det p\u00e5 Feggesund F\u00e6rgekro.<\/p>\n<p>&#8211; Vi t\u00e6nker at det for f\u00e6rgeselskabets bestyrelse m\u00e5 v\u00e6re vigtigt at h\u00f8re hvad de, der bruger eller ikke bruger f\u00e6rgen, har gjort sig af tanker. Og vi gl\u00e6der os til at f\u00e5 afleveret nogle af de gode id\u00e9er, som vi h\u00e5ber bestyrelsen vil tage ind i deres arbejde videre frem, siger Laila S\u00f8lager.<\/p>\n","protected":false},"excerpt":{"rendered":"<p>THY\/MORS: Mens der ventes p\u00e5 en afg\u00f8relse om den fremtidige drift af Feggesundf\u00e6rgen, har en gruppe lokale ildsj\u00e6le taget initiativ til at udvikle samarbejdet p\u00e5 tv\u00e6rs af Feggesund. Frank Koldsgaard, Fr\u00f8strup, talsmand for otte borgerforeninger i Hann\u00e6s-\u00d8sterild omr\u00e5det, fort\u00e6ller, at der er nedsat tre arbejdsgrupper, der skal arbejde med de ideer, der kom p\u00e5 sidste [&hellip;]<\/p>\n","protected":false},"author":4535,"featured_media":0,"comment_status":"closed","ping_status":"closed","sticky":false,"template":"","format":"standard","meta":{"_acf_changed":false,"footnotes":""},"categories":[24],"tags":[62],"class_list":["post-18847","post","type-post","status-publish","format-standard","hentry","category-lokalt","tag-trafik"],"acf":[],"yoast_head":"<!-- This site is optimized with the Yoast SEO plugin v26.8 - https:\/\/yoast.com\/product\/yoast-seo-wordpress\/ -->\n<title>Feggesundf\u00e6rgen: Tre lokale arbejdsgrupper udvikler ideer - Thy<\/title>\n<meta name=\"robots\" content=\"index, follow, max-snippet:-1, max-image-preview:large, max-video-preview:-1\" \/>\n<link rel=\"canonical\" href=\"https:\/\/kunmedierne.dk\/thy\/feggesundfaergen-tre-lokale-arbejdsgrupper-udvikler-ideer\/\" \/>\n<meta property=\"og:locale\" content=\"da_DK\" \/>\n<meta property=\"og:type\" content=\"article\" \/>\n<meta property=\"og:title\" content=\"Feggesundf\u00e6rgen: Tre lokale arbejdsgrupper udvikler ideer - Thy\" \/>\n<meta property=\"og:description\" content=\"THY\/MORS: Mens der ventes p\u00e5 en afg\u00f8relse om den fremtidige drift af Feggesundf\u00e6rgen, har en gruppe lokale ildsj\u00e6le taget initiativ til at udvikle samarbejdet p\u00e5 tv\u00e6rs af Feggesund. Frank Koldsgaard, Fr\u00f8strup, talsmand for otte borgerforeninger i Hann\u00e6s-\u00d8sterild omr\u00e5det, fort\u00e6ller, at der er nedsat tre arbejdsgrupper, der skal arbejde med de ideer, der kom p\u00e5 sidste [&hellip;]\" \/>\n<meta property=\"og:url\" content=\"https:\/\/kunmedierne.dk\/thy\/feggesundfaergen-tre-lokale-arbejdsgrupper-udvikler-ideer\/\" \/>\n<meta property=\"og:site_name\" content=\"Thy\" \/>\n<meta property=\"article:published_time\" content=\"2026-03-13T18:52:21+00:00\" \/>\n<meta name=\"author\" content=\"Jens Fogh Andersen\" \/>\n<meta name=\"twitter:card\" content=\"summary_large_image\" \/>\n<meta name=\"twitter:label1\" content=\"Skrevet af\" \/>\n\t<meta name=\"twitter:data1\" content=\"Jens Fogh Andersen\" \/>\n\t<meta name=\"twitter:label2\" content=\"Estimeret l\u00e6setid\" \/>\n\t<meta name=\"twitter:data2\" content=\"2 minutter\" \/>\n<script type=\"application\/ld+json\" class=\"yoast-schema-graph\">{\"@context\":\"https:\/\/schema.org\",\"@graph\":[{\"@type\":\"Article\",\"@id\":\"https:\/\/kunmedierne.dk\/thy\/feggesundfaergen-tre-lokale-arbejdsgrupper-udvikler-ideer\/#article\",\"isPartOf\":{\"@id\":\"https:\/\/kunmedierne.dk\/thy\/feggesundfaergen-tre-lokale-arbejdsgrupper-udvikler-ideer\/\"},\"author\":{\"name\":\"Jens Fogh Andersen\",\"@id\":\"https:\/\/kunmedierne.dk\/thy\/#\/schema\/person\/88f5be46809ca2a5533760eb574fef93\"},\"headline\":\"Feggesundf\u00e6rgen: Tre lokale arbejdsgrupper udvikler ideer\",\"datePublished\":\"2026-03-13T18:52:21+00:00\",\"mainEntityOfPage\":{\"@id\":\"https:\/\/kunmedierne.dk\/thy\/feggesundfaergen-tre-lokale-arbejdsgrupper-udvikler-ideer\/\"},\"wordCount\":402,\"publisher\":{\"@id\":\"https:\/\/kunmedierne.dk\/thy\/#organization\"},\"keywords\":[\"Trafik\"],\"articleSection\":[\"Lokalt\"],\"inLanguage\":\"da-DK\"},{\"@type\":\"WebPage\",\"@id\":\"https:\/\/kunmedierne.dk\/thy\/feggesundfaergen-tre-lokale-arbejdsgrupper-udvikler-ideer\/\",\"url\":\"https:\/\/kunmedierne.dk\/thy\/feggesundfaergen-tre-lokale-arbejdsgrupper-udvikler-ideer\/\",\"name\":\"Feggesundf\u00e6rgen: Tre lokale arbejdsgrupper udvikler ideer - Thy\",\"isPartOf\":{\"@id\":\"https:\/\/kunmedierne.dk\/thy\/#website\"},\"datePublished\":\"2026-03-13T18:52:21+00:00\",\"breadcrumb\":{\"@id\":\"https:\/\/kunmedierne.dk\/thy\/feggesundfaergen-tre-lokale-arbejdsgrupper-udvikler-ideer\/#breadcrumb\"},\"inLanguage\":\"da-DK\",\"potentialAction\":[{\"@type\":\"ReadAction\",\"target\":[\"https:\/\/kunmedierne.dk\/thy\/feggesundfaergen-tre-lokale-arbejdsgrupper-udvikler-ideer\/\"]}]},{\"@type\":\"BreadcrumbList\",\"@id\":\"https:\/\/kunmedierne.dk\/thy\/feggesundfaergen-tre-lokale-arbejdsgrupper-udvikler-ideer\/#breadcrumb\",\"itemListElement\":[{\"@type\":\"ListItem\",\"position\":1,\"name\":\"Home\",\"item\":\"https:\/\/kunmedierne.dk\/thy\/\"},{\"@type\":\"ListItem\",\"position\":2,\"name\":\"Feggesundf\u00e6rgen: Tre lokale arbejdsgrupper udvikler ideer\"}]},{\"@type\":\"WebSite\",\"@id\":\"https:\/\/kunmedierne.dk\/thy\/#website\",\"url\":\"https:\/\/kunmedierne.dk\/thy\/\",\"name\":\"Thy\",\"description\":\"et netmedie med journalistik om livet i Thy\",\"publisher\":{\"@id\":\"https:\/\/kunmedierne.dk\/thy\/#organization\"},\"potentialAction\":[{\"@type\":\"SearchAction\",\"target\":{\"@type\":\"EntryPoint\",\"urlTemplate\":\"https:\/\/kunmedierne.dk\/thy\/?s={search_term_string}\"},\"query-input\":{\"@type\":\"PropertyValueSpecification\",\"valueRequired\":true,\"valueName\":\"search_term_string\"}}],\"inLanguage\":\"da-DK\"},{\"@type\":\"Organization\",\"@id\":\"https:\/\/kunmedierne.dk\/thy\/#organization\",\"name\":\"Thy\",\"url\":\"https:\/\/kunmedierne.dk\/thy\/\",\"logo\":{\"@type\":\"ImageObject\",\"inLanguage\":\"da-DK\",\"@id\":\"https:\/\/kunmedierne.dk\/thy\/#\/schema\/logo\/image\/\",\"url\":\"https:\/\/kunmedierne.dk\/thy\/wp-content\/uploads\/sites\/2\/2025\/04\/kunthy-logo.svg\",\"contentUrl\":\"https:\/\/kunmedierne.dk\/thy\/wp-content\/uploads\/sites\/2\/2025\/04\/kunthy-logo.svg\",\"caption\":\"Thy\"},\"image\":{\"@id\":\"https:\/\/kunmedierne.dk\/thy\/#\/schema\/logo\/image\/\"}},{\"@type\":\"Person\",\"@id\":\"https:\/\/kunmedierne.dk\/thy\/#\/schema\/person\/88f5be46809ca2a5533760eb574fef93\",\"name\":\"Jens Fogh Andersen\",\"image\":{\"@type\":\"ImageObject\",\"inLanguage\":\"da-DK\",\"@id\":\"https:\/\/kunmedierne.dk\/thy\/#\/schema\/person\/image\/\",\"url\":\"https:\/\/secure.gravatar.com\/avatar\/2b367a4ef139b1c41dccc9ee7af926b81f8b4cca3359772e86c7fd5ced26c0a3?s=96&d=mm&r=g\",\"contentUrl\":\"https:\/\/secure.gravatar.com\/avatar\/2b367a4ef139b1c41dccc9ee7af926b81f8b4cca3359772e86c7fd5ced26c0a3?s=96&d=mm&r=g\",\"caption\":\"Jens Fogh Andersen\"},\"url\":\"https:\/\/kunmedierne.dk\/thy\/author\/jfa\/\"}]}<\/script>\n<!-- \/ Yoast SEO plugin. -->","yoast_head_json":{"title":"Feggesundf\u00e6rgen: Tre lokale arbejdsgrupper udvikler ideer - Thy","robots":{"index":"index","follow":"follow","max-snippet":"max-snippet:-1","max-image-preview":"max-image-preview:large","max-video-preview":"max-video-preview:-1"},"canonical":"https:\/\/kunmedierne.dk\/thy\/feggesundfaergen-tre-lokale-arbejdsgrupper-udvikler-ideer\/","og_locale":"da_DK","og_type":"article","og_title":"Feggesundf\u00e6rgen: Tre lokale arbejdsgrupper udvikler ideer - Thy","og_description":"THY\/MORS: Mens der ventes p\u00e5 en afg\u00f8relse om den fremtidige drift af Feggesundf\u00e6rgen, har en gruppe lokale ildsj\u00e6le taget initiativ til at udvikle samarbejdet p\u00e5 tv\u00e6rs af Feggesund. Frank Koldsgaard, Fr\u00f8strup, talsmand for otte borgerforeninger i Hann\u00e6s-\u00d8sterild omr\u00e5det, fort\u00e6ller, at der er nedsat tre arbejdsgrupper, der skal arbejde med de ideer, der kom p\u00e5 sidste [&hellip;]","og_url":"https:\/\/kunmedierne.dk\/thy\/feggesundfaergen-tre-lokale-arbejdsgrupper-udvikler-ideer\/","og_site_name":"Thy","article_published_time":"2026-03-13T18:52:21+00:00","author":"Jens Fogh Andersen","twitter_card":"summary_large_image","twitter_misc":{"Skrevet af":"Jens Fogh Andersen","Estimeret l\u00e6setid":"2 minutter"},"schema":{"@context":"https:\/\/schema.org","@graph":[{"@type":"Article","@id":"https:\/\/kunmedierne.dk\/thy\/feggesundfaergen-tre-lokale-arbejdsgrupper-udvikler-ideer\/#article","isPartOf":{"@id":"https:\/\/kunmedierne.dk\/thy\/feggesundfaergen-tre-lokale-arbejdsgrupper-udvikler-ideer\/"},"author":{"name":"Jens Fogh Andersen","@id":"https:\/\/kunmedierne.dk\/thy\/#\/schema\/person\/88f5be46809ca2a5533760eb574fef93"},"headline":"Feggesundf\u00e6rgen: Tre lokale arbejdsgrupper udvikler ideer","datePublished":"2026-03-13T18:52:21+00:00","mainEntityOfPage":{"@id":"https:\/\/kunmedierne.dk\/thy\/feggesundfaergen-tre-lokale-arbejdsgrupper-udvikler-ideer\/"},"wordCount":402,"publisher":{"@id":"https:\/\/kunmedierne.dk\/thy\/#organization"},"keywords":["Trafik"],"articleSection":["Lokalt"],"inLanguage":"da-DK"},{"@type":"WebPage","@id":"https:\/\/kunmedierne.dk\/thy\/feggesundfaergen-tre-lokale-arbejdsgrupper-udvikler-ideer\/","url":"https:\/\/kunmedierne.dk\/thy\/feggesundfaergen-tre-lokale-arbejdsgrupper-udvikler-ideer\/","name":"Feggesundf\u00e6rgen: Tre lokale arbejdsgrupper udvikler ideer - Thy","isPartOf":{"@id":"https:\/\/kunmedierne.dk\/thy\/#website"},"datePublished":"2026-03-13T18:52:21+00:00","breadcrumb":{"@id":"https:\/\/kunmedierne.dk\/thy\/feggesundfaergen-tre-lokale-arbejdsgrupper-udvikler-ideer\/#breadcrumb"},"inLanguage":"da-DK","potentialAction":[{"@type":"ReadAction","target":["https:\/\/kunmedierne.dk\/thy\/feggesundfaergen-tre-lokale-arbejdsgrupper-udvikler-ideer\/"]}]},{"@type":"BreadcrumbList","@id":"https:\/\/kunmedierne.dk\/thy\/feggesundfaergen-tre-lokale-arbejdsgrupper-udvikler-ideer\/#breadcrumb","itemListElement":[{"@type":"ListItem","position":1,"name":"Home","item":"https:\/\/kunmedierne.dk\/thy\/"},{"@type":"ListItem","position":2,"name":"Feggesundf\u00e6rgen: Tre lokale arbejdsgrupper udvikler ideer"}]},{"@type":"WebSite","@id":"https:\/\/kunmedierne.dk\/thy\/#website","url":"https:\/\/kunmedierne.dk\/thy\/","name":"Thy","description":"et netmedie med journalistik om livet i Thy","publisher":{"@id":"https:\/\/kunmedierne.dk\/thy\/#organization"},"potentialAction":[{"@type":"SearchAction","target":{"@type":"EntryPoint","urlTemplate":"https:\/\/kunmedierne.dk\/thy\/?s={search_term_string}"},"query-input":{"@type":"PropertyValueSpecification","valueRequired":true,"valueName":"search_term_string"}}],"inLanguage":"da-DK"},{"@type":"Organization","@id":"https:\/\/kunmedierne.dk\/thy\/#organization","name":"Thy","url":"https:\/\/kunmedierne.dk\/thy\/","logo":{"@type":"ImageObject","inLanguage":"da-DK","@id":"https:\/\/kunmedierne.dk\/thy\/#\/schema\/logo\/image\/","url":"https:\/\/kunmedierne.dk\/thy\/wp-content\/uploads\/sites\/2\/2025\/04\/kunthy-logo.svg","contentUrl":"https:\/\/kunmedierne.dk\/thy\/wp-content\/uploads\/sites\/2\/2025\/04\/kunthy-logo.svg","caption":"Thy"},"image":{"@id":"https:\/\/kunmedierne.dk\/thy\/#\/schema\/logo\/image\/"}},{"@type":"Person","@id":"https:\/\/kunmedierne.dk\/thy\/#\/schema\/person\/88f5be46809ca2a5533760eb574fef93","name":"Jens Fogh Andersen","image":{"@type":"ImageObject","inLanguage":"da-DK","@id":"https:\/\/kunmedierne.dk\/thy\/#\/schema\/person\/image\/","url":"https:\/\/secure.gravatar.com\/avatar\/2b367a4ef139b1c41dccc9ee7af926b81f8b4cca3359772e86c7fd5ced26c0a3?s=96&d=mm&r=g","contentUrl":"https:\/\/secure.gravatar.com\/avatar\/2b367a4ef139b1c41dccc9ee7af926b81f8b4cca3359772e86c7fd5ced26c0a3?s=96&d=mm&r=g","caption":"Jens Fogh Andersen"},"url":"https:\/\/kunmedierne.dk\/thy\/author\/jfa\/"}]}},"_links":{"self":[{"href":"https:\/\/kunmedierne.dk\/thy\/wp-json\/wp\/v2\/posts\/18847","targetHints":{"allow":["GET"]}}],"collection":[{"href":"https:\/\/kunmedierne.dk\/thy\/wp-json\/wp\/v2\/posts"}],"about":[{"href":"https:\/\/kunmedierne.dk\/thy\/wp-json\/wp\/v2\/types\/post"}],"author":[{"embeddable":true,"href":"https:\/\/kunmedierne.dk\/thy\/wp-json\/wp\/v2\/users\/4535"}],"replies":[{"embeddable":true,"href":"https:\/\/kunmedierne.dk\/thy\/wp-json\/wp\/v2\/comments?post=18847"}],"version-history":[{"count":4,"href":"https:\/\/kunmedierne.dk\/thy\/wp-json\/wp\/v2\/posts\/18847\/revisions"}],"predecessor-version":[{"id":18859,"href":"https:\/\/kunmedierne.dk\/thy\/wp-json\/wp\/v2\/posts\/18847\/revisions\/18859"}],"wp:attachment":[{"href":"https:\/\/kunmedierne.dk\/thy\/wp-json\/wp\/v2\/media?parent=18847"}],"wp:term":[{"taxonomy":"category","embeddable":true,"href":"https:\/\/kunmedierne.dk\/thy\/wp-json\/wp\/v2\/categories?post=18847"},{"taxonomy":"post_tag","embeddable":true,"href":"https:\/\/kunmedierne.dk\/thy\/wp-json\/wp\/v2\/tags?post=18847"}],"curies":[{"name":"wp","href":"https:\/\/api.w.org\/{rel}","templated":true}]}}