{"id":18806,"date":"2026-03-12T18:29:40","date_gmt":"2026-03-12T17:29:40","guid":{"rendered":"https:\/\/kunmedierne.dk\/thy\/?p=18806"},"modified":"2026-03-12T17:29:57","modified_gmt":"2026-03-12T16:29:57","slug":"nej-til-oenske-om-vuggestue-pladser-der-er-kapacitet-i-thisted-by-allerede","status":"publish","type":"post","link":"https:\/\/kunmedierne.dk\/thy\/nej-til-oenske-om-vuggestue-pladser-der-er-kapacitet-i-thisted-by-allerede\/","title":{"rendered":"<span>Nej til \u00f8nske om vuggestue-pladser: <\/span>Der er kapacitet i Thisted by allerede"},"content":{"rendered":"<p><strong>THISTED:<\/strong> Et \u00f8nske om at udvide pasningstilbuddet i Naturb\u00f8rnehaven Kronens Mark i Thisted med 10 nye vuggestuepladser bliver ikke opfyldt. I hvert fald ikke i denne omgang.<\/p>\n<p>Det ligger fast efter kommunens b\u00f8rne- og familieudvalg har behandlet en ans\u00f8gning fra for\u00e6ldrer\u00e5det i Naturb\u00f8rnehaven Kronens Mark om at f\u00e5 etableret 10 nye vuggestuepladser i tilknytning til b\u00f8rnehaven.<\/p>\n<a class=\"dvrt-link\" onClick=\"cdmtrack_click(687,jQuery(this));return false\" href=\"https:\/\/konpap.dk\/?gad_source=1&gclid=Cj0KCQjwtJ6_BhDWARIsAGanmKfOBLC3RBm6obWL5sEb-mp4bsp5QjqWW4j4nx22y0YT2iMiXJcv3MoaApR_EALw_wcB\"><img decoding=\"async\" style=\"width:100%;\" src=\"https:\/\/kunmedierne.dk\/thy\/wp-content\/uploads\/sites\/2\/2025\/03\/redoffice.jpg\"><\/a><script>cdmtrack_view(687);<\/script>\n<p>\u00d8nsket begrundes med, at der er mangel p\u00e5 pasningstilbud til de nul til to-\u00e5rige i Thisteds \u00f8stby, som i disse \u00e5r er et omr\u00e5de i v\u00e6kst, hvor mange b\u00f8rnefamilier v\u00e6lger at bos\u00e6tte sig.<\/p>\n<div id=\"attachment_18044\" style=\"width: 2946px\" class=\"wp-caption alignnone\"><img loading=\"lazy\" decoding=\"async\" aria-describedby=\"caption-attachment-18044\" class=\"wp-image-18044 size-full\" src=\"https:\/\/kunmedierne.dk\/thy\/wp-content\/uploads\/sites\/2\/2026\/02\/Casper-Soee-Larsen-LA02-kopier.jpg\" alt=\"\" width=\"2936\" height=\"1954\" srcset=\"https:\/\/kunmedierne.dk\/thy\/wp-content\/uploads\/sites\/2\/2026\/02\/Casper-Soee-Larsen-LA02-kopier.jpg 2936w, https:\/\/kunmedierne.dk\/thy\/wp-content\/uploads\/sites\/2\/2026\/02\/Casper-Soee-Larsen-LA02-kopier-300x200.jpg 300w, https:\/\/kunmedierne.dk\/thy\/wp-content\/uploads\/sites\/2\/2026\/02\/Casper-Soee-Larsen-LA02-kopier-1024x682.jpg 1024w, https:\/\/kunmedierne.dk\/thy\/wp-content\/uploads\/sites\/2\/2026\/02\/Casper-Soee-Larsen-LA02-kopier-510x339.jpg 510w\" sizes=\"auto, (max-width: 2936px) 100vw, 2936px\" \/><p id=\"caption-attachment-18044\" class=\"wp-caption-text\">Casper S\u00f8e-Larsen, formand for b\u00f8rne- og familieudvalget, forklarer, at der er pasningskapacitet andre steder indenfor Thisteds bygr\u00e6nse som kan d\u00e6kke behovet for vuggestuepladser.<\/p><\/div>\n<p>&nbsp;<\/p>\n<p>I f\u00f8lge ans\u00f8gningen fra for\u00e6ldrer\u00e5det oplevers der et stigende behov for vuggestuepladser i Thisted \u00d8st, da for\u00e6ldre i h\u00f8jere grad eftersp\u00f8rger vuggestue frem for dagpleje. Der er god kapacitet i dagplejen, mens der opleves et pres p\u00e5 omr\u00e5dets vuggestuetilbud, fremg\u00e5r det.<\/p>\n<a class=\"dvrt-link\" onClick=\"cdmtrack_click(4416,jQuery(this));return false\" href=\"https:\/\/sdrhaa.dk\/\"><img decoding=\"async\" style=\"width:100%;\" src=\"https:\/\/kunmedierne.dk\/thy\/wp-content\/uploads\/sites\/2\/2025\/05\/260302Din-gebyrvenlige-sparekasse_SHS_Thy-1.gif\"><\/a><script>cdmtrack_view(4416);<\/script>\n<p>Et tilbud om vuggestuepladser i tilknytning til Naturb\u00f8rnehaven Kronens Mark vil desuden \u00e5bne mulighed for at b\u00f8rn kan begynde deres institutionsliv samme sted, som de senere skal g\u00e5 i b\u00f8rnehave &#8211; og dermed undg\u00e5 at skifte institution.<\/p>\n<div id=\"attachment_18826\" style=\"width: 1034px\" class=\"wp-caption alignnone\"><img loading=\"lazy\" decoding=\"async\" aria-describedby=\"caption-attachment-18826\" class=\"wp-image-18826 size-large\" src=\"https:\/\/kunmedierne.dk\/thy\/wp-content\/uploads\/sites\/2\/2026\/03\/Naturboernehaven-Kronens-Mark05-kopier-1024x682.jpg\" alt=\"\" width=\"1024\" height=\"682\" srcset=\"https:\/\/kunmedierne.dk\/thy\/wp-content\/uploads\/sites\/2\/2026\/03\/Naturboernehaven-Kronens-Mark05-kopier-1024x682.jpg 1024w, https:\/\/kunmedierne.dk\/thy\/wp-content\/uploads\/sites\/2\/2026\/03\/Naturboernehaven-Kronens-Mark05-kopier-300x200.jpg 300w, https:\/\/kunmedierne.dk\/thy\/wp-content\/uploads\/sites\/2\/2026\/03\/Naturboernehaven-Kronens-Mark05-kopier-510x339.jpg 510w\" sizes=\"auto, (max-width: 1024px) 100vw, 1024px\" \/><p id=\"caption-attachment-18826\" class=\"wp-caption-text\">Naturb\u00f8rnehaven Kronens Mark, Thisted. Foto: Jens Fogh-Andersen.<\/p><\/div>\n<p>&nbsp;<\/p>\n<p>&#8211; Vi har vurderet, at der er b\u00e5de vuggestue- og dagplejekapacitet andre steder i Thisted by og indenfor bygr\u00e6nsen. Ogs\u00e5 uden der skal k\u00f8res langt for at komme til dem, siger udvalgsformand Casper S\u00f8e-Larsen om \u00e5rsagen til, at udvalget ikke har valgt at g\u00e5 videre med ans\u00f8gningen fra for\u00e6ldrer\u00e5det.<\/p>\n<a class=\"dvrt-link\" onClick=\"cdmtrack_click(1130,jQuery(this));return false\" href=\"https:\/\/www.thistedforsikring.dk\/?utm_source=partnerskaber&amp;utm_campaign=kun_thy\"><img decoding=\"async\" style=\"width:100%;\" src=\"https:\/\/kunmedierne.dk\/thy\/wp-content\/uploads\/sites\/2\/2025\/04\/260409KunThyThisted-For-1.png\"><\/a><script>cdmtrack_view(1130);<\/script>\n<p>I f\u00f8lge sagsfremstillingen til udvalget vil det koste i st\u00f8rrelsen 3,6 mio. kroner at lave de bygnings\u00e6ndringer, der er n\u00f8dvendige, hvis der skal etableres vuggestuepladser i tilknytning til naturb\u00f8rnehaven.<\/p>\n<p>&#8211; Det er heller ikke penge, vi har til r\u00e5dighed, siger Casper S\u00f8e-Larsen.<\/p>\n<div id=\"attachment_18822\" style=\"width: 3603px\" class=\"wp-caption alignnone\"><img loading=\"lazy\" decoding=\"async\" aria-describedby=\"caption-attachment-18822\" class=\"wp-image-18822 size-full\" src=\"https:\/\/kunmedierne.dk\/thy\/wp-content\/uploads\/sites\/2\/2026\/03\/Naturboernehaven-Kronens-Mark01-kopier.jpg\" alt=\"\" width=\"3593\" height=\"2391\" srcset=\"https:\/\/kunmedierne.dk\/thy\/wp-content\/uploads\/sites\/2\/2026\/03\/Naturboernehaven-Kronens-Mark01-kopier.jpg 3593w, https:\/\/kunmedierne.dk\/thy\/wp-content\/uploads\/sites\/2\/2026\/03\/Naturboernehaven-Kronens-Mark01-kopier-300x200.jpg 300w, https:\/\/kunmedierne.dk\/thy\/wp-content\/uploads\/sites\/2\/2026\/03\/Naturboernehaven-Kronens-Mark01-kopier-1024x681.jpg 1024w, https:\/\/kunmedierne.dk\/thy\/wp-content\/uploads\/sites\/2\/2026\/03\/Naturboernehaven-Kronens-Mark01-kopier-510x339.jpg 510w\" sizes=\"auto, (max-width: 3593px) 100vw, 3593px\" \/><p id=\"caption-attachment-18822\" class=\"wp-caption-text\">Naturb\u00f8rnehaven Kronens Mark, Thisted. Foto: Jens Fogh-Andersen<\/p><\/div>\n<p>&nbsp;<\/p>\n<p>Selv om udvalget ikke i denne omgang \u00f8nsker at arbejde videre med muligheden af at etablere vuggestuepladserne, er sagen ikke lukke definitivt. Udvalget har nemlig besluttet at sagen skal vurderes igen i januar 2028.<\/p>\n","protected":false},"excerpt":{"rendered":"<p>THISTED: Et \u00f8nske om at udvide pasningstilbuddet i Naturb\u00f8rnehaven Kronens Mark i Thisted med 10 nye vuggestuepladser bliver ikke opfyldt. I hvert fald ikke i denne omgang. Det ligger fast efter kommunens b\u00f8rne- og familieudvalg har behandlet en ans\u00f8gning fra for\u00e6ldrer\u00e5det i Naturb\u00f8rnehaven Kronens Mark om at f\u00e5 etableret 10 nye vuggestuepladser i tilknytning til [&hellip;]<\/p>\n","protected":false},"author":4535,"featured_media":0,"comment_status":"closed","ping_status":"closed","sticky":false,"template":"","format":"standard","meta":{"_acf_changed":false,"footnotes":""},"categories":[24],"tags":[40],"class_list":["post-18806","post","type-post","status-publish","format-standard","hentry","category-lokalt","tag-institutioner"],"acf":[],"yoast_head":"<!-- This site is optimized with the Yoast SEO plugin v26.8 - https:\/\/yoast.com\/product\/yoast-seo-wordpress\/ -->\n<title>Nej til \u00f8nske om vuggestue-pladser: Der er kapacitet i Thisted by allerede - Thy<\/title>\n<meta name=\"robots\" content=\"index, follow, max-snippet:-1, max-image-preview:large, max-video-preview:-1\" \/>\n<link rel=\"canonical\" href=\"https:\/\/kunmedierne.dk\/thy\/nej-til-oenske-om-vuggestue-pladser-der-er-kapacitet-i-thisted-by-allerede\/\" \/>\n<meta property=\"og:locale\" content=\"da_DK\" \/>\n<meta property=\"og:type\" content=\"article\" \/>\n<meta property=\"og:title\" content=\"Nej til \u00f8nske om vuggestue-pladser: Der er kapacitet i Thisted by allerede - Thy\" \/>\n<meta property=\"og:description\" content=\"THISTED: Et \u00f8nske om at udvide pasningstilbuddet i Naturb\u00f8rnehaven Kronens Mark i Thisted med 10 nye vuggestuepladser bliver ikke opfyldt. I hvert fald ikke i denne omgang. Det ligger fast efter kommunens b\u00f8rne- og familieudvalg har behandlet en ans\u00f8gning fra for\u00e6ldrer\u00e5det i Naturb\u00f8rnehaven Kronens Mark om at f\u00e5 etableret 10 nye vuggestuepladser i tilknytning til [&hellip;]\" \/>\n<meta property=\"og:url\" content=\"https:\/\/kunmedierne.dk\/thy\/nej-til-oenske-om-vuggestue-pladser-der-er-kapacitet-i-thisted-by-allerede\/\" \/>\n<meta property=\"og:site_name\" content=\"Thy\" \/>\n<meta property=\"article:published_time\" content=\"2026-03-12T17:29:40+00:00\" \/>\n<meta property=\"og:image\" content=\"https:\/\/kunmedierne.dk\/thy\/wp-content\/uploads\/sites\/2\/2026\/02\/Casper-Soee-Larsen-LA02-kopier.jpg\" \/>\n<meta name=\"author\" content=\"Jens Fogh Andersen\" \/>\n<meta name=\"twitter:card\" content=\"summary_large_image\" \/>\n<meta name=\"twitter:label1\" content=\"Skrevet af\" \/>\n\t<meta name=\"twitter:data1\" content=\"Jens Fogh Andersen\" \/>\n\t<meta name=\"twitter:label2\" content=\"Estimeret l\u00e6setid\" \/>\n\t<meta name=\"twitter:data2\" content=\"3 minutter\" \/>\n<script type=\"application\/ld+json\" class=\"yoast-schema-graph\">{\"@context\":\"https:\/\/schema.org\",\"@graph\":[{\"@type\":\"Article\",\"@id\":\"https:\/\/kunmedierne.dk\/thy\/nej-til-oenske-om-vuggestue-pladser-der-er-kapacitet-i-thisted-by-allerede\/#article\",\"isPartOf\":{\"@id\":\"https:\/\/kunmedierne.dk\/thy\/nej-til-oenske-om-vuggestue-pladser-der-er-kapacitet-i-thisted-by-allerede\/\"},\"author\":{\"name\":\"Jens Fogh Andersen\",\"@id\":\"https:\/\/kunmedierne.dk\/thy\/#\/schema\/person\/88f5be46809ca2a5533760eb574fef93\"},\"headline\":\"Nej til \u00f8nske om vuggestue-pladser: Der er kapacitet i Thisted by allerede\",\"datePublished\":\"2026-03-12T17:29:40+00:00\",\"mainEntityOfPage\":{\"@id\":\"https:\/\/kunmedierne.dk\/thy\/nej-til-oenske-om-vuggestue-pladser-der-er-kapacitet-i-thisted-by-allerede\/\"},\"wordCount\":412,\"publisher\":{\"@id\":\"https:\/\/kunmedierne.dk\/thy\/#organization\"},\"image\":{\"@id\":\"https:\/\/kunmedierne.dk\/thy\/nej-til-oenske-om-vuggestue-pladser-der-er-kapacitet-i-thisted-by-allerede\/#primaryimage\"},\"thumbnailUrl\":\"https:\/\/kunmedierne.dk\/thy\/wp-content\/uploads\/sites\/2\/2026\/02\/Casper-Soee-Larsen-LA02-kopier.jpg\",\"keywords\":[\"Institutioner\"],\"articleSection\":[\"Lokalt\"],\"inLanguage\":\"da-DK\"},{\"@type\":\"WebPage\",\"@id\":\"https:\/\/kunmedierne.dk\/thy\/nej-til-oenske-om-vuggestue-pladser-der-er-kapacitet-i-thisted-by-allerede\/\",\"url\":\"https:\/\/kunmedierne.dk\/thy\/nej-til-oenske-om-vuggestue-pladser-der-er-kapacitet-i-thisted-by-allerede\/\",\"name\":\"Nej til \u00f8nske om vuggestue-pladser: Der er kapacitet i Thisted by allerede - Thy\",\"isPartOf\":{\"@id\":\"https:\/\/kunmedierne.dk\/thy\/#website\"},\"primaryImageOfPage\":{\"@id\":\"https:\/\/kunmedierne.dk\/thy\/nej-til-oenske-om-vuggestue-pladser-der-er-kapacitet-i-thisted-by-allerede\/#primaryimage\"},\"image\":{\"@id\":\"https:\/\/kunmedierne.dk\/thy\/nej-til-oenske-om-vuggestue-pladser-der-er-kapacitet-i-thisted-by-allerede\/#primaryimage\"},\"thumbnailUrl\":\"https:\/\/kunmedierne.dk\/thy\/wp-content\/uploads\/sites\/2\/2026\/02\/Casper-Soee-Larsen-LA02-kopier.jpg\",\"datePublished\":\"2026-03-12T17:29:40+00:00\",\"breadcrumb\":{\"@id\":\"https:\/\/kunmedierne.dk\/thy\/nej-til-oenske-om-vuggestue-pladser-der-er-kapacitet-i-thisted-by-allerede\/#breadcrumb\"},\"inLanguage\":\"da-DK\",\"potentialAction\":[{\"@type\":\"ReadAction\",\"target\":[\"https:\/\/kunmedierne.dk\/thy\/nej-til-oenske-om-vuggestue-pladser-der-er-kapacitet-i-thisted-by-allerede\/\"]}]},{\"@type\":\"ImageObject\",\"inLanguage\":\"da-DK\",\"@id\":\"https:\/\/kunmedierne.dk\/thy\/nej-til-oenske-om-vuggestue-pladser-der-er-kapacitet-i-thisted-by-allerede\/#primaryimage\",\"url\":\"https:\/\/kunmedierne.dk\/thy\/wp-content\/uploads\/sites\/2\/2026\/02\/Casper-Soee-Larsen-LA02-kopier.jpg\",\"contentUrl\":\"https:\/\/kunmedierne.dk\/thy\/wp-content\/uploads\/sites\/2\/2026\/02\/Casper-Soee-Larsen-LA02-kopier.jpg\",\"width\":2936,\"height\":1954,\"caption\":\"Thisted KB 2026-2029 Foto: Jens Fogh-Andersen 041225\"},{\"@type\":\"BreadcrumbList\",\"@id\":\"https:\/\/kunmedierne.dk\/thy\/nej-til-oenske-om-vuggestue-pladser-der-er-kapacitet-i-thisted-by-allerede\/#breadcrumb\",\"itemListElement\":[{\"@type\":\"ListItem\",\"position\":1,\"name\":\"Home\",\"item\":\"https:\/\/kunmedierne.dk\/thy\/\"},{\"@type\":\"ListItem\",\"position\":2,\"name\":\"Nej til \u00f8nske om vuggestue-pladser: Der er kapacitet i Thisted by allerede\"}]},{\"@type\":\"WebSite\",\"@id\":\"https:\/\/kunmedierne.dk\/thy\/#website\",\"url\":\"https:\/\/kunmedierne.dk\/thy\/\",\"name\":\"Thy\",\"description\":\"et netmedie med journalistik om livet i Thy\",\"publisher\":{\"@id\":\"https:\/\/kunmedierne.dk\/thy\/#organization\"},\"potentialAction\":[{\"@type\":\"SearchAction\",\"target\":{\"@type\":\"EntryPoint\",\"urlTemplate\":\"https:\/\/kunmedierne.dk\/thy\/?s={search_term_string}\"},\"query-input\":{\"@type\":\"PropertyValueSpecification\",\"valueRequired\":true,\"valueName\":\"search_term_string\"}}],\"inLanguage\":\"da-DK\"},{\"@type\":\"Organization\",\"@id\":\"https:\/\/kunmedierne.dk\/thy\/#organization\",\"name\":\"Thy\",\"url\":\"https:\/\/kunmedierne.dk\/thy\/\",\"logo\":{\"@type\":\"ImageObject\",\"inLanguage\":\"da-DK\",\"@id\":\"https:\/\/kunmedierne.dk\/thy\/#\/schema\/logo\/image\/\",\"url\":\"https:\/\/kunmedierne.dk\/thy\/wp-content\/uploads\/sites\/2\/2025\/04\/kunthy-logo.svg\",\"contentUrl\":\"https:\/\/kunmedierne.dk\/thy\/wp-content\/uploads\/sites\/2\/2025\/04\/kunthy-logo.svg\",\"caption\":\"Thy\"},\"image\":{\"@id\":\"https:\/\/kunmedierne.dk\/thy\/#\/schema\/logo\/image\/\"}},{\"@type\":\"Person\",\"@id\":\"https:\/\/kunmedierne.dk\/thy\/#\/schema\/person\/88f5be46809ca2a5533760eb574fef93\",\"name\":\"Jens Fogh Andersen\",\"image\":{\"@type\":\"ImageObject\",\"inLanguage\":\"da-DK\",\"@id\":\"https:\/\/kunmedierne.dk\/thy\/#\/schema\/person\/image\/\",\"url\":\"https:\/\/secure.gravatar.com\/avatar\/2b367a4ef139b1c41dccc9ee7af926b81f8b4cca3359772e86c7fd5ced26c0a3?s=96&d=mm&r=g\",\"contentUrl\":\"https:\/\/secure.gravatar.com\/avatar\/2b367a4ef139b1c41dccc9ee7af926b81f8b4cca3359772e86c7fd5ced26c0a3?s=96&d=mm&r=g\",\"caption\":\"Jens Fogh Andersen\"},\"url\":\"https:\/\/kunmedierne.dk\/thy\/author\/jfa\/\"}]}<\/script>\n<!-- \/ Yoast SEO plugin. -->","yoast_head_json":{"title":"Nej til \u00f8nske om vuggestue-pladser: Der er kapacitet i Thisted by allerede - Thy","robots":{"index":"index","follow":"follow","max-snippet":"max-snippet:-1","max-image-preview":"max-image-preview:large","max-video-preview":"max-video-preview:-1"},"canonical":"https:\/\/kunmedierne.dk\/thy\/nej-til-oenske-om-vuggestue-pladser-der-er-kapacitet-i-thisted-by-allerede\/","og_locale":"da_DK","og_type":"article","og_title":"Nej til \u00f8nske om vuggestue-pladser: Der er kapacitet i Thisted by allerede - Thy","og_description":"THISTED: Et \u00f8nske om at udvide pasningstilbuddet i Naturb\u00f8rnehaven Kronens Mark i Thisted med 10 nye vuggestuepladser bliver ikke opfyldt. I hvert fald ikke i denne omgang. Det ligger fast efter kommunens b\u00f8rne- og familieudvalg har behandlet en ans\u00f8gning fra for\u00e6ldrer\u00e5det i Naturb\u00f8rnehaven Kronens Mark om at f\u00e5 etableret 10 nye vuggestuepladser i tilknytning til [&hellip;]","og_url":"https:\/\/kunmedierne.dk\/thy\/nej-til-oenske-om-vuggestue-pladser-der-er-kapacitet-i-thisted-by-allerede\/","og_site_name":"Thy","article_published_time":"2026-03-12T17:29:40+00:00","og_image":[{"url":"https:\/\/kunmedierne.dk\/thy\/wp-content\/uploads\/sites\/2\/2026\/02\/Casper-Soee-Larsen-LA02-kopier.jpg","type":"","width":"","height":""}],"author":"Jens Fogh Andersen","twitter_card":"summary_large_image","twitter_misc":{"Skrevet af":"Jens Fogh Andersen","Estimeret l\u00e6setid":"3 minutter"},"schema":{"@context":"https:\/\/schema.org","@graph":[{"@type":"Article","@id":"https:\/\/kunmedierne.dk\/thy\/nej-til-oenske-om-vuggestue-pladser-der-er-kapacitet-i-thisted-by-allerede\/#article","isPartOf":{"@id":"https:\/\/kunmedierne.dk\/thy\/nej-til-oenske-om-vuggestue-pladser-der-er-kapacitet-i-thisted-by-allerede\/"},"author":{"name":"Jens Fogh Andersen","@id":"https:\/\/kunmedierne.dk\/thy\/#\/schema\/person\/88f5be46809ca2a5533760eb574fef93"},"headline":"Nej til \u00f8nske om vuggestue-pladser: Der er kapacitet i Thisted by allerede","datePublished":"2026-03-12T17:29:40+00:00","mainEntityOfPage":{"@id":"https:\/\/kunmedierne.dk\/thy\/nej-til-oenske-om-vuggestue-pladser-der-er-kapacitet-i-thisted-by-allerede\/"},"wordCount":412,"publisher":{"@id":"https:\/\/kunmedierne.dk\/thy\/#organization"},"image":{"@id":"https:\/\/kunmedierne.dk\/thy\/nej-til-oenske-om-vuggestue-pladser-der-er-kapacitet-i-thisted-by-allerede\/#primaryimage"},"thumbnailUrl":"https:\/\/kunmedierne.dk\/thy\/wp-content\/uploads\/sites\/2\/2026\/02\/Casper-Soee-Larsen-LA02-kopier.jpg","keywords":["Institutioner"],"articleSection":["Lokalt"],"inLanguage":"da-DK"},{"@type":"WebPage","@id":"https:\/\/kunmedierne.dk\/thy\/nej-til-oenske-om-vuggestue-pladser-der-er-kapacitet-i-thisted-by-allerede\/","url":"https:\/\/kunmedierne.dk\/thy\/nej-til-oenske-om-vuggestue-pladser-der-er-kapacitet-i-thisted-by-allerede\/","name":"Nej til \u00f8nske om vuggestue-pladser: Der er kapacitet i Thisted by allerede - Thy","isPartOf":{"@id":"https:\/\/kunmedierne.dk\/thy\/#website"},"primaryImageOfPage":{"@id":"https:\/\/kunmedierne.dk\/thy\/nej-til-oenske-om-vuggestue-pladser-der-er-kapacitet-i-thisted-by-allerede\/#primaryimage"},"image":{"@id":"https:\/\/kunmedierne.dk\/thy\/nej-til-oenske-om-vuggestue-pladser-der-er-kapacitet-i-thisted-by-allerede\/#primaryimage"},"thumbnailUrl":"https:\/\/kunmedierne.dk\/thy\/wp-content\/uploads\/sites\/2\/2026\/02\/Casper-Soee-Larsen-LA02-kopier.jpg","datePublished":"2026-03-12T17:29:40+00:00","breadcrumb":{"@id":"https:\/\/kunmedierne.dk\/thy\/nej-til-oenske-om-vuggestue-pladser-der-er-kapacitet-i-thisted-by-allerede\/#breadcrumb"},"inLanguage":"da-DK","potentialAction":[{"@type":"ReadAction","target":["https:\/\/kunmedierne.dk\/thy\/nej-til-oenske-om-vuggestue-pladser-der-er-kapacitet-i-thisted-by-allerede\/"]}]},{"@type":"ImageObject","inLanguage":"da-DK","@id":"https:\/\/kunmedierne.dk\/thy\/nej-til-oenske-om-vuggestue-pladser-der-er-kapacitet-i-thisted-by-allerede\/#primaryimage","url":"https:\/\/kunmedierne.dk\/thy\/wp-content\/uploads\/sites\/2\/2026\/02\/Casper-Soee-Larsen-LA02-kopier.jpg","contentUrl":"https:\/\/kunmedierne.dk\/thy\/wp-content\/uploads\/sites\/2\/2026\/02\/Casper-Soee-Larsen-LA02-kopier.jpg","width":2936,"height":1954,"caption":"Thisted KB 2026-2029 Foto: Jens Fogh-Andersen 041225"},{"@type":"BreadcrumbList","@id":"https:\/\/kunmedierne.dk\/thy\/nej-til-oenske-om-vuggestue-pladser-der-er-kapacitet-i-thisted-by-allerede\/#breadcrumb","itemListElement":[{"@type":"ListItem","position":1,"name":"Home","item":"https:\/\/kunmedierne.dk\/thy\/"},{"@type":"ListItem","position":2,"name":"Nej til \u00f8nske om vuggestue-pladser: Der er kapacitet i Thisted by allerede"}]},{"@type":"WebSite","@id":"https:\/\/kunmedierne.dk\/thy\/#website","url":"https:\/\/kunmedierne.dk\/thy\/","name":"Thy","description":"et netmedie med journalistik om livet i Thy","publisher":{"@id":"https:\/\/kunmedierne.dk\/thy\/#organization"},"potentialAction":[{"@type":"SearchAction","target":{"@type":"EntryPoint","urlTemplate":"https:\/\/kunmedierne.dk\/thy\/?s={search_term_string}"},"query-input":{"@type":"PropertyValueSpecification","valueRequired":true,"valueName":"search_term_string"}}],"inLanguage":"da-DK"},{"@type":"Organization","@id":"https:\/\/kunmedierne.dk\/thy\/#organization","name":"Thy","url":"https:\/\/kunmedierne.dk\/thy\/","logo":{"@type":"ImageObject","inLanguage":"da-DK","@id":"https:\/\/kunmedierne.dk\/thy\/#\/schema\/logo\/image\/","url":"https:\/\/kunmedierne.dk\/thy\/wp-content\/uploads\/sites\/2\/2025\/04\/kunthy-logo.svg","contentUrl":"https:\/\/kunmedierne.dk\/thy\/wp-content\/uploads\/sites\/2\/2025\/04\/kunthy-logo.svg","caption":"Thy"},"image":{"@id":"https:\/\/kunmedierne.dk\/thy\/#\/schema\/logo\/image\/"}},{"@type":"Person","@id":"https:\/\/kunmedierne.dk\/thy\/#\/schema\/person\/88f5be46809ca2a5533760eb574fef93","name":"Jens Fogh Andersen","image":{"@type":"ImageObject","inLanguage":"da-DK","@id":"https:\/\/kunmedierne.dk\/thy\/#\/schema\/person\/image\/","url":"https:\/\/secure.gravatar.com\/avatar\/2b367a4ef139b1c41dccc9ee7af926b81f8b4cca3359772e86c7fd5ced26c0a3?s=96&d=mm&r=g","contentUrl":"https:\/\/secure.gravatar.com\/avatar\/2b367a4ef139b1c41dccc9ee7af926b81f8b4cca3359772e86c7fd5ced26c0a3?s=96&d=mm&r=g","caption":"Jens Fogh Andersen"},"url":"https:\/\/kunmedierne.dk\/thy\/author\/jfa\/"}]}},"_links":{"self":[{"href":"https:\/\/kunmedierne.dk\/thy\/wp-json\/wp\/v2\/posts\/18806","targetHints":{"allow":["GET"]}}],"collection":[{"href":"https:\/\/kunmedierne.dk\/thy\/wp-json\/wp\/v2\/posts"}],"about":[{"href":"https:\/\/kunmedierne.dk\/thy\/wp-json\/wp\/v2\/types\/post"}],"author":[{"embeddable":true,"href":"https:\/\/kunmedierne.dk\/thy\/wp-json\/wp\/v2\/users\/4535"}],"replies":[{"embeddable":true,"href":"https:\/\/kunmedierne.dk\/thy\/wp-json\/wp\/v2\/comments?post=18806"}],"version-history":[{"count":4,"href":"https:\/\/kunmedierne.dk\/thy\/wp-json\/wp\/v2\/posts\/18806\/revisions"}],"predecessor-version":[{"id":18836,"href":"https:\/\/kunmedierne.dk\/thy\/wp-json\/wp\/v2\/posts\/18806\/revisions\/18836"}],"wp:attachment":[{"href":"https:\/\/kunmedierne.dk\/thy\/wp-json\/wp\/v2\/media?parent=18806"}],"wp:term":[{"taxonomy":"category","embeddable":true,"href":"https:\/\/kunmedierne.dk\/thy\/wp-json\/wp\/v2\/categories?post=18806"},{"taxonomy":"post_tag","embeddable":true,"href":"https:\/\/kunmedierne.dk\/thy\/wp-json\/wp\/v2\/tags?post=18806"}],"curies":[{"name":"wp","href":"https:\/\/api.w.org\/{rel}","templated":true}]}}