{"id":18771,"date":"2026-03-12T06:59:50","date_gmt":"2026-03-12T05:59:50","guid":{"rendered":"https:\/\/kunmedierne.dk\/thy\/?p=18771"},"modified":"2026-03-11T21:00:24","modified_gmt":"2026-03-11T20:00:24","slug":"fjordland-vi-kan-ikke-leve-med-kvaelstofreguleringen","status":"publish","type":"post","link":"https:\/\/kunmedierne.dk\/thy\/fjordland-vi-kan-ikke-leve-med-kvaelstofreguleringen\/","title":{"rendered":"<span>Fjordland:<\/span> &#8220;Vi kan ikke leve med kv\u00e6lstofreguleringen&#8221;\u00a0"},"content":{"rendered":"<p><span data-contrast=\"auto\"><strong>FJORDLAND:<\/strong> Drikkevand. Griseproduktion. Pesticider. Vandmilj\u00f8. Det er blot nogle af de emner, der fylder i valgkampen. De fyldte ogs\u00e5 i debatten p\u00e5 Fjordlands generalforsamling i Lemvig Idr\u00e6ts- og Kulturcenter tirsdag aften, hvor mange af de 160 deltagere oplever, at landbruget er under pres.<\/span><span data-ccp-props=\"{&quot;134233117&quot;:false,&quot;134233118&quot;:false,&quot;335551550&quot;:0,&quot;335551620&quot;:0,&quot;335559738&quot;:240,&quot;335559739&quot;:240}\"> Det oplyser Fjordland i en pressemeddelelse. De skriver videre:<\/span><\/p>\n<p><span data-contrast=\"auto\">&#8220;Ikke mindst i fort\u00e6llingerne fra politikere og medier, selvom man ved selvsyn kan se, at for eksempel \u00e5legr\u00e6s og fisk er p\u00e5 vej tilbage i fjordene.&#8221;<\/span><span data-ccp-props=\"{&quot;134233117&quot;:false,&quot;134233118&quot;:false,&quot;335551550&quot;:0,&quot;335551620&quot;:0,&quot;335559738&quot;:240,&quot;335559739&quot;:240}\">\u00a0<\/span><\/p>\n<p><span data-contrast=\"auto\">&#8211; Vi er n\u00f8dt til at have fagligheden i spil, n\u00e5r det g\u00e6lder b\u00e5de drikkevand, kv\u00e6lstof og CO2. Og vi er p\u00e5 vej. Vi skal bare have tiden til det, sagde formand Leif Gravesen i bestyrelsens beretning.<\/span><span data-ccp-props=\"{&quot;134233117&quot;:false,&quot;134233118&quot;:false,&quot;335551550&quot;:0,&quot;335551620&quot;:0,&quot;335559738&quot;:240,&quot;335559739&quot;:240}\">\u00a0<\/span><\/p>\n<a class=\"dvrt-link\" onClick=\"cdmtrack_click(689,jQuery(this));return false\" href=\"https:\/\/www.thistedbolig.dk\"><img decoding=\"async\" style=\"width:100%;\" src=\"https:\/\/kunmedierne.dk\/thy\/wp-content\/uploads\/sites\/2\/2025\/03\/260414ThistedBoligApril-opslag-002-1.jpg\"><\/a><script>cdmtrack_view(689);<\/script>\n<p><span data-contrast=\"auto\">En stribe ubesvarede sp\u00f8rgsm\u00e5l om ny, strammere markregulering af kv\u00e6lstof allerede fra \u00e5rsskiftet til 2027 fyldte derfor meget til generalforsamlingen.<\/span><span data-ccp-props=\"{&quot;134233117&quot;:false,&quot;134233118&quot;:false,&quot;335551550&quot;:0,&quot;335551620&quot;:0,&quot;335559738&quot;:240,&quot;335559739&quot;:240}\">\u00a0<\/span><\/p>\n<p><span data-contrast=\"auto\">&#8211; Aftalen i treparten var, at vi skulle finde nogle arealer, der kunne tages ud. F\u00f8rst derefter, i 2027-28, skulle der en h\u00e5rd kv\u00e6lstofregulering til for at finde en eventuel restindsats. Det har et flertal i Folketinget valgt at rykke frem til 1. januar 2027, s\u00e5 vi ikke n\u00e5r at f\u00e5 etableret v\u00e5domr\u00e5der og miniv\u00e5domr\u00e5der. Det bliver monsterh\u00e5rdt, og det kan vi ikke leve med, sagde Leif Gravesen.<\/span><span data-ccp-props=\"{&quot;134233117&quot;:false,&quot;134233118&quot;:false,&quot;335551550&quot;:0,&quot;335551620&quot;:0,&quot;335559738&quot;:240,&quot;335559739&quot;:240}\">\u00a0<\/span><\/p>\n<p><span data-contrast=\"auto\">Fjordland skriver, at de fortsat anbefaler at bakke op om forunders\u00f8gelser af projekter og trepartsaftalen, men formanden tvivler p\u00e5, at der stadig er en trepartsaftale, hvis et nyt regeringsgrundlag ikke \u00e6ndrer p\u00e5 Folketingets forlig om kv\u00e6lstofregulering:<\/span><span data-ccp-props=\"{&quot;134233117&quot;:false,&quot;134233118&quot;:false,&quot;335551550&quot;:0,&quot;335551620&quot;:0,&quot;335559738&quot;:240,&quot;335559739&quot;:240}\">\u00a0<\/span><\/p>\n<p><span data-contrast=\"auto\">&#8211; Ude p\u00e5 bedrifterne siger man nu nej til at v\u00e6re med i trepartsprojekter, fordi man skal bruge arealerne til at brakl\u00e6gge, s\u00e5 man p\u00e5 det resterende areal kan dyrke de afgr\u00f8der, der er n\u00f8dvendige til husdyrproduktion og markdrift. Det er noget rigtigt h\u00f8. Og jeg h\u00e5ber, at der er opbakning blandt medlemmerne til, at vi som landboforening ogs\u00e5 siger nej, hvis der ikke kommer styr p\u00e5 sp\u00f8rgsm\u00e5lene om blandt andet erstatningsjord og kompensation.<\/span><span data-ccp-props=\"{&quot;134233117&quot;:false,&quot;134233118&quot;:false,&quot;335551550&quot;:0,&quot;335551620&quot;:0,&quot;335559738&quot;:240,&quot;335559739&quot;:240}\">\u00a0<\/span><\/p>\n<p><span data-contrast=\"auto\">Det er en linje, som Fjordland sammen med andre landboforeninger har opfordret Landbrug &amp; F\u00f8devarer til at f\u00f8lge. Om n\u00f8dvendigt ogs\u00e5 juridisk i retten, oplyser de i pressemeddelelsen. <\/span><\/p>\n<p><span data-contrast=\"auto\">P\u00e5 generalforsamlingen, hvor der ved g\u00e6stebordet deltog flere folketingsmedlemmer, var der opbakning fra b\u00e5de medlemmer og aftenens g\u00e6stetaler, adm. direkt\u00f8r i Landbrug &amp; F\u00f8devarer, Morten Boje Hviid, som gav en aktuel status p\u00e5 den politiske situation.<\/span><span data-ccp-props=\"{}\">\u00a0<\/span><\/p>\n<a class=\"dvrt-link\" onClick=\"cdmtrack_click(685,jQuery(this));return false\" href=\"https:\/\/wensien.dk\/begravelse\/?gad_source=1&gclid=Cj0KCQjwtJ6_BhDWARIsAGanmKcWw6hbeoepGti1oApJGHln52gMbg8EBRZ86__3P1AJZ5dcsw4ZvNEaAk7JEALw_wcB\"><img decoding=\"async\" style=\"width:100%;\" src=\"https:\/\/kunmedierne.dk\/thy\/wp-content\/uploads\/sites\/2\/2025\/03\/wensien-stenhugger.jpg\"><\/a><script>cdmtrack_view(685);<\/script>\n<p><span data-contrast=\"auto\">Leif Gravesen blev genvalgt som formand, mens Michael Thagaard Johansen, B\u00e6kmarksbro, blev nyvalgt til bestyrelsen. Her afl\u00f8ser han Susanne Just, Thy, der ikke genopstillede. Der var desuden genvalg til Mette Iversen, Mors, og Kristian Abildgaard, Salling.<\/span><span data-ccp-props=\"{&quot;134233117&quot;:false,&quot;134233118&quot;:false,&quot;335551550&quot;:0,&quot;335551620&quot;:0,&quot;335559738&quot;:240,&quot;335559739&quot;:240}\">\u00a0<\/span><\/p>\n<p><span data-contrast=\"auto\">Fjordlands \u00e5rsrapport for 2025 viser et tilfredsstillende overskud p\u00e5 2,84 mio. kr. og blev godkendt af generalforsamlingen.<\/span><span data-ccp-props=\"{&quot;134233117&quot;:false,&quot;134233118&quot;:false,&quot;335551550&quot;:0,&quot;335551620&quot;:0,&quot;335559738&quot;:240,&quot;335559739&quot;:240}\">\u00a0<\/span><\/p>\n","protected":false},"excerpt":{"rendered":"<p>FJORDLAND: Drikkevand. Griseproduktion. Pesticider. Vandmilj\u00f8. Det er blot nogle af de emner, der fylder i valgkampen. De fyldte ogs\u00e5 i debatten p\u00e5 Fjordlands generalforsamling i Lemvig Idr\u00e6ts- og Kulturcenter tirsdag aften, hvor mange af de 160 deltagere oplever, at landbruget er under pres. Det oplyser Fjordland i en pressemeddelelse. De skriver videre: &#8220;Ikke mindst i [&hellip;]<\/p>\n","protected":false},"author":2507,"featured_media":0,"comment_status":"closed","ping_status":"closed","sticky":false,"template":"","format":"standard","meta":{"_acf_changed":false,"footnotes":""},"categories":[24],"tags":[],"class_list":["post-18771","post","type-post","status-publish","format-standard","hentry","category-lokalt"],"acf":[],"yoast_head":"<!-- This site is optimized with the Yoast SEO plugin v26.8 - https:\/\/yoast.com\/product\/yoast-seo-wordpress\/ -->\n<title>Fjordland: &quot;Vi kan ikke leve med kv\u00e6lstofreguleringen&quot;\u00a0 - Thy<\/title>\n<meta name=\"robots\" content=\"index, follow, max-snippet:-1, max-image-preview:large, max-video-preview:-1\" \/>\n<link rel=\"canonical\" href=\"https:\/\/kunmedierne.dk\/thy\/fjordland-vi-kan-ikke-leve-med-kvaelstofreguleringen\/\" \/>\n<meta property=\"og:locale\" content=\"da_DK\" \/>\n<meta property=\"og:type\" content=\"article\" \/>\n<meta property=\"og:title\" content=\"Fjordland: &quot;Vi kan ikke leve med kv\u00e6lstofreguleringen&quot;\u00a0 - Thy\" \/>\n<meta property=\"og:description\" content=\"FJORDLAND: Drikkevand. Griseproduktion. Pesticider. Vandmilj\u00f8. Det er blot nogle af de emner, der fylder i valgkampen. De fyldte ogs\u00e5 i debatten p\u00e5 Fjordlands generalforsamling i Lemvig Idr\u00e6ts- og Kulturcenter tirsdag aften, hvor mange af de 160 deltagere oplever, at landbruget er under pres. Det oplyser Fjordland i en pressemeddelelse. De skriver videre: &#8220;Ikke mindst i [&hellip;]\" \/>\n<meta property=\"og:url\" content=\"https:\/\/kunmedierne.dk\/thy\/fjordland-vi-kan-ikke-leve-med-kvaelstofreguleringen\/\" \/>\n<meta property=\"og:site_name\" content=\"Thy\" \/>\n<meta property=\"article:published_time\" content=\"2026-03-12T05:59:50+00:00\" \/>\n<meta name=\"author\" content=\"Katrine Hedegaard\" \/>\n<meta name=\"twitter:card\" content=\"summary_large_image\" \/>\n<meta name=\"twitter:label1\" content=\"Skrevet af\" \/>\n\t<meta name=\"twitter:data1\" content=\"Katrine Hedegaard\" \/>\n\t<meta name=\"twitter:label2\" content=\"Estimeret l\u00e6setid\" \/>\n\t<meta name=\"twitter:data2\" content=\"3 minutter\" \/>\n<script type=\"application\/ld+json\" class=\"yoast-schema-graph\">{\"@context\":\"https:\/\/schema.org\",\"@graph\":[{\"@type\":\"Article\",\"@id\":\"https:\/\/kunmedierne.dk\/thy\/fjordland-vi-kan-ikke-leve-med-kvaelstofreguleringen\/#article\",\"isPartOf\":{\"@id\":\"https:\/\/kunmedierne.dk\/thy\/fjordland-vi-kan-ikke-leve-med-kvaelstofreguleringen\/\"},\"author\":{\"name\":\"Katrine Hedegaard\",\"@id\":\"https:\/\/kunmedierne.dk\/thy\/#\/schema\/person\/b2e62a38069b12365e53e087a8709c64\"},\"headline\":\"Fjordland: &#8220;Vi kan ikke leve med kv\u00e6lstofreguleringen&#8221;\u00a0\",\"datePublished\":\"2026-03-12T05:59:50+00:00\",\"mainEntityOfPage\":{\"@id\":\"https:\/\/kunmedierne.dk\/thy\/fjordland-vi-kan-ikke-leve-med-kvaelstofreguleringen\/\"},\"wordCount\":475,\"publisher\":{\"@id\":\"https:\/\/kunmedierne.dk\/thy\/#organization\"},\"articleSection\":[\"Lokalt\"],\"inLanguage\":\"da-DK\"},{\"@type\":\"WebPage\",\"@id\":\"https:\/\/kunmedierne.dk\/thy\/fjordland-vi-kan-ikke-leve-med-kvaelstofreguleringen\/\",\"url\":\"https:\/\/kunmedierne.dk\/thy\/fjordland-vi-kan-ikke-leve-med-kvaelstofreguleringen\/\",\"name\":\"Fjordland: \\\"Vi kan ikke leve med kv\u00e6lstofreguleringen\\\"\u00a0 - Thy\",\"isPartOf\":{\"@id\":\"https:\/\/kunmedierne.dk\/thy\/#website\"},\"datePublished\":\"2026-03-12T05:59:50+00:00\",\"breadcrumb\":{\"@id\":\"https:\/\/kunmedierne.dk\/thy\/fjordland-vi-kan-ikke-leve-med-kvaelstofreguleringen\/#breadcrumb\"},\"inLanguage\":\"da-DK\",\"potentialAction\":[{\"@type\":\"ReadAction\",\"target\":[\"https:\/\/kunmedierne.dk\/thy\/fjordland-vi-kan-ikke-leve-med-kvaelstofreguleringen\/\"]}]},{\"@type\":\"BreadcrumbList\",\"@id\":\"https:\/\/kunmedierne.dk\/thy\/fjordland-vi-kan-ikke-leve-med-kvaelstofreguleringen\/#breadcrumb\",\"itemListElement\":[{\"@type\":\"ListItem\",\"position\":1,\"name\":\"Home\",\"item\":\"https:\/\/kunmedierne.dk\/thy\/\"},{\"@type\":\"ListItem\",\"position\":2,\"name\":\"Fjordland: &#8220;Vi kan ikke leve med kv\u00e6lstofreguleringen&#8221;\u00a0\"}]},{\"@type\":\"WebSite\",\"@id\":\"https:\/\/kunmedierne.dk\/thy\/#website\",\"url\":\"https:\/\/kunmedierne.dk\/thy\/\",\"name\":\"Thy\",\"description\":\"et netmedie med journalistik om livet i Thy\",\"publisher\":{\"@id\":\"https:\/\/kunmedierne.dk\/thy\/#organization\"},\"potentialAction\":[{\"@type\":\"SearchAction\",\"target\":{\"@type\":\"EntryPoint\",\"urlTemplate\":\"https:\/\/kunmedierne.dk\/thy\/?s={search_term_string}\"},\"query-input\":{\"@type\":\"PropertyValueSpecification\",\"valueRequired\":true,\"valueName\":\"search_term_string\"}}],\"inLanguage\":\"da-DK\"},{\"@type\":\"Organization\",\"@id\":\"https:\/\/kunmedierne.dk\/thy\/#organization\",\"name\":\"Thy\",\"url\":\"https:\/\/kunmedierne.dk\/thy\/\",\"logo\":{\"@type\":\"ImageObject\",\"inLanguage\":\"da-DK\",\"@id\":\"https:\/\/kunmedierne.dk\/thy\/#\/schema\/logo\/image\/\",\"url\":\"https:\/\/kunmedierne.dk\/thy\/wp-content\/uploads\/sites\/2\/2025\/04\/kunthy-logo.svg\",\"contentUrl\":\"https:\/\/kunmedierne.dk\/thy\/wp-content\/uploads\/sites\/2\/2025\/04\/kunthy-logo.svg\",\"caption\":\"Thy\"},\"image\":{\"@id\":\"https:\/\/kunmedierne.dk\/thy\/#\/schema\/logo\/image\/\"}},{\"@type\":\"Person\",\"@id\":\"https:\/\/kunmedierne.dk\/thy\/#\/schema\/person\/b2e62a38069b12365e53e087a8709c64\",\"name\":\"Katrine Hedegaard\",\"image\":{\"@type\":\"ImageObject\",\"inLanguage\":\"da-DK\",\"@id\":\"https:\/\/kunmedierne.dk\/thy\/#\/schema\/person\/image\/\",\"url\":\"https:\/\/secure.gravatar.com\/avatar\/18a5c72fa9148052fd3ed5a58b40fc83cfdc9811090e6e6eec9539af058edcc0?s=96&d=mm&r=g\",\"contentUrl\":\"https:\/\/secure.gravatar.com\/avatar\/18a5c72fa9148052fd3ed5a58b40fc83cfdc9811090e6e6eec9539af058edcc0?s=96&d=mm&r=g\",\"caption\":\"Katrine Hedegaard\"},\"url\":\"https:\/\/kunmedierne.dk\/thy\/author\/katrine\/\"}]}<\/script>\n<!-- \/ Yoast SEO plugin. -->","yoast_head_json":{"title":"Fjordland: \"Vi kan ikke leve med kv\u00e6lstofreguleringen\"\u00a0 - Thy","robots":{"index":"index","follow":"follow","max-snippet":"max-snippet:-1","max-image-preview":"max-image-preview:large","max-video-preview":"max-video-preview:-1"},"canonical":"https:\/\/kunmedierne.dk\/thy\/fjordland-vi-kan-ikke-leve-med-kvaelstofreguleringen\/","og_locale":"da_DK","og_type":"article","og_title":"Fjordland: \"Vi kan ikke leve med kv\u00e6lstofreguleringen\"\u00a0 - Thy","og_description":"FJORDLAND: Drikkevand. Griseproduktion. Pesticider. Vandmilj\u00f8. Det er blot nogle af de emner, der fylder i valgkampen. De fyldte ogs\u00e5 i debatten p\u00e5 Fjordlands generalforsamling i Lemvig Idr\u00e6ts- og Kulturcenter tirsdag aften, hvor mange af de 160 deltagere oplever, at landbruget er under pres. Det oplyser Fjordland i en pressemeddelelse. De skriver videre: &#8220;Ikke mindst i [&hellip;]","og_url":"https:\/\/kunmedierne.dk\/thy\/fjordland-vi-kan-ikke-leve-med-kvaelstofreguleringen\/","og_site_name":"Thy","article_published_time":"2026-03-12T05:59:50+00:00","author":"Katrine Hedegaard","twitter_card":"summary_large_image","twitter_misc":{"Skrevet af":"Katrine Hedegaard","Estimeret l\u00e6setid":"3 minutter"},"schema":{"@context":"https:\/\/schema.org","@graph":[{"@type":"Article","@id":"https:\/\/kunmedierne.dk\/thy\/fjordland-vi-kan-ikke-leve-med-kvaelstofreguleringen\/#article","isPartOf":{"@id":"https:\/\/kunmedierne.dk\/thy\/fjordland-vi-kan-ikke-leve-med-kvaelstofreguleringen\/"},"author":{"name":"Katrine Hedegaard","@id":"https:\/\/kunmedierne.dk\/thy\/#\/schema\/person\/b2e62a38069b12365e53e087a8709c64"},"headline":"Fjordland: &#8220;Vi kan ikke leve med kv\u00e6lstofreguleringen&#8221;\u00a0","datePublished":"2026-03-12T05:59:50+00:00","mainEntityOfPage":{"@id":"https:\/\/kunmedierne.dk\/thy\/fjordland-vi-kan-ikke-leve-med-kvaelstofreguleringen\/"},"wordCount":475,"publisher":{"@id":"https:\/\/kunmedierne.dk\/thy\/#organization"},"articleSection":["Lokalt"],"inLanguage":"da-DK"},{"@type":"WebPage","@id":"https:\/\/kunmedierne.dk\/thy\/fjordland-vi-kan-ikke-leve-med-kvaelstofreguleringen\/","url":"https:\/\/kunmedierne.dk\/thy\/fjordland-vi-kan-ikke-leve-med-kvaelstofreguleringen\/","name":"Fjordland: \"Vi kan ikke leve med kv\u00e6lstofreguleringen\"\u00a0 - Thy","isPartOf":{"@id":"https:\/\/kunmedierne.dk\/thy\/#website"},"datePublished":"2026-03-12T05:59:50+00:00","breadcrumb":{"@id":"https:\/\/kunmedierne.dk\/thy\/fjordland-vi-kan-ikke-leve-med-kvaelstofreguleringen\/#breadcrumb"},"inLanguage":"da-DK","potentialAction":[{"@type":"ReadAction","target":["https:\/\/kunmedierne.dk\/thy\/fjordland-vi-kan-ikke-leve-med-kvaelstofreguleringen\/"]}]},{"@type":"BreadcrumbList","@id":"https:\/\/kunmedierne.dk\/thy\/fjordland-vi-kan-ikke-leve-med-kvaelstofreguleringen\/#breadcrumb","itemListElement":[{"@type":"ListItem","position":1,"name":"Home","item":"https:\/\/kunmedierne.dk\/thy\/"},{"@type":"ListItem","position":2,"name":"Fjordland: &#8220;Vi kan ikke leve med kv\u00e6lstofreguleringen&#8221;\u00a0"}]},{"@type":"WebSite","@id":"https:\/\/kunmedierne.dk\/thy\/#website","url":"https:\/\/kunmedierne.dk\/thy\/","name":"Thy","description":"et netmedie med journalistik om livet i Thy","publisher":{"@id":"https:\/\/kunmedierne.dk\/thy\/#organization"},"potentialAction":[{"@type":"SearchAction","target":{"@type":"EntryPoint","urlTemplate":"https:\/\/kunmedierne.dk\/thy\/?s={search_term_string}"},"query-input":{"@type":"PropertyValueSpecification","valueRequired":true,"valueName":"search_term_string"}}],"inLanguage":"da-DK"},{"@type":"Organization","@id":"https:\/\/kunmedierne.dk\/thy\/#organization","name":"Thy","url":"https:\/\/kunmedierne.dk\/thy\/","logo":{"@type":"ImageObject","inLanguage":"da-DK","@id":"https:\/\/kunmedierne.dk\/thy\/#\/schema\/logo\/image\/","url":"https:\/\/kunmedierne.dk\/thy\/wp-content\/uploads\/sites\/2\/2025\/04\/kunthy-logo.svg","contentUrl":"https:\/\/kunmedierne.dk\/thy\/wp-content\/uploads\/sites\/2\/2025\/04\/kunthy-logo.svg","caption":"Thy"},"image":{"@id":"https:\/\/kunmedierne.dk\/thy\/#\/schema\/logo\/image\/"}},{"@type":"Person","@id":"https:\/\/kunmedierne.dk\/thy\/#\/schema\/person\/b2e62a38069b12365e53e087a8709c64","name":"Katrine Hedegaard","image":{"@type":"ImageObject","inLanguage":"da-DK","@id":"https:\/\/kunmedierne.dk\/thy\/#\/schema\/person\/image\/","url":"https:\/\/secure.gravatar.com\/avatar\/18a5c72fa9148052fd3ed5a58b40fc83cfdc9811090e6e6eec9539af058edcc0?s=96&d=mm&r=g","contentUrl":"https:\/\/secure.gravatar.com\/avatar\/18a5c72fa9148052fd3ed5a58b40fc83cfdc9811090e6e6eec9539af058edcc0?s=96&d=mm&r=g","caption":"Katrine Hedegaard"},"url":"https:\/\/kunmedierne.dk\/thy\/author\/katrine\/"}]}},"_links":{"self":[{"href":"https:\/\/kunmedierne.dk\/thy\/wp-json\/wp\/v2\/posts\/18771","targetHints":{"allow":["GET"]}}],"collection":[{"href":"https:\/\/kunmedierne.dk\/thy\/wp-json\/wp\/v2\/posts"}],"about":[{"href":"https:\/\/kunmedierne.dk\/thy\/wp-json\/wp\/v2\/types\/post"}],"author":[{"embeddable":true,"href":"https:\/\/kunmedierne.dk\/thy\/wp-json\/wp\/v2\/users\/2507"}],"replies":[{"embeddable":true,"href":"https:\/\/kunmedierne.dk\/thy\/wp-json\/wp\/v2\/comments?post=18771"}],"version-history":[{"count":2,"href":"https:\/\/kunmedierne.dk\/thy\/wp-json\/wp\/v2\/posts\/18771\/revisions"}],"predecessor-version":[{"id":18776,"href":"https:\/\/kunmedierne.dk\/thy\/wp-json\/wp\/v2\/posts\/18771\/revisions\/18776"}],"wp:attachment":[{"href":"https:\/\/kunmedierne.dk\/thy\/wp-json\/wp\/v2\/media?parent=18771"}],"wp:term":[{"taxonomy":"category","embeddable":true,"href":"https:\/\/kunmedierne.dk\/thy\/wp-json\/wp\/v2\/categories?post=18771"},{"taxonomy":"post_tag","embeddable":true,"href":"https:\/\/kunmedierne.dk\/thy\/wp-json\/wp\/v2\/tags?post=18771"}],"curies":[{"name":"wp","href":"https:\/\/api.w.org\/{rel}","templated":true}]}}