{"id":18745,"date":"2026-03-11T17:28:49","date_gmt":"2026-03-11T16:28:49","guid":{"rendered":"https:\/\/kunmedierne.dk\/thy\/?p=18745"},"modified":"2026-03-11T15:29:04","modified_gmt":"2026-03-11T14:29:04","slug":"to-maaneder-med-vinter-toemte-thisted-kommunes-budget-til-snerydning-i-hele-2026","status":"publish","type":"post","link":"https:\/\/kunmedierne.dk\/thy\/to-maaneder-med-vinter-toemte-thisted-kommunes-budget-til-snerydning-i-hele-2026\/","title":{"rendered":"To m\u00e5neder med vinter t\u00f8mte Thisted Kommunes budget til snerydning i hele 2026"},"content":{"rendered":"<p><strong>THISTED:\u00a0<\/strong>Vinteren blev ikke bare kold og snefyldt, den blev ogs\u00e5 en dyr omgang for Thisted Kommune.<\/p>\n<p>Alene i januar og frem til 18. februar i \u00e5r var sneplove og saltspredere i arbejde flere gange end tilf\u00e6ldet var i hvert af de fem foreg\u00e5ende \u00e5r, men det var n\u00f8dvendigt for at holde kommunens st\u00f8rste og mest brugte veje, de s\u00e5kaldte Klasse I og II-veje i farbar stand. Og det koster.<\/p>\n<p>I \u00e5r er der fra \u00e5rsskiftet og frem til udgangen af februar brugt i alt 16 millioner kroner p\u00e5 at rydde sne p\u00e5 kommunens veje. Til sammenligning blev der i hele 2025 brugt godt 13 mio. kroner til snerydning og glatf\u00f8rebek\u00e6mpelsen og i det hidtil dyreste \u00e5r i de seneste fem \u00e5r, det var 2021, blev der brugt 17,9 mio. kroner p\u00e5 snerydning og glatf\u00f8rebek\u00e6mpelse p\u00e5 de kommunale veje.<\/p>\n<p>&#8211; N\u00e5r vi taler vintertjeneste, er der meget lidt at justere p\u00e5. Vi kan ikke \u00e6ndre p\u00e5 vejret, men skal have et serviceniveau, som er i orden. Det sikrer vi ved eventuelt at justere p\u00e5 budgetterne eller det kan g\u00f8res ved at se p\u00e5, hvordan kommunens veje er kategoriseret, siger Jens Tilma, K, formand for kommunens udvalg for klima, milj\u00f8 og teknik, som havde dette \u00e5rs vintertjeneste p\u00e5 som et punkt p\u00e5 dagsordenen til denne uges m\u00f8de.<\/p>\n<p>Kommunens veje er inddelt i fire klasser. Veje i Klasse I er de st\u00f8rste og mest trafikerede veje for eksempel indfaldsveje, veje til hospitalet eller brandstationer med videre. Klasse I-veje ryddes og saltes alle ugens dage og p\u00e5 alle tider af d\u00f8gnet.<\/p>\n<p>I den anden ende af skalaen er veje i Klasse IV. Det er private f\u00e6llesveje og private veje, hvor det er grundejerne p\u00e5 vejen, som selv st\u00e5r for vintervedligeholdelsen.<\/p>\n<blockquote>\n<h4>Fire klasser af veje i kommunen:<\/h4>\n<h5>Klasse I-veje er: De st\u00f8rste og mest trafikerede veje. Bliver ryddet og saltet alle ugens dage p<span style=\"font-family: inherit;font-size: inherit\">\u00e5 alle tider af d\u00f8gnet.<\/span><\/h5>\n<h5>Klasse II-veje: Veje, som er bindeled mellem gennemfartsveje og lokalveje. Tilstr\u00e6bes ryddet og saltet i tidsrummet 03.00 &#8211; 18.00.<\/h5>\n<h5>Klasse III-veje: Veje, der ikke har betydning for afvikling af trafikken, ofte blinde veje i byer og veje med begr\u00e6nset trafik p\u00e5 landet. Saltes og ryddes for sne, hvis klasse I-II-veje er i acceptabel stand og indenfor normal arbejdstid.<\/h5>\n<h5>Klasse IV-veje: Private f\u00e6llesveje og private veje. Ryddes p\u00e5 initiativ af grundejerne p\u00e5 vejen.<\/h5>\n<\/blockquote>\n<p>Alene i perioden januar til 18. februar i \u00e5r var sneplove og saltspredere i aktion 50 gange for at holde Klasse I-vejene farbare, for Klasse II-veje var tallet 44 gange. For hele 2025 var maskinerne kaldt ud 42 gange til Klasse I-veje og 28 gange til Klasse II-veje.<\/p>\n<p>Kommunen har for hele 2026 budgettet med at bruge 16 millioner kroner til vintervedligeholdelse. De penge er brugt efter \u00e5rets to f\u00f8rste m\u00e5neder, men kommunen forventer at skulle bruge yderligere otte millioner kroner p\u00e5 vintervedligeholdelse i de sidste fire m\u00e5neder af 2026, n\u00e5r en ny vinter melder sin ankomst med glatte veje. Holder det stik, l\u00f8ber den samlede udgift til vintertjeneste i hele 2026 op p\u00e5 24 mio. kroner.<\/p>\n<p>&#8211; De penge, vi forventer at komme til at bruge ekstra p\u00e5 vintertjeneste i \u00e5r, overf\u00f8res til 2027, hvor dette \u00e5rs merforbrug forh\u00e5bentlig kan udlignes, hvis vi f\u00e5r knap s\u00e5 meget vinter n\u00e6ste \u00e5r og i de f\u00f8lgende \u00e5r, siger Jens Tilma.<\/p>\n","protected":false},"excerpt":{"rendered":"<p>THISTED:\u00a0Vinteren blev ikke bare kold og snefyldt, den blev ogs\u00e5 en dyr omgang for Thisted Kommune. Alene i januar og frem til 18. februar i \u00e5r var sneplove og saltspredere i arbejde flere gange end tilf\u00e6ldet var i hvert af de fem foreg\u00e5ende \u00e5r, men det var n\u00f8dvendigt for at holde kommunens st\u00f8rste og mest [&hellip;]<\/p>\n","protected":false},"author":4535,"featured_media":0,"comment_status":"closed","ping_status":"closed","sticky":false,"template":"","format":"standard","meta":{"_acf_changed":false,"footnotes":""},"categories":[24],"tags":[62],"class_list":["post-18745","post","type-post","status-publish","format-standard","hentry","category-lokalt","tag-trafik"],"acf":[],"yoast_head":"<!-- This site is optimized with the Yoast SEO plugin v26.8 - https:\/\/yoast.com\/product\/yoast-seo-wordpress\/ -->\n<title>To m\u00e5neder med vinter t\u00f8mte Thisted Kommunes budget til snerydning i hele 2026 - Thy<\/title>\n<meta name=\"robots\" content=\"index, follow, max-snippet:-1, max-image-preview:large, max-video-preview:-1\" \/>\n<link rel=\"canonical\" href=\"https:\/\/kunmedierne.dk\/thy\/to-maaneder-med-vinter-toemte-thisted-kommunes-budget-til-snerydning-i-hele-2026\/\" \/>\n<meta property=\"og:locale\" content=\"da_DK\" \/>\n<meta property=\"og:type\" content=\"article\" \/>\n<meta property=\"og:title\" content=\"To m\u00e5neder med vinter t\u00f8mte Thisted Kommunes budget til snerydning i hele 2026 - Thy\" \/>\n<meta property=\"og:description\" content=\"THISTED:\u00a0Vinteren blev ikke bare kold og snefyldt, den blev ogs\u00e5 en dyr omgang for Thisted Kommune. Alene i januar og frem til 18. februar i \u00e5r var sneplove og saltspredere i arbejde flere gange end tilf\u00e6ldet var i hvert af de fem foreg\u00e5ende \u00e5r, men det var n\u00f8dvendigt for at holde kommunens st\u00f8rste og mest [&hellip;]\" \/>\n<meta property=\"og:url\" content=\"https:\/\/kunmedierne.dk\/thy\/to-maaneder-med-vinter-toemte-thisted-kommunes-budget-til-snerydning-i-hele-2026\/\" \/>\n<meta property=\"og:site_name\" content=\"Thy\" \/>\n<meta property=\"article:published_time\" content=\"2026-03-11T16:28:49+00:00\" \/>\n<meta name=\"author\" content=\"Jens Fogh Andersen\" \/>\n<meta name=\"twitter:card\" content=\"summary_large_image\" \/>\n<meta name=\"twitter:label1\" content=\"Skrevet af\" \/>\n\t<meta name=\"twitter:data1\" content=\"Jens Fogh Andersen\" \/>\n\t<meta name=\"twitter:label2\" content=\"Estimeret l\u00e6setid\" \/>\n\t<meta name=\"twitter:data2\" content=\"3 minutter\" \/>\n<script type=\"application\/ld+json\" class=\"yoast-schema-graph\">{\"@context\":\"https:\/\/schema.org\",\"@graph\":[{\"@type\":\"Article\",\"@id\":\"https:\/\/kunmedierne.dk\/thy\/to-maaneder-med-vinter-toemte-thisted-kommunes-budget-til-snerydning-i-hele-2026\/#article\",\"isPartOf\":{\"@id\":\"https:\/\/kunmedierne.dk\/thy\/to-maaneder-med-vinter-toemte-thisted-kommunes-budget-til-snerydning-i-hele-2026\/\"},\"author\":{\"name\":\"Jens Fogh Andersen\",\"@id\":\"https:\/\/kunmedierne.dk\/thy\/#\/schema\/person\/88f5be46809ca2a5533760eb574fef93\"},\"headline\":\"To m\u00e5neder med vinter t\u00f8mte Thisted Kommunes budget til snerydning i hele 2026\",\"datePublished\":\"2026-03-11T16:28:49+00:00\",\"mainEntityOfPage\":{\"@id\":\"https:\/\/kunmedierne.dk\/thy\/to-maaneder-med-vinter-toemte-thisted-kommunes-budget-til-snerydning-i-hele-2026\/\"},\"wordCount\":570,\"publisher\":{\"@id\":\"https:\/\/kunmedierne.dk\/thy\/#organization\"},\"keywords\":[\"Trafik\"],\"articleSection\":[\"Lokalt\"],\"inLanguage\":\"da-DK\"},{\"@type\":\"WebPage\",\"@id\":\"https:\/\/kunmedierne.dk\/thy\/to-maaneder-med-vinter-toemte-thisted-kommunes-budget-til-snerydning-i-hele-2026\/\",\"url\":\"https:\/\/kunmedierne.dk\/thy\/to-maaneder-med-vinter-toemte-thisted-kommunes-budget-til-snerydning-i-hele-2026\/\",\"name\":\"To m\u00e5neder med vinter t\u00f8mte Thisted Kommunes budget til snerydning i hele 2026 - Thy\",\"isPartOf\":{\"@id\":\"https:\/\/kunmedierne.dk\/thy\/#website\"},\"datePublished\":\"2026-03-11T16:28:49+00:00\",\"breadcrumb\":{\"@id\":\"https:\/\/kunmedierne.dk\/thy\/to-maaneder-med-vinter-toemte-thisted-kommunes-budget-til-snerydning-i-hele-2026\/#breadcrumb\"},\"inLanguage\":\"da-DK\",\"potentialAction\":[{\"@type\":\"ReadAction\",\"target\":[\"https:\/\/kunmedierne.dk\/thy\/to-maaneder-med-vinter-toemte-thisted-kommunes-budget-til-snerydning-i-hele-2026\/\"]}]},{\"@type\":\"BreadcrumbList\",\"@id\":\"https:\/\/kunmedierne.dk\/thy\/to-maaneder-med-vinter-toemte-thisted-kommunes-budget-til-snerydning-i-hele-2026\/#breadcrumb\",\"itemListElement\":[{\"@type\":\"ListItem\",\"position\":1,\"name\":\"Home\",\"item\":\"https:\/\/kunmedierne.dk\/thy\/\"},{\"@type\":\"ListItem\",\"position\":2,\"name\":\"To m\u00e5neder med vinter t\u00f8mte Thisted Kommunes budget til snerydning i hele 2026\"}]},{\"@type\":\"WebSite\",\"@id\":\"https:\/\/kunmedierne.dk\/thy\/#website\",\"url\":\"https:\/\/kunmedierne.dk\/thy\/\",\"name\":\"Thy\",\"description\":\"et netmedie med journalistik om livet i Thy\",\"publisher\":{\"@id\":\"https:\/\/kunmedierne.dk\/thy\/#organization\"},\"potentialAction\":[{\"@type\":\"SearchAction\",\"target\":{\"@type\":\"EntryPoint\",\"urlTemplate\":\"https:\/\/kunmedierne.dk\/thy\/?s={search_term_string}\"},\"query-input\":{\"@type\":\"PropertyValueSpecification\",\"valueRequired\":true,\"valueName\":\"search_term_string\"}}],\"inLanguage\":\"da-DK\"},{\"@type\":\"Organization\",\"@id\":\"https:\/\/kunmedierne.dk\/thy\/#organization\",\"name\":\"Thy\",\"url\":\"https:\/\/kunmedierne.dk\/thy\/\",\"logo\":{\"@type\":\"ImageObject\",\"inLanguage\":\"da-DK\",\"@id\":\"https:\/\/kunmedierne.dk\/thy\/#\/schema\/logo\/image\/\",\"url\":\"https:\/\/kunmedierne.dk\/thy\/wp-content\/uploads\/sites\/2\/2025\/04\/kunthy-logo.svg\",\"contentUrl\":\"https:\/\/kunmedierne.dk\/thy\/wp-content\/uploads\/sites\/2\/2025\/04\/kunthy-logo.svg\",\"caption\":\"Thy\"},\"image\":{\"@id\":\"https:\/\/kunmedierne.dk\/thy\/#\/schema\/logo\/image\/\"}},{\"@type\":\"Person\",\"@id\":\"https:\/\/kunmedierne.dk\/thy\/#\/schema\/person\/88f5be46809ca2a5533760eb574fef93\",\"name\":\"Jens Fogh Andersen\",\"image\":{\"@type\":\"ImageObject\",\"inLanguage\":\"da-DK\",\"@id\":\"https:\/\/kunmedierne.dk\/thy\/#\/schema\/person\/image\/\",\"url\":\"https:\/\/secure.gravatar.com\/avatar\/2b367a4ef139b1c41dccc9ee7af926b81f8b4cca3359772e86c7fd5ced26c0a3?s=96&d=mm&r=g\",\"contentUrl\":\"https:\/\/secure.gravatar.com\/avatar\/2b367a4ef139b1c41dccc9ee7af926b81f8b4cca3359772e86c7fd5ced26c0a3?s=96&d=mm&r=g\",\"caption\":\"Jens Fogh Andersen\"},\"url\":\"https:\/\/kunmedierne.dk\/thy\/author\/jfa\/\"}]}<\/script>\n<!-- \/ Yoast SEO plugin. -->","yoast_head_json":{"title":"To m\u00e5neder med vinter t\u00f8mte Thisted Kommunes budget til snerydning i hele 2026 - Thy","robots":{"index":"index","follow":"follow","max-snippet":"max-snippet:-1","max-image-preview":"max-image-preview:large","max-video-preview":"max-video-preview:-1"},"canonical":"https:\/\/kunmedierne.dk\/thy\/to-maaneder-med-vinter-toemte-thisted-kommunes-budget-til-snerydning-i-hele-2026\/","og_locale":"da_DK","og_type":"article","og_title":"To m\u00e5neder med vinter t\u00f8mte Thisted Kommunes budget til snerydning i hele 2026 - Thy","og_description":"THISTED:\u00a0Vinteren blev ikke bare kold og snefyldt, den blev ogs\u00e5 en dyr omgang for Thisted Kommune. Alene i januar og frem til 18. februar i \u00e5r var sneplove og saltspredere i arbejde flere gange end tilf\u00e6ldet var i hvert af de fem foreg\u00e5ende \u00e5r, men det var n\u00f8dvendigt for at holde kommunens st\u00f8rste og mest [&hellip;]","og_url":"https:\/\/kunmedierne.dk\/thy\/to-maaneder-med-vinter-toemte-thisted-kommunes-budget-til-snerydning-i-hele-2026\/","og_site_name":"Thy","article_published_time":"2026-03-11T16:28:49+00:00","author":"Jens Fogh Andersen","twitter_card":"summary_large_image","twitter_misc":{"Skrevet af":"Jens Fogh Andersen","Estimeret l\u00e6setid":"3 minutter"},"schema":{"@context":"https:\/\/schema.org","@graph":[{"@type":"Article","@id":"https:\/\/kunmedierne.dk\/thy\/to-maaneder-med-vinter-toemte-thisted-kommunes-budget-til-snerydning-i-hele-2026\/#article","isPartOf":{"@id":"https:\/\/kunmedierne.dk\/thy\/to-maaneder-med-vinter-toemte-thisted-kommunes-budget-til-snerydning-i-hele-2026\/"},"author":{"name":"Jens Fogh Andersen","@id":"https:\/\/kunmedierne.dk\/thy\/#\/schema\/person\/88f5be46809ca2a5533760eb574fef93"},"headline":"To m\u00e5neder med vinter t\u00f8mte Thisted Kommunes budget til snerydning i hele 2026","datePublished":"2026-03-11T16:28:49+00:00","mainEntityOfPage":{"@id":"https:\/\/kunmedierne.dk\/thy\/to-maaneder-med-vinter-toemte-thisted-kommunes-budget-til-snerydning-i-hele-2026\/"},"wordCount":570,"publisher":{"@id":"https:\/\/kunmedierne.dk\/thy\/#organization"},"keywords":["Trafik"],"articleSection":["Lokalt"],"inLanguage":"da-DK"},{"@type":"WebPage","@id":"https:\/\/kunmedierne.dk\/thy\/to-maaneder-med-vinter-toemte-thisted-kommunes-budget-til-snerydning-i-hele-2026\/","url":"https:\/\/kunmedierne.dk\/thy\/to-maaneder-med-vinter-toemte-thisted-kommunes-budget-til-snerydning-i-hele-2026\/","name":"To m\u00e5neder med vinter t\u00f8mte Thisted Kommunes budget til snerydning i hele 2026 - Thy","isPartOf":{"@id":"https:\/\/kunmedierne.dk\/thy\/#website"},"datePublished":"2026-03-11T16:28:49+00:00","breadcrumb":{"@id":"https:\/\/kunmedierne.dk\/thy\/to-maaneder-med-vinter-toemte-thisted-kommunes-budget-til-snerydning-i-hele-2026\/#breadcrumb"},"inLanguage":"da-DK","potentialAction":[{"@type":"ReadAction","target":["https:\/\/kunmedierne.dk\/thy\/to-maaneder-med-vinter-toemte-thisted-kommunes-budget-til-snerydning-i-hele-2026\/"]}]},{"@type":"BreadcrumbList","@id":"https:\/\/kunmedierne.dk\/thy\/to-maaneder-med-vinter-toemte-thisted-kommunes-budget-til-snerydning-i-hele-2026\/#breadcrumb","itemListElement":[{"@type":"ListItem","position":1,"name":"Home","item":"https:\/\/kunmedierne.dk\/thy\/"},{"@type":"ListItem","position":2,"name":"To m\u00e5neder med vinter t\u00f8mte Thisted Kommunes budget til snerydning i hele 2026"}]},{"@type":"WebSite","@id":"https:\/\/kunmedierne.dk\/thy\/#website","url":"https:\/\/kunmedierne.dk\/thy\/","name":"Thy","description":"et netmedie med journalistik om livet i Thy","publisher":{"@id":"https:\/\/kunmedierne.dk\/thy\/#organization"},"potentialAction":[{"@type":"SearchAction","target":{"@type":"EntryPoint","urlTemplate":"https:\/\/kunmedierne.dk\/thy\/?s={search_term_string}"},"query-input":{"@type":"PropertyValueSpecification","valueRequired":true,"valueName":"search_term_string"}}],"inLanguage":"da-DK"},{"@type":"Organization","@id":"https:\/\/kunmedierne.dk\/thy\/#organization","name":"Thy","url":"https:\/\/kunmedierne.dk\/thy\/","logo":{"@type":"ImageObject","inLanguage":"da-DK","@id":"https:\/\/kunmedierne.dk\/thy\/#\/schema\/logo\/image\/","url":"https:\/\/kunmedierne.dk\/thy\/wp-content\/uploads\/sites\/2\/2025\/04\/kunthy-logo.svg","contentUrl":"https:\/\/kunmedierne.dk\/thy\/wp-content\/uploads\/sites\/2\/2025\/04\/kunthy-logo.svg","caption":"Thy"},"image":{"@id":"https:\/\/kunmedierne.dk\/thy\/#\/schema\/logo\/image\/"}},{"@type":"Person","@id":"https:\/\/kunmedierne.dk\/thy\/#\/schema\/person\/88f5be46809ca2a5533760eb574fef93","name":"Jens Fogh Andersen","image":{"@type":"ImageObject","inLanguage":"da-DK","@id":"https:\/\/kunmedierne.dk\/thy\/#\/schema\/person\/image\/","url":"https:\/\/secure.gravatar.com\/avatar\/2b367a4ef139b1c41dccc9ee7af926b81f8b4cca3359772e86c7fd5ced26c0a3?s=96&d=mm&r=g","contentUrl":"https:\/\/secure.gravatar.com\/avatar\/2b367a4ef139b1c41dccc9ee7af926b81f8b4cca3359772e86c7fd5ced26c0a3?s=96&d=mm&r=g","caption":"Jens Fogh Andersen"},"url":"https:\/\/kunmedierne.dk\/thy\/author\/jfa\/"}]}},"_links":{"self":[{"href":"https:\/\/kunmedierne.dk\/thy\/wp-json\/wp\/v2\/posts\/18745","targetHints":{"allow":["GET"]}}],"collection":[{"href":"https:\/\/kunmedierne.dk\/thy\/wp-json\/wp\/v2\/posts"}],"about":[{"href":"https:\/\/kunmedierne.dk\/thy\/wp-json\/wp\/v2\/types\/post"}],"author":[{"embeddable":true,"href":"https:\/\/kunmedierne.dk\/thy\/wp-json\/wp\/v2\/users\/4535"}],"replies":[{"embeddable":true,"href":"https:\/\/kunmedierne.dk\/thy\/wp-json\/wp\/v2\/comments?post=18745"}],"version-history":[{"count":7,"href":"https:\/\/kunmedierne.dk\/thy\/wp-json\/wp\/v2\/posts\/18745\/revisions"}],"predecessor-version":[{"id":18768,"href":"https:\/\/kunmedierne.dk\/thy\/wp-json\/wp\/v2\/posts\/18745\/revisions\/18768"}],"wp:attachment":[{"href":"https:\/\/kunmedierne.dk\/thy\/wp-json\/wp\/v2\/media?parent=18745"}],"wp:term":[{"taxonomy":"category","embeddable":true,"href":"https:\/\/kunmedierne.dk\/thy\/wp-json\/wp\/v2\/categories?post=18745"},{"taxonomy":"post_tag","embeddable":true,"href":"https:\/\/kunmedierne.dk\/thy\/wp-json\/wp\/v2\/tags?post=18745"}],"curies":[{"name":"wp","href":"https:\/\/api.w.org\/{rel}","templated":true}]}}