{"id":18725,"date":"2026-03-11T10:57:15","date_gmt":"2026-03-11T09:57:15","guid":{"rendered":"https:\/\/kunmedierne.dk\/thy\/?p=18725"},"modified":"2026-03-11T10:57:15","modified_gmt":"2026-03-11T09:57:15","slug":"flere-seniorboliger-i-thisted-byggeprojekt-ved-groenningen-indstillet-til-kommunal-stoette","status":"publish","type":"post","link":"https:\/\/kunmedierne.dk\/thy\/flere-seniorboliger-i-thisted-byggeprojekt-ved-groenningen-indstillet-til-kommunal-stoette\/","title":{"rendered":"<span>Flere seniorboliger i Thisted: <\/span>Byggeprojekt ved Gr\u00f8nningen indstillet til kommunal st\u00f8tte"},"content":{"rendered":"<p><strong>THISTED:<\/strong> &#8211; Seniorboliger er efterspurgte, men der er for f\u00e5 af dem. S\u00e5 det er et godt projekt, som kan skabe mulighed for rotation p\u00e5 boligmarkedet.<\/p>\n<p>Det siger Jens Tilma, K, formand for kommunens udvalg for klima, milj\u00f8 og teknik, efter at udvalget p\u00e5 ugens m\u00f8de indstillede til kommunalbestyrelsen, at der siges &#8220;ja&#8221; til budgettet for Thisted Boligs byggeri af 12 nye almene \u00e6ldreboliger i Thisted.<\/p>\n<a class=\"dvrt-link\" onClick=\"cdmtrack_click(4416,jQuery(this));return false\" href=\"https:\/\/sdrhaa.dk\/\"><img decoding=\"async\" style=\"width:100%;\" src=\"https:\/\/kunmedierne.dk\/thy\/wp-content\/uploads\/sites\/2\/2025\/05\/260302Din-gebyrvenlige-sparekasse_SHS_Thy-1.gif\"><\/a><script>cdmtrack_view(4416);<\/script>\n<p>Boligerne opf\u00f8res p\u00e5 et gr\u00f8nt omr\u00e5de i tilknytning til selskabets nuv\u00e6rende etagebyggeri p\u00e5 Gr\u00f8nningen i Thisted, hvor der i dag er 93 lejligheder p\u00e5 henholdsvis to, tre og fire v\u00e6relser.<\/p>\n<p><a href=\"https:\/\/kunmedierne.dk\/thy\/seniorboliger-er-sagen-12-nye-paa-vej-i-thisted\/\">L\u00e6s ogs\u00e5: Seniorboliger er sagen: 12 nye p\u00e5 vej i Thisted<\/a><\/p>\n<p>F\u00f8lger kommunalbestyrelsen udvalgets indstilling n\u00e5r sagen er p\u00e5 dagsordenen til m\u00f8det 26. marts, skal kommunen betale en kommunal grundkapital p\u00e5 1,880.000 kroner, det svarer til otte procent af den samlede byggesum, samt stille en kommunal garanti p\u00e5 14.759.000 kroner for kreditforeningsl\u00e5net til byggeriet.<\/p>\n<a class=\"dvrt-link\" onClick=\"cdmtrack_click(685,jQuery(this));return false\" href=\"https:\/\/wensien.dk\/begravelse\/?gad_source=1&gclid=Cj0KCQjwtJ6_BhDWARIsAGanmKcWw6hbeoepGti1oApJGHln52gMbg8EBRZ86__3P1AJZ5dcsw4ZvNEaAk7JEALw_wcB\"><img decoding=\"async\" style=\"width:100%;\" src=\"https:\/\/kunmedierne.dk\/thy\/wp-content\/uploads\/sites\/2\/2025\/03\/wensien-stenhugger.jpg\"><\/a><script>cdmtrack_view(685);<\/script>\n<p>Thisted Bolig oplyser, at selskabets ventelister bekr\u00e6fter behovet for flere seniorboliger. Der kommer dagligt henvendelser p\u00e5 den type bolig som i f\u00f8lge Thisted Bolig ikke kan im\u00f8dekommes uden lange ventetider til trods for, at henvendelser p\u00e5 en seniorbolig ofte kommer, fordi der er et akut behov for boligen.<\/p>\n<p>De 12 nye \u00e6ldreboliger opf\u00f8res indenfor en anl\u00e6gsramme p\u00e5 23.5 mio. kroner. Boligerne bygges i fire forskellige st\u00f8rrelser p\u00e5 henholdsvis 82, 78, 72 0g 68 kvadratmeter. Der bygges tre boliger i hver st\u00f8rrelse.<\/p>\n<a class=\"dvrt-link\" onClick=\"cdmtrack_click(689,jQuery(this));return false\" href=\"https:\/\/www.thistedbolig.dk\"><img decoding=\"async\" style=\"width:100%;\" src=\"https:\/\/kunmedierne.dk\/thy\/wp-content\/uploads\/sites\/2\/2025\/03\/260414ThistedBoligApril-opslag-002-1.jpg\"><\/a><script>cdmtrack_view(689);<\/script>\n<p>Boligerne skal v\u00e6re fleksible, s\u00e5 de \u00e6ldre kan blive l\u00e6ngst muligt i deres eget hjem, og de skal kunne tilpasses de behov, der m\u00e5tte opst\u00e5 for eksempel med hj\u00e6lpemidler. Boligerne er placeret t\u00e6t p\u00e5 indk\u00f8bsmuligheder og er designet til at im\u00f8dekomme behovene for at blive i boligen.<\/p>\n","protected":false},"excerpt":{"rendered":"<p>THISTED: &#8211; Seniorboliger er efterspurgte, men der er for f\u00e5 af dem. S\u00e5 det er et godt projekt, som kan skabe mulighed for rotation p\u00e5 boligmarkedet. Det siger Jens Tilma, K, formand for kommunens udvalg for klima, milj\u00f8 og teknik, efter at udvalget p\u00e5 ugens m\u00f8de indstillede til kommunalbestyrelsen, at der siges &#8220;ja&#8221; til budgettet [&hellip;]<\/p>\n","protected":false},"author":4535,"featured_media":0,"comment_status":"closed","ping_status":"closed","sticky":false,"template":"","format":"standard","meta":{"_acf_changed":false,"footnotes":""},"categories":[24],"tags":[41,42],"class_list":["post-18725","post","type-post","status-publish","format-standard","hentry","category-lokalt","tag-boliger","tag-byggeri"],"acf":[],"yoast_head":"<!-- This site is optimized with the Yoast SEO plugin v26.8 - https:\/\/yoast.com\/product\/yoast-seo-wordpress\/ -->\n<title>Flere seniorboliger i Thisted: Byggeprojekt ved Gr\u00f8nningen indstillet til kommunal st\u00f8tte - Thy<\/title>\n<meta name=\"robots\" content=\"index, follow, max-snippet:-1, max-image-preview:large, max-video-preview:-1\" \/>\n<link rel=\"canonical\" href=\"https:\/\/kunmedierne.dk\/thy\/flere-seniorboliger-i-thisted-byggeprojekt-ved-groenningen-indstillet-til-kommunal-stoette\/\" \/>\n<meta property=\"og:locale\" content=\"da_DK\" \/>\n<meta property=\"og:type\" content=\"article\" \/>\n<meta property=\"og:title\" content=\"Flere seniorboliger i Thisted: Byggeprojekt ved Gr\u00f8nningen indstillet til kommunal st\u00f8tte - Thy\" \/>\n<meta property=\"og:description\" content=\"THISTED: &#8211; Seniorboliger er efterspurgte, men der er for f\u00e5 af dem. S\u00e5 det er et godt projekt, som kan skabe mulighed for rotation p\u00e5 boligmarkedet. Det siger Jens Tilma, K, formand for kommunens udvalg for klima, milj\u00f8 og teknik, efter at udvalget p\u00e5 ugens m\u00f8de indstillede til kommunalbestyrelsen, at der siges &#8220;ja&#8221; til budgettet [&hellip;]\" \/>\n<meta property=\"og:url\" content=\"https:\/\/kunmedierne.dk\/thy\/flere-seniorboliger-i-thisted-byggeprojekt-ved-groenningen-indstillet-til-kommunal-stoette\/\" \/>\n<meta property=\"og:site_name\" content=\"Thy\" \/>\n<meta property=\"article:published_time\" content=\"2026-03-11T09:57:15+00:00\" \/>\n<meta name=\"author\" content=\"Jens Fogh Andersen\" \/>\n<meta name=\"twitter:card\" content=\"summary_large_image\" \/>\n<meta name=\"twitter:label1\" content=\"Skrevet af\" \/>\n\t<meta name=\"twitter:data1\" content=\"Jens Fogh Andersen\" \/>\n\t<meta name=\"twitter:label2\" content=\"Estimeret l\u00e6setid\" \/>\n\t<meta name=\"twitter:data2\" content=\"2 minutter\" \/>\n<script type=\"application\/ld+json\" class=\"yoast-schema-graph\">{\"@context\":\"https:\/\/schema.org\",\"@graph\":[{\"@type\":\"Article\",\"@id\":\"https:\/\/kunmedierne.dk\/thy\/flere-seniorboliger-i-thisted-byggeprojekt-ved-groenningen-indstillet-til-kommunal-stoette\/#article\",\"isPartOf\":{\"@id\":\"https:\/\/kunmedierne.dk\/thy\/flere-seniorboliger-i-thisted-byggeprojekt-ved-groenningen-indstillet-til-kommunal-stoette\/\"},\"author\":{\"name\":\"Jens Fogh Andersen\",\"@id\":\"https:\/\/kunmedierne.dk\/thy\/#\/schema\/person\/88f5be46809ca2a5533760eb574fef93\"},\"headline\":\"Flere seniorboliger i Thisted: Byggeprojekt ved Gr\u00f8nningen indstillet til kommunal st\u00f8tte\",\"datePublished\":\"2026-03-11T09:57:15+00:00\",\"mainEntityOfPage\":{\"@id\":\"https:\/\/kunmedierne.dk\/thy\/flere-seniorboliger-i-thisted-byggeprojekt-ved-groenningen-indstillet-til-kommunal-stoette\/\"},\"wordCount\":311,\"publisher\":{\"@id\":\"https:\/\/kunmedierne.dk\/thy\/#organization\"},\"keywords\":[\"Boliger\",\"Byggeri\"],\"articleSection\":[\"Lokalt\"],\"inLanguage\":\"da-DK\"},{\"@type\":\"WebPage\",\"@id\":\"https:\/\/kunmedierne.dk\/thy\/flere-seniorboliger-i-thisted-byggeprojekt-ved-groenningen-indstillet-til-kommunal-stoette\/\",\"url\":\"https:\/\/kunmedierne.dk\/thy\/flere-seniorboliger-i-thisted-byggeprojekt-ved-groenningen-indstillet-til-kommunal-stoette\/\",\"name\":\"Flere seniorboliger i Thisted: Byggeprojekt ved Gr\u00f8nningen indstillet til kommunal st\u00f8tte - Thy\",\"isPartOf\":{\"@id\":\"https:\/\/kunmedierne.dk\/thy\/#website\"},\"datePublished\":\"2026-03-11T09:57:15+00:00\",\"breadcrumb\":{\"@id\":\"https:\/\/kunmedierne.dk\/thy\/flere-seniorboliger-i-thisted-byggeprojekt-ved-groenningen-indstillet-til-kommunal-stoette\/#breadcrumb\"},\"inLanguage\":\"da-DK\",\"potentialAction\":[{\"@type\":\"ReadAction\",\"target\":[\"https:\/\/kunmedierne.dk\/thy\/flere-seniorboliger-i-thisted-byggeprojekt-ved-groenningen-indstillet-til-kommunal-stoette\/\"]}]},{\"@type\":\"BreadcrumbList\",\"@id\":\"https:\/\/kunmedierne.dk\/thy\/flere-seniorboliger-i-thisted-byggeprojekt-ved-groenningen-indstillet-til-kommunal-stoette\/#breadcrumb\",\"itemListElement\":[{\"@type\":\"ListItem\",\"position\":1,\"name\":\"Home\",\"item\":\"https:\/\/kunmedierne.dk\/thy\/\"},{\"@type\":\"ListItem\",\"position\":2,\"name\":\"Flere seniorboliger i Thisted: Byggeprojekt ved Gr\u00f8nningen indstillet til kommunal st\u00f8tte\"}]},{\"@type\":\"WebSite\",\"@id\":\"https:\/\/kunmedierne.dk\/thy\/#website\",\"url\":\"https:\/\/kunmedierne.dk\/thy\/\",\"name\":\"Thy\",\"description\":\"et netmedie med journalistik om livet i Thy\",\"publisher\":{\"@id\":\"https:\/\/kunmedierne.dk\/thy\/#organization\"},\"potentialAction\":[{\"@type\":\"SearchAction\",\"target\":{\"@type\":\"EntryPoint\",\"urlTemplate\":\"https:\/\/kunmedierne.dk\/thy\/?s={search_term_string}\"},\"query-input\":{\"@type\":\"PropertyValueSpecification\",\"valueRequired\":true,\"valueName\":\"search_term_string\"}}],\"inLanguage\":\"da-DK\"},{\"@type\":\"Organization\",\"@id\":\"https:\/\/kunmedierne.dk\/thy\/#organization\",\"name\":\"Thy\",\"url\":\"https:\/\/kunmedierne.dk\/thy\/\",\"logo\":{\"@type\":\"ImageObject\",\"inLanguage\":\"da-DK\",\"@id\":\"https:\/\/kunmedierne.dk\/thy\/#\/schema\/logo\/image\/\",\"url\":\"https:\/\/kunmedierne.dk\/thy\/wp-content\/uploads\/sites\/2\/2025\/04\/kunthy-logo.svg\",\"contentUrl\":\"https:\/\/kunmedierne.dk\/thy\/wp-content\/uploads\/sites\/2\/2025\/04\/kunthy-logo.svg\",\"caption\":\"Thy\"},\"image\":{\"@id\":\"https:\/\/kunmedierne.dk\/thy\/#\/schema\/logo\/image\/\"}},{\"@type\":\"Person\",\"@id\":\"https:\/\/kunmedierne.dk\/thy\/#\/schema\/person\/88f5be46809ca2a5533760eb574fef93\",\"name\":\"Jens Fogh Andersen\",\"image\":{\"@type\":\"ImageObject\",\"inLanguage\":\"da-DK\",\"@id\":\"https:\/\/kunmedierne.dk\/thy\/#\/schema\/person\/image\/\",\"url\":\"https:\/\/secure.gravatar.com\/avatar\/2b367a4ef139b1c41dccc9ee7af926b81f8b4cca3359772e86c7fd5ced26c0a3?s=96&d=mm&r=g\",\"contentUrl\":\"https:\/\/secure.gravatar.com\/avatar\/2b367a4ef139b1c41dccc9ee7af926b81f8b4cca3359772e86c7fd5ced26c0a3?s=96&d=mm&r=g\",\"caption\":\"Jens Fogh Andersen\"},\"url\":\"https:\/\/kunmedierne.dk\/thy\/author\/jfa\/\"}]}<\/script>\n<!-- \/ Yoast SEO plugin. -->","yoast_head_json":{"title":"Flere seniorboliger i Thisted: Byggeprojekt ved Gr\u00f8nningen indstillet til kommunal st\u00f8tte - Thy","robots":{"index":"index","follow":"follow","max-snippet":"max-snippet:-1","max-image-preview":"max-image-preview:large","max-video-preview":"max-video-preview:-1"},"canonical":"https:\/\/kunmedierne.dk\/thy\/flere-seniorboliger-i-thisted-byggeprojekt-ved-groenningen-indstillet-til-kommunal-stoette\/","og_locale":"da_DK","og_type":"article","og_title":"Flere seniorboliger i Thisted: Byggeprojekt ved Gr\u00f8nningen indstillet til kommunal st\u00f8tte - Thy","og_description":"THISTED: &#8211; Seniorboliger er efterspurgte, men der er for f\u00e5 af dem. S\u00e5 det er et godt projekt, som kan skabe mulighed for rotation p\u00e5 boligmarkedet. Det siger Jens Tilma, K, formand for kommunens udvalg for klima, milj\u00f8 og teknik, efter at udvalget p\u00e5 ugens m\u00f8de indstillede til kommunalbestyrelsen, at der siges &#8220;ja&#8221; til budgettet [&hellip;]","og_url":"https:\/\/kunmedierne.dk\/thy\/flere-seniorboliger-i-thisted-byggeprojekt-ved-groenningen-indstillet-til-kommunal-stoette\/","og_site_name":"Thy","article_published_time":"2026-03-11T09:57:15+00:00","author":"Jens Fogh Andersen","twitter_card":"summary_large_image","twitter_misc":{"Skrevet af":"Jens Fogh Andersen","Estimeret l\u00e6setid":"2 minutter"},"schema":{"@context":"https:\/\/schema.org","@graph":[{"@type":"Article","@id":"https:\/\/kunmedierne.dk\/thy\/flere-seniorboliger-i-thisted-byggeprojekt-ved-groenningen-indstillet-til-kommunal-stoette\/#article","isPartOf":{"@id":"https:\/\/kunmedierne.dk\/thy\/flere-seniorboliger-i-thisted-byggeprojekt-ved-groenningen-indstillet-til-kommunal-stoette\/"},"author":{"name":"Jens Fogh Andersen","@id":"https:\/\/kunmedierne.dk\/thy\/#\/schema\/person\/88f5be46809ca2a5533760eb574fef93"},"headline":"Flere seniorboliger i Thisted: Byggeprojekt ved Gr\u00f8nningen indstillet til kommunal st\u00f8tte","datePublished":"2026-03-11T09:57:15+00:00","mainEntityOfPage":{"@id":"https:\/\/kunmedierne.dk\/thy\/flere-seniorboliger-i-thisted-byggeprojekt-ved-groenningen-indstillet-til-kommunal-stoette\/"},"wordCount":311,"publisher":{"@id":"https:\/\/kunmedierne.dk\/thy\/#organization"},"keywords":["Boliger","Byggeri"],"articleSection":["Lokalt"],"inLanguage":"da-DK"},{"@type":"WebPage","@id":"https:\/\/kunmedierne.dk\/thy\/flere-seniorboliger-i-thisted-byggeprojekt-ved-groenningen-indstillet-til-kommunal-stoette\/","url":"https:\/\/kunmedierne.dk\/thy\/flere-seniorboliger-i-thisted-byggeprojekt-ved-groenningen-indstillet-til-kommunal-stoette\/","name":"Flere seniorboliger i Thisted: Byggeprojekt ved Gr\u00f8nningen indstillet til kommunal st\u00f8tte - Thy","isPartOf":{"@id":"https:\/\/kunmedierne.dk\/thy\/#website"},"datePublished":"2026-03-11T09:57:15+00:00","breadcrumb":{"@id":"https:\/\/kunmedierne.dk\/thy\/flere-seniorboliger-i-thisted-byggeprojekt-ved-groenningen-indstillet-til-kommunal-stoette\/#breadcrumb"},"inLanguage":"da-DK","potentialAction":[{"@type":"ReadAction","target":["https:\/\/kunmedierne.dk\/thy\/flere-seniorboliger-i-thisted-byggeprojekt-ved-groenningen-indstillet-til-kommunal-stoette\/"]}]},{"@type":"BreadcrumbList","@id":"https:\/\/kunmedierne.dk\/thy\/flere-seniorboliger-i-thisted-byggeprojekt-ved-groenningen-indstillet-til-kommunal-stoette\/#breadcrumb","itemListElement":[{"@type":"ListItem","position":1,"name":"Home","item":"https:\/\/kunmedierne.dk\/thy\/"},{"@type":"ListItem","position":2,"name":"Flere seniorboliger i Thisted: Byggeprojekt ved Gr\u00f8nningen indstillet til kommunal st\u00f8tte"}]},{"@type":"WebSite","@id":"https:\/\/kunmedierne.dk\/thy\/#website","url":"https:\/\/kunmedierne.dk\/thy\/","name":"Thy","description":"et netmedie med journalistik om livet i Thy","publisher":{"@id":"https:\/\/kunmedierne.dk\/thy\/#organization"},"potentialAction":[{"@type":"SearchAction","target":{"@type":"EntryPoint","urlTemplate":"https:\/\/kunmedierne.dk\/thy\/?s={search_term_string}"},"query-input":{"@type":"PropertyValueSpecification","valueRequired":true,"valueName":"search_term_string"}}],"inLanguage":"da-DK"},{"@type":"Organization","@id":"https:\/\/kunmedierne.dk\/thy\/#organization","name":"Thy","url":"https:\/\/kunmedierne.dk\/thy\/","logo":{"@type":"ImageObject","inLanguage":"da-DK","@id":"https:\/\/kunmedierne.dk\/thy\/#\/schema\/logo\/image\/","url":"https:\/\/kunmedierne.dk\/thy\/wp-content\/uploads\/sites\/2\/2025\/04\/kunthy-logo.svg","contentUrl":"https:\/\/kunmedierne.dk\/thy\/wp-content\/uploads\/sites\/2\/2025\/04\/kunthy-logo.svg","caption":"Thy"},"image":{"@id":"https:\/\/kunmedierne.dk\/thy\/#\/schema\/logo\/image\/"}},{"@type":"Person","@id":"https:\/\/kunmedierne.dk\/thy\/#\/schema\/person\/88f5be46809ca2a5533760eb574fef93","name":"Jens Fogh Andersen","image":{"@type":"ImageObject","inLanguage":"da-DK","@id":"https:\/\/kunmedierne.dk\/thy\/#\/schema\/person\/image\/","url":"https:\/\/secure.gravatar.com\/avatar\/2b367a4ef139b1c41dccc9ee7af926b81f8b4cca3359772e86c7fd5ced26c0a3?s=96&d=mm&r=g","contentUrl":"https:\/\/secure.gravatar.com\/avatar\/2b367a4ef139b1c41dccc9ee7af926b81f8b4cca3359772e86c7fd5ced26c0a3?s=96&d=mm&r=g","caption":"Jens Fogh Andersen"},"url":"https:\/\/kunmedierne.dk\/thy\/author\/jfa\/"}]}},"_links":{"self":[{"href":"https:\/\/kunmedierne.dk\/thy\/wp-json\/wp\/v2\/posts\/18725","targetHints":{"allow":["GET"]}}],"collection":[{"href":"https:\/\/kunmedierne.dk\/thy\/wp-json\/wp\/v2\/posts"}],"about":[{"href":"https:\/\/kunmedierne.dk\/thy\/wp-json\/wp\/v2\/types\/post"}],"author":[{"embeddable":true,"href":"https:\/\/kunmedierne.dk\/thy\/wp-json\/wp\/v2\/users\/4535"}],"replies":[{"embeddable":true,"href":"https:\/\/kunmedierne.dk\/thy\/wp-json\/wp\/v2\/comments?post=18725"}],"version-history":[{"count":7,"href":"https:\/\/kunmedierne.dk\/thy\/wp-json\/wp\/v2\/posts\/18725\/revisions"}],"predecessor-version":[{"id":18733,"href":"https:\/\/kunmedierne.dk\/thy\/wp-json\/wp\/v2\/posts\/18725\/revisions\/18733"}],"wp:attachment":[{"href":"https:\/\/kunmedierne.dk\/thy\/wp-json\/wp\/v2\/media?parent=18725"}],"wp:term":[{"taxonomy":"category","embeddable":true,"href":"https:\/\/kunmedierne.dk\/thy\/wp-json\/wp\/v2\/categories?post=18725"},{"taxonomy":"post_tag","embeddable":true,"href":"https:\/\/kunmedierne.dk\/thy\/wp-json\/wp\/v2\/tags?post=18725"}],"curies":[{"name":"wp","href":"https:\/\/api.w.org\/{rel}","templated":true}]}}