{"id":18723,"date":"2026-03-11T13:50:20","date_gmt":"2026-03-11T12:50:20","guid":{"rendered":"https:\/\/kunmedierne.dk\/thy\/?p=18723"},"modified":"2026-03-11T13:50:20","modified_gmt":"2026-03-11T12:50:20","slug":"feggesund-faergen-undersoegelse-af-forbindelsens-nyttevaerdi-er-udsat","status":"publish","type":"post","link":"https:\/\/kunmedierne.dk\/thy\/feggesund-faergen-undersoegelse-af-forbindelsens-nyttevaerdi-er-udsat\/","title":{"rendered":"<span>Feggesund-f\u00e6rgen: <\/span>Unders\u00f8gelse af forbindelsens nyttev\u00e6rdi er udsat"},"content":{"rendered":"<p><strong>THISTED:<\/strong> Skal der laves en unders\u00f8gelse af Feggesund-f\u00e6rgens nyttev\u00e6rdi for Thisted Kommune &#8211; og i bekr\u00e6ftende fald hvor omfattende skal unders\u00f8gelsen v\u00e6re.<\/p>\n<a class=\"dvrt-link\" onClick=\"cdmtrack_click(18790,jQuery(this));return false\" href=\"https:\/\/thymors.dk\/sponsorater\/15-til-faellesskabet?utm_source=kunthy&amp;utm_medium=annonce&amp;utm_campaign=sponsorater\"><img decoding=\"async\" style=\"width:100%;\" src=\"https:\/\/kunmedierne.dk\/thy\/wp-content\/uploads\/sites\/2\/2026\/03\/260407ThyMors-energi_faellesskab_generel-1.jpg\"><\/a><script>cdmtrack_view(18790);<\/script>\n<p>S\u00e5dan l\u00f8d opl\u00e6gget til medlemmerne af Thisted Kommunes udvalg for klima, milj\u00f8 og teknik inden ugens m\u00f8de. Et af punkterne p\u00e5 dagsordenen var at tage stilling til, om den unders\u00f8gelse af Feggesund-f\u00e6rgens nyttev\u00e6rdi, som den dav\u00e6rende kommunalbestyrelse i maj 2023 bad om at f\u00e5 udarbejdet, skal laves nu. Med tre \u00e5rs forsinkelse, for ved en fejl er unders\u00f8gelsen aldrig lavet.<\/p>\n<p>Nu har sagen om unders\u00f8gelsen f\u00e5et et helt andet udfald, end der var lagt op til. Klima, milj\u00f8- og teknikudvalget har nemlig besluttet at uds\u00e6tte unders\u00f8gelsen af forbindelsens nyttev\u00e6rdi fordi Thisted og Mors\u00f8 kommuner lige nu forhandler om en ny aftale om kommunernes fremtidige samarbejde om driften af forbindelsen over Feggesund.<\/p>\n<div id=\"attachment_14356\" style=\"width: 1242px\" class=\"wp-caption alignnone\"><img loading=\"lazy\" decoding=\"async\" aria-describedby=\"caption-attachment-14356\" class=\"wp-image-14356 size-full\" src=\"https:\/\/kunmedierne.dk\/thy\/wp-content\/uploads\/sites\/2\/2025\/12\/Design-uden-navn-2025-12-05T114038.027.jpg\" alt=\"\" width=\"1232\" height=\"821\" srcset=\"https:\/\/kunmedierne.dk\/thy\/wp-content\/uploads\/sites\/2\/2025\/12\/Design-uden-navn-2025-12-05T114038.027.jpg 1232w, https:\/\/kunmedierne.dk\/thy\/wp-content\/uploads\/sites\/2\/2025\/12\/Design-uden-navn-2025-12-05T114038.027-300x200.jpg 300w, https:\/\/kunmedierne.dk\/thy\/wp-content\/uploads\/sites\/2\/2025\/12\/Design-uden-navn-2025-12-05T114038.027-1024x682.jpg 1024w, https:\/\/kunmedierne.dk\/thy\/wp-content\/uploads\/sites\/2\/2025\/12\/Design-uden-navn-2025-12-05T114038.027-510x340.jpg 510w\" sizes=\"auto, (max-width: 1232px) 100vw, 1232px\" \/><p id=\"caption-attachment-14356\" class=\"wp-caption-text\">Jens Tilma, K, formand for udvalget for klima, milj\u00f8 og teknik, forklarer, at beslutningen om at uds\u00e6tte unders\u00f8gelsen af Feggesund-f\u00e6rgens nyttev\u00e6rdi for Thisted Kommune er truffet, fordi der lige nu er forhandlinger mellem Thisted og Mors\u00f8 kommuner om en ny f\u00e6rgeaftale.<\/p><\/div>\n<p>&nbsp;<\/p>\n<p>&#8211; Vi valgte at uds\u00e6tte unders\u00f8gelsen\u00a0 indtil vi kender udfaldet af de forhandlinger, som lige nu er i gang, siger udvalgsformand Jens Tilma, K, og begrunder beslutningen med, at b\u00e5de unders\u00f8gelsen i sig selv om omfanget af det, der skal afd\u00e6kkes i den, vil afh\u00e6nge af indholdet at den aftale, der indg\u00e5s mellem Thisted og Mors\u00f8 kommuner om det fremtidige f\u00e6rgesamarbejde.<\/p>\n<a class=\"dvrt-link\" onClick=\"cdmtrack_click(683,jQuery(this));return false\" href=\"https:\/\/vester-begr.dk\/?utm_source=google&amp;utm_medium=advative&amp;gad_source=1&amp;gclid=Cj0KCQjwtJ6_BhDWARIsAGanmKfl-hGVVjCYiOgSKoGoxrow4kvXybZsnruKJYTslvqZDywT6a9PCQwaAmBjEALw_wcB\"><img decoding=\"async\" style=\"width:100%;\" src=\"https:\/\/kunmedierne.dk\/thy\/wp-content\/uploads\/sites\/2\/2025\/03\/260203VesterHoukaer-02022026.jpg\"><\/a><script>cdmtrack_view(683);<\/script>\n<p>P\u00e5 baggrund af udvalgets beslutning forklarer Jens Tilma, at der, alt efter indholdet af en kommende f\u00e6rgeaftale, er flere muligheder for at lave unders\u00f8gelsen &#8211; eller helt undlade at lave den. Det sidste kan v\u00e6re i det tilf\u00e6lde, at forhandlingerne ender uden en ny aftale.<\/p>\n<p>&#8211; Ender forhandlingerne derimod med en ny aftale, vil det v\u00e6re relevant at unders\u00f8ge forbindelsens nyttev\u00e6rdi, men det kan s\u00e5 ske indenfor l\u00f8betiden af den nye aftale, siger Jens Tilma.<\/p>\n<p>Senest er Feggesund-forbindelsen ogs\u00e5 blevet en del af valgkampen op til folketingsvalget 24. marts. I en valgvideo p\u00e5 Facebook diskuterer Torsten Schack Pedersen, Vestres folketingskandidat i Thistedkredsen, Feggesundf\u00e6rgen med borgmester Niels J\u00f8rgen Pedersen, V, som stiller sp\u00f8rgsm\u00e5let: &#8220;Kan staten ikke bidraget lidt her&#8221; med henvisning til, at det er dyrt for kommuner som Thisted og Mors\u00f8 at drive en f\u00e6rge.<\/p>\n<a class=\"dvrt-link\" onClick=\"cdmtrack_click(683,jQuery(this));return false\" href=\"https:\/\/vester-begr.dk\/?utm_source=google&amp;utm_medium=advative&amp;gad_source=1&amp;gclid=Cj0KCQjwtJ6_BhDWARIsAGanmKfl-hGVVjCYiOgSKoGoxrow4kvXybZsnruKJYTslvqZDywT6a9PCQwaAmBjEALw_wcB\"><img decoding=\"async\" style=\"width:100%;\" src=\"https:\/\/kunmedierne.dk\/thy\/wp-content\/uploads\/sites\/2\/2025\/03\/260203VesterHoukaer-02022026.jpg\"><\/a><script>cdmtrack_view(683);<\/script>\n<p>Svaret fra Torsten Schack Pedersen er ikke til at tage fejl af. &#8220;Det vil kun v\u00e6re rimeligt&#8221;, siger han og tilf\u00f8jer, at det er tid til at gribe handsken igen.<\/p>\n<p>&#8220;Jeg er enig. Det er en stor \u00f8konomisk belastning for Thisted og Mors\u00f8 kommuner. Derfor b\u00f8r staten st\u00f8tte vores genvejsf\u00e6rger. Det er landdistriktspolitik i praksis, siger han.<\/p>\n<p>Jens Tilma er opm\u00e6rksom p\u00e5 indspillet i debatten om Feggesundf\u00e6rgen, men er afventende i forhold til det politiske signal.<\/p>\n<p>&#8211; Torsten Schack Pedersen har siddet i regering s\u00e5 l\u00e6nge, at der havde v\u00e6ret mulighed for at spille det her ind meget tidligere frem for at vente til nu, men det er da godt, hvis Venstre vil arbejde for en god og statsst\u00f8ttet f\u00e6rge, siger han.<\/p>\n<a class=\"dvrt-link\" onClick=\"cdmtrack_click(1130,jQuery(this));return false\" href=\"https:\/\/www.thistedforsikring.dk\/?utm_source=partnerskaber&amp;utm_campaign=kun_thy\"><img decoding=\"async\" style=\"width:100%;\" src=\"https:\/\/kunmedierne.dk\/thy\/wp-content\/uploads\/sites\/2\/2025\/04\/260409KunThyThisted-For-1.png\"><\/a><script>cdmtrack_view(1130);<\/script>\n<p>Thisted Kommunes udgift til en unders\u00f8gelse af Feggesundf\u00e6rgens nyttev\u00e6rdi vil, afh\u00e6ngig af unders\u00f8gelsens omfang, koste 50.000 kroner til en simpel unders\u00f8gelse, der kortl\u00e6gger brug, mobilitet og borgernes oplevede nytte, mens en udvidet unders\u00f8gelse, der ogs\u00e5 belyser overfartens betydning for erhverv, oms\u00e6tning, turisme og bos\u00e6tning samt samfunds\u00f8konomiske effekter, vil koste cirka 300.000 kroner at lave.<\/p>\n","protected":false},"excerpt":{"rendered":"<p>THISTED: Skal der laves en unders\u00f8gelse af Feggesund-f\u00e6rgens nyttev\u00e6rdi for Thisted Kommune &#8211; og i bekr\u00e6ftende fald hvor omfattende skal unders\u00f8gelsen v\u00e6re. S\u00e5dan l\u00f8d opl\u00e6gget til medlemmerne af Thisted Kommunes udvalg for klima, milj\u00f8 og teknik inden ugens m\u00f8de. Et af punkterne p\u00e5 dagsordenen var at tage stilling til, om den unders\u00f8gelse af Feggesund-f\u00e6rgens nyttev\u00e6rdi, [&hellip;]<\/p>\n","protected":false},"author":4535,"featured_media":0,"comment_status":"closed","ping_status":"closed","sticky":false,"template":"","format":"standard","meta":{"_acf_changed":false,"footnotes":""},"categories":[24],"tags":[62],"class_list":["post-18723","post","type-post","status-publish","format-standard","hentry","category-lokalt","tag-trafik"],"acf":[],"yoast_head":"<!-- This site is optimized with the Yoast SEO plugin v26.8 - https:\/\/yoast.com\/product\/yoast-seo-wordpress\/ -->\n<title>Feggesund-f\u00e6rgen: Unders\u00f8gelse af forbindelsens nyttev\u00e6rdi er udsat - Thy<\/title>\n<meta name=\"robots\" content=\"index, follow, max-snippet:-1, max-image-preview:large, max-video-preview:-1\" \/>\n<link rel=\"canonical\" href=\"https:\/\/kunmedierne.dk\/thy\/feggesund-faergen-undersoegelse-af-forbindelsens-nyttevaerdi-er-udsat\/\" \/>\n<meta property=\"og:locale\" content=\"da_DK\" \/>\n<meta property=\"og:type\" content=\"article\" \/>\n<meta property=\"og:title\" content=\"Feggesund-f\u00e6rgen: Unders\u00f8gelse af forbindelsens nyttev\u00e6rdi er udsat - Thy\" \/>\n<meta property=\"og:description\" content=\"THISTED: Skal der laves en unders\u00f8gelse af Feggesund-f\u00e6rgens nyttev\u00e6rdi for Thisted Kommune &#8211; og i bekr\u00e6ftende fald hvor omfattende skal unders\u00f8gelsen v\u00e6re. S\u00e5dan l\u00f8d opl\u00e6gget til medlemmerne af Thisted Kommunes udvalg for klima, milj\u00f8 og teknik inden ugens m\u00f8de. Et af punkterne p\u00e5 dagsordenen var at tage stilling til, om den unders\u00f8gelse af Feggesund-f\u00e6rgens nyttev\u00e6rdi, [&hellip;]\" \/>\n<meta property=\"og:url\" content=\"https:\/\/kunmedierne.dk\/thy\/feggesund-faergen-undersoegelse-af-forbindelsens-nyttevaerdi-er-udsat\/\" \/>\n<meta property=\"og:site_name\" content=\"Thy\" \/>\n<meta property=\"article:published_time\" content=\"2026-03-11T12:50:20+00:00\" \/>\n<meta property=\"og:image\" content=\"https:\/\/kunmedierne.dk\/thy\/wp-content\/uploads\/sites\/2\/2025\/12\/Design-uden-navn-2025-12-05T114038.027.jpg\" \/>\n<meta name=\"author\" content=\"Jens Fogh Andersen\" \/>\n<meta name=\"twitter:card\" content=\"summary_large_image\" \/>\n<meta name=\"twitter:label1\" content=\"Skrevet af\" \/>\n\t<meta name=\"twitter:data1\" content=\"Jens Fogh Andersen\" \/>\n\t<meta name=\"twitter:label2\" content=\"Estimeret l\u00e6setid\" \/>\n\t<meta name=\"twitter:data2\" content=\"4 minutter\" \/>\n<script type=\"application\/ld+json\" class=\"yoast-schema-graph\">{\"@context\":\"https:\/\/schema.org\",\"@graph\":[{\"@type\":\"Article\",\"@id\":\"https:\/\/kunmedierne.dk\/thy\/feggesund-faergen-undersoegelse-af-forbindelsens-nyttevaerdi-er-udsat\/#article\",\"isPartOf\":{\"@id\":\"https:\/\/kunmedierne.dk\/thy\/feggesund-faergen-undersoegelse-af-forbindelsens-nyttevaerdi-er-udsat\/\"},\"author\":{\"name\":\"Jens Fogh Andersen\",\"@id\":\"https:\/\/kunmedierne.dk\/thy\/#\/schema\/person\/88f5be46809ca2a5533760eb574fef93\"},\"headline\":\"Feggesund-f\u00e6rgen: Unders\u00f8gelse af forbindelsens nyttev\u00e6rdi er udsat\",\"datePublished\":\"2026-03-11T12:50:20+00:00\",\"mainEntityOfPage\":{\"@id\":\"https:\/\/kunmedierne.dk\/thy\/feggesund-faergen-undersoegelse-af-forbindelsens-nyttevaerdi-er-udsat\/\"},\"wordCount\":637,\"publisher\":{\"@id\":\"https:\/\/kunmedierne.dk\/thy\/#organization\"},\"image\":{\"@id\":\"https:\/\/kunmedierne.dk\/thy\/feggesund-faergen-undersoegelse-af-forbindelsens-nyttevaerdi-er-udsat\/#primaryimage\"},\"thumbnailUrl\":\"https:\/\/kunmedierne.dk\/thy\/wp-content\/uploads\/sites\/2\/2025\/12\/Design-uden-navn-2025-12-05T114038.027.jpg\",\"keywords\":[\"Trafik\"],\"articleSection\":[\"Lokalt\"],\"inLanguage\":\"da-DK\"},{\"@type\":\"WebPage\",\"@id\":\"https:\/\/kunmedierne.dk\/thy\/feggesund-faergen-undersoegelse-af-forbindelsens-nyttevaerdi-er-udsat\/\",\"url\":\"https:\/\/kunmedierne.dk\/thy\/feggesund-faergen-undersoegelse-af-forbindelsens-nyttevaerdi-er-udsat\/\",\"name\":\"Feggesund-f\u00e6rgen: Unders\u00f8gelse af forbindelsens nyttev\u00e6rdi er udsat - Thy\",\"isPartOf\":{\"@id\":\"https:\/\/kunmedierne.dk\/thy\/#website\"},\"primaryImageOfPage\":{\"@id\":\"https:\/\/kunmedierne.dk\/thy\/feggesund-faergen-undersoegelse-af-forbindelsens-nyttevaerdi-er-udsat\/#primaryimage\"},\"image\":{\"@id\":\"https:\/\/kunmedierne.dk\/thy\/feggesund-faergen-undersoegelse-af-forbindelsens-nyttevaerdi-er-udsat\/#primaryimage\"},\"thumbnailUrl\":\"https:\/\/kunmedierne.dk\/thy\/wp-content\/uploads\/sites\/2\/2025\/12\/Design-uden-navn-2025-12-05T114038.027.jpg\",\"datePublished\":\"2026-03-11T12:50:20+00:00\",\"breadcrumb\":{\"@id\":\"https:\/\/kunmedierne.dk\/thy\/feggesund-faergen-undersoegelse-af-forbindelsens-nyttevaerdi-er-udsat\/#breadcrumb\"},\"inLanguage\":\"da-DK\",\"potentialAction\":[{\"@type\":\"ReadAction\",\"target\":[\"https:\/\/kunmedierne.dk\/thy\/feggesund-faergen-undersoegelse-af-forbindelsens-nyttevaerdi-er-udsat\/\"]}]},{\"@type\":\"ImageObject\",\"inLanguage\":\"da-DK\",\"@id\":\"https:\/\/kunmedierne.dk\/thy\/feggesund-faergen-undersoegelse-af-forbindelsens-nyttevaerdi-er-udsat\/#primaryimage\",\"url\":\"https:\/\/kunmedierne.dk\/thy\/wp-content\/uploads\/sites\/2\/2025\/12\/Design-uden-navn-2025-12-05T114038.027.jpg\",\"contentUrl\":\"https:\/\/kunmedierne.dk\/thy\/wp-content\/uploads\/sites\/2\/2025\/12\/Design-uden-navn-2025-12-05T114038.027.jpg\",\"width\":1232,\"height\":821},{\"@type\":\"BreadcrumbList\",\"@id\":\"https:\/\/kunmedierne.dk\/thy\/feggesund-faergen-undersoegelse-af-forbindelsens-nyttevaerdi-er-udsat\/#breadcrumb\",\"itemListElement\":[{\"@type\":\"ListItem\",\"position\":1,\"name\":\"Home\",\"item\":\"https:\/\/kunmedierne.dk\/thy\/\"},{\"@type\":\"ListItem\",\"position\":2,\"name\":\"Feggesund-f\u00e6rgen: Unders\u00f8gelse af forbindelsens nyttev\u00e6rdi er udsat\"}]},{\"@type\":\"WebSite\",\"@id\":\"https:\/\/kunmedierne.dk\/thy\/#website\",\"url\":\"https:\/\/kunmedierne.dk\/thy\/\",\"name\":\"Thy\",\"description\":\"et netmedie med journalistik om livet i Thy\",\"publisher\":{\"@id\":\"https:\/\/kunmedierne.dk\/thy\/#organization\"},\"potentialAction\":[{\"@type\":\"SearchAction\",\"target\":{\"@type\":\"EntryPoint\",\"urlTemplate\":\"https:\/\/kunmedierne.dk\/thy\/?s={search_term_string}\"},\"query-input\":{\"@type\":\"PropertyValueSpecification\",\"valueRequired\":true,\"valueName\":\"search_term_string\"}}],\"inLanguage\":\"da-DK\"},{\"@type\":\"Organization\",\"@id\":\"https:\/\/kunmedierne.dk\/thy\/#organization\",\"name\":\"Thy\",\"url\":\"https:\/\/kunmedierne.dk\/thy\/\",\"logo\":{\"@type\":\"ImageObject\",\"inLanguage\":\"da-DK\",\"@id\":\"https:\/\/kunmedierne.dk\/thy\/#\/schema\/logo\/image\/\",\"url\":\"https:\/\/kunmedierne.dk\/thy\/wp-content\/uploads\/sites\/2\/2025\/04\/kunthy-logo.svg\",\"contentUrl\":\"https:\/\/kunmedierne.dk\/thy\/wp-content\/uploads\/sites\/2\/2025\/04\/kunthy-logo.svg\",\"caption\":\"Thy\"},\"image\":{\"@id\":\"https:\/\/kunmedierne.dk\/thy\/#\/schema\/logo\/image\/\"}},{\"@type\":\"Person\",\"@id\":\"https:\/\/kunmedierne.dk\/thy\/#\/schema\/person\/88f5be46809ca2a5533760eb574fef93\",\"name\":\"Jens Fogh Andersen\",\"image\":{\"@type\":\"ImageObject\",\"inLanguage\":\"da-DK\",\"@id\":\"https:\/\/kunmedierne.dk\/thy\/#\/schema\/person\/image\/\",\"url\":\"https:\/\/secure.gravatar.com\/avatar\/2b367a4ef139b1c41dccc9ee7af926b81f8b4cca3359772e86c7fd5ced26c0a3?s=96&d=mm&r=g\",\"contentUrl\":\"https:\/\/secure.gravatar.com\/avatar\/2b367a4ef139b1c41dccc9ee7af926b81f8b4cca3359772e86c7fd5ced26c0a3?s=96&d=mm&r=g\",\"caption\":\"Jens Fogh Andersen\"},\"url\":\"https:\/\/kunmedierne.dk\/thy\/author\/jfa\/\"}]}<\/script>\n<!-- \/ Yoast SEO plugin. -->","yoast_head_json":{"title":"Feggesund-f\u00e6rgen: Unders\u00f8gelse af forbindelsens nyttev\u00e6rdi er udsat - Thy","robots":{"index":"index","follow":"follow","max-snippet":"max-snippet:-1","max-image-preview":"max-image-preview:large","max-video-preview":"max-video-preview:-1"},"canonical":"https:\/\/kunmedierne.dk\/thy\/feggesund-faergen-undersoegelse-af-forbindelsens-nyttevaerdi-er-udsat\/","og_locale":"da_DK","og_type":"article","og_title":"Feggesund-f\u00e6rgen: Unders\u00f8gelse af forbindelsens nyttev\u00e6rdi er udsat - Thy","og_description":"THISTED: Skal der laves en unders\u00f8gelse af Feggesund-f\u00e6rgens nyttev\u00e6rdi for Thisted Kommune &#8211; og i bekr\u00e6ftende fald hvor omfattende skal unders\u00f8gelsen v\u00e6re. S\u00e5dan l\u00f8d opl\u00e6gget til medlemmerne af Thisted Kommunes udvalg for klima, milj\u00f8 og teknik inden ugens m\u00f8de. Et af punkterne p\u00e5 dagsordenen var at tage stilling til, om den unders\u00f8gelse af Feggesund-f\u00e6rgens nyttev\u00e6rdi, [&hellip;]","og_url":"https:\/\/kunmedierne.dk\/thy\/feggesund-faergen-undersoegelse-af-forbindelsens-nyttevaerdi-er-udsat\/","og_site_name":"Thy","article_published_time":"2026-03-11T12:50:20+00:00","og_image":[{"url":"https:\/\/kunmedierne.dk\/thy\/wp-content\/uploads\/sites\/2\/2025\/12\/Design-uden-navn-2025-12-05T114038.027.jpg","type":"","width":"","height":""}],"author":"Jens Fogh Andersen","twitter_card":"summary_large_image","twitter_misc":{"Skrevet af":"Jens Fogh Andersen","Estimeret l\u00e6setid":"4 minutter"},"schema":{"@context":"https:\/\/schema.org","@graph":[{"@type":"Article","@id":"https:\/\/kunmedierne.dk\/thy\/feggesund-faergen-undersoegelse-af-forbindelsens-nyttevaerdi-er-udsat\/#article","isPartOf":{"@id":"https:\/\/kunmedierne.dk\/thy\/feggesund-faergen-undersoegelse-af-forbindelsens-nyttevaerdi-er-udsat\/"},"author":{"name":"Jens Fogh Andersen","@id":"https:\/\/kunmedierne.dk\/thy\/#\/schema\/person\/88f5be46809ca2a5533760eb574fef93"},"headline":"Feggesund-f\u00e6rgen: Unders\u00f8gelse af forbindelsens nyttev\u00e6rdi er udsat","datePublished":"2026-03-11T12:50:20+00:00","mainEntityOfPage":{"@id":"https:\/\/kunmedierne.dk\/thy\/feggesund-faergen-undersoegelse-af-forbindelsens-nyttevaerdi-er-udsat\/"},"wordCount":637,"publisher":{"@id":"https:\/\/kunmedierne.dk\/thy\/#organization"},"image":{"@id":"https:\/\/kunmedierne.dk\/thy\/feggesund-faergen-undersoegelse-af-forbindelsens-nyttevaerdi-er-udsat\/#primaryimage"},"thumbnailUrl":"https:\/\/kunmedierne.dk\/thy\/wp-content\/uploads\/sites\/2\/2025\/12\/Design-uden-navn-2025-12-05T114038.027.jpg","keywords":["Trafik"],"articleSection":["Lokalt"],"inLanguage":"da-DK"},{"@type":"WebPage","@id":"https:\/\/kunmedierne.dk\/thy\/feggesund-faergen-undersoegelse-af-forbindelsens-nyttevaerdi-er-udsat\/","url":"https:\/\/kunmedierne.dk\/thy\/feggesund-faergen-undersoegelse-af-forbindelsens-nyttevaerdi-er-udsat\/","name":"Feggesund-f\u00e6rgen: Unders\u00f8gelse af forbindelsens nyttev\u00e6rdi er udsat - Thy","isPartOf":{"@id":"https:\/\/kunmedierne.dk\/thy\/#website"},"primaryImageOfPage":{"@id":"https:\/\/kunmedierne.dk\/thy\/feggesund-faergen-undersoegelse-af-forbindelsens-nyttevaerdi-er-udsat\/#primaryimage"},"image":{"@id":"https:\/\/kunmedierne.dk\/thy\/feggesund-faergen-undersoegelse-af-forbindelsens-nyttevaerdi-er-udsat\/#primaryimage"},"thumbnailUrl":"https:\/\/kunmedierne.dk\/thy\/wp-content\/uploads\/sites\/2\/2025\/12\/Design-uden-navn-2025-12-05T114038.027.jpg","datePublished":"2026-03-11T12:50:20+00:00","breadcrumb":{"@id":"https:\/\/kunmedierne.dk\/thy\/feggesund-faergen-undersoegelse-af-forbindelsens-nyttevaerdi-er-udsat\/#breadcrumb"},"inLanguage":"da-DK","potentialAction":[{"@type":"ReadAction","target":["https:\/\/kunmedierne.dk\/thy\/feggesund-faergen-undersoegelse-af-forbindelsens-nyttevaerdi-er-udsat\/"]}]},{"@type":"ImageObject","inLanguage":"da-DK","@id":"https:\/\/kunmedierne.dk\/thy\/feggesund-faergen-undersoegelse-af-forbindelsens-nyttevaerdi-er-udsat\/#primaryimage","url":"https:\/\/kunmedierne.dk\/thy\/wp-content\/uploads\/sites\/2\/2025\/12\/Design-uden-navn-2025-12-05T114038.027.jpg","contentUrl":"https:\/\/kunmedierne.dk\/thy\/wp-content\/uploads\/sites\/2\/2025\/12\/Design-uden-navn-2025-12-05T114038.027.jpg","width":1232,"height":821},{"@type":"BreadcrumbList","@id":"https:\/\/kunmedierne.dk\/thy\/feggesund-faergen-undersoegelse-af-forbindelsens-nyttevaerdi-er-udsat\/#breadcrumb","itemListElement":[{"@type":"ListItem","position":1,"name":"Home","item":"https:\/\/kunmedierne.dk\/thy\/"},{"@type":"ListItem","position":2,"name":"Feggesund-f\u00e6rgen: Unders\u00f8gelse af forbindelsens nyttev\u00e6rdi er udsat"}]},{"@type":"WebSite","@id":"https:\/\/kunmedierne.dk\/thy\/#website","url":"https:\/\/kunmedierne.dk\/thy\/","name":"Thy","description":"et netmedie med journalistik om livet i Thy","publisher":{"@id":"https:\/\/kunmedierne.dk\/thy\/#organization"},"potentialAction":[{"@type":"SearchAction","target":{"@type":"EntryPoint","urlTemplate":"https:\/\/kunmedierne.dk\/thy\/?s={search_term_string}"},"query-input":{"@type":"PropertyValueSpecification","valueRequired":true,"valueName":"search_term_string"}}],"inLanguage":"da-DK"},{"@type":"Organization","@id":"https:\/\/kunmedierne.dk\/thy\/#organization","name":"Thy","url":"https:\/\/kunmedierne.dk\/thy\/","logo":{"@type":"ImageObject","inLanguage":"da-DK","@id":"https:\/\/kunmedierne.dk\/thy\/#\/schema\/logo\/image\/","url":"https:\/\/kunmedierne.dk\/thy\/wp-content\/uploads\/sites\/2\/2025\/04\/kunthy-logo.svg","contentUrl":"https:\/\/kunmedierne.dk\/thy\/wp-content\/uploads\/sites\/2\/2025\/04\/kunthy-logo.svg","caption":"Thy"},"image":{"@id":"https:\/\/kunmedierne.dk\/thy\/#\/schema\/logo\/image\/"}},{"@type":"Person","@id":"https:\/\/kunmedierne.dk\/thy\/#\/schema\/person\/88f5be46809ca2a5533760eb574fef93","name":"Jens Fogh Andersen","image":{"@type":"ImageObject","inLanguage":"da-DK","@id":"https:\/\/kunmedierne.dk\/thy\/#\/schema\/person\/image\/","url":"https:\/\/secure.gravatar.com\/avatar\/2b367a4ef139b1c41dccc9ee7af926b81f8b4cca3359772e86c7fd5ced26c0a3?s=96&d=mm&r=g","contentUrl":"https:\/\/secure.gravatar.com\/avatar\/2b367a4ef139b1c41dccc9ee7af926b81f8b4cca3359772e86c7fd5ced26c0a3?s=96&d=mm&r=g","caption":"Jens Fogh Andersen"},"url":"https:\/\/kunmedierne.dk\/thy\/author\/jfa\/"}]}},"_links":{"self":[{"href":"https:\/\/kunmedierne.dk\/thy\/wp-json\/wp\/v2\/posts\/18723","targetHints":{"allow":["GET"]}}],"collection":[{"href":"https:\/\/kunmedierne.dk\/thy\/wp-json\/wp\/v2\/posts"}],"about":[{"href":"https:\/\/kunmedierne.dk\/thy\/wp-json\/wp\/v2\/types\/post"}],"author":[{"embeddable":true,"href":"https:\/\/kunmedierne.dk\/thy\/wp-json\/wp\/v2\/users\/4535"}],"replies":[{"embeddable":true,"href":"https:\/\/kunmedierne.dk\/thy\/wp-json\/wp\/v2\/comments?post=18723"}],"version-history":[{"count":6,"href":"https:\/\/kunmedierne.dk\/thy\/wp-json\/wp\/v2\/posts\/18723\/revisions"}],"predecessor-version":[{"id":18744,"href":"https:\/\/kunmedierne.dk\/thy\/wp-json\/wp\/v2\/posts\/18723\/revisions\/18744"}],"wp:attachment":[{"href":"https:\/\/kunmedierne.dk\/thy\/wp-json\/wp\/v2\/media?parent=18723"}],"wp:term":[{"taxonomy":"category","embeddable":true,"href":"https:\/\/kunmedierne.dk\/thy\/wp-json\/wp\/v2\/categories?post=18723"},{"taxonomy":"post_tag","embeddable":true,"href":"https:\/\/kunmedierne.dk\/thy\/wp-json\/wp\/v2\/tags?post=18723"}],"curies":[{"name":"wp","href":"https:\/\/api.w.org\/{rel}","templated":true}]}}