{"id":18707,"date":"2026-03-10T19:44:17","date_gmt":"2026-03-10T18:44:17","guid":{"rendered":"https:\/\/kunmedierne.dk\/thy\/?p=18707"},"modified":"2026-03-11T08:43:41","modified_gmt":"2026-03-11T07:43:41","slug":"skuespiller-min-karakter-er-ikke-en-kaerlig-type-men-jeg-kan-godt-lide-ham","status":"publish","type":"post","link":"https:\/\/kunmedierne.dk\/thy\/skuespiller-min-karakter-er-ikke-en-kaerlig-type-men-jeg-kan-godt-lide-ham\/","title":{"rendered":"<span>Skuespiller<\/span>: Min karakter er ikke en k\u00e6rlig type, men jeg kan godt lide ham."},"content":{"rendered":"<p><strong>STENBJERG:<\/strong> &#8211; Jeg kan godt lide at portr\u00e6ttere s\u00e5dan en karakter som Niels, jeg kan sgu godt lide ham. Det er en karakter, der betyder noget for mig. Jeg kommer selv fra en arbejder-familie.<\/p>\n<p>S\u00e5dan lyder det fra Tue Lunding, der i denne uge befinder sig i Thy, hvor der er optagelser til den nye dramaserie &#8220;De bedste familier&#8221;.<\/p>\n<p><a href=\"https:\/\/kunmedierne.dk\/thy\/filmoptagelse-sloths-heste-fra-nors-med-i-dramaserien-de-bedste-familier\/\">L\u00e6s om filmoptagelserne i Stenbjerg.<\/a><\/p>\n<p>&#8220;De bedste familier&#8221; er en historien om, hvordan \u00f8nsket om at skabe en bedre tilv\u00e6relse for sine b\u00f8rn ved hj\u00e6lp af social opstigning kan komme til at overtrumfe alt andet.<\/p>\n<a class=\"dvrt-link\" onClick=\"cdmtrack_click(1130,jQuery(this));return false\" href=\"https:\/\/www.thistedforsikring.dk\/?utm_source=partnerskaber&amp;utm_campaign=kun_thy\"><img decoding=\"async\" style=\"width:100%;\" src=\"https:\/\/kunmedierne.dk\/thy\/wp-content\/uploads\/sites\/2\/2025\/04\/260409KunThyThisted-For-1.png\"><\/a><script>cdmtrack_view(1130);<\/script>\n<p>Dramaet skildrer tre forskellige \u00e6gtepar, hvis tilv\u00e6relse p\u00e5 hver sin vis bliver v\u00e6vet ind i historien om Cheminova, der i 1953 flyttede til Harbo\u00f8re fra M\u00e5l\u00f8v p\u00e5 Sj\u00e6lland.<\/p>\n<p>For arbejderparret Niels og Margrethe bliver den nye kemikaliefabrik vejen til et bedre liv. For driftschefen J\u00f8rn og hans kone Karin udvikler hverdagen sig til et moralsk minefelt, hvor loyaliteten s\u00e6ttes p\u00e5 pr\u00f8ve. Og for fabriksejeren Gunnar bliver fokus p\u00e5\u00a0<span class=\"dre-glossary-match dre-glossary-match--highlighted\" role=\"button\" aria-label=\"v\u00e6kst forklar\" aria-expanded=\"false\" aria-controls=\"0.5680619110474151\">v\u00e6kst<\/span>\u00a0og resultater altoverskyggende \u2013 uanset konsekvenserne.<\/p>\n<p>Tue Lunding spiller den unge Niels. Han fort\u00e6ller om rollen:<\/p>\n<p>&#8211; Niels er en klassisk arbejder. Han er i en evig kamp for opstigning. Han kommer fra en lidt destruktiv familie, hvor is\u00e6r moderen har drukket. Han vil ikke gentage historien. Hans b\u00f8rn skal have en god opv\u00e6kst.<\/p>\n<p>&#8211; N\u00e5r man l\u00e6ser om ham, t\u00e6nker man ikke p\u00e5 ham som en k\u00e6rlig type, men det er han jo. Han siger ikke, jeg elsker dig eller bruger k\u00e6rtegn. Han viser k\u00e6rlighed ved at br\u00f8df\u00f8de familien og give dem gode muligheder.<\/p>\n<a class=\"dvrt-link\" onClick=\"cdmtrack_click(689,jQuery(this));return false\" href=\"https:\/\/www.thistedbolig.dk\"><img decoding=\"async\" style=\"width:100%;\" src=\"https:\/\/kunmedierne.dk\/thy\/wp-content\/uploads\/sites\/2\/2025\/03\/260414ThistedBoligApril-opslag-002-1.jpg\"><\/a><script>cdmtrack_view(689);<\/script>\n<p>I Stenbjerg er der optagelser af Niels sammen med broderen Erik.<\/p>\n<p>&#8211; Min karakter Niels sp\u00f8rger sin bror, om han vil flytte ind. Det bliver en k\u00e6mpe hj\u00e6lp, fordi Niels bliver meget syg og mister sit arbejde. N\u00e5r Erik flytter ind, kan han hj\u00e6lpe med huset, og de kan beholde huset.<\/p>\n<p>&#8211; Det er lidt en f\u00f8lsom scene. Niels er jo en knudemand. Han er normalt meget h\u00e5rd over for sin bror. Han f\u00e5r sagt, det er min pligt at hj\u00e6lpe dig. Og det er f\u00f8rste gang, han sp\u00f8rger om hj\u00e6lp. Det er sv\u00e6rt, fordi der er s\u00e5 meget mellem linjerne.<\/p>\n<p>Tue Lunding og hans k\u00e6reste m\u00f8dtes med de andre fra filmholdet p\u00e5 Agger Holidays mandag aften. Skuespilleren kalder det et fantastisk sted, men faktisk er han ikke ukendt med Thy &#8211; og slet ikke Stenbjerg.<\/p>\n<p>&#8211; Det er 4. gang, jeg er i Stenbjerg eller Thy p\u00e5 under otte m\u00e5neder. Men det har ikke v\u00e6ret i arbejdsm\u00e6ssigt regi de andre gange. Jeg var p\u00e5 sommerferie i Klitm\u00f8ller. S\u00e5 var jeg p\u00e5 turne i Thisted, k\u00f8rte forbi Stenbjerg, og s\u00e5 var jeg heroppe for tre uger siden med min familie. Kroen er virkelig anbefalelsesv\u00e6rdig. Jeg har spist der tre gange &#8211; f\u00e5et deres helstegte r\u00f8dsp\u00e6tte. Dejligt sted. Jeg kan virkelig godt lide Stenbjerg. Og min oldemor er fra Vorup\u00f8r, faktisk.<\/p>\n<a class=\"dvrt-link\" onClick=\"cdmtrack_click(689,jQuery(this));return false\" href=\"https:\/\/www.thistedbolig.dk\"><img decoding=\"async\" style=\"width:100%;\" src=\"https:\/\/kunmedierne.dk\/thy\/wp-content\/uploads\/sites\/2\/2025\/03\/260414ThistedBoligApril-opslag-002-1.jpg\"><\/a><script>cdmtrack_view(689);<\/script>\n<p>Filmoptagelserne i Stenbjerg byder ogs\u00e5 p\u00e5 andet end ordveksling med broderen. Naturen er ogs\u00e5 en perfekt ramme for et andet udtryk.<\/p>\n<p>&#8211; Vi har ogs\u00e5 en masse scener, hvor jeg g\u00e5r tur ved vandet og samler tankerne. Og finder ogs\u00e5 en ravklump, afsl\u00f8rer Tue Lunding.<\/p>\n<p><a href=\"https:\/\/www.dr.dk\/om-dr\/nyheder\/optagelserne-til-dr-s-store-dramaserie-de-bedste-familier-er-i-fuld-gang\">L\u00e6s mere om dramaserien her.<\/a><\/p>\n<p>&nbsp;<\/p>\n<div id=\"attachment_18712\" style=\"width: 1242px\" class=\"wp-caption alignnone\"><img loading=\"lazy\" decoding=\"async\" aria-describedby=\"caption-attachment-18712\" class=\"wp-image-18712 size-full\" src=\"https:\/\/kunmedierne.dk\/thy\/wp-content\/uploads\/sites\/2\/2026\/03\/Unavngivet-1232-x-802-px-2026-03-10T163550.791.jpg\" alt=\"\" width=\"1232\" height=\"802\" srcset=\"https:\/\/kunmedierne.dk\/thy\/wp-content\/uploads\/sites\/2\/2026\/03\/Unavngivet-1232-x-802-px-2026-03-10T163550.791.jpg 1232w, https:\/\/kunmedierne.dk\/thy\/wp-content\/uploads\/sites\/2\/2026\/03\/Unavngivet-1232-x-802-px-2026-03-10T163550.791-300x195.jpg 300w, https:\/\/kunmedierne.dk\/thy\/wp-content\/uploads\/sites\/2\/2026\/03\/Unavngivet-1232-x-802-px-2026-03-10T163550.791-1024x667.jpg 1024w, https:\/\/kunmedierne.dk\/thy\/wp-content\/uploads\/sites\/2\/2026\/03\/Unavngivet-1232-x-802-px-2026-03-10T163550.791-510x332.jpg 510w\" sizes=\"auto, (max-width: 1232px) 100vw, 1232px\" \/><p id=\"caption-attachment-18712\" class=\"wp-caption-text\">Dramaserien foreg\u00e5r i Vestjylland i 1950&#8217;erne. Og Stenbjerg Landingsplads er derfor en oplagt lokation. Foto: Lone L\u00e6rke Krog.<\/p><\/div>\n","protected":false},"excerpt":{"rendered":"<p>STENBJERG: &#8211; Jeg kan godt lide at portr\u00e6ttere s\u00e5dan en karakter som Niels, jeg kan sgu godt lide ham. Det er en karakter, der betyder noget for mig. Jeg kommer selv fra en arbejder-familie. S\u00e5dan lyder det fra Tue Lunding, der i denne uge befinder sig i Thy, hvor der er optagelser til den nye [&hellip;]<\/p>\n","protected":false},"author":1925,"featured_media":0,"comment_status":"closed","ping_status":"closed","sticky":false,"template":"","format":"standard","meta":{"_acf_changed":false,"footnotes":""},"categories":[24],"tags":[85],"class_list":["post-18707","post","type-post","status-publish","format-standard","hentry","category-lokalt","tag-kultur"],"acf":[],"yoast_head":"<!-- This site is optimized with the Yoast SEO plugin v26.8 - https:\/\/yoast.com\/product\/yoast-seo-wordpress\/ -->\n<title>Skuespiller: Min karakter er ikke en k\u00e6rlig type, men jeg kan godt lide ham. - Thy<\/title>\n<meta name=\"robots\" content=\"index, follow, max-snippet:-1, max-image-preview:large, max-video-preview:-1\" \/>\n<link rel=\"canonical\" href=\"https:\/\/kunmedierne.dk\/thy\/skuespiller-min-karakter-er-ikke-en-kaerlig-type-men-jeg-kan-godt-lide-ham\/\" \/>\n<meta property=\"og:locale\" content=\"da_DK\" \/>\n<meta property=\"og:type\" content=\"article\" \/>\n<meta property=\"og:title\" content=\"Skuespiller: Min karakter er ikke en k\u00e6rlig type, men jeg kan godt lide ham. - Thy\" \/>\n<meta property=\"og:description\" content=\"STENBJERG: &#8211; Jeg kan godt lide at portr\u00e6ttere s\u00e5dan en karakter som Niels, jeg kan sgu godt lide ham. Det er en karakter, der betyder noget for mig. Jeg kommer selv fra en arbejder-familie. S\u00e5dan lyder det fra Tue Lunding, der i denne uge befinder sig i Thy, hvor der er optagelser til den nye [&hellip;]\" \/>\n<meta property=\"og:url\" content=\"https:\/\/kunmedierne.dk\/thy\/skuespiller-min-karakter-er-ikke-en-kaerlig-type-men-jeg-kan-godt-lide-ham\/\" \/>\n<meta property=\"og:site_name\" content=\"Thy\" \/>\n<meta property=\"article:published_time\" content=\"2026-03-10T18:44:17+00:00\" \/>\n<meta property=\"article:modified_time\" content=\"2026-03-11T07:43:41+00:00\" \/>\n<meta property=\"og:image\" content=\"https:\/\/kunmedierne.dk\/thy\/wp-content\/uploads\/sites\/2\/2026\/03\/Unavngivet-1232-x-802-px-2026-03-10T163550.791.jpg\" \/>\n<meta name=\"author\" content=\"Lone L\u00e6rke Krog\" \/>\n<meta name=\"twitter:card\" content=\"summary_large_image\" \/>\n<meta name=\"twitter:label1\" content=\"Skrevet af\" \/>\n\t<meta name=\"twitter:data1\" content=\"Lone L\u00e6rke Krog\" \/>\n\t<meta name=\"twitter:label2\" content=\"Estimeret l\u00e6setid\" \/>\n\t<meta name=\"twitter:data2\" content=\"4 minutter\" \/>\n<script type=\"application\/ld+json\" class=\"yoast-schema-graph\">{\"@context\":\"https:\/\/schema.org\",\"@graph\":[{\"@type\":\"Article\",\"@id\":\"https:\/\/kunmedierne.dk\/thy\/skuespiller-min-karakter-er-ikke-en-kaerlig-type-men-jeg-kan-godt-lide-ham\/#article\",\"isPartOf\":{\"@id\":\"https:\/\/kunmedierne.dk\/thy\/skuespiller-min-karakter-er-ikke-en-kaerlig-type-men-jeg-kan-godt-lide-ham\/\"},\"author\":{\"name\":\"Lone L\u00e6rke Krog\",\"@id\":\"https:\/\/kunmedierne.dk\/thy\/#\/schema\/person\/d266634ba6550d075ecf540d63b245d2\"},\"headline\":\"Skuespiller: Min karakter er ikke en k\u00e6rlig type, men jeg kan godt lide ham.\",\"datePublished\":\"2026-03-10T18:44:17+00:00\",\"dateModified\":\"2026-03-11T07:43:41+00:00\",\"mainEntityOfPage\":{\"@id\":\"https:\/\/kunmedierne.dk\/thy\/skuespiller-min-karakter-er-ikke-en-kaerlig-type-men-jeg-kan-godt-lide-ham\/\"},\"wordCount\":631,\"publisher\":{\"@id\":\"https:\/\/kunmedierne.dk\/thy\/#organization\"},\"image\":{\"@id\":\"https:\/\/kunmedierne.dk\/thy\/skuespiller-min-karakter-er-ikke-en-kaerlig-type-men-jeg-kan-godt-lide-ham\/#primaryimage\"},\"thumbnailUrl\":\"https:\/\/kunmedierne.dk\/thy\/wp-content\/uploads\/sites\/2\/2026\/03\/Unavngivet-1232-x-802-px-2026-03-10T163550.791.jpg\",\"keywords\":[\"kultur\"],\"articleSection\":[\"Lokalt\"],\"inLanguage\":\"da-DK\"},{\"@type\":\"WebPage\",\"@id\":\"https:\/\/kunmedierne.dk\/thy\/skuespiller-min-karakter-er-ikke-en-kaerlig-type-men-jeg-kan-godt-lide-ham\/\",\"url\":\"https:\/\/kunmedierne.dk\/thy\/skuespiller-min-karakter-er-ikke-en-kaerlig-type-men-jeg-kan-godt-lide-ham\/\",\"name\":\"Skuespiller: Min karakter er ikke en k\u00e6rlig type, men jeg kan godt lide ham. - Thy\",\"isPartOf\":{\"@id\":\"https:\/\/kunmedierne.dk\/thy\/#website\"},\"primaryImageOfPage\":{\"@id\":\"https:\/\/kunmedierne.dk\/thy\/skuespiller-min-karakter-er-ikke-en-kaerlig-type-men-jeg-kan-godt-lide-ham\/#primaryimage\"},\"image\":{\"@id\":\"https:\/\/kunmedierne.dk\/thy\/skuespiller-min-karakter-er-ikke-en-kaerlig-type-men-jeg-kan-godt-lide-ham\/#primaryimage\"},\"thumbnailUrl\":\"https:\/\/kunmedierne.dk\/thy\/wp-content\/uploads\/sites\/2\/2026\/03\/Unavngivet-1232-x-802-px-2026-03-10T163550.791.jpg\",\"datePublished\":\"2026-03-10T18:44:17+00:00\",\"dateModified\":\"2026-03-11T07:43:41+00:00\",\"breadcrumb\":{\"@id\":\"https:\/\/kunmedierne.dk\/thy\/skuespiller-min-karakter-er-ikke-en-kaerlig-type-men-jeg-kan-godt-lide-ham\/#breadcrumb\"},\"inLanguage\":\"da-DK\",\"potentialAction\":[{\"@type\":\"ReadAction\",\"target\":[\"https:\/\/kunmedierne.dk\/thy\/skuespiller-min-karakter-er-ikke-en-kaerlig-type-men-jeg-kan-godt-lide-ham\/\"]}]},{\"@type\":\"ImageObject\",\"inLanguage\":\"da-DK\",\"@id\":\"https:\/\/kunmedierne.dk\/thy\/skuespiller-min-karakter-er-ikke-en-kaerlig-type-men-jeg-kan-godt-lide-ham\/#primaryimage\",\"url\":\"https:\/\/kunmedierne.dk\/thy\/wp-content\/uploads\/sites\/2\/2026\/03\/Unavngivet-1232-x-802-px-2026-03-10T163550.791.jpg\",\"contentUrl\":\"https:\/\/kunmedierne.dk\/thy\/wp-content\/uploads\/sites\/2\/2026\/03\/Unavngivet-1232-x-802-px-2026-03-10T163550.791.jpg\",\"width\":1232,\"height\":802},{\"@type\":\"BreadcrumbList\",\"@id\":\"https:\/\/kunmedierne.dk\/thy\/skuespiller-min-karakter-er-ikke-en-kaerlig-type-men-jeg-kan-godt-lide-ham\/#breadcrumb\",\"itemListElement\":[{\"@type\":\"ListItem\",\"position\":1,\"name\":\"Home\",\"item\":\"https:\/\/kunmedierne.dk\/thy\/\"},{\"@type\":\"ListItem\",\"position\":2,\"name\":\"Skuespiller: Min karakter er ikke en k\u00e6rlig type, men jeg kan godt lide ham.\"}]},{\"@type\":\"WebSite\",\"@id\":\"https:\/\/kunmedierne.dk\/thy\/#website\",\"url\":\"https:\/\/kunmedierne.dk\/thy\/\",\"name\":\"Thy\",\"description\":\"et netmedie med journalistik om livet i Thy\",\"publisher\":{\"@id\":\"https:\/\/kunmedierne.dk\/thy\/#organization\"},\"potentialAction\":[{\"@type\":\"SearchAction\",\"target\":{\"@type\":\"EntryPoint\",\"urlTemplate\":\"https:\/\/kunmedierne.dk\/thy\/?s={search_term_string}\"},\"query-input\":{\"@type\":\"PropertyValueSpecification\",\"valueRequired\":true,\"valueName\":\"search_term_string\"}}],\"inLanguage\":\"da-DK\"},{\"@type\":\"Organization\",\"@id\":\"https:\/\/kunmedierne.dk\/thy\/#organization\",\"name\":\"Thy\",\"url\":\"https:\/\/kunmedierne.dk\/thy\/\",\"logo\":{\"@type\":\"ImageObject\",\"inLanguage\":\"da-DK\",\"@id\":\"https:\/\/kunmedierne.dk\/thy\/#\/schema\/logo\/image\/\",\"url\":\"https:\/\/kunmedierne.dk\/thy\/wp-content\/uploads\/sites\/2\/2025\/04\/kunthy-logo.svg\",\"contentUrl\":\"https:\/\/kunmedierne.dk\/thy\/wp-content\/uploads\/sites\/2\/2025\/04\/kunthy-logo.svg\",\"caption\":\"Thy\"},\"image\":{\"@id\":\"https:\/\/kunmedierne.dk\/thy\/#\/schema\/logo\/image\/\"}},{\"@type\":\"Person\",\"@id\":\"https:\/\/kunmedierne.dk\/thy\/#\/schema\/person\/d266634ba6550d075ecf540d63b245d2\",\"name\":\"Lone L\u00e6rke Krog\",\"image\":{\"@type\":\"ImageObject\",\"inLanguage\":\"da-DK\",\"@id\":\"https:\/\/kunmedierne.dk\/thy\/#\/schema\/person\/image\/\",\"url\":\"https:\/\/secure.gravatar.com\/avatar\/496ddc7080e56b4ac64cfd4e56bd6d1ee396fa3db1923aa22f11346f60bb135b?s=96&d=mm&r=g\",\"contentUrl\":\"https:\/\/secure.gravatar.com\/avatar\/496ddc7080e56b4ac64cfd4e56bd6d1ee396fa3db1923aa22f11346f60bb135b?s=96&d=mm&r=g\",\"caption\":\"Lone L\u00e6rke Krog\"},\"url\":\"https:\/\/kunmedierne.dk\/thy\/author\/llk\/\"}]}<\/script>\n<!-- \/ Yoast SEO plugin. -->","yoast_head_json":{"title":"Skuespiller: Min karakter er ikke en k\u00e6rlig type, men jeg kan godt lide ham. - Thy","robots":{"index":"index","follow":"follow","max-snippet":"max-snippet:-1","max-image-preview":"max-image-preview:large","max-video-preview":"max-video-preview:-1"},"canonical":"https:\/\/kunmedierne.dk\/thy\/skuespiller-min-karakter-er-ikke-en-kaerlig-type-men-jeg-kan-godt-lide-ham\/","og_locale":"da_DK","og_type":"article","og_title":"Skuespiller: Min karakter er ikke en k\u00e6rlig type, men jeg kan godt lide ham. - Thy","og_description":"STENBJERG: &#8211; Jeg kan godt lide at portr\u00e6ttere s\u00e5dan en karakter som Niels, jeg kan sgu godt lide ham. Det er en karakter, der betyder noget for mig. Jeg kommer selv fra en arbejder-familie. S\u00e5dan lyder det fra Tue Lunding, der i denne uge befinder sig i Thy, hvor der er optagelser til den nye [&hellip;]","og_url":"https:\/\/kunmedierne.dk\/thy\/skuespiller-min-karakter-er-ikke-en-kaerlig-type-men-jeg-kan-godt-lide-ham\/","og_site_name":"Thy","article_published_time":"2026-03-10T18:44:17+00:00","article_modified_time":"2026-03-11T07:43:41+00:00","og_image":[{"url":"https:\/\/kunmedierne.dk\/thy\/wp-content\/uploads\/sites\/2\/2026\/03\/Unavngivet-1232-x-802-px-2026-03-10T163550.791.jpg","type":"","width":"","height":""}],"author":"Lone L\u00e6rke Krog","twitter_card":"summary_large_image","twitter_misc":{"Skrevet af":"Lone L\u00e6rke Krog","Estimeret l\u00e6setid":"4 minutter"},"schema":{"@context":"https:\/\/schema.org","@graph":[{"@type":"Article","@id":"https:\/\/kunmedierne.dk\/thy\/skuespiller-min-karakter-er-ikke-en-kaerlig-type-men-jeg-kan-godt-lide-ham\/#article","isPartOf":{"@id":"https:\/\/kunmedierne.dk\/thy\/skuespiller-min-karakter-er-ikke-en-kaerlig-type-men-jeg-kan-godt-lide-ham\/"},"author":{"name":"Lone L\u00e6rke Krog","@id":"https:\/\/kunmedierne.dk\/thy\/#\/schema\/person\/d266634ba6550d075ecf540d63b245d2"},"headline":"Skuespiller: Min karakter er ikke en k\u00e6rlig type, men jeg kan godt lide ham.","datePublished":"2026-03-10T18:44:17+00:00","dateModified":"2026-03-11T07:43:41+00:00","mainEntityOfPage":{"@id":"https:\/\/kunmedierne.dk\/thy\/skuespiller-min-karakter-er-ikke-en-kaerlig-type-men-jeg-kan-godt-lide-ham\/"},"wordCount":631,"publisher":{"@id":"https:\/\/kunmedierne.dk\/thy\/#organization"},"image":{"@id":"https:\/\/kunmedierne.dk\/thy\/skuespiller-min-karakter-er-ikke-en-kaerlig-type-men-jeg-kan-godt-lide-ham\/#primaryimage"},"thumbnailUrl":"https:\/\/kunmedierne.dk\/thy\/wp-content\/uploads\/sites\/2\/2026\/03\/Unavngivet-1232-x-802-px-2026-03-10T163550.791.jpg","keywords":["kultur"],"articleSection":["Lokalt"],"inLanguage":"da-DK"},{"@type":"WebPage","@id":"https:\/\/kunmedierne.dk\/thy\/skuespiller-min-karakter-er-ikke-en-kaerlig-type-men-jeg-kan-godt-lide-ham\/","url":"https:\/\/kunmedierne.dk\/thy\/skuespiller-min-karakter-er-ikke-en-kaerlig-type-men-jeg-kan-godt-lide-ham\/","name":"Skuespiller: Min karakter er ikke en k\u00e6rlig type, men jeg kan godt lide ham. - Thy","isPartOf":{"@id":"https:\/\/kunmedierne.dk\/thy\/#website"},"primaryImageOfPage":{"@id":"https:\/\/kunmedierne.dk\/thy\/skuespiller-min-karakter-er-ikke-en-kaerlig-type-men-jeg-kan-godt-lide-ham\/#primaryimage"},"image":{"@id":"https:\/\/kunmedierne.dk\/thy\/skuespiller-min-karakter-er-ikke-en-kaerlig-type-men-jeg-kan-godt-lide-ham\/#primaryimage"},"thumbnailUrl":"https:\/\/kunmedierne.dk\/thy\/wp-content\/uploads\/sites\/2\/2026\/03\/Unavngivet-1232-x-802-px-2026-03-10T163550.791.jpg","datePublished":"2026-03-10T18:44:17+00:00","dateModified":"2026-03-11T07:43:41+00:00","breadcrumb":{"@id":"https:\/\/kunmedierne.dk\/thy\/skuespiller-min-karakter-er-ikke-en-kaerlig-type-men-jeg-kan-godt-lide-ham\/#breadcrumb"},"inLanguage":"da-DK","potentialAction":[{"@type":"ReadAction","target":["https:\/\/kunmedierne.dk\/thy\/skuespiller-min-karakter-er-ikke-en-kaerlig-type-men-jeg-kan-godt-lide-ham\/"]}]},{"@type":"ImageObject","inLanguage":"da-DK","@id":"https:\/\/kunmedierne.dk\/thy\/skuespiller-min-karakter-er-ikke-en-kaerlig-type-men-jeg-kan-godt-lide-ham\/#primaryimage","url":"https:\/\/kunmedierne.dk\/thy\/wp-content\/uploads\/sites\/2\/2026\/03\/Unavngivet-1232-x-802-px-2026-03-10T163550.791.jpg","contentUrl":"https:\/\/kunmedierne.dk\/thy\/wp-content\/uploads\/sites\/2\/2026\/03\/Unavngivet-1232-x-802-px-2026-03-10T163550.791.jpg","width":1232,"height":802},{"@type":"BreadcrumbList","@id":"https:\/\/kunmedierne.dk\/thy\/skuespiller-min-karakter-er-ikke-en-kaerlig-type-men-jeg-kan-godt-lide-ham\/#breadcrumb","itemListElement":[{"@type":"ListItem","position":1,"name":"Home","item":"https:\/\/kunmedierne.dk\/thy\/"},{"@type":"ListItem","position":2,"name":"Skuespiller: Min karakter er ikke en k\u00e6rlig type, men jeg kan godt lide ham."}]},{"@type":"WebSite","@id":"https:\/\/kunmedierne.dk\/thy\/#website","url":"https:\/\/kunmedierne.dk\/thy\/","name":"Thy","description":"et netmedie med journalistik om livet i Thy","publisher":{"@id":"https:\/\/kunmedierne.dk\/thy\/#organization"},"potentialAction":[{"@type":"SearchAction","target":{"@type":"EntryPoint","urlTemplate":"https:\/\/kunmedierne.dk\/thy\/?s={search_term_string}"},"query-input":{"@type":"PropertyValueSpecification","valueRequired":true,"valueName":"search_term_string"}}],"inLanguage":"da-DK"},{"@type":"Organization","@id":"https:\/\/kunmedierne.dk\/thy\/#organization","name":"Thy","url":"https:\/\/kunmedierne.dk\/thy\/","logo":{"@type":"ImageObject","inLanguage":"da-DK","@id":"https:\/\/kunmedierne.dk\/thy\/#\/schema\/logo\/image\/","url":"https:\/\/kunmedierne.dk\/thy\/wp-content\/uploads\/sites\/2\/2025\/04\/kunthy-logo.svg","contentUrl":"https:\/\/kunmedierne.dk\/thy\/wp-content\/uploads\/sites\/2\/2025\/04\/kunthy-logo.svg","caption":"Thy"},"image":{"@id":"https:\/\/kunmedierne.dk\/thy\/#\/schema\/logo\/image\/"}},{"@type":"Person","@id":"https:\/\/kunmedierne.dk\/thy\/#\/schema\/person\/d266634ba6550d075ecf540d63b245d2","name":"Lone L\u00e6rke Krog","image":{"@type":"ImageObject","inLanguage":"da-DK","@id":"https:\/\/kunmedierne.dk\/thy\/#\/schema\/person\/image\/","url":"https:\/\/secure.gravatar.com\/avatar\/496ddc7080e56b4ac64cfd4e56bd6d1ee396fa3db1923aa22f11346f60bb135b?s=96&d=mm&r=g","contentUrl":"https:\/\/secure.gravatar.com\/avatar\/496ddc7080e56b4ac64cfd4e56bd6d1ee396fa3db1923aa22f11346f60bb135b?s=96&d=mm&r=g","caption":"Lone L\u00e6rke Krog"},"url":"https:\/\/kunmedierne.dk\/thy\/author\/llk\/"}]}},"_links":{"self":[{"href":"https:\/\/kunmedierne.dk\/thy\/wp-json\/wp\/v2\/posts\/18707","targetHints":{"allow":["GET"]}}],"collection":[{"href":"https:\/\/kunmedierne.dk\/thy\/wp-json\/wp\/v2\/posts"}],"about":[{"href":"https:\/\/kunmedierne.dk\/thy\/wp-json\/wp\/v2\/types\/post"}],"author":[{"embeddable":true,"href":"https:\/\/kunmedierne.dk\/thy\/wp-json\/wp\/v2\/users\/1925"}],"replies":[{"embeddable":true,"href":"https:\/\/kunmedierne.dk\/thy\/wp-json\/wp\/v2\/comments?post=18707"}],"version-history":[{"count":6,"href":"https:\/\/kunmedierne.dk\/thy\/wp-json\/wp\/v2\/posts\/18707\/revisions"}],"predecessor-version":[{"id":18722,"href":"https:\/\/kunmedierne.dk\/thy\/wp-json\/wp\/v2\/posts\/18707\/revisions\/18722"}],"wp:attachment":[{"href":"https:\/\/kunmedierne.dk\/thy\/wp-json\/wp\/v2\/media?parent=18707"}],"wp:term":[{"taxonomy":"category","embeddable":true,"href":"https:\/\/kunmedierne.dk\/thy\/wp-json\/wp\/v2\/categories?post=18707"},{"taxonomy":"post_tag","embeddable":true,"href":"https:\/\/kunmedierne.dk\/thy\/wp-json\/wp\/v2\/tags?post=18707"}],"curies":[{"name":"wp","href":"https:\/\/api.w.org\/{rel}","templated":true}]}}