{"id":18692,"date":"2026-03-12T11:16:59","date_gmt":"2026-03-12T10:16:59","guid":{"rendered":"https:\/\/kunmedierne.dk\/thy\/?p=18692"},"modified":"2026-03-12T10:17:16","modified_gmt":"2026-03-12T09:17:16","slug":"thisted-kommunes-beskaeftigelsesindsats-der-er-meget-vi-skal-vaere-sikre-paa","status":"publish","type":"post","link":"https:\/\/kunmedierne.dk\/thy\/thisted-kommunes-beskaeftigelsesindsats-der-er-meget-vi-skal-vaere-sikre-paa\/","title":{"rendered":"<span>Thisted Kommunes besk\u00e6ftigelsesindsats: <\/span>Der er meget vi skal v\u00e6re sikre p\u00e5"},"content":{"rendered":"<p><strong>THISTED:<\/strong> I l\u00f8bet af 2026 skal indholdet af den besk\u00e6ftigelsesreform, Folketinget gennemf\u00f8rte i 2025, udm\u00f8ntes i praksis, s\u00e5 reformen i 2027 er fuldt gennemf\u00f8rt. Reformen sikrer kommunerne st\u00f8rre frihed til selv af tilrettel\u00e6gge deres indsats p\u00e5 besk\u00e6ftigelsesomr\u00e5det, og det arbejdes der med lige nu. Ogs\u00e5 i Thisted Kommune.<\/p>\n<a class=\"dvrt-link\" onClick=\"cdmtrack_click(683,jQuery(this));return false\" href=\"https:\/\/vester-begr.dk\/?utm_source=google&amp;utm_medium=advative&amp;gad_source=1&amp;gclid=Cj0KCQjwtJ6_BhDWARIsAGanmKfl-hGVVjCYiOgSKoGoxrow4kvXybZsnruKJYTslvqZDywT6a9PCQwaAmBjEALw_wcB\"><img decoding=\"async\" style=\"width:100%;\" src=\"https:\/\/kunmedierne.dk\/thy\/wp-content\/uploads\/sites\/2\/2025\/03\/260203VesterHoukaer-02022026.jpg\"><\/a><script>cdmtrack_view(683);<\/script>\n<p>Her skulle kommunens udvalg for erhverv-, arbejdsmarked-, turisme og landdistrikter p\u00e5 sit seneste m\u00f8de tage stilling til en r\u00e6kke pejlem\u00e6rker, der skal s\u00e6tte retning for den kommende indsats p\u00e5 besk\u00e6ftigelsesomr\u00e5det.<\/p>\n<p>&#8211; Indsatsen fremover handler om at skabe de bedste muligheder for at hj\u00e6lpe vores borgere i besk\u00e6ftigelse og g\u00f8re det p\u00e5 en m\u00e5de, der b\u00e5de tilgodeser borgeren og ogs\u00e5 virksomhedernes behov. Vi skal se p\u00e5 individuelle l\u00f8sninger frem for at t\u00e6nke i l\u00f8sninger, hvor indsatsen skal tilpasses nogle bestemte kasser som ikke passer til alle. Det er ikke s\u00e5dan, systemet skal fungere fremover, siger udvalgsformand Dorrit K\u00e6rgaard, DD.<\/p>\n<a class=\"dvrt-link\" onClick=\"cdmtrack_click(687,jQuery(this));return false\" href=\"https:\/\/konpap.dk\/?gad_source=1&gclid=Cj0KCQjwtJ6_BhDWARIsAGanmKfOBLC3RBm6obWL5sEb-mp4bsp5QjqWW4j4nx22y0YT2iMiXJcv3MoaApR_EALw_wcB\"><img decoding=\"async\" style=\"width:100%;\" src=\"https:\/\/kunmedierne.dk\/thy\/wp-content\/uploads\/sites\/2\/2025\/03\/redoffice.jpg\"><\/a><script>cdmtrack_view(687);<\/script>\n<p>Til udvalgets m\u00f8de var der oplistet syv politiske pejlem\u00e6rker for den fremtidige retning for kommunens besk\u00e6ftigelsesindsats:<\/p>\n<blockquote>\n<h4>Syv pejlem\u00e6rker for besk\u00e6ftigelsesindsatsen:<\/h4>\n<h5><span xml:lang=\"DA-DK\" data-contrast=\"none\">Arbejdsmarkedet i Thy er styrende for indsatsen.\u00a0<\/span><span xml:lang=\"DA-DK\" data-contrast=\"auto\">\u00a0<\/span><\/h5>\n<h5><span xml:lang=\"DA-DK\" data-contrast=\"none\">Professionel og behovsdrevet virksomhedsservice.<\/span><\/h5>\n<h5><span xml:lang=\"DA-DK\" data-contrast=\"none\">Borgere m\u00f8des med en klar og realistisk vej mod job.<\/span><\/h5>\n<h5><span xml:lang=\"DA-DK\" data-contrast=\"none\">Vedholdende og virkningsfuld indsats for borgere l\u00e6ngere fra arbejdsmarkedet.<\/span><\/h5>\n<h5><span xml:lang=\"DA-DK\" data-contrast=\"none\">Tidlig indsats og prioritering af unge.<\/span><\/h5>\n<h5><span xml:lang=\"DA-DK\" data-contrast=\"none\">Digitale l\u00f8sninger som l\u00f8ftestang for en effektiv indsats.<\/span><\/h5>\n<h5>Reformens frihed oms\u00e6ttes med faglighed, ansvar og tillid.<\/h5>\n<\/blockquote>\n<div>\n<p>&#8211; Vi godkendte de syv pejlem\u00e6rker, men ikke uden \u00e6ndringer og tilf\u00f8jelser &#8211; og vi er heller ikke f\u00e6rdige med at arbejde med dem. Vi skal v\u00e6re helt sikre p\u00e5, at pejlem\u00e6rkerne ogs\u00e5 rammer det, der skal v\u00e6re kendetegnende for Thisted Kommunes fremtidige indsats p\u00e5 besk\u00e6ftigelsesomr\u00e5det, siger Dorrit K\u00e6rgaard.<\/p>\n<a class=\"dvrt-link\" onClick=\"cdmtrack_click(683,jQuery(this));return false\" href=\"https:\/\/vester-begr.dk\/?utm_source=google&amp;utm_medium=advative&amp;gad_source=1&amp;gclid=Cj0KCQjwtJ6_BhDWARIsAGanmKfl-hGVVjCYiOgSKoGoxrow4kvXybZsnruKJYTslvqZDywT6a9PCQwaAmBjEALw_wcB\"><img decoding=\"async\" style=\"width:100%;\" src=\"https:\/\/kunmedierne.dk\/thy\/wp-content\/uploads\/sites\/2\/2025\/03\/260203VesterHoukaer-02022026.jpg\"><\/a><script>cdmtrack_view(683);<\/script>\n<p>Udgangsformanden understreger, at det er vigtigt at finde den model for den fremtidige indsats p\u00e5 besk\u00e6ftigelsesomr\u00e5det, der virker fra starten.<\/p>\n<p>&#8211; Det er et system, der har betydning for mange, s\u00e5 vi skal v\u00e6re sikre p\u00e5 vores beslutninger og se ind i alle scenarier, s\u00e5 vi s\u00e6tter de pejlem\u00e6rker, der viser i den retning vi \u00f8nsker, siger Dorrit K\u00e6rgaard og tilf\u00f8jer, at udvalget ikke blev f\u00e6rdige med sagen p\u00e5 denne uges m\u00f8de.<\/p>\n<p>Pejlem\u00e6rkerne blev nemlig ikke godkendt uden bem\u00e6rkninger og tilf\u00f8jelser. Blandt andet er der et \u00f8nske om at g\u00f8re det synligt, at indsatsen skal have et s\u00e6rligt fokus p\u00e5 unge og s\u00e5 blev der sat endnu et pejlem\u00e6rke, der fremh\u00e6ver at indsatserne p\u00e5 besk\u00e6ftigelsesomr\u00e5det skal v\u00e6re del af et tv\u00e6rg\u00e5ende samarbejde i Thisted Kommune.<\/p>\n<a class=\"dvrt-link\" onClick=\"cdmtrack_click(683,jQuery(this));return false\" href=\"https:\/\/vester-begr.dk\/?utm_source=google&amp;utm_medium=advative&amp;gad_source=1&amp;gclid=Cj0KCQjwtJ6_BhDWARIsAGanmKfl-hGVVjCYiOgSKoGoxrow4kvXybZsnruKJYTslvqZDywT6a9PCQwaAmBjEALw_wcB\"><img decoding=\"async\" style=\"width:100%;\" src=\"https:\/\/kunmedierne.dk\/thy\/wp-content\/uploads\/sites\/2\/2025\/03\/260203VesterHoukaer-02022026.jpg\"><\/a><script>cdmtrack_view(683);<\/script>\n<p>Blandt de allerede formulerede pejlem\u00e6rker \u00f8nsker udvalget ogs\u00e5, at pejlem\u00e6rket &#8220;Borgere m\u00f8des med en klar og realistisk vej mod job&#8221; omformuleres s\u00e5 borgerperspektivet styrkes, mens der i pejlem\u00e6rket: Vedholdende og virkningsfuld indsats for borgere l\u00e6ngere fra arbejdsmarkedet l\u00e6gges mere v\u00e6gt p\u00e5 nyt\u00e6nkende og innovative indsatser og ikke kun p\u00e5 indsatser, hvor effekten allerede er dokumenteret.<\/p>\n<p>Desuden \u00f8nsker udvalget, at digitale l\u00f8sninger i besk\u00e6ftigelsesindsatsen skal anvendes p\u00e5 en m\u00e5de, der tager hensyn til borgernes digitale f\u00e6rdigheder.<\/p>\n<p>Udvalget arbejder videre med sagen p\u00e5 sit n\u00e6ste m\u00f8de.<\/p>\n<\/div>\n","protected":false},"excerpt":{"rendered":"<p>THISTED: I l\u00f8bet af 2026 skal indholdet af den besk\u00e6ftigelsesreform, Folketinget gennemf\u00f8rte i 2025, udm\u00f8ntes i praksis, s\u00e5 reformen i 2027 er fuldt gennemf\u00f8rt. Reformen sikrer kommunerne st\u00f8rre frihed til selv af tilrettel\u00e6gge deres indsats p\u00e5 besk\u00e6ftigelsesomr\u00e5det, og det arbejdes der med lige nu. Ogs\u00e5 i Thisted Kommune. Her skulle kommunens udvalg for erhverv-, arbejdsmarked-, [&hellip;]<\/p>\n","protected":false},"author":4535,"featured_media":0,"comment_status":"closed","ping_status":"closed","sticky":false,"template":"","format":"standard","meta":{"_acf_changed":false,"footnotes":""},"categories":[24],"tags":[72],"class_list":["post-18692","post","type-post","status-publish","format-standard","hentry","category-lokalt","tag-arbejdsmarked"],"acf":[],"yoast_head":"<!-- This site is optimized with the Yoast SEO plugin v26.8 - https:\/\/yoast.com\/product\/yoast-seo-wordpress\/ -->\n<title>Thisted Kommunes besk\u00e6ftigelsesindsats: Der er meget vi skal v\u00e6re sikre p\u00e5 - Thy<\/title>\n<meta name=\"robots\" content=\"index, follow, max-snippet:-1, max-image-preview:large, max-video-preview:-1\" \/>\n<link rel=\"canonical\" href=\"https:\/\/kunmedierne.dk\/thy\/thisted-kommunes-beskaeftigelsesindsats-der-er-meget-vi-skal-vaere-sikre-paa\/\" \/>\n<meta property=\"og:locale\" content=\"da_DK\" \/>\n<meta property=\"og:type\" content=\"article\" \/>\n<meta property=\"og:title\" content=\"Thisted Kommunes besk\u00e6ftigelsesindsats: Der er meget vi skal v\u00e6re sikre p\u00e5 - Thy\" \/>\n<meta property=\"og:description\" content=\"THISTED: I l\u00f8bet af 2026 skal indholdet af den besk\u00e6ftigelsesreform, Folketinget gennemf\u00f8rte i 2025, udm\u00f8ntes i praksis, s\u00e5 reformen i 2027 er fuldt gennemf\u00f8rt. Reformen sikrer kommunerne st\u00f8rre frihed til selv af tilrettel\u00e6gge deres indsats p\u00e5 besk\u00e6ftigelsesomr\u00e5det, og det arbejdes der med lige nu. Ogs\u00e5 i Thisted Kommune. Her skulle kommunens udvalg for erhverv-, arbejdsmarked-, [&hellip;]\" \/>\n<meta property=\"og:url\" content=\"https:\/\/kunmedierne.dk\/thy\/thisted-kommunes-beskaeftigelsesindsats-der-er-meget-vi-skal-vaere-sikre-paa\/\" \/>\n<meta property=\"og:site_name\" content=\"Thy\" \/>\n<meta property=\"article:published_time\" content=\"2026-03-12T10:16:59+00:00\" \/>\n<meta name=\"author\" content=\"Jens Fogh Andersen\" \/>\n<meta name=\"twitter:card\" content=\"summary_large_image\" \/>\n<meta name=\"twitter:label1\" content=\"Skrevet af\" \/>\n\t<meta name=\"twitter:data1\" content=\"Jens Fogh Andersen\" \/>\n\t<meta name=\"twitter:label2\" content=\"Estimeret l\u00e6setid\" \/>\n\t<meta name=\"twitter:data2\" content=\"3 minutter\" \/>\n<script type=\"application\/ld+json\" class=\"yoast-schema-graph\">{\"@context\":\"https:\/\/schema.org\",\"@graph\":[{\"@type\":\"Article\",\"@id\":\"https:\/\/kunmedierne.dk\/thy\/thisted-kommunes-beskaeftigelsesindsats-der-er-meget-vi-skal-vaere-sikre-paa\/#article\",\"isPartOf\":{\"@id\":\"https:\/\/kunmedierne.dk\/thy\/thisted-kommunes-beskaeftigelsesindsats-der-er-meget-vi-skal-vaere-sikre-paa\/\"},\"author\":{\"name\":\"Jens Fogh Andersen\",\"@id\":\"https:\/\/kunmedierne.dk\/thy\/#\/schema\/person\/88f5be46809ca2a5533760eb574fef93\"},\"headline\":\"Thisted Kommunes besk\u00e6ftigelsesindsats: Der er meget vi skal v\u00e6re sikre p\u00e5\",\"datePublished\":\"2026-03-12T10:16:59+00:00\",\"mainEntityOfPage\":{\"@id\":\"https:\/\/kunmedierne.dk\/thy\/thisted-kommunes-beskaeftigelsesindsats-der-er-meget-vi-skal-vaere-sikre-paa\/\"},\"wordCount\":573,\"publisher\":{\"@id\":\"https:\/\/kunmedierne.dk\/thy\/#organization\"},\"keywords\":[\"Arbejdsmarked\"],\"articleSection\":[\"Lokalt\"],\"inLanguage\":\"da-DK\"},{\"@type\":\"WebPage\",\"@id\":\"https:\/\/kunmedierne.dk\/thy\/thisted-kommunes-beskaeftigelsesindsats-der-er-meget-vi-skal-vaere-sikre-paa\/\",\"url\":\"https:\/\/kunmedierne.dk\/thy\/thisted-kommunes-beskaeftigelsesindsats-der-er-meget-vi-skal-vaere-sikre-paa\/\",\"name\":\"Thisted Kommunes besk\u00e6ftigelsesindsats: Der er meget vi skal v\u00e6re sikre p\u00e5 - Thy\",\"isPartOf\":{\"@id\":\"https:\/\/kunmedierne.dk\/thy\/#website\"},\"datePublished\":\"2026-03-12T10:16:59+00:00\",\"breadcrumb\":{\"@id\":\"https:\/\/kunmedierne.dk\/thy\/thisted-kommunes-beskaeftigelsesindsats-der-er-meget-vi-skal-vaere-sikre-paa\/#breadcrumb\"},\"inLanguage\":\"da-DK\",\"potentialAction\":[{\"@type\":\"ReadAction\",\"target\":[\"https:\/\/kunmedierne.dk\/thy\/thisted-kommunes-beskaeftigelsesindsats-der-er-meget-vi-skal-vaere-sikre-paa\/\"]}]},{\"@type\":\"BreadcrumbList\",\"@id\":\"https:\/\/kunmedierne.dk\/thy\/thisted-kommunes-beskaeftigelsesindsats-der-er-meget-vi-skal-vaere-sikre-paa\/#breadcrumb\",\"itemListElement\":[{\"@type\":\"ListItem\",\"position\":1,\"name\":\"Home\",\"item\":\"https:\/\/kunmedierne.dk\/thy\/\"},{\"@type\":\"ListItem\",\"position\":2,\"name\":\"Thisted Kommunes besk\u00e6ftigelsesindsats: Der er meget vi skal v\u00e6re sikre p\u00e5\"}]},{\"@type\":\"WebSite\",\"@id\":\"https:\/\/kunmedierne.dk\/thy\/#website\",\"url\":\"https:\/\/kunmedierne.dk\/thy\/\",\"name\":\"Thy\",\"description\":\"et netmedie med journalistik om livet i Thy\",\"publisher\":{\"@id\":\"https:\/\/kunmedierne.dk\/thy\/#organization\"},\"potentialAction\":[{\"@type\":\"SearchAction\",\"target\":{\"@type\":\"EntryPoint\",\"urlTemplate\":\"https:\/\/kunmedierne.dk\/thy\/?s={search_term_string}\"},\"query-input\":{\"@type\":\"PropertyValueSpecification\",\"valueRequired\":true,\"valueName\":\"search_term_string\"}}],\"inLanguage\":\"da-DK\"},{\"@type\":\"Organization\",\"@id\":\"https:\/\/kunmedierne.dk\/thy\/#organization\",\"name\":\"Thy\",\"url\":\"https:\/\/kunmedierne.dk\/thy\/\",\"logo\":{\"@type\":\"ImageObject\",\"inLanguage\":\"da-DK\",\"@id\":\"https:\/\/kunmedierne.dk\/thy\/#\/schema\/logo\/image\/\",\"url\":\"https:\/\/kunmedierne.dk\/thy\/wp-content\/uploads\/sites\/2\/2025\/04\/kunthy-logo.svg\",\"contentUrl\":\"https:\/\/kunmedierne.dk\/thy\/wp-content\/uploads\/sites\/2\/2025\/04\/kunthy-logo.svg\",\"caption\":\"Thy\"},\"image\":{\"@id\":\"https:\/\/kunmedierne.dk\/thy\/#\/schema\/logo\/image\/\"}},{\"@type\":\"Person\",\"@id\":\"https:\/\/kunmedierne.dk\/thy\/#\/schema\/person\/88f5be46809ca2a5533760eb574fef93\",\"name\":\"Jens Fogh Andersen\",\"image\":{\"@type\":\"ImageObject\",\"inLanguage\":\"da-DK\",\"@id\":\"https:\/\/kunmedierne.dk\/thy\/#\/schema\/person\/image\/\",\"url\":\"https:\/\/secure.gravatar.com\/avatar\/2b367a4ef139b1c41dccc9ee7af926b81f8b4cca3359772e86c7fd5ced26c0a3?s=96&d=mm&r=g\",\"contentUrl\":\"https:\/\/secure.gravatar.com\/avatar\/2b367a4ef139b1c41dccc9ee7af926b81f8b4cca3359772e86c7fd5ced26c0a3?s=96&d=mm&r=g\",\"caption\":\"Jens Fogh Andersen\"},\"url\":\"https:\/\/kunmedierne.dk\/thy\/author\/jfa\/\"}]}<\/script>\n<!-- \/ Yoast SEO plugin. -->","yoast_head_json":{"title":"Thisted Kommunes besk\u00e6ftigelsesindsats: Der er meget vi skal v\u00e6re sikre p\u00e5 - Thy","robots":{"index":"index","follow":"follow","max-snippet":"max-snippet:-1","max-image-preview":"max-image-preview:large","max-video-preview":"max-video-preview:-1"},"canonical":"https:\/\/kunmedierne.dk\/thy\/thisted-kommunes-beskaeftigelsesindsats-der-er-meget-vi-skal-vaere-sikre-paa\/","og_locale":"da_DK","og_type":"article","og_title":"Thisted Kommunes besk\u00e6ftigelsesindsats: Der er meget vi skal v\u00e6re sikre p\u00e5 - Thy","og_description":"THISTED: I l\u00f8bet af 2026 skal indholdet af den besk\u00e6ftigelsesreform, Folketinget gennemf\u00f8rte i 2025, udm\u00f8ntes i praksis, s\u00e5 reformen i 2027 er fuldt gennemf\u00f8rt. Reformen sikrer kommunerne st\u00f8rre frihed til selv af tilrettel\u00e6gge deres indsats p\u00e5 besk\u00e6ftigelsesomr\u00e5det, og det arbejdes der med lige nu. Ogs\u00e5 i Thisted Kommune. Her skulle kommunens udvalg for erhverv-, arbejdsmarked-, [&hellip;]","og_url":"https:\/\/kunmedierne.dk\/thy\/thisted-kommunes-beskaeftigelsesindsats-der-er-meget-vi-skal-vaere-sikre-paa\/","og_site_name":"Thy","article_published_time":"2026-03-12T10:16:59+00:00","author":"Jens Fogh Andersen","twitter_card":"summary_large_image","twitter_misc":{"Skrevet af":"Jens Fogh Andersen","Estimeret l\u00e6setid":"3 minutter"},"schema":{"@context":"https:\/\/schema.org","@graph":[{"@type":"Article","@id":"https:\/\/kunmedierne.dk\/thy\/thisted-kommunes-beskaeftigelsesindsats-der-er-meget-vi-skal-vaere-sikre-paa\/#article","isPartOf":{"@id":"https:\/\/kunmedierne.dk\/thy\/thisted-kommunes-beskaeftigelsesindsats-der-er-meget-vi-skal-vaere-sikre-paa\/"},"author":{"name":"Jens Fogh Andersen","@id":"https:\/\/kunmedierne.dk\/thy\/#\/schema\/person\/88f5be46809ca2a5533760eb574fef93"},"headline":"Thisted Kommunes besk\u00e6ftigelsesindsats: Der er meget vi skal v\u00e6re sikre p\u00e5","datePublished":"2026-03-12T10:16:59+00:00","mainEntityOfPage":{"@id":"https:\/\/kunmedierne.dk\/thy\/thisted-kommunes-beskaeftigelsesindsats-der-er-meget-vi-skal-vaere-sikre-paa\/"},"wordCount":573,"publisher":{"@id":"https:\/\/kunmedierne.dk\/thy\/#organization"},"keywords":["Arbejdsmarked"],"articleSection":["Lokalt"],"inLanguage":"da-DK"},{"@type":"WebPage","@id":"https:\/\/kunmedierne.dk\/thy\/thisted-kommunes-beskaeftigelsesindsats-der-er-meget-vi-skal-vaere-sikre-paa\/","url":"https:\/\/kunmedierne.dk\/thy\/thisted-kommunes-beskaeftigelsesindsats-der-er-meget-vi-skal-vaere-sikre-paa\/","name":"Thisted Kommunes besk\u00e6ftigelsesindsats: Der er meget vi skal v\u00e6re sikre p\u00e5 - Thy","isPartOf":{"@id":"https:\/\/kunmedierne.dk\/thy\/#website"},"datePublished":"2026-03-12T10:16:59+00:00","breadcrumb":{"@id":"https:\/\/kunmedierne.dk\/thy\/thisted-kommunes-beskaeftigelsesindsats-der-er-meget-vi-skal-vaere-sikre-paa\/#breadcrumb"},"inLanguage":"da-DK","potentialAction":[{"@type":"ReadAction","target":["https:\/\/kunmedierne.dk\/thy\/thisted-kommunes-beskaeftigelsesindsats-der-er-meget-vi-skal-vaere-sikre-paa\/"]}]},{"@type":"BreadcrumbList","@id":"https:\/\/kunmedierne.dk\/thy\/thisted-kommunes-beskaeftigelsesindsats-der-er-meget-vi-skal-vaere-sikre-paa\/#breadcrumb","itemListElement":[{"@type":"ListItem","position":1,"name":"Home","item":"https:\/\/kunmedierne.dk\/thy\/"},{"@type":"ListItem","position":2,"name":"Thisted Kommunes besk\u00e6ftigelsesindsats: Der er meget vi skal v\u00e6re sikre p\u00e5"}]},{"@type":"WebSite","@id":"https:\/\/kunmedierne.dk\/thy\/#website","url":"https:\/\/kunmedierne.dk\/thy\/","name":"Thy","description":"et netmedie med journalistik om livet i Thy","publisher":{"@id":"https:\/\/kunmedierne.dk\/thy\/#organization"},"potentialAction":[{"@type":"SearchAction","target":{"@type":"EntryPoint","urlTemplate":"https:\/\/kunmedierne.dk\/thy\/?s={search_term_string}"},"query-input":{"@type":"PropertyValueSpecification","valueRequired":true,"valueName":"search_term_string"}}],"inLanguage":"da-DK"},{"@type":"Organization","@id":"https:\/\/kunmedierne.dk\/thy\/#organization","name":"Thy","url":"https:\/\/kunmedierne.dk\/thy\/","logo":{"@type":"ImageObject","inLanguage":"da-DK","@id":"https:\/\/kunmedierne.dk\/thy\/#\/schema\/logo\/image\/","url":"https:\/\/kunmedierne.dk\/thy\/wp-content\/uploads\/sites\/2\/2025\/04\/kunthy-logo.svg","contentUrl":"https:\/\/kunmedierne.dk\/thy\/wp-content\/uploads\/sites\/2\/2025\/04\/kunthy-logo.svg","caption":"Thy"},"image":{"@id":"https:\/\/kunmedierne.dk\/thy\/#\/schema\/logo\/image\/"}},{"@type":"Person","@id":"https:\/\/kunmedierne.dk\/thy\/#\/schema\/person\/88f5be46809ca2a5533760eb574fef93","name":"Jens Fogh Andersen","image":{"@type":"ImageObject","inLanguage":"da-DK","@id":"https:\/\/kunmedierne.dk\/thy\/#\/schema\/person\/image\/","url":"https:\/\/secure.gravatar.com\/avatar\/2b367a4ef139b1c41dccc9ee7af926b81f8b4cca3359772e86c7fd5ced26c0a3?s=96&d=mm&r=g","contentUrl":"https:\/\/secure.gravatar.com\/avatar\/2b367a4ef139b1c41dccc9ee7af926b81f8b4cca3359772e86c7fd5ced26c0a3?s=96&d=mm&r=g","caption":"Jens Fogh Andersen"},"url":"https:\/\/kunmedierne.dk\/thy\/author\/jfa\/"}]}},"_links":{"self":[{"href":"https:\/\/kunmedierne.dk\/thy\/wp-json\/wp\/v2\/posts\/18692","targetHints":{"allow":["GET"]}}],"collection":[{"href":"https:\/\/kunmedierne.dk\/thy\/wp-json\/wp\/v2\/posts"}],"about":[{"href":"https:\/\/kunmedierne.dk\/thy\/wp-json\/wp\/v2\/types\/post"}],"author":[{"embeddable":true,"href":"https:\/\/kunmedierne.dk\/thy\/wp-json\/wp\/v2\/users\/4535"}],"replies":[{"embeddable":true,"href":"https:\/\/kunmedierne.dk\/thy\/wp-json\/wp\/v2\/comments?post=18692"}],"version-history":[{"count":9,"href":"https:\/\/kunmedierne.dk\/thy\/wp-json\/wp\/v2\/posts\/18692\/revisions"}],"predecessor-version":[{"id":18805,"href":"https:\/\/kunmedierne.dk\/thy\/wp-json\/wp\/v2\/posts\/18692\/revisions\/18805"}],"wp:attachment":[{"href":"https:\/\/kunmedierne.dk\/thy\/wp-json\/wp\/v2\/media?parent=18692"}],"wp:term":[{"taxonomy":"category","embeddable":true,"href":"https:\/\/kunmedierne.dk\/thy\/wp-json\/wp\/v2\/categories?post=18692"},{"taxonomy":"post_tag","embeddable":true,"href":"https:\/\/kunmedierne.dk\/thy\/wp-json\/wp\/v2\/tags?post=18692"}],"curies":[{"name":"wp","href":"https:\/\/api.w.org\/{rel}","templated":true}]}}