{"id":18676,"date":"2026-03-10T12:06:36","date_gmt":"2026-03-10T11:06:36","guid":{"rendered":"https:\/\/kunmedierne.dk\/thy\/?p=18676"},"modified":"2026-03-10T12:06:36","modified_gmt":"2026-03-10T11:06:36","slug":"snedsted-i-forandring-naeste-fase-i-ambitioest-projekt-begynder-nu","status":"publish","type":"post","link":"https:\/\/kunmedierne.dk\/thy\/snedsted-i-forandring-naeste-fase-i-ambitioest-projekt-begynder-nu\/","title":{"rendered":"<span>Snedsted i forandring: <\/span>N\u00e6ste fase i ambiti\u00f8st projekt begynder nu"},"content":{"rendered":"<p><strong>SNEDSTED:<\/strong> Rom blev ikke bygget p\u00e5 en dag, og selv om Foreningen Snedsteds Revitalisering har f\u00e5et byens godkendelse af planerne for den fremtidige udformning af bymidten, tr\u00e6der projektet til en revitalisering af Snedsted nu ind i sin n\u00e6ste fase, hvor planerne skal realiseres og finansieres. Det vil tage tid og kr\u00e6ve en vedholdende lokal indsats.<\/p>\n<a class=\"dvrt-link\" onClick=\"cdmtrack_click(4416,jQuery(this));return false\" href=\"https:\/\/sdrhaa.dk\/\"><img decoding=\"async\" style=\"width:100%;\" src=\"https:\/\/kunmedierne.dk\/thy\/wp-content\/uploads\/sites\/2\/2025\/05\/260302Din-gebyrvenlige-sparekasse_SHS_Thy-1.gif\"><\/a><script>cdmtrack_view(4416);<\/script>\n<p>P\u00e5 generalforsamlingen i Foreningens Snedsteds Revitalisering blev der valgt to nye medlemmer til den bestyrelse, der skal lede projektet ind i sine n\u00e6ste fase. De nyvalgte er S\u00f8ren Immersen og Steen S\u00f8rensen, som afl\u00e6ser Per Pedersen og Jens Rysgaard Andersen. Den \u00f8vrige bestyrelse er Karl Erik Jensen, Morten Krabbe. Laila Kj\u00e6r, Niels Chr. Vestergaard, Poul Erik Frandsen, Danni Smed og Rasmus Knudsen.<\/p>\n<p>I beretningen til generalforsamlingen understregede Karl Erik Jensen, at det fremadrettede arbejde for foreningen handler om dels af udarbejde ans\u00f8gninger til de fonde, som kan bidrage med penge til at realisere projektet til midtbyens revitalisering, dels om at f\u00e5 kommunens godkendelse af projektet, som kan gennemf\u00f8res i etaper.<\/p>\n<a class=\"dvrt-link\" onClick=\"cdmtrack_click(1130,jQuery(this));return false\" href=\"https:\/\/www.thistedforsikring.dk\/?utm_source=partnerskaber&amp;utm_campaign=kun_thy\"><img decoding=\"async\" style=\"width:100%;\" src=\"https:\/\/kunmedierne.dk\/thy\/wp-content\/uploads\/sites\/2\/2025\/04\/260409KunThyThisted-For-1.png\"><\/a><script>cdmtrack_view(1130);<\/script>\n<p>&#8211; Vi har forslaget, det er blevet godt modtaget i byen og realiseres det, bliver det et af de st\u00f8rste samlede byfornyelsesprojekter i Thisted kommune, sagde Karl Erik Jensen i bestyrelsens beretning til foreningens generalforsamling.<\/p>\n<div id=\"attachment_12188\" style=\"width: 1242px\" class=\"wp-caption alignnone\"><img loading=\"lazy\" decoding=\"async\" aria-describedby=\"caption-attachment-12188\" class=\"wp-image-12188 size-full\" src=\"https:\/\/kunmedierne.dk\/thy\/wp-content\/uploads\/sites\/2\/2025\/10\/Design-uden-navn-12.png\" alt=\"\" width=\"1232\" height=\"821\" srcset=\"https:\/\/kunmedierne.dk\/thy\/wp-content\/uploads\/sites\/2\/2025\/10\/Design-uden-navn-12.png 1232w, https:\/\/kunmedierne.dk\/thy\/wp-content\/uploads\/sites\/2\/2025\/10\/Design-uden-navn-12-300x200.png 300w, https:\/\/kunmedierne.dk\/thy\/wp-content\/uploads\/sites\/2\/2025\/10\/Design-uden-navn-12-1024x682.png 1024w, https:\/\/kunmedierne.dk\/thy\/wp-content\/uploads\/sites\/2\/2025\/10\/Design-uden-navn-12-510x340.png 510w\" sizes=\"auto, (max-width: 1232px) 100vw, 1232px\" \/><p id=\"caption-attachment-12188\" class=\"wp-caption-text\">Realiseres forslaget til revitalisering af Snedsteds bymidte, bliver det et af de hidtil st\u00f8rste byfornyelsesprojekter i Thisted Kommune, sagde Karl Erik Jensen i beretningen til generalforsamlingen i Foreningen Snedsteds Revitalisering.<\/p><\/div>\n<p>&nbsp;<\/p>\n<p>Her blev der ogs\u00e5 plads til at g\u00f8re rede for projektets forl\u00f8b gennem det seneste \u00e5r frem til kulminationen med fem modeller udarbejdet af en gruppe arkitektstuderende til en fremtidig udformning af Snedsteds bymidte.<\/p>\n<p>Modellerne blev pr\u00e6senteret for byen i august, dr\u00f8ftet p\u00e5 et borgerm\u00f8de i november og efterf\u00f8lgende blev de tanker og ideer fra de enkelte modeller, som byens borgere fandt bedst, indarbejdet i en sjette model, som nu beskriver udviklingsmulighederne for midtbyen.<\/p>\n<a class=\"dvrt-link\" onClick=\"cdmtrack_click(689,jQuery(this));return false\" href=\"https:\/\/www.thistedbolig.dk\"><img decoding=\"async\" style=\"width:100%;\" src=\"https:\/\/kunmedierne.dk\/thy\/wp-content\/uploads\/sites\/2\/2025\/03\/260414ThistedBoligApril-opslag-002-1.jpg\"><\/a><script>cdmtrack_view(689);<\/script>\n<p>Karl Erik Jensen forklarede ogs\u00e5, at projektet Revitalisering af Snedsted 2030 har skabt opm\u00e6rksomhed langt ud over kommunegr\u00e6nsen og blandt andet v\u00e6ret anledning til at skabe en f\u00e6lles forst\u00e5else for en problemstilling med affolkning af mindre bysamfund, som er et problem for op mod 550 bysamfund i 28 danske kommuner.<\/p>\n<p>Med Snedsted som eksempel er problemstillingen blandt andet pr\u00e6senteret overfor folketingets udvalg for landdistrikter og \u00f8er.<\/p>\n<p>&#8211; Vi havde et \u00f8nske om flere statslige penge til nedrivning ud over de 100 millioner, der er afsat. De r\u00e6kker ikke. Politikerne har gode intentioner, men der sker intet. Politisk er der tilsyneladende ingen interesse hverken for Snedsted eller for andre bysamfund med samme problemstilling, sagde Karl Erik Jensen.<\/p>\n","protected":false},"excerpt":{"rendered":"<p>SNEDSTED: Rom blev ikke bygget p\u00e5 en dag, og selv om Foreningen Snedsteds Revitalisering har f\u00e5et byens godkendelse af planerne for den fremtidige udformning af bymidten, tr\u00e6der projektet til en revitalisering af Snedsted nu ind i sin n\u00e6ste fase, hvor planerne skal realiseres og finansieres. Det vil tage tid og kr\u00e6ve en vedholdende lokal indsats. [&hellip;]<\/p>\n","protected":false},"author":4535,"featured_media":0,"comment_status":"closed","ping_status":"closed","sticky":false,"template":"","format":"standard","meta":{"_acf_changed":false,"footnotes":""},"categories":[24],"tags":[41,64],"class_list":["post-18676","post","type-post","status-publish","format-standard","hentry","category-lokalt","tag-boliger","tag-planlaegning"],"acf":[],"yoast_head":"<!-- This site is optimized with the Yoast SEO plugin v26.8 - https:\/\/yoast.com\/product\/yoast-seo-wordpress\/ -->\n<title>Snedsted i forandring: N\u00e6ste fase i ambiti\u00f8st projekt begynder nu - Thy<\/title>\n<meta name=\"robots\" content=\"index, follow, max-snippet:-1, max-image-preview:large, max-video-preview:-1\" \/>\n<link rel=\"canonical\" href=\"https:\/\/kunmedierne.dk\/thy\/snedsted-i-forandring-naeste-fase-i-ambitioest-projekt-begynder-nu\/\" \/>\n<meta property=\"og:locale\" content=\"da_DK\" \/>\n<meta property=\"og:type\" content=\"article\" \/>\n<meta property=\"og:title\" content=\"Snedsted i forandring: N\u00e6ste fase i ambiti\u00f8st projekt begynder nu - Thy\" \/>\n<meta property=\"og:description\" content=\"SNEDSTED: Rom blev ikke bygget p\u00e5 en dag, og selv om Foreningen Snedsteds Revitalisering har f\u00e5et byens godkendelse af planerne for den fremtidige udformning af bymidten, tr\u00e6der projektet til en revitalisering af Snedsted nu ind i sin n\u00e6ste fase, hvor planerne skal realiseres og finansieres. Det vil tage tid og kr\u00e6ve en vedholdende lokal indsats. [&hellip;]\" \/>\n<meta property=\"og:url\" content=\"https:\/\/kunmedierne.dk\/thy\/snedsted-i-forandring-naeste-fase-i-ambitioest-projekt-begynder-nu\/\" \/>\n<meta property=\"og:site_name\" content=\"Thy\" \/>\n<meta property=\"article:published_time\" content=\"2026-03-10T11:06:36+00:00\" \/>\n<meta property=\"og:image\" content=\"https:\/\/kunmedierne.dk\/thy\/wp-content\/uploads\/sites\/2\/2025\/10\/Design-uden-navn-12.png\" \/>\n<meta name=\"author\" content=\"Jens Fogh Andersen\" \/>\n<meta name=\"twitter:card\" content=\"summary_large_image\" \/>\n<meta name=\"twitter:label1\" content=\"Skrevet af\" \/>\n\t<meta name=\"twitter:data1\" content=\"Jens Fogh Andersen\" \/>\n\t<meta name=\"twitter:label2\" content=\"Estimeret l\u00e6setid\" \/>\n\t<meta name=\"twitter:data2\" content=\"3 minutter\" \/>\n<script type=\"application\/ld+json\" class=\"yoast-schema-graph\">{\"@context\":\"https:\/\/schema.org\",\"@graph\":[{\"@type\":\"Article\",\"@id\":\"https:\/\/kunmedierne.dk\/thy\/snedsted-i-forandring-naeste-fase-i-ambitioest-projekt-begynder-nu\/#article\",\"isPartOf\":{\"@id\":\"https:\/\/kunmedierne.dk\/thy\/snedsted-i-forandring-naeste-fase-i-ambitioest-projekt-begynder-nu\/\"},\"author\":{\"name\":\"Jens Fogh Andersen\",\"@id\":\"https:\/\/kunmedierne.dk\/thy\/#\/schema\/person\/88f5be46809ca2a5533760eb574fef93\"},\"headline\":\"Snedsted i forandring: N\u00e6ste fase i ambiti\u00f8st projekt begynder nu\",\"datePublished\":\"2026-03-10T11:06:36+00:00\",\"mainEntityOfPage\":{\"@id\":\"https:\/\/kunmedierne.dk\/thy\/snedsted-i-forandring-naeste-fase-i-ambitioest-projekt-begynder-nu\/\"},\"wordCount\":468,\"publisher\":{\"@id\":\"https:\/\/kunmedierne.dk\/thy\/#organization\"},\"image\":{\"@id\":\"https:\/\/kunmedierne.dk\/thy\/snedsted-i-forandring-naeste-fase-i-ambitioest-projekt-begynder-nu\/#primaryimage\"},\"thumbnailUrl\":\"https:\/\/kunmedierne.dk\/thy\/wp-content\/uploads\/sites\/2\/2025\/10\/Design-uden-navn-12.png\",\"keywords\":[\"Boliger\",\"Planl\u00e6gning\"],\"articleSection\":[\"Lokalt\"],\"inLanguage\":\"da-DK\"},{\"@type\":\"WebPage\",\"@id\":\"https:\/\/kunmedierne.dk\/thy\/snedsted-i-forandring-naeste-fase-i-ambitioest-projekt-begynder-nu\/\",\"url\":\"https:\/\/kunmedierne.dk\/thy\/snedsted-i-forandring-naeste-fase-i-ambitioest-projekt-begynder-nu\/\",\"name\":\"Snedsted i forandring: N\u00e6ste fase i ambiti\u00f8st projekt begynder nu - Thy\",\"isPartOf\":{\"@id\":\"https:\/\/kunmedierne.dk\/thy\/#website\"},\"primaryImageOfPage\":{\"@id\":\"https:\/\/kunmedierne.dk\/thy\/snedsted-i-forandring-naeste-fase-i-ambitioest-projekt-begynder-nu\/#primaryimage\"},\"image\":{\"@id\":\"https:\/\/kunmedierne.dk\/thy\/snedsted-i-forandring-naeste-fase-i-ambitioest-projekt-begynder-nu\/#primaryimage\"},\"thumbnailUrl\":\"https:\/\/kunmedierne.dk\/thy\/wp-content\/uploads\/sites\/2\/2025\/10\/Design-uden-navn-12.png\",\"datePublished\":\"2026-03-10T11:06:36+00:00\",\"breadcrumb\":{\"@id\":\"https:\/\/kunmedierne.dk\/thy\/snedsted-i-forandring-naeste-fase-i-ambitioest-projekt-begynder-nu\/#breadcrumb\"},\"inLanguage\":\"da-DK\",\"potentialAction\":[{\"@type\":\"ReadAction\",\"target\":[\"https:\/\/kunmedierne.dk\/thy\/snedsted-i-forandring-naeste-fase-i-ambitioest-projekt-begynder-nu\/\"]}]},{\"@type\":\"ImageObject\",\"inLanguage\":\"da-DK\",\"@id\":\"https:\/\/kunmedierne.dk\/thy\/snedsted-i-forandring-naeste-fase-i-ambitioest-projekt-begynder-nu\/#primaryimage\",\"url\":\"https:\/\/kunmedierne.dk\/thy\/wp-content\/uploads\/sites\/2\/2025\/10\/Design-uden-navn-12.png\",\"contentUrl\":\"https:\/\/kunmedierne.dk\/thy\/wp-content\/uploads\/sites\/2\/2025\/10\/Design-uden-navn-12.png\",\"width\":1232,\"height\":821},{\"@type\":\"BreadcrumbList\",\"@id\":\"https:\/\/kunmedierne.dk\/thy\/snedsted-i-forandring-naeste-fase-i-ambitioest-projekt-begynder-nu\/#breadcrumb\",\"itemListElement\":[{\"@type\":\"ListItem\",\"position\":1,\"name\":\"Home\",\"item\":\"https:\/\/kunmedierne.dk\/thy\/\"},{\"@type\":\"ListItem\",\"position\":2,\"name\":\"Snedsted i forandring: N\u00e6ste fase i ambiti\u00f8st projekt begynder nu\"}]},{\"@type\":\"WebSite\",\"@id\":\"https:\/\/kunmedierne.dk\/thy\/#website\",\"url\":\"https:\/\/kunmedierne.dk\/thy\/\",\"name\":\"Thy\",\"description\":\"et netmedie med journalistik om livet i Thy\",\"publisher\":{\"@id\":\"https:\/\/kunmedierne.dk\/thy\/#organization\"},\"potentialAction\":[{\"@type\":\"SearchAction\",\"target\":{\"@type\":\"EntryPoint\",\"urlTemplate\":\"https:\/\/kunmedierne.dk\/thy\/?s={search_term_string}\"},\"query-input\":{\"@type\":\"PropertyValueSpecification\",\"valueRequired\":true,\"valueName\":\"search_term_string\"}}],\"inLanguage\":\"da-DK\"},{\"@type\":\"Organization\",\"@id\":\"https:\/\/kunmedierne.dk\/thy\/#organization\",\"name\":\"Thy\",\"url\":\"https:\/\/kunmedierne.dk\/thy\/\",\"logo\":{\"@type\":\"ImageObject\",\"inLanguage\":\"da-DK\",\"@id\":\"https:\/\/kunmedierne.dk\/thy\/#\/schema\/logo\/image\/\",\"url\":\"https:\/\/kunmedierne.dk\/thy\/wp-content\/uploads\/sites\/2\/2025\/04\/kunthy-logo.svg\",\"contentUrl\":\"https:\/\/kunmedierne.dk\/thy\/wp-content\/uploads\/sites\/2\/2025\/04\/kunthy-logo.svg\",\"caption\":\"Thy\"},\"image\":{\"@id\":\"https:\/\/kunmedierne.dk\/thy\/#\/schema\/logo\/image\/\"}},{\"@type\":\"Person\",\"@id\":\"https:\/\/kunmedierne.dk\/thy\/#\/schema\/person\/88f5be46809ca2a5533760eb574fef93\",\"name\":\"Jens Fogh Andersen\",\"image\":{\"@type\":\"ImageObject\",\"inLanguage\":\"da-DK\",\"@id\":\"https:\/\/kunmedierne.dk\/thy\/#\/schema\/person\/image\/\",\"url\":\"https:\/\/secure.gravatar.com\/avatar\/2b367a4ef139b1c41dccc9ee7af926b81f8b4cca3359772e86c7fd5ced26c0a3?s=96&d=mm&r=g\",\"contentUrl\":\"https:\/\/secure.gravatar.com\/avatar\/2b367a4ef139b1c41dccc9ee7af926b81f8b4cca3359772e86c7fd5ced26c0a3?s=96&d=mm&r=g\",\"caption\":\"Jens Fogh Andersen\"},\"url\":\"https:\/\/kunmedierne.dk\/thy\/author\/jfa\/\"}]}<\/script>\n<!-- \/ Yoast SEO plugin. -->","yoast_head_json":{"title":"Snedsted i forandring: N\u00e6ste fase i ambiti\u00f8st projekt begynder nu - Thy","robots":{"index":"index","follow":"follow","max-snippet":"max-snippet:-1","max-image-preview":"max-image-preview:large","max-video-preview":"max-video-preview:-1"},"canonical":"https:\/\/kunmedierne.dk\/thy\/snedsted-i-forandring-naeste-fase-i-ambitioest-projekt-begynder-nu\/","og_locale":"da_DK","og_type":"article","og_title":"Snedsted i forandring: N\u00e6ste fase i ambiti\u00f8st projekt begynder nu - Thy","og_description":"SNEDSTED: Rom blev ikke bygget p\u00e5 en dag, og selv om Foreningen Snedsteds Revitalisering har f\u00e5et byens godkendelse af planerne for den fremtidige udformning af bymidten, tr\u00e6der projektet til en revitalisering af Snedsted nu ind i sin n\u00e6ste fase, hvor planerne skal realiseres og finansieres. Det vil tage tid og kr\u00e6ve en vedholdende lokal indsats. [&hellip;]","og_url":"https:\/\/kunmedierne.dk\/thy\/snedsted-i-forandring-naeste-fase-i-ambitioest-projekt-begynder-nu\/","og_site_name":"Thy","article_published_time":"2026-03-10T11:06:36+00:00","og_image":[{"url":"https:\/\/kunmedierne.dk\/thy\/wp-content\/uploads\/sites\/2\/2025\/10\/Design-uden-navn-12.png","type":"","width":"","height":""}],"author":"Jens Fogh Andersen","twitter_card":"summary_large_image","twitter_misc":{"Skrevet af":"Jens Fogh Andersen","Estimeret l\u00e6setid":"3 minutter"},"schema":{"@context":"https:\/\/schema.org","@graph":[{"@type":"Article","@id":"https:\/\/kunmedierne.dk\/thy\/snedsted-i-forandring-naeste-fase-i-ambitioest-projekt-begynder-nu\/#article","isPartOf":{"@id":"https:\/\/kunmedierne.dk\/thy\/snedsted-i-forandring-naeste-fase-i-ambitioest-projekt-begynder-nu\/"},"author":{"name":"Jens Fogh Andersen","@id":"https:\/\/kunmedierne.dk\/thy\/#\/schema\/person\/88f5be46809ca2a5533760eb574fef93"},"headline":"Snedsted i forandring: N\u00e6ste fase i ambiti\u00f8st projekt begynder nu","datePublished":"2026-03-10T11:06:36+00:00","mainEntityOfPage":{"@id":"https:\/\/kunmedierne.dk\/thy\/snedsted-i-forandring-naeste-fase-i-ambitioest-projekt-begynder-nu\/"},"wordCount":468,"publisher":{"@id":"https:\/\/kunmedierne.dk\/thy\/#organization"},"image":{"@id":"https:\/\/kunmedierne.dk\/thy\/snedsted-i-forandring-naeste-fase-i-ambitioest-projekt-begynder-nu\/#primaryimage"},"thumbnailUrl":"https:\/\/kunmedierne.dk\/thy\/wp-content\/uploads\/sites\/2\/2025\/10\/Design-uden-navn-12.png","keywords":["Boliger","Planl\u00e6gning"],"articleSection":["Lokalt"],"inLanguage":"da-DK"},{"@type":"WebPage","@id":"https:\/\/kunmedierne.dk\/thy\/snedsted-i-forandring-naeste-fase-i-ambitioest-projekt-begynder-nu\/","url":"https:\/\/kunmedierne.dk\/thy\/snedsted-i-forandring-naeste-fase-i-ambitioest-projekt-begynder-nu\/","name":"Snedsted i forandring: N\u00e6ste fase i ambiti\u00f8st projekt begynder nu - Thy","isPartOf":{"@id":"https:\/\/kunmedierne.dk\/thy\/#website"},"primaryImageOfPage":{"@id":"https:\/\/kunmedierne.dk\/thy\/snedsted-i-forandring-naeste-fase-i-ambitioest-projekt-begynder-nu\/#primaryimage"},"image":{"@id":"https:\/\/kunmedierne.dk\/thy\/snedsted-i-forandring-naeste-fase-i-ambitioest-projekt-begynder-nu\/#primaryimage"},"thumbnailUrl":"https:\/\/kunmedierne.dk\/thy\/wp-content\/uploads\/sites\/2\/2025\/10\/Design-uden-navn-12.png","datePublished":"2026-03-10T11:06:36+00:00","breadcrumb":{"@id":"https:\/\/kunmedierne.dk\/thy\/snedsted-i-forandring-naeste-fase-i-ambitioest-projekt-begynder-nu\/#breadcrumb"},"inLanguage":"da-DK","potentialAction":[{"@type":"ReadAction","target":["https:\/\/kunmedierne.dk\/thy\/snedsted-i-forandring-naeste-fase-i-ambitioest-projekt-begynder-nu\/"]}]},{"@type":"ImageObject","inLanguage":"da-DK","@id":"https:\/\/kunmedierne.dk\/thy\/snedsted-i-forandring-naeste-fase-i-ambitioest-projekt-begynder-nu\/#primaryimage","url":"https:\/\/kunmedierne.dk\/thy\/wp-content\/uploads\/sites\/2\/2025\/10\/Design-uden-navn-12.png","contentUrl":"https:\/\/kunmedierne.dk\/thy\/wp-content\/uploads\/sites\/2\/2025\/10\/Design-uden-navn-12.png","width":1232,"height":821},{"@type":"BreadcrumbList","@id":"https:\/\/kunmedierne.dk\/thy\/snedsted-i-forandring-naeste-fase-i-ambitioest-projekt-begynder-nu\/#breadcrumb","itemListElement":[{"@type":"ListItem","position":1,"name":"Home","item":"https:\/\/kunmedierne.dk\/thy\/"},{"@type":"ListItem","position":2,"name":"Snedsted i forandring: N\u00e6ste fase i ambiti\u00f8st projekt begynder nu"}]},{"@type":"WebSite","@id":"https:\/\/kunmedierne.dk\/thy\/#website","url":"https:\/\/kunmedierne.dk\/thy\/","name":"Thy","description":"et netmedie med journalistik om livet i Thy","publisher":{"@id":"https:\/\/kunmedierne.dk\/thy\/#organization"},"potentialAction":[{"@type":"SearchAction","target":{"@type":"EntryPoint","urlTemplate":"https:\/\/kunmedierne.dk\/thy\/?s={search_term_string}"},"query-input":{"@type":"PropertyValueSpecification","valueRequired":true,"valueName":"search_term_string"}}],"inLanguage":"da-DK"},{"@type":"Organization","@id":"https:\/\/kunmedierne.dk\/thy\/#organization","name":"Thy","url":"https:\/\/kunmedierne.dk\/thy\/","logo":{"@type":"ImageObject","inLanguage":"da-DK","@id":"https:\/\/kunmedierne.dk\/thy\/#\/schema\/logo\/image\/","url":"https:\/\/kunmedierne.dk\/thy\/wp-content\/uploads\/sites\/2\/2025\/04\/kunthy-logo.svg","contentUrl":"https:\/\/kunmedierne.dk\/thy\/wp-content\/uploads\/sites\/2\/2025\/04\/kunthy-logo.svg","caption":"Thy"},"image":{"@id":"https:\/\/kunmedierne.dk\/thy\/#\/schema\/logo\/image\/"}},{"@type":"Person","@id":"https:\/\/kunmedierne.dk\/thy\/#\/schema\/person\/88f5be46809ca2a5533760eb574fef93","name":"Jens Fogh Andersen","image":{"@type":"ImageObject","inLanguage":"da-DK","@id":"https:\/\/kunmedierne.dk\/thy\/#\/schema\/person\/image\/","url":"https:\/\/secure.gravatar.com\/avatar\/2b367a4ef139b1c41dccc9ee7af926b81f8b4cca3359772e86c7fd5ced26c0a3?s=96&d=mm&r=g","contentUrl":"https:\/\/secure.gravatar.com\/avatar\/2b367a4ef139b1c41dccc9ee7af926b81f8b4cca3359772e86c7fd5ced26c0a3?s=96&d=mm&r=g","caption":"Jens Fogh Andersen"},"url":"https:\/\/kunmedierne.dk\/thy\/author\/jfa\/"}]}},"_links":{"self":[{"href":"https:\/\/kunmedierne.dk\/thy\/wp-json\/wp\/v2\/posts\/18676","targetHints":{"allow":["GET"]}}],"collection":[{"href":"https:\/\/kunmedierne.dk\/thy\/wp-json\/wp\/v2\/posts"}],"about":[{"href":"https:\/\/kunmedierne.dk\/thy\/wp-json\/wp\/v2\/types\/post"}],"author":[{"embeddable":true,"href":"https:\/\/kunmedierne.dk\/thy\/wp-json\/wp\/v2\/users\/4535"}],"replies":[{"embeddable":true,"href":"https:\/\/kunmedierne.dk\/thy\/wp-json\/wp\/v2\/comments?post=18676"}],"version-history":[{"count":5,"href":"https:\/\/kunmedierne.dk\/thy\/wp-json\/wp\/v2\/posts\/18676\/revisions"}],"predecessor-version":[{"id":18682,"href":"https:\/\/kunmedierne.dk\/thy\/wp-json\/wp\/v2\/posts\/18676\/revisions\/18682"}],"wp:attachment":[{"href":"https:\/\/kunmedierne.dk\/thy\/wp-json\/wp\/v2\/media?parent=18676"}],"wp:term":[{"taxonomy":"category","embeddable":true,"href":"https:\/\/kunmedierne.dk\/thy\/wp-json\/wp\/v2\/categories?post=18676"},{"taxonomy":"post_tag","embeddable":true,"href":"https:\/\/kunmedierne.dk\/thy\/wp-json\/wp\/v2\/tags?post=18676"}],"curies":[{"name":"wp","href":"https:\/\/api.w.org\/{rel}","templated":true}]}}