{"id":18644,"date":"2026-03-09T14:52:31","date_gmt":"2026-03-09T13:52:31","guid":{"rendered":"https:\/\/kunmedierne.dk\/thy\/?p=18644"},"modified":"2026-03-09T14:52:31","modified_gmt":"2026-03-09T13:52:31","slug":"stenbjerg-landingsplads-skal-vaere-filmkulisse","status":"publish","type":"post","link":"https:\/\/kunmedierne.dk\/thy\/stenbjerg-landingsplads-skal-vaere-filmkulisse\/","title":{"rendered":"Stenbjerg Landingsplads skal v\u00e6re filmkulisse"},"content":{"rendered":"<p><strong>STENBJERG:<\/strong> &#8211; Jeg har sagt til Else, at jeg holder fri det meste af i dag og i morgen.<\/p>\n<p>S\u00e5dan lyder det fra Flemming Bonde Stign\u00e6s, der til dagligt arbejder som pedel for Nationalpark Thy.<\/p>\n<p>Men Flemming bor i Stenbjerg, og i denne uge sker der noget us\u00e6dvanligt, som han p\u00e5 flere m\u00e5der har en aktie i.<\/p>\n<a class=\"dvrt-link\" onClick=\"cdmtrack_click(4416,jQuery(this));return false\" href=\"https:\/\/sdrhaa.dk\/\"><img decoding=\"async\" style=\"width:100%;\" src=\"https:\/\/kunmedierne.dk\/thy\/wp-content\/uploads\/sites\/2\/2025\/05\/260302Din-gebyrvenlige-sparekasse_SHS_Thy-1.gif\"><\/a><script>cdmtrack_view(4416);<\/script>\n<p>Flemming Stign\u00e6s er formand for Foreningen til Bevarelse af Stenbjerg Landingsplads, og derfor er han blevet involveret i en filmproduktion.<\/p>\n<p>Apple Tree productions bruger i denne uge forskellige locations i Thy til dramaserien, &#8220;De bedste familier&#8221;, der bygger p\u00e5 Kim Bl\u00e6sbjergs prisbel\u00f8nnede roman af samme navn.<\/p>\n<p>Serien tager udgangspunkt i virkelige begivenheder omkring kemikaliefabrikken Cheminovas flytning til Harbo\u00f8re Tange i 1950\u2019erne.<\/p>\n<p>Filmselskabet \u00f8nsker at bruge Stenbjerg Landingsplads som en kulisse til en scene i serien.<\/p>\n<div id=\"attachment_18656\" style=\"width: 1242px\" class=\"wp-caption alignnone\"><img loading=\"lazy\" decoding=\"async\" aria-describedby=\"caption-attachment-18656\" class=\"wp-image-18656 size-full\" src=\"https:\/\/kunmedierne.dk\/thy\/wp-content\/uploads\/sites\/2\/2026\/03\/Unavngivet-1232-x-802-px-2026-03-09T143609.019.jpg\" alt=\"\" width=\"1232\" height=\"802\" srcset=\"https:\/\/kunmedierne.dk\/thy\/wp-content\/uploads\/sites\/2\/2026\/03\/Unavngivet-1232-x-802-px-2026-03-09T143609.019.jpg 1232w, https:\/\/kunmedierne.dk\/thy\/wp-content\/uploads\/sites\/2\/2026\/03\/Unavngivet-1232-x-802-px-2026-03-09T143609.019-300x195.jpg 300w, https:\/\/kunmedierne.dk\/thy\/wp-content\/uploads\/sites\/2\/2026\/03\/Unavngivet-1232-x-802-px-2026-03-09T143609.019-1024x667.jpg 1024w, https:\/\/kunmedierne.dk\/thy\/wp-content\/uploads\/sites\/2\/2026\/03\/Unavngivet-1232-x-802-px-2026-03-09T143609.019-510x332.jpg 510w\" sizes=\"auto, (max-width: 1232px) 100vw, 1232px\" \/><p id=\"caption-attachment-18656\" class=\"wp-caption-text\">Der arbejdes p\u00e5 landingspladsen. Foto: Lone L\u00e6rke Krog.<\/p><\/div>\n<p>&#8211; Det er fint, at de kan bruge s\u00e5dan nogle faciliteter, som vi har her, siger Flemming Stigsn\u00e6s.<\/p>\n<a class=\"dvrt-link\" onClick=\"cdmtrack_click(689,jQuery(this));return false\" href=\"https:\/\/www.thistedbolig.dk\"><img decoding=\"async\" style=\"width:100%;\" src=\"https:\/\/kunmedierne.dk\/thy\/wp-content\/uploads\/sites\/2\/2025\/03\/260414ThistedBoligApril-opslag-002-1.jpg\"><\/a><script>cdmtrack_view(689);<\/script>\n<p>Landingspladsen i Stenbjerg er et unikt og velbevaret kulturhistorisk sted ved kysten, og foreningen har v\u00e6rnet om stedet i mere end 50 \u00e5r.<\/p>\n<p>Det er aftalt med filmselskabet, at foreningen f\u00e5r en lille skilling til sit arbejde. Og s\u00e5 m\u00e5 Flemming leve med, at husene et par dage er &#8220;gjort grimme&#8221; og slidte igen &#8211; med en specialsminke. Der er lovning p\u00e5, at murv\u00e6rket males igen efter filmoptagelserne.<\/p>\n<p>Flemming Stign\u00e6s l\u00e5ser op til nogle af de gamle redskabshuse p\u00e5 landingspladsen og hj\u00e6lper ogs\u00e5 med at finde nogle rekvisitter.<\/p>\n<p>&#8211; De vil gerne l\u00e5ne nogle gamle b\u00f8jer og nogle rygkurve fra spilmuseet, fort\u00e6ller han.<\/p>\n<a class=\"dvrt-link\" onClick=\"cdmtrack_click(4416,jQuery(this));return false\" href=\"https:\/\/sdrhaa.dk\/\"><img decoding=\"async\" style=\"width:100%;\" src=\"https:\/\/kunmedierne.dk\/thy\/wp-content\/uploads\/sites\/2\/2025\/05\/260302Din-gebyrvenlige-sparekasse_SHS_Thy-1.gif\"><\/a><script>cdmtrack_view(4416);<\/script>\n<p>Dagen f\u00f8r optagelserne er der travlt p\u00e5 landingspladsen. Folk fra produktionsselskabet og lokale arbejder sammen om at f\u00e5 alle rekvisitter p\u00e5 plads.<\/p>\n<p>Nogle kr\u00e6ver lidt mere end h\u00e5ndkraft.<\/p>\n<p>Et par fiskerb\u00e5de er blevet transporteret fra museet i Slettestrand. De l\u00f8ftes ned p\u00e5 stranden med en kran.<\/p>\n<div id=\"attachment_18657\" style=\"width: 1242px\" class=\"wp-caption alignnone\"><img loading=\"lazy\" decoding=\"async\" aria-describedby=\"caption-attachment-18657\" class=\"wp-image-18657 size-full\" src=\"https:\/\/kunmedierne.dk\/thy\/wp-content\/uploads\/sites\/2\/2026\/03\/Unavngivet-1232-x-802-px-2026-03-09T143442.890.jpg\" alt=\"\" width=\"1232\" height=\"802\" srcset=\"https:\/\/kunmedierne.dk\/thy\/wp-content\/uploads\/sites\/2\/2026\/03\/Unavngivet-1232-x-802-px-2026-03-09T143442.890.jpg 1232w, https:\/\/kunmedierne.dk\/thy\/wp-content\/uploads\/sites\/2\/2026\/03\/Unavngivet-1232-x-802-px-2026-03-09T143442.890-300x195.jpg 300w, https:\/\/kunmedierne.dk\/thy\/wp-content\/uploads\/sites\/2\/2026\/03\/Unavngivet-1232-x-802-px-2026-03-09T143442.890-1024x667.jpg 1024w, https:\/\/kunmedierne.dk\/thy\/wp-content\/uploads\/sites\/2\/2026\/03\/Unavngivet-1232-x-802-px-2026-03-09T143442.890-510x332.jpg 510w\" sizes=\"auto, (max-width: 1232px) 100vw, 1232px\" \/><p id=\"caption-attachment-18657\" class=\"wp-caption-text\">Flemming Stign\u00e6s f\u00f8lger med, n\u00e5r en af de lidt \u00e6ldre b\u00e5de fra Slettestrand l\u00f8ftes p\u00e5 plads. I baggrunden en fiskerb\u00e5d af den model, som Flemmings farfar byggede. Foto: Lone L\u00e6rke Krog.<\/p><\/div>\n<p>&nbsp;<\/p>\n<div id=\"attachment_18658\" style=\"width: 1242px\" class=\"wp-caption alignnone\"><img loading=\"lazy\" decoding=\"async\" aria-describedby=\"caption-attachment-18658\" class=\"wp-image-18658 size-full\" src=\"https:\/\/kunmedierne.dk\/thy\/wp-content\/uploads\/sites\/2\/2026\/03\/Unavngivet-1232-x-802-px-5.png\" alt=\"\" width=\"1232\" height=\"802\" srcset=\"https:\/\/kunmedierne.dk\/thy\/wp-content\/uploads\/sites\/2\/2026\/03\/Unavngivet-1232-x-802-px-5.png 1232w, https:\/\/kunmedierne.dk\/thy\/wp-content\/uploads\/sites\/2\/2026\/03\/Unavngivet-1232-x-802-px-5-300x195.png 300w, https:\/\/kunmedierne.dk\/thy\/wp-content\/uploads\/sites\/2\/2026\/03\/Unavngivet-1232-x-802-px-5-1024x667.png 1024w, https:\/\/kunmedierne.dk\/thy\/wp-content\/uploads\/sites\/2\/2026\/03\/Unavngivet-1232-x-802-px-5-510x332.png 510w\" sizes=\"auto, (max-width: 1232px) 100vw, 1232px\" \/><p id=\"caption-attachment-18658\" class=\"wp-caption-text\">Flemming Stign\u00e6s (siddende) husker fra sin barndom, hvor stor en begivenhed, det var, n\u00e5r et nybygget skib blev sendt p\u00e5 havet. Hans bedstefar var b\u00e5debygger i Stenbjerg. privatfoto.<\/p><\/div>\n<p>Flemming Stign\u00e6s kigger med stor interesse p\u00e5 en af b\u00e5dene.<\/p>\n<p>&#8211; Den er magen til en af de b\u00e5de, som min bedstefar byggede.<\/p>\n<p>Flemmings bedstefar hed Christen Jensen Bonde.<\/p>\n<p>Der er ikke adgang til landingspladsen for publikum under filmoptagelserne.<\/p>\n<p>&nbsp;<\/p>\n","protected":false},"excerpt":{"rendered":"<p>STENBJERG: &#8211; Jeg har sagt til Else, at jeg holder fri det meste af i dag og i morgen. S\u00e5dan lyder det fra Flemming Bonde Stign\u00e6s, der til dagligt arbejder som pedel for Nationalpark Thy. Men Flemming bor i Stenbjerg, og i denne uge sker der noget us\u00e6dvanligt, som han p\u00e5 flere m\u00e5der har en [&hellip;]<\/p>\n","protected":false},"author":1925,"featured_media":0,"comment_status":"closed","ping_status":"closed","sticky":false,"template":"","format":"standard","meta":{"_acf_changed":false,"footnotes":""},"categories":[24],"tags":[85,38],"class_list":["post-18644","post","type-post","status-publish","format-standard","hentry","category-lokalt","tag-kultur","tag-mennesker"],"acf":[],"yoast_head":"<!-- This site is optimized with the Yoast SEO plugin v26.8 - https:\/\/yoast.com\/product\/yoast-seo-wordpress\/ -->\n<title>Stenbjerg Landingsplads skal v\u00e6re filmkulisse - Thy<\/title>\n<meta name=\"robots\" content=\"index, follow, max-snippet:-1, max-image-preview:large, max-video-preview:-1\" \/>\n<link rel=\"canonical\" href=\"https:\/\/kunmedierne.dk\/thy\/stenbjerg-landingsplads-skal-vaere-filmkulisse\/\" \/>\n<meta property=\"og:locale\" content=\"da_DK\" \/>\n<meta property=\"og:type\" content=\"article\" \/>\n<meta property=\"og:title\" content=\"Stenbjerg Landingsplads skal v\u00e6re filmkulisse - Thy\" \/>\n<meta property=\"og:description\" content=\"STENBJERG: &#8211; Jeg har sagt til Else, at jeg holder fri det meste af i dag og i morgen. S\u00e5dan lyder det fra Flemming Bonde Stign\u00e6s, der til dagligt arbejder som pedel for Nationalpark Thy. Men Flemming bor i Stenbjerg, og i denne uge sker der noget us\u00e6dvanligt, som han p\u00e5 flere m\u00e5der har en [&hellip;]\" \/>\n<meta property=\"og:url\" content=\"https:\/\/kunmedierne.dk\/thy\/stenbjerg-landingsplads-skal-vaere-filmkulisse\/\" \/>\n<meta property=\"og:site_name\" content=\"Thy\" \/>\n<meta property=\"article:published_time\" content=\"2026-03-09T13:52:31+00:00\" \/>\n<meta property=\"og:image\" content=\"https:\/\/kunmedierne.dk\/thy\/wp-content\/uploads\/sites\/2\/2026\/03\/Unavngivet-1232-x-802-px-2026-03-09T143609.019.jpg\" \/>\n<meta name=\"author\" content=\"Lone L\u00e6rke Krog\" \/>\n<meta name=\"twitter:card\" content=\"summary_large_image\" \/>\n<meta name=\"twitter:label1\" content=\"Skrevet af\" \/>\n\t<meta name=\"twitter:data1\" content=\"Lone L\u00e6rke Krog\" \/>\n\t<meta name=\"twitter:label2\" content=\"Estimeret l\u00e6setid\" \/>\n\t<meta name=\"twitter:data2\" content=\"3 minutter\" \/>\n<script type=\"application\/ld+json\" class=\"yoast-schema-graph\">{\"@context\":\"https:\/\/schema.org\",\"@graph\":[{\"@type\":\"Article\",\"@id\":\"https:\/\/kunmedierne.dk\/thy\/stenbjerg-landingsplads-skal-vaere-filmkulisse\/#article\",\"isPartOf\":{\"@id\":\"https:\/\/kunmedierne.dk\/thy\/stenbjerg-landingsplads-skal-vaere-filmkulisse\/\"},\"author\":{\"name\":\"Lone L\u00e6rke Krog\",\"@id\":\"https:\/\/kunmedierne.dk\/thy\/#\/schema\/person\/d266634ba6550d075ecf540d63b245d2\"},\"headline\":\"Stenbjerg Landingsplads skal v\u00e6re filmkulisse\",\"datePublished\":\"2026-03-09T13:52:31+00:00\",\"mainEntityOfPage\":{\"@id\":\"https:\/\/kunmedierne.dk\/thy\/stenbjerg-landingsplads-skal-vaere-filmkulisse\/\"},\"wordCount\":477,\"publisher\":{\"@id\":\"https:\/\/kunmedierne.dk\/thy\/#organization\"},\"image\":{\"@id\":\"https:\/\/kunmedierne.dk\/thy\/stenbjerg-landingsplads-skal-vaere-filmkulisse\/#primaryimage\"},\"thumbnailUrl\":\"https:\/\/kunmedierne.dk\/thy\/wp-content\/uploads\/sites\/2\/2026\/03\/Unavngivet-1232-x-802-px-2026-03-09T143609.019.jpg\",\"keywords\":[\"kultur\",\"Mennesker\"],\"articleSection\":[\"Lokalt\"],\"inLanguage\":\"da-DK\"},{\"@type\":\"WebPage\",\"@id\":\"https:\/\/kunmedierne.dk\/thy\/stenbjerg-landingsplads-skal-vaere-filmkulisse\/\",\"url\":\"https:\/\/kunmedierne.dk\/thy\/stenbjerg-landingsplads-skal-vaere-filmkulisse\/\",\"name\":\"Stenbjerg Landingsplads skal v\u00e6re filmkulisse - Thy\",\"isPartOf\":{\"@id\":\"https:\/\/kunmedierne.dk\/thy\/#website\"},\"primaryImageOfPage\":{\"@id\":\"https:\/\/kunmedierne.dk\/thy\/stenbjerg-landingsplads-skal-vaere-filmkulisse\/#primaryimage\"},\"image\":{\"@id\":\"https:\/\/kunmedierne.dk\/thy\/stenbjerg-landingsplads-skal-vaere-filmkulisse\/#primaryimage\"},\"thumbnailUrl\":\"https:\/\/kunmedierne.dk\/thy\/wp-content\/uploads\/sites\/2\/2026\/03\/Unavngivet-1232-x-802-px-2026-03-09T143609.019.jpg\",\"datePublished\":\"2026-03-09T13:52:31+00:00\",\"breadcrumb\":{\"@id\":\"https:\/\/kunmedierne.dk\/thy\/stenbjerg-landingsplads-skal-vaere-filmkulisse\/#breadcrumb\"},\"inLanguage\":\"da-DK\",\"potentialAction\":[{\"@type\":\"ReadAction\",\"target\":[\"https:\/\/kunmedierne.dk\/thy\/stenbjerg-landingsplads-skal-vaere-filmkulisse\/\"]}]},{\"@type\":\"ImageObject\",\"inLanguage\":\"da-DK\",\"@id\":\"https:\/\/kunmedierne.dk\/thy\/stenbjerg-landingsplads-skal-vaere-filmkulisse\/#primaryimage\",\"url\":\"https:\/\/kunmedierne.dk\/thy\/wp-content\/uploads\/sites\/2\/2026\/03\/Unavngivet-1232-x-802-px-2026-03-09T143609.019.jpg\",\"contentUrl\":\"https:\/\/kunmedierne.dk\/thy\/wp-content\/uploads\/sites\/2\/2026\/03\/Unavngivet-1232-x-802-px-2026-03-09T143609.019.jpg\",\"width\":1232,\"height\":802},{\"@type\":\"BreadcrumbList\",\"@id\":\"https:\/\/kunmedierne.dk\/thy\/stenbjerg-landingsplads-skal-vaere-filmkulisse\/#breadcrumb\",\"itemListElement\":[{\"@type\":\"ListItem\",\"position\":1,\"name\":\"Home\",\"item\":\"https:\/\/kunmedierne.dk\/thy\/\"},{\"@type\":\"ListItem\",\"position\":2,\"name\":\"Stenbjerg Landingsplads skal v\u00e6re filmkulisse\"}]},{\"@type\":\"WebSite\",\"@id\":\"https:\/\/kunmedierne.dk\/thy\/#website\",\"url\":\"https:\/\/kunmedierne.dk\/thy\/\",\"name\":\"Thy\",\"description\":\"et netmedie med journalistik om livet i Thy\",\"publisher\":{\"@id\":\"https:\/\/kunmedierne.dk\/thy\/#organization\"},\"potentialAction\":[{\"@type\":\"SearchAction\",\"target\":{\"@type\":\"EntryPoint\",\"urlTemplate\":\"https:\/\/kunmedierne.dk\/thy\/?s={search_term_string}\"},\"query-input\":{\"@type\":\"PropertyValueSpecification\",\"valueRequired\":true,\"valueName\":\"search_term_string\"}}],\"inLanguage\":\"da-DK\"},{\"@type\":\"Organization\",\"@id\":\"https:\/\/kunmedierne.dk\/thy\/#organization\",\"name\":\"Thy\",\"url\":\"https:\/\/kunmedierne.dk\/thy\/\",\"logo\":{\"@type\":\"ImageObject\",\"inLanguage\":\"da-DK\",\"@id\":\"https:\/\/kunmedierne.dk\/thy\/#\/schema\/logo\/image\/\",\"url\":\"https:\/\/kunmedierne.dk\/thy\/wp-content\/uploads\/sites\/2\/2025\/04\/kunthy-logo.svg\",\"contentUrl\":\"https:\/\/kunmedierne.dk\/thy\/wp-content\/uploads\/sites\/2\/2025\/04\/kunthy-logo.svg\",\"caption\":\"Thy\"},\"image\":{\"@id\":\"https:\/\/kunmedierne.dk\/thy\/#\/schema\/logo\/image\/\"}},{\"@type\":\"Person\",\"@id\":\"https:\/\/kunmedierne.dk\/thy\/#\/schema\/person\/d266634ba6550d075ecf540d63b245d2\",\"name\":\"Lone L\u00e6rke Krog\",\"image\":{\"@type\":\"ImageObject\",\"inLanguage\":\"da-DK\",\"@id\":\"https:\/\/kunmedierne.dk\/thy\/#\/schema\/person\/image\/\",\"url\":\"https:\/\/secure.gravatar.com\/avatar\/496ddc7080e56b4ac64cfd4e56bd6d1ee396fa3db1923aa22f11346f60bb135b?s=96&d=mm&r=g\",\"contentUrl\":\"https:\/\/secure.gravatar.com\/avatar\/496ddc7080e56b4ac64cfd4e56bd6d1ee396fa3db1923aa22f11346f60bb135b?s=96&d=mm&r=g\",\"caption\":\"Lone L\u00e6rke Krog\"},\"url\":\"https:\/\/kunmedierne.dk\/thy\/author\/llk\/\"}]}<\/script>\n<!-- \/ Yoast SEO plugin. -->","yoast_head_json":{"title":"Stenbjerg Landingsplads skal v\u00e6re filmkulisse - Thy","robots":{"index":"index","follow":"follow","max-snippet":"max-snippet:-1","max-image-preview":"max-image-preview:large","max-video-preview":"max-video-preview:-1"},"canonical":"https:\/\/kunmedierne.dk\/thy\/stenbjerg-landingsplads-skal-vaere-filmkulisse\/","og_locale":"da_DK","og_type":"article","og_title":"Stenbjerg Landingsplads skal v\u00e6re filmkulisse - Thy","og_description":"STENBJERG: &#8211; Jeg har sagt til Else, at jeg holder fri det meste af i dag og i morgen. S\u00e5dan lyder det fra Flemming Bonde Stign\u00e6s, der til dagligt arbejder som pedel for Nationalpark Thy. Men Flemming bor i Stenbjerg, og i denne uge sker der noget us\u00e6dvanligt, som han p\u00e5 flere m\u00e5der har en [&hellip;]","og_url":"https:\/\/kunmedierne.dk\/thy\/stenbjerg-landingsplads-skal-vaere-filmkulisse\/","og_site_name":"Thy","article_published_time":"2026-03-09T13:52:31+00:00","og_image":[{"url":"https:\/\/kunmedierne.dk\/thy\/wp-content\/uploads\/sites\/2\/2026\/03\/Unavngivet-1232-x-802-px-2026-03-09T143609.019.jpg","type":"","width":"","height":""}],"author":"Lone L\u00e6rke Krog","twitter_card":"summary_large_image","twitter_misc":{"Skrevet af":"Lone L\u00e6rke Krog","Estimeret l\u00e6setid":"3 minutter"},"schema":{"@context":"https:\/\/schema.org","@graph":[{"@type":"Article","@id":"https:\/\/kunmedierne.dk\/thy\/stenbjerg-landingsplads-skal-vaere-filmkulisse\/#article","isPartOf":{"@id":"https:\/\/kunmedierne.dk\/thy\/stenbjerg-landingsplads-skal-vaere-filmkulisse\/"},"author":{"name":"Lone L\u00e6rke Krog","@id":"https:\/\/kunmedierne.dk\/thy\/#\/schema\/person\/d266634ba6550d075ecf540d63b245d2"},"headline":"Stenbjerg Landingsplads skal v\u00e6re filmkulisse","datePublished":"2026-03-09T13:52:31+00:00","mainEntityOfPage":{"@id":"https:\/\/kunmedierne.dk\/thy\/stenbjerg-landingsplads-skal-vaere-filmkulisse\/"},"wordCount":477,"publisher":{"@id":"https:\/\/kunmedierne.dk\/thy\/#organization"},"image":{"@id":"https:\/\/kunmedierne.dk\/thy\/stenbjerg-landingsplads-skal-vaere-filmkulisse\/#primaryimage"},"thumbnailUrl":"https:\/\/kunmedierne.dk\/thy\/wp-content\/uploads\/sites\/2\/2026\/03\/Unavngivet-1232-x-802-px-2026-03-09T143609.019.jpg","keywords":["kultur","Mennesker"],"articleSection":["Lokalt"],"inLanguage":"da-DK"},{"@type":"WebPage","@id":"https:\/\/kunmedierne.dk\/thy\/stenbjerg-landingsplads-skal-vaere-filmkulisse\/","url":"https:\/\/kunmedierne.dk\/thy\/stenbjerg-landingsplads-skal-vaere-filmkulisse\/","name":"Stenbjerg Landingsplads skal v\u00e6re filmkulisse - Thy","isPartOf":{"@id":"https:\/\/kunmedierne.dk\/thy\/#website"},"primaryImageOfPage":{"@id":"https:\/\/kunmedierne.dk\/thy\/stenbjerg-landingsplads-skal-vaere-filmkulisse\/#primaryimage"},"image":{"@id":"https:\/\/kunmedierne.dk\/thy\/stenbjerg-landingsplads-skal-vaere-filmkulisse\/#primaryimage"},"thumbnailUrl":"https:\/\/kunmedierne.dk\/thy\/wp-content\/uploads\/sites\/2\/2026\/03\/Unavngivet-1232-x-802-px-2026-03-09T143609.019.jpg","datePublished":"2026-03-09T13:52:31+00:00","breadcrumb":{"@id":"https:\/\/kunmedierne.dk\/thy\/stenbjerg-landingsplads-skal-vaere-filmkulisse\/#breadcrumb"},"inLanguage":"da-DK","potentialAction":[{"@type":"ReadAction","target":["https:\/\/kunmedierne.dk\/thy\/stenbjerg-landingsplads-skal-vaere-filmkulisse\/"]}]},{"@type":"ImageObject","inLanguage":"da-DK","@id":"https:\/\/kunmedierne.dk\/thy\/stenbjerg-landingsplads-skal-vaere-filmkulisse\/#primaryimage","url":"https:\/\/kunmedierne.dk\/thy\/wp-content\/uploads\/sites\/2\/2026\/03\/Unavngivet-1232-x-802-px-2026-03-09T143609.019.jpg","contentUrl":"https:\/\/kunmedierne.dk\/thy\/wp-content\/uploads\/sites\/2\/2026\/03\/Unavngivet-1232-x-802-px-2026-03-09T143609.019.jpg","width":1232,"height":802},{"@type":"BreadcrumbList","@id":"https:\/\/kunmedierne.dk\/thy\/stenbjerg-landingsplads-skal-vaere-filmkulisse\/#breadcrumb","itemListElement":[{"@type":"ListItem","position":1,"name":"Home","item":"https:\/\/kunmedierne.dk\/thy\/"},{"@type":"ListItem","position":2,"name":"Stenbjerg Landingsplads skal v\u00e6re filmkulisse"}]},{"@type":"WebSite","@id":"https:\/\/kunmedierne.dk\/thy\/#website","url":"https:\/\/kunmedierne.dk\/thy\/","name":"Thy","description":"et netmedie med journalistik om livet i Thy","publisher":{"@id":"https:\/\/kunmedierne.dk\/thy\/#organization"},"potentialAction":[{"@type":"SearchAction","target":{"@type":"EntryPoint","urlTemplate":"https:\/\/kunmedierne.dk\/thy\/?s={search_term_string}"},"query-input":{"@type":"PropertyValueSpecification","valueRequired":true,"valueName":"search_term_string"}}],"inLanguage":"da-DK"},{"@type":"Organization","@id":"https:\/\/kunmedierne.dk\/thy\/#organization","name":"Thy","url":"https:\/\/kunmedierne.dk\/thy\/","logo":{"@type":"ImageObject","inLanguage":"da-DK","@id":"https:\/\/kunmedierne.dk\/thy\/#\/schema\/logo\/image\/","url":"https:\/\/kunmedierne.dk\/thy\/wp-content\/uploads\/sites\/2\/2025\/04\/kunthy-logo.svg","contentUrl":"https:\/\/kunmedierne.dk\/thy\/wp-content\/uploads\/sites\/2\/2025\/04\/kunthy-logo.svg","caption":"Thy"},"image":{"@id":"https:\/\/kunmedierne.dk\/thy\/#\/schema\/logo\/image\/"}},{"@type":"Person","@id":"https:\/\/kunmedierne.dk\/thy\/#\/schema\/person\/d266634ba6550d075ecf540d63b245d2","name":"Lone L\u00e6rke Krog","image":{"@type":"ImageObject","inLanguage":"da-DK","@id":"https:\/\/kunmedierne.dk\/thy\/#\/schema\/person\/image\/","url":"https:\/\/secure.gravatar.com\/avatar\/496ddc7080e56b4ac64cfd4e56bd6d1ee396fa3db1923aa22f11346f60bb135b?s=96&d=mm&r=g","contentUrl":"https:\/\/secure.gravatar.com\/avatar\/496ddc7080e56b4ac64cfd4e56bd6d1ee396fa3db1923aa22f11346f60bb135b?s=96&d=mm&r=g","caption":"Lone L\u00e6rke Krog"},"url":"https:\/\/kunmedierne.dk\/thy\/author\/llk\/"}]}},"_links":{"self":[{"href":"https:\/\/kunmedierne.dk\/thy\/wp-json\/wp\/v2\/posts\/18644","targetHints":{"allow":["GET"]}}],"collection":[{"href":"https:\/\/kunmedierne.dk\/thy\/wp-json\/wp\/v2\/posts"}],"about":[{"href":"https:\/\/kunmedierne.dk\/thy\/wp-json\/wp\/v2\/types\/post"}],"author":[{"embeddable":true,"href":"https:\/\/kunmedierne.dk\/thy\/wp-json\/wp\/v2\/users\/1925"}],"replies":[{"embeddable":true,"href":"https:\/\/kunmedierne.dk\/thy\/wp-json\/wp\/v2\/comments?post=18644"}],"version-history":[{"count":3,"href":"https:\/\/kunmedierne.dk\/thy\/wp-json\/wp\/v2\/posts\/18644\/revisions"}],"predecessor-version":[{"id":18664,"href":"https:\/\/kunmedierne.dk\/thy\/wp-json\/wp\/v2\/posts\/18644\/revisions\/18664"}],"wp:attachment":[{"href":"https:\/\/kunmedierne.dk\/thy\/wp-json\/wp\/v2\/media?parent=18644"}],"wp:term":[{"taxonomy":"category","embeddable":true,"href":"https:\/\/kunmedierne.dk\/thy\/wp-json\/wp\/v2\/categories?post=18644"},{"taxonomy":"post_tag","embeddable":true,"href":"https:\/\/kunmedierne.dk\/thy\/wp-json\/wp\/v2\/tags?post=18644"}],"curies":[{"name":"wp","href":"https:\/\/api.w.org\/{rel}","templated":true}]}}