{"id":18630,"date":"2026-03-09T13:32:59","date_gmt":"2026-03-09T12:32:59","guid":{"rendered":"https:\/\/kunmedierne.dk\/thy\/?p=18630"},"modified":"2026-03-09T13:32:59","modified_gmt":"2026-03-09T12:32:59","slug":"de-tekniske-uddannelser-hitter-paa-euc-nordvest","status":"publish","type":"post","link":"https:\/\/kunmedierne.dk\/thy\/de-tekniske-uddannelser-hitter-paa-euc-nordvest\/","title":{"rendered":"De tekniske uddannelser hitter p\u00e5 EUC Nordvest"},"content":{"rendered":"<p>THISTED: &#8211; Vi er g\u00e5et markant frem p\u00e5 erhvervsuddannelserne. S\u00e6rligt inden for teknologi, byggeri og transport. Det er meget sp\u00e6ndende.<\/p>\n<p>S\u00e5dan lyder det fra Hans Chr. Jeppesen, der er rektor p\u00e5 EUC Nordvest.<\/p>\n<p>Han gl\u00e6der sig over, at 164 unge har s\u00f8gt ind p\u00e5 erhvervsuddannelserne i skolens afdelinger i Thy og p\u00e5 Mors, og 136 af dem \u00f8nsker at begynde p\u00e5 en af uddannelserne i Thisted, hvilket er &#8220;et meget h\u00f8jt tal&#8221;.<\/p>\n<a class=\"dvrt-link\" onClick=\"cdmtrack_click(687,jQuery(this));return false\" href=\"https:\/\/konpap.dk\/?gad_source=1&gclid=Cj0KCQjwtJ6_BhDWARIsAGanmKfOBLC3RBm6obWL5sEb-mp4bsp5QjqWW4j4nx22y0YT2iMiXJcv3MoaApR_EALw_wcB\"><img decoding=\"async\" style=\"width:100%;\" src=\"https:\/\/kunmedierne.dk\/thy\/wp-content\/uploads\/sites\/2\/2025\/03\/redoffice.jpg\"><\/a><script>cdmtrack_view(687);<\/script>\n<p>Hans Chr. Jeppesen kan uddybende oplyse, at der til omr\u00e5det byggeri, teknologi og transport er 119 tilmeldte. Sidste \u00e5r i august var der 76 elever p\u00e5 denne hovedindgang.<\/p>\n<p>EUC Nordvest forventer dog, at cirka 15 af de nytilmeldte vil f\u00e5 sig en l\u00e6replads inden skolestart. Og derfor vil der realistisk set blive tale om en stigning p\u00e5 omkring 35 procent i antal elever inden for disse fag.<\/p>\n<p>Og der er brug for de unge, der s\u00f8ger inden for disse fagomr\u00e5der og uddanner sig til smede, industriteknikere, fagl\u00e6rte chauff\u00f8rer, murere og t\u00f8mrere.<\/p>\n<p>&#8211; Vi har masser af tomme l\u00e6repladser ude i virksomhederne, siger Hans Chr. Jeppesen.<\/p>\n<a class=\"dvrt-link\" onClick=\"cdmtrack_click(687,jQuery(this));return false\" href=\"https:\/\/konpap.dk\/?gad_source=1&gclid=Cj0KCQjwtJ6_BhDWARIsAGanmKfOBLC3RBm6obWL5sEb-mp4bsp5QjqWW4j4nx22y0YT2iMiXJcv3MoaApR_EALw_wcB\"><img decoding=\"async\" style=\"width:100%;\" src=\"https:\/\/kunmedierne.dk\/thy\/wp-content\/uploads\/sites\/2\/2025\/03\/redoffice.jpg\"><\/a><script>cdmtrack_view(687);<\/script>\n<p>EUC Nordvest udbyder udover de erhvervsfaglige grunduddannelser ogs\u00e5 gymnasiale uddannelser som HHX og HTX.<\/p>\n<p>Og det ser ud til, at de nuv\u00e6rende ungdoms\u00e5rgange til dels frav\u00e6lger de gymnasiale uddannelser.<\/p>\n<p>Da de unge i 9. og 10. klasse her 1. marts skulle beslutte sig for det n\u00e6ste trin, viste det sig, at antallet af gymnasieelever i Thisted samlet set &#8211; for STX, HHX og HTX &#8211; ser ud til at falde fra 278 sidste \u00e5r til cirka 230 i \u00e5r.<\/p>\n<p>&#8211; 48 f\u00e6rre. Det er mange. Heldigvis ser vi til geng\u00e6ld rigtig flotte tilmeldingstal til erhvervsuddannelserne, siger Hans Chr. Jeppesen.<\/p>\n<p>STX p\u00e5 Thisted Gymnasium har f\u00e5et 112 ans\u00f8gere, HHX i Thisted har f\u00e5et 89 ans\u00f8gere, og s\u00e5 er der 29 tilmeldte til HTX.<\/p>\n<a class=\"dvrt-link\" onClick=\"cdmtrack_click(685,jQuery(this));return false\" href=\"https:\/\/wensien.dk\/begravelse\/?gad_source=1&gclid=Cj0KCQjwtJ6_BhDWARIsAGanmKcWw6hbeoepGti1oApJGHln52gMbg8EBRZ86__3P1AJZ5dcsw4ZvNEaAk7JEALw_wcB\"><img decoding=\"async\" style=\"width:100%;\" src=\"https:\/\/kunmedierne.dk\/thy\/wp-content\/uploads\/sites\/2\/2025\/03\/wensien-stenhugger.jpg\"><\/a><script>cdmtrack_view(685);<\/script>\n<p>&#8211; De seneste to \u00e5r har vi haft h\u00f8je ans\u00f8gertal til HHX, men gennemsnittet i nyere tid er p\u00e5 cirka 100, siger Hans Chr. Jeppesen.<\/p>\n<p>N\u00e5r ledelserne p\u00e5 ungdomsuddannelserne i Thisted skal l\u00e6gge budget, er der altid en joker, og det er efterskolerne. Et \u00e5r kan der v\u00e6re mange, der v\u00e6lger at tage 10. klasse p\u00e5 efterskole, et andet \u00e5r f\u00e6rre.<\/p>\n<p>I \u00f8vrigt er tilmeldingstallene 1. marts et \u00f8jebliksbillede. Der plejer at komme en del eftertilmeldinger.<\/p>\n<blockquote><p>Hvor mange unge i Thy g\u00e5r lige nu i 9. eller 10. klasse.<\/p>\n<p>9. \u00e5rgang (folkeskole, friskole, efterskole, juniormesterl\u00e6re, specialklasse): 522<\/p>\n<p>10. \u00e5rgang (folkeskole, efterskole, specialklasse): 293<\/p><\/blockquote>\n<p>&nbsp;<\/p>\n<p>&nbsp;<\/p>\n","protected":false},"excerpt":{"rendered":"<p>THISTED: &#8211; Vi er g\u00e5et markant frem p\u00e5 erhvervsuddannelserne. S\u00e6rligt inden for teknologi, byggeri og transport. Det er meget sp\u00e6ndende. S\u00e5dan lyder det fra Hans Chr. Jeppesen, der er rektor p\u00e5 EUC Nordvest. Han gl\u00e6der sig over, at 164 unge har s\u00f8gt ind p\u00e5 erhvervsuddannelserne i skolens afdelinger i Thy og p\u00e5 Mors, og 136 [&hellip;]<\/p>\n","protected":false},"author":1925,"featured_media":0,"comment_status":"closed","ping_status":"closed","sticky":false,"template":"","format":"standard","meta":{"_acf_changed":false,"footnotes":""},"categories":[24],"tags":[90,74],"class_list":["post-18630","post","type-post","status-publish","format-standard","hentry","category-lokalt","tag-uddannelse","tag-ungdomsliv"],"acf":[],"yoast_head":"<!-- This site is optimized with the Yoast SEO plugin v26.8 - https:\/\/yoast.com\/product\/yoast-seo-wordpress\/ -->\n<title>De tekniske uddannelser hitter p\u00e5 EUC Nordvest - Thy<\/title>\n<meta name=\"robots\" content=\"index, follow, max-snippet:-1, max-image-preview:large, max-video-preview:-1\" \/>\n<link rel=\"canonical\" href=\"https:\/\/kunmedierne.dk\/thy\/de-tekniske-uddannelser-hitter-paa-euc-nordvest\/\" \/>\n<meta property=\"og:locale\" content=\"da_DK\" \/>\n<meta property=\"og:type\" content=\"article\" \/>\n<meta property=\"og:title\" content=\"De tekniske uddannelser hitter p\u00e5 EUC Nordvest - Thy\" \/>\n<meta property=\"og:description\" content=\"THISTED: &#8211; Vi er g\u00e5et markant frem p\u00e5 erhvervsuddannelserne. S\u00e6rligt inden for teknologi, byggeri og transport. Det er meget sp\u00e6ndende. S\u00e5dan lyder det fra Hans Chr. Jeppesen, der er rektor p\u00e5 EUC Nordvest. Han gl\u00e6der sig over, at 164 unge har s\u00f8gt ind p\u00e5 erhvervsuddannelserne i skolens afdelinger i Thy og p\u00e5 Mors, og 136 [&hellip;]\" \/>\n<meta property=\"og:url\" content=\"https:\/\/kunmedierne.dk\/thy\/de-tekniske-uddannelser-hitter-paa-euc-nordvest\/\" \/>\n<meta property=\"og:site_name\" content=\"Thy\" \/>\n<meta property=\"article:published_time\" content=\"2026-03-09T12:32:59+00:00\" \/>\n<meta name=\"author\" content=\"Lone L\u00e6rke Krog\" \/>\n<meta name=\"twitter:card\" content=\"summary_large_image\" \/>\n<meta name=\"twitter:label1\" content=\"Skrevet af\" \/>\n\t<meta name=\"twitter:data1\" content=\"Lone L\u00e6rke Krog\" \/>\n\t<meta name=\"twitter:label2\" content=\"Estimeret l\u00e6setid\" \/>\n\t<meta name=\"twitter:data2\" content=\"3 minutter\" \/>\n<script type=\"application\/ld+json\" class=\"yoast-schema-graph\">{\"@context\":\"https:\/\/schema.org\",\"@graph\":[{\"@type\":\"Article\",\"@id\":\"https:\/\/kunmedierne.dk\/thy\/de-tekniske-uddannelser-hitter-paa-euc-nordvest\/#article\",\"isPartOf\":{\"@id\":\"https:\/\/kunmedierne.dk\/thy\/de-tekniske-uddannelser-hitter-paa-euc-nordvest\/\"},\"author\":{\"name\":\"Lone L\u00e6rke Krog\",\"@id\":\"https:\/\/kunmedierne.dk\/thy\/#\/schema\/person\/d266634ba6550d075ecf540d63b245d2\"},\"headline\":\"De tekniske uddannelser hitter p\u00e5 EUC Nordvest\",\"datePublished\":\"2026-03-09T12:32:59+00:00\",\"mainEntityOfPage\":{\"@id\":\"https:\/\/kunmedierne.dk\/thy\/de-tekniske-uddannelser-hitter-paa-euc-nordvest\/\"},\"wordCount\":427,\"publisher\":{\"@id\":\"https:\/\/kunmedierne.dk\/thy\/#organization\"},\"keywords\":[\"Uddannelse\",\"Ungdomsliv\"],\"articleSection\":[\"Lokalt\"],\"inLanguage\":\"da-DK\"},{\"@type\":\"WebPage\",\"@id\":\"https:\/\/kunmedierne.dk\/thy\/de-tekniske-uddannelser-hitter-paa-euc-nordvest\/\",\"url\":\"https:\/\/kunmedierne.dk\/thy\/de-tekniske-uddannelser-hitter-paa-euc-nordvest\/\",\"name\":\"De tekniske uddannelser hitter p\u00e5 EUC Nordvest - Thy\",\"isPartOf\":{\"@id\":\"https:\/\/kunmedierne.dk\/thy\/#website\"},\"datePublished\":\"2026-03-09T12:32:59+00:00\",\"breadcrumb\":{\"@id\":\"https:\/\/kunmedierne.dk\/thy\/de-tekniske-uddannelser-hitter-paa-euc-nordvest\/#breadcrumb\"},\"inLanguage\":\"da-DK\",\"potentialAction\":[{\"@type\":\"ReadAction\",\"target\":[\"https:\/\/kunmedierne.dk\/thy\/de-tekniske-uddannelser-hitter-paa-euc-nordvest\/\"]}]},{\"@type\":\"BreadcrumbList\",\"@id\":\"https:\/\/kunmedierne.dk\/thy\/de-tekniske-uddannelser-hitter-paa-euc-nordvest\/#breadcrumb\",\"itemListElement\":[{\"@type\":\"ListItem\",\"position\":1,\"name\":\"Home\",\"item\":\"https:\/\/kunmedierne.dk\/thy\/\"},{\"@type\":\"ListItem\",\"position\":2,\"name\":\"De tekniske uddannelser hitter p\u00e5 EUC Nordvest\"}]},{\"@type\":\"WebSite\",\"@id\":\"https:\/\/kunmedierne.dk\/thy\/#website\",\"url\":\"https:\/\/kunmedierne.dk\/thy\/\",\"name\":\"Thy\",\"description\":\"et netmedie med journalistik om livet i Thy\",\"publisher\":{\"@id\":\"https:\/\/kunmedierne.dk\/thy\/#organization\"},\"potentialAction\":[{\"@type\":\"SearchAction\",\"target\":{\"@type\":\"EntryPoint\",\"urlTemplate\":\"https:\/\/kunmedierne.dk\/thy\/?s={search_term_string}\"},\"query-input\":{\"@type\":\"PropertyValueSpecification\",\"valueRequired\":true,\"valueName\":\"search_term_string\"}}],\"inLanguage\":\"da-DK\"},{\"@type\":\"Organization\",\"@id\":\"https:\/\/kunmedierne.dk\/thy\/#organization\",\"name\":\"Thy\",\"url\":\"https:\/\/kunmedierne.dk\/thy\/\",\"logo\":{\"@type\":\"ImageObject\",\"inLanguage\":\"da-DK\",\"@id\":\"https:\/\/kunmedierne.dk\/thy\/#\/schema\/logo\/image\/\",\"url\":\"https:\/\/kunmedierne.dk\/thy\/wp-content\/uploads\/sites\/2\/2025\/04\/kunthy-logo.svg\",\"contentUrl\":\"https:\/\/kunmedierne.dk\/thy\/wp-content\/uploads\/sites\/2\/2025\/04\/kunthy-logo.svg\",\"caption\":\"Thy\"},\"image\":{\"@id\":\"https:\/\/kunmedierne.dk\/thy\/#\/schema\/logo\/image\/\"}},{\"@type\":\"Person\",\"@id\":\"https:\/\/kunmedierne.dk\/thy\/#\/schema\/person\/d266634ba6550d075ecf540d63b245d2\",\"name\":\"Lone L\u00e6rke Krog\",\"image\":{\"@type\":\"ImageObject\",\"inLanguage\":\"da-DK\",\"@id\":\"https:\/\/kunmedierne.dk\/thy\/#\/schema\/person\/image\/\",\"url\":\"https:\/\/secure.gravatar.com\/avatar\/496ddc7080e56b4ac64cfd4e56bd6d1ee396fa3db1923aa22f11346f60bb135b?s=96&d=mm&r=g\",\"contentUrl\":\"https:\/\/secure.gravatar.com\/avatar\/496ddc7080e56b4ac64cfd4e56bd6d1ee396fa3db1923aa22f11346f60bb135b?s=96&d=mm&r=g\",\"caption\":\"Lone L\u00e6rke Krog\"},\"url\":\"https:\/\/kunmedierne.dk\/thy\/author\/llk\/\"}]}<\/script>\n<!-- \/ Yoast SEO plugin. -->","yoast_head_json":{"title":"De tekniske uddannelser hitter p\u00e5 EUC Nordvest - Thy","robots":{"index":"index","follow":"follow","max-snippet":"max-snippet:-1","max-image-preview":"max-image-preview:large","max-video-preview":"max-video-preview:-1"},"canonical":"https:\/\/kunmedierne.dk\/thy\/de-tekniske-uddannelser-hitter-paa-euc-nordvest\/","og_locale":"da_DK","og_type":"article","og_title":"De tekniske uddannelser hitter p\u00e5 EUC Nordvest - Thy","og_description":"THISTED: &#8211; Vi er g\u00e5et markant frem p\u00e5 erhvervsuddannelserne. S\u00e6rligt inden for teknologi, byggeri og transport. Det er meget sp\u00e6ndende. S\u00e5dan lyder det fra Hans Chr. Jeppesen, der er rektor p\u00e5 EUC Nordvest. Han gl\u00e6der sig over, at 164 unge har s\u00f8gt ind p\u00e5 erhvervsuddannelserne i skolens afdelinger i Thy og p\u00e5 Mors, og 136 [&hellip;]","og_url":"https:\/\/kunmedierne.dk\/thy\/de-tekniske-uddannelser-hitter-paa-euc-nordvest\/","og_site_name":"Thy","article_published_time":"2026-03-09T12:32:59+00:00","author":"Lone L\u00e6rke Krog","twitter_card":"summary_large_image","twitter_misc":{"Skrevet af":"Lone L\u00e6rke Krog","Estimeret l\u00e6setid":"3 minutter"},"schema":{"@context":"https:\/\/schema.org","@graph":[{"@type":"Article","@id":"https:\/\/kunmedierne.dk\/thy\/de-tekniske-uddannelser-hitter-paa-euc-nordvest\/#article","isPartOf":{"@id":"https:\/\/kunmedierne.dk\/thy\/de-tekniske-uddannelser-hitter-paa-euc-nordvest\/"},"author":{"name":"Lone L\u00e6rke Krog","@id":"https:\/\/kunmedierne.dk\/thy\/#\/schema\/person\/d266634ba6550d075ecf540d63b245d2"},"headline":"De tekniske uddannelser hitter p\u00e5 EUC Nordvest","datePublished":"2026-03-09T12:32:59+00:00","mainEntityOfPage":{"@id":"https:\/\/kunmedierne.dk\/thy\/de-tekniske-uddannelser-hitter-paa-euc-nordvest\/"},"wordCount":427,"publisher":{"@id":"https:\/\/kunmedierne.dk\/thy\/#organization"},"keywords":["Uddannelse","Ungdomsliv"],"articleSection":["Lokalt"],"inLanguage":"da-DK"},{"@type":"WebPage","@id":"https:\/\/kunmedierne.dk\/thy\/de-tekniske-uddannelser-hitter-paa-euc-nordvest\/","url":"https:\/\/kunmedierne.dk\/thy\/de-tekniske-uddannelser-hitter-paa-euc-nordvest\/","name":"De tekniske uddannelser hitter p\u00e5 EUC Nordvest - Thy","isPartOf":{"@id":"https:\/\/kunmedierne.dk\/thy\/#website"},"datePublished":"2026-03-09T12:32:59+00:00","breadcrumb":{"@id":"https:\/\/kunmedierne.dk\/thy\/de-tekniske-uddannelser-hitter-paa-euc-nordvest\/#breadcrumb"},"inLanguage":"da-DK","potentialAction":[{"@type":"ReadAction","target":["https:\/\/kunmedierne.dk\/thy\/de-tekniske-uddannelser-hitter-paa-euc-nordvest\/"]}]},{"@type":"BreadcrumbList","@id":"https:\/\/kunmedierne.dk\/thy\/de-tekniske-uddannelser-hitter-paa-euc-nordvest\/#breadcrumb","itemListElement":[{"@type":"ListItem","position":1,"name":"Home","item":"https:\/\/kunmedierne.dk\/thy\/"},{"@type":"ListItem","position":2,"name":"De tekniske uddannelser hitter p\u00e5 EUC Nordvest"}]},{"@type":"WebSite","@id":"https:\/\/kunmedierne.dk\/thy\/#website","url":"https:\/\/kunmedierne.dk\/thy\/","name":"Thy","description":"et netmedie med journalistik om livet i Thy","publisher":{"@id":"https:\/\/kunmedierne.dk\/thy\/#organization"},"potentialAction":[{"@type":"SearchAction","target":{"@type":"EntryPoint","urlTemplate":"https:\/\/kunmedierne.dk\/thy\/?s={search_term_string}"},"query-input":{"@type":"PropertyValueSpecification","valueRequired":true,"valueName":"search_term_string"}}],"inLanguage":"da-DK"},{"@type":"Organization","@id":"https:\/\/kunmedierne.dk\/thy\/#organization","name":"Thy","url":"https:\/\/kunmedierne.dk\/thy\/","logo":{"@type":"ImageObject","inLanguage":"da-DK","@id":"https:\/\/kunmedierne.dk\/thy\/#\/schema\/logo\/image\/","url":"https:\/\/kunmedierne.dk\/thy\/wp-content\/uploads\/sites\/2\/2025\/04\/kunthy-logo.svg","contentUrl":"https:\/\/kunmedierne.dk\/thy\/wp-content\/uploads\/sites\/2\/2025\/04\/kunthy-logo.svg","caption":"Thy"},"image":{"@id":"https:\/\/kunmedierne.dk\/thy\/#\/schema\/logo\/image\/"}},{"@type":"Person","@id":"https:\/\/kunmedierne.dk\/thy\/#\/schema\/person\/d266634ba6550d075ecf540d63b245d2","name":"Lone L\u00e6rke Krog","image":{"@type":"ImageObject","inLanguage":"da-DK","@id":"https:\/\/kunmedierne.dk\/thy\/#\/schema\/person\/image\/","url":"https:\/\/secure.gravatar.com\/avatar\/496ddc7080e56b4ac64cfd4e56bd6d1ee396fa3db1923aa22f11346f60bb135b?s=96&d=mm&r=g","contentUrl":"https:\/\/secure.gravatar.com\/avatar\/496ddc7080e56b4ac64cfd4e56bd6d1ee396fa3db1923aa22f11346f60bb135b?s=96&d=mm&r=g","caption":"Lone L\u00e6rke Krog"},"url":"https:\/\/kunmedierne.dk\/thy\/author\/llk\/"}]}},"_links":{"self":[{"href":"https:\/\/kunmedierne.dk\/thy\/wp-json\/wp\/v2\/posts\/18630","targetHints":{"allow":["GET"]}}],"collection":[{"href":"https:\/\/kunmedierne.dk\/thy\/wp-json\/wp\/v2\/posts"}],"about":[{"href":"https:\/\/kunmedierne.dk\/thy\/wp-json\/wp\/v2\/types\/post"}],"author":[{"embeddable":true,"href":"https:\/\/kunmedierne.dk\/thy\/wp-json\/wp\/v2\/users\/1925"}],"replies":[{"embeddable":true,"href":"https:\/\/kunmedierne.dk\/thy\/wp-json\/wp\/v2\/comments?post=18630"}],"version-history":[{"count":5,"href":"https:\/\/kunmedierne.dk\/thy\/wp-json\/wp\/v2\/posts\/18630\/revisions"}],"predecessor-version":[{"id":18641,"href":"https:\/\/kunmedierne.dk\/thy\/wp-json\/wp\/v2\/posts\/18630\/revisions\/18641"}],"wp:attachment":[{"href":"https:\/\/kunmedierne.dk\/thy\/wp-json\/wp\/v2\/media?parent=18630"}],"wp:term":[{"taxonomy":"category","embeddable":true,"href":"https:\/\/kunmedierne.dk\/thy\/wp-json\/wp\/v2\/categories?post=18630"},{"taxonomy":"post_tag","embeddable":true,"href":"https:\/\/kunmedierne.dk\/thy\/wp-json\/wp\/v2\/tags?post=18630"}],"curies":[{"name":"wp","href":"https:\/\/api.w.org\/{rel}","templated":true}]}}