{"id":1861,"date":"2025-04-15T07:05:57","date_gmt":"2025-04-15T05:05:57","guid":{"rendered":"https:\/\/kunmedierne.dk\/thy\/?p=1861"},"modified":"2025-04-15T16:45:56","modified_gmt":"2025-04-15T14:45:56","slug":"pigelatter-og-boldglaede-paa-fodboldbanerne-i-snedsted","status":"publish","type":"post","link":"https:\/\/kunmedierne.dk\/thy\/pigelatter-og-boldglaede-paa-fodboldbanerne-i-snedsted\/","title":{"rendered":"Pigelatter og boldgl\u00e6de p\u00e5 fodboldbanerne i Snedsted"},"content":{"rendered":"<p><strong>SNEDSTED:<\/strong> Pigerne p\u00e5 r\u00e6kken har hver en fodbold foran sig. P\u00e5 tr\u00e6nerens bud skyder de \u00e9n efter \u00e9n, idet de sigter efter en bestemt cirkel i fodboldm\u00e5let. Inden den n\u00e6ste \u00f8velse bliver der tid til en vejrm\u00f8lle eller et trick med bolden, der kalder p\u00e5 latteren.<\/p>\n<p>Mandag, tirsdag og onsdag i skolernes p\u00e5skeferie er der liv og glade dage p\u00e5 gr\u00f8nsv\u00e6ren i Snedsted.<\/p>\n<a class=\"dvrt-link\" onClick=\"cdmtrack_click(683,jQuery(this));return false\" href=\"https:\/\/vester-begr.dk\/?utm_source=google&amp;utm_medium=advative&amp;gad_source=1&amp;gclid=Cj0KCQjwtJ6_BhDWARIsAGanmKfl-hGVVjCYiOgSKoGoxrow4kvXybZsnruKJYTslvqZDywT6a9PCQwaAmBjEALw_wcB\"><img decoding=\"async\" style=\"width:100%;\" src=\"https:\/\/kunmedierne.dk\/thy\/wp-content\/uploads\/sites\/2\/2025\/03\/260203VesterHoukaer-02022026.jpg\"><\/a><script>cdmtrack_view(683);<\/script>\n<p>FS Midtthy arrangerer pigecamp for de fodboldglade piger i alderen 6-13 \u00e5r, og det er popul\u00e6rt.<\/p>\n<p>Pr\u00e6cist 60 piger er med.<\/p>\n<p>KunThy har interviewet tre af deltagerne, der alle er 10 \u00e5r: Elna Bangsgaard S\u00f8rensen fra Snedsted, Liva Brown Stummann fra Klitm\u00f8ller og Alma F\u00f8rby L\u00f8gsted fra Nors.<\/p>\n<p>&nbsp;<\/p>\n<p><strong>Nye venner<\/strong><\/p>\n<p>De fort\u00e6ller, at de elsker at spille fodbold, og de er enige om, at pigecampen er noget s\u00e6rligt. Her er nogle af deres pointer:<\/p>\n<p>&#8211; Det er noget andet at v\u00e6re her, end n\u00e5r man tr\u00e6ner derhjemme eller spiller kamp. Det er meget hyggeligt at l\u00e6re nogle andre at kende.<\/p>\n<p>&#8211; N\u00e5r man laver nogle \u00f8velser p\u00e5 foldboldbanen, kommer man nemmere i snak.<\/p>\n<p>&#8211; Det var mine for\u00e6ldre, der spurgte, om jeg ville med, og det ville jeg gerne. For jeg har v\u00e6ret her nogle gange f\u00f8r.<\/p>\n<a class=\"dvrt-link\" onClick=\"cdmtrack_click(685,jQuery(this));return false\" href=\"https:\/\/wensien.dk\/begravelse\/?gad_source=1&gclid=Cj0KCQjwtJ6_BhDWARIsAGanmKcWw6hbeoepGti1oApJGHln52gMbg8EBRZ86__3P1AJZ5dcsw4ZvNEaAk7JEALw_wcB\"><img decoding=\"async\" style=\"width:100%;\" src=\"https:\/\/kunmedierne.dk\/thy\/wp-content\/uploads\/sites\/2\/2025\/03\/wensien-stenhugger.jpg\"><\/a><script>cdmtrack_view(685);<\/script>\n<p>Mange af pigerne har spillet fodbold, siden de var fem-seks \u00e5r.<\/p>\n<p>&#8211; Jeg har stadig en tr\u00f8je, der er s\u00e5 kort, siger Alma og viser med sine h\u00e6nder, hvor lille hendes overkrop var, da hun begyndte at spille fodbold.<\/p>\n<p>Kristian Pilgaard, der er idr\u00e6tskonsulent i SGIF og FS Midtthy, fort\u00e6ller om baggrunden for, at fodboldklubben Midtthy nu for femte \u00e5r i tr\u00e6k.<\/p>\n<p>&#8211; Det er f\u00e6llesskabet omkring fodbolden, der har v\u00e6ret drivkraften fra starten af, siger han.<\/p>\n<p>Kristian Pilgaard har planlagt pigernes fodboldlejr i \u00e5r sammen med Dan N\u00f8rgaard, Steffen Thiesen, Merete Refsgaard.<\/p>\n<p>&nbsp;<\/p>\n<p><strong>F\u00e6llesskab kun for piger<\/strong><\/p>\n<p>Kristian har set, at der er behov for et f\u00e6llesskab kun for piger.<\/p>\n<p>&#8211; Jeg startede med at tr\u00e6ne den her gruppe, da de var fem-seks \u00e5r. Vi t\u00e6nkte, at drenge og piger kunne tr\u00e6ne sammen i de yngste \u00e5rgange. Men pigerne begyndte at falde fra. Det sociale fylder p\u00e5 en anden m\u00e5de for pigerne. Derfor er det bare vigtigt at lave de her rum kun for piger pointerer Kristian Pilgaard.<\/p>\n<a class=\"dvrt-link\" onClick=\"cdmtrack_click(18790,jQuery(this));return false\" href=\"https:\/\/thymors.dk\/sponsorater\/15-til-faellesskabet?utm_source=kunthy&amp;utm_medium=annonce&amp;utm_campaign=sponsorater\"><img decoding=\"async\" style=\"width:100%;\" src=\"https:\/\/kunmedierne.dk\/thy\/wp-content\/uploads\/sites\/2\/2026\/03\/260407ThyMors-energi_faellesskab_generel-1.jpg\"><\/a><script>cdmtrack_view(18790);<\/script>\n<p>Han uddyber:<\/p>\n<p>&#8211; P\u00e5 landsplan ser vi piger, der ikke trives alt for godt. Hvis vi kan v\u00e6re med til at l\u00f8fte en lille flig af det ved at lave nogle gode pigef\u00e6llesskaber, hvor de ikke skal pr\u00e6stere men bare skal lege og have det sjovt, s\u00e5 er det egentlig det helt overordnede m\u00e5l, understreger Kristian Pilgaard.<\/p>\n<p>Omkring 30 frivillige er involveret i at afvikle PigeCamp Thy i Snedsted. Der bydes p\u00e5 alt fra tr\u00e6nerkompetencer til bagning, sm\u00f8rrebr\u00f8dsfremstilling og organisering af lege.<\/p>\n<p>Der er tilknyttet 13-14 frivillige tr\u00e6nere, og planl\u00e6gningsgruppen har endda v\u00e6ret n\u00f8dt til at sige nej tak til en h\u00e5ndfuld helt unge tr\u00e6nere.<\/p>\n<p>De er dog blevet rekrutteret til udsk\u00e6ring af frugt til pigefodboldspillerne.<\/p>\n<p>&nbsp;<\/p>\n<p><strong>24 liter suppe<\/strong><\/p>\n<p>Mens der tr\u00e6nes p\u00e5 banerne uden for laves der masser af sm\u00f8rrebr\u00f8d &#8211; og mandag blev der varmet 24 liter suppe, for i alt 80 mennesker skal bespises.<\/p>\n<p>I l\u00f8bet af de tre dage pr\u00e6senteres pigerne ogs\u00e5 for en tr\u00e6ner fra DBU, og de m\u00f8der en popul\u00e6r youtuber, Brizze, , der skal vise dem nogle seje fodboldtricks.<\/p>\n<p>&nbsp;<\/p>\n<p><strong>Leg og l\u00e6ring<\/strong><\/p>\n<p>Selv om legen og det sociale er det vigtigste p\u00e5 pigecampen, er der ogs\u00e5 plads til l\u00e6ring.<\/p>\n<p>&#8211; Vi pr\u00f8ver at g\u00f8re os umage med tr\u00e6ningen, s\u00e5 der er et udviklingsfokus. For det vil pigerne gerne, siger Kristian Pilgaard, der tr\u00e6ner holdet af piger i 10-\u00e5rs alderen.<\/p>\n<a class=\"dvrt-link\" onClick=\"cdmtrack_click(18790,jQuery(this));return false\" href=\"https:\/\/thymors.dk\/sponsorater\/15-til-faellesskabet?utm_source=kunthy&amp;utm_medium=annonce&amp;utm_campaign=sponsorater\"><img decoding=\"async\" style=\"width:100%;\" src=\"https:\/\/kunmedierne.dk\/thy\/wp-content\/uploads\/sites\/2\/2026\/03\/260407ThyMors-energi_faellesskab_generel-1.jpg\"><\/a><script>cdmtrack_view(18790);<\/script>\n<p>Omkring 6-7 klubber fra Thy er repr\u00e6senteret p\u00e5 pigecampen. If\u00f8lge Kristian Pilgaard er det vigtigt at skabe et kendskab til hinanden og en samh\u00f8righed p\u00e5 tv\u00e6rs af geografi.<\/p>\n<p>&#8211; Pigefodbolden i Thy st\u00e5r ret st\u00e6rkt. Vi m\u00f8des rundt p\u00e5 kampbanerne, og de kommer til at m\u00f8des i alle mulige sammenh\u00e6nge. Vi er enige om at give dem nogle oplevelser sammen, s\u00e5 bliver kampoplevelserne ogs\u00e5 sjovere. P\u00e5 et tidspunkt kommer de til at m\u00f8des p\u00e5 efterskoler og i uddannelsessystemet. S\u00e5 har de et godt f\u00e6llesskab allerede.<\/p>\n<p>&nbsp;<\/p>\n<div id=\"attachment_1895\" style=\"width: 1242px\" class=\"wp-caption aligncenter\"><img loading=\"lazy\" decoding=\"async\" aria-describedby=\"caption-attachment-1895\" class=\"wp-image-1895 size-full\" src=\"https:\/\/kunmedierne.dk\/thy\/wp-content\/uploads\/sites\/2\/2025\/04\/Design-uden-navn-29.jpg\" alt=\"\" width=\"1232\" height=\"821\" srcset=\"https:\/\/kunmedierne.dk\/thy\/wp-content\/uploads\/sites\/2\/2025\/04\/Design-uden-navn-29.jpg 1232w, https:\/\/kunmedierne.dk\/thy\/wp-content\/uploads\/sites\/2\/2025\/04\/Design-uden-navn-29-300x200.jpg 300w, https:\/\/kunmedierne.dk\/thy\/wp-content\/uploads\/sites\/2\/2025\/04\/Design-uden-navn-29-1024x682.jpg 1024w, https:\/\/kunmedierne.dk\/thy\/wp-content\/uploads\/sites\/2\/2025\/04\/Design-uden-navn-29-510x340.jpg 510w\" sizes=\"auto, (max-width: 1232px) 100vw, 1232px\" \/><p id=\"caption-attachment-1895\" class=\"wp-caption-text\">Tre piger p\u00e5 10 \u00e5r, der alle er vilde med fodbold, m\u00f8des i Snedsted, selv om de er fra forskellige byer i Thy. Fra venstre er det Elna Bangsgaard S\u00f8rensen, Snedsted, Liva Brown Stummann, Klitm\u00f8ller og Alma F\u00f8rby L\u00f8gsted fra Nors.<\/p><\/div>\n<p>&nbsp;<\/p>\n<div id=\"attachment_1894\" style=\"width: 1242px\" class=\"wp-caption alignnone\"><img loading=\"lazy\" decoding=\"async\" aria-describedby=\"caption-attachment-1894\" class=\"wp-image-1894 size-full\" src=\"https:\/\/kunmedierne.dk\/thy\/wp-content\/uploads\/sites\/2\/2025\/04\/Design-uden-navn-30.jpg\" alt=\"\" width=\"1232\" height=\"821\" srcset=\"https:\/\/kunmedierne.dk\/thy\/wp-content\/uploads\/sites\/2\/2025\/04\/Design-uden-navn-30.jpg 1232w, https:\/\/kunmedierne.dk\/thy\/wp-content\/uploads\/sites\/2\/2025\/04\/Design-uden-navn-30-300x200.jpg 300w, https:\/\/kunmedierne.dk\/thy\/wp-content\/uploads\/sites\/2\/2025\/04\/Design-uden-navn-30-1024x682.jpg 1024w, https:\/\/kunmedierne.dk\/thy\/wp-content\/uploads\/sites\/2\/2025\/04\/Design-uden-navn-30-510x340.jpg 510w\" sizes=\"auto, (max-width: 1232px) 100vw, 1232px\" \/><p id=\"caption-attachment-1894\" class=\"wp-caption-text\">Kristian Pilgaard er idr\u00e6tskonsulent i FS Midtthy og Thy Frilufts- og Klatreklub. Han er ogs\u00e5 fodboldtr\u00e6ner og har v\u00e6ret med til at planl\u00e6gge \u00e5rets pigecamp i Snedsted.<\/p><\/div>\n<p>&nbsp;<\/p>\n<p>&nbsp;<\/p>\n<div id=\"attachment_1896\" style=\"width: 1242px\" class=\"wp-caption alignnone\"><img loading=\"lazy\" decoding=\"async\" aria-describedby=\"caption-attachment-1896\" class=\"wp-image-1896 size-full\" src=\"https:\/\/kunmedierne.dk\/thy\/wp-content\/uploads\/sites\/2\/2025\/04\/Design-uden-navn-28.jpg\" alt=\"\" width=\"1232\" height=\"821\" srcset=\"https:\/\/kunmedierne.dk\/thy\/wp-content\/uploads\/sites\/2\/2025\/04\/Design-uden-navn-28.jpg 1232w, https:\/\/kunmedierne.dk\/thy\/wp-content\/uploads\/sites\/2\/2025\/04\/Design-uden-navn-28-300x200.jpg 300w, https:\/\/kunmedierne.dk\/thy\/wp-content\/uploads\/sites\/2\/2025\/04\/Design-uden-navn-28-1024x682.jpg 1024w, https:\/\/kunmedierne.dk\/thy\/wp-content\/uploads\/sites\/2\/2025\/04\/Design-uden-navn-28-510x340.jpg 510w\" sizes=\"auto, (max-width: 1232px) 100vw, 1232px\" \/><p id=\"caption-attachment-1896\" class=\"wp-caption-text\">Der er piger fra 6-7 forskellige klubber i Thy. Og s\u00e5 er der enkelte, der kommer fra byer uden for Thisted Kommune. Foto: Lone L\u00e6rke Krog.<\/p><\/div>\n","protected":false},"excerpt":{"rendered":"<p>SNEDSTED: Pigerne p\u00e5 r\u00e6kken har hver en fodbold foran sig. P\u00e5 tr\u00e6nerens bud skyder de \u00e9n efter \u00e9n, idet de sigter efter en bestemt cirkel i fodboldm\u00e5let. Inden den n\u00e6ste \u00f8velse bliver der tid til en vejrm\u00f8lle eller et trick med bolden, der kalder p\u00e5 latteren. Mandag, tirsdag og onsdag i skolernes p\u00e5skeferie er der [&hellip;]<\/p>\n","protected":false},"author":1925,"featured_media":0,"comment_status":"closed","ping_status":"closed","sticky":false,"template":"","format":"standard","meta":{"_acf_changed":false,"footnotes":""},"categories":[24],"tags":[67,38],"class_list":["post-1861","post","type-post","status-publish","format-standard","hentry","category-lokalt","tag-fritidstilbud","tag-mennesker"],"acf":[],"yoast_head":"<!-- This site is optimized with the Yoast SEO plugin v26.8 - https:\/\/yoast.com\/product\/yoast-seo-wordpress\/ -->\n<title>Pigelatter og boldgl\u00e6de p\u00e5 fodboldbanerne i Snedsted - Thy<\/title>\n<meta name=\"robots\" content=\"index, follow, max-snippet:-1, max-image-preview:large, max-video-preview:-1\" \/>\n<link rel=\"canonical\" href=\"https:\/\/kunmedierne.dk\/thy\/pigelatter-og-boldglaede-paa-fodboldbanerne-i-snedsted\/\" \/>\n<meta property=\"og:locale\" content=\"da_DK\" \/>\n<meta property=\"og:type\" content=\"article\" \/>\n<meta property=\"og:title\" content=\"Pigelatter og boldgl\u00e6de p\u00e5 fodboldbanerne i Snedsted - Thy\" \/>\n<meta property=\"og:description\" content=\"SNEDSTED: Pigerne p\u00e5 r\u00e6kken har hver en fodbold foran sig. P\u00e5 tr\u00e6nerens bud skyder de \u00e9n efter \u00e9n, idet de sigter efter en bestemt cirkel i fodboldm\u00e5let. Inden den n\u00e6ste \u00f8velse bliver der tid til en vejrm\u00f8lle eller et trick med bolden, der kalder p\u00e5 latteren. Mandag, tirsdag og onsdag i skolernes p\u00e5skeferie er der [&hellip;]\" \/>\n<meta property=\"og:url\" content=\"https:\/\/kunmedierne.dk\/thy\/pigelatter-og-boldglaede-paa-fodboldbanerne-i-snedsted\/\" \/>\n<meta property=\"og:site_name\" content=\"Thy\" \/>\n<meta property=\"article:published_time\" content=\"2025-04-15T05:05:57+00:00\" \/>\n<meta property=\"article:modified_time\" content=\"2025-04-15T14:45:56+00:00\" \/>\n<meta property=\"og:image\" content=\"https:\/\/kunmedierne.dk\/thy\/wp-content\/uploads\/sites\/2\/2025\/04\/Design-uden-navn-29.jpg\" \/>\n<meta name=\"author\" content=\"Lone L\u00e6rke Krog\" \/>\n<meta name=\"twitter:card\" content=\"summary_large_image\" \/>\n<meta name=\"twitter:label1\" content=\"Skrevet af\" \/>\n\t<meta name=\"twitter:data1\" content=\"Lone L\u00e6rke Krog\" \/>\n\t<meta name=\"twitter:label2\" content=\"Estimeret l\u00e6setid\" \/>\n\t<meta name=\"twitter:data2\" content=\"5 minutter\" \/>\n<script type=\"application\/ld+json\" class=\"yoast-schema-graph\">{\"@context\":\"https:\/\/schema.org\",\"@graph\":[{\"@type\":\"Article\",\"@id\":\"https:\/\/kunmedierne.dk\/thy\/pigelatter-og-boldglaede-paa-fodboldbanerne-i-snedsted\/#article\",\"isPartOf\":{\"@id\":\"https:\/\/kunmedierne.dk\/thy\/pigelatter-og-boldglaede-paa-fodboldbanerne-i-snedsted\/\"},\"author\":{\"name\":\"Lone L\u00e6rke Krog\",\"@id\":\"https:\/\/kunmedierne.dk\/thy\/#\/schema\/person\/d266634ba6550d075ecf540d63b245d2\"},\"headline\":\"Pigelatter og boldgl\u00e6de p\u00e5 fodboldbanerne i Snedsted\",\"datePublished\":\"2025-04-15T05:05:57+00:00\",\"dateModified\":\"2025-04-15T14:45:56+00:00\",\"mainEntityOfPage\":{\"@id\":\"https:\/\/kunmedierne.dk\/thy\/pigelatter-og-boldglaede-paa-fodboldbanerne-i-snedsted\/\"},\"wordCount\":899,\"publisher\":{\"@id\":\"https:\/\/kunmedierne.dk\/thy\/#organization\"},\"image\":{\"@id\":\"https:\/\/kunmedierne.dk\/thy\/pigelatter-og-boldglaede-paa-fodboldbanerne-i-snedsted\/#primaryimage\"},\"thumbnailUrl\":\"https:\/\/kunmedierne.dk\/thy\/wp-content\/uploads\/sites\/2\/2025\/04\/Design-uden-navn-29.jpg\",\"keywords\":[\"Fritidstilbud\",\"Mennesker\"],\"articleSection\":[\"Lokalt\"],\"inLanguage\":\"da-DK\"},{\"@type\":\"WebPage\",\"@id\":\"https:\/\/kunmedierne.dk\/thy\/pigelatter-og-boldglaede-paa-fodboldbanerne-i-snedsted\/\",\"url\":\"https:\/\/kunmedierne.dk\/thy\/pigelatter-og-boldglaede-paa-fodboldbanerne-i-snedsted\/\",\"name\":\"Pigelatter og boldgl\u00e6de p\u00e5 fodboldbanerne i Snedsted - Thy\",\"isPartOf\":{\"@id\":\"https:\/\/kunmedierne.dk\/thy\/#website\"},\"primaryImageOfPage\":{\"@id\":\"https:\/\/kunmedierne.dk\/thy\/pigelatter-og-boldglaede-paa-fodboldbanerne-i-snedsted\/#primaryimage\"},\"image\":{\"@id\":\"https:\/\/kunmedierne.dk\/thy\/pigelatter-og-boldglaede-paa-fodboldbanerne-i-snedsted\/#primaryimage\"},\"thumbnailUrl\":\"https:\/\/kunmedierne.dk\/thy\/wp-content\/uploads\/sites\/2\/2025\/04\/Design-uden-navn-29.jpg\",\"datePublished\":\"2025-04-15T05:05:57+00:00\",\"dateModified\":\"2025-04-15T14:45:56+00:00\",\"breadcrumb\":{\"@id\":\"https:\/\/kunmedierne.dk\/thy\/pigelatter-og-boldglaede-paa-fodboldbanerne-i-snedsted\/#breadcrumb\"},\"inLanguage\":\"da-DK\",\"potentialAction\":[{\"@type\":\"ReadAction\",\"target\":[\"https:\/\/kunmedierne.dk\/thy\/pigelatter-og-boldglaede-paa-fodboldbanerne-i-snedsted\/\"]}]},{\"@type\":\"ImageObject\",\"inLanguage\":\"da-DK\",\"@id\":\"https:\/\/kunmedierne.dk\/thy\/pigelatter-og-boldglaede-paa-fodboldbanerne-i-snedsted\/#primaryimage\",\"url\":\"https:\/\/kunmedierne.dk\/thy\/wp-content\/uploads\/sites\/2\/2025\/04\/Design-uden-navn-29.jpg\",\"contentUrl\":\"https:\/\/kunmedierne.dk\/thy\/wp-content\/uploads\/sites\/2\/2025\/04\/Design-uden-navn-29.jpg\",\"width\":1232,\"height\":821},{\"@type\":\"BreadcrumbList\",\"@id\":\"https:\/\/kunmedierne.dk\/thy\/pigelatter-og-boldglaede-paa-fodboldbanerne-i-snedsted\/#breadcrumb\",\"itemListElement\":[{\"@type\":\"ListItem\",\"position\":1,\"name\":\"Home\",\"item\":\"https:\/\/kunmedierne.dk\/thy\/\"},{\"@type\":\"ListItem\",\"position\":2,\"name\":\"Pigelatter og boldgl\u00e6de p\u00e5 fodboldbanerne i Snedsted\"}]},{\"@type\":\"WebSite\",\"@id\":\"https:\/\/kunmedierne.dk\/thy\/#website\",\"url\":\"https:\/\/kunmedierne.dk\/thy\/\",\"name\":\"Thy\",\"description\":\"et netmedie med journalistik om livet i Thy\",\"publisher\":{\"@id\":\"https:\/\/kunmedierne.dk\/thy\/#organization\"},\"potentialAction\":[{\"@type\":\"SearchAction\",\"target\":{\"@type\":\"EntryPoint\",\"urlTemplate\":\"https:\/\/kunmedierne.dk\/thy\/?s={search_term_string}\"},\"query-input\":{\"@type\":\"PropertyValueSpecification\",\"valueRequired\":true,\"valueName\":\"search_term_string\"}}],\"inLanguage\":\"da-DK\"},{\"@type\":\"Organization\",\"@id\":\"https:\/\/kunmedierne.dk\/thy\/#organization\",\"name\":\"Thy\",\"url\":\"https:\/\/kunmedierne.dk\/thy\/\",\"logo\":{\"@type\":\"ImageObject\",\"inLanguage\":\"da-DK\",\"@id\":\"https:\/\/kunmedierne.dk\/thy\/#\/schema\/logo\/image\/\",\"url\":\"https:\/\/kunmedierne.dk\/thy\/wp-content\/uploads\/sites\/2\/2025\/04\/kunthy-logo.svg\",\"contentUrl\":\"https:\/\/kunmedierne.dk\/thy\/wp-content\/uploads\/sites\/2\/2025\/04\/kunthy-logo.svg\",\"caption\":\"Thy\"},\"image\":{\"@id\":\"https:\/\/kunmedierne.dk\/thy\/#\/schema\/logo\/image\/\"}},{\"@type\":\"Person\",\"@id\":\"https:\/\/kunmedierne.dk\/thy\/#\/schema\/person\/d266634ba6550d075ecf540d63b245d2\",\"name\":\"Lone L\u00e6rke Krog\",\"image\":{\"@type\":\"ImageObject\",\"inLanguage\":\"da-DK\",\"@id\":\"https:\/\/kunmedierne.dk\/thy\/#\/schema\/person\/image\/\",\"url\":\"https:\/\/secure.gravatar.com\/avatar\/496ddc7080e56b4ac64cfd4e56bd6d1ee396fa3db1923aa22f11346f60bb135b?s=96&d=mm&r=g\",\"contentUrl\":\"https:\/\/secure.gravatar.com\/avatar\/496ddc7080e56b4ac64cfd4e56bd6d1ee396fa3db1923aa22f11346f60bb135b?s=96&d=mm&r=g\",\"caption\":\"Lone L\u00e6rke Krog\"},\"url\":\"https:\/\/kunmedierne.dk\/thy\/author\/llk\/\"}]}<\/script>\n<!-- \/ Yoast SEO plugin. -->","yoast_head_json":{"title":"Pigelatter og boldgl\u00e6de p\u00e5 fodboldbanerne i Snedsted - Thy","robots":{"index":"index","follow":"follow","max-snippet":"max-snippet:-1","max-image-preview":"max-image-preview:large","max-video-preview":"max-video-preview:-1"},"canonical":"https:\/\/kunmedierne.dk\/thy\/pigelatter-og-boldglaede-paa-fodboldbanerne-i-snedsted\/","og_locale":"da_DK","og_type":"article","og_title":"Pigelatter og boldgl\u00e6de p\u00e5 fodboldbanerne i Snedsted - Thy","og_description":"SNEDSTED: Pigerne p\u00e5 r\u00e6kken har hver en fodbold foran sig. P\u00e5 tr\u00e6nerens bud skyder de \u00e9n efter \u00e9n, idet de sigter efter en bestemt cirkel i fodboldm\u00e5let. Inden den n\u00e6ste \u00f8velse bliver der tid til en vejrm\u00f8lle eller et trick med bolden, der kalder p\u00e5 latteren. Mandag, tirsdag og onsdag i skolernes p\u00e5skeferie er der [&hellip;]","og_url":"https:\/\/kunmedierne.dk\/thy\/pigelatter-og-boldglaede-paa-fodboldbanerne-i-snedsted\/","og_site_name":"Thy","article_published_time":"2025-04-15T05:05:57+00:00","article_modified_time":"2025-04-15T14:45:56+00:00","og_image":[{"url":"https:\/\/kunmedierne.dk\/thy\/wp-content\/uploads\/sites\/2\/2025\/04\/Design-uden-navn-29.jpg","type":"","width":"","height":""}],"author":"Lone L\u00e6rke Krog","twitter_card":"summary_large_image","twitter_misc":{"Skrevet af":"Lone L\u00e6rke Krog","Estimeret l\u00e6setid":"5 minutter"},"schema":{"@context":"https:\/\/schema.org","@graph":[{"@type":"Article","@id":"https:\/\/kunmedierne.dk\/thy\/pigelatter-og-boldglaede-paa-fodboldbanerne-i-snedsted\/#article","isPartOf":{"@id":"https:\/\/kunmedierne.dk\/thy\/pigelatter-og-boldglaede-paa-fodboldbanerne-i-snedsted\/"},"author":{"name":"Lone L\u00e6rke Krog","@id":"https:\/\/kunmedierne.dk\/thy\/#\/schema\/person\/d266634ba6550d075ecf540d63b245d2"},"headline":"Pigelatter og boldgl\u00e6de p\u00e5 fodboldbanerne i Snedsted","datePublished":"2025-04-15T05:05:57+00:00","dateModified":"2025-04-15T14:45:56+00:00","mainEntityOfPage":{"@id":"https:\/\/kunmedierne.dk\/thy\/pigelatter-og-boldglaede-paa-fodboldbanerne-i-snedsted\/"},"wordCount":899,"publisher":{"@id":"https:\/\/kunmedierne.dk\/thy\/#organization"},"image":{"@id":"https:\/\/kunmedierne.dk\/thy\/pigelatter-og-boldglaede-paa-fodboldbanerne-i-snedsted\/#primaryimage"},"thumbnailUrl":"https:\/\/kunmedierne.dk\/thy\/wp-content\/uploads\/sites\/2\/2025\/04\/Design-uden-navn-29.jpg","keywords":["Fritidstilbud","Mennesker"],"articleSection":["Lokalt"],"inLanguage":"da-DK"},{"@type":"WebPage","@id":"https:\/\/kunmedierne.dk\/thy\/pigelatter-og-boldglaede-paa-fodboldbanerne-i-snedsted\/","url":"https:\/\/kunmedierne.dk\/thy\/pigelatter-og-boldglaede-paa-fodboldbanerne-i-snedsted\/","name":"Pigelatter og boldgl\u00e6de p\u00e5 fodboldbanerne i Snedsted - Thy","isPartOf":{"@id":"https:\/\/kunmedierne.dk\/thy\/#website"},"primaryImageOfPage":{"@id":"https:\/\/kunmedierne.dk\/thy\/pigelatter-og-boldglaede-paa-fodboldbanerne-i-snedsted\/#primaryimage"},"image":{"@id":"https:\/\/kunmedierne.dk\/thy\/pigelatter-og-boldglaede-paa-fodboldbanerne-i-snedsted\/#primaryimage"},"thumbnailUrl":"https:\/\/kunmedierne.dk\/thy\/wp-content\/uploads\/sites\/2\/2025\/04\/Design-uden-navn-29.jpg","datePublished":"2025-04-15T05:05:57+00:00","dateModified":"2025-04-15T14:45:56+00:00","breadcrumb":{"@id":"https:\/\/kunmedierne.dk\/thy\/pigelatter-og-boldglaede-paa-fodboldbanerne-i-snedsted\/#breadcrumb"},"inLanguage":"da-DK","potentialAction":[{"@type":"ReadAction","target":["https:\/\/kunmedierne.dk\/thy\/pigelatter-og-boldglaede-paa-fodboldbanerne-i-snedsted\/"]}]},{"@type":"ImageObject","inLanguage":"da-DK","@id":"https:\/\/kunmedierne.dk\/thy\/pigelatter-og-boldglaede-paa-fodboldbanerne-i-snedsted\/#primaryimage","url":"https:\/\/kunmedierne.dk\/thy\/wp-content\/uploads\/sites\/2\/2025\/04\/Design-uden-navn-29.jpg","contentUrl":"https:\/\/kunmedierne.dk\/thy\/wp-content\/uploads\/sites\/2\/2025\/04\/Design-uden-navn-29.jpg","width":1232,"height":821},{"@type":"BreadcrumbList","@id":"https:\/\/kunmedierne.dk\/thy\/pigelatter-og-boldglaede-paa-fodboldbanerne-i-snedsted\/#breadcrumb","itemListElement":[{"@type":"ListItem","position":1,"name":"Home","item":"https:\/\/kunmedierne.dk\/thy\/"},{"@type":"ListItem","position":2,"name":"Pigelatter og boldgl\u00e6de p\u00e5 fodboldbanerne i Snedsted"}]},{"@type":"WebSite","@id":"https:\/\/kunmedierne.dk\/thy\/#website","url":"https:\/\/kunmedierne.dk\/thy\/","name":"Thy","description":"et netmedie med journalistik om livet i Thy","publisher":{"@id":"https:\/\/kunmedierne.dk\/thy\/#organization"},"potentialAction":[{"@type":"SearchAction","target":{"@type":"EntryPoint","urlTemplate":"https:\/\/kunmedierne.dk\/thy\/?s={search_term_string}"},"query-input":{"@type":"PropertyValueSpecification","valueRequired":true,"valueName":"search_term_string"}}],"inLanguage":"da-DK"},{"@type":"Organization","@id":"https:\/\/kunmedierne.dk\/thy\/#organization","name":"Thy","url":"https:\/\/kunmedierne.dk\/thy\/","logo":{"@type":"ImageObject","inLanguage":"da-DK","@id":"https:\/\/kunmedierne.dk\/thy\/#\/schema\/logo\/image\/","url":"https:\/\/kunmedierne.dk\/thy\/wp-content\/uploads\/sites\/2\/2025\/04\/kunthy-logo.svg","contentUrl":"https:\/\/kunmedierne.dk\/thy\/wp-content\/uploads\/sites\/2\/2025\/04\/kunthy-logo.svg","caption":"Thy"},"image":{"@id":"https:\/\/kunmedierne.dk\/thy\/#\/schema\/logo\/image\/"}},{"@type":"Person","@id":"https:\/\/kunmedierne.dk\/thy\/#\/schema\/person\/d266634ba6550d075ecf540d63b245d2","name":"Lone L\u00e6rke Krog","image":{"@type":"ImageObject","inLanguage":"da-DK","@id":"https:\/\/kunmedierne.dk\/thy\/#\/schema\/person\/image\/","url":"https:\/\/secure.gravatar.com\/avatar\/496ddc7080e56b4ac64cfd4e56bd6d1ee396fa3db1923aa22f11346f60bb135b?s=96&d=mm&r=g","contentUrl":"https:\/\/secure.gravatar.com\/avatar\/496ddc7080e56b4ac64cfd4e56bd6d1ee396fa3db1923aa22f11346f60bb135b?s=96&d=mm&r=g","caption":"Lone L\u00e6rke Krog"},"url":"https:\/\/kunmedierne.dk\/thy\/author\/llk\/"}]}},"_links":{"self":[{"href":"https:\/\/kunmedierne.dk\/thy\/wp-json\/wp\/v2\/posts\/1861","targetHints":{"allow":["GET"]}}],"collection":[{"href":"https:\/\/kunmedierne.dk\/thy\/wp-json\/wp\/v2\/posts"}],"about":[{"href":"https:\/\/kunmedierne.dk\/thy\/wp-json\/wp\/v2\/types\/post"}],"author":[{"embeddable":true,"href":"https:\/\/kunmedierne.dk\/thy\/wp-json\/wp\/v2\/users\/1925"}],"replies":[{"embeddable":true,"href":"https:\/\/kunmedierne.dk\/thy\/wp-json\/wp\/v2\/comments?post=1861"}],"version-history":[{"count":16,"href":"https:\/\/kunmedierne.dk\/thy\/wp-json\/wp\/v2\/posts\/1861\/revisions"}],"predecessor-version":[{"id":1962,"href":"https:\/\/kunmedierne.dk\/thy\/wp-json\/wp\/v2\/posts\/1861\/revisions\/1962"}],"wp:attachment":[{"href":"https:\/\/kunmedierne.dk\/thy\/wp-json\/wp\/v2\/media?parent=1861"}],"wp:term":[{"taxonomy":"category","embeddable":true,"href":"https:\/\/kunmedierne.dk\/thy\/wp-json\/wp\/v2\/categories?post=1861"},{"taxonomy":"post_tag","embeddable":true,"href":"https:\/\/kunmedierne.dk\/thy\/wp-json\/wp\/v2\/tags?post=1861"}],"curies":[{"name":"wp","href":"https:\/\/api.w.org\/{rel}","templated":true}]}}