{"id":18532,"date":"2026-03-08T13:26:28","date_gmt":"2026-03-08T12:26:28","guid":{"rendered":"https:\/\/kunmedierne.dk\/thy\/?p=18532"},"modified":"2026-03-06T14:03:14","modified_gmt":"2026-03-06T13:03:14","slug":"18532-2","status":"publish","type":"post","link":"https:\/\/kunmedierne.dk\/thy\/18532-2\/","title":{"rendered":"Cold Country vender tilbage og f\u00f8rste del af programmet er klar\u00a0"},"content":{"rendered":"<p><span data-contrast=\"auto\"><strong>VORUP\u00d8R:<\/strong> Blandt de f\u00f8rste offentliggjorte navne er norske Cowboyfrokost, der rider ind fra Oslo med varme harmonier til f\u00f8rste danske koncert. Det skriver festivalen i en pressemeddelelse.\u00a0\u00a0<\/span><\/p>\n<p><span data-contrast=\"auto\">Efter fem \u00e5r med fortolkninger udgav Cowboyfrokost i efter\u00e5ret debut-EP\u2019en Order Up!, hvor klassiske country- og americana-referencer m\u00f8der pop og skandinaviske melodier. Cowboyfrokost har allerede markeret sig som et st\u00e6rkt liveband med tydelig identitet, der har f\u00e5et stor opm\u00e6rksomhed i hjemlandet.<\/span><span data-ccp-props=\"{}\">\u00a0<\/span><\/p>\n<a class=\"dvrt-link\" onClick=\"cdmtrack_click(687,jQuery(this));return false\" href=\"https:\/\/konpap.dk\/?gad_source=1&gclid=Cj0KCQjwtJ6_BhDWARIsAGanmKfOBLC3RBm6obWL5sEb-mp4bsp5QjqWW4j4nx22y0YT2iMiXJcv3MoaApR_EALw_wcB\"><img decoding=\"async\" style=\"width:100%;\" src=\"https:\/\/kunmedierne.dk\/thy\/wp-content\/uploads\/sites\/2\/2025\/03\/redoffice.jpg\"><\/a><script>cdmtrack_view(687);<\/script>\n<p><span data-contrast=\"auto\">Barbro inviterer ind i et poetisk og eklektisk lydunivers, hvor personlige fort\u00e6llinger flettes sammen med en verden i uro og forandring. Med albummet Crossfade fra i \u00e5r, forts\u00e6tter Barbro den kunstneriske linje med sange, der kredser om identitet, ophav og transformation og bev\u00e6ger sig mellem folk og alt-pop. En af Danmarks mest progressive sangskrivere og modtager af priser som Steppeulven og Carl Prisen.\u00a0<\/span><span data-ccp-props=\"{}\">\u00a0<\/span><\/p>\n<div id=\"attachment_18535\" style=\"width: 5194px\" class=\"wp-caption alignnone\"><img loading=\"lazy\" decoding=\"async\" aria-describedby=\"caption-attachment-18535\" class=\"wp-image-18535 size-full\" src=\"https:\/\/kunmedierne.dk\/thy\/wp-content\/uploads\/sites\/2\/2026\/03\/design-uden-navn87.jpg\" alt=\"\" width=\"5184\" height=\"3456\" srcset=\"https:\/\/kunmedierne.dk\/thy\/wp-content\/uploads\/sites\/2\/2026\/03\/design-uden-navn87.jpg 5184w, https:\/\/kunmedierne.dk\/thy\/wp-content\/uploads\/sites\/2\/2026\/03\/design-uden-navn87-300x200.jpg 300w, https:\/\/kunmedierne.dk\/thy\/wp-content\/uploads\/sites\/2\/2026\/03\/design-uden-navn87-1024x683.jpg 1024w, https:\/\/kunmedierne.dk\/thy\/wp-content\/uploads\/sites\/2\/2026\/03\/design-uden-navn87-510x340.jpg 510w\" sizes=\"auto, (max-width: 5184px) 100vw, 5184px\" \/><p id=\"caption-attachment-18535\" class=\"wp-caption-text\">One-Eyed Mule<\/p><\/div>\n<p><span data-contrast=\"auto\">Siden 2006 har One-Eyed Mule leveret soundtracket til den danske folk-rock-undergrund. Med seneste udgivelse Lovesongs &amp; New Routes f\u00f8jer bandet nye kapitler til et st\u00e6rkt bagkatalog. Centralt st\u00e5r sangskriverne Uffe Ipsen og Rasmus Dall, der kombinerer pedal steel, dr\u00f8mmende guitarer og r\u00e5 f\u00f8lsomhed i sange om k\u00e6rlighedens mange nuancer.<\/span><span data-ccp-props=\"{}\">\u00a0<\/span><\/p>\n<p>&nbsp;<\/p>\n<div id=\"attachment_18536\" style=\"width: 5194px\" class=\"wp-caption alignnone\"><img loading=\"lazy\" decoding=\"async\" aria-describedby=\"caption-attachment-18536\" class=\"wp-image-18536 size-full\" src=\"https:\/\/kunmedierne.dk\/thy\/wp-content\/uploads\/sites\/2\/2026\/03\/design-uden-navn88.jpg\" alt=\"\" width=\"5184\" height=\"3456\" srcset=\"https:\/\/kunmedierne.dk\/thy\/wp-content\/uploads\/sites\/2\/2026\/03\/design-uden-navn88.jpg 5184w, https:\/\/kunmedierne.dk\/thy\/wp-content\/uploads\/sites\/2\/2026\/03\/design-uden-navn88-300x200.jpg 300w, https:\/\/kunmedierne.dk\/thy\/wp-content\/uploads\/sites\/2\/2026\/03\/design-uden-navn88-1024x683.jpg 1024w, https:\/\/kunmedierne.dk\/thy\/wp-content\/uploads\/sites\/2\/2026\/03\/design-uden-navn88-510x340.jpg 510w\" sizes=\"auto, (max-width: 5184px) 100vw, 5184px\" \/><p id=\"caption-attachment-18536\" class=\"wp-caption-text\">Stella Darla. Foto: Emilie Dam Ohrt<\/p><\/div>\n<p><span data-contrast=\"auto\"> Stella Darla genfortolker sangskrivertraditionen med legende sprog og st\u00e6rke fort\u00e6llinger om opv\u00e6kst i Vendsyssel, venskaber og identitet. Debutalbummet Miss Nordjylland, fra 2024 blev rost af kritikere, og nye udgivelser er p\u00e5 vej i 2026.<\/span><span data-ccp-props=\"{}\">\u00a0<\/span><\/p>\n<p><span data-contrast=\"auto\">Med r\u00f8dder i countryens guldalder bringer Leo Bang klassisk honky-tonk til Thy. Inspireret af blandt andre Buck Owens og Hank Williams leverer han \u00e6gte, old-school country, fra st\u00f8vede ballader til tempofyldte westernrytmer.<\/span><span data-ccp-props=\"{}\">\u00a0<\/span><\/p>\n<a class=\"dvrt-link\" onClick=\"cdmtrack_click(4416,jQuery(this));return false\" href=\"https:\/\/sdrhaa.dk\/\"><img decoding=\"async\" style=\"width:100%;\" src=\"https:\/\/kunmedierne.dk\/thy\/wp-content\/uploads\/sites\/2\/2025\/05\/260302Din-gebyrvenlige-sparekasse_SHS_Thy-1.gif\"><\/a><script>cdmtrack_view(4416);<\/script>\n<p><span data-contrast=\"auto\">Endelig s\u00f8rger Miners Choice for den rette outlaw-stemning med et DJ-set fyldt med gyldne countryfund, fra st\u00f8vede klassikere til skjulte perler.<\/span><span data-ccp-props=\"{}\">\u00a0<\/span><\/p>\n<p><span data-contrast=\"auto\">Festivalen oplyser, at dette er f\u00f8rste halvdel af programmet for Cold Country 2026, resten ventes om f\u00e5 uger.\u00a0<\/span><\/p>\n","protected":false},"excerpt":{"rendered":"<p>VORUP\u00d8R: Blandt de f\u00f8rste offentliggjorte navne er norske Cowboyfrokost, der rider ind fra Oslo med varme harmonier til f\u00f8rste danske koncert. Det skriver festivalen i en pressemeddelelse.\u00a0\u00a0 Efter fem \u00e5r med fortolkninger udgav Cowboyfrokost i efter\u00e5ret debut-EP\u2019en Order Up!, hvor klassiske country- og americana-referencer m\u00f8der pop og skandinaviske melodier. Cowboyfrokost har allerede markeret sig som [&hellip;]<\/p>\n","protected":false},"author":2507,"featured_media":0,"comment_status":"closed","ping_status":"closed","sticky":false,"template":"","format":"standard","meta":{"_acf_changed":false,"footnotes":""},"categories":[21],"tags":[],"class_list":["post-18532","post","type-post","status-publish","format-standard","hentry","category-kultur"],"acf":[],"yoast_head":"<!-- This site is optimized with the Yoast SEO plugin v26.8 - https:\/\/yoast.com\/product\/yoast-seo-wordpress\/ -->\n<title>Cold Country vender tilbage og f\u00f8rste del af programmet er klar\u00a0 - Thy<\/title>\n<meta name=\"robots\" content=\"index, follow, max-snippet:-1, max-image-preview:large, max-video-preview:-1\" \/>\n<link rel=\"canonical\" href=\"https:\/\/kunmedierne.dk\/thy\/18532-2\/\" \/>\n<meta property=\"og:locale\" content=\"da_DK\" \/>\n<meta property=\"og:type\" content=\"article\" \/>\n<meta property=\"og:title\" content=\"Cold Country vender tilbage og f\u00f8rste del af programmet er klar\u00a0 - Thy\" \/>\n<meta property=\"og:description\" content=\"VORUP\u00d8R: Blandt de f\u00f8rste offentliggjorte navne er norske Cowboyfrokost, der rider ind fra Oslo med varme harmonier til f\u00f8rste danske koncert. Det skriver festivalen i en pressemeddelelse.\u00a0\u00a0 Efter fem \u00e5r med fortolkninger udgav Cowboyfrokost i efter\u00e5ret debut-EP\u2019en Order Up!, hvor klassiske country- og americana-referencer m\u00f8der pop og skandinaviske melodier. Cowboyfrokost har allerede markeret sig som [&hellip;]\" \/>\n<meta property=\"og:url\" content=\"https:\/\/kunmedierne.dk\/thy\/18532-2\/\" \/>\n<meta property=\"og:site_name\" content=\"Thy\" \/>\n<meta property=\"article:published_time\" content=\"2026-03-08T12:26:28+00:00\" \/>\n<meta property=\"og:image\" content=\"https:\/\/kunmedierne.dk\/thy\/wp-content\/uploads\/sites\/2\/2026\/03\/design-uden-navn87.jpg\" \/>\n<meta name=\"author\" content=\"Katrine Hedegaard\" \/>\n<meta name=\"twitter:card\" content=\"summary_large_image\" \/>\n<meta name=\"twitter:label1\" content=\"Skrevet af\" \/>\n\t<meta name=\"twitter:data1\" content=\"Katrine Hedegaard\" \/>\n\t<meta name=\"twitter:label2\" content=\"Estimeret l\u00e6setid\" \/>\n\t<meta name=\"twitter:data2\" content=\"3 minutter\" \/>\n<script type=\"application\/ld+json\" class=\"yoast-schema-graph\">{\"@context\":\"https:\/\/schema.org\",\"@graph\":[{\"@type\":\"Article\",\"@id\":\"https:\/\/kunmedierne.dk\/thy\/18532-2\/#article\",\"isPartOf\":{\"@id\":\"https:\/\/kunmedierne.dk\/thy\/18532-2\/\"},\"author\":{\"name\":\"Katrine Hedegaard\",\"@id\":\"https:\/\/kunmedierne.dk\/thy\/#\/schema\/person\/b2e62a38069b12365e53e087a8709c64\"},\"headline\":\"Cold Country vender tilbage og f\u00f8rste del af programmet er klar\u00a0\",\"datePublished\":\"2026-03-08T12:26:28+00:00\",\"mainEntityOfPage\":{\"@id\":\"https:\/\/kunmedierne.dk\/thy\/18532-2\/\"},\"wordCount\":346,\"publisher\":{\"@id\":\"https:\/\/kunmedierne.dk\/thy\/#organization\"},\"image\":{\"@id\":\"https:\/\/kunmedierne.dk\/thy\/18532-2\/#primaryimage\"},\"thumbnailUrl\":\"https:\/\/kunmedierne.dk\/thy\/wp-content\/uploads\/sites\/2\/2026\/03\/design-uden-navn87.jpg\",\"articleSection\":[\"Kultur\"],\"inLanguage\":\"da-DK\"},{\"@type\":\"WebPage\",\"@id\":\"https:\/\/kunmedierne.dk\/thy\/18532-2\/\",\"url\":\"https:\/\/kunmedierne.dk\/thy\/18532-2\/\",\"name\":\"Cold Country vender tilbage og f\u00f8rste del af programmet er klar\u00a0 - Thy\",\"isPartOf\":{\"@id\":\"https:\/\/kunmedierne.dk\/thy\/#website\"},\"primaryImageOfPage\":{\"@id\":\"https:\/\/kunmedierne.dk\/thy\/18532-2\/#primaryimage\"},\"image\":{\"@id\":\"https:\/\/kunmedierne.dk\/thy\/18532-2\/#primaryimage\"},\"thumbnailUrl\":\"https:\/\/kunmedierne.dk\/thy\/wp-content\/uploads\/sites\/2\/2026\/03\/design-uden-navn87.jpg\",\"datePublished\":\"2026-03-08T12:26:28+00:00\",\"breadcrumb\":{\"@id\":\"https:\/\/kunmedierne.dk\/thy\/18532-2\/#breadcrumb\"},\"inLanguage\":\"da-DK\",\"potentialAction\":[{\"@type\":\"ReadAction\",\"target\":[\"https:\/\/kunmedierne.dk\/thy\/18532-2\/\"]}]},{\"@type\":\"ImageObject\",\"inLanguage\":\"da-DK\",\"@id\":\"https:\/\/kunmedierne.dk\/thy\/18532-2\/#primaryimage\",\"url\":\"https:\/\/kunmedierne.dk\/thy\/wp-content\/uploads\/sites\/2\/2026\/03\/design-uden-navn87.jpg\",\"contentUrl\":\"https:\/\/kunmedierne.dk\/thy\/wp-content\/uploads\/sites\/2\/2026\/03\/design-uden-navn87.jpg\",\"width\":5184,\"height\":3456},{\"@type\":\"BreadcrumbList\",\"@id\":\"https:\/\/kunmedierne.dk\/thy\/18532-2\/#breadcrumb\",\"itemListElement\":[{\"@type\":\"ListItem\",\"position\":1,\"name\":\"Home\",\"item\":\"https:\/\/kunmedierne.dk\/thy\/\"},{\"@type\":\"ListItem\",\"position\":2,\"name\":\"Cold Country vender tilbage og f\u00f8rste del af programmet er klar\u00a0\"}]},{\"@type\":\"WebSite\",\"@id\":\"https:\/\/kunmedierne.dk\/thy\/#website\",\"url\":\"https:\/\/kunmedierne.dk\/thy\/\",\"name\":\"Thy\",\"description\":\"et netmedie med journalistik om livet i Thy\",\"publisher\":{\"@id\":\"https:\/\/kunmedierne.dk\/thy\/#organization\"},\"potentialAction\":[{\"@type\":\"SearchAction\",\"target\":{\"@type\":\"EntryPoint\",\"urlTemplate\":\"https:\/\/kunmedierne.dk\/thy\/?s={search_term_string}\"},\"query-input\":{\"@type\":\"PropertyValueSpecification\",\"valueRequired\":true,\"valueName\":\"search_term_string\"}}],\"inLanguage\":\"da-DK\"},{\"@type\":\"Organization\",\"@id\":\"https:\/\/kunmedierne.dk\/thy\/#organization\",\"name\":\"Thy\",\"url\":\"https:\/\/kunmedierne.dk\/thy\/\",\"logo\":{\"@type\":\"ImageObject\",\"inLanguage\":\"da-DK\",\"@id\":\"https:\/\/kunmedierne.dk\/thy\/#\/schema\/logo\/image\/\",\"url\":\"https:\/\/kunmedierne.dk\/thy\/wp-content\/uploads\/sites\/2\/2025\/04\/kunthy-logo.svg\",\"contentUrl\":\"https:\/\/kunmedierne.dk\/thy\/wp-content\/uploads\/sites\/2\/2025\/04\/kunthy-logo.svg\",\"caption\":\"Thy\"},\"image\":{\"@id\":\"https:\/\/kunmedierne.dk\/thy\/#\/schema\/logo\/image\/\"}},{\"@type\":\"Person\",\"@id\":\"https:\/\/kunmedierne.dk\/thy\/#\/schema\/person\/b2e62a38069b12365e53e087a8709c64\",\"name\":\"Katrine Hedegaard\",\"image\":{\"@type\":\"ImageObject\",\"inLanguage\":\"da-DK\",\"@id\":\"https:\/\/kunmedierne.dk\/thy\/#\/schema\/person\/image\/\",\"url\":\"https:\/\/secure.gravatar.com\/avatar\/18a5c72fa9148052fd3ed5a58b40fc83cfdc9811090e6e6eec9539af058edcc0?s=96&d=mm&r=g\",\"contentUrl\":\"https:\/\/secure.gravatar.com\/avatar\/18a5c72fa9148052fd3ed5a58b40fc83cfdc9811090e6e6eec9539af058edcc0?s=96&d=mm&r=g\",\"caption\":\"Katrine Hedegaard\"},\"url\":\"https:\/\/kunmedierne.dk\/thy\/author\/katrine\/\"}]}<\/script>\n<!-- \/ Yoast SEO plugin. -->","yoast_head_json":{"title":"Cold Country vender tilbage og f\u00f8rste del af programmet er klar\u00a0 - Thy","robots":{"index":"index","follow":"follow","max-snippet":"max-snippet:-1","max-image-preview":"max-image-preview:large","max-video-preview":"max-video-preview:-1"},"canonical":"https:\/\/kunmedierne.dk\/thy\/18532-2\/","og_locale":"da_DK","og_type":"article","og_title":"Cold Country vender tilbage og f\u00f8rste del af programmet er klar\u00a0 - Thy","og_description":"VORUP\u00d8R: Blandt de f\u00f8rste offentliggjorte navne er norske Cowboyfrokost, der rider ind fra Oslo med varme harmonier til f\u00f8rste danske koncert. Det skriver festivalen i en pressemeddelelse.\u00a0\u00a0 Efter fem \u00e5r med fortolkninger udgav Cowboyfrokost i efter\u00e5ret debut-EP\u2019en Order Up!, hvor klassiske country- og americana-referencer m\u00f8der pop og skandinaviske melodier. Cowboyfrokost har allerede markeret sig som [&hellip;]","og_url":"https:\/\/kunmedierne.dk\/thy\/18532-2\/","og_site_name":"Thy","article_published_time":"2026-03-08T12:26:28+00:00","og_image":[{"url":"https:\/\/kunmedierne.dk\/thy\/wp-content\/uploads\/sites\/2\/2026\/03\/design-uden-navn87.jpg","type":"","width":"","height":""}],"author":"Katrine Hedegaard","twitter_card":"summary_large_image","twitter_misc":{"Skrevet af":"Katrine Hedegaard","Estimeret l\u00e6setid":"3 minutter"},"schema":{"@context":"https:\/\/schema.org","@graph":[{"@type":"Article","@id":"https:\/\/kunmedierne.dk\/thy\/18532-2\/#article","isPartOf":{"@id":"https:\/\/kunmedierne.dk\/thy\/18532-2\/"},"author":{"name":"Katrine Hedegaard","@id":"https:\/\/kunmedierne.dk\/thy\/#\/schema\/person\/b2e62a38069b12365e53e087a8709c64"},"headline":"Cold Country vender tilbage og f\u00f8rste del af programmet er klar\u00a0","datePublished":"2026-03-08T12:26:28+00:00","mainEntityOfPage":{"@id":"https:\/\/kunmedierne.dk\/thy\/18532-2\/"},"wordCount":346,"publisher":{"@id":"https:\/\/kunmedierne.dk\/thy\/#organization"},"image":{"@id":"https:\/\/kunmedierne.dk\/thy\/18532-2\/#primaryimage"},"thumbnailUrl":"https:\/\/kunmedierne.dk\/thy\/wp-content\/uploads\/sites\/2\/2026\/03\/design-uden-navn87.jpg","articleSection":["Kultur"],"inLanguage":"da-DK"},{"@type":"WebPage","@id":"https:\/\/kunmedierne.dk\/thy\/18532-2\/","url":"https:\/\/kunmedierne.dk\/thy\/18532-2\/","name":"Cold Country vender tilbage og f\u00f8rste del af programmet er klar\u00a0 - Thy","isPartOf":{"@id":"https:\/\/kunmedierne.dk\/thy\/#website"},"primaryImageOfPage":{"@id":"https:\/\/kunmedierne.dk\/thy\/18532-2\/#primaryimage"},"image":{"@id":"https:\/\/kunmedierne.dk\/thy\/18532-2\/#primaryimage"},"thumbnailUrl":"https:\/\/kunmedierne.dk\/thy\/wp-content\/uploads\/sites\/2\/2026\/03\/design-uden-navn87.jpg","datePublished":"2026-03-08T12:26:28+00:00","breadcrumb":{"@id":"https:\/\/kunmedierne.dk\/thy\/18532-2\/#breadcrumb"},"inLanguage":"da-DK","potentialAction":[{"@type":"ReadAction","target":["https:\/\/kunmedierne.dk\/thy\/18532-2\/"]}]},{"@type":"ImageObject","inLanguage":"da-DK","@id":"https:\/\/kunmedierne.dk\/thy\/18532-2\/#primaryimage","url":"https:\/\/kunmedierne.dk\/thy\/wp-content\/uploads\/sites\/2\/2026\/03\/design-uden-navn87.jpg","contentUrl":"https:\/\/kunmedierne.dk\/thy\/wp-content\/uploads\/sites\/2\/2026\/03\/design-uden-navn87.jpg","width":5184,"height":3456},{"@type":"BreadcrumbList","@id":"https:\/\/kunmedierne.dk\/thy\/18532-2\/#breadcrumb","itemListElement":[{"@type":"ListItem","position":1,"name":"Home","item":"https:\/\/kunmedierne.dk\/thy\/"},{"@type":"ListItem","position":2,"name":"Cold Country vender tilbage og f\u00f8rste del af programmet er klar\u00a0"}]},{"@type":"WebSite","@id":"https:\/\/kunmedierne.dk\/thy\/#website","url":"https:\/\/kunmedierne.dk\/thy\/","name":"Thy","description":"et netmedie med journalistik om livet i Thy","publisher":{"@id":"https:\/\/kunmedierne.dk\/thy\/#organization"},"potentialAction":[{"@type":"SearchAction","target":{"@type":"EntryPoint","urlTemplate":"https:\/\/kunmedierne.dk\/thy\/?s={search_term_string}"},"query-input":{"@type":"PropertyValueSpecification","valueRequired":true,"valueName":"search_term_string"}}],"inLanguage":"da-DK"},{"@type":"Organization","@id":"https:\/\/kunmedierne.dk\/thy\/#organization","name":"Thy","url":"https:\/\/kunmedierne.dk\/thy\/","logo":{"@type":"ImageObject","inLanguage":"da-DK","@id":"https:\/\/kunmedierne.dk\/thy\/#\/schema\/logo\/image\/","url":"https:\/\/kunmedierne.dk\/thy\/wp-content\/uploads\/sites\/2\/2025\/04\/kunthy-logo.svg","contentUrl":"https:\/\/kunmedierne.dk\/thy\/wp-content\/uploads\/sites\/2\/2025\/04\/kunthy-logo.svg","caption":"Thy"},"image":{"@id":"https:\/\/kunmedierne.dk\/thy\/#\/schema\/logo\/image\/"}},{"@type":"Person","@id":"https:\/\/kunmedierne.dk\/thy\/#\/schema\/person\/b2e62a38069b12365e53e087a8709c64","name":"Katrine Hedegaard","image":{"@type":"ImageObject","inLanguage":"da-DK","@id":"https:\/\/kunmedierne.dk\/thy\/#\/schema\/person\/image\/","url":"https:\/\/secure.gravatar.com\/avatar\/18a5c72fa9148052fd3ed5a58b40fc83cfdc9811090e6e6eec9539af058edcc0?s=96&d=mm&r=g","contentUrl":"https:\/\/secure.gravatar.com\/avatar\/18a5c72fa9148052fd3ed5a58b40fc83cfdc9811090e6e6eec9539af058edcc0?s=96&d=mm&r=g","caption":"Katrine Hedegaard"},"url":"https:\/\/kunmedierne.dk\/thy\/author\/katrine\/"}]}},"_links":{"self":[{"href":"https:\/\/kunmedierne.dk\/thy\/wp-json\/wp\/v2\/posts\/18532","targetHints":{"allow":["GET"]}}],"collection":[{"href":"https:\/\/kunmedierne.dk\/thy\/wp-json\/wp\/v2\/posts"}],"about":[{"href":"https:\/\/kunmedierne.dk\/thy\/wp-json\/wp\/v2\/types\/post"}],"author":[{"embeddable":true,"href":"https:\/\/kunmedierne.dk\/thy\/wp-json\/wp\/v2\/users\/2507"}],"replies":[{"embeddable":true,"href":"https:\/\/kunmedierne.dk\/thy\/wp-json\/wp\/v2\/comments?post=18532"}],"version-history":[{"count":4,"href":"https:\/\/kunmedierne.dk\/thy\/wp-json\/wp\/v2\/posts\/18532\/revisions"}],"predecessor-version":[{"id":18547,"href":"https:\/\/kunmedierne.dk\/thy\/wp-json\/wp\/v2\/posts\/18532\/revisions\/18547"}],"wp:attachment":[{"href":"https:\/\/kunmedierne.dk\/thy\/wp-json\/wp\/v2\/media?parent=18532"}],"wp:term":[{"taxonomy":"category","embeddable":true,"href":"https:\/\/kunmedierne.dk\/thy\/wp-json\/wp\/v2\/categories?post=18532"},{"taxonomy":"post_tag","embeddable":true,"href":"https:\/\/kunmedierne.dk\/thy\/wp-json\/wp\/v2\/tags?post=18532"}],"curies":[{"name":"wp","href":"https:\/\/api.w.org\/{rel}","templated":true}]}}