{"id":18528,"date":"2026-03-08T07:26:46","date_gmt":"2026-03-08T06:26:46","guid":{"rendered":"https:\/\/kunmedierne.dk\/thy\/?p=18528"},"modified":"2026-03-08T12:51:29","modified_gmt":"2026-03-08T11:51:29","slug":"emily-fik-stoette-og-blev-glad-for-at-gaa-paa-gymnasiet","status":"publish","type":"post","link":"https:\/\/kunmedierne.dk\/thy\/emily-fik-stoette-og-blev-glad-for-at-gaa-paa-gymnasiet\/","title":{"rendered":"Emily fik st\u00f8tte og blev glad for at g\u00e5 p\u00e5 gymnasiet"},"content":{"rendered":"<p><strong>THISTED:<\/strong> &#8211; Hvis jeg ikke havde haft Marie, var jeg droppet ud for l\u00e6ngst.<\/p>\n<p>S\u00e5dan lyder det smilende fra 19-\u00e5rige Emily, der i dag g\u00e5r i 2.g. p\u00e5 Thisted Gymnasium, STX og HF.<\/p>\n<p>Emily er en af de cirka 30 elever, der for tiden drager fordel af skolens trivselsvejleder, Marie Justesen.<\/p>\n<p><a href=\"https:\/\/kunmedierne.dk\/thy\/maries-hjaelp-er-guld-vaerd-for-en-saerlig-gruppe-af-gymnasieelever\/\">L\u00e6s interview med Marie Justesen her.<\/a><\/p>\n<a class=\"dvrt-link\" onClick=\"cdmtrack_click(689,jQuery(this));return false\" href=\"https:\/\/www.thistedbolig.dk\"><img decoding=\"async\" style=\"width:100%;\" src=\"https:\/\/kunmedierne.dk\/thy\/wp-content\/uploads\/sites\/2\/2025\/03\/260414ThistedBoligApril-opslag-002-1.jpg\"><\/a><script>cdmtrack_view(689);<\/script>\n<p>For f\u00e5 \u00e5r siden havde Emily det rigtig sv\u00e6rt. Hun udviklede en spiseforstyrrelse og m\u00e5tte forlade en ungdomsuddannelse.<\/p>\n<p>&#8211; Jeg f\u00f8lte mig som en fugleunge, der var faldet ud af reden, fort\u00e6ller Emily.<\/p>\n<p>Da hun begyndte p\u00e5 HF p\u00e5 Thisted Gymnasium i 2024, havde hun lige fundet ud af, at hun havde forskellige kognitive funktionsneds\u00e6ttelser i form af ADHD og autisme.<\/p>\n<p>Derfor fik hun mulighed for at g\u00e5 til samtaler med Marie Justesen tre gange om ugen.<\/p>\n<p>&#8211; I begyndelsen sad jeg ogs\u00e5 her og spiste min madpakke, fort\u00e6ller Emily.<\/p>\n<a class=\"dvrt-link\" onClick=\"cdmtrack_click(689,jQuery(this));return false\" href=\"https:\/\/www.thistedbolig.dk\"><img decoding=\"async\" style=\"width:100%;\" src=\"https:\/\/kunmedierne.dk\/thy\/wp-content\/uploads\/sites\/2\/2025\/03\/260414ThistedBoligApril-opslag-002-1.jpg\"><\/a><script>cdmtrack_view(689);<\/script>\n<p>Samtalerne med Marie hjalp Emily til at klare sine tanker og finde ud at, hvorfor hun ikke havde det s\u00e6rlig godt p\u00e5 HF.<\/p>\n<p>&#8211; Jeg f\u00f8lte, jeg skulle skynde mig, fordi jeg kun havde to \u00e5r til at tage uddannelsen, og s\u00e5 havde jeg ikke mig selv med.<\/p>\n<p>Ved f\u00e6lles hj\u00e6lp fandt de to ud af, at Emily passede bedre ind p\u00e5 STX &#8211; det almene gymnasium, s\u00e5 det blev aftalt, at hun kunne flytte over p\u00e5 den uddannelse efter tre m\u00e5neder.<\/p>\n<p>&#8211; Det var virkelig godt for mig, fort\u00e6ller Emily.<\/p>\n<a class=\"dvrt-link\" onClick=\"cdmtrack_click(18790,jQuery(this));return false\" href=\"https:\/\/thymors.dk\/sponsorater\/15-til-faellesskabet?utm_source=kunthy&amp;utm_medium=annonce&amp;utm_campaign=sponsorater\"><img decoding=\"async\" style=\"width:100%;\" src=\"https:\/\/kunmedierne.dk\/thy\/wp-content\/uploads\/sites\/2\/2026\/03\/260407ThyMors-energi_faellesskab_generel-1.jpg\"><\/a><script>cdmtrack_view(18790);<\/script>\n<p>Emily er dygtig rent fagligt, men samtalerne med Marie har hjulpet hende til at navigere i hverdagen.<\/p>\n<p>&#8211; Jeg har vildt sv\u00e6rt ved at disponere over min egen tid. S\u00e5 det er meget dejligt at f\u00e5 hj\u00e6lp til de rigtige rammer, siger hun.<\/p>\n<p>Overblikket p\u00e5 de faglige opgaver og flytningen til en ny klasse har givet Emily overskud til at udvikle sig personligt og socialt.<\/p>\n<p>I l\u00f8bet af det seneste \u00e5r har hun blandt andet v\u00e6ret med til at starte et skoleblad, v\u00e6ret p\u00e5 studietur og v\u00e6ret med i teaterkoncert to gange.<\/p>\n<p>&#8211; F\u00f8rste \u00e5r lavede jeg en plakat til teaterkoncerten, og i \u00e5r har jeg spillet bas p\u00e5 fem sange og v\u00e6ret p\u00e5 scenen flere gange som skuespiller. Det er faktisk helt vildt, fort\u00e6ller hun.<\/p>\n<a class=\"dvrt-link\" onClick=\"cdmtrack_click(687,jQuery(this));return false\" href=\"https:\/\/konpap.dk\/?gad_source=1&gclid=Cj0KCQjwtJ6_BhDWARIsAGanmKfOBLC3RBm6obWL5sEb-mp4bsp5QjqWW4j4nx22y0YT2iMiXJcv3MoaApR_EALw_wcB\"><img decoding=\"async\" style=\"width:100%;\" src=\"https:\/\/kunmedierne.dk\/thy\/wp-content\/uploads\/sites\/2\/2025\/03\/redoffice.jpg\"><\/a><script>cdmtrack_view(687);<\/script>\n<p><span data-olk-copy-source=\"MessageBody\">Udover samtalerne med Marie Justesen har det ogs\u00e5 spillet en stor rolle for Emilys udvikling, at der har v\u00e6ret en t\u00e6t kontakt og samarbejde med det gode netv\u00e6rk (s\u00e6rligt for\u00e6ldrene), der er omkring hende uden for skolen.<\/span><\/p>\n<p>I dag synes Emily, at hun har et &#8220;sindssygt st\u00e6rkt netv\u00e6rk&#8221;, og hun t\u00f8r godt v\u00e6re \u00e5ben om de udfordringer hun har p\u00e5 grund af sine diagnoser.<\/p>\n<p>&#8211; Det er fedt, at jeg nu ogs\u00e5 kan snakke med mine j\u00e6vnaldrende om de problemer jeg har.\u00a0 Jeg f\u00f8ler, jeg har f\u00e5et mod p\u00e5 at fort\u00e6lle det til flere, at jeg har en diagnose. Det er jo ikke noget at skamme sig over. Det er en del af det at v\u00e6re menneske.<\/p>\n<a class=\"dvrt-link\" onClick=\"cdmtrack_click(683,jQuery(this));return false\" href=\"https:\/\/vester-begr.dk\/?utm_source=google&amp;utm_medium=advative&amp;gad_source=1&amp;gclid=Cj0KCQjwtJ6_BhDWARIsAGanmKfl-hGVVjCYiOgSKoGoxrow4kvXybZsnruKJYTslvqZDywT6a9PCQwaAmBjEALw_wcB\"><img decoding=\"async\" style=\"width:100%;\" src=\"https:\/\/kunmedierne.dk\/thy\/wp-content\/uploads\/sites\/2\/2025\/03\/260203VesterHoukaer-02022026.jpg\"><\/a><script>cdmtrack_view(683);<\/script>\n<p>Samtidig er Emily glad for, at Marie Justesen stadig er p\u00e5 sidelinjen. Det giver tryghed.<\/p>\n<p>&#8211; Jeg er glad for, at hun f\u00f8lger mig. Det er virkelig dejligt.<\/p>\n<p>Men det sker ikke s\u00e5 ofte l\u00e6ngere, at Emily konsulterer Marie.<\/p>\n<p>&#8211; I starten sad jeg her hver anden dag. Nu er det kun en gang i ugen. Og sommetider glemmer jeg det helt.<\/p>\n","protected":false},"excerpt":{"rendered":"<p>THISTED: &#8211; Hvis jeg ikke havde haft Marie, var jeg droppet ud for l\u00e6ngst. S\u00e5dan lyder det smilende fra 19-\u00e5rige Emily, der i dag g\u00e5r i 2.g. p\u00e5 Thisted Gymnasium, STX og HF. Emily er en af de cirka 30 elever, der for tiden drager fordel af skolens trivselsvejleder, Marie Justesen. L\u00e6s interview med Marie [&hellip;]<\/p>\n","protected":false},"author":1925,"featured_media":0,"comment_status":"closed","ping_status":"closed","sticky":false,"template":"","format":"standard","meta":{"_acf_changed":false,"footnotes":""},"categories":[24,23],"tags":[90,74],"class_list":["post-18528","post","type-post","status-publish","format-standard","hentry","category-lokalt","category-thyboerne","tag-uddannelse","tag-ungdomsliv"],"acf":[],"yoast_head":"<!-- This site is optimized with the Yoast SEO plugin v26.8 - https:\/\/yoast.com\/product\/yoast-seo-wordpress\/ -->\n<title>Emily fik st\u00f8tte og blev glad for at g\u00e5 p\u00e5 gymnasiet - Thy<\/title>\n<meta name=\"robots\" content=\"index, follow, max-snippet:-1, max-image-preview:large, max-video-preview:-1\" \/>\n<link rel=\"canonical\" href=\"https:\/\/kunmedierne.dk\/thy\/emily-fik-stoette-og-blev-glad-for-at-gaa-paa-gymnasiet\/\" \/>\n<meta property=\"og:locale\" content=\"da_DK\" \/>\n<meta property=\"og:type\" content=\"article\" \/>\n<meta property=\"og:title\" content=\"Emily fik st\u00f8tte og blev glad for at g\u00e5 p\u00e5 gymnasiet - Thy\" \/>\n<meta property=\"og:description\" content=\"THISTED: &#8211; Hvis jeg ikke havde haft Marie, var jeg droppet ud for l\u00e6ngst. S\u00e5dan lyder det smilende fra 19-\u00e5rige Emily, der i dag g\u00e5r i 2.g. p\u00e5 Thisted Gymnasium, STX og HF. Emily er en af de cirka 30 elever, der for tiden drager fordel af skolens trivselsvejleder, Marie Justesen. L\u00e6s interview med Marie [&hellip;]\" \/>\n<meta property=\"og:url\" content=\"https:\/\/kunmedierne.dk\/thy\/emily-fik-stoette-og-blev-glad-for-at-gaa-paa-gymnasiet\/\" \/>\n<meta property=\"og:site_name\" content=\"Thy\" \/>\n<meta property=\"article:published_time\" content=\"2026-03-08T06:26:46+00:00\" \/>\n<meta property=\"article:modified_time\" content=\"2026-03-08T11:51:29+00:00\" \/>\n<meta name=\"author\" content=\"Lone L\u00e6rke Krog\" \/>\n<meta name=\"twitter:card\" content=\"summary_large_image\" \/>\n<meta name=\"twitter:label1\" content=\"Skrevet af\" \/>\n\t<meta name=\"twitter:data1\" content=\"Lone L\u00e6rke Krog\" \/>\n\t<meta name=\"twitter:label2\" content=\"Estimeret l\u00e6setid\" \/>\n\t<meta name=\"twitter:data2\" content=\"3 minutter\" \/>\n<script type=\"application\/ld+json\" class=\"yoast-schema-graph\">{\"@context\":\"https:\/\/schema.org\",\"@graph\":[{\"@type\":\"Article\",\"@id\":\"https:\/\/kunmedierne.dk\/thy\/emily-fik-stoette-og-blev-glad-for-at-gaa-paa-gymnasiet\/#article\",\"isPartOf\":{\"@id\":\"https:\/\/kunmedierne.dk\/thy\/emily-fik-stoette-og-blev-glad-for-at-gaa-paa-gymnasiet\/\"},\"author\":{\"name\":\"Lone L\u00e6rke Krog\",\"@id\":\"https:\/\/kunmedierne.dk\/thy\/#\/schema\/person\/d266634ba6550d075ecf540d63b245d2\"},\"headline\":\"Emily fik st\u00f8tte og blev glad for at g\u00e5 p\u00e5 gymnasiet\",\"datePublished\":\"2026-03-08T06:26:46+00:00\",\"dateModified\":\"2026-03-08T11:51:29+00:00\",\"mainEntityOfPage\":{\"@id\":\"https:\/\/kunmedierne.dk\/thy\/emily-fik-stoette-og-blev-glad-for-at-gaa-paa-gymnasiet\/\"},\"wordCount\":605,\"publisher\":{\"@id\":\"https:\/\/kunmedierne.dk\/thy\/#organization\"},\"keywords\":[\"Uddannelse\",\"Ungdomsliv\"],\"articleSection\":[\"Lokalt\",\"Thyboerne\"],\"inLanguage\":\"da-DK\"},{\"@type\":\"WebPage\",\"@id\":\"https:\/\/kunmedierne.dk\/thy\/emily-fik-stoette-og-blev-glad-for-at-gaa-paa-gymnasiet\/\",\"url\":\"https:\/\/kunmedierne.dk\/thy\/emily-fik-stoette-og-blev-glad-for-at-gaa-paa-gymnasiet\/\",\"name\":\"Emily fik st\u00f8tte og blev glad for at g\u00e5 p\u00e5 gymnasiet - Thy\",\"isPartOf\":{\"@id\":\"https:\/\/kunmedierne.dk\/thy\/#website\"},\"datePublished\":\"2026-03-08T06:26:46+00:00\",\"dateModified\":\"2026-03-08T11:51:29+00:00\",\"breadcrumb\":{\"@id\":\"https:\/\/kunmedierne.dk\/thy\/emily-fik-stoette-og-blev-glad-for-at-gaa-paa-gymnasiet\/#breadcrumb\"},\"inLanguage\":\"da-DK\",\"potentialAction\":[{\"@type\":\"ReadAction\",\"target\":[\"https:\/\/kunmedierne.dk\/thy\/emily-fik-stoette-og-blev-glad-for-at-gaa-paa-gymnasiet\/\"]}]},{\"@type\":\"BreadcrumbList\",\"@id\":\"https:\/\/kunmedierne.dk\/thy\/emily-fik-stoette-og-blev-glad-for-at-gaa-paa-gymnasiet\/#breadcrumb\",\"itemListElement\":[{\"@type\":\"ListItem\",\"position\":1,\"name\":\"Home\",\"item\":\"https:\/\/kunmedierne.dk\/thy\/\"},{\"@type\":\"ListItem\",\"position\":2,\"name\":\"Emily fik st\u00f8tte og blev glad for at g\u00e5 p\u00e5 gymnasiet\"}]},{\"@type\":\"WebSite\",\"@id\":\"https:\/\/kunmedierne.dk\/thy\/#website\",\"url\":\"https:\/\/kunmedierne.dk\/thy\/\",\"name\":\"Thy\",\"description\":\"et netmedie med journalistik om livet i Thy\",\"publisher\":{\"@id\":\"https:\/\/kunmedierne.dk\/thy\/#organization\"},\"potentialAction\":[{\"@type\":\"SearchAction\",\"target\":{\"@type\":\"EntryPoint\",\"urlTemplate\":\"https:\/\/kunmedierne.dk\/thy\/?s={search_term_string}\"},\"query-input\":{\"@type\":\"PropertyValueSpecification\",\"valueRequired\":true,\"valueName\":\"search_term_string\"}}],\"inLanguage\":\"da-DK\"},{\"@type\":\"Organization\",\"@id\":\"https:\/\/kunmedierne.dk\/thy\/#organization\",\"name\":\"Thy\",\"url\":\"https:\/\/kunmedierne.dk\/thy\/\",\"logo\":{\"@type\":\"ImageObject\",\"inLanguage\":\"da-DK\",\"@id\":\"https:\/\/kunmedierne.dk\/thy\/#\/schema\/logo\/image\/\",\"url\":\"https:\/\/kunmedierne.dk\/thy\/wp-content\/uploads\/sites\/2\/2025\/04\/kunthy-logo.svg\",\"contentUrl\":\"https:\/\/kunmedierne.dk\/thy\/wp-content\/uploads\/sites\/2\/2025\/04\/kunthy-logo.svg\",\"caption\":\"Thy\"},\"image\":{\"@id\":\"https:\/\/kunmedierne.dk\/thy\/#\/schema\/logo\/image\/\"}},{\"@type\":\"Person\",\"@id\":\"https:\/\/kunmedierne.dk\/thy\/#\/schema\/person\/d266634ba6550d075ecf540d63b245d2\",\"name\":\"Lone L\u00e6rke Krog\",\"image\":{\"@type\":\"ImageObject\",\"inLanguage\":\"da-DK\",\"@id\":\"https:\/\/kunmedierne.dk\/thy\/#\/schema\/person\/image\/\",\"url\":\"https:\/\/secure.gravatar.com\/avatar\/496ddc7080e56b4ac64cfd4e56bd6d1ee396fa3db1923aa22f11346f60bb135b?s=96&d=mm&r=g\",\"contentUrl\":\"https:\/\/secure.gravatar.com\/avatar\/496ddc7080e56b4ac64cfd4e56bd6d1ee396fa3db1923aa22f11346f60bb135b?s=96&d=mm&r=g\",\"caption\":\"Lone L\u00e6rke Krog\"},\"url\":\"https:\/\/kunmedierne.dk\/thy\/author\/llk\/\"}]}<\/script>\n<!-- \/ Yoast SEO plugin. -->","yoast_head_json":{"title":"Emily fik st\u00f8tte og blev glad for at g\u00e5 p\u00e5 gymnasiet - Thy","robots":{"index":"index","follow":"follow","max-snippet":"max-snippet:-1","max-image-preview":"max-image-preview:large","max-video-preview":"max-video-preview:-1"},"canonical":"https:\/\/kunmedierne.dk\/thy\/emily-fik-stoette-og-blev-glad-for-at-gaa-paa-gymnasiet\/","og_locale":"da_DK","og_type":"article","og_title":"Emily fik st\u00f8tte og blev glad for at g\u00e5 p\u00e5 gymnasiet - Thy","og_description":"THISTED: &#8211; Hvis jeg ikke havde haft Marie, var jeg droppet ud for l\u00e6ngst. S\u00e5dan lyder det smilende fra 19-\u00e5rige Emily, der i dag g\u00e5r i 2.g. p\u00e5 Thisted Gymnasium, STX og HF. Emily er en af de cirka 30 elever, der for tiden drager fordel af skolens trivselsvejleder, Marie Justesen. L\u00e6s interview med Marie [&hellip;]","og_url":"https:\/\/kunmedierne.dk\/thy\/emily-fik-stoette-og-blev-glad-for-at-gaa-paa-gymnasiet\/","og_site_name":"Thy","article_published_time":"2026-03-08T06:26:46+00:00","article_modified_time":"2026-03-08T11:51:29+00:00","author":"Lone L\u00e6rke Krog","twitter_card":"summary_large_image","twitter_misc":{"Skrevet af":"Lone L\u00e6rke Krog","Estimeret l\u00e6setid":"3 minutter"},"schema":{"@context":"https:\/\/schema.org","@graph":[{"@type":"Article","@id":"https:\/\/kunmedierne.dk\/thy\/emily-fik-stoette-og-blev-glad-for-at-gaa-paa-gymnasiet\/#article","isPartOf":{"@id":"https:\/\/kunmedierne.dk\/thy\/emily-fik-stoette-og-blev-glad-for-at-gaa-paa-gymnasiet\/"},"author":{"name":"Lone L\u00e6rke Krog","@id":"https:\/\/kunmedierne.dk\/thy\/#\/schema\/person\/d266634ba6550d075ecf540d63b245d2"},"headline":"Emily fik st\u00f8tte og blev glad for at g\u00e5 p\u00e5 gymnasiet","datePublished":"2026-03-08T06:26:46+00:00","dateModified":"2026-03-08T11:51:29+00:00","mainEntityOfPage":{"@id":"https:\/\/kunmedierne.dk\/thy\/emily-fik-stoette-og-blev-glad-for-at-gaa-paa-gymnasiet\/"},"wordCount":605,"publisher":{"@id":"https:\/\/kunmedierne.dk\/thy\/#organization"},"keywords":["Uddannelse","Ungdomsliv"],"articleSection":["Lokalt","Thyboerne"],"inLanguage":"da-DK"},{"@type":"WebPage","@id":"https:\/\/kunmedierne.dk\/thy\/emily-fik-stoette-og-blev-glad-for-at-gaa-paa-gymnasiet\/","url":"https:\/\/kunmedierne.dk\/thy\/emily-fik-stoette-og-blev-glad-for-at-gaa-paa-gymnasiet\/","name":"Emily fik st\u00f8tte og blev glad for at g\u00e5 p\u00e5 gymnasiet - Thy","isPartOf":{"@id":"https:\/\/kunmedierne.dk\/thy\/#website"},"datePublished":"2026-03-08T06:26:46+00:00","dateModified":"2026-03-08T11:51:29+00:00","breadcrumb":{"@id":"https:\/\/kunmedierne.dk\/thy\/emily-fik-stoette-og-blev-glad-for-at-gaa-paa-gymnasiet\/#breadcrumb"},"inLanguage":"da-DK","potentialAction":[{"@type":"ReadAction","target":["https:\/\/kunmedierne.dk\/thy\/emily-fik-stoette-og-blev-glad-for-at-gaa-paa-gymnasiet\/"]}]},{"@type":"BreadcrumbList","@id":"https:\/\/kunmedierne.dk\/thy\/emily-fik-stoette-og-blev-glad-for-at-gaa-paa-gymnasiet\/#breadcrumb","itemListElement":[{"@type":"ListItem","position":1,"name":"Home","item":"https:\/\/kunmedierne.dk\/thy\/"},{"@type":"ListItem","position":2,"name":"Emily fik st\u00f8tte og blev glad for at g\u00e5 p\u00e5 gymnasiet"}]},{"@type":"WebSite","@id":"https:\/\/kunmedierne.dk\/thy\/#website","url":"https:\/\/kunmedierne.dk\/thy\/","name":"Thy","description":"et netmedie med journalistik om livet i Thy","publisher":{"@id":"https:\/\/kunmedierne.dk\/thy\/#organization"},"potentialAction":[{"@type":"SearchAction","target":{"@type":"EntryPoint","urlTemplate":"https:\/\/kunmedierne.dk\/thy\/?s={search_term_string}"},"query-input":{"@type":"PropertyValueSpecification","valueRequired":true,"valueName":"search_term_string"}}],"inLanguage":"da-DK"},{"@type":"Organization","@id":"https:\/\/kunmedierne.dk\/thy\/#organization","name":"Thy","url":"https:\/\/kunmedierne.dk\/thy\/","logo":{"@type":"ImageObject","inLanguage":"da-DK","@id":"https:\/\/kunmedierne.dk\/thy\/#\/schema\/logo\/image\/","url":"https:\/\/kunmedierne.dk\/thy\/wp-content\/uploads\/sites\/2\/2025\/04\/kunthy-logo.svg","contentUrl":"https:\/\/kunmedierne.dk\/thy\/wp-content\/uploads\/sites\/2\/2025\/04\/kunthy-logo.svg","caption":"Thy"},"image":{"@id":"https:\/\/kunmedierne.dk\/thy\/#\/schema\/logo\/image\/"}},{"@type":"Person","@id":"https:\/\/kunmedierne.dk\/thy\/#\/schema\/person\/d266634ba6550d075ecf540d63b245d2","name":"Lone L\u00e6rke Krog","image":{"@type":"ImageObject","inLanguage":"da-DK","@id":"https:\/\/kunmedierne.dk\/thy\/#\/schema\/person\/image\/","url":"https:\/\/secure.gravatar.com\/avatar\/496ddc7080e56b4ac64cfd4e56bd6d1ee396fa3db1923aa22f11346f60bb135b?s=96&d=mm&r=g","contentUrl":"https:\/\/secure.gravatar.com\/avatar\/496ddc7080e56b4ac64cfd4e56bd6d1ee396fa3db1923aa22f11346f60bb135b?s=96&d=mm&r=g","caption":"Lone L\u00e6rke Krog"},"url":"https:\/\/kunmedierne.dk\/thy\/author\/llk\/"}]}},"_links":{"self":[{"href":"https:\/\/kunmedierne.dk\/thy\/wp-json\/wp\/v2\/posts\/18528","targetHints":{"allow":["GET"]}}],"collection":[{"href":"https:\/\/kunmedierne.dk\/thy\/wp-json\/wp\/v2\/posts"}],"about":[{"href":"https:\/\/kunmedierne.dk\/thy\/wp-json\/wp\/v2\/types\/post"}],"author":[{"embeddable":true,"href":"https:\/\/kunmedierne.dk\/thy\/wp-json\/wp\/v2\/users\/1925"}],"replies":[{"embeddable":true,"href":"https:\/\/kunmedierne.dk\/thy\/wp-json\/wp\/v2\/comments?post=18528"}],"version-history":[{"count":9,"href":"https:\/\/kunmedierne.dk\/thy\/wp-json\/wp\/v2\/posts\/18528\/revisions"}],"predecessor-version":[{"id":18596,"href":"https:\/\/kunmedierne.dk\/thy\/wp-json\/wp\/v2\/posts\/18528\/revisions\/18596"}],"wp:attachment":[{"href":"https:\/\/kunmedierne.dk\/thy\/wp-json\/wp\/v2\/media?parent=18528"}],"wp:term":[{"taxonomy":"category","embeddable":true,"href":"https:\/\/kunmedierne.dk\/thy\/wp-json\/wp\/v2\/categories?post=18528"},{"taxonomy":"post_tag","embeddable":true,"href":"https:\/\/kunmedierne.dk\/thy\/wp-json\/wp\/v2\/tags?post=18528"}],"curies":[{"name":"wp","href":"https:\/\/api.w.org\/{rel}","templated":true}]}}