{"id":18491,"date":"2026-03-06T17:20:17","date_gmt":"2026-03-06T16:20:17","guid":{"rendered":"https:\/\/kunmedierne.dk\/thy\/?p=18491"},"modified":"2026-03-06T10:20:39","modified_gmt":"2026-03-06T09:20:39","slug":"feggesund-faergen-nu-kommer-undersoegelsen-af-forbindelsens-nyttevaerdi","status":"publish","type":"post","link":"https:\/\/kunmedierne.dk\/thy\/feggesund-faergen-nu-kommer-undersoegelsen-af-forbindelsens-nyttevaerdi\/","title":{"rendered":"<span>Feggesund-f\u00e6rgen: <\/span>Nu kommer unders\u00f8gelsen af forbindelsens nyttev\u00e6rdi"},"content":{"rendered":"<p><strong>THISTED:\u00a0<\/strong>Et er at tr\u00e6ffe politisk beslutning om at lave en unders\u00f8gelse, noget andet er at sikre at unders\u00f8gelsen bliver lavet.<\/p>\n<p>Det er den situation, Thisted Kommune st\u00e5r i lige nu n\u00e5r det drejer sig om en beslutning truffet i kommunalbestyresen i maj 2023 om at gennemf\u00f8re en unders\u00f8gelse af Feggesundf\u00e6rgens nyttev\u00e6rdi.<\/p>\n<a class=\"dvrt-link\" onClick=\"cdmtrack_click(689,jQuery(this));return false\" href=\"https:\/\/www.thistedbolig.dk\"><img decoding=\"async\" style=\"width:100%;\" src=\"https:\/\/kunmedierne.dk\/thy\/wp-content\/uploads\/sites\/2\/2025\/03\/260414ThistedBoligApril-opslag-002-1.jpg\"><\/a><script>cdmtrack_view(689);<\/script>\n<p>Unders\u00f8gelsen er aldrig lavet. Det blev konstateret i forbindelse med den nuv\u00e6rende debat om Thisted Kommunes fortsatte engagement i f\u00e6rgeselskabet I\/S Mors-Thy F\u00e6rgefart, der driver f\u00e6rgeforbindelse p\u00e5 Feggesund.<\/p>\n<p>I n\u00e6ste uge skal kommunens udvalg for klima, milj\u00f8 og teknik tage stilling til to ting i forhold til den &#8220;glemte&#8221; unders\u00f8gelse. Dels om den skal laves, dels omfanget af unders\u00f8gelsen, hvis det besluttes at udarbejde den.<\/p>\n<p>Siger udvalget ja til at lave unders\u00f8gelsen, er der skitseret to muligheder. Den ene er at lave en simpel analyse af nyttev\u00e6rdien af forbindelsen over Feggesund, den anden er at lave en udvidet analyse, der ogs\u00e5 ser p\u00e5 forhold som oms\u00e6tning, turisme og bos\u00e6tning.<\/p>\n<a class=\"dvrt-link\" onClick=\"cdmtrack_click(18790,jQuery(this));return false\" href=\"https:\/\/thymors.dk\/sponsorater\/15-til-faellesskabet?utm_source=kunthy&amp;utm_medium=annonce&amp;utm_campaign=sponsorater\"><img decoding=\"async\" style=\"width:100%;\" src=\"https:\/\/kunmedierne.dk\/thy\/wp-content\/uploads\/sites\/2\/2026\/03\/260407ThyMors-energi_faellesskab_generel-1.jpg\"><\/a><script>cdmtrack_view(18790);<\/script>\n<p>I en simpel analyse skal der i f\u00f8lge sagsfremstillingen unders\u00f8ges forhold som hvem der bruger overfarten, hvor ofte og til hvilke form\u00e5l. En simpel unders\u00f8gelse skal ogs\u00e5 belyse konsekvenser af \u00e6ndringer i driften, indeholde trafikt\u00e6llinger og en sp\u00f8rgeskemaunders\u00f8gelse blandt brugerne ligesom en vurdering af alternativer, hvis forbindelsen nedl\u00e6gges, er blandt de forhold, der skal belyses.<\/p>\n<p>I en udvidet unders\u00f8gelse indg\u00e5r de samme forhold som i den simple unders\u00f8gelse, men herudover skal den ogs\u00e5 rumme en &#8220;helhedsorienteret analyse af Feggesund-overfartens samlede nyttev\u00e6rdi for Thisted Kommune og lokalsamfundet&#8221;, fremg\u00e5r det af sagsfremstillingen.<\/p>\n<p>Det omfatter ud over de forhold, der belyses i den simple unders\u00f8gelse ogs\u00e5 forbindelsens betydning for bos\u00e6tning og turisme, en erhvervsanalyse af oms\u00e6tning og lokal aktivitet knyttet til overfarten samt en samfunds\u00f8konomisk vurdering af forhold omkring forbindelsen hvis den henholdsvis opretholdes som nu, udvides, reduceres eller afvikles.<\/p>\n<a class=\"dvrt-link\" onClick=\"cdmtrack_click(687,jQuery(this));return false\" href=\"https:\/\/konpap.dk\/?gad_source=1&gclid=Cj0KCQjwtJ6_BhDWARIsAGanmKfOBLC3RBm6obWL5sEb-mp4bsp5QjqWW4j4nx22y0YT2iMiXJcv3MoaApR_EALw_wcB\"><img decoding=\"async\" style=\"width:100%;\" src=\"https:\/\/kunmedierne.dk\/thy\/wp-content\/uploads\/sites\/2\/2025\/03\/redoffice.jpg\"><\/a><script>cdmtrack_view(687);<\/script>\n<p>En simpel analyse vil resultere i en kort rapport p\u00e5 op til 10 sider med hovedresultater og vurdering af daglig nyttev\u00e6rdi. Den kan laves p\u00e5 cirka otte uger for en udgift p\u00e5 cirka 50.000 kroner.<\/p>\n<p>Prisen p\u00e5 en udvidet unders\u00f8gelse bliver cirka 300.000 kroner. For de penge laves en rapport p\u00e5 op til 40 sider. Arbejdet med at lave rapporten vil tage cirka fire m\u00e5neder.<\/p>\n","protected":false},"excerpt":{"rendered":"<p>THISTED:\u00a0Et er at tr\u00e6ffe politisk beslutning om at lave en unders\u00f8gelse, noget andet er at sikre at unders\u00f8gelsen bliver lavet. Det er den situation, Thisted Kommune st\u00e5r i lige nu n\u00e5r det drejer sig om en beslutning truffet i kommunalbestyresen i maj 2023 om at gennemf\u00f8re en unders\u00f8gelse af Feggesundf\u00e6rgens nyttev\u00e6rdi. Unders\u00f8gelsen er aldrig lavet. [&hellip;]<\/p>\n","protected":false},"author":4535,"featured_media":0,"comment_status":"closed","ping_status":"closed","sticky":false,"template":"","format":"standard","meta":{"_acf_changed":false,"footnotes":""},"categories":[24],"tags":[37,62],"class_list":["post-18491","post","type-post","status-publish","format-standard","hentry","category-lokalt","tag-kommunalpolitik","tag-trafik"],"acf":[],"yoast_head":"<!-- This site is optimized with the Yoast SEO plugin v26.8 - https:\/\/yoast.com\/product\/yoast-seo-wordpress\/ -->\n<title>Feggesund-f\u00e6rgen: Nu kommer unders\u00f8gelsen af forbindelsens nyttev\u00e6rdi - Thy<\/title>\n<meta name=\"robots\" content=\"index, follow, max-snippet:-1, max-image-preview:large, max-video-preview:-1\" \/>\n<link rel=\"canonical\" href=\"https:\/\/kunmedierne.dk\/thy\/feggesund-faergen-nu-kommer-undersoegelsen-af-forbindelsens-nyttevaerdi\/\" \/>\n<meta property=\"og:locale\" content=\"da_DK\" \/>\n<meta property=\"og:type\" content=\"article\" \/>\n<meta property=\"og:title\" content=\"Feggesund-f\u00e6rgen: Nu kommer unders\u00f8gelsen af forbindelsens nyttev\u00e6rdi - Thy\" \/>\n<meta property=\"og:description\" content=\"THISTED:\u00a0Et er at tr\u00e6ffe politisk beslutning om at lave en unders\u00f8gelse, noget andet er at sikre at unders\u00f8gelsen bliver lavet. Det er den situation, Thisted Kommune st\u00e5r i lige nu n\u00e5r det drejer sig om en beslutning truffet i kommunalbestyresen i maj 2023 om at gennemf\u00f8re en unders\u00f8gelse af Feggesundf\u00e6rgens nyttev\u00e6rdi. Unders\u00f8gelsen er aldrig lavet. [&hellip;]\" \/>\n<meta property=\"og:url\" content=\"https:\/\/kunmedierne.dk\/thy\/feggesund-faergen-nu-kommer-undersoegelsen-af-forbindelsens-nyttevaerdi\/\" \/>\n<meta property=\"og:site_name\" content=\"Thy\" \/>\n<meta property=\"article:published_time\" content=\"2026-03-06T16:20:17+00:00\" \/>\n<meta name=\"author\" content=\"Jens Fogh Andersen\" \/>\n<meta name=\"twitter:card\" content=\"summary_large_image\" \/>\n<meta name=\"twitter:label1\" content=\"Skrevet af\" \/>\n\t<meta name=\"twitter:data1\" content=\"Jens Fogh Andersen\" \/>\n\t<meta name=\"twitter:label2\" content=\"Estimeret l\u00e6setid\" \/>\n\t<meta name=\"twitter:data2\" content=\"3 minutter\" \/>\n<script type=\"application\/ld+json\" class=\"yoast-schema-graph\">{\"@context\":\"https:\/\/schema.org\",\"@graph\":[{\"@type\":\"Article\",\"@id\":\"https:\/\/kunmedierne.dk\/thy\/feggesund-faergen-nu-kommer-undersoegelsen-af-forbindelsens-nyttevaerdi\/#article\",\"isPartOf\":{\"@id\":\"https:\/\/kunmedierne.dk\/thy\/feggesund-faergen-nu-kommer-undersoegelsen-af-forbindelsens-nyttevaerdi\/\"},\"author\":{\"name\":\"Jens Fogh Andersen\",\"@id\":\"https:\/\/kunmedierne.dk\/thy\/#\/schema\/person\/88f5be46809ca2a5533760eb574fef93\"},\"headline\":\"Feggesund-f\u00e6rgen: Nu kommer unders\u00f8gelsen af forbindelsens nyttev\u00e6rdi\",\"datePublished\":\"2026-03-06T16:20:17+00:00\",\"mainEntityOfPage\":{\"@id\":\"https:\/\/kunmedierne.dk\/thy\/feggesund-faergen-nu-kommer-undersoegelsen-af-forbindelsens-nyttevaerdi\/\"},\"wordCount\":416,\"publisher\":{\"@id\":\"https:\/\/kunmedierne.dk\/thy\/#organization\"},\"keywords\":[\"Kommunalpolitik\",\"Trafik\"],\"articleSection\":[\"Lokalt\"],\"inLanguage\":\"da-DK\"},{\"@type\":\"WebPage\",\"@id\":\"https:\/\/kunmedierne.dk\/thy\/feggesund-faergen-nu-kommer-undersoegelsen-af-forbindelsens-nyttevaerdi\/\",\"url\":\"https:\/\/kunmedierne.dk\/thy\/feggesund-faergen-nu-kommer-undersoegelsen-af-forbindelsens-nyttevaerdi\/\",\"name\":\"Feggesund-f\u00e6rgen: Nu kommer unders\u00f8gelsen af forbindelsens nyttev\u00e6rdi - Thy\",\"isPartOf\":{\"@id\":\"https:\/\/kunmedierne.dk\/thy\/#website\"},\"datePublished\":\"2026-03-06T16:20:17+00:00\",\"breadcrumb\":{\"@id\":\"https:\/\/kunmedierne.dk\/thy\/feggesund-faergen-nu-kommer-undersoegelsen-af-forbindelsens-nyttevaerdi\/#breadcrumb\"},\"inLanguage\":\"da-DK\",\"potentialAction\":[{\"@type\":\"ReadAction\",\"target\":[\"https:\/\/kunmedierne.dk\/thy\/feggesund-faergen-nu-kommer-undersoegelsen-af-forbindelsens-nyttevaerdi\/\"]}]},{\"@type\":\"BreadcrumbList\",\"@id\":\"https:\/\/kunmedierne.dk\/thy\/feggesund-faergen-nu-kommer-undersoegelsen-af-forbindelsens-nyttevaerdi\/#breadcrumb\",\"itemListElement\":[{\"@type\":\"ListItem\",\"position\":1,\"name\":\"Home\",\"item\":\"https:\/\/kunmedierne.dk\/thy\/\"},{\"@type\":\"ListItem\",\"position\":2,\"name\":\"Feggesund-f\u00e6rgen: Nu kommer unders\u00f8gelsen af forbindelsens nyttev\u00e6rdi\"}]},{\"@type\":\"WebSite\",\"@id\":\"https:\/\/kunmedierne.dk\/thy\/#website\",\"url\":\"https:\/\/kunmedierne.dk\/thy\/\",\"name\":\"Thy\",\"description\":\"et netmedie med journalistik om livet i Thy\",\"publisher\":{\"@id\":\"https:\/\/kunmedierne.dk\/thy\/#organization\"},\"potentialAction\":[{\"@type\":\"SearchAction\",\"target\":{\"@type\":\"EntryPoint\",\"urlTemplate\":\"https:\/\/kunmedierne.dk\/thy\/?s={search_term_string}\"},\"query-input\":{\"@type\":\"PropertyValueSpecification\",\"valueRequired\":true,\"valueName\":\"search_term_string\"}}],\"inLanguage\":\"da-DK\"},{\"@type\":\"Organization\",\"@id\":\"https:\/\/kunmedierne.dk\/thy\/#organization\",\"name\":\"Thy\",\"url\":\"https:\/\/kunmedierne.dk\/thy\/\",\"logo\":{\"@type\":\"ImageObject\",\"inLanguage\":\"da-DK\",\"@id\":\"https:\/\/kunmedierne.dk\/thy\/#\/schema\/logo\/image\/\",\"url\":\"https:\/\/kunmedierne.dk\/thy\/wp-content\/uploads\/sites\/2\/2025\/04\/kunthy-logo.svg\",\"contentUrl\":\"https:\/\/kunmedierne.dk\/thy\/wp-content\/uploads\/sites\/2\/2025\/04\/kunthy-logo.svg\",\"caption\":\"Thy\"},\"image\":{\"@id\":\"https:\/\/kunmedierne.dk\/thy\/#\/schema\/logo\/image\/\"}},{\"@type\":\"Person\",\"@id\":\"https:\/\/kunmedierne.dk\/thy\/#\/schema\/person\/88f5be46809ca2a5533760eb574fef93\",\"name\":\"Jens Fogh Andersen\",\"image\":{\"@type\":\"ImageObject\",\"inLanguage\":\"da-DK\",\"@id\":\"https:\/\/kunmedierne.dk\/thy\/#\/schema\/person\/image\/\",\"url\":\"https:\/\/secure.gravatar.com\/avatar\/2b367a4ef139b1c41dccc9ee7af926b81f8b4cca3359772e86c7fd5ced26c0a3?s=96&d=mm&r=g\",\"contentUrl\":\"https:\/\/secure.gravatar.com\/avatar\/2b367a4ef139b1c41dccc9ee7af926b81f8b4cca3359772e86c7fd5ced26c0a3?s=96&d=mm&r=g\",\"caption\":\"Jens Fogh Andersen\"},\"url\":\"https:\/\/kunmedierne.dk\/thy\/author\/jfa\/\"}]}<\/script>\n<!-- \/ Yoast SEO plugin. -->","yoast_head_json":{"title":"Feggesund-f\u00e6rgen: Nu kommer unders\u00f8gelsen af forbindelsens nyttev\u00e6rdi - Thy","robots":{"index":"index","follow":"follow","max-snippet":"max-snippet:-1","max-image-preview":"max-image-preview:large","max-video-preview":"max-video-preview:-1"},"canonical":"https:\/\/kunmedierne.dk\/thy\/feggesund-faergen-nu-kommer-undersoegelsen-af-forbindelsens-nyttevaerdi\/","og_locale":"da_DK","og_type":"article","og_title":"Feggesund-f\u00e6rgen: Nu kommer unders\u00f8gelsen af forbindelsens nyttev\u00e6rdi - Thy","og_description":"THISTED:\u00a0Et er at tr\u00e6ffe politisk beslutning om at lave en unders\u00f8gelse, noget andet er at sikre at unders\u00f8gelsen bliver lavet. Det er den situation, Thisted Kommune st\u00e5r i lige nu n\u00e5r det drejer sig om en beslutning truffet i kommunalbestyresen i maj 2023 om at gennemf\u00f8re en unders\u00f8gelse af Feggesundf\u00e6rgens nyttev\u00e6rdi. Unders\u00f8gelsen er aldrig lavet. [&hellip;]","og_url":"https:\/\/kunmedierne.dk\/thy\/feggesund-faergen-nu-kommer-undersoegelsen-af-forbindelsens-nyttevaerdi\/","og_site_name":"Thy","article_published_time":"2026-03-06T16:20:17+00:00","author":"Jens Fogh Andersen","twitter_card":"summary_large_image","twitter_misc":{"Skrevet af":"Jens Fogh Andersen","Estimeret l\u00e6setid":"3 minutter"},"schema":{"@context":"https:\/\/schema.org","@graph":[{"@type":"Article","@id":"https:\/\/kunmedierne.dk\/thy\/feggesund-faergen-nu-kommer-undersoegelsen-af-forbindelsens-nyttevaerdi\/#article","isPartOf":{"@id":"https:\/\/kunmedierne.dk\/thy\/feggesund-faergen-nu-kommer-undersoegelsen-af-forbindelsens-nyttevaerdi\/"},"author":{"name":"Jens Fogh Andersen","@id":"https:\/\/kunmedierne.dk\/thy\/#\/schema\/person\/88f5be46809ca2a5533760eb574fef93"},"headline":"Feggesund-f\u00e6rgen: Nu kommer unders\u00f8gelsen af forbindelsens nyttev\u00e6rdi","datePublished":"2026-03-06T16:20:17+00:00","mainEntityOfPage":{"@id":"https:\/\/kunmedierne.dk\/thy\/feggesund-faergen-nu-kommer-undersoegelsen-af-forbindelsens-nyttevaerdi\/"},"wordCount":416,"publisher":{"@id":"https:\/\/kunmedierne.dk\/thy\/#organization"},"keywords":["Kommunalpolitik","Trafik"],"articleSection":["Lokalt"],"inLanguage":"da-DK"},{"@type":"WebPage","@id":"https:\/\/kunmedierne.dk\/thy\/feggesund-faergen-nu-kommer-undersoegelsen-af-forbindelsens-nyttevaerdi\/","url":"https:\/\/kunmedierne.dk\/thy\/feggesund-faergen-nu-kommer-undersoegelsen-af-forbindelsens-nyttevaerdi\/","name":"Feggesund-f\u00e6rgen: Nu kommer unders\u00f8gelsen af forbindelsens nyttev\u00e6rdi - Thy","isPartOf":{"@id":"https:\/\/kunmedierne.dk\/thy\/#website"},"datePublished":"2026-03-06T16:20:17+00:00","breadcrumb":{"@id":"https:\/\/kunmedierne.dk\/thy\/feggesund-faergen-nu-kommer-undersoegelsen-af-forbindelsens-nyttevaerdi\/#breadcrumb"},"inLanguage":"da-DK","potentialAction":[{"@type":"ReadAction","target":["https:\/\/kunmedierne.dk\/thy\/feggesund-faergen-nu-kommer-undersoegelsen-af-forbindelsens-nyttevaerdi\/"]}]},{"@type":"BreadcrumbList","@id":"https:\/\/kunmedierne.dk\/thy\/feggesund-faergen-nu-kommer-undersoegelsen-af-forbindelsens-nyttevaerdi\/#breadcrumb","itemListElement":[{"@type":"ListItem","position":1,"name":"Home","item":"https:\/\/kunmedierne.dk\/thy\/"},{"@type":"ListItem","position":2,"name":"Feggesund-f\u00e6rgen: Nu kommer unders\u00f8gelsen af forbindelsens nyttev\u00e6rdi"}]},{"@type":"WebSite","@id":"https:\/\/kunmedierne.dk\/thy\/#website","url":"https:\/\/kunmedierne.dk\/thy\/","name":"Thy","description":"et netmedie med journalistik om livet i Thy","publisher":{"@id":"https:\/\/kunmedierne.dk\/thy\/#organization"},"potentialAction":[{"@type":"SearchAction","target":{"@type":"EntryPoint","urlTemplate":"https:\/\/kunmedierne.dk\/thy\/?s={search_term_string}"},"query-input":{"@type":"PropertyValueSpecification","valueRequired":true,"valueName":"search_term_string"}}],"inLanguage":"da-DK"},{"@type":"Organization","@id":"https:\/\/kunmedierne.dk\/thy\/#organization","name":"Thy","url":"https:\/\/kunmedierne.dk\/thy\/","logo":{"@type":"ImageObject","inLanguage":"da-DK","@id":"https:\/\/kunmedierne.dk\/thy\/#\/schema\/logo\/image\/","url":"https:\/\/kunmedierne.dk\/thy\/wp-content\/uploads\/sites\/2\/2025\/04\/kunthy-logo.svg","contentUrl":"https:\/\/kunmedierne.dk\/thy\/wp-content\/uploads\/sites\/2\/2025\/04\/kunthy-logo.svg","caption":"Thy"},"image":{"@id":"https:\/\/kunmedierne.dk\/thy\/#\/schema\/logo\/image\/"}},{"@type":"Person","@id":"https:\/\/kunmedierne.dk\/thy\/#\/schema\/person\/88f5be46809ca2a5533760eb574fef93","name":"Jens Fogh Andersen","image":{"@type":"ImageObject","inLanguage":"da-DK","@id":"https:\/\/kunmedierne.dk\/thy\/#\/schema\/person\/image\/","url":"https:\/\/secure.gravatar.com\/avatar\/2b367a4ef139b1c41dccc9ee7af926b81f8b4cca3359772e86c7fd5ced26c0a3?s=96&d=mm&r=g","contentUrl":"https:\/\/secure.gravatar.com\/avatar\/2b367a4ef139b1c41dccc9ee7af926b81f8b4cca3359772e86c7fd5ced26c0a3?s=96&d=mm&r=g","caption":"Jens Fogh Andersen"},"url":"https:\/\/kunmedierne.dk\/thy\/author\/jfa\/"}]}},"_links":{"self":[{"href":"https:\/\/kunmedierne.dk\/thy\/wp-json\/wp\/v2\/posts\/18491","targetHints":{"allow":["GET"]}}],"collection":[{"href":"https:\/\/kunmedierne.dk\/thy\/wp-json\/wp\/v2\/posts"}],"about":[{"href":"https:\/\/kunmedierne.dk\/thy\/wp-json\/wp\/v2\/types\/post"}],"author":[{"embeddable":true,"href":"https:\/\/kunmedierne.dk\/thy\/wp-json\/wp\/v2\/users\/4535"}],"replies":[{"embeddable":true,"href":"https:\/\/kunmedierne.dk\/thy\/wp-json\/wp\/v2\/comments?post=18491"}],"version-history":[{"count":9,"href":"https:\/\/kunmedierne.dk\/thy\/wp-json\/wp\/v2\/posts\/18491\/revisions"}],"predecessor-version":[{"id":18503,"href":"https:\/\/kunmedierne.dk\/thy\/wp-json\/wp\/v2\/posts\/18491\/revisions\/18503"}],"wp:attachment":[{"href":"https:\/\/kunmedierne.dk\/thy\/wp-json\/wp\/v2\/media?parent=18491"}],"wp:term":[{"taxonomy":"category","embeddable":true,"href":"https:\/\/kunmedierne.dk\/thy\/wp-json\/wp\/v2\/categories?post=18491"},{"taxonomy":"post_tag","embeddable":true,"href":"https:\/\/kunmedierne.dk\/thy\/wp-json\/wp\/v2\/tags?post=18491"}],"curies":[{"name":"wp","href":"https:\/\/api.w.org\/{rel}","templated":true}]}}