{"id":18489,"date":"2026-03-10T15:19:59","date_gmt":"2026-03-10T14:19:59","guid":{"rendered":"https:\/\/kunmedierne.dk\/thy\/?p=18489"},"modified":"2026-03-10T15:19:59","modified_gmt":"2026-03-10T14:19:59","slug":"borgere-i-thisted-kommunens-indsats-paa-beskaeftigelsesomraadet-er-ok","status":"publish","type":"post","link":"https:\/\/kunmedierne.dk\/thy\/borgere-i-thisted-kommunens-indsats-paa-beskaeftigelsesomraadet-er-ok\/","title":{"rendered":"<span>Borgere i Thisted: <\/span>Kommunens indsats p\u00e5 besk\u00e6ftigelsesomr\u00e5det er OK"},"content":{"rendered":"<p><strong>THISTED:<\/strong> I efter\u00e5ret 2025 gennemf\u00f8rte Kommunernes Landsforening (KL) i samarbejde med 29 kommuner en tv\u00e6rkommunal borgerunders\u00f8gelse p\u00e5 besk\u00e6ftigelsesomr\u00e5det. En af kommunerne er Thisted, hvor KL udsendte sp\u00f8rgeskemaer til 892 borgere med sp\u00f8rgsm\u00e5l om deres oplevelse af kommunens Jobcenter.<\/p>\n<a class=\"dvrt-link\" onClick=\"cdmtrack_click(1130,jQuery(this));return false\" href=\"https:\/\/www.thistedforsikring.dk\/?utm_source=partnerskaber&amp;utm_campaign=kun_thy\"><img decoding=\"async\" style=\"width:100%;\" src=\"https:\/\/kunmedierne.dk\/thy\/wp-content\/uploads\/sites\/2\/2025\/04\/260409KunThyThisted-For-1.png\"><\/a><script>cdmtrack_view(1130);<\/script>\n<p>36 procent af dem, der havde muligheden, besvarede sp\u00f8rgeskemaet, det er 0,7 procent over gennemsnittet for unders\u00f8gelsen i samtlige medvirkende kommuner.<\/p>\n<p>Unders\u00f8gelsen viser, at den overordnede tilfredshed ed forl\u00f8bet i Jobcentret blandt de borgere i Thisted Kommune, der deltog i unders\u00f8gelsen, er h\u00f8j.<\/p>\n<p>34 procent er tilfredse, mens 26 procent er meget tilfredse med deres forl\u00f8b p\u00e5 Jobcentret. 24 procent udtrykker, at de enten er utilfredse eller meget utilfredse. I den samlede besvarelse fra alle deltagere i unders\u00f8gelsen er 34 procent tilfredse, mens 28 procent er meget tilfredse. 20 procent er utilfredse eller meget utilfredse.<\/p>\n<a class=\"dvrt-link\" onClick=\"cdmtrack_click(4416,jQuery(this));return false\" href=\"https:\/\/sdrhaa.dk\/\"><img decoding=\"async\" style=\"width:100%;\" src=\"https:\/\/kunmedierne.dk\/thy\/wp-content\/uploads\/sites\/2\/2025\/05\/260302Din-gebyrvenlige-sparekasse_SHS_Thy-1.gif\"><\/a><script>cdmtrack_view(4416);<\/script>\n<p>P\u00e5 det seneste m\u00f8de i kommunens udvalg for erhverv-, arbejdsmarked-, turisme- og landdistrikter blev unders\u00f8gelsens resultater taget til efterretning, men udvalget besluttede ogs\u00e5, at unders\u00f8gelsen, der koster 20.000 kroner plus moms at lave, ikke skal gentages i 2026.<\/p>\n<div id=\"attachment_13753\" style=\"width: 1242px\" class=\"wp-caption alignnone\"><img loading=\"lazy\" decoding=\"async\" aria-describedby=\"caption-attachment-13753\" class=\"wp-image-13753 size-full\" src=\"https:\/\/kunmedierne.dk\/thy\/wp-content\/uploads\/sites\/2\/2025\/11\/Design-uden-navn-2025-11-24T093822.088.jpg\" alt=\"\" width=\"1232\" height=\"821\" srcset=\"https:\/\/kunmedierne.dk\/thy\/wp-content\/uploads\/sites\/2\/2025\/11\/Design-uden-navn-2025-11-24T093822.088.jpg 1232w, https:\/\/kunmedierne.dk\/thy\/wp-content\/uploads\/sites\/2\/2025\/11\/Design-uden-navn-2025-11-24T093822.088-300x200.jpg 300w, https:\/\/kunmedierne.dk\/thy\/wp-content\/uploads\/sites\/2\/2025\/11\/Design-uden-navn-2025-11-24T093822.088-1024x682.jpg 1024w, https:\/\/kunmedierne.dk\/thy\/wp-content\/uploads\/sites\/2\/2025\/11\/Design-uden-navn-2025-11-24T093822.088-510x340.jpg 510w\" sizes=\"auto, (max-width: 1232px) 100vw, 1232px\" \/><p id=\"caption-attachment-13753\" class=\"wp-caption-text\">Udvalgsformand Dorrit K\u00e6rgaard, DD, ser ingen mening i at gennemf\u00f8re en ny unders\u00f8gelse af tilfredsheden med et system, der er under forandring som f\u00f8lge af besk\u00e6ftigelsesreformen.<\/p><\/div>\n<p>&nbsp;<\/p>\n<p>I en lignende unders\u00f8gelse af virksomhedernes tilfredshed med samarbejdet med Thisted Kommunes Jobcenter, blev der ogs\u00e5 givet udtryk for tilfredshed. Den unders\u00f8gelse gennemf\u00f8res heller ikke i \u00e5r.<\/p>\n<a class=\"dvrt-link\" onClick=\"cdmtrack_click(687,jQuery(this));return false\" href=\"https:\/\/konpap.dk\/?gad_source=1&gclid=Cj0KCQjwtJ6_BhDWARIsAGanmKfOBLC3RBm6obWL5sEb-mp4bsp5QjqWW4j4nx22y0YT2iMiXJcv3MoaApR_EALw_wcB\"><img decoding=\"async\" style=\"width:100%;\" src=\"https:\/\/kunmedierne.dk\/thy\/wp-content\/uploads\/sites\/2\/2025\/03\/redoffice.jpg\"><\/a><script>cdmtrack_view(687);<\/script>\n<p>&#8211; Ingen unders\u00f8gelser er ligegyldige. Hvis de var det, blev de ikke lavet, men lige nu er hele besk\u00e6ftigelsesomr\u00e5det under kraftig forandring. I 2027 st\u00e5r vi med et helt nyt system som afl\u00f8ser det nuv\u00e6rende, og i det lys mener vi ikke, det giver mening at bruge penge p\u00e5 endnu en unders\u00f8gelse af brugernes tilfredshed med et system, der ikke l\u00e6ngere findes, n\u00e5r engang vi har unders\u00f8gelsens resultater. For s\u00e5 vil vi st\u00e5 med en ligegyldig unders\u00f8gelse og det vil v\u00e6re spild af ressourcer at bruge penge p\u00e5 det, siger udvalgsformand Dorrit K\u00e6rgaard, DD.<\/p>\n<p>I 2027 vil den besk\u00e6ftigelsesreform, Folketinget vedtog i 2025, v\u00e6re fuldt implementeret.<\/p>\n","protected":false},"excerpt":{"rendered":"<p>THISTED: I efter\u00e5ret 2025 gennemf\u00f8rte Kommunernes Landsforening (KL) i samarbejde med 29 kommuner en tv\u00e6rkommunal borgerunders\u00f8gelse p\u00e5 besk\u00e6ftigelsesomr\u00e5det. En af kommunerne er Thisted, hvor KL udsendte sp\u00f8rgeskemaer til 892 borgere med sp\u00f8rgsm\u00e5l om deres oplevelse af kommunens Jobcenter. 36 procent af dem, der havde muligheden, besvarede sp\u00f8rgeskemaet, det er 0,7 procent over gennemsnittet for unders\u00f8gelsen [&hellip;]<\/p>\n","protected":false},"author":4535,"featured_media":0,"comment_status":"closed","ping_status":"closed","sticky":false,"template":"","format":"standard","meta":{"_acf_changed":false,"footnotes":""},"categories":[24],"tags":[72],"class_list":["post-18489","post","type-post","status-publish","format-standard","hentry","category-lokalt","tag-arbejdsmarked"],"acf":[],"yoast_head":"<!-- This site is optimized with the Yoast SEO plugin v26.8 - https:\/\/yoast.com\/product\/yoast-seo-wordpress\/ -->\n<title>Borgere i Thisted: Kommunens indsats p\u00e5 besk\u00e6ftigelsesomr\u00e5det er OK - Thy<\/title>\n<meta name=\"robots\" content=\"index, follow, max-snippet:-1, max-image-preview:large, max-video-preview:-1\" \/>\n<link rel=\"canonical\" href=\"https:\/\/kunmedierne.dk\/thy\/borgere-i-thisted-kommunens-indsats-paa-beskaeftigelsesomraadet-er-ok\/\" \/>\n<meta property=\"og:locale\" content=\"da_DK\" \/>\n<meta property=\"og:type\" content=\"article\" \/>\n<meta property=\"og:title\" content=\"Borgere i Thisted: Kommunens indsats p\u00e5 besk\u00e6ftigelsesomr\u00e5det er OK - Thy\" \/>\n<meta property=\"og:description\" content=\"THISTED: I efter\u00e5ret 2025 gennemf\u00f8rte Kommunernes Landsforening (KL) i samarbejde med 29 kommuner en tv\u00e6rkommunal borgerunders\u00f8gelse p\u00e5 besk\u00e6ftigelsesomr\u00e5det. En af kommunerne er Thisted, hvor KL udsendte sp\u00f8rgeskemaer til 892 borgere med sp\u00f8rgsm\u00e5l om deres oplevelse af kommunens Jobcenter. 36 procent af dem, der havde muligheden, besvarede sp\u00f8rgeskemaet, det er 0,7 procent over gennemsnittet for unders\u00f8gelsen [&hellip;]\" \/>\n<meta property=\"og:url\" content=\"https:\/\/kunmedierne.dk\/thy\/borgere-i-thisted-kommunens-indsats-paa-beskaeftigelsesomraadet-er-ok\/\" \/>\n<meta property=\"og:site_name\" content=\"Thy\" \/>\n<meta property=\"article:published_time\" content=\"2026-03-10T14:19:59+00:00\" \/>\n<meta property=\"og:image\" content=\"https:\/\/kunmedierne.dk\/thy\/wp-content\/uploads\/sites\/2\/2025\/11\/Design-uden-navn-2025-11-24T093822.088.jpg\" \/>\n<meta name=\"author\" content=\"Jens Fogh Andersen\" \/>\n<meta name=\"twitter:card\" content=\"summary_large_image\" \/>\n<meta name=\"twitter:label1\" content=\"Skrevet af\" \/>\n\t<meta name=\"twitter:data1\" content=\"Jens Fogh Andersen\" \/>\n\t<meta name=\"twitter:label2\" content=\"Estimeret l\u00e6setid\" \/>\n\t<meta name=\"twitter:data2\" content=\"3 minutter\" \/>\n<script type=\"application\/ld+json\" class=\"yoast-schema-graph\">{\"@context\":\"https:\/\/schema.org\",\"@graph\":[{\"@type\":\"Article\",\"@id\":\"https:\/\/kunmedierne.dk\/thy\/borgere-i-thisted-kommunens-indsats-paa-beskaeftigelsesomraadet-er-ok\/#article\",\"isPartOf\":{\"@id\":\"https:\/\/kunmedierne.dk\/thy\/borgere-i-thisted-kommunens-indsats-paa-beskaeftigelsesomraadet-er-ok\/\"},\"author\":{\"name\":\"Jens Fogh Andersen\",\"@id\":\"https:\/\/kunmedierne.dk\/thy\/#\/schema\/person\/88f5be46809ca2a5533760eb574fef93\"},\"headline\":\"Borgere i Thisted: Kommunens indsats p\u00e5 besk\u00e6ftigelsesomr\u00e5det er OK\",\"datePublished\":\"2026-03-10T14:19:59+00:00\",\"mainEntityOfPage\":{\"@id\":\"https:\/\/kunmedierne.dk\/thy\/borgere-i-thisted-kommunens-indsats-paa-beskaeftigelsesomraadet-er-ok\/\"},\"wordCount\":382,\"publisher\":{\"@id\":\"https:\/\/kunmedierne.dk\/thy\/#organization\"},\"image\":{\"@id\":\"https:\/\/kunmedierne.dk\/thy\/borgere-i-thisted-kommunens-indsats-paa-beskaeftigelsesomraadet-er-ok\/#primaryimage\"},\"thumbnailUrl\":\"https:\/\/kunmedierne.dk\/thy\/wp-content\/uploads\/sites\/2\/2025\/11\/Design-uden-navn-2025-11-24T093822.088.jpg\",\"keywords\":[\"Arbejdsmarked\"],\"articleSection\":[\"Lokalt\"],\"inLanguage\":\"da-DK\"},{\"@type\":\"WebPage\",\"@id\":\"https:\/\/kunmedierne.dk\/thy\/borgere-i-thisted-kommunens-indsats-paa-beskaeftigelsesomraadet-er-ok\/\",\"url\":\"https:\/\/kunmedierne.dk\/thy\/borgere-i-thisted-kommunens-indsats-paa-beskaeftigelsesomraadet-er-ok\/\",\"name\":\"Borgere i Thisted: Kommunens indsats p\u00e5 besk\u00e6ftigelsesomr\u00e5det er OK - Thy\",\"isPartOf\":{\"@id\":\"https:\/\/kunmedierne.dk\/thy\/#website\"},\"primaryImageOfPage\":{\"@id\":\"https:\/\/kunmedierne.dk\/thy\/borgere-i-thisted-kommunens-indsats-paa-beskaeftigelsesomraadet-er-ok\/#primaryimage\"},\"image\":{\"@id\":\"https:\/\/kunmedierne.dk\/thy\/borgere-i-thisted-kommunens-indsats-paa-beskaeftigelsesomraadet-er-ok\/#primaryimage\"},\"thumbnailUrl\":\"https:\/\/kunmedierne.dk\/thy\/wp-content\/uploads\/sites\/2\/2025\/11\/Design-uden-navn-2025-11-24T093822.088.jpg\",\"datePublished\":\"2026-03-10T14:19:59+00:00\",\"breadcrumb\":{\"@id\":\"https:\/\/kunmedierne.dk\/thy\/borgere-i-thisted-kommunens-indsats-paa-beskaeftigelsesomraadet-er-ok\/#breadcrumb\"},\"inLanguage\":\"da-DK\",\"potentialAction\":[{\"@type\":\"ReadAction\",\"target\":[\"https:\/\/kunmedierne.dk\/thy\/borgere-i-thisted-kommunens-indsats-paa-beskaeftigelsesomraadet-er-ok\/\"]}]},{\"@type\":\"ImageObject\",\"inLanguage\":\"da-DK\",\"@id\":\"https:\/\/kunmedierne.dk\/thy\/borgere-i-thisted-kommunens-indsats-paa-beskaeftigelsesomraadet-er-ok\/#primaryimage\",\"url\":\"https:\/\/kunmedierne.dk\/thy\/wp-content\/uploads\/sites\/2\/2025\/11\/Design-uden-navn-2025-11-24T093822.088.jpg\",\"contentUrl\":\"https:\/\/kunmedierne.dk\/thy\/wp-content\/uploads\/sites\/2\/2025\/11\/Design-uden-navn-2025-11-24T093822.088.jpg\",\"width\":1232,\"height\":821},{\"@type\":\"BreadcrumbList\",\"@id\":\"https:\/\/kunmedierne.dk\/thy\/borgere-i-thisted-kommunens-indsats-paa-beskaeftigelsesomraadet-er-ok\/#breadcrumb\",\"itemListElement\":[{\"@type\":\"ListItem\",\"position\":1,\"name\":\"Home\",\"item\":\"https:\/\/kunmedierne.dk\/thy\/\"},{\"@type\":\"ListItem\",\"position\":2,\"name\":\"Borgere i Thisted: Kommunens indsats p\u00e5 besk\u00e6ftigelsesomr\u00e5det er OK\"}]},{\"@type\":\"WebSite\",\"@id\":\"https:\/\/kunmedierne.dk\/thy\/#website\",\"url\":\"https:\/\/kunmedierne.dk\/thy\/\",\"name\":\"Thy\",\"description\":\"et netmedie med journalistik om livet i Thy\",\"publisher\":{\"@id\":\"https:\/\/kunmedierne.dk\/thy\/#organization\"},\"potentialAction\":[{\"@type\":\"SearchAction\",\"target\":{\"@type\":\"EntryPoint\",\"urlTemplate\":\"https:\/\/kunmedierne.dk\/thy\/?s={search_term_string}\"},\"query-input\":{\"@type\":\"PropertyValueSpecification\",\"valueRequired\":true,\"valueName\":\"search_term_string\"}}],\"inLanguage\":\"da-DK\"},{\"@type\":\"Organization\",\"@id\":\"https:\/\/kunmedierne.dk\/thy\/#organization\",\"name\":\"Thy\",\"url\":\"https:\/\/kunmedierne.dk\/thy\/\",\"logo\":{\"@type\":\"ImageObject\",\"inLanguage\":\"da-DK\",\"@id\":\"https:\/\/kunmedierne.dk\/thy\/#\/schema\/logo\/image\/\",\"url\":\"https:\/\/kunmedierne.dk\/thy\/wp-content\/uploads\/sites\/2\/2025\/04\/kunthy-logo.svg\",\"contentUrl\":\"https:\/\/kunmedierne.dk\/thy\/wp-content\/uploads\/sites\/2\/2025\/04\/kunthy-logo.svg\",\"caption\":\"Thy\"},\"image\":{\"@id\":\"https:\/\/kunmedierne.dk\/thy\/#\/schema\/logo\/image\/\"}},{\"@type\":\"Person\",\"@id\":\"https:\/\/kunmedierne.dk\/thy\/#\/schema\/person\/88f5be46809ca2a5533760eb574fef93\",\"name\":\"Jens Fogh Andersen\",\"image\":{\"@type\":\"ImageObject\",\"inLanguage\":\"da-DK\",\"@id\":\"https:\/\/kunmedierne.dk\/thy\/#\/schema\/person\/image\/\",\"url\":\"https:\/\/secure.gravatar.com\/avatar\/2b367a4ef139b1c41dccc9ee7af926b81f8b4cca3359772e86c7fd5ced26c0a3?s=96&d=mm&r=g\",\"contentUrl\":\"https:\/\/secure.gravatar.com\/avatar\/2b367a4ef139b1c41dccc9ee7af926b81f8b4cca3359772e86c7fd5ced26c0a3?s=96&d=mm&r=g\",\"caption\":\"Jens Fogh Andersen\"},\"url\":\"https:\/\/kunmedierne.dk\/thy\/author\/jfa\/\"}]}<\/script>\n<!-- \/ Yoast SEO plugin. -->","yoast_head_json":{"title":"Borgere i Thisted: Kommunens indsats p\u00e5 besk\u00e6ftigelsesomr\u00e5det er OK - Thy","robots":{"index":"index","follow":"follow","max-snippet":"max-snippet:-1","max-image-preview":"max-image-preview:large","max-video-preview":"max-video-preview:-1"},"canonical":"https:\/\/kunmedierne.dk\/thy\/borgere-i-thisted-kommunens-indsats-paa-beskaeftigelsesomraadet-er-ok\/","og_locale":"da_DK","og_type":"article","og_title":"Borgere i Thisted: Kommunens indsats p\u00e5 besk\u00e6ftigelsesomr\u00e5det er OK - Thy","og_description":"THISTED: I efter\u00e5ret 2025 gennemf\u00f8rte Kommunernes Landsforening (KL) i samarbejde med 29 kommuner en tv\u00e6rkommunal borgerunders\u00f8gelse p\u00e5 besk\u00e6ftigelsesomr\u00e5det. En af kommunerne er Thisted, hvor KL udsendte sp\u00f8rgeskemaer til 892 borgere med sp\u00f8rgsm\u00e5l om deres oplevelse af kommunens Jobcenter. 36 procent af dem, der havde muligheden, besvarede sp\u00f8rgeskemaet, det er 0,7 procent over gennemsnittet for unders\u00f8gelsen [&hellip;]","og_url":"https:\/\/kunmedierne.dk\/thy\/borgere-i-thisted-kommunens-indsats-paa-beskaeftigelsesomraadet-er-ok\/","og_site_name":"Thy","article_published_time":"2026-03-10T14:19:59+00:00","og_image":[{"url":"https:\/\/kunmedierne.dk\/thy\/wp-content\/uploads\/sites\/2\/2025\/11\/Design-uden-navn-2025-11-24T093822.088.jpg","type":"","width":"","height":""}],"author":"Jens Fogh Andersen","twitter_card":"summary_large_image","twitter_misc":{"Skrevet af":"Jens Fogh Andersen","Estimeret l\u00e6setid":"3 minutter"},"schema":{"@context":"https:\/\/schema.org","@graph":[{"@type":"Article","@id":"https:\/\/kunmedierne.dk\/thy\/borgere-i-thisted-kommunens-indsats-paa-beskaeftigelsesomraadet-er-ok\/#article","isPartOf":{"@id":"https:\/\/kunmedierne.dk\/thy\/borgere-i-thisted-kommunens-indsats-paa-beskaeftigelsesomraadet-er-ok\/"},"author":{"name":"Jens Fogh Andersen","@id":"https:\/\/kunmedierne.dk\/thy\/#\/schema\/person\/88f5be46809ca2a5533760eb574fef93"},"headline":"Borgere i Thisted: Kommunens indsats p\u00e5 besk\u00e6ftigelsesomr\u00e5det er OK","datePublished":"2026-03-10T14:19:59+00:00","mainEntityOfPage":{"@id":"https:\/\/kunmedierne.dk\/thy\/borgere-i-thisted-kommunens-indsats-paa-beskaeftigelsesomraadet-er-ok\/"},"wordCount":382,"publisher":{"@id":"https:\/\/kunmedierne.dk\/thy\/#organization"},"image":{"@id":"https:\/\/kunmedierne.dk\/thy\/borgere-i-thisted-kommunens-indsats-paa-beskaeftigelsesomraadet-er-ok\/#primaryimage"},"thumbnailUrl":"https:\/\/kunmedierne.dk\/thy\/wp-content\/uploads\/sites\/2\/2025\/11\/Design-uden-navn-2025-11-24T093822.088.jpg","keywords":["Arbejdsmarked"],"articleSection":["Lokalt"],"inLanguage":"da-DK"},{"@type":"WebPage","@id":"https:\/\/kunmedierne.dk\/thy\/borgere-i-thisted-kommunens-indsats-paa-beskaeftigelsesomraadet-er-ok\/","url":"https:\/\/kunmedierne.dk\/thy\/borgere-i-thisted-kommunens-indsats-paa-beskaeftigelsesomraadet-er-ok\/","name":"Borgere i Thisted: Kommunens indsats p\u00e5 besk\u00e6ftigelsesomr\u00e5det er OK - Thy","isPartOf":{"@id":"https:\/\/kunmedierne.dk\/thy\/#website"},"primaryImageOfPage":{"@id":"https:\/\/kunmedierne.dk\/thy\/borgere-i-thisted-kommunens-indsats-paa-beskaeftigelsesomraadet-er-ok\/#primaryimage"},"image":{"@id":"https:\/\/kunmedierne.dk\/thy\/borgere-i-thisted-kommunens-indsats-paa-beskaeftigelsesomraadet-er-ok\/#primaryimage"},"thumbnailUrl":"https:\/\/kunmedierne.dk\/thy\/wp-content\/uploads\/sites\/2\/2025\/11\/Design-uden-navn-2025-11-24T093822.088.jpg","datePublished":"2026-03-10T14:19:59+00:00","breadcrumb":{"@id":"https:\/\/kunmedierne.dk\/thy\/borgere-i-thisted-kommunens-indsats-paa-beskaeftigelsesomraadet-er-ok\/#breadcrumb"},"inLanguage":"da-DK","potentialAction":[{"@type":"ReadAction","target":["https:\/\/kunmedierne.dk\/thy\/borgere-i-thisted-kommunens-indsats-paa-beskaeftigelsesomraadet-er-ok\/"]}]},{"@type":"ImageObject","inLanguage":"da-DK","@id":"https:\/\/kunmedierne.dk\/thy\/borgere-i-thisted-kommunens-indsats-paa-beskaeftigelsesomraadet-er-ok\/#primaryimage","url":"https:\/\/kunmedierne.dk\/thy\/wp-content\/uploads\/sites\/2\/2025\/11\/Design-uden-navn-2025-11-24T093822.088.jpg","contentUrl":"https:\/\/kunmedierne.dk\/thy\/wp-content\/uploads\/sites\/2\/2025\/11\/Design-uden-navn-2025-11-24T093822.088.jpg","width":1232,"height":821},{"@type":"BreadcrumbList","@id":"https:\/\/kunmedierne.dk\/thy\/borgere-i-thisted-kommunens-indsats-paa-beskaeftigelsesomraadet-er-ok\/#breadcrumb","itemListElement":[{"@type":"ListItem","position":1,"name":"Home","item":"https:\/\/kunmedierne.dk\/thy\/"},{"@type":"ListItem","position":2,"name":"Borgere i Thisted: Kommunens indsats p\u00e5 besk\u00e6ftigelsesomr\u00e5det er OK"}]},{"@type":"WebSite","@id":"https:\/\/kunmedierne.dk\/thy\/#website","url":"https:\/\/kunmedierne.dk\/thy\/","name":"Thy","description":"et netmedie med journalistik om livet i Thy","publisher":{"@id":"https:\/\/kunmedierne.dk\/thy\/#organization"},"potentialAction":[{"@type":"SearchAction","target":{"@type":"EntryPoint","urlTemplate":"https:\/\/kunmedierne.dk\/thy\/?s={search_term_string}"},"query-input":{"@type":"PropertyValueSpecification","valueRequired":true,"valueName":"search_term_string"}}],"inLanguage":"da-DK"},{"@type":"Organization","@id":"https:\/\/kunmedierne.dk\/thy\/#organization","name":"Thy","url":"https:\/\/kunmedierne.dk\/thy\/","logo":{"@type":"ImageObject","inLanguage":"da-DK","@id":"https:\/\/kunmedierne.dk\/thy\/#\/schema\/logo\/image\/","url":"https:\/\/kunmedierne.dk\/thy\/wp-content\/uploads\/sites\/2\/2025\/04\/kunthy-logo.svg","contentUrl":"https:\/\/kunmedierne.dk\/thy\/wp-content\/uploads\/sites\/2\/2025\/04\/kunthy-logo.svg","caption":"Thy"},"image":{"@id":"https:\/\/kunmedierne.dk\/thy\/#\/schema\/logo\/image\/"}},{"@type":"Person","@id":"https:\/\/kunmedierne.dk\/thy\/#\/schema\/person\/88f5be46809ca2a5533760eb574fef93","name":"Jens Fogh Andersen","image":{"@type":"ImageObject","inLanguage":"da-DK","@id":"https:\/\/kunmedierne.dk\/thy\/#\/schema\/person\/image\/","url":"https:\/\/secure.gravatar.com\/avatar\/2b367a4ef139b1c41dccc9ee7af926b81f8b4cca3359772e86c7fd5ced26c0a3?s=96&d=mm&r=g","contentUrl":"https:\/\/secure.gravatar.com\/avatar\/2b367a4ef139b1c41dccc9ee7af926b81f8b4cca3359772e86c7fd5ced26c0a3?s=96&d=mm&r=g","caption":"Jens Fogh Andersen"},"url":"https:\/\/kunmedierne.dk\/thy\/author\/jfa\/"}]}},"_links":{"self":[{"href":"https:\/\/kunmedierne.dk\/thy\/wp-json\/wp\/v2\/posts\/18489","targetHints":{"allow":["GET"]}}],"collection":[{"href":"https:\/\/kunmedierne.dk\/thy\/wp-json\/wp\/v2\/posts"}],"about":[{"href":"https:\/\/kunmedierne.dk\/thy\/wp-json\/wp\/v2\/types\/post"}],"author":[{"embeddable":true,"href":"https:\/\/kunmedierne.dk\/thy\/wp-json\/wp\/v2\/users\/4535"}],"replies":[{"embeddable":true,"href":"https:\/\/kunmedierne.dk\/thy\/wp-json\/wp\/v2\/comments?post=18489"}],"version-history":[{"count":6,"href":"https:\/\/kunmedierne.dk\/thy\/wp-json\/wp\/v2\/posts\/18489\/revisions"}],"predecessor-version":[{"id":18691,"href":"https:\/\/kunmedierne.dk\/thy\/wp-json\/wp\/v2\/posts\/18489\/revisions\/18691"}],"wp:attachment":[{"href":"https:\/\/kunmedierne.dk\/thy\/wp-json\/wp\/v2\/media?parent=18489"}],"wp:term":[{"taxonomy":"category","embeddable":true,"href":"https:\/\/kunmedierne.dk\/thy\/wp-json\/wp\/v2\/categories?post=18489"},{"taxonomy":"post_tag","embeddable":true,"href":"https:\/\/kunmedierne.dk\/thy\/wp-json\/wp\/v2\/tags?post=18489"}],"curies":[{"name":"wp","href":"https:\/\/api.w.org\/{rel}","templated":true}]}}