{"id":18474,"date":"2026-03-07T14:23:02","date_gmt":"2026-03-07T13:23:02","guid":{"rendered":"https:\/\/kunmedierne.dk\/thy\/?p=18474"},"modified":"2026-03-06T14:26:20","modified_gmt":"2026-03-06T13:26:20","slug":"maries-hjaelp-er-guld-vaerd-for-en-saerlig-gruppe-af-gymnasieelever","status":"publish","type":"post","link":"https:\/\/kunmedierne.dk\/thy\/maries-hjaelp-er-guld-vaerd-for-en-saerlig-gruppe-af-gymnasieelever\/","title":{"rendered":"Maries hj\u00e6lp er guld v\u00e6rd for en s\u00e6rlig gruppe af gymnasieelever"},"content":{"rendered":"<p>THISTED: &#8211; Jeg har nogle gange t\u00e5rer i \u00f8jnene, n\u00e5r mine elever f\u00e5r studenterhuen p\u00e5. Jeg ved jo, hvad de har k\u00e6mpet med.<\/p>\n<p>Marie Justesen sidder i sit lille hj\u00f8rnekontor p\u00e5 studievejledergangen p\u00e5 Thisted Gymnasium.<\/p>\n<a class=\"dvrt-link\" onClick=\"cdmtrack_click(683,jQuery(this));return false\" href=\"https:\/\/vester-begr.dk\/?utm_source=google&amp;utm_medium=advative&amp;gad_source=1&amp;gclid=Cj0KCQjwtJ6_BhDWARIsAGanmKfl-hGVVjCYiOgSKoGoxrow4kvXybZsnruKJYTslvqZDywT6a9PCQwaAmBjEALw_wcB\"><img decoding=\"async\" style=\"width:100%;\" src=\"https:\/\/kunmedierne.dk\/thy\/wp-content\/uploads\/sites\/2\/2025\/03\/260203VesterHoukaer-02022026.jpg\"><\/a><script>cdmtrack_view(683);<\/script>\n<p>Her tager hun hver dag ugen igennem imod de elever, der &#8211; oftest p\u00e5 grund af en diagnose &#8211; har brug for s\u00e6rlig st\u00f8tte i kort eller l\u00e6ngere tid for at klare ungdomsuddannelsen.<\/p>\n<p>&#8211; Mange af eleverne har f\u00f8rst for nyligt f\u00e5et en diagnose. De har f\u00e5et et sprog for de udfordringer, der altid har v\u00e6ret der, fort\u00e6ller Marie Justesen.<\/p>\n<p>For elever med en kognitiv funktionsneds\u00e6ttelse som ADHD, ADD eller autisme, kan det v\u00e6re sv\u00e6rt at overskue opgaverne og holde fokus.<\/p>\n<a class=\"dvrt-link\" onClick=\"cdmtrack_click(689,jQuery(this));return false\" href=\"https:\/\/www.thistedbolig.dk\"><img decoding=\"async\" style=\"width:100%;\" src=\"https:\/\/kunmedierne.dk\/thy\/wp-content\/uploads\/sites\/2\/2025\/03\/260414ThistedBoligApril-opslag-002-1.jpg\"><\/a><script>cdmtrack_view(689);<\/script>\n<p>Marie hj\u00e6lper med at planl\u00e6gge og skabe overblik.<\/p>\n<p>&#8211; Jeg sidder rent praktisk og laver skema sammen med den enkelte elev. Hvilken dag skal du l\u00e6se den tekst, og hvilken dag skal du arbejde med den aflevering. Den struktur er vigtig for, at de ikke kommer bagud.<\/p>\n<p>Marie Justesen er uddannet p\u00e6dagog og har tidligere arbejdet inden for psykiatrien med unge, der har psykiske lidelser &#8211; blandt andet unge med spiseforstyrrelser.<\/p>\n<a class=\"dvrt-link\" onClick=\"cdmtrack_click(1130,jQuery(this));return false\" href=\"https:\/\/www.thistedforsikring.dk\/?utm_source=partnerskaber&amp;utm_campaign=kun_thy\"><img decoding=\"async\" style=\"width:100%;\" src=\"https:\/\/kunmedierne.dk\/thy\/wp-content\/uploads\/sites\/2\/2025\/04\/260409KunThyThisted-For-1.png\"><\/a><script>cdmtrack_view(1130);<\/script>\n<p>For snart fire \u00e5r siden blev hun ansat p\u00e5 Thisted Gymnasium, hvor hendes fokus er helt anderledes &#8211; nemlig trivsel frem for behandling.<\/p>\n<p>&#8211; Rigtig meget af mit arbejde her handler om at have en h\u00e5nd i ryggen p\u00e5 de her unge mennesker. Jeg er det vikarierende h\u00e5b, n\u00e5r de ikke selv tror p\u00e5 tingene, pointerer hun.<\/p>\n<p>Marie Justesen har l\u00f8bende kontakt med omkring 30 elever, der frivilligt har valgt tilbuddet.<\/p>\n<a class=\"dvrt-link\" onClick=\"cdmtrack_click(1130,jQuery(this));return false\" href=\"https:\/\/www.thistedforsikring.dk\/?utm_source=partnerskaber&amp;utm_campaign=kun_thy\"><img decoding=\"async\" style=\"width:100%;\" src=\"https:\/\/kunmedierne.dk\/thy\/wp-content\/uploads\/sites\/2\/2025\/04\/260409KunThyThisted-For-1.png\"><\/a><script>cdmtrack_view(1130);<\/script>\n<p>Nogle har brug for flere konsultationer om ugen, andre kan klare sig med 30 eller 60 minutter. Og en tredje gruppe klarer sig med at vide, de kan f\u00e5 hj\u00e6lp og st\u00f8tte, hvis de har brug for det mere akut.<\/p>\n<p>&#8211; Jeg har elever fra alle \u00e5rgange, og de fleste kommer her alle to eller tre \u00e5r, men st\u00f8ttebehovet \u00e6ndrer sig typisk undervejs. Nogle kommer her engang om ugen, andre skriver spontant til mig, om jeg har tid.<\/p>\n<p>Netop fordi Marie Justesen ikke er en del af l\u00e6rerkorpset, er hun som oftest tilg\u00e6ngelig.<\/p>\n<p>&#8211; Mit skema er t\u00e6tpakket, og jeg har mange samtaler i l\u00f8bet af ugen. Men eleverne kan altid skrive til mig, og s\u00e5 lykkes det som regel at m\u00f8des inden for en dag eller to.<\/p>\n<a class=\"dvrt-link\" onClick=\"cdmtrack_click(1130,jQuery(this));return false\" href=\"https:\/\/www.thistedforsikring.dk\/?utm_source=partnerskaber&amp;utm_campaign=kun_thy\"><img decoding=\"async\" style=\"width:100%;\" src=\"https:\/\/kunmedierne.dk\/thy\/wp-content\/uploads\/sites\/2\/2025\/04\/260409KunThyThisted-For-1.png\"><\/a><script>cdmtrack_view(1130);<\/script>\n<p>Marie Justesen har nu v\u00e6ret s\u00e5 l\u00e6nge p\u00e5 gymnasiet, at hun kender de perioder, hvor der er spidsbelastning p\u00e5 hendes tid, fordi eleverne er pressede. Det er som oftest, n\u00e5r der arbejdes med de store projektopgaver. Og s\u00e5 op til eksamen.<\/p>\n<p>&#8211; Nogle m\u00f8des jeg med p\u00e5 eksamensdagen, hvor jeg hj\u00e6lper med at f\u00e5 ro p\u00e5. Ellers g\u00e5r jeg som regel rundt, og s\u00e5 kan det v\u00e6re, jeg lige kan hj\u00e6lpe med at finde en oplader eller hj\u00e6lpe med nogle andre sm\u00e5ting, der driller.<\/p>\n<p>Marie Justesen forklarer, at en del af &#8220;hendes&#8221; elever er meget sensitive.<\/p>\n<p>&#8211; De kan f\u00f8le ting meget st\u00e6rkt. De kan tvivle p\u00e5, om de overhovedet bliver studenter. S\u00e5 giver jeg dem en peptalk, n\u00e5r det hele dykker. Jeg peger p\u00e5 alt det, der lykkes og hj\u00e6lper med at f\u00e5 styr p\u00e5 det der nervesystem.<\/p>\n<a class=\"dvrt-link\" onClick=\"cdmtrack_click(683,jQuery(this));return false\" href=\"https:\/\/vester-begr.dk\/?utm_source=google&amp;utm_medium=advative&amp;gad_source=1&amp;gclid=Cj0KCQjwtJ6_BhDWARIsAGanmKfl-hGVVjCYiOgSKoGoxrow4kvXybZsnruKJYTslvqZDywT6a9PCQwaAmBjEALw_wcB\"><img decoding=\"async\" style=\"width:100%;\" src=\"https:\/\/kunmedierne.dk\/thy\/wp-content\/uploads\/sites\/2\/2025\/03\/260203VesterHoukaer-02022026.jpg\"><\/a><script>cdmtrack_view(683);<\/script>\n<p>Samtalerne hos Marie Justesen handler ofte om meget mere end skoleopgaver og eksamen. For det sociale liv kan dr\u00e6ne dem for energi, og s\u00e5 kan det v\u00e6re godt at f\u00e5 lavet prioriteringer og v\u00e6lge noget fra for at skabe balance og ro.<\/p>\n<p>&#8211; Jeg snakker med dem om alt fra fritidsinteresser og k\u00e6restesorg til konflikter med venner og for\u00e6ldre.<\/p>\n<p>Marie Justesen har tavshedspligt, og hvis hun sk\u00f8nner, der er behov for kommunikation om eleven med l\u00e6rerne eller for\u00e6ldrene, sker det naturligvis efter aftale med eleven, som inddrages.<\/p>\n<p>&#8211; Det er deres liv, det handler om. Deres oplevelse af situationen er vigtig, hvis der er noget, der skal \u00e6ndres.<\/p>\n<a class=\"dvrt-link\" onClick=\"cdmtrack_click(687,jQuery(this));return false\" href=\"https:\/\/konpap.dk\/?gad_source=1&gclid=Cj0KCQjwtJ6_BhDWARIsAGanmKfOBLC3RBm6obWL5sEb-mp4bsp5QjqWW4j4nx22y0YT2iMiXJcv3MoaApR_EALw_wcB\"><img decoding=\"async\" style=\"width:100%;\" src=\"https:\/\/kunmedierne.dk\/thy\/wp-content\/uploads\/sites\/2\/2025\/03\/redoffice.jpg\"><\/a><script>cdmtrack_view(687);<\/script>\n<p>Marie Justesen fort\u00e6ller, at hun har et godt samarbejde med l\u00e6rerne. Eksempelvis kan der v\u00e6re behov for en dialog, hvis en elev f\u00f8ler sig usikker, n\u00e5r der kommer uforudsete krav.<\/p>\n<p>&#8211; Jeg kan sagtens have nogle, der er udfordrede p\u00e5 det at v\u00e6re aktive mundtligt i timen. Det kan v\u00e6re, at l\u00e6reren beder om en uddybning af et svar, som eleven har givet, og eleven kan ikke h\u00e5ndtere det, fordi hun ikke var forberedt p\u00e5 det.<\/p>\n<p>Samarbejdet kan s\u00e5 handle om at skabe en tydelig forventningsafstemning, s\u00e5dan at eleven kan f\u00e5 opbygget en f\u00f8lelse af, at hun godt kan.<\/p>\n<p>&#8211; Ofte er det vigtigt at have fokus p\u00e5 de sm\u00e5 skridt. Nogle gange kan det v\u00e6re en succes blot at komme i skole hver dag eller f\u00e5 lavet en halv aflevering.<\/p>\n<a class=\"dvrt-link\" onClick=\"cdmtrack_click(687,jQuery(this));return false\" href=\"https:\/\/konpap.dk\/?gad_source=1&gclid=Cj0KCQjwtJ6_BhDWARIsAGanmKfOBLC3RBm6obWL5sEb-mp4bsp5QjqWW4j4nx22y0YT2iMiXJcv3MoaApR_EALw_wcB\"><img decoding=\"async\" style=\"width:100%;\" src=\"https:\/\/kunmedierne.dk\/thy\/wp-content\/uploads\/sites\/2\/2025\/03\/redoffice.jpg\"><\/a><script>cdmtrack_view(687);<\/script>\n<p>Uddannelsesleder Ann Bak Middelboe, Thisted Gymnasium, er ikke i tvivl om, at elevernes mulighed for at f\u00e5 specialp\u00e6dagogisk st\u00f8tte hos Marie har stor v\u00e6rdi.<\/p>\n<p>&#8211; Mange af dem har afbrudte skoleforl\u00f8b bag sig. Marie giver dem nogle v\u00e6rkt\u00f8jer til at systematisere deres hverdag, s\u00e5 de f\u00f8ler, de mestrer deres uddannelse og kommer til at blomstre.<\/p>\n<p>Resultatet er m\u00e6rkbart.<\/p>\n<p>&#8211; Frafaldet og frav\u00e6ret er faktisk n\u00e6rmest ikkeeksisterende blandt den her gruppe af elever, siger Ann Bak Middelboe.<\/p>\n<a class=\"dvrt-link\" onClick=\"cdmtrack_click(4416,jQuery(this));return false\" href=\"https:\/\/sdrhaa.dk\/\"><img decoding=\"async\" style=\"width:100%;\" src=\"https:\/\/kunmedierne.dk\/thy\/wp-content\/uploads\/sites\/2\/2025\/05\/260302Din-gebyrvenlige-sparekasse_SHS_Thy-1.gif\"><\/a><script>cdmtrack_view(4416);<\/script>\n<p>For Marie Justesen er det &#8220;s\u00e5 dejligt&#8221; at v\u00e6re vidne til en udvikling fra usikre unge til selvst\u00e6ndige unge voksne, der for alvor har f\u00e5et mod p\u00e5 livet.<\/p>\n<p>&#8211; Det er en fantastisk flok unge mennesker. De klarer sig faktisk rigtig godt og skiller sig ikke ud fra de andre &#8211; hverken hvad ang\u00e5r m\u00f8destabilitet eller karakterer. De er s&#8217;gu seje, pointerer hun.<\/p>\n<p>&nbsp;<\/p>\n<p>&nbsp;<\/p>\n<p>&nbsp;<\/p>\n<p>&nbsp;<\/p>\n","protected":false},"excerpt":{"rendered":"<p>THISTED: &#8211; Jeg har nogle gange t\u00e5rer i \u00f8jnene, n\u00e5r mine elever f\u00e5r studenterhuen p\u00e5. Jeg ved jo, hvad de har k\u00e6mpet med. Marie Justesen sidder i sit lille hj\u00f8rnekontor p\u00e5 studievejledergangen p\u00e5 Thisted Gymnasium. Her tager hun hver dag ugen igennem imod de elever, der &#8211; oftest p\u00e5 grund af en diagnose &#8211; har [&hellip;]<\/p>\n","protected":false},"author":1925,"featured_media":0,"comment_status":"closed","ping_status":"closed","sticky":false,"template":"","format":"standard","meta":{"_acf_changed":false,"footnotes":""},"categories":[24],"tags":[90,74],"class_list":["post-18474","post","type-post","status-publish","format-standard","hentry","category-lokalt","tag-uddannelse","tag-ungdomsliv"],"acf":[],"yoast_head":"<!-- This site is optimized with the Yoast SEO plugin v26.8 - https:\/\/yoast.com\/product\/yoast-seo-wordpress\/ -->\n<title>Maries hj\u00e6lp er guld v\u00e6rd for en s\u00e6rlig gruppe af gymnasieelever - Thy<\/title>\n<meta name=\"robots\" content=\"index, follow, max-snippet:-1, max-image-preview:large, max-video-preview:-1\" \/>\n<link rel=\"canonical\" href=\"https:\/\/kunmedierne.dk\/thy\/maries-hjaelp-er-guld-vaerd-for-en-saerlig-gruppe-af-gymnasieelever\/\" \/>\n<meta property=\"og:locale\" content=\"da_DK\" \/>\n<meta property=\"og:type\" content=\"article\" \/>\n<meta property=\"og:title\" content=\"Maries hj\u00e6lp er guld v\u00e6rd for en s\u00e6rlig gruppe af gymnasieelever - Thy\" \/>\n<meta property=\"og:description\" content=\"THISTED: &#8211; Jeg har nogle gange t\u00e5rer i \u00f8jnene, n\u00e5r mine elever f\u00e5r studenterhuen p\u00e5. Jeg ved jo, hvad de har k\u00e6mpet med. Marie Justesen sidder i sit lille hj\u00f8rnekontor p\u00e5 studievejledergangen p\u00e5 Thisted Gymnasium. Her tager hun hver dag ugen igennem imod de elever, der &#8211; oftest p\u00e5 grund af en diagnose &#8211; har [&hellip;]\" \/>\n<meta property=\"og:url\" content=\"https:\/\/kunmedierne.dk\/thy\/maries-hjaelp-er-guld-vaerd-for-en-saerlig-gruppe-af-gymnasieelever\/\" \/>\n<meta property=\"og:site_name\" content=\"Thy\" \/>\n<meta property=\"article:published_time\" content=\"2026-03-07T13:23:02+00:00\" \/>\n<meta name=\"author\" content=\"Lone L\u00e6rke Krog\" \/>\n<meta name=\"twitter:card\" content=\"summary_large_image\" \/>\n<meta name=\"twitter:label1\" content=\"Skrevet af\" \/>\n\t<meta name=\"twitter:data1\" content=\"Lone L\u00e6rke Krog\" \/>\n\t<meta name=\"twitter:label2\" content=\"Estimeret l\u00e6setid\" \/>\n\t<meta name=\"twitter:data2\" content=\"5 minutter\" \/>\n<script type=\"application\/ld+json\" class=\"yoast-schema-graph\">{\"@context\":\"https:\/\/schema.org\",\"@graph\":[{\"@type\":\"Article\",\"@id\":\"https:\/\/kunmedierne.dk\/thy\/maries-hjaelp-er-guld-vaerd-for-en-saerlig-gruppe-af-gymnasieelever\/#article\",\"isPartOf\":{\"@id\":\"https:\/\/kunmedierne.dk\/thy\/maries-hjaelp-er-guld-vaerd-for-en-saerlig-gruppe-af-gymnasieelever\/\"},\"author\":{\"name\":\"Lone L\u00e6rke Krog\",\"@id\":\"https:\/\/kunmedierne.dk\/thy\/#\/schema\/person\/d266634ba6550d075ecf540d63b245d2\"},\"headline\":\"Maries hj\u00e6lp er guld v\u00e6rd for en s\u00e6rlig gruppe af gymnasieelever\",\"datePublished\":\"2026-03-07T13:23:02+00:00\",\"mainEntityOfPage\":{\"@id\":\"https:\/\/kunmedierne.dk\/thy\/maries-hjaelp-er-guld-vaerd-for-en-saerlig-gruppe-af-gymnasieelever\/\"},\"wordCount\":1018,\"publisher\":{\"@id\":\"https:\/\/kunmedierne.dk\/thy\/#organization\"},\"keywords\":[\"Uddannelse\",\"Ungdomsliv\"],\"articleSection\":[\"Lokalt\"],\"inLanguage\":\"da-DK\"},{\"@type\":\"WebPage\",\"@id\":\"https:\/\/kunmedierne.dk\/thy\/maries-hjaelp-er-guld-vaerd-for-en-saerlig-gruppe-af-gymnasieelever\/\",\"url\":\"https:\/\/kunmedierne.dk\/thy\/maries-hjaelp-er-guld-vaerd-for-en-saerlig-gruppe-af-gymnasieelever\/\",\"name\":\"Maries hj\u00e6lp er guld v\u00e6rd for en s\u00e6rlig gruppe af gymnasieelever - Thy\",\"isPartOf\":{\"@id\":\"https:\/\/kunmedierne.dk\/thy\/#website\"},\"datePublished\":\"2026-03-07T13:23:02+00:00\",\"breadcrumb\":{\"@id\":\"https:\/\/kunmedierne.dk\/thy\/maries-hjaelp-er-guld-vaerd-for-en-saerlig-gruppe-af-gymnasieelever\/#breadcrumb\"},\"inLanguage\":\"da-DK\",\"potentialAction\":[{\"@type\":\"ReadAction\",\"target\":[\"https:\/\/kunmedierne.dk\/thy\/maries-hjaelp-er-guld-vaerd-for-en-saerlig-gruppe-af-gymnasieelever\/\"]}]},{\"@type\":\"BreadcrumbList\",\"@id\":\"https:\/\/kunmedierne.dk\/thy\/maries-hjaelp-er-guld-vaerd-for-en-saerlig-gruppe-af-gymnasieelever\/#breadcrumb\",\"itemListElement\":[{\"@type\":\"ListItem\",\"position\":1,\"name\":\"Home\",\"item\":\"https:\/\/kunmedierne.dk\/thy\/\"},{\"@type\":\"ListItem\",\"position\":2,\"name\":\"Maries hj\u00e6lp er guld v\u00e6rd for en s\u00e6rlig gruppe af gymnasieelever\"}]},{\"@type\":\"WebSite\",\"@id\":\"https:\/\/kunmedierne.dk\/thy\/#website\",\"url\":\"https:\/\/kunmedierne.dk\/thy\/\",\"name\":\"Thy\",\"description\":\"et netmedie med journalistik om livet i Thy\",\"publisher\":{\"@id\":\"https:\/\/kunmedierne.dk\/thy\/#organization\"},\"potentialAction\":[{\"@type\":\"SearchAction\",\"target\":{\"@type\":\"EntryPoint\",\"urlTemplate\":\"https:\/\/kunmedierne.dk\/thy\/?s={search_term_string}\"},\"query-input\":{\"@type\":\"PropertyValueSpecification\",\"valueRequired\":true,\"valueName\":\"search_term_string\"}}],\"inLanguage\":\"da-DK\"},{\"@type\":\"Organization\",\"@id\":\"https:\/\/kunmedierne.dk\/thy\/#organization\",\"name\":\"Thy\",\"url\":\"https:\/\/kunmedierne.dk\/thy\/\",\"logo\":{\"@type\":\"ImageObject\",\"inLanguage\":\"da-DK\",\"@id\":\"https:\/\/kunmedierne.dk\/thy\/#\/schema\/logo\/image\/\",\"url\":\"https:\/\/kunmedierne.dk\/thy\/wp-content\/uploads\/sites\/2\/2025\/04\/kunthy-logo.svg\",\"contentUrl\":\"https:\/\/kunmedierne.dk\/thy\/wp-content\/uploads\/sites\/2\/2025\/04\/kunthy-logo.svg\",\"caption\":\"Thy\"},\"image\":{\"@id\":\"https:\/\/kunmedierne.dk\/thy\/#\/schema\/logo\/image\/\"}},{\"@type\":\"Person\",\"@id\":\"https:\/\/kunmedierne.dk\/thy\/#\/schema\/person\/d266634ba6550d075ecf540d63b245d2\",\"name\":\"Lone L\u00e6rke Krog\",\"image\":{\"@type\":\"ImageObject\",\"inLanguage\":\"da-DK\",\"@id\":\"https:\/\/kunmedierne.dk\/thy\/#\/schema\/person\/image\/\",\"url\":\"https:\/\/secure.gravatar.com\/avatar\/496ddc7080e56b4ac64cfd4e56bd6d1ee396fa3db1923aa22f11346f60bb135b?s=96&d=mm&r=g\",\"contentUrl\":\"https:\/\/secure.gravatar.com\/avatar\/496ddc7080e56b4ac64cfd4e56bd6d1ee396fa3db1923aa22f11346f60bb135b?s=96&d=mm&r=g\",\"caption\":\"Lone L\u00e6rke Krog\"},\"url\":\"https:\/\/kunmedierne.dk\/thy\/author\/llk\/\"}]}<\/script>\n<!-- \/ Yoast SEO plugin. -->","yoast_head_json":{"title":"Maries hj\u00e6lp er guld v\u00e6rd for en s\u00e6rlig gruppe af gymnasieelever - Thy","robots":{"index":"index","follow":"follow","max-snippet":"max-snippet:-1","max-image-preview":"max-image-preview:large","max-video-preview":"max-video-preview:-1"},"canonical":"https:\/\/kunmedierne.dk\/thy\/maries-hjaelp-er-guld-vaerd-for-en-saerlig-gruppe-af-gymnasieelever\/","og_locale":"da_DK","og_type":"article","og_title":"Maries hj\u00e6lp er guld v\u00e6rd for en s\u00e6rlig gruppe af gymnasieelever - Thy","og_description":"THISTED: &#8211; Jeg har nogle gange t\u00e5rer i \u00f8jnene, n\u00e5r mine elever f\u00e5r studenterhuen p\u00e5. Jeg ved jo, hvad de har k\u00e6mpet med. Marie Justesen sidder i sit lille hj\u00f8rnekontor p\u00e5 studievejledergangen p\u00e5 Thisted Gymnasium. Her tager hun hver dag ugen igennem imod de elever, der &#8211; oftest p\u00e5 grund af en diagnose &#8211; har [&hellip;]","og_url":"https:\/\/kunmedierne.dk\/thy\/maries-hjaelp-er-guld-vaerd-for-en-saerlig-gruppe-af-gymnasieelever\/","og_site_name":"Thy","article_published_time":"2026-03-07T13:23:02+00:00","author":"Lone L\u00e6rke Krog","twitter_card":"summary_large_image","twitter_misc":{"Skrevet af":"Lone L\u00e6rke Krog","Estimeret l\u00e6setid":"5 minutter"},"schema":{"@context":"https:\/\/schema.org","@graph":[{"@type":"Article","@id":"https:\/\/kunmedierne.dk\/thy\/maries-hjaelp-er-guld-vaerd-for-en-saerlig-gruppe-af-gymnasieelever\/#article","isPartOf":{"@id":"https:\/\/kunmedierne.dk\/thy\/maries-hjaelp-er-guld-vaerd-for-en-saerlig-gruppe-af-gymnasieelever\/"},"author":{"name":"Lone L\u00e6rke Krog","@id":"https:\/\/kunmedierne.dk\/thy\/#\/schema\/person\/d266634ba6550d075ecf540d63b245d2"},"headline":"Maries hj\u00e6lp er guld v\u00e6rd for en s\u00e6rlig gruppe af gymnasieelever","datePublished":"2026-03-07T13:23:02+00:00","mainEntityOfPage":{"@id":"https:\/\/kunmedierne.dk\/thy\/maries-hjaelp-er-guld-vaerd-for-en-saerlig-gruppe-af-gymnasieelever\/"},"wordCount":1018,"publisher":{"@id":"https:\/\/kunmedierne.dk\/thy\/#organization"},"keywords":["Uddannelse","Ungdomsliv"],"articleSection":["Lokalt"],"inLanguage":"da-DK"},{"@type":"WebPage","@id":"https:\/\/kunmedierne.dk\/thy\/maries-hjaelp-er-guld-vaerd-for-en-saerlig-gruppe-af-gymnasieelever\/","url":"https:\/\/kunmedierne.dk\/thy\/maries-hjaelp-er-guld-vaerd-for-en-saerlig-gruppe-af-gymnasieelever\/","name":"Maries hj\u00e6lp er guld v\u00e6rd for en s\u00e6rlig gruppe af gymnasieelever - Thy","isPartOf":{"@id":"https:\/\/kunmedierne.dk\/thy\/#website"},"datePublished":"2026-03-07T13:23:02+00:00","breadcrumb":{"@id":"https:\/\/kunmedierne.dk\/thy\/maries-hjaelp-er-guld-vaerd-for-en-saerlig-gruppe-af-gymnasieelever\/#breadcrumb"},"inLanguage":"da-DK","potentialAction":[{"@type":"ReadAction","target":["https:\/\/kunmedierne.dk\/thy\/maries-hjaelp-er-guld-vaerd-for-en-saerlig-gruppe-af-gymnasieelever\/"]}]},{"@type":"BreadcrumbList","@id":"https:\/\/kunmedierne.dk\/thy\/maries-hjaelp-er-guld-vaerd-for-en-saerlig-gruppe-af-gymnasieelever\/#breadcrumb","itemListElement":[{"@type":"ListItem","position":1,"name":"Home","item":"https:\/\/kunmedierne.dk\/thy\/"},{"@type":"ListItem","position":2,"name":"Maries hj\u00e6lp er guld v\u00e6rd for en s\u00e6rlig gruppe af gymnasieelever"}]},{"@type":"WebSite","@id":"https:\/\/kunmedierne.dk\/thy\/#website","url":"https:\/\/kunmedierne.dk\/thy\/","name":"Thy","description":"et netmedie med journalistik om livet i Thy","publisher":{"@id":"https:\/\/kunmedierne.dk\/thy\/#organization"},"potentialAction":[{"@type":"SearchAction","target":{"@type":"EntryPoint","urlTemplate":"https:\/\/kunmedierne.dk\/thy\/?s={search_term_string}"},"query-input":{"@type":"PropertyValueSpecification","valueRequired":true,"valueName":"search_term_string"}}],"inLanguage":"da-DK"},{"@type":"Organization","@id":"https:\/\/kunmedierne.dk\/thy\/#organization","name":"Thy","url":"https:\/\/kunmedierne.dk\/thy\/","logo":{"@type":"ImageObject","inLanguage":"da-DK","@id":"https:\/\/kunmedierne.dk\/thy\/#\/schema\/logo\/image\/","url":"https:\/\/kunmedierne.dk\/thy\/wp-content\/uploads\/sites\/2\/2025\/04\/kunthy-logo.svg","contentUrl":"https:\/\/kunmedierne.dk\/thy\/wp-content\/uploads\/sites\/2\/2025\/04\/kunthy-logo.svg","caption":"Thy"},"image":{"@id":"https:\/\/kunmedierne.dk\/thy\/#\/schema\/logo\/image\/"}},{"@type":"Person","@id":"https:\/\/kunmedierne.dk\/thy\/#\/schema\/person\/d266634ba6550d075ecf540d63b245d2","name":"Lone L\u00e6rke Krog","image":{"@type":"ImageObject","inLanguage":"da-DK","@id":"https:\/\/kunmedierne.dk\/thy\/#\/schema\/person\/image\/","url":"https:\/\/secure.gravatar.com\/avatar\/496ddc7080e56b4ac64cfd4e56bd6d1ee396fa3db1923aa22f11346f60bb135b?s=96&d=mm&r=g","contentUrl":"https:\/\/secure.gravatar.com\/avatar\/496ddc7080e56b4ac64cfd4e56bd6d1ee396fa3db1923aa22f11346f60bb135b?s=96&d=mm&r=g","caption":"Lone L\u00e6rke Krog"},"url":"https:\/\/kunmedierne.dk\/thy\/author\/llk\/"}]}},"_links":{"self":[{"href":"https:\/\/kunmedierne.dk\/thy\/wp-json\/wp\/v2\/posts\/18474","targetHints":{"allow":["GET"]}}],"collection":[{"href":"https:\/\/kunmedierne.dk\/thy\/wp-json\/wp\/v2\/posts"}],"about":[{"href":"https:\/\/kunmedierne.dk\/thy\/wp-json\/wp\/v2\/types\/post"}],"author":[{"embeddable":true,"href":"https:\/\/kunmedierne.dk\/thy\/wp-json\/wp\/v2\/users\/1925"}],"replies":[{"embeddable":true,"href":"https:\/\/kunmedierne.dk\/thy\/wp-json\/wp\/v2\/comments?post=18474"}],"version-history":[{"count":10,"href":"https:\/\/kunmedierne.dk\/thy\/wp-json\/wp\/v2\/posts\/18474\/revisions"}],"predecessor-version":[{"id":18550,"href":"https:\/\/kunmedierne.dk\/thy\/wp-json\/wp\/v2\/posts\/18474\/revisions\/18550"}],"wp:attachment":[{"href":"https:\/\/kunmedierne.dk\/thy\/wp-json\/wp\/v2\/media?parent=18474"}],"wp:term":[{"taxonomy":"category","embeddable":true,"href":"https:\/\/kunmedierne.dk\/thy\/wp-json\/wp\/v2\/categories?post=18474"},{"taxonomy":"post_tag","embeddable":true,"href":"https:\/\/kunmedierne.dk\/thy\/wp-json\/wp\/v2\/tags?post=18474"}],"curies":[{"name":"wp","href":"https:\/\/api.w.org\/{rel}","templated":true}]}}