{"id":18465,"date":"2026-03-07T17:30:20","date_gmt":"2026-03-07T16:30:20","guid":{"rendered":"https:\/\/kunmedierne.dk\/thy\/?p=18465"},"modified":"2026-03-06T14:22:11","modified_gmt":"2026-03-06T13:22:11","slug":"optagthisted-gymnasium-faar-syv-nye-klasser-til-august","status":"publish","type":"post","link":"https:\/\/kunmedierne.dk\/thy\/optagthisted-gymnasium-faar-syv-nye-klasser-til-august\/","title":{"rendered":"<span>Optag<\/span>:Thisted Gymnasium f\u00e5r syv nye klasser til august"},"content":{"rendered":"<p><strong>THISTED<\/strong>: &#8211; Vi har over 112 elever til STX-uddannelsen, og det er vi superglade for.<\/p>\n<p>S\u00e5dan lyder det fra rektor Bo Hove, Thisted Gymnasium, STX og HF.<\/p>\n<p>Det er sm\u00e5 ungdoms\u00e5rgange, og der er rift om eleverne til de forskellige ungdomsuddannelser, og derfor havde ledelsen p\u00e5 det almene gymnasium (STX) da ogs\u00e5 budgetteret lidt forsigtigt med fire klasser.<\/p>\n<a class=\"dvrt-link\" onClick=\"cdmtrack_click(1130,jQuery(this));return false\" href=\"https:\/\/www.thistedforsikring.dk\/?utm_source=partnerskaber&amp;utm_campaign=kun_thy\"><img decoding=\"async\" style=\"width:100%;\" src=\"https:\/\/kunmedierne.dk\/thy\/wp-content\/uploads\/sites\/2\/2025\/04\/260409KunThyThisted-For-1.png\"><\/a><script>cdmtrack_view(1130);<\/script>\n<p>Men da der maksimalt m\u00e5 v\u00e6re 28 elever, udl\u00f8ser det alts\u00e5 en ekstra klasse, n\u00e5r det samlede optag til STX overstiger 112.<\/p>\n<p>&#8211; Det er altid rart at se et p\u00e6nt optagetal, siger Bo Hove.<\/p>\n<p>Ogs\u00e5 til HF-uddannelsen p\u00e5 Thisted Gymnasium er der med over 40 ans\u00f8gninger udsigt til to klasser, hvilket ogs\u00e5 er &#8220;p\u00e6nt&#8221;.<\/p>\n<p>Erfaringen viser, at det godt kan \u00e6ndre sig inden sommeren, hvor mange elever skolen faktisk f\u00e5r.<\/p>\n<p>&#8211; De senere \u00e5r har vi oplevet, at en del HF-elever er kommet dryssende i m\u00e5nederne efter ans\u00f8gningsfristen, fort\u00e6ller Bo Hove.<\/p>\n<a class=\"dvrt-link\" onClick=\"cdmtrack_click(687,jQuery(this));return false\" href=\"https:\/\/konpap.dk\/?gad_source=1&gclid=Cj0KCQjwtJ6_BhDWARIsAGanmKfOBLC3RBm6obWL5sEb-mp4bsp5QjqWW4j4nx22y0YT2iMiXJcv3MoaApR_EALw_wcB\"><img decoding=\"async\" style=\"width:100%;\" src=\"https:\/\/kunmedierne.dk\/thy\/wp-content\/uploads\/sites\/2\/2025\/03\/redoffice.jpg\"><\/a><script>cdmtrack_view(687);<\/script>\n<p>HF-uddannelsen tiltr\u00e6kker i stigende grad unge fra de samme \u00e5rgange som det almene gymnasium.<\/p>\n<p>Bo Hoved forklarer, at HF er et godt alternativ til de unge, der sigter p\u00e5 en mellemlang uddannelse for eksempel inden for velf\u00e6rdsfagene &#8211; eller dem, der sigter p\u00e5 en uddannelse inden for politiet eller milit\u00e6ret.<\/p>\n<p>Endelig er HF ogs\u00e5 attraktiv for de unge, der \u00f8nsker bedre tid til sport eller kan n\u00f8jes med \u00e9t A-niveau fag.<\/p>\n<p>&nbsp;<\/p>\n","protected":false},"excerpt":{"rendered":"<p>THISTED: &#8211; Vi har over 112 elever til STX-uddannelsen, og det er vi superglade for. S\u00e5dan lyder det fra rektor Bo Hove, Thisted Gymnasium, STX og HF. Det er sm\u00e5 ungdoms\u00e5rgange, og der er rift om eleverne til de forskellige ungdomsuddannelser, og derfor havde ledelsen p\u00e5 det almene gymnasium (STX) da ogs\u00e5 budgetteret lidt forsigtigt [&hellip;]<\/p>\n","protected":false},"author":1925,"featured_media":0,"comment_status":"closed","ping_status":"closed","sticky":false,"template":"","format":"standard","meta":{"_acf_changed":false,"footnotes":""},"categories":[24],"tags":[90,44,74],"class_list":["post-18465","post","type-post","status-publish","format-standard","hentry","category-lokalt","tag-uddannelse","tag-undervisning","tag-ungdomsliv"],"acf":[],"yoast_head":"<!-- This site is optimized with the Yoast SEO plugin v26.8 - https:\/\/yoast.com\/product\/yoast-seo-wordpress\/ -->\n<title>Optag:Thisted Gymnasium f\u00e5r syv nye klasser til august - Thy<\/title>\n<meta name=\"robots\" content=\"index, follow, max-snippet:-1, max-image-preview:large, max-video-preview:-1\" \/>\n<link rel=\"canonical\" href=\"https:\/\/kunmedierne.dk\/thy\/optagthisted-gymnasium-faar-syv-nye-klasser-til-august\/\" \/>\n<meta property=\"og:locale\" content=\"da_DK\" \/>\n<meta property=\"og:type\" content=\"article\" \/>\n<meta property=\"og:title\" content=\"Optag:Thisted Gymnasium f\u00e5r syv nye klasser til august - Thy\" \/>\n<meta property=\"og:description\" content=\"THISTED: &#8211; Vi har over 112 elever til STX-uddannelsen, og det er vi superglade for. S\u00e5dan lyder det fra rektor Bo Hove, Thisted Gymnasium, STX og HF. Det er sm\u00e5 ungdoms\u00e5rgange, og der er rift om eleverne til de forskellige ungdomsuddannelser, og derfor havde ledelsen p\u00e5 det almene gymnasium (STX) da ogs\u00e5 budgetteret lidt forsigtigt [&hellip;]\" \/>\n<meta property=\"og:url\" content=\"https:\/\/kunmedierne.dk\/thy\/optagthisted-gymnasium-faar-syv-nye-klasser-til-august\/\" \/>\n<meta property=\"og:site_name\" content=\"Thy\" \/>\n<meta property=\"article:published_time\" content=\"2026-03-07T16:30:20+00:00\" \/>\n<meta name=\"author\" content=\"Lone L\u00e6rke Krog\" \/>\n<meta name=\"twitter:card\" content=\"summary_large_image\" \/>\n<meta name=\"twitter:label1\" content=\"Skrevet af\" \/>\n\t<meta name=\"twitter:data1\" content=\"Lone L\u00e6rke Krog\" \/>\n\t<meta name=\"twitter:label2\" content=\"Estimeret l\u00e6setid\" \/>\n\t<meta name=\"twitter:data2\" content=\"2 minutter\" \/>\n<script type=\"application\/ld+json\" class=\"yoast-schema-graph\">{\"@context\":\"https:\/\/schema.org\",\"@graph\":[{\"@type\":\"Article\",\"@id\":\"https:\/\/kunmedierne.dk\/thy\/optagthisted-gymnasium-faar-syv-nye-klasser-til-august\/#article\",\"isPartOf\":{\"@id\":\"https:\/\/kunmedierne.dk\/thy\/optagthisted-gymnasium-faar-syv-nye-klasser-til-august\/\"},\"author\":{\"name\":\"Lone L\u00e6rke Krog\",\"@id\":\"https:\/\/kunmedierne.dk\/thy\/#\/schema\/person\/d266634ba6550d075ecf540d63b245d2\"},\"headline\":\"Optag:Thisted Gymnasium f\u00e5r syv nye klasser til august\",\"datePublished\":\"2026-03-07T16:30:20+00:00\",\"mainEntityOfPage\":{\"@id\":\"https:\/\/kunmedierne.dk\/thy\/optagthisted-gymnasium-faar-syv-nye-klasser-til-august\/\"},\"wordCount\":248,\"publisher\":{\"@id\":\"https:\/\/kunmedierne.dk\/thy\/#organization\"},\"keywords\":[\"Uddannelse\",\"Undervisning\",\"Ungdomsliv\"],\"articleSection\":[\"Lokalt\"],\"inLanguage\":\"da-DK\"},{\"@type\":\"WebPage\",\"@id\":\"https:\/\/kunmedierne.dk\/thy\/optagthisted-gymnasium-faar-syv-nye-klasser-til-august\/\",\"url\":\"https:\/\/kunmedierne.dk\/thy\/optagthisted-gymnasium-faar-syv-nye-klasser-til-august\/\",\"name\":\"Optag:Thisted Gymnasium f\u00e5r syv nye klasser til august - Thy\",\"isPartOf\":{\"@id\":\"https:\/\/kunmedierne.dk\/thy\/#website\"},\"datePublished\":\"2026-03-07T16:30:20+00:00\",\"breadcrumb\":{\"@id\":\"https:\/\/kunmedierne.dk\/thy\/optagthisted-gymnasium-faar-syv-nye-klasser-til-august\/#breadcrumb\"},\"inLanguage\":\"da-DK\",\"potentialAction\":[{\"@type\":\"ReadAction\",\"target\":[\"https:\/\/kunmedierne.dk\/thy\/optagthisted-gymnasium-faar-syv-nye-klasser-til-august\/\"]}]},{\"@type\":\"BreadcrumbList\",\"@id\":\"https:\/\/kunmedierne.dk\/thy\/optagthisted-gymnasium-faar-syv-nye-klasser-til-august\/#breadcrumb\",\"itemListElement\":[{\"@type\":\"ListItem\",\"position\":1,\"name\":\"Home\",\"item\":\"https:\/\/kunmedierne.dk\/thy\/\"},{\"@type\":\"ListItem\",\"position\":2,\"name\":\"Optag:Thisted Gymnasium f\u00e5r syv nye klasser til august\"}]},{\"@type\":\"WebSite\",\"@id\":\"https:\/\/kunmedierne.dk\/thy\/#website\",\"url\":\"https:\/\/kunmedierne.dk\/thy\/\",\"name\":\"Thy\",\"description\":\"et netmedie med journalistik om livet i Thy\",\"publisher\":{\"@id\":\"https:\/\/kunmedierne.dk\/thy\/#organization\"},\"potentialAction\":[{\"@type\":\"SearchAction\",\"target\":{\"@type\":\"EntryPoint\",\"urlTemplate\":\"https:\/\/kunmedierne.dk\/thy\/?s={search_term_string}\"},\"query-input\":{\"@type\":\"PropertyValueSpecification\",\"valueRequired\":true,\"valueName\":\"search_term_string\"}}],\"inLanguage\":\"da-DK\"},{\"@type\":\"Organization\",\"@id\":\"https:\/\/kunmedierne.dk\/thy\/#organization\",\"name\":\"Thy\",\"url\":\"https:\/\/kunmedierne.dk\/thy\/\",\"logo\":{\"@type\":\"ImageObject\",\"inLanguage\":\"da-DK\",\"@id\":\"https:\/\/kunmedierne.dk\/thy\/#\/schema\/logo\/image\/\",\"url\":\"https:\/\/kunmedierne.dk\/thy\/wp-content\/uploads\/sites\/2\/2025\/04\/kunthy-logo.svg\",\"contentUrl\":\"https:\/\/kunmedierne.dk\/thy\/wp-content\/uploads\/sites\/2\/2025\/04\/kunthy-logo.svg\",\"caption\":\"Thy\"},\"image\":{\"@id\":\"https:\/\/kunmedierne.dk\/thy\/#\/schema\/logo\/image\/\"}},{\"@type\":\"Person\",\"@id\":\"https:\/\/kunmedierne.dk\/thy\/#\/schema\/person\/d266634ba6550d075ecf540d63b245d2\",\"name\":\"Lone L\u00e6rke Krog\",\"image\":{\"@type\":\"ImageObject\",\"inLanguage\":\"da-DK\",\"@id\":\"https:\/\/kunmedierne.dk\/thy\/#\/schema\/person\/image\/\",\"url\":\"https:\/\/secure.gravatar.com\/avatar\/496ddc7080e56b4ac64cfd4e56bd6d1ee396fa3db1923aa22f11346f60bb135b?s=96&d=mm&r=g\",\"contentUrl\":\"https:\/\/secure.gravatar.com\/avatar\/496ddc7080e56b4ac64cfd4e56bd6d1ee396fa3db1923aa22f11346f60bb135b?s=96&d=mm&r=g\",\"caption\":\"Lone L\u00e6rke Krog\"},\"url\":\"https:\/\/kunmedierne.dk\/thy\/author\/llk\/\"}]}<\/script>\n<!-- \/ Yoast SEO plugin. -->","yoast_head_json":{"title":"Optag:Thisted Gymnasium f\u00e5r syv nye klasser til august - Thy","robots":{"index":"index","follow":"follow","max-snippet":"max-snippet:-1","max-image-preview":"max-image-preview:large","max-video-preview":"max-video-preview:-1"},"canonical":"https:\/\/kunmedierne.dk\/thy\/optagthisted-gymnasium-faar-syv-nye-klasser-til-august\/","og_locale":"da_DK","og_type":"article","og_title":"Optag:Thisted Gymnasium f\u00e5r syv nye klasser til august - Thy","og_description":"THISTED: &#8211; Vi har over 112 elever til STX-uddannelsen, og det er vi superglade for. S\u00e5dan lyder det fra rektor Bo Hove, Thisted Gymnasium, STX og HF. Det er sm\u00e5 ungdoms\u00e5rgange, og der er rift om eleverne til de forskellige ungdomsuddannelser, og derfor havde ledelsen p\u00e5 det almene gymnasium (STX) da ogs\u00e5 budgetteret lidt forsigtigt [&hellip;]","og_url":"https:\/\/kunmedierne.dk\/thy\/optagthisted-gymnasium-faar-syv-nye-klasser-til-august\/","og_site_name":"Thy","article_published_time":"2026-03-07T16:30:20+00:00","author":"Lone L\u00e6rke Krog","twitter_card":"summary_large_image","twitter_misc":{"Skrevet af":"Lone L\u00e6rke Krog","Estimeret l\u00e6setid":"2 minutter"},"schema":{"@context":"https:\/\/schema.org","@graph":[{"@type":"Article","@id":"https:\/\/kunmedierne.dk\/thy\/optagthisted-gymnasium-faar-syv-nye-klasser-til-august\/#article","isPartOf":{"@id":"https:\/\/kunmedierne.dk\/thy\/optagthisted-gymnasium-faar-syv-nye-klasser-til-august\/"},"author":{"name":"Lone L\u00e6rke Krog","@id":"https:\/\/kunmedierne.dk\/thy\/#\/schema\/person\/d266634ba6550d075ecf540d63b245d2"},"headline":"Optag:Thisted Gymnasium f\u00e5r syv nye klasser til august","datePublished":"2026-03-07T16:30:20+00:00","mainEntityOfPage":{"@id":"https:\/\/kunmedierne.dk\/thy\/optagthisted-gymnasium-faar-syv-nye-klasser-til-august\/"},"wordCount":248,"publisher":{"@id":"https:\/\/kunmedierne.dk\/thy\/#organization"},"keywords":["Uddannelse","Undervisning","Ungdomsliv"],"articleSection":["Lokalt"],"inLanguage":"da-DK"},{"@type":"WebPage","@id":"https:\/\/kunmedierne.dk\/thy\/optagthisted-gymnasium-faar-syv-nye-klasser-til-august\/","url":"https:\/\/kunmedierne.dk\/thy\/optagthisted-gymnasium-faar-syv-nye-klasser-til-august\/","name":"Optag:Thisted Gymnasium f\u00e5r syv nye klasser til august - Thy","isPartOf":{"@id":"https:\/\/kunmedierne.dk\/thy\/#website"},"datePublished":"2026-03-07T16:30:20+00:00","breadcrumb":{"@id":"https:\/\/kunmedierne.dk\/thy\/optagthisted-gymnasium-faar-syv-nye-klasser-til-august\/#breadcrumb"},"inLanguage":"da-DK","potentialAction":[{"@type":"ReadAction","target":["https:\/\/kunmedierne.dk\/thy\/optagthisted-gymnasium-faar-syv-nye-klasser-til-august\/"]}]},{"@type":"BreadcrumbList","@id":"https:\/\/kunmedierne.dk\/thy\/optagthisted-gymnasium-faar-syv-nye-klasser-til-august\/#breadcrumb","itemListElement":[{"@type":"ListItem","position":1,"name":"Home","item":"https:\/\/kunmedierne.dk\/thy\/"},{"@type":"ListItem","position":2,"name":"Optag:Thisted Gymnasium f\u00e5r syv nye klasser til august"}]},{"@type":"WebSite","@id":"https:\/\/kunmedierne.dk\/thy\/#website","url":"https:\/\/kunmedierne.dk\/thy\/","name":"Thy","description":"et netmedie med journalistik om livet i Thy","publisher":{"@id":"https:\/\/kunmedierne.dk\/thy\/#organization"},"potentialAction":[{"@type":"SearchAction","target":{"@type":"EntryPoint","urlTemplate":"https:\/\/kunmedierne.dk\/thy\/?s={search_term_string}"},"query-input":{"@type":"PropertyValueSpecification","valueRequired":true,"valueName":"search_term_string"}}],"inLanguage":"da-DK"},{"@type":"Organization","@id":"https:\/\/kunmedierne.dk\/thy\/#organization","name":"Thy","url":"https:\/\/kunmedierne.dk\/thy\/","logo":{"@type":"ImageObject","inLanguage":"da-DK","@id":"https:\/\/kunmedierne.dk\/thy\/#\/schema\/logo\/image\/","url":"https:\/\/kunmedierne.dk\/thy\/wp-content\/uploads\/sites\/2\/2025\/04\/kunthy-logo.svg","contentUrl":"https:\/\/kunmedierne.dk\/thy\/wp-content\/uploads\/sites\/2\/2025\/04\/kunthy-logo.svg","caption":"Thy"},"image":{"@id":"https:\/\/kunmedierne.dk\/thy\/#\/schema\/logo\/image\/"}},{"@type":"Person","@id":"https:\/\/kunmedierne.dk\/thy\/#\/schema\/person\/d266634ba6550d075ecf540d63b245d2","name":"Lone L\u00e6rke Krog","image":{"@type":"ImageObject","inLanguage":"da-DK","@id":"https:\/\/kunmedierne.dk\/thy\/#\/schema\/person\/image\/","url":"https:\/\/secure.gravatar.com\/avatar\/496ddc7080e56b4ac64cfd4e56bd6d1ee396fa3db1923aa22f11346f60bb135b?s=96&d=mm&r=g","contentUrl":"https:\/\/secure.gravatar.com\/avatar\/496ddc7080e56b4ac64cfd4e56bd6d1ee396fa3db1923aa22f11346f60bb135b?s=96&d=mm&r=g","caption":"Lone L\u00e6rke Krog"},"url":"https:\/\/kunmedierne.dk\/thy\/author\/llk\/"}]}},"_links":{"self":[{"href":"https:\/\/kunmedierne.dk\/thy\/wp-json\/wp\/v2\/posts\/18465","targetHints":{"allow":["GET"]}}],"collection":[{"href":"https:\/\/kunmedierne.dk\/thy\/wp-json\/wp\/v2\/posts"}],"about":[{"href":"https:\/\/kunmedierne.dk\/thy\/wp-json\/wp\/v2\/types\/post"}],"author":[{"embeddable":true,"href":"https:\/\/kunmedierne.dk\/thy\/wp-json\/wp\/v2\/users\/1925"}],"replies":[{"embeddable":true,"href":"https:\/\/kunmedierne.dk\/thy\/wp-json\/wp\/v2\/comments?post=18465"}],"version-history":[{"count":2,"href":"https:\/\/kunmedierne.dk\/thy\/wp-json\/wp\/v2\/posts\/18465\/revisions"}],"predecessor-version":[{"id":18469,"href":"https:\/\/kunmedierne.dk\/thy\/wp-json\/wp\/v2\/posts\/18465\/revisions\/18469"}],"wp:attachment":[{"href":"https:\/\/kunmedierne.dk\/thy\/wp-json\/wp\/v2\/media?parent=18465"}],"wp:term":[{"taxonomy":"category","embeddable":true,"href":"https:\/\/kunmedierne.dk\/thy\/wp-json\/wp\/v2\/categories?post=18465"},{"taxonomy":"post_tag","embeddable":true,"href":"https:\/\/kunmedierne.dk\/thy\/wp-json\/wp\/v2\/tags?post=18465"}],"curies":[{"name":"wp","href":"https:\/\/api.w.org\/{rel}","templated":true}]}}