{"id":18456,"date":"2026-03-08T08:39:52","date_gmt":"2026-03-08T07:39:52","guid":{"rendered":"https:\/\/kunmedierne.dk\/thy\/?p=18456"},"modified":"2026-03-06T15:40:14","modified_gmt":"2026-03-06T14:40:14","slug":"vilsund-mister-et-sted-med-med-historie-ingen-boern-intet-grundlag-for-en-ungdomsklub","status":"publish","type":"post","link":"https:\/\/kunmedierne.dk\/thy\/vilsund-mister-et-sted-med-med-historie-ingen-boern-intet-grundlag-for-en-ungdomsklub\/","title":{"rendered":"<span>Vilsund mister et sted med med historie: <\/span>Ingen b\u00f8rn, intet grundlag for en ungdomsklub"},"content":{"rendered":"<p><strong>VILSUND:<\/strong> Efter 45 \u00e5r er det slut for Vildsund Fritids- og Ungdomsklub, som s\u00e5 dagens lys i 1981 og siden 1983 har haft til huse i &#8220;Hyttefadet&#8221; i Vilsund. 10. marts er det slut. Her er indkaldt til ekstraordin\u00e6r generalforsamling med et punkt p\u00e5 dagsordenen: Nedl\u00e6ggelse af klubben for i stedet at videref\u00f8re &#8220;Hyttefadet&#8221; som medborgerhus.<\/p>\n<a class=\"dvrt-link\" onClick=\"cdmtrack_click(18790,jQuery(this));return false\" href=\"https:\/\/thymors.dk\/sponsorater\/15-til-faellesskabet?utm_source=kunthy&amp;utm_medium=annonce&amp;utm_campaign=sponsorater\"><img decoding=\"async\" style=\"width:100%;\" src=\"https:\/\/kunmedierne.dk\/thy\/wp-content\/uploads\/sites\/2\/2026\/03\/260407ThyMors-energi_faellesskab_generel-1.jpg\"><\/a><script>cdmtrack_view(18790);<\/script>\n<p>Forklaringen er ligetil. Der er nu s\u00e5 f\u00e5 unge i Vilsund-omr\u00e5det, at der ikke l\u00e6ngere er grundlag for for at drive klubben videre, fort\u00e6ller klubbens formand Lars Stenstrup. Men selv om klubben snart er fortid, skal &#8220;Hyttefadet&#8221; drives videre som stedet, hvor lokale aktiviteter kan udfolde sig og hvor der fortsat er plads til fester, banko og f\u00e6llesspisning akkurat som nu.<\/p>\n<p>Han fylder snart 50 \u00e5r, men var for \u00e5r tilbage en blandt de mange unge, fra lokalomr\u00e5det, der tilbage i 1980&#8217;erne og -90&#8217;erne havde klubben som et fast samlingspunkt tre gange om ugen.<\/p>\n<div id=\"attachment_18555\" style=\"width: 3233px\" class=\"wp-caption alignnone\"><img loading=\"lazy\" decoding=\"async\" aria-describedby=\"caption-attachment-18555\" class=\"wp-image-18555 size-full\" src=\"https:\/\/kunmedierne.dk\/thy\/wp-content\/uploads\/sites\/2\/2026\/03\/HyttefaDET01-kopier.jpg\" alt=\"\" width=\"3223\" height=\"2145\" srcset=\"https:\/\/kunmedierne.dk\/thy\/wp-content\/uploads\/sites\/2\/2026\/03\/HyttefaDET01-kopier.jpg 3223w, https:\/\/kunmedierne.dk\/thy\/wp-content\/uploads\/sites\/2\/2026\/03\/HyttefaDET01-kopier-300x200.jpg 300w, https:\/\/kunmedierne.dk\/thy\/wp-content\/uploads\/sites\/2\/2026\/03\/HyttefaDET01-kopier-1024x682.jpg 1024w, https:\/\/kunmedierne.dk\/thy\/wp-content\/uploads\/sites\/2\/2026\/03\/HyttefaDET01-kopier-510x339.jpg 510w\" sizes=\"auto, (max-width: 3223px) 100vw, 3223px\" \/><p id=\"caption-attachment-18555\" class=\"wp-caption-text\">Hyttefadet i Vilsund skal efter 45 \u00e5r ikke l\u00e6ngere v\u00e6re ramme om lokalt klubliv, men bygningen skal fortsat fungere som medborgerhus, hvor der er plads til fester, banko og f\u00e6llesspisning akkurat som nu. Foto: Jens Fogh-Andersen.<\/p><\/div>\n<p>&nbsp;<\/p>\n<p>&#8211; Dengang kunne vi samle 30 til 40 medlemmer. Ikke alle kom hver gang, der var \u00e5bent i klubben, men det var m\u00f8destedet. Vi kom p\u00e5 cykel eller knallert, og nogen blev ved med at komme ogs\u00e5 da de havde f\u00e5et k\u00f8rekort. Men det var dengang, vi var n\u00f8dt til at m\u00f8des for at v\u00e6re sammen socialt. Nu foreg\u00e5r det mere p\u00e5 de sociale medier, fort\u00e6ller Lars Stenstrup.<\/p>\n<a class=\"dvrt-link\" onClick=\"cdmtrack_click(4416,jQuery(this));return false\" href=\"https:\/\/sdrhaa.dk\/\"><img decoding=\"async\" style=\"width:100%;\" src=\"https:\/\/kunmedierne.dk\/thy\/wp-content\/uploads\/sites\/2\/2025\/05\/260302Din-gebyrvenlige-sparekasse_SHS_Thy-1.gif\"><\/a><script>cdmtrack_view(4416);<\/script>\n<p>For ham og mange af hans j\u00e6vnaldrende var klubben et af de steder, hvor langtidsholdbare venskaber opstod, s\u00e5 det er ikke uden nostalgi, at han erkender, at han bliver klubbens sidste formand &#8211; og kun den anden i klubbens 45 \u00e5r.<\/p>\n<p>&#8211; Selvf\u00f8lgelig er det nostalgisk at give slip, men vi kunne ikke se andre muligheder. Det skal jo ogs\u00e5 l\u00f8be rundt. Bestyrelsen er frivillig og klubben har en ansat, men det er blevet stadig sv\u00e6rere at f\u00e5 tingene til at h\u00e6nge sammen, siger Lars Stenstrup.<\/p>\n<p>Klubben lukker med et medlemstal p\u00e5 blot syv som for fleres vedkommende kommer fra et langt st\u00f8rre omr\u00e5de end der, hvor klubben oprindelig hentede sine medlemmer. Nemlig i Vilsund, Sundby, Stagstrup og G\u00e6rup &#8211; med tilh\u00f8rende opland.<\/p>\n<p>Lars Stenstrup fort\u00e6ller, at klubben i en \u00e5rr\u00e6kke har k\u00e6mpet med vigende medlemstal, men nu har bestyrelsen erkendt, at b\u00f8rnetallet i og omkring Vilsund er s\u00e5 lavt, at der ikke l\u00e6ngere er s\u00e5 mange b\u00f8rn, at det giver tro p\u00e5 fremtiden.<\/p>\n<p>&#8211; Og de b\u00f8rn, der er her, eftersp\u00f8rger ikke det, en ungdomsklub kan tilbyde. Samtidig ser vi en udvikling, hvor det ikke er b\u00f8rnefamilier, der k\u00f8ber de fleste af de huse, der s\u00e6lges, siger Lars Stenstrup.<\/p>\n<a class=\"dvrt-link\" onClick=\"cdmtrack_click(685,jQuery(this));return false\" href=\"https:\/\/wensien.dk\/begravelse\/?gad_source=1&gclid=Cj0KCQjwtJ6_BhDWARIsAGanmKcWw6hbeoepGti1oApJGHln52gMbg8EBRZ86__3P1AJZ5dcsw4ZvNEaAk7JEALw_wcB\"><img decoding=\"async\" style=\"width:100%;\" src=\"https:\/\/kunmedierne.dk\/thy\/wp-content\/uploads\/sites\/2\/2025\/03\/wensien-stenhugger.jpg\"><\/a><script>cdmtrack_view(685);<\/script>\n<p>Han fort\u00e6ller, at ordet &#8220;fritidsklub&#8221; i navnet g\u00e5r tilbage til dengang, hvor der ogs\u00e5 var et eftermiddagstilbud til de yngre \u00e5rgange i &#8220;Hyttefadet&#8221;, nemlig en fritidsklub. Den var samtidig en f\u00f8dekanal til ungdomsklubben, men det er efterh\u00e5nden nogen \u00e5r siden, den lukkede.<\/p>\n<p>Men Vildsund Fritids- og Ungdomsklub er mere end et klubtilbud, det er et stykke lokalhistorie, som der nu s\u00e6ttes punktum for.<\/p>\n<p>Efter klubbens start i 1981 manglede den et sted at v\u00e6re. En gruppe lokale foreslog, at den dengang meget fors\u00f8mte tidligere lagerbygning fra 1939 p\u00e5 Skyumvej blev k\u00f8bt og bygget om til klub og medborgerhus. I 1983 var ombygningen gennemf\u00f8rt, og siden har &#8220;Hyttefadet&#8221; v\u00e6ret ramme om b\u00e5de klubaktiviteter og fungeret som lokalt samlingssted.<\/p>\n<p>&#8211; Lige nu har jeg sv\u00e6rt ved at forestille mig, at der igen kommer en klub i huset. Det skal drives videre som medborgerhus, men der st\u00e5r en d\u00f8r p\u00e5 klem i vores vedt\u00e6gter som g\u00f8r det muligt, at starte en ny klub i &#8220;Hyttefadet&#8221;. De penge, klubben har, n\u00e5r vi nedl\u00e6gger den, skal nemlig blive st\u00e5ende i to \u00e5r, hvis der opst\u00e5r en mulighed for at \u00e5bne en ny klub, siger Lars Stenstrup.<\/p>\n<a class=\"dvrt-link\" onClick=\"cdmtrack_click(18790,jQuery(this));return false\" href=\"https:\/\/thymors.dk\/sponsorater\/15-til-faellesskabet?utm_source=kunthy&amp;utm_medium=annonce&amp;utm_campaign=sponsorater\"><img decoding=\"async\" style=\"width:100%;\" src=\"https:\/\/kunmedierne.dk\/thy\/wp-content\/uploads\/sites\/2\/2026\/03\/260407ThyMors-energi_faellesskab_generel-1.jpg\"><\/a><script>cdmtrack_view(18790);<\/script>\n<p>Den nuv\u00e6rende klub opstod, fordi lokale kr\u00e6fter ville det. Og det er lokale kr\u00e6fter, der har holdt liv i klubben i mere end fire \u00e5rtier &#8211; og gjort det vedholdende.<\/p>\n<p>Klubbens f\u00f8rste formand, den lokale ildsj\u00e6l og markante kommunalpolitiker Kristian J. Kristensen, var formand for klubben fra start og frem til sin d\u00f8d i 2016 &#8211; det seneste \u00e5r med Lars Stenstrup p\u00e5 sidelinjen.<\/p>\n<p>&#8211; Da Kristian d\u00f8de, blev jeg formand for den klub, hvor jeg selv kom som yngre &#8211; og nu bliver jeg den formand, der lukker den. Det er da lidt underligt, siger han og tilf\u00f8jer, at klubben ogs\u00e5 haft nydt godt af at have en vedholdende bestyrelse.<\/p>\n<p>&#8211; Alle har v\u00e6ret med i mange \u00e5r og har st\u00f8ttet en klub, deer blev oprettet som et samlingspunkt, hvor unge m\u00f8dtes for at v\u00e6re sammen med andre unge. Det har altid v\u00e6ret kongstanken.<\/p>\n","protected":false},"excerpt":{"rendered":"<p>VILSUND: Efter 45 \u00e5r er det slut for Vildsund Fritids- og Ungdomsklub, som s\u00e5 dagens lys i 1981 og siden 1983 har haft til huse i &#8220;Hyttefadet&#8221; i Vilsund. 10. marts er det slut. Her er indkaldt til ekstraordin\u00e6r generalforsamling med et punkt p\u00e5 dagsordenen: Nedl\u00e6ggelse af klubben for i stedet at videref\u00f8re &#8220;Hyttefadet&#8221; som [&hellip;]<\/p>\n","protected":false},"author":4535,"featured_media":0,"comment_status":"closed","ping_status":"closed","sticky":false,"template":"","format":"standard","meta":{"_acf_changed":false,"footnotes":""},"categories":[24],"tags":[67,74],"class_list":["post-18456","post","type-post","status-publish","format-standard","hentry","category-lokalt","tag-fritidstilbud","tag-ungdomsliv"],"acf":[],"yoast_head":"<!-- This site is optimized with the Yoast SEO plugin v26.8 - https:\/\/yoast.com\/product\/yoast-seo-wordpress\/ -->\n<title>Vilsund mister et sted med med historie: Ingen b\u00f8rn, intet grundlag for en ungdomsklub - Thy<\/title>\n<meta name=\"robots\" content=\"index, follow, max-snippet:-1, max-image-preview:large, max-video-preview:-1\" \/>\n<link rel=\"canonical\" href=\"https:\/\/kunmedierne.dk\/thy\/vilsund-mister-et-sted-med-med-historie-ingen-boern-intet-grundlag-for-en-ungdomsklub\/\" \/>\n<meta property=\"og:locale\" content=\"da_DK\" \/>\n<meta property=\"og:type\" content=\"article\" \/>\n<meta property=\"og:title\" content=\"Vilsund mister et sted med med historie: Ingen b\u00f8rn, intet grundlag for en ungdomsklub - Thy\" \/>\n<meta property=\"og:description\" content=\"VILSUND: Efter 45 \u00e5r er det slut for Vildsund Fritids- og Ungdomsklub, som s\u00e5 dagens lys i 1981 og siden 1983 har haft til huse i &#8220;Hyttefadet&#8221; i Vilsund. 10. marts er det slut. Her er indkaldt til ekstraordin\u00e6r generalforsamling med et punkt p\u00e5 dagsordenen: Nedl\u00e6ggelse af klubben for i stedet at videref\u00f8re &#8220;Hyttefadet&#8221; som [&hellip;]\" \/>\n<meta property=\"og:url\" content=\"https:\/\/kunmedierne.dk\/thy\/vilsund-mister-et-sted-med-med-historie-ingen-boern-intet-grundlag-for-en-ungdomsklub\/\" \/>\n<meta property=\"og:site_name\" content=\"Thy\" \/>\n<meta property=\"article:published_time\" content=\"2026-03-08T07:39:52+00:00\" \/>\n<meta property=\"og:image\" content=\"https:\/\/kunmedierne.dk\/thy\/wp-content\/uploads\/sites\/2\/2026\/03\/HyttefaDET01-kopier.jpg\" \/>\n<meta name=\"author\" content=\"Jens Fogh Andersen\" \/>\n<meta name=\"twitter:card\" content=\"summary_large_image\" \/>\n<meta name=\"twitter:label1\" content=\"Skrevet af\" \/>\n\t<meta name=\"twitter:data1\" content=\"Jens Fogh Andersen\" \/>\n\t<meta name=\"twitter:label2\" content=\"Estimeret l\u00e6setid\" \/>\n\t<meta name=\"twitter:data2\" content=\"5 minutter\" \/>\n<script type=\"application\/ld+json\" class=\"yoast-schema-graph\">{\"@context\":\"https:\/\/schema.org\",\"@graph\":[{\"@type\":\"Article\",\"@id\":\"https:\/\/kunmedierne.dk\/thy\/vilsund-mister-et-sted-med-med-historie-ingen-boern-intet-grundlag-for-en-ungdomsklub\/#article\",\"isPartOf\":{\"@id\":\"https:\/\/kunmedierne.dk\/thy\/vilsund-mister-et-sted-med-med-historie-ingen-boern-intet-grundlag-for-en-ungdomsklub\/\"},\"author\":{\"name\":\"Jens Fogh Andersen\",\"@id\":\"https:\/\/kunmedierne.dk\/thy\/#\/schema\/person\/88f5be46809ca2a5533760eb574fef93\"},\"headline\":\"Vilsund mister et sted med med historie: Ingen b\u00f8rn, intet grundlag for en ungdomsklub\",\"datePublished\":\"2026-03-08T07:39:52+00:00\",\"mainEntityOfPage\":{\"@id\":\"https:\/\/kunmedierne.dk\/thy\/vilsund-mister-et-sted-med-med-historie-ingen-boern-intet-grundlag-for-en-ungdomsklub\/\"},\"wordCount\":881,\"publisher\":{\"@id\":\"https:\/\/kunmedierne.dk\/thy\/#organization\"},\"image\":{\"@id\":\"https:\/\/kunmedierne.dk\/thy\/vilsund-mister-et-sted-med-med-historie-ingen-boern-intet-grundlag-for-en-ungdomsklub\/#primaryimage\"},\"thumbnailUrl\":\"https:\/\/kunmedierne.dk\/thy\/wp-content\/uploads\/sites\/2\/2026\/03\/HyttefaDET01-kopier.jpg\",\"keywords\":[\"Fritidstilbud\",\"Ungdomsliv\"],\"articleSection\":[\"Lokalt\"],\"inLanguage\":\"da-DK\"},{\"@type\":\"WebPage\",\"@id\":\"https:\/\/kunmedierne.dk\/thy\/vilsund-mister-et-sted-med-med-historie-ingen-boern-intet-grundlag-for-en-ungdomsklub\/\",\"url\":\"https:\/\/kunmedierne.dk\/thy\/vilsund-mister-et-sted-med-med-historie-ingen-boern-intet-grundlag-for-en-ungdomsklub\/\",\"name\":\"Vilsund mister et sted med med historie: Ingen b\u00f8rn, intet grundlag for en ungdomsklub - Thy\",\"isPartOf\":{\"@id\":\"https:\/\/kunmedierne.dk\/thy\/#website\"},\"primaryImageOfPage\":{\"@id\":\"https:\/\/kunmedierne.dk\/thy\/vilsund-mister-et-sted-med-med-historie-ingen-boern-intet-grundlag-for-en-ungdomsklub\/#primaryimage\"},\"image\":{\"@id\":\"https:\/\/kunmedierne.dk\/thy\/vilsund-mister-et-sted-med-med-historie-ingen-boern-intet-grundlag-for-en-ungdomsklub\/#primaryimage\"},\"thumbnailUrl\":\"https:\/\/kunmedierne.dk\/thy\/wp-content\/uploads\/sites\/2\/2026\/03\/HyttefaDET01-kopier.jpg\",\"datePublished\":\"2026-03-08T07:39:52+00:00\",\"breadcrumb\":{\"@id\":\"https:\/\/kunmedierne.dk\/thy\/vilsund-mister-et-sted-med-med-historie-ingen-boern-intet-grundlag-for-en-ungdomsklub\/#breadcrumb\"},\"inLanguage\":\"da-DK\",\"potentialAction\":[{\"@type\":\"ReadAction\",\"target\":[\"https:\/\/kunmedierne.dk\/thy\/vilsund-mister-et-sted-med-med-historie-ingen-boern-intet-grundlag-for-en-ungdomsklub\/\"]}]},{\"@type\":\"ImageObject\",\"inLanguage\":\"da-DK\",\"@id\":\"https:\/\/kunmedierne.dk\/thy\/vilsund-mister-et-sted-med-med-historie-ingen-boern-intet-grundlag-for-en-ungdomsklub\/#primaryimage\",\"url\":\"https:\/\/kunmedierne.dk\/thy\/wp-content\/uploads\/sites\/2\/2026\/03\/HyttefaDET01-kopier.jpg\",\"contentUrl\":\"https:\/\/kunmedierne.dk\/thy\/wp-content\/uploads\/sites\/2\/2026\/03\/HyttefaDET01-kopier.jpg\",\"width\":3223,\"height\":2145,\"caption\":\"Hyttefadet, Voil\u00e6sund Foto: Jemns Fogh-Andersen 060326\"},{\"@type\":\"BreadcrumbList\",\"@id\":\"https:\/\/kunmedierne.dk\/thy\/vilsund-mister-et-sted-med-med-historie-ingen-boern-intet-grundlag-for-en-ungdomsklub\/#breadcrumb\",\"itemListElement\":[{\"@type\":\"ListItem\",\"position\":1,\"name\":\"Home\",\"item\":\"https:\/\/kunmedierne.dk\/thy\/\"},{\"@type\":\"ListItem\",\"position\":2,\"name\":\"Vilsund mister et sted med med historie: Ingen b\u00f8rn, intet grundlag for en ungdomsklub\"}]},{\"@type\":\"WebSite\",\"@id\":\"https:\/\/kunmedierne.dk\/thy\/#website\",\"url\":\"https:\/\/kunmedierne.dk\/thy\/\",\"name\":\"Thy\",\"description\":\"et netmedie med journalistik om livet i Thy\",\"publisher\":{\"@id\":\"https:\/\/kunmedierne.dk\/thy\/#organization\"},\"potentialAction\":[{\"@type\":\"SearchAction\",\"target\":{\"@type\":\"EntryPoint\",\"urlTemplate\":\"https:\/\/kunmedierne.dk\/thy\/?s={search_term_string}\"},\"query-input\":{\"@type\":\"PropertyValueSpecification\",\"valueRequired\":true,\"valueName\":\"search_term_string\"}}],\"inLanguage\":\"da-DK\"},{\"@type\":\"Organization\",\"@id\":\"https:\/\/kunmedierne.dk\/thy\/#organization\",\"name\":\"Thy\",\"url\":\"https:\/\/kunmedierne.dk\/thy\/\",\"logo\":{\"@type\":\"ImageObject\",\"inLanguage\":\"da-DK\",\"@id\":\"https:\/\/kunmedierne.dk\/thy\/#\/schema\/logo\/image\/\",\"url\":\"https:\/\/kunmedierne.dk\/thy\/wp-content\/uploads\/sites\/2\/2025\/04\/kunthy-logo.svg\",\"contentUrl\":\"https:\/\/kunmedierne.dk\/thy\/wp-content\/uploads\/sites\/2\/2025\/04\/kunthy-logo.svg\",\"caption\":\"Thy\"},\"image\":{\"@id\":\"https:\/\/kunmedierne.dk\/thy\/#\/schema\/logo\/image\/\"}},{\"@type\":\"Person\",\"@id\":\"https:\/\/kunmedierne.dk\/thy\/#\/schema\/person\/88f5be46809ca2a5533760eb574fef93\",\"name\":\"Jens Fogh Andersen\",\"image\":{\"@type\":\"ImageObject\",\"inLanguage\":\"da-DK\",\"@id\":\"https:\/\/kunmedierne.dk\/thy\/#\/schema\/person\/image\/\",\"url\":\"https:\/\/secure.gravatar.com\/avatar\/2b367a4ef139b1c41dccc9ee7af926b81f8b4cca3359772e86c7fd5ced26c0a3?s=96&d=mm&r=g\",\"contentUrl\":\"https:\/\/secure.gravatar.com\/avatar\/2b367a4ef139b1c41dccc9ee7af926b81f8b4cca3359772e86c7fd5ced26c0a3?s=96&d=mm&r=g\",\"caption\":\"Jens Fogh Andersen\"},\"url\":\"https:\/\/kunmedierne.dk\/thy\/author\/jfa\/\"}]}<\/script>\n<!-- \/ Yoast SEO plugin. -->","yoast_head_json":{"title":"Vilsund mister et sted med med historie: Ingen b\u00f8rn, intet grundlag for en ungdomsklub - Thy","robots":{"index":"index","follow":"follow","max-snippet":"max-snippet:-1","max-image-preview":"max-image-preview:large","max-video-preview":"max-video-preview:-1"},"canonical":"https:\/\/kunmedierne.dk\/thy\/vilsund-mister-et-sted-med-med-historie-ingen-boern-intet-grundlag-for-en-ungdomsklub\/","og_locale":"da_DK","og_type":"article","og_title":"Vilsund mister et sted med med historie: Ingen b\u00f8rn, intet grundlag for en ungdomsklub - Thy","og_description":"VILSUND: Efter 45 \u00e5r er det slut for Vildsund Fritids- og Ungdomsklub, som s\u00e5 dagens lys i 1981 og siden 1983 har haft til huse i &#8220;Hyttefadet&#8221; i Vilsund. 10. marts er det slut. Her er indkaldt til ekstraordin\u00e6r generalforsamling med et punkt p\u00e5 dagsordenen: Nedl\u00e6ggelse af klubben for i stedet at videref\u00f8re &#8220;Hyttefadet&#8221; som [&hellip;]","og_url":"https:\/\/kunmedierne.dk\/thy\/vilsund-mister-et-sted-med-med-historie-ingen-boern-intet-grundlag-for-en-ungdomsklub\/","og_site_name":"Thy","article_published_time":"2026-03-08T07:39:52+00:00","og_image":[{"url":"https:\/\/kunmedierne.dk\/thy\/wp-content\/uploads\/sites\/2\/2026\/03\/HyttefaDET01-kopier.jpg","type":"","width":"","height":""}],"author":"Jens Fogh Andersen","twitter_card":"summary_large_image","twitter_misc":{"Skrevet af":"Jens Fogh Andersen","Estimeret l\u00e6setid":"5 minutter"},"schema":{"@context":"https:\/\/schema.org","@graph":[{"@type":"Article","@id":"https:\/\/kunmedierne.dk\/thy\/vilsund-mister-et-sted-med-med-historie-ingen-boern-intet-grundlag-for-en-ungdomsklub\/#article","isPartOf":{"@id":"https:\/\/kunmedierne.dk\/thy\/vilsund-mister-et-sted-med-med-historie-ingen-boern-intet-grundlag-for-en-ungdomsklub\/"},"author":{"name":"Jens Fogh Andersen","@id":"https:\/\/kunmedierne.dk\/thy\/#\/schema\/person\/88f5be46809ca2a5533760eb574fef93"},"headline":"Vilsund mister et sted med med historie: Ingen b\u00f8rn, intet grundlag for en ungdomsklub","datePublished":"2026-03-08T07:39:52+00:00","mainEntityOfPage":{"@id":"https:\/\/kunmedierne.dk\/thy\/vilsund-mister-et-sted-med-med-historie-ingen-boern-intet-grundlag-for-en-ungdomsklub\/"},"wordCount":881,"publisher":{"@id":"https:\/\/kunmedierne.dk\/thy\/#organization"},"image":{"@id":"https:\/\/kunmedierne.dk\/thy\/vilsund-mister-et-sted-med-med-historie-ingen-boern-intet-grundlag-for-en-ungdomsklub\/#primaryimage"},"thumbnailUrl":"https:\/\/kunmedierne.dk\/thy\/wp-content\/uploads\/sites\/2\/2026\/03\/HyttefaDET01-kopier.jpg","keywords":["Fritidstilbud","Ungdomsliv"],"articleSection":["Lokalt"],"inLanguage":"da-DK"},{"@type":"WebPage","@id":"https:\/\/kunmedierne.dk\/thy\/vilsund-mister-et-sted-med-med-historie-ingen-boern-intet-grundlag-for-en-ungdomsklub\/","url":"https:\/\/kunmedierne.dk\/thy\/vilsund-mister-et-sted-med-med-historie-ingen-boern-intet-grundlag-for-en-ungdomsklub\/","name":"Vilsund mister et sted med med historie: Ingen b\u00f8rn, intet grundlag for en ungdomsklub - Thy","isPartOf":{"@id":"https:\/\/kunmedierne.dk\/thy\/#website"},"primaryImageOfPage":{"@id":"https:\/\/kunmedierne.dk\/thy\/vilsund-mister-et-sted-med-med-historie-ingen-boern-intet-grundlag-for-en-ungdomsklub\/#primaryimage"},"image":{"@id":"https:\/\/kunmedierne.dk\/thy\/vilsund-mister-et-sted-med-med-historie-ingen-boern-intet-grundlag-for-en-ungdomsklub\/#primaryimage"},"thumbnailUrl":"https:\/\/kunmedierne.dk\/thy\/wp-content\/uploads\/sites\/2\/2026\/03\/HyttefaDET01-kopier.jpg","datePublished":"2026-03-08T07:39:52+00:00","breadcrumb":{"@id":"https:\/\/kunmedierne.dk\/thy\/vilsund-mister-et-sted-med-med-historie-ingen-boern-intet-grundlag-for-en-ungdomsklub\/#breadcrumb"},"inLanguage":"da-DK","potentialAction":[{"@type":"ReadAction","target":["https:\/\/kunmedierne.dk\/thy\/vilsund-mister-et-sted-med-med-historie-ingen-boern-intet-grundlag-for-en-ungdomsklub\/"]}]},{"@type":"ImageObject","inLanguage":"da-DK","@id":"https:\/\/kunmedierne.dk\/thy\/vilsund-mister-et-sted-med-med-historie-ingen-boern-intet-grundlag-for-en-ungdomsklub\/#primaryimage","url":"https:\/\/kunmedierne.dk\/thy\/wp-content\/uploads\/sites\/2\/2026\/03\/HyttefaDET01-kopier.jpg","contentUrl":"https:\/\/kunmedierne.dk\/thy\/wp-content\/uploads\/sites\/2\/2026\/03\/HyttefaDET01-kopier.jpg","width":3223,"height":2145,"caption":"Hyttefadet, Voil\u00e6sund Foto: Jemns Fogh-Andersen 060326"},{"@type":"BreadcrumbList","@id":"https:\/\/kunmedierne.dk\/thy\/vilsund-mister-et-sted-med-med-historie-ingen-boern-intet-grundlag-for-en-ungdomsklub\/#breadcrumb","itemListElement":[{"@type":"ListItem","position":1,"name":"Home","item":"https:\/\/kunmedierne.dk\/thy\/"},{"@type":"ListItem","position":2,"name":"Vilsund mister et sted med med historie: Ingen b\u00f8rn, intet grundlag for en ungdomsklub"}]},{"@type":"WebSite","@id":"https:\/\/kunmedierne.dk\/thy\/#website","url":"https:\/\/kunmedierne.dk\/thy\/","name":"Thy","description":"et netmedie med journalistik om livet i Thy","publisher":{"@id":"https:\/\/kunmedierne.dk\/thy\/#organization"},"potentialAction":[{"@type":"SearchAction","target":{"@type":"EntryPoint","urlTemplate":"https:\/\/kunmedierne.dk\/thy\/?s={search_term_string}"},"query-input":{"@type":"PropertyValueSpecification","valueRequired":true,"valueName":"search_term_string"}}],"inLanguage":"da-DK"},{"@type":"Organization","@id":"https:\/\/kunmedierne.dk\/thy\/#organization","name":"Thy","url":"https:\/\/kunmedierne.dk\/thy\/","logo":{"@type":"ImageObject","inLanguage":"da-DK","@id":"https:\/\/kunmedierne.dk\/thy\/#\/schema\/logo\/image\/","url":"https:\/\/kunmedierne.dk\/thy\/wp-content\/uploads\/sites\/2\/2025\/04\/kunthy-logo.svg","contentUrl":"https:\/\/kunmedierne.dk\/thy\/wp-content\/uploads\/sites\/2\/2025\/04\/kunthy-logo.svg","caption":"Thy"},"image":{"@id":"https:\/\/kunmedierne.dk\/thy\/#\/schema\/logo\/image\/"}},{"@type":"Person","@id":"https:\/\/kunmedierne.dk\/thy\/#\/schema\/person\/88f5be46809ca2a5533760eb574fef93","name":"Jens Fogh Andersen","image":{"@type":"ImageObject","inLanguage":"da-DK","@id":"https:\/\/kunmedierne.dk\/thy\/#\/schema\/person\/image\/","url":"https:\/\/secure.gravatar.com\/avatar\/2b367a4ef139b1c41dccc9ee7af926b81f8b4cca3359772e86c7fd5ced26c0a3?s=96&d=mm&r=g","contentUrl":"https:\/\/secure.gravatar.com\/avatar\/2b367a4ef139b1c41dccc9ee7af926b81f8b4cca3359772e86c7fd5ced26c0a3?s=96&d=mm&r=g","caption":"Jens Fogh Andersen"},"url":"https:\/\/kunmedierne.dk\/thy\/author\/jfa\/"}]}},"_links":{"self":[{"href":"https:\/\/kunmedierne.dk\/thy\/wp-json\/wp\/v2\/posts\/18456","targetHints":{"allow":["GET"]}}],"collection":[{"href":"https:\/\/kunmedierne.dk\/thy\/wp-json\/wp\/v2\/posts"}],"about":[{"href":"https:\/\/kunmedierne.dk\/thy\/wp-json\/wp\/v2\/types\/post"}],"author":[{"embeddable":true,"href":"https:\/\/kunmedierne.dk\/thy\/wp-json\/wp\/v2\/users\/4535"}],"replies":[{"embeddable":true,"href":"https:\/\/kunmedierne.dk\/thy\/wp-json\/wp\/v2\/comments?post=18456"}],"version-history":[{"count":8,"href":"https:\/\/kunmedierne.dk\/thy\/wp-json\/wp\/v2\/posts\/18456\/revisions"}],"predecessor-version":[{"id":18560,"href":"https:\/\/kunmedierne.dk\/thy\/wp-json\/wp\/v2\/posts\/18456\/revisions\/18560"}],"wp:attachment":[{"href":"https:\/\/kunmedierne.dk\/thy\/wp-json\/wp\/v2\/media?parent=18456"}],"wp:term":[{"taxonomy":"category","embeddable":true,"href":"https:\/\/kunmedierne.dk\/thy\/wp-json\/wp\/v2\/categories?post=18456"},{"taxonomy":"post_tag","embeddable":true,"href":"https:\/\/kunmedierne.dk\/thy\/wp-json\/wp\/v2\/tags?post=18456"}],"curies":[{"name":"wp","href":"https:\/\/api.w.org\/{rel}","templated":true}]}}